{"id":8202,"date":"2025-06-15T15:17:44","date_gmt":"2025-06-15T13:17:44","guid":{"rendered":"https:\/\/vieassociative.be\/actualites\/votre-ancien-iphone-pourrait-ne-pas-executer-ces-nouvelles-fonctionnalites-ios-26\/"},"modified":"2025-06-15T15:17:44","modified_gmt":"2025-06-15T13:17:44","slug":"votre-ancien-iphone-pourrait-ne-pas-executer-ces-nouvelles-fonctionnalites-ios-26","status":"publish","type":"post","link":"https:\/\/vieassociative.be\/actualites\/votre-ancien-iphone-pourrait-ne-pas-executer-ces-nouvelles-fonctionnalites-ios-26\/","title":{"rendered":"Votre ancien iPhone pourrait ne pas ex\u00e9cuter ces nouvelles fonctionnalit\u00e9s iOS 26"},"content":{"rendered":"<div class=\"mt-4 leading-6 md:mb-8\">Votre ancien iPhone n&rsquo;ex\u00e9cutera pas ces nouvelles fonctionnalit\u00e9s.<\/div>\n<p><\/p>\n<p>Apple a annonc\u00e9 une tonne de nouvelles fonctionnalit\u00e9s et changements sur ses produits lors du grand \u00e9v\u00e9nement WWDC 2025 de la soci\u00e9t\u00e9. IOS 26, en particulier, est plein de mises \u00e0 jour, avec une longue liste d&rsquo;iPhones qui prennent en charge la derni\u00e8re mise \u00e0 jour. Cependant, certaines de ces nouvelles fonctionnalit\u00e9s ne fonctionneront que sur des iPhones plus r\u00e9cents. M\u00eame si votre iPhone peut mettre \u00e0 jour iOS 26, vous pourriez manquer l&rsquo;exp\u00e9rience compl\u00e8te. <\/p>\n<p>La plupart des fonctionnalit\u00e9s de cette liste sont aliment\u00e9es par Apple Intelligence, la suite de fonctionnalit\u00e9s d&rsquo;IA g\u00e9n\u00e9ratrices d&rsquo;Apple. En l&rsquo;occurrence, Apple Intelligence n\u00e9cessite un iPhone 15 Pro ou plus r\u00e9cent pour fonctionner. Cela comprend, bien s\u00fbr, l&rsquo;iPhone 15 Pro Max, mais aussi l&rsquo;iPhone 16, 16 Plus, 16 Pro et 16 Pro Max. Si vous n&rsquo;avez pas l&rsquo;un de ces six t\u00e9l\u00e9phones, vous ne pouvez pas utiliser de fonctionnalit\u00e9s d&rsquo;Apple Intelligence &#8211; tous les deux existants publi\u00e9s tout au long de l&rsquo;\u00e8re iOS 18, ainsi que toutes les nouvelles fonctionnalit\u00e9s de iOS 26. C&rsquo;est un peu d\u00e9routant, car il y a beaucoup d&rsquo;iPhones qui peuvent ex\u00e9cuter iOS 26 qui <em>ne pas<\/em> Ces iPhones &#8211; en gros iPhone 11 et plus r\u00e9cents &#8211; mais c&rsquo;est ainsi qu&rsquo;Apple le veut malheureusement.<\/p>\n<p>Voici ce que vous manquez si vous n&rsquo;avez pas d&rsquo;iPhone plus r\u00e9cent:<\/p>\n<h2 id=\"live-translation\">Traduction en direct<\/h2>\n<p>Les fonctionnalit\u00e9s de traduction en direct d&rsquo;Apple pour iOS 26, iPados 26 et MacOS Tahoe semblent super. La traduction en direct utilise l&rsquo;IA pour traduire \u00e0 la fois le texte et l&rsquo;audio en temps r\u00e9el sur diverses applications et services. Ainsi, vous pouvez voir des traductions appara\u00eetre \u00e0 c\u00f4t\u00e9 des messages envoy\u00e9s dans une langue que vous ne pouvez pas lire, ou entendre des traductions lors d&rsquo;un appel avec quelqu&rsquo;un qui parle une langue que vous ne comprenez pas.   <\/p>\n<h2 id=\"visual-intelligence\">Intelligence visuelle <\/h2>\n<p>L&rsquo;intelligence visuelle elle-m\u00eame n&rsquo;est pas nouvelle cette ann\u00e9e. La fonctionnalit\u00e9 d&rsquo;Apple Intelligence a fait ses d\u00e9buts avec iOS 18.2 et permet \u00e0 l&rsquo;IA d&rsquo;Apple d&rsquo;analyser quoi que ce soit dans votre flux de cam\u00e9ras. La fonctionnalit\u00e9 a commenc\u00e9 comme une exclusivit\u00e9 iPhone 16, mais Apple l&rsquo;a \u00e9galement apport\u00e9 \u00e0 15 mod\u00e8les Pro et 15 Pro Max.<\/p>\n<p>Avec iOS 26, Visual Intelligence est d\u00e9sormais en mesure d&rsquo;analyser \u00e9galement le contenu de l&rsquo;\u00e9cran de votre iPhone, via des captures d&rsquo;\u00e9cran. En plus de pointer votre appareil photo sur quelque chose pour que l&rsquo;intelligence visuelle \u00e0 analyser, vous pouvez prendre une capture d&rsquo;\u00e9cran et l&rsquo;IA pourra traiter son contenu.<\/p>\n<h2 id=\"lens-cleaning-alert\">Alerte de nettoyage des lentilles<\/h2>\n<p>C&rsquo;est toujours une d\u00e9ception lorsque vous passez la journ\u00e9e \u00e0 prendre des photos sur votre t\u00e9l\u00e9phone, seulement pour remarquer lorsque vous \u00eates \u00e0 la maison que ces photos sont sorties impatientes &#8211; tout parce que votre appareil photo \u00e9tait sale.<\/p>\n<p>IOS 26 a une fonction (vraisemblablement aliment\u00e9e par Ai) pour r\u00e9soudre ce probl\u00e8me. Apple n&rsquo;a pas annonc\u00e9 celui-ci, mais les testeurs b\u00eata ont d\u00e9couvert que lorsque l&rsquo;appareil photo est sale, la nouvelle application de cam\u00e9ra vous avertit maintenant de nettoyer l&rsquo;objectif avant de prendre une photo.  <\/p>\n<h2 id=\"genmoji-and-image-playground\">Genmoji et Image Playground<\/h2>\n<p>Genmoji et Image Playground obtiennent des mises \u00e0 jour avec iOS 26 &#8211; les fonctionnalit\u00e9s de l&rsquo;IA ont \u00e9t\u00e9 d\u00e9ploy\u00e9es l&rsquo;ann\u00e9e derni\u00e8re, vous permettant de g\u00e9n\u00e9rer des emojis et des images avec des invites textuelles.<\/p>\n<p>Cette ann\u00e9e, Apple ajoute la possibilit\u00e9 de m\u00e9langer diff\u00e9rents Genmoji et Emoji pour cr\u00e9er de nouvelles ic\u00f4nes, qui pr\u00e9sente une fonctionnalit\u00e9 de cuisine \u00e0 emoji \u00e0 l&rsquo;iPhone. De plus, Image Playground vous permet maintenant d&rsquo;ajouter des styles Chatgpt, comme l&rsquo;anime, la peinture \u00e0 l&rsquo;huile et l&rsquo;aquarelle, \u00e0 vos g\u00e9n\u00e9rations. <\/p>\n<h2 id=\"ai-integrated-shortcuts\">Raccourcis int\u00e9gr\u00e9s en AI<\/h2>\n<p>Shortcuts est disponible sur tous les iPhones depuis iOS 12, mais avec iOS 26, Apple int\u00e8gre les fonctionnalit\u00e9s d&rsquo;IA \u00e0 l&rsquo;outil d&rsquo;automatisation. Ces raccourcis vous permettront de r\u00e9sumer du texte, de g\u00e9n\u00e9rer des images ou d&rsquo;utiliser des mod\u00e8les d&rsquo;Apple Intelligence pour alimenter vos raccourcis.<\/p>\n<div class=\"pogoClear relative my-10 border-b-(1.5px) border-t-(1.5px) border-dashed border-black py-5 sm:my-14 sm:border-0 sm:py-0\" data-ga-click data-ga-template=\"News\" data-ga-module=\"openweb_widget\" data-ga-element=\"openweb_scroll\" data-ga-item=\"openweb_scroll_midpage\" x-data=\"{\n         commentsCount: null,\n         hasComments: false,\n         async fetchCommentsCount() {\n             try {\n                 if (window.openweb &amp;&amp; typeof window.openweb.getMessagesCount === 'function') {\n                     this.commentsCount = await window.openweb.getMessagesCount('01JXMXFDDHVC10TFE09XJ2P2AR');\n                     this.hasComments = this.commentsCount !== null &amp;&amp; this.commentsCount &gt; 0;\n                 }\n             } catch (e) {\n                 console.warn('Failed to fetch comment count:', e);\n             }\n         }\n     }\" x-init=\"fetchCommentsCount()\" x-cloak><\/p>\n<div class=\"absolute top-1\/2 hidden w-full -translate-y-1\/2 border-t-(1.5px) border-dashed border-black sm:block\"><\/div>\n<div class=\"relative flex justify-center\">\n<div class=\"flex max-w-fit items-center gap-x-3 bg-white px-5\">\n<div class=\"relative\">\n                <span class=\"absolute left-1\/2 top-1\/2 -translate-x-1\/2 -translate-y-1\/2 font-akshar text-sm font-medium text-black\" aria-live=\"polite\" x-show=\"hasComments\" x-text=\"commentsCount\"><\/span><\/p>\n<p>                <svg class=\"h-8 w-8 text-black\" role=\"img\" aria-hidden=\"true\">\n                    <use href=\"http:\/\/lifehacker.com\/images\/icons\/spritemap.svg#sprite-chat-bubble\"><\/use>\n                <\/svg>\n            <\/div>\n<p>            <span class=\"text-sm font-medium text-black\"><\/p>\n<p>                Que pensez-vous jusqu&rsquo;\u00e0 pr\u00e9sent?<br \/>\n                <button class=\"ml-1 font-semibold text-brand-green underline hover:text-brand-green-700\" type=\"button\" aria-label=\"Comment section trigger\" onclick=\"window.openweb.scrollToComments('01JXMXFDDHVC10TFE09XJ2P2AR')\" x-text=\"hasComments ? 'Post a comment.' : 'Be the first to post a comment.'\"><\/button><br \/>\n            <\/span>\n        <\/div>\n<\/p><\/div>\n<\/div>\n<p>Si votre iPhone ne peut pas acc\u00e9der aux outils d&rsquo;IA, vous ne ressentirez probablement pas beaucoup l&rsquo;absence de ces mises \u00e0 niveau. <\/p>\n<h2 id=\"messages-features\">Messages Caract\u00e9ristiques<\/h2>\n<p>Les messages obtiennent de nouvelles fonctionnalit\u00e9s utiles cette ann\u00e9e. Deux fonctionnalit\u00e9s cl\u00e9s sont les sondages et les arri\u00e8re-plans: vous pourrez faire des sondages pour r\u00e9pondre \u00e0 vos amis et \u00e0 votre famille, et choisir parmi une s\u00e9lection de plans d&rsquo;arri\u00e8re-plan pour vos chats. D&rsquo;autres applications de chat ont ces fonctionnalit\u00e9s depuis des ann\u00e9es, bien s\u00fbr, mais c&rsquo;est cool qu&rsquo;ils sont enfin dans l&rsquo;application Messages &#8211;<em>et<\/em> Les deux sont compatibles avec tous les iPhones ex\u00e9cutant iOS 26.<\/p>\n<p>Cela dit, chaque fonctionnalit\u00e9 a des int\u00e9grations d&rsquo;IA qui ne fonctionneront que sur l&rsquo;iPhone 15 Pro et plus r\u00e9centes. Premi\u00e8rement, les sondages: En plus de choisir vos propres questions de sondage, les nouveaux propri\u00e9taires d&rsquo;iPhone verront \u00e9galement des suggestions de sondage g\u00e9n\u00e9r\u00e9es par l&rsquo;IA. (Je ne sais pas tout \u00e0 fait pourquoi vous voudriez cela, mais c&rsquo;est l\u00e0.) \u00c0 mon avis, la fonction d&rsquo;IA des ant\u00e9c\u00e9dents est plus utile, car vous pouvez utiliser Apple Intelligence pour g\u00e9n\u00e9rer un arri\u00e8re-plan pour vos chats. Je pr\u00e9f\u00e9rerais choisir ma propre image pour d\u00e9finir comme arri\u00e8re-plan, mais cela ouvre au moins les possibilit\u00e9s d&rsquo;arri\u00e8re-plan.    <\/p>\n<h2 id=\"reminders\">Rappels<\/h2>\n<p>Si vous avez l&rsquo;un de ces iPhones compatible avec Apple Intelligence, vous remarquerez que iOS 26 sugg\u00e8re de nouveaux rappels en fonction du contenu de vos messages et e-mails. Si vous discutez avec votre colocataire d&rsquo;avoir besoin d&rsquo;acheter plus de caf\u00e9, par exemple, vous pourriez voir un rappel sugg\u00e9r\u00e9 pour l&rsquo;ajouter \u00e0 votre liste d&rsquo;\u00e9picerie. <\/p>\n<p>De plus, iOS 26 classera les listes de t\u00e2ches pour vous en utilisant Apple Intelligence. Il y a un nouveau param\u00e8tre \u00ab\u00a0Auto-Catemorize\u00a0\u00bb, avec un logo Apple Intelligence, si vous souhaitez externaliser cette t\u00e2che \u00e0 AI d&rsquo;Apple.<\/p>\n<h2 id=\"apple-wallet\">Portefeuille de pommes<\/h2>\n<p>Sur l&rsquo;iPhone 15 Pro et plus r\u00e9cent, iOS 26 utilisera l&rsquo;IA pour retirer automatiquement les donn\u00e9es de vos e-mails pour vous montrer le suivi des commandes \u00e0 jour dans le portefeuille. L&rsquo;application a d\u00e9j\u00e0 une prise en charge non AI pour le suivi des commandes, mais elle n&rsquo;est pas particuli\u00e8rement utilis\u00e9e par les magasins et les commer\u00e7ants.<\/p>\n<h2 id=\"lock-screen\">\u00c9cran de verrouillage<\/h2>\n<p>iOS 26 a exactement une fonction non non AI qui n&rsquo;est pas prise en charge sur tous les appareils compatibles: l&rsquo;\u00e9cran de verrouillage a un nouvel effet 3D qui ajuste automatiquement la taille et la position du temps en fonction de la photo que vous choisissez, en priorisant le sujet de la photo. Il est soign\u00e9 et ne fonctionne que sur l&rsquo;iPhone 12 ou plus r\u00e9cent. Si vous avez un iPhone 11, vous n&rsquo;avez pas de chance.  <\/p>\n","protected":false},"excerpt":{"rendered":"<p>Votre ancien iPhone n&rsquo;ex\u00e9cutera pas ces nouvelles fonctionnalit\u00e9s. Apple a annonc\u00e9 une tonne de nouvelles fonctionnalit\u00e9s et changements sur ses produits lors du grand \u00e9v\u00e9nement<\/p>\n","protected":false},"author":1,"featured_media":8203,"comment_status":"","ping_status":"","sticky":false,"template":"","format":"standard","meta":{"footnotes":""},"categories":[13],"tags":[2252,248,7419,1216,21,652,1215,126,1041,8],"class_list":["post-8202","post","type-post","status-publish","format-standard","has-post-thumbnail","hentry","category-technologie","tag-ancien","tag-ces","tag-executer","tag-fonctionnalites","tag-ios","tag-iphone","tag-nouvelles","tag-pas","tag-pourrait","tag-votre","generate-columns","tablet-grid-50","mobile-grid-100","grid-parent","grid-33"],"yoast_head":"<!-- This site is optimized with the Yoast SEO plugin v24.0 - https:\/\/yoast.com\/wordpress\/plugins\/seo\/ -->\n<title>Votre ancien iPhone pourrait ne pas ex\u00e9cuter ces nouvelles fonctionnalit\u00e9s iOS 26 | Vie Associative<\/title>\n<meta name=\"robots\" content=\"index, follow, max-snippet:-1, max-image-preview:large, max-video-preview:-1\" \/>\n<link rel=\"canonical\" href=\"https:\/\/vieassociative.be\/actualites\/votre-ancien-iphone-pourrait-ne-pas-executer-ces-nouvelles-fonctionnalites-ios-26\/\" \/>\n<meta property=\"og:locale\" content=\"fr_FR\" \/>\n<meta property=\"og:type\" content=\"article\" \/>\n<meta property=\"og:title\" content=\"Votre ancien iPhone pourrait ne pas ex\u00e9cuter ces nouvelles fonctionnalit\u00e9s iOS 26 | Vie Associative\" \/>\n<meta property=\"og:description\" content=\"Votre ancien iPhone n&rsquo;ex\u00e9cutera pas ces nouvelles fonctionnalit\u00e9s. Apple a annonc\u00e9 une tonne de nouvelles fonctionnalit\u00e9s et changements sur ses produits lors du grand \u00e9v\u00e9nement\" \/>\n<meta property=\"og:url\" content=\"https:\/\/vieassociative.be\/actualites\/votre-ancien-iphone-pourrait-ne-pas-executer-ces-nouvelles-fonctionnalites-ios-26\/\" \/>\n<meta property=\"og:site_name\" content=\"Vie Associative\" \/>\n<meta property=\"article:published_time\" content=\"2025-06-15T13:17:44+00:00\" \/>\n<meta property=\"og:image\" content=\"https:\/\/vieassociative.be\/actualites\/wp-content\/uploads\/2024\/09\/header_backgroundk-01-e1726694325946.png\" \/>\n\t<meta property=\"og:image:width\" content=\"279\" \/>\n\t<meta property=\"og:image:height\" content=\"92\" \/>\n\t<meta property=\"og:image:type\" content=\"image\/png\" \/>\n<meta name=\"author\" content=\"Julien\" \/>\n<meta name=\"twitter:card\" content=\"summary_large_image\" \/>\n<meta name=\"twitter:label1\" content=\"\u00c9crit par\" \/>\n\t<meta name=\"twitter:data1\" content=\"Julien\" \/>\n\t<meta name=\"twitter:label2\" content=\"Dur\u00e9e de lecture est.\" \/>\n\t<meta name=\"twitter:data2\" content=\"6 minutes\" \/>\n<script type=\"application\/ld+json\" class=\"yoast-schema-graph\">{\"@context\":\"https:\/\/schema.org\",\"@graph\":[{\"@type\":\"Article\",\"@id\":\"https:\/\/vieassociative.be\/actualites\/votre-ancien-iphone-pourrait-ne-pas-executer-ces-nouvelles-fonctionnalites-ios-26\/#article\",\"isPartOf\":{\"@id\":\"https:\/\/vieassociative.be\/actualites\/votre-ancien-iphone-pourrait-ne-pas-executer-ces-nouvelles-fonctionnalites-ios-26\/\"},\"author\":{\"name\":\"Julien\",\"@id\":\"https:\/\/vieassociative.be\/actualites\/#\/schema\/person\/b87ac4f82f9d4e7b7cec7395b679edc4\"},\"headline\":\"Votre ancien iPhone pourrait ne pas ex\u00e9cuter ces nouvelles fonctionnalit\u00e9s iOS 26\",\"datePublished\":\"2025-06-15T13:17:44+00:00\",\"dateModified\":\"2025-06-15T13:17:44+00:00\",\"mainEntityOfPage\":{\"@id\":\"https:\/\/vieassociative.be\/actualites\/votre-ancien-iphone-pourrait-ne-pas-executer-ces-nouvelles-fonctionnalites-ios-26\/\"},\"wordCount\":1230,\"publisher\":{\"@id\":\"https:\/\/vieassociative.be\/actualites\/#organization\"},\"image\":{\"@id\":\"https:\/\/vieassociative.be\/actualites\/votre-ancien-iphone-pourrait-ne-pas-executer-ces-nouvelles-fonctionnalites-ios-26\/#primaryimage\"},\"thumbnailUrl\":\"https:\/\/vieassociative.be\/actualites\/wp-content\/uploads\/2025\/06\/Votre-ancien-iPhone-pourrait-ne-pas-executer-ces-nouvelles-fonctionnalites.png\",\"keywords\":[\"ancien\",\"ces\",\"ex\u00e9cuter\",\"fonctionnalit\u00e9s\",\"iOS\",\"iPhone\",\"nouvelles\",\"pas\",\"pourrait\",\"votre\"],\"articleSection\":[\"Technologie\"],\"inLanguage\":\"fr-BE\"},{\"@type\":\"WebPage\",\"@id\":\"https:\/\/vieassociative.be\/actualites\/votre-ancien-iphone-pourrait-ne-pas-executer-ces-nouvelles-fonctionnalites-ios-26\/\",\"url\":\"https:\/\/vieassociative.be\/actualites\/votre-ancien-iphone-pourrait-ne-pas-executer-ces-nouvelles-fonctionnalites-ios-26\/\",\"name\":\"Votre ancien iPhone pourrait ne pas ex\u00e9cuter ces nouvelles fonctionnalit\u00e9s iOS 26 | Vie Associative\",\"isPartOf\":{\"@id\":\"https:\/\/vieassociative.be\/actualites\/#website\"},\"primaryImageOfPage\":{\"@id\":\"https:\/\/vieassociative.be\/actualites\/votre-ancien-iphone-pourrait-ne-pas-executer-ces-nouvelles-fonctionnalites-ios-26\/#primaryimage\"},\"image\":{\"@id\":\"https:\/\/vieassociative.be\/actualites\/votre-ancien-iphone-pourrait-ne-pas-executer-ces-nouvelles-fonctionnalites-ios-26\/#primaryimage\"},\"thumbnailUrl\":\"https:\/\/vieassociative.be\/actualites\/wp-content\/uploads\/2025\/06\/Votre-ancien-iPhone-pourrait-ne-pas-executer-ces-nouvelles-fonctionnalites.png\",\"datePublished\":\"2025-06-15T13:17:44+00:00\",\"dateModified\":\"2025-06-15T13:17:44+00:00\",\"breadcrumb\":{\"@id\":\"https:\/\/vieassociative.be\/actualites\/votre-ancien-iphone-pourrait-ne-pas-executer-ces-nouvelles-fonctionnalites-ios-26\/#breadcrumb\"},\"inLanguage\":\"fr-BE\",\"potentialAction\":[{\"@type\":\"ReadAction\",\"target\":[\"https:\/\/vieassociative.be\/actualites\/votre-ancien-iphone-pourrait-ne-pas-executer-ces-nouvelles-fonctionnalites-ios-26\/\"]}]},{\"@type\":\"ImageObject\",\"inLanguage\":\"fr-BE\",\"@id\":\"https:\/\/vieassociative.be\/actualites\/votre-ancien-iphone-pourrait-ne-pas-executer-ces-nouvelles-fonctionnalites-ios-26\/#primaryimage\",\"url\":\"https:\/\/vieassociative.be\/actualites\/wp-content\/uploads\/2025\/06\/Votre-ancien-iPhone-pourrait-ne-pas-executer-ces-nouvelles-fonctionnalites.png\",\"contentUrl\":\"https:\/\/vieassociative.be\/actualites\/wp-content\/uploads\/2025\/06\/Votre-ancien-iPhone-pourrait-ne-pas-executer-ces-nouvelles-fonctionnalites.png\",\"width\":1200,\"height\":675,\"caption\":\"Votre ancien iPhone pourrait ne pas ex\u00e9cuter ces nouvelles fonctionnalit\u00e9s iOS 26\"},{\"@type\":\"BreadcrumbList\",\"@id\":\"https:\/\/vieassociative.be\/actualites\/votre-ancien-iphone-pourrait-ne-pas-executer-ces-nouvelles-fonctionnalites-ios-26\/#breadcrumb\",\"itemListElement\":[{\"@type\":\"ListItem\",\"position\":1,\"name\":\"Accueil\",\"item\":\"https:\/\/vieassociative.be\/actualites\/\"},{\"@type\":\"ListItem\",\"position\":2,\"name\":\"Votre ancien iPhone pourrait ne pas ex\u00e9cuter ces nouvelles fonctionnalit\u00e9s iOS 26\"}]},{\"@type\":\"WebSite\",\"@id\":\"https:\/\/vieassociative.be\/actualites\/#website\",\"url\":\"https:\/\/vieassociative.be\/actualites\/\",\"name\":\"Vie Associative\",\"description\":\"\",\"publisher\":{\"@id\":\"https:\/\/vieassociative.be\/actualites\/#organization\"},\"potentialAction\":[{\"@type\":\"SearchAction\",\"target\":{\"@type\":\"EntryPoint\",\"urlTemplate\":\"https:\/\/vieassociative.be\/actualites\/?s={search_term_string}\"},\"query-input\":{\"@type\":\"PropertyValueSpecification\",\"valueRequired\":true,\"valueName\":\"search_term_string\"}}],\"inLanguage\":\"fr-BE\"},{\"@type\":\"Organization\",\"@id\":\"https:\/\/vieassociative.be\/actualites\/#organization\",\"name\":\"Vie Associative\",\"url\":\"https:\/\/vieassociative.be\/actualites\/\",\"logo\":{\"@type\":\"ImageObject\",\"inLanguage\":\"fr-BE\",\"@id\":\"https:\/\/vieassociative.be\/actualites\/#\/schema\/logo\/image\/\",\"url\":\"https:\/\/vieassociative.be\/actualites\/wp-content\/uploads\/2024\/09\/cropped-vieassociative_favicon.ico.png\",\"contentUrl\":\"https:\/\/vieassociative.be\/actualites\/wp-content\/uploads\/2024\/09\/cropped-vieassociative_favicon.ico.png\",\"width\":512,\"height\":512,\"caption\":\"Vie Associative\"},\"image\":{\"@id\":\"https:\/\/vieassociative.be\/actualites\/#\/schema\/logo\/image\/\"}},{\"@type\":\"Person\",\"@id\":\"https:\/\/vieassociative.be\/actualites\/#\/schema\/person\/b87ac4f82f9d4e7b7cec7395b679edc4\",\"name\":\"Julien\",\"image\":{\"@type\":\"ImageObject\",\"inLanguage\":\"fr-BE\",\"@id\":\"https:\/\/vieassociative.be\/actualites\/#\/schema\/person\/image\/\",\"url\":\"https:\/\/vieassociative.be\/actualites\/wp-content\/uploads\/2024\/09\/vie-associative-1-150x150.jpg\",\"contentUrl\":\"https:\/\/vieassociative.be\/actualites\/wp-content\/uploads\/2024\/09\/vie-associative-1-150x150.jpg\",\"caption\":\"Julien\"},\"description\":\"Je suis Julien, r\u00e9dacteur pour Vie Associative. Passionn\u00e9 par le monde associatif depuis plus de 10 ans, j'ai \u00e0 c\u0153ur de partager des histoires inspirantes et de mettre en lumi\u00e8re les initiatives locales. Mon objectif est de sensibiliser et d'encourager l'engagement communautaire \u00e0 travers mes articles.\",\"sameAs\":[\"https:\/\/vieassociative.be\/\"]}]}<\/script>\n<!-- \/ Yoast SEO plugin. -->","yoast_head_json":{"title":"Votre ancien iPhone pourrait ne pas ex\u00e9cuter ces nouvelles fonctionnalit\u00e9s iOS 26 | Vie Associative","robots":{"index":"index","follow":"follow","max-snippet":"max-snippet:-1","max-image-preview":"max-image-preview:large","max-video-preview":"max-video-preview:-1"},"canonical":"https:\/\/vieassociative.be\/actualites\/votre-ancien-iphone-pourrait-ne-pas-executer-ces-nouvelles-fonctionnalites-ios-26\/","og_locale":"fr_FR","og_type":"article","og_title":"Votre ancien iPhone pourrait ne pas ex\u00e9cuter ces nouvelles fonctionnalit\u00e9s iOS 26 | Vie Associative","og_description":"Votre ancien iPhone n&rsquo;ex\u00e9cutera pas ces nouvelles fonctionnalit\u00e9s. Apple a annonc\u00e9 une tonne de nouvelles fonctionnalit\u00e9s et changements sur ses produits lors du grand \u00e9v\u00e9nement","og_url":"https:\/\/vieassociative.be\/actualites\/votre-ancien-iphone-pourrait-ne-pas-executer-ces-nouvelles-fonctionnalites-ios-26\/","og_site_name":"Vie Associative","article_published_time":"2025-06-15T13:17:44+00:00","og_image":[{"width":279,"height":92,"url":"https:\/\/vieassociative.be\/actualites\/wp-content\/uploads\/2024\/09\/header_backgroundk-01-e1726694325946.png","type":"image\/png"}],"author":"Julien","twitter_card":"summary_large_image","twitter_misc":{"\u00c9crit par":"Julien","Dur\u00e9e de lecture est.":"6 minutes"},"schema":{"@context":"https:\/\/schema.org","@graph":[{"@type":"Article","@id":"https:\/\/vieassociative.be\/actualites\/votre-ancien-iphone-pourrait-ne-pas-executer-ces-nouvelles-fonctionnalites-ios-26\/#article","isPartOf":{"@id":"https:\/\/vieassociative.be\/actualites\/votre-ancien-iphone-pourrait-ne-pas-executer-ces-nouvelles-fonctionnalites-ios-26\/"},"author":{"name":"Julien","@id":"https:\/\/vieassociative.be\/actualites\/#\/schema\/person\/b87ac4f82f9d4e7b7cec7395b679edc4"},"headline":"Votre ancien iPhone pourrait ne pas ex\u00e9cuter ces nouvelles fonctionnalit\u00e9s iOS 26","datePublished":"2025-06-15T13:17:44+00:00","dateModified":"2025-06-15T13:17:44+00:00","mainEntityOfPage":{"@id":"https:\/\/vieassociative.be\/actualites\/votre-ancien-iphone-pourrait-ne-pas-executer-ces-nouvelles-fonctionnalites-ios-26\/"},"wordCount":1230,"publisher":{"@id":"https:\/\/vieassociative.be\/actualites\/#organization"},"image":{"@id":"https:\/\/vieassociative.be\/actualites\/votre-ancien-iphone-pourrait-ne-pas-executer-ces-nouvelles-fonctionnalites-ios-26\/#primaryimage"},"thumbnailUrl":"https:\/\/vieassociative.be\/actualites\/wp-content\/uploads\/2025\/06\/Votre-ancien-iPhone-pourrait-ne-pas-executer-ces-nouvelles-fonctionnalites.png","keywords":["ancien","ces","ex\u00e9cuter","fonctionnalit\u00e9s","iOS","iPhone","nouvelles","pas","pourrait","votre"],"articleSection":["Technologie"],"inLanguage":"fr-BE"},{"@type":"WebPage","@id":"https:\/\/vieassociative.be\/actualites\/votre-ancien-iphone-pourrait-ne-pas-executer-ces-nouvelles-fonctionnalites-ios-26\/","url":"https:\/\/vieassociative.be\/actualites\/votre-ancien-iphone-pourrait-ne-pas-executer-ces-nouvelles-fonctionnalites-ios-26\/","name":"Votre ancien iPhone pourrait ne pas ex\u00e9cuter ces nouvelles fonctionnalit\u00e9s iOS 26 | Vie Associative","isPartOf":{"@id":"https:\/\/vieassociative.be\/actualites\/#website"},"primaryImageOfPage":{"@id":"https:\/\/vieassociative.be\/actualites\/votre-ancien-iphone-pourrait-ne-pas-executer-ces-nouvelles-fonctionnalites-ios-26\/#primaryimage"},"image":{"@id":"https:\/\/vieassociative.be\/actualites\/votre-ancien-iphone-pourrait-ne-pas-executer-ces-nouvelles-fonctionnalites-ios-26\/#primaryimage"},"thumbnailUrl":"https:\/\/vieassociative.be\/actualites\/wp-content\/uploads\/2025\/06\/Votre-ancien-iPhone-pourrait-ne-pas-executer-ces-nouvelles-fonctionnalites.png","datePublished":"2025-06-15T13:17:44+00:00","dateModified":"2025-06-15T13:17:44+00:00","breadcrumb":{"@id":"https:\/\/vieassociative.be\/actualites\/votre-ancien-iphone-pourrait-ne-pas-executer-ces-nouvelles-fonctionnalites-ios-26\/#breadcrumb"},"inLanguage":"fr-BE","potentialAction":[{"@type":"ReadAction","target":["https:\/\/vieassociative.be\/actualites\/votre-ancien-iphone-pourrait-ne-pas-executer-ces-nouvelles-fonctionnalites-ios-26\/"]}]},{"@type":"ImageObject","inLanguage":"fr-BE","@id":"https:\/\/vieassociative.be\/actualites\/votre-ancien-iphone-pourrait-ne-pas-executer-ces-nouvelles-fonctionnalites-ios-26\/#primaryimage","url":"https:\/\/vieassociative.be\/actualites\/wp-content\/uploads\/2025\/06\/Votre-ancien-iPhone-pourrait-ne-pas-executer-ces-nouvelles-fonctionnalites.png","contentUrl":"https:\/\/vieassociative.be\/actualites\/wp-content\/uploads\/2025\/06\/Votre-ancien-iPhone-pourrait-ne-pas-executer-ces-nouvelles-fonctionnalites.png","width":1200,"height":675,"caption":"Votre ancien iPhone pourrait ne pas ex\u00e9cuter ces nouvelles fonctionnalit\u00e9s iOS 26"},{"@type":"BreadcrumbList","@id":"https:\/\/vieassociative.be\/actualites\/votre-ancien-iphone-pourrait-ne-pas-executer-ces-nouvelles-fonctionnalites-ios-26\/#breadcrumb","itemListElement":[{"@type":"ListItem","position":1,"name":"Accueil","item":"https:\/\/vieassociative.be\/actualites\/"},{"@type":"ListItem","position":2,"name":"Votre ancien iPhone pourrait ne pas ex\u00e9cuter ces nouvelles fonctionnalit\u00e9s iOS 26"}]},{"@type":"WebSite","@id":"https:\/\/vieassociative.be\/actualites\/#website","url":"https:\/\/vieassociative.be\/actualites\/","name":"Vie Associative","description":"","publisher":{"@id":"https:\/\/vieassociative.be\/actualites\/#organization"},"potentialAction":[{"@type":"SearchAction","target":{"@type":"EntryPoint","urlTemplate":"https:\/\/vieassociative.be\/actualites\/?s={search_term_string}"},"query-input":{"@type":"PropertyValueSpecification","valueRequired":true,"valueName":"search_term_string"}}],"inLanguage":"fr-BE"},{"@type":"Organization","@id":"https:\/\/vieassociative.be\/actualites\/#organization","name":"Vie Associative","url":"https:\/\/vieassociative.be\/actualites\/","logo":{"@type":"ImageObject","inLanguage":"fr-BE","@id":"https:\/\/vieassociative.be\/actualites\/#\/schema\/logo\/image\/","url":"https:\/\/vieassociative.be\/actualites\/wp-content\/uploads\/2024\/09\/cropped-vieassociative_favicon.ico.png","contentUrl":"https:\/\/vieassociative.be\/actualites\/wp-content\/uploads\/2024\/09\/cropped-vieassociative_favicon.ico.png","width":512,"height":512,"caption":"Vie Associative"},"image":{"@id":"https:\/\/vieassociative.be\/actualites\/#\/schema\/logo\/image\/"}},{"@type":"Person","@id":"https:\/\/vieassociative.be\/actualites\/#\/schema\/person\/b87ac4f82f9d4e7b7cec7395b679edc4","name":"Julien","image":{"@type":"ImageObject","inLanguage":"fr-BE","@id":"https:\/\/vieassociative.be\/actualites\/#\/schema\/person\/image\/","url":"https:\/\/vieassociative.be\/actualites\/wp-content\/uploads\/2024\/09\/vie-associative-1-150x150.jpg","contentUrl":"https:\/\/vieassociative.be\/actualites\/wp-content\/uploads\/2024\/09\/vie-associative-1-150x150.jpg","caption":"Julien"},"description":"Je suis Julien, r\u00e9dacteur pour Vie Associative. Passionn\u00e9 par le monde associatif depuis plus de 10 ans, j'ai \u00e0 c\u0153ur de partager des histoires inspirantes et de mettre en lumi\u00e8re les initiatives locales. Mon objectif est de sensibiliser et d'encourager l'engagement communautaire \u00e0 travers mes articles.","sameAs":["https:\/\/vieassociative.be\/"]}]}},"_links":{"self":[{"href":"https:\/\/vieassociative.be\/actualites\/wp-json\/wp\/v2\/posts\/8202"}],"collection":[{"href":"https:\/\/vieassociative.be\/actualites\/wp-json\/wp\/v2\/posts"}],"about":[{"href":"https:\/\/vieassociative.be\/actualites\/wp-json\/wp\/v2\/types\/post"}],"author":[{"embeddable":true,"href":"https:\/\/vieassociative.be\/actualites\/wp-json\/wp\/v2\/users\/1"}],"replies":[{"embeddable":true,"href":"https:\/\/vieassociative.be\/actualites\/wp-json\/wp\/v2\/comments?post=8202"}],"version-history":[{"count":0,"href":"https:\/\/vieassociative.be\/actualites\/wp-json\/wp\/v2\/posts\/8202\/revisions"}],"wp:featuredmedia":[{"embeddable":true,"href":"https:\/\/vieassociative.be\/actualites\/wp-json\/wp\/v2\/media\/8203"}],"wp:attachment":[{"href":"https:\/\/vieassociative.be\/actualites\/wp-json\/wp\/v2\/media?parent=8202"}],"wp:term":[{"taxonomy":"category","embeddable":true,"href":"https:\/\/vieassociative.be\/actualites\/wp-json\/wp\/v2\/categories?post=8202"},{"taxonomy":"post_tag","embeddable":true,"href":"https:\/\/vieassociative.be\/actualites\/wp-json\/wp\/v2\/tags?post=8202"}],"curies":[{"name":"wp","href":"https:\/\/api.w.org\/{rel}","templated":true}]}}