{"id":8200,"date":"2025-06-15T09:18:49","date_gmt":"2025-06-15T07:18:49","guid":{"rendered":"https:\/\/vieassociative.be\/actualites\/comment-estimer-les-factures-de-services-publics-pour-votre-nouvelle-maison\/"},"modified":"2025-06-15T09:18:49","modified_gmt":"2025-06-15T07:18:49","slug":"comment-estimer-les-factures-de-services-publics-pour-votre-nouvelle-maison","status":"publish","type":"post","link":"https:\/\/vieassociative.be\/actualites\/comment-estimer-les-factures-de-services-publics-pour-votre-nouvelle-maison\/","title":{"rendered":"Comment estimer les factures de services publics pour votre nouvelle maison"},"content":{"rendered":"<div class=\"mt-4 leading-6 md:mb-8\">Avant d&#8217;emm\u00e9nager, il est pr\u00e9f\u00e9rable d&rsquo;avoir une id\u00e9e de ce que le gaz, l&rsquo;\u00e9lectricit\u00e9 et d&rsquo;autres services vous co\u00fbteront.<\/div>\n<p><\/p>\n<p>Dans une \u00e9conomie o\u00f9 plus d&rsquo;un tiers des Am\u00e9ricains ont du mal \u00e0 payer leurs factures de services publics, sachant quelles seront vos futures factures de services publics avant de vous engager \u00e0 acheter une maison est une partie cruciale de votre processus de prise de d\u00e9cision &#8211; ou cela devrait certainement l&rsquo;\u00eatre. <\/p>\n<p>Voici quelques m\u00e9thodes pour estimer ce que seront vos futures factures pour l&rsquo;\u00e9lectricit\u00e9, le gaz et d&rsquo;autres services publics <em>avant<\/em> Vous emm\u00e9nagez, donc vous ne finissez pas par avoir une mauvaise surprise par la poste.<\/p>\n<h2 id=\"how-to-get-a-good-estimate-of-a-homes-utility-costs\">Comment obtenir une bonne estimation des co\u00fbts d&rsquo;utilit\u00e9 d&rsquo;une maison<\/h2>\n<p>La premi\u00e8re \u00e9tape consiste \u00e0 comprendre ce que les occupants pr\u00e9c\u00e9dents de la maison ont pay\u00e9 chaque mois. Voici comment proc\u00e9der:<\/p>\n<ul>\n<li>\n<p><strong>D\u00e9terminer les tarifs locaux.<\/strong> Savoir ce que les services publics locaux facturent pour l&rsquo;\u00e9lectricit\u00e9, le gaz naturel, l&rsquo;eau, les eaux us\u00e9es et d&rsquo;autres services publics est essentiel. La plupart des soci\u00e9t\u00e9s de services publics affichent leurs tarifs sur leurs sites Web, c&rsquo;est donc un bon point de d\u00e9part. Si vous ne trouvez pas d&rsquo;informations sur les tarifs de cette fa\u00e7on, vous pouvez utiliser un site Web comme des tarifs d&rsquo;utilit\u00e9 pour obtenir une id\u00e9e des tarifs \u00e9lectriques et de gaz dans ce code postal. Les calculatrices en ligne comme celle-ci peuvent vous donner une pr\u00e9diction d\u00e9cente des co\u00fbts des utilitaires futurs une fois que vous avez des informations sur les tarifs pour vous brancher.<\/p>\n<\/li>\n<li>\n<p><strong>Collectez l&rsquo;histoire de la facturation.<\/strong> Votre prochaine \u00e9tape consiste \u00e0 demander l&rsquo;historique de facturation de la maison qui remonte \u00e0 12 mois. Votre agent immobilier devrait \u00eatre en mesure de vous aider, mais vous pouvez \u00e9galement demander directement aux propri\u00e9taires actuels. Voir une ann\u00e9e de factures vous permettra de d\u00e9terminer un co\u00fbt mensuel moyen, ajust\u00e9 (si n\u00e9cessaire) pour le nombre d&rsquo;occupants.<\/p>\n<\/li>\n<li>\n<p>Regardez les co\u00fbts moyens dans la r\u00e9gion. Si vous n&rsquo;\u00eates pas en mesure d&rsquo;obtenir un droit de l&rsquo;historique de facturation, vous pouvez faire une estimation beaucoup plus difficile en examinant les co\u00fbts moyens dans la r\u00e9gion. Il existe des sites Web pour vous aider \u00e0 comprendre cela. Par exemple, EnergyBot calculera votre facture de services publics potentielle en fonction du code postal et de l&rsquo;utilisation moyenne de la taille de la maison, ou vous pouvez utiliser cette calculatrice \u00e0 partir du centre d&rsquo;\u00e9nergie des solutions pour comprendre votre facture de gaz en fonction de facteurs comme la taille de la maison et le nombre de charges de s\u00e9cheuse que vous ex\u00e9cutez en une semaine. Ces calculatrices ne vous donneront que des estimations approximatives, et vos r\u00e9sultats peuvent \u00eatre plus \u00e9lev\u00e9s ou inf\u00e9rieurs aux co\u00fbts r\u00e9els, donc la r\u00e9duction des factures r\u00e9elles sera toujours la meilleure.<\/p>\n<\/li>\n<\/ul>\n<h2 id=\"put-past-bills-into-context\">Mettez les projets de loi pass\u00e9s dans le contexte <\/h2>\n<p>Au-del\u00e0 des chiffres mensuels, la cl\u00e9 pour estimer vos propres co\u00fbts d&rsquo;utilit\u00e9 potentiels vous obligera \u00e0 collecter des informations suppl\u00e9mentaires sur la maison et ses occupants, notamment:<\/p>\n<div class=\"pogoClear relative my-10 border-b-(1.5px) border-t-(1.5px) border-dashed border-black py-5 sm:my-14 sm:border-0 sm:py-0\" data-ga-click data-ga-template=\"Explainers\" data-ga-module=\"openweb_widget\" data-ga-element=\"openweb_scroll\" data-ga-item=\"openweb_scroll_midpage\" x-data=\"{\n         commentsCount: null,\n         hasComments: false,\n         async fetchCommentsCount() {\n             try {\n                 if (window.openweb &amp;&amp; typeof window.openweb.getMessagesCount === 'function') {\n                     this.commentsCount = await window.openweb.getMessagesCount('01JXN36SS7CVR0HYVHWG576QEM');\n                     this.hasComments = this.commentsCount !== null &amp;&amp; this.commentsCount &gt; 0;\n                 }\n             } catch (e) {\n                 console.warn('Failed to fetch comment count:', e);\n             }\n         }\n     }\" x-init=\"fetchCommentsCount()\" x-cloak><\/p>\n<div class=\"absolute top-1\/2 hidden w-full -translate-y-1\/2 border-t-(1.5px) border-dashed border-black sm:block\"><\/div>\n<div class=\"relative flex justify-center\">\n<div class=\"flex max-w-fit items-center gap-x-3 bg-white px-5\">\n<div class=\"relative\">\n                <span class=\"absolute left-1\/2 top-1\/2 -translate-x-1\/2 -translate-y-1\/2 font-akshar text-sm font-medium text-black\" aria-live=\"polite\" x-show=\"hasComments\" x-text=\"commentsCount\"><\/span><\/p>\n<p>                <svg class=\"h-8 w-8 text-black\" role=\"img\" aria-hidden=\"true\">\n                    <use href=\"http:\/\/lifehacker.com\/images\/icons\/spritemap.svg#sprite-chat-bubble\"><\/use>\n                <\/svg>\n            <\/div>\n<p>            <span class=\"text-sm font-medium text-black\"><\/p>\n<p>                Que pensez-vous jusqu&rsquo;\u00e0 pr\u00e9sent?<br \/>\n                <button class=\"ml-1 font-semibold text-brand-green underline hover:text-brand-green-700\" type=\"button\" aria-label=\"Comment section trigger\" onclick=\"window.openweb.scrollToComments('01JXN36SS7CVR0HYVHWG576QEM')\" x-text=\"hasComments ? 'Post a comment.' : 'Be the first to post a comment.'\"><\/button><br \/>\n            <\/span>\n        <\/div>\n<\/p><\/div>\n<\/div>\n<ul>\n<li>\n<p><strong>Occupants.<\/strong> Vous avez besoin de combien de personnes vivaient dans la maison pour la p\u00e9riode que vous regardez, afin que vous puissiez peser \u00e0 votre utilisation potentielle. Les factures de services publics de haut niveau sont alarmantes si ce n&rsquo;est que deux personnes qui y vivent, mais moins si une famille de huit personnes est bond\u00e9e l\u00e0-dedans.<\/p>\n<\/li>\n<li>\n<p><strong>Usage.<\/strong> Vous aurez besoin de savoir un peu comment les occupants pr\u00e9c\u00e9dents &#8211; qu&rsquo;ils y vivaient tous \u00e0 plein temps, qu&rsquo;ils aient travaill\u00e9 \u00e0 domicile (ce qui a augment\u00e9 la consommation d&rsquo;\u00e9nergie), ou avait des passe-temps qui consommaient une \u00e9nergie suppl\u00e9mentaire et s&rsquo;ils avaient une piscine (ce qui augmente leurs factures d&rsquo;eau et d&rsquo;\u00e9lectricit\u00e9).<\/p>\n<\/li>\n<li>\n<p><strong>Probl\u00e8mes. <\/strong>Demandez si la maison a eu des probl\u00e8mes de plomberie ou \u00e9lectriques r\u00e9cents. Les fuites et le c\u00e2blage d\u00e9fectueux peuvent entra\u00eener des pics d&rsquo;utilisation, ce qui pourrait signifier que l&rsquo;historique des co\u00fbts de la maison sera moins utile pour pr\u00e9dire les futures factures.<\/p>\n<\/li>\n<\/ul>\n<p>Une fois que vous avez une id\u00e9e solide des co\u00fbts des services publics, vous pouvez faire des ajustements en fonction de votre propre style de vie &#8211; nombre de personnes qui y vivent, que vous travailliez \u00e0 domicile, les passe-temps, etc. &#8211; pour esp\u00e9rer arriver \u00e0 un certain nombre de vos co\u00fbts d&rsquo;utilit\u00e9 r\u00e9els.<\/p>\n","protected":false},"excerpt":{"rendered":"<p>Avant d&#8217;emm\u00e9nager, il est pr\u00e9f\u00e9rable d&rsquo;avoir une id\u00e9e de ce que le gaz, l&rsquo;\u00e9lectricit\u00e9 et d&rsquo;autres services vous co\u00fbteront. Dans une \u00e9conomie o\u00f9 plus d&rsquo;un<\/p>\n","protected":false},"author":1,"featured_media":8201,"comment_status":"","ping_status":"","sticky":false,"template":"","format":"standard","meta":{"footnotes":""},"categories":[40],"tags":[44,5840,6061,14,560,491,81,4851,1427,8],"class_list":["post-8200","post","type-post","status-publish","format-standard","has-post-thumbnail","hentry","category-maison","tag-comment","tag-estimer","tag-factures","tag-les","tag-maison","tag-nouvelle","tag-pour","tag-publics","tag-services","tag-votre","generate-columns","tablet-grid-50","mobile-grid-100","grid-parent","grid-33"],"yoast_head":"<!-- This site is optimized with the Yoast SEO plugin v24.0 - https:\/\/yoast.com\/wordpress\/plugins\/seo\/ -->\n<title>Comment estimer les factures de services publics pour votre nouvelle maison | Vie Associative<\/title>\n<meta name=\"robots\" content=\"index, follow, max-snippet:-1, max-image-preview:large, max-video-preview:-1\" \/>\n<link rel=\"canonical\" href=\"https:\/\/vieassociative.be\/actualites\/comment-estimer-les-factures-de-services-publics-pour-votre-nouvelle-maison\/\" \/>\n<meta property=\"og:locale\" content=\"fr_FR\" \/>\n<meta property=\"og:type\" content=\"article\" \/>\n<meta property=\"og:title\" content=\"Comment estimer les factures de services publics pour votre nouvelle maison | Vie Associative\" \/>\n<meta property=\"og:description\" content=\"Avant d&#8217;emm\u00e9nager, il est pr\u00e9f\u00e9rable d&rsquo;avoir une id\u00e9e de ce que le gaz, l&rsquo;\u00e9lectricit\u00e9 et d&rsquo;autres services vous co\u00fbteront. Dans une \u00e9conomie o\u00f9 plus d&rsquo;un\" \/>\n<meta property=\"og:url\" content=\"https:\/\/vieassociative.be\/actualites\/comment-estimer-les-factures-de-services-publics-pour-votre-nouvelle-maison\/\" \/>\n<meta property=\"og:site_name\" content=\"Vie Associative\" \/>\n<meta property=\"article:published_time\" content=\"2025-06-15T07:18:49+00:00\" \/>\n<meta property=\"og:image\" content=\"https:\/\/vieassociative.be\/actualites\/wp-content\/uploads\/2024\/09\/header_backgroundk-01-e1726694325946.png\" \/>\n\t<meta property=\"og:image:width\" content=\"279\" \/>\n\t<meta property=\"og:image:height\" content=\"92\" \/>\n\t<meta property=\"og:image:type\" content=\"image\/png\" \/>\n<meta name=\"author\" content=\"Julien\" \/>\n<meta name=\"twitter:card\" content=\"summary_large_image\" \/>\n<meta name=\"twitter:label1\" content=\"\u00c9crit par\" \/>\n\t<meta name=\"twitter:data1\" content=\"Julien\" \/>\n\t<meta name=\"twitter:label2\" content=\"Dur\u00e9e de lecture est.\" \/>\n\t<meta name=\"twitter:data2\" content=\"4 minutes\" \/>\n<script type=\"application\/ld+json\" class=\"yoast-schema-graph\">{\"@context\":\"https:\/\/schema.org\",\"@graph\":[{\"@type\":\"Article\",\"@id\":\"https:\/\/vieassociative.be\/actualites\/comment-estimer-les-factures-de-services-publics-pour-votre-nouvelle-maison\/#article\",\"isPartOf\":{\"@id\":\"https:\/\/vieassociative.be\/actualites\/comment-estimer-les-factures-de-services-publics-pour-votre-nouvelle-maison\/\"},\"author\":{\"name\":\"Julien\",\"@id\":\"https:\/\/vieassociative.be\/actualites\/#\/schema\/person\/b87ac4f82f9d4e7b7cec7395b679edc4\"},\"headline\":\"Comment estimer les factures de services publics pour votre nouvelle maison\",\"datePublished\":\"2025-06-15T07:18:49+00:00\",\"dateModified\":\"2025-06-15T07:18:49+00:00\",\"mainEntityOfPage\":{\"@id\":\"https:\/\/vieassociative.be\/actualites\/comment-estimer-les-factures-de-services-publics-pour-votre-nouvelle-maison\/\"},\"wordCount\":804,\"publisher\":{\"@id\":\"https:\/\/vieassociative.be\/actualites\/#organization\"},\"image\":{\"@id\":\"https:\/\/vieassociative.be\/actualites\/comment-estimer-les-factures-de-services-publics-pour-votre-nouvelle-maison\/#primaryimage\"},\"thumbnailUrl\":\"https:\/\/vieassociative.be\/actualites\/wp-content\/uploads\/2025\/06\/Comment-estimer-les-factures-de-services-publics-pour-votre-nouvelle.png\",\"keywords\":[\"Comment\",\"estimer\",\"factures\",\"Les\",\"maison\",\"nouvelle\",\"pour\",\"publics\",\"services\",\"votre\"],\"articleSection\":[\"Maison\"],\"inLanguage\":\"fr-BE\"},{\"@type\":\"WebPage\",\"@id\":\"https:\/\/vieassociative.be\/actualites\/comment-estimer-les-factures-de-services-publics-pour-votre-nouvelle-maison\/\",\"url\":\"https:\/\/vieassociative.be\/actualites\/comment-estimer-les-factures-de-services-publics-pour-votre-nouvelle-maison\/\",\"name\":\"Comment estimer les factures de services publics pour votre nouvelle maison | Vie Associative\",\"isPartOf\":{\"@id\":\"https:\/\/vieassociative.be\/actualites\/#website\"},\"primaryImageOfPage\":{\"@id\":\"https:\/\/vieassociative.be\/actualites\/comment-estimer-les-factures-de-services-publics-pour-votre-nouvelle-maison\/#primaryimage\"},\"image\":{\"@id\":\"https:\/\/vieassociative.be\/actualites\/comment-estimer-les-factures-de-services-publics-pour-votre-nouvelle-maison\/#primaryimage\"},\"thumbnailUrl\":\"https:\/\/vieassociative.be\/actualites\/wp-content\/uploads\/2025\/06\/Comment-estimer-les-factures-de-services-publics-pour-votre-nouvelle.png\",\"datePublished\":\"2025-06-15T07:18:49+00:00\",\"dateModified\":\"2025-06-15T07:18:49+00:00\",\"breadcrumb\":{\"@id\":\"https:\/\/vieassociative.be\/actualites\/comment-estimer-les-factures-de-services-publics-pour-votre-nouvelle-maison\/#breadcrumb\"},\"inLanguage\":\"fr-BE\",\"potentialAction\":[{\"@type\":\"ReadAction\",\"target\":[\"https:\/\/vieassociative.be\/actualites\/comment-estimer-les-factures-de-services-publics-pour-votre-nouvelle-maison\/\"]}]},{\"@type\":\"ImageObject\",\"inLanguage\":\"fr-BE\",\"@id\":\"https:\/\/vieassociative.be\/actualites\/comment-estimer-les-factures-de-services-publics-pour-votre-nouvelle-maison\/#primaryimage\",\"url\":\"https:\/\/vieassociative.be\/actualites\/wp-content\/uploads\/2025\/06\/Comment-estimer-les-factures-de-services-publics-pour-votre-nouvelle.png\",\"contentUrl\":\"https:\/\/vieassociative.be\/actualites\/wp-content\/uploads\/2025\/06\/Comment-estimer-les-factures-de-services-publics-pour-votre-nouvelle.png\",\"width\":1200,\"height\":675,\"caption\":\"Comment estimer les factures de services publics pour votre nouvelle maison\"},{\"@type\":\"BreadcrumbList\",\"@id\":\"https:\/\/vieassociative.be\/actualites\/comment-estimer-les-factures-de-services-publics-pour-votre-nouvelle-maison\/#breadcrumb\",\"itemListElement\":[{\"@type\":\"ListItem\",\"position\":1,\"name\":\"Accueil\",\"item\":\"https:\/\/vieassociative.be\/actualites\/\"},{\"@type\":\"ListItem\",\"position\":2,\"name\":\"Comment estimer les factures de services publics pour votre nouvelle maison\"}]},{\"@type\":\"WebSite\",\"@id\":\"https:\/\/vieassociative.be\/actualites\/#website\",\"url\":\"https:\/\/vieassociative.be\/actualites\/\",\"name\":\"Vie Associative\",\"description\":\"\",\"publisher\":{\"@id\":\"https:\/\/vieassociative.be\/actualites\/#organization\"},\"potentialAction\":[{\"@type\":\"SearchAction\",\"target\":{\"@type\":\"EntryPoint\",\"urlTemplate\":\"https:\/\/vieassociative.be\/actualites\/?s={search_term_string}\"},\"query-input\":{\"@type\":\"PropertyValueSpecification\",\"valueRequired\":true,\"valueName\":\"search_term_string\"}}],\"inLanguage\":\"fr-BE\"},{\"@type\":\"Organization\",\"@id\":\"https:\/\/vieassociative.be\/actualites\/#organization\",\"name\":\"Vie Associative\",\"url\":\"https:\/\/vieassociative.be\/actualites\/\",\"logo\":{\"@type\":\"ImageObject\",\"inLanguage\":\"fr-BE\",\"@id\":\"https:\/\/vieassociative.be\/actualites\/#\/schema\/logo\/image\/\",\"url\":\"https:\/\/vieassociative.be\/actualites\/wp-content\/uploads\/2024\/09\/cropped-vieassociative_favicon.ico.png\",\"contentUrl\":\"https:\/\/vieassociative.be\/actualites\/wp-content\/uploads\/2024\/09\/cropped-vieassociative_favicon.ico.png\",\"width\":512,\"height\":512,\"caption\":\"Vie Associative\"},\"image\":{\"@id\":\"https:\/\/vieassociative.be\/actualites\/#\/schema\/logo\/image\/\"}},{\"@type\":\"Person\",\"@id\":\"https:\/\/vieassociative.be\/actualites\/#\/schema\/person\/b87ac4f82f9d4e7b7cec7395b679edc4\",\"name\":\"Julien\",\"image\":{\"@type\":\"ImageObject\",\"inLanguage\":\"fr-BE\",\"@id\":\"https:\/\/vieassociative.be\/actualites\/#\/schema\/person\/image\/\",\"url\":\"https:\/\/vieassociative.be\/actualites\/wp-content\/uploads\/2024\/09\/vie-associative-1-150x150.jpg\",\"contentUrl\":\"https:\/\/vieassociative.be\/actualites\/wp-content\/uploads\/2024\/09\/vie-associative-1-150x150.jpg\",\"caption\":\"Julien\"},\"description\":\"Je suis Julien, r\u00e9dacteur pour Vie Associative. Passionn\u00e9 par le monde associatif depuis plus de 10 ans, j'ai \u00e0 c\u0153ur de partager des histoires inspirantes et de mettre en lumi\u00e8re les initiatives locales. Mon objectif est de sensibiliser et d'encourager l'engagement communautaire \u00e0 travers mes articles.\",\"sameAs\":[\"https:\/\/vieassociative.be\/\"]}]}<\/script>\n<!-- \/ Yoast SEO plugin. -->","yoast_head_json":{"title":"Comment estimer les factures de services publics pour votre nouvelle maison | Vie Associative","robots":{"index":"index","follow":"follow","max-snippet":"max-snippet:-1","max-image-preview":"max-image-preview:large","max-video-preview":"max-video-preview:-1"},"canonical":"https:\/\/vieassociative.be\/actualites\/comment-estimer-les-factures-de-services-publics-pour-votre-nouvelle-maison\/","og_locale":"fr_FR","og_type":"article","og_title":"Comment estimer les factures de services publics pour votre nouvelle maison | Vie Associative","og_description":"Avant d&#8217;emm\u00e9nager, il est pr\u00e9f\u00e9rable d&rsquo;avoir une id\u00e9e de ce que le gaz, l&rsquo;\u00e9lectricit\u00e9 et d&rsquo;autres services vous co\u00fbteront. Dans une \u00e9conomie o\u00f9 plus d&rsquo;un","og_url":"https:\/\/vieassociative.be\/actualites\/comment-estimer-les-factures-de-services-publics-pour-votre-nouvelle-maison\/","og_site_name":"Vie Associative","article_published_time":"2025-06-15T07:18:49+00:00","og_image":[{"width":279,"height":92,"url":"https:\/\/vieassociative.be\/actualites\/wp-content\/uploads\/2024\/09\/header_backgroundk-01-e1726694325946.png","type":"image\/png"}],"author":"Julien","twitter_card":"summary_large_image","twitter_misc":{"\u00c9crit par":"Julien","Dur\u00e9e de lecture est.":"4 minutes"},"schema":{"@context":"https:\/\/schema.org","@graph":[{"@type":"Article","@id":"https:\/\/vieassociative.be\/actualites\/comment-estimer-les-factures-de-services-publics-pour-votre-nouvelle-maison\/#article","isPartOf":{"@id":"https:\/\/vieassociative.be\/actualites\/comment-estimer-les-factures-de-services-publics-pour-votre-nouvelle-maison\/"},"author":{"name":"Julien","@id":"https:\/\/vieassociative.be\/actualites\/#\/schema\/person\/b87ac4f82f9d4e7b7cec7395b679edc4"},"headline":"Comment estimer les factures de services publics pour votre nouvelle maison","datePublished":"2025-06-15T07:18:49+00:00","dateModified":"2025-06-15T07:18:49+00:00","mainEntityOfPage":{"@id":"https:\/\/vieassociative.be\/actualites\/comment-estimer-les-factures-de-services-publics-pour-votre-nouvelle-maison\/"},"wordCount":804,"publisher":{"@id":"https:\/\/vieassociative.be\/actualites\/#organization"},"image":{"@id":"https:\/\/vieassociative.be\/actualites\/comment-estimer-les-factures-de-services-publics-pour-votre-nouvelle-maison\/#primaryimage"},"thumbnailUrl":"https:\/\/vieassociative.be\/actualites\/wp-content\/uploads\/2025\/06\/Comment-estimer-les-factures-de-services-publics-pour-votre-nouvelle.png","keywords":["Comment","estimer","factures","Les","maison","nouvelle","pour","publics","services","votre"],"articleSection":["Maison"],"inLanguage":"fr-BE"},{"@type":"WebPage","@id":"https:\/\/vieassociative.be\/actualites\/comment-estimer-les-factures-de-services-publics-pour-votre-nouvelle-maison\/","url":"https:\/\/vieassociative.be\/actualites\/comment-estimer-les-factures-de-services-publics-pour-votre-nouvelle-maison\/","name":"Comment estimer les factures de services publics pour votre nouvelle maison | Vie Associative","isPartOf":{"@id":"https:\/\/vieassociative.be\/actualites\/#website"},"primaryImageOfPage":{"@id":"https:\/\/vieassociative.be\/actualites\/comment-estimer-les-factures-de-services-publics-pour-votre-nouvelle-maison\/#primaryimage"},"image":{"@id":"https:\/\/vieassociative.be\/actualites\/comment-estimer-les-factures-de-services-publics-pour-votre-nouvelle-maison\/#primaryimage"},"thumbnailUrl":"https:\/\/vieassociative.be\/actualites\/wp-content\/uploads\/2025\/06\/Comment-estimer-les-factures-de-services-publics-pour-votre-nouvelle.png","datePublished":"2025-06-15T07:18:49+00:00","dateModified":"2025-06-15T07:18:49+00:00","breadcrumb":{"@id":"https:\/\/vieassociative.be\/actualites\/comment-estimer-les-factures-de-services-publics-pour-votre-nouvelle-maison\/#breadcrumb"},"inLanguage":"fr-BE","potentialAction":[{"@type":"ReadAction","target":["https:\/\/vieassociative.be\/actualites\/comment-estimer-les-factures-de-services-publics-pour-votre-nouvelle-maison\/"]}]},{"@type":"ImageObject","inLanguage":"fr-BE","@id":"https:\/\/vieassociative.be\/actualites\/comment-estimer-les-factures-de-services-publics-pour-votre-nouvelle-maison\/#primaryimage","url":"https:\/\/vieassociative.be\/actualites\/wp-content\/uploads\/2025\/06\/Comment-estimer-les-factures-de-services-publics-pour-votre-nouvelle.png","contentUrl":"https:\/\/vieassociative.be\/actualites\/wp-content\/uploads\/2025\/06\/Comment-estimer-les-factures-de-services-publics-pour-votre-nouvelle.png","width":1200,"height":675,"caption":"Comment estimer les factures de services publics pour votre nouvelle maison"},{"@type":"BreadcrumbList","@id":"https:\/\/vieassociative.be\/actualites\/comment-estimer-les-factures-de-services-publics-pour-votre-nouvelle-maison\/#breadcrumb","itemListElement":[{"@type":"ListItem","position":1,"name":"Accueil","item":"https:\/\/vieassociative.be\/actualites\/"},{"@type":"ListItem","position":2,"name":"Comment estimer les factures de services publics pour votre nouvelle maison"}]},{"@type":"WebSite","@id":"https:\/\/vieassociative.be\/actualites\/#website","url":"https:\/\/vieassociative.be\/actualites\/","name":"Vie Associative","description":"","publisher":{"@id":"https:\/\/vieassociative.be\/actualites\/#organization"},"potentialAction":[{"@type":"SearchAction","target":{"@type":"EntryPoint","urlTemplate":"https:\/\/vieassociative.be\/actualites\/?s={search_term_string}"},"query-input":{"@type":"PropertyValueSpecification","valueRequired":true,"valueName":"search_term_string"}}],"inLanguage":"fr-BE"},{"@type":"Organization","@id":"https:\/\/vieassociative.be\/actualites\/#organization","name":"Vie Associative","url":"https:\/\/vieassociative.be\/actualites\/","logo":{"@type":"ImageObject","inLanguage":"fr-BE","@id":"https:\/\/vieassociative.be\/actualites\/#\/schema\/logo\/image\/","url":"https:\/\/vieassociative.be\/actualites\/wp-content\/uploads\/2024\/09\/cropped-vieassociative_favicon.ico.png","contentUrl":"https:\/\/vieassociative.be\/actualites\/wp-content\/uploads\/2024\/09\/cropped-vieassociative_favicon.ico.png","width":512,"height":512,"caption":"Vie Associative"},"image":{"@id":"https:\/\/vieassociative.be\/actualites\/#\/schema\/logo\/image\/"}},{"@type":"Person","@id":"https:\/\/vieassociative.be\/actualites\/#\/schema\/person\/b87ac4f82f9d4e7b7cec7395b679edc4","name":"Julien","image":{"@type":"ImageObject","inLanguage":"fr-BE","@id":"https:\/\/vieassociative.be\/actualites\/#\/schema\/person\/image\/","url":"https:\/\/vieassociative.be\/actualites\/wp-content\/uploads\/2024\/09\/vie-associative-1-150x150.jpg","contentUrl":"https:\/\/vieassociative.be\/actualites\/wp-content\/uploads\/2024\/09\/vie-associative-1-150x150.jpg","caption":"Julien"},"description":"Je suis Julien, r\u00e9dacteur pour Vie Associative. Passionn\u00e9 par le monde associatif depuis plus de 10 ans, j'ai \u00e0 c\u0153ur de partager des histoires inspirantes et de mettre en lumi\u00e8re les initiatives locales. Mon objectif est de sensibiliser et d'encourager l'engagement communautaire \u00e0 travers mes articles.","sameAs":["https:\/\/vieassociative.be\/"]}]}},"_links":{"self":[{"href":"https:\/\/vieassociative.be\/actualites\/wp-json\/wp\/v2\/posts\/8200"}],"collection":[{"href":"https:\/\/vieassociative.be\/actualites\/wp-json\/wp\/v2\/posts"}],"about":[{"href":"https:\/\/vieassociative.be\/actualites\/wp-json\/wp\/v2\/types\/post"}],"author":[{"embeddable":true,"href":"https:\/\/vieassociative.be\/actualites\/wp-json\/wp\/v2\/users\/1"}],"replies":[{"embeddable":true,"href":"https:\/\/vieassociative.be\/actualites\/wp-json\/wp\/v2\/comments?post=8200"}],"version-history":[{"count":0,"href":"https:\/\/vieassociative.be\/actualites\/wp-json\/wp\/v2\/posts\/8200\/revisions"}],"wp:featuredmedia":[{"embeddable":true,"href":"https:\/\/vieassociative.be\/actualites\/wp-json\/wp\/v2\/media\/8201"}],"wp:attachment":[{"href":"https:\/\/vieassociative.be\/actualites\/wp-json\/wp\/v2\/media?parent=8200"}],"wp:term":[{"taxonomy":"category","embeddable":true,"href":"https:\/\/vieassociative.be\/actualites\/wp-json\/wp\/v2\/categories?post=8200"},{"taxonomy":"post_tag","embeddable":true,"href":"https:\/\/vieassociative.be\/actualites\/wp-json\/wp\/v2\/tags?post=8200"}],"curies":[{"name":"wp","href":"https:\/\/api.w.org\/{rel}","templated":true}]}}