{"id":8196,"date":"2025-06-15T04:18:20","date_gmt":"2025-06-15T02:18:20","guid":{"rendered":"https:\/\/vieassociative.be\/actualites\/dans-quelle-mesure-la-situation-financiere-de-la-dg-est-elle-inquietante-paasch-est-trop-optimiste-pour-balter-vivant\/"},"modified":"2025-06-15T04:18:20","modified_gmt":"2025-06-15T02:18:20","slug":"dans-quelle-mesure-la-situation-financiere-de-la-dg-est-elle-inquietante-paasch-est-trop-optimiste-pour-balter-vivant","status":"publish","type":"post","link":"https:\/\/vieassociative.be\/actualites\/dans-quelle-mesure-la-situation-financiere-de-la-dg-est-elle-inquietante-paasch-est-trop-optimiste-pour-balter-vivant\/","title":{"rendered":"Dans quelle mesure la situation financi\u00e8re de la DG est-elle inqui\u00e9tante? &#8211; PaaSch est trop optimiste pour Balter (Vivant)"},"content":{"rendered":"<p><strong>Alors que la Belgique, selon le bureau de planification, se dirige vers un d\u00e9ficit budg\u00e9taire pouvant atteindre 6,5% et une dette publique de 120% du PIB d&rsquo;ici 2030, les sous-\u00e9tats individuels se p\u00e8sent \u00e9videmment dans une s\u00e9curit\u00e9 trompeuse. <\/strong><\/p>\n<p><span id=\"more-417657\"><\/span>\u00ab\u00a0Le gouvernement DG est \u00e9galement \u00e9tonnamment optimiste dans son ajustement des m\u00e9nages en 2025\u00a0\u00bb, se plaint le porte-parole du groupe parlementaire vivant Michael Balter.<\/p>\n<p>Lundi, Balter veut demander \u00e0 PDG lundi dans le cadre du contr\u00f4le du gouvernement, le Premier ministre Oliver Paasch (ProDG), sur le d\u00e9veloppement de la situation financi\u00e8re de la DG.<\/p>\n<div id=\"attachment_98473\" class=\"wp-caption alignleft\" style=\"max-width: 300px\"><img fetchpriority=\"high\" decoding=\"async\" class=\"wp-image-98473 size-medium\" src=\"https:\/\/vieassociative.be\/actualites\/wp-content\/uploads\/2025\/04\/La-DG-genere-des-accords-sur-le-financement-communautaire-fonds.jpeg\" alt=\"\" width=\"300\" height=\"200\"  ><\/p>\n<p class=\"wp-caption-text\">Photo: Shutterstock<\/p>\n<\/div>\n<p>Malgr\u00e9 les avertissements du gouverneur de la Banque nationale. Pierre Wish, le gouvernement DG continue de calculer avec des hypoth\u00e8ses \u00e9conomiques relativement bon march\u00e9, explique Balter. Alors que le Federal Planning Office ne s&rsquo;attend \u00e0 une croissance que de 1,0% par rapport \u00e0 2026 et m\u00eame \u00e0 0,9% en 2027, la DG suppose implicitement une croissance entre 1,2 et 1,3% dans sa planification budg\u00e9taire &#8211; c&rsquo;est-\u00e0-dire des conditions de cadre significativement meilleures. Le Premier ministre Paasch a soulign\u00e9 \u00e0 plusieurs reprises que vous vous attendiez essentiellement au pire des cas.<\/p>\n<p>Lundi \u00e0 16 h, le groupe parlementaire de Vivant sur le sujet de \u00ab\u00a0Belgique menace une d\u00e9t\u00e9rioration \u00e0 long terme de la situation budg\u00e9taire\u00a0\u00bb par le Premier ministre Paasch: \u00ab\u00a0Comment le d\u00e9veloppement actuel affectera-t-il le budget de la DG?\u00a0\u00bb. Vous pouvez vous attendre \u00e0 la r\u00e9ponse du chef du gouvernement. (Cre)<\/p>\n","protected":false},"excerpt":{"rendered":"<p>Alors que la Belgique, selon le bureau de planification, se dirige vers un d\u00e9ficit budg\u00e9taire pouvant atteindre 6,5% et une dette publique de 120% du<\/p>\n","protected":false},"author":1,"featured_media":8197,"comment_status":"","ping_status":"","sticky":false,"template":"","format":"standard","meta":{"footnotes":""},"categories":[298],"tags":[3527,166,76,1413,7416,7417,1412,7418,2553,81,1411,1376,656,3138],"class_list":["post-8196","post","type-post","status-publish","format-standard","has-post-thumbnail","hentry","category-belgique","tag-balter","tag-dans","tag-est","tag-estelle","tag-financiere","tag-inquietante","tag-mesure","tag-optimiste","tag-paasch","tag-pour","tag-quelle","tag-situation","tag-trop","tag-vivant","generate-columns","tablet-grid-50","mobile-grid-100","grid-parent","grid-33"],"yoast_head":"<!-- This site is optimized with the Yoast SEO plugin v24.0 - https:\/\/yoast.com\/wordpress\/plugins\/seo\/ -->\n<title>Dans quelle mesure la situation financi\u00e8re de la DG est-elle inqui\u00e9tante? - PaaSch est trop optimiste pour Balter (Vivant) | Vie Associative<\/title>\n<meta name=\"robots\" content=\"index, follow, max-snippet:-1, max-image-preview:large, max-video-preview:-1\" \/>\n<link rel=\"canonical\" href=\"https:\/\/vieassociative.be\/actualites\/dans-quelle-mesure-la-situation-financiere-de-la-dg-est-elle-inquietante-paasch-est-trop-optimiste-pour-balter-vivant\/\" \/>\n<meta property=\"og:locale\" content=\"fr_FR\" \/>\n<meta property=\"og:type\" content=\"article\" \/>\n<meta property=\"og:title\" content=\"Dans quelle mesure la situation financi\u00e8re de la DG est-elle inqui\u00e9tante? - PaaSch est trop optimiste pour Balter (Vivant) | Vie Associative\" \/>\n<meta property=\"og:description\" content=\"Alors que la Belgique, selon le bureau de planification, se dirige vers un d\u00e9ficit budg\u00e9taire pouvant atteindre 6,5% et une dette publique de 120% du\" \/>\n<meta property=\"og:url\" content=\"https:\/\/vieassociative.be\/actualites\/dans-quelle-mesure-la-situation-financiere-de-la-dg-est-elle-inquietante-paasch-est-trop-optimiste-pour-balter-vivant\/\" \/>\n<meta property=\"og:site_name\" content=\"Vie Associative\" \/>\n<meta property=\"article:published_time\" content=\"2025-06-15T02:18:20+00:00\" \/>\n<meta property=\"og:image\" content=\"https:\/\/vieassociative.be\/actualites\/wp-content\/uploads\/2024\/09\/header_backgroundk-01-e1726694325946.png\" \/>\n\t<meta property=\"og:image:width\" content=\"279\" \/>\n\t<meta property=\"og:image:height\" content=\"92\" \/>\n\t<meta property=\"og:image:type\" content=\"image\/png\" \/>\n<meta name=\"author\" content=\"Julien\" \/>\n<meta name=\"twitter:card\" content=\"summary_large_image\" \/>\n<meta name=\"twitter:label1\" content=\"\u00c9crit par\" \/>\n\t<meta name=\"twitter:data1\" content=\"Julien\" \/>\n\t<meta name=\"twitter:label2\" content=\"Dur\u00e9e de lecture est.\" \/>\n\t<meta name=\"twitter:data2\" content=\"1 minute\" \/>\n<script type=\"application\/ld+json\" class=\"yoast-schema-graph\">{\"@context\":\"https:\/\/schema.org\",\"@graph\":[{\"@type\":\"Article\",\"@id\":\"https:\/\/vieassociative.be\/actualites\/dans-quelle-mesure-la-situation-financiere-de-la-dg-est-elle-inquietante-paasch-est-trop-optimiste-pour-balter-vivant\/#article\",\"isPartOf\":{\"@id\":\"https:\/\/vieassociative.be\/actualites\/dans-quelle-mesure-la-situation-financiere-de-la-dg-est-elle-inquietante-paasch-est-trop-optimiste-pour-balter-vivant\/\"},\"author\":{\"name\":\"Julien\",\"@id\":\"https:\/\/vieassociative.be\/actualites\/#\/schema\/person\/b87ac4f82f9d4e7b7cec7395b679edc4\"},\"headline\":\"Dans quelle mesure la situation financi\u00e8re de la DG est-elle inqui\u00e9tante? &#8211; PaaSch est trop optimiste pour Balter (Vivant)\",\"datePublished\":\"2025-06-15T02:18:20+00:00\",\"dateModified\":\"2025-06-15T02:18:20+00:00\",\"mainEntityOfPage\":{\"@id\":\"https:\/\/vieassociative.be\/actualites\/dans-quelle-mesure-la-situation-financiere-de-la-dg-est-elle-inquietante-paasch-est-trop-optimiste-pour-balter-vivant\/\"},\"wordCount\":258,\"publisher\":{\"@id\":\"https:\/\/vieassociative.be\/actualites\/#organization\"},\"image\":{\"@id\":\"https:\/\/vieassociative.be\/actualites\/dans-quelle-mesure-la-situation-financiere-de-la-dg-est-elle-inquietante-paasch-est-trop-optimiste-pour-balter-vivant\/#primaryimage\"},\"thumbnailUrl\":\"https:\/\/vieassociative.be\/actualites\/wp-content\/uploads\/2025\/06\/Dans-quelle-mesure-la-situation-financiere-de-la-DG-est-elle.jpg\",\"keywords\":[\"Balter\",\"dans\",\"est\",\"estelle\",\"financi\u00e8re\",\"inqui\u00e9tante\",\"mesure\",\"optimiste\",\"Paasch\",\"pour\",\"quelle\",\"situation\",\"trop\",\"Vivant\"],\"articleSection\":[\"Belgique\"],\"inLanguage\":\"fr-BE\"},{\"@type\":\"WebPage\",\"@id\":\"https:\/\/vieassociative.be\/actualites\/dans-quelle-mesure-la-situation-financiere-de-la-dg-est-elle-inquietante-paasch-est-trop-optimiste-pour-balter-vivant\/\",\"url\":\"https:\/\/vieassociative.be\/actualites\/dans-quelle-mesure-la-situation-financiere-de-la-dg-est-elle-inquietante-paasch-est-trop-optimiste-pour-balter-vivant\/\",\"name\":\"Dans quelle mesure la situation financi\u00e8re de la DG est-elle inqui\u00e9tante? - PaaSch est trop optimiste pour Balter (Vivant) | Vie Associative\",\"isPartOf\":{\"@id\":\"https:\/\/vieassociative.be\/actualites\/#website\"},\"primaryImageOfPage\":{\"@id\":\"https:\/\/vieassociative.be\/actualites\/dans-quelle-mesure-la-situation-financiere-de-la-dg-est-elle-inquietante-paasch-est-trop-optimiste-pour-balter-vivant\/#primaryimage\"},\"image\":{\"@id\":\"https:\/\/vieassociative.be\/actualites\/dans-quelle-mesure-la-situation-financiere-de-la-dg-est-elle-inquietante-paasch-est-trop-optimiste-pour-balter-vivant\/#primaryimage\"},\"thumbnailUrl\":\"https:\/\/vieassociative.be\/actualites\/wp-content\/uploads\/2025\/06\/Dans-quelle-mesure-la-situation-financiere-de-la-DG-est-elle.jpg\",\"datePublished\":\"2025-06-15T02:18:20+00:00\",\"dateModified\":\"2025-06-15T02:18:20+00:00\",\"breadcrumb\":{\"@id\":\"https:\/\/vieassociative.be\/actualites\/dans-quelle-mesure-la-situation-financiere-de-la-dg-est-elle-inquietante-paasch-est-trop-optimiste-pour-balter-vivant\/#breadcrumb\"},\"inLanguage\":\"fr-BE\",\"potentialAction\":[{\"@type\":\"ReadAction\",\"target\":[\"https:\/\/vieassociative.be\/actualites\/dans-quelle-mesure-la-situation-financiere-de-la-dg-est-elle-inquietante-paasch-est-trop-optimiste-pour-balter-vivant\/\"]}]},{\"@type\":\"ImageObject\",\"inLanguage\":\"fr-BE\",\"@id\":\"https:\/\/vieassociative.be\/actualites\/dans-quelle-mesure-la-situation-financiere-de-la-dg-est-elle-inquietante-paasch-est-trop-optimiste-pour-balter-vivant\/#primaryimage\",\"url\":\"https:\/\/vieassociative.be\/actualites\/wp-content\/uploads\/2025\/06\/Dans-quelle-mesure-la-situation-financiere-de-la-DG-est-elle.jpg\",\"contentUrl\":\"https:\/\/vieassociative.be\/actualites\/wp-content\/uploads\/2025\/06\/Dans-quelle-mesure-la-situation-financiere-de-la-DG-est-elle.jpg\",\"width\":1150,\"height\":766,\"caption\":\"Dans quelle mesure la situation financi\u00e8re de la DG est-elle inqui\u00e9tante? - PaaSch est trop optimiste pour Balter (Vivant)\"},{\"@type\":\"BreadcrumbList\",\"@id\":\"https:\/\/vieassociative.be\/actualites\/dans-quelle-mesure-la-situation-financiere-de-la-dg-est-elle-inquietante-paasch-est-trop-optimiste-pour-balter-vivant\/#breadcrumb\",\"itemListElement\":[{\"@type\":\"ListItem\",\"position\":1,\"name\":\"Accueil\",\"item\":\"https:\/\/vieassociative.be\/actualites\/\"},{\"@type\":\"ListItem\",\"position\":2,\"name\":\"Dans quelle mesure la situation financi\u00e8re de la DG est-elle inqui\u00e9tante? &#8211; PaaSch est trop optimiste pour Balter (Vivant)\"}]},{\"@type\":\"WebSite\",\"@id\":\"https:\/\/vieassociative.be\/actualites\/#website\",\"url\":\"https:\/\/vieassociative.be\/actualites\/\",\"name\":\"Vie Associative\",\"description\":\"\",\"publisher\":{\"@id\":\"https:\/\/vieassociative.be\/actualites\/#organization\"},\"potentialAction\":[{\"@type\":\"SearchAction\",\"target\":{\"@type\":\"EntryPoint\",\"urlTemplate\":\"https:\/\/vieassociative.be\/actualites\/?s={search_term_string}\"},\"query-input\":{\"@type\":\"PropertyValueSpecification\",\"valueRequired\":true,\"valueName\":\"search_term_string\"}}],\"inLanguage\":\"fr-BE\"},{\"@type\":\"Organization\",\"@id\":\"https:\/\/vieassociative.be\/actualites\/#organization\",\"name\":\"Vie Associative\",\"url\":\"https:\/\/vieassociative.be\/actualites\/\",\"logo\":{\"@type\":\"ImageObject\",\"inLanguage\":\"fr-BE\",\"@id\":\"https:\/\/vieassociative.be\/actualites\/#\/schema\/logo\/image\/\",\"url\":\"https:\/\/vieassociative.be\/actualites\/wp-content\/uploads\/2024\/09\/cropped-vieassociative_favicon.ico.png\",\"contentUrl\":\"https:\/\/vieassociative.be\/actualites\/wp-content\/uploads\/2024\/09\/cropped-vieassociative_favicon.ico.png\",\"width\":512,\"height\":512,\"caption\":\"Vie Associative\"},\"image\":{\"@id\":\"https:\/\/vieassociative.be\/actualites\/#\/schema\/logo\/image\/\"}},{\"@type\":\"Person\",\"@id\":\"https:\/\/vieassociative.be\/actualites\/#\/schema\/person\/b87ac4f82f9d4e7b7cec7395b679edc4\",\"name\":\"Julien\",\"image\":{\"@type\":\"ImageObject\",\"inLanguage\":\"fr-BE\",\"@id\":\"https:\/\/vieassociative.be\/actualites\/#\/schema\/person\/image\/\",\"url\":\"https:\/\/vieassociative.be\/actualites\/wp-content\/uploads\/2024\/09\/vie-associative-1-150x150.jpg\",\"contentUrl\":\"https:\/\/vieassociative.be\/actualites\/wp-content\/uploads\/2024\/09\/vie-associative-1-150x150.jpg\",\"caption\":\"Julien\"},\"description\":\"Je suis Julien, r\u00e9dacteur pour Vie Associative. Passionn\u00e9 par le monde associatif depuis plus de 10 ans, j'ai \u00e0 c\u0153ur de partager des histoires inspirantes et de mettre en lumi\u00e8re les initiatives locales. Mon objectif est de sensibiliser et d'encourager l'engagement communautaire \u00e0 travers mes articles.\",\"sameAs\":[\"https:\/\/vieassociative.be\/\"]}]}<\/script>\n<!-- \/ Yoast SEO plugin. -->","yoast_head_json":{"title":"Dans quelle mesure la situation financi\u00e8re de la DG est-elle inqui\u00e9tante? - PaaSch est trop optimiste pour Balter (Vivant) | Vie Associative","robots":{"index":"index","follow":"follow","max-snippet":"max-snippet:-1","max-image-preview":"max-image-preview:large","max-video-preview":"max-video-preview:-1"},"canonical":"https:\/\/vieassociative.be\/actualites\/dans-quelle-mesure-la-situation-financiere-de-la-dg-est-elle-inquietante-paasch-est-trop-optimiste-pour-balter-vivant\/","og_locale":"fr_FR","og_type":"article","og_title":"Dans quelle mesure la situation financi\u00e8re de la DG est-elle inqui\u00e9tante? - PaaSch est trop optimiste pour Balter (Vivant) | Vie Associative","og_description":"Alors que la Belgique, selon le bureau de planification, se dirige vers un d\u00e9ficit budg\u00e9taire pouvant atteindre 6,5% et une dette publique de 120% du","og_url":"https:\/\/vieassociative.be\/actualites\/dans-quelle-mesure-la-situation-financiere-de-la-dg-est-elle-inquietante-paasch-est-trop-optimiste-pour-balter-vivant\/","og_site_name":"Vie Associative","article_published_time":"2025-06-15T02:18:20+00:00","og_image":[{"width":279,"height":92,"url":"https:\/\/vieassociative.be\/actualites\/wp-content\/uploads\/2024\/09\/header_backgroundk-01-e1726694325946.png","type":"image\/png"}],"author":"Julien","twitter_card":"summary_large_image","twitter_misc":{"\u00c9crit par":"Julien","Dur\u00e9e de lecture est.":"1 minute"},"schema":{"@context":"https:\/\/schema.org","@graph":[{"@type":"Article","@id":"https:\/\/vieassociative.be\/actualites\/dans-quelle-mesure-la-situation-financiere-de-la-dg-est-elle-inquietante-paasch-est-trop-optimiste-pour-balter-vivant\/#article","isPartOf":{"@id":"https:\/\/vieassociative.be\/actualites\/dans-quelle-mesure-la-situation-financiere-de-la-dg-est-elle-inquietante-paasch-est-trop-optimiste-pour-balter-vivant\/"},"author":{"name":"Julien","@id":"https:\/\/vieassociative.be\/actualites\/#\/schema\/person\/b87ac4f82f9d4e7b7cec7395b679edc4"},"headline":"Dans quelle mesure la situation financi\u00e8re de la DG est-elle inqui\u00e9tante? &#8211; PaaSch est trop optimiste pour Balter (Vivant)","datePublished":"2025-06-15T02:18:20+00:00","dateModified":"2025-06-15T02:18:20+00:00","mainEntityOfPage":{"@id":"https:\/\/vieassociative.be\/actualites\/dans-quelle-mesure-la-situation-financiere-de-la-dg-est-elle-inquietante-paasch-est-trop-optimiste-pour-balter-vivant\/"},"wordCount":258,"publisher":{"@id":"https:\/\/vieassociative.be\/actualites\/#organization"},"image":{"@id":"https:\/\/vieassociative.be\/actualites\/dans-quelle-mesure-la-situation-financiere-de-la-dg-est-elle-inquietante-paasch-est-trop-optimiste-pour-balter-vivant\/#primaryimage"},"thumbnailUrl":"https:\/\/vieassociative.be\/actualites\/wp-content\/uploads\/2025\/06\/Dans-quelle-mesure-la-situation-financiere-de-la-DG-est-elle.jpg","keywords":["Balter","dans","est","estelle","financi\u00e8re","inqui\u00e9tante","mesure","optimiste","Paasch","pour","quelle","situation","trop","Vivant"],"articleSection":["Belgique"],"inLanguage":"fr-BE"},{"@type":"WebPage","@id":"https:\/\/vieassociative.be\/actualites\/dans-quelle-mesure-la-situation-financiere-de-la-dg-est-elle-inquietante-paasch-est-trop-optimiste-pour-balter-vivant\/","url":"https:\/\/vieassociative.be\/actualites\/dans-quelle-mesure-la-situation-financiere-de-la-dg-est-elle-inquietante-paasch-est-trop-optimiste-pour-balter-vivant\/","name":"Dans quelle mesure la situation financi\u00e8re de la DG est-elle inqui\u00e9tante? - PaaSch est trop optimiste pour Balter (Vivant) | Vie Associative","isPartOf":{"@id":"https:\/\/vieassociative.be\/actualites\/#website"},"primaryImageOfPage":{"@id":"https:\/\/vieassociative.be\/actualites\/dans-quelle-mesure-la-situation-financiere-de-la-dg-est-elle-inquietante-paasch-est-trop-optimiste-pour-balter-vivant\/#primaryimage"},"image":{"@id":"https:\/\/vieassociative.be\/actualites\/dans-quelle-mesure-la-situation-financiere-de-la-dg-est-elle-inquietante-paasch-est-trop-optimiste-pour-balter-vivant\/#primaryimage"},"thumbnailUrl":"https:\/\/vieassociative.be\/actualites\/wp-content\/uploads\/2025\/06\/Dans-quelle-mesure-la-situation-financiere-de-la-DG-est-elle.jpg","datePublished":"2025-06-15T02:18:20+00:00","dateModified":"2025-06-15T02:18:20+00:00","breadcrumb":{"@id":"https:\/\/vieassociative.be\/actualites\/dans-quelle-mesure-la-situation-financiere-de-la-dg-est-elle-inquietante-paasch-est-trop-optimiste-pour-balter-vivant\/#breadcrumb"},"inLanguage":"fr-BE","potentialAction":[{"@type":"ReadAction","target":["https:\/\/vieassociative.be\/actualites\/dans-quelle-mesure-la-situation-financiere-de-la-dg-est-elle-inquietante-paasch-est-trop-optimiste-pour-balter-vivant\/"]}]},{"@type":"ImageObject","inLanguage":"fr-BE","@id":"https:\/\/vieassociative.be\/actualites\/dans-quelle-mesure-la-situation-financiere-de-la-dg-est-elle-inquietante-paasch-est-trop-optimiste-pour-balter-vivant\/#primaryimage","url":"https:\/\/vieassociative.be\/actualites\/wp-content\/uploads\/2025\/06\/Dans-quelle-mesure-la-situation-financiere-de-la-DG-est-elle.jpg","contentUrl":"https:\/\/vieassociative.be\/actualites\/wp-content\/uploads\/2025\/06\/Dans-quelle-mesure-la-situation-financiere-de-la-DG-est-elle.jpg","width":1150,"height":766,"caption":"Dans quelle mesure la situation financi\u00e8re de la DG est-elle inqui\u00e9tante? - PaaSch est trop optimiste pour Balter (Vivant)"},{"@type":"BreadcrumbList","@id":"https:\/\/vieassociative.be\/actualites\/dans-quelle-mesure-la-situation-financiere-de-la-dg-est-elle-inquietante-paasch-est-trop-optimiste-pour-balter-vivant\/#breadcrumb","itemListElement":[{"@type":"ListItem","position":1,"name":"Accueil","item":"https:\/\/vieassociative.be\/actualites\/"},{"@type":"ListItem","position":2,"name":"Dans quelle mesure la situation financi\u00e8re de la DG est-elle inqui\u00e9tante? &#8211; PaaSch est trop optimiste pour Balter (Vivant)"}]},{"@type":"WebSite","@id":"https:\/\/vieassociative.be\/actualites\/#website","url":"https:\/\/vieassociative.be\/actualites\/","name":"Vie Associative","description":"","publisher":{"@id":"https:\/\/vieassociative.be\/actualites\/#organization"},"potentialAction":[{"@type":"SearchAction","target":{"@type":"EntryPoint","urlTemplate":"https:\/\/vieassociative.be\/actualites\/?s={search_term_string}"},"query-input":{"@type":"PropertyValueSpecification","valueRequired":true,"valueName":"search_term_string"}}],"inLanguage":"fr-BE"},{"@type":"Organization","@id":"https:\/\/vieassociative.be\/actualites\/#organization","name":"Vie Associative","url":"https:\/\/vieassociative.be\/actualites\/","logo":{"@type":"ImageObject","inLanguage":"fr-BE","@id":"https:\/\/vieassociative.be\/actualites\/#\/schema\/logo\/image\/","url":"https:\/\/vieassociative.be\/actualites\/wp-content\/uploads\/2024\/09\/cropped-vieassociative_favicon.ico.png","contentUrl":"https:\/\/vieassociative.be\/actualites\/wp-content\/uploads\/2024\/09\/cropped-vieassociative_favicon.ico.png","width":512,"height":512,"caption":"Vie Associative"},"image":{"@id":"https:\/\/vieassociative.be\/actualites\/#\/schema\/logo\/image\/"}},{"@type":"Person","@id":"https:\/\/vieassociative.be\/actualites\/#\/schema\/person\/b87ac4f82f9d4e7b7cec7395b679edc4","name":"Julien","image":{"@type":"ImageObject","inLanguage":"fr-BE","@id":"https:\/\/vieassociative.be\/actualites\/#\/schema\/person\/image\/","url":"https:\/\/vieassociative.be\/actualites\/wp-content\/uploads\/2024\/09\/vie-associative-1-150x150.jpg","contentUrl":"https:\/\/vieassociative.be\/actualites\/wp-content\/uploads\/2024\/09\/vie-associative-1-150x150.jpg","caption":"Julien"},"description":"Je suis Julien, r\u00e9dacteur pour Vie Associative. Passionn\u00e9 par le monde associatif depuis plus de 10 ans, j'ai \u00e0 c\u0153ur de partager des histoires inspirantes et de mettre en lumi\u00e8re les initiatives locales. Mon objectif est de sensibiliser et d'encourager l'engagement communautaire \u00e0 travers mes articles.","sameAs":["https:\/\/vieassociative.be\/"]}]}},"_links":{"self":[{"href":"https:\/\/vieassociative.be\/actualites\/wp-json\/wp\/v2\/posts\/8196"}],"collection":[{"href":"https:\/\/vieassociative.be\/actualites\/wp-json\/wp\/v2\/posts"}],"about":[{"href":"https:\/\/vieassociative.be\/actualites\/wp-json\/wp\/v2\/types\/post"}],"author":[{"embeddable":true,"href":"https:\/\/vieassociative.be\/actualites\/wp-json\/wp\/v2\/users\/1"}],"replies":[{"embeddable":true,"href":"https:\/\/vieassociative.be\/actualites\/wp-json\/wp\/v2\/comments?post=8196"}],"version-history":[{"count":0,"href":"https:\/\/vieassociative.be\/actualites\/wp-json\/wp\/v2\/posts\/8196\/revisions"}],"wp:featuredmedia":[{"embeddable":true,"href":"https:\/\/vieassociative.be\/actualites\/wp-json\/wp\/v2\/media\/8197"}],"wp:attachment":[{"href":"https:\/\/vieassociative.be\/actualites\/wp-json\/wp\/v2\/media?parent=8196"}],"wp:term":[{"taxonomy":"category","embeddable":true,"href":"https:\/\/vieassociative.be\/actualites\/wp-json\/wp\/v2\/categories?post=8196"},{"taxonomy":"post_tag","embeddable":true,"href":"https:\/\/vieassociative.be\/actualites\/wp-json\/wp\/v2\/tags?post=8196"}],"curies":[{"name":"wp","href":"https:\/\/api.w.org\/{rel}","templated":true}]}}