{"id":8188,"date":"2025-06-14T21:17:54","date_gmt":"2025-06-14T19:17:54","guid":{"rendered":"https:\/\/vieassociative.be\/actualites\/vos-questions-dans-lapplication-meta-ai-pourraient-etre-publiees-publiquement\/"},"modified":"2025-06-14T21:17:54","modified_gmt":"2025-06-14T19:17:54","slug":"vos-questions-dans-lapplication-meta-ai-pourraient-etre-publiees-publiquement","status":"publish","type":"post","link":"https:\/\/vieassociative.be\/actualites\/vos-questions-dans-lapplication-meta-ai-pourraient-etre-publiees-publiquement\/","title":{"rendered":"Vos questions dans l&rsquo;application Meta AI pourraient \u00eatre publi\u00e9es publiquement"},"content":{"rendered":"<div class=\"mt-4 leading-6 md:mb-8\">Je vous vois.<\/div>\n<p><\/p>\n<p>Je n&rsquo;ai jamais pens\u00e9 t\u00e9l\u00e9charger Meta Ai sur mon iPhone. Apr\u00e8s tout, les gens sont fous depuis plus d&rsquo;un an que vous ne pouvez pas d\u00e9sactiver Meta Ai sur Facebook et Instagram: <em>Pourquoi <\/em>Voudriez-vous une application d\u00e9di\u00e9e pour cela?<\/p>\n<p>Ensuite, j&rsquo;ai vu les gros titres de TechCrunch, Wired et Business Insider, entre autres, qui critiquent fortement l&rsquo;approche de l&rsquo;application en mati\u00e8re de confidentialit\u00e9 et de s\u00e9curit\u00e9. C&rsquo;est parce que Meta Ai n&rsquo;est pas le point de vue de Meta sur Chatgpt, Gemini ou Claude. Au lieu de cela, il s&rsquo;agit d&rsquo;une plate-forme multim\u00e9dia \u00e0 moiti\u00e9 chatbot, \u00e0 moiti\u00e9 sociale, o\u00f9 vos demandes et questions peuvent \u00eatre partag\u00e9es avec le reste de la communaut\u00e9 Meta AI.<\/p>\n<p>Pour \u00eatre clair, vos interactions META AI ne sont pas partag\u00e9es par d\u00e9faut. Vous devez choisir de publier vos requ\u00eates sur l&rsquo;aspect social de l&rsquo;application. Si vous choisissez de le faire, vos demandes sont publi\u00e9es sur un flux de d\u00e9couverte publique pour tous avec l&rsquo;application. Cela invite les utilisateurs qui souhaitent partager leurs cr\u00e9ations d&rsquo;IA, bien s\u00fbr, ainsi que les trolls qui souhaitent spammer le flux avec des demandes et des g\u00e9n\u00e9rations idiotes ou offensives. Mais ce qui est plus pr\u00e9occupant dans le flux, cependant, c&rsquo;est qu&rsquo;il h\u00e9berge des publications qui ne comprenaient clairement pas qu&rsquo;ils publiaient leurs conversations publiquement. <\/p>\n<h2 id=\"meta-ais-discover-feed-is-a-sight-to-behold\">Le flux de d\u00e9couverte de Meta Ai est un spectacle \u00e0 voir   <\/h2>\n<p>Ma premi\u00e8re impression lors du d\u00e9filement de ce flux a \u00e9t\u00e9 qu&rsquo;il semble que la plupart des utilisateurs soient sur l&rsquo;aspect social de l&rsquo;application. Certains messages semblent destin\u00e9s \u00e0 un public public, les utilisateurs commentant comme ils le feraient sur une publication Instagram Facebook. Et, en fait, la plupart de ces messages sont assez inoffensifs: un chien maltais nageant dans une piscine; Des clowns tueurs de l&rsquo;espace; Nartuo et Deku se heurtent \u00e0 une bataille multivers \u00e9pique; et beaucoup d&rsquo;animaux anthropomorphes &#8230; tant d&rsquo;animaux anthropomorphes.  <\/p>\n<p>M\u00eame certains des messages personnels conviennent \u00e0 un public: j&rsquo;ai vu une capture d&rsquo;\u00e9cran des statistiques de sommeil de quelqu&rsquo;un probablement suivis d&rsquo;une Apple Watch, et l&rsquo;utilisateur demandait \u00e0 Meta AI d&rsquo;analyser les statistiques et de signaler ce qu&rsquo;il pensait. L&rsquo;utilisateur r\u00e9pondait ensuite aux commentaires, y compris \u00e0 un utilisateur qui a dit que \u00ab\u00a0l&rsquo;audit a l&rsquo;air bien\u00a0\u00bb et qui a demand\u00e9 si l&rsquo;utilisateur dort avec \u00ab\u00a0ces\u00a0\u00bb sur &#8211; \u00ab\u00a0ces\u00a0\u00bb signifiant vraisemblablement une montre intelligente? Pourquoi vous voudriez commencer une discussion publique sur vos habitudes de sommeil avec des \u00e9trangers me d\u00e9passe, mais pour chacun de leurs propres.   <\/p>\n<p>Mais de temps en temps, vous rencontrez quelque chose qui \u00e9tait <em>clairement<\/em> destin\u00e9 \u00e0 rester priv\u00e9 &#8211; du moins entre l&rsquo;utilisateur et la m\u00e9ta &#8211; et est d\u00e9sormais visible pour moi. J&rsquo;ai vu quelqu&rsquo;un publier un selfie tr\u00e8s rapproch\u00e9 demandant une cure de jouvence belle mais r\u00e9aliste. Ils ne semblaient pas satisfaits du maquillage num\u00e9rique et de carnaval que l&rsquo;AI \u00e9tait utilis\u00e9, car ils ont demand\u00e9 \u00e0 nouveau qu&rsquo;il avait l&rsquo;air r\u00e9aliste. (Ce n&rsquo;est pas le cas.) Quelqu&rsquo;un a demand\u00e9 une \u00ab\u00a0mignonne fille mignonne skinny dans des chaussettes \u00e0 rayures roses, le potentiel dans le club.\u00a0\u00bb (Je peux signaler que Meta Ai a anim\u00e9 cela.) Le m\u00eame homme a ensuite publi\u00e9 une image de lui-m\u00eame avec deux femmes s&#8217;embrassant en arri\u00e8re-plan (ces femmes ont \u00e9t\u00e9 ajout\u00e9es par Meta Ai dans une demande distincte) et a demand\u00e9 \u00e0 Meta de continuer \u00e0 ajouter de plus en plus de femmes \u00e0 l&rsquo;arri\u00e8re-plan. Le seul commentaire que j&rsquo;ai vu lire: \u00ab\u00a0Ceux-ci sont publi\u00e9s publiquement, mon gars.\u00a0\u00bb<\/p>\n<p>Ce n&rsquo;est pas seulement que ces messages sont publics: ils sont li\u00e9s \u00e0 votre m\u00e9ta-compte, que n&rsquo;importe qui peut exploiter pour voir votre<em> entier<\/em> Histoire de la publication. Un utilisateur qui a demand\u00e9 \u00e0 Meta de g\u00e9n\u00e9rer des \u00ab\u00a0bikinis boueux et des baisers passionn\u00e9s\u00a0\u00bb a \u00e9galement demand\u00e9 \u00e0 Meta Ai quoi faire \u00e0 propos d&rsquo;un certain nombre de bosses rouges sur leur cuisse int\u00e9rieure. D\u00e9sol\u00e9, vous passez par cela, mais aussi, pourquoi moi et le reste de l&rsquo;application Meta Ai connaissez-vous? Je vais sortir sur un membre et supposer que vous ne vouliez pas partager cela &#8211; \u00e0 moins que vous ne fassiez juste avec nous.<\/p>\n<h2 id=\"meta-ai-is-a-privacy-and-security-nightmare\">Meta Ai est un cauchemar de confidentialit\u00e9 et de s\u00e9curit\u00e9<\/h2>\n<p>En g\u00e9n\u00e9ral, Meta a une mauvaise r\u00e9putation en mati\u00e8re d&rsquo;intimit\u00e9. (C&rsquo;est la soci\u00e9t\u00e9 qui a permis \u00e0 87 millions de comptes d&rsquo;\u00eatre expos\u00e9s \u00e0 Cambridge Analytica, apr\u00e8s tout.) Mais cette application est une confidentialit\u00e9 et une s\u00e9curit\u00e9 <em>cauchemar<\/em>.<\/p>\n<div class=\"pogoClear relative my-10 border-b-(1.5px) border-t-(1.5px) border-dashed border-black py-5 sm:my-14 sm:border-0 sm:py-0\" data-ga-click data-ga-template=\"News\" data-ga-module=\"openweb_widget\" data-ga-element=\"openweb_scroll\" data-ga-item=\"openweb_scroll_midpage\" x-data=\"{\n         commentsCount: null,\n         hasComments: false,\n         async fetchCommentsCount() {\n             try {\n                 if (window.openweb &amp;&amp; typeof window.openweb.getMessagesCount === 'function') {\n                     this.commentsCount = await window.openweb.getMessagesCount('01JXN6G5PCFQQNJNM4214CCC2K');\n                     this.hasComments = this.commentsCount !== null &amp;&amp; this.commentsCount &gt; 0;\n                 }\n             } catch (e) {\n                 console.warn('Failed to fetch comment count:', e);\n             }\n         }\n     }\" x-init=\"fetchCommentsCount()\" x-cloak><\/p>\n<div class=\"absolute top-1\/2 hidden w-full -translate-y-1\/2 border-t-(1.5px) border-dashed border-black sm:block\"><\/div>\n<div class=\"relative flex justify-center\">\n<div class=\"flex max-w-fit items-center gap-x-3 bg-white px-5\">\n<div class=\"relative\">\n                <span class=\"absolute left-1\/2 top-1\/2 -translate-x-1\/2 -translate-y-1\/2 font-akshar text-sm font-medium text-black\" aria-live=\"polite\" x-show=\"hasComments\" x-text=\"commentsCount\"><\/span><\/p>\n<p>                <svg class=\"h-8 w-8 text-black\" role=\"img\" aria-hidden=\"true\">\n                    <use href=\"http:\/\/lifehacker.com\/images\/icons\/spritemap.svg#sprite-chat-bubble\"><\/use>\n                <\/svg>\n            <\/div>\n<p>            <span class=\"text-sm font-medium text-black\"><\/p>\n<p>                Que pensez-vous jusqu&rsquo;\u00e0 pr\u00e9sent?<br \/>\n                <button class=\"ml-1 font-semibold text-brand-green underline hover:text-brand-green-700\" type=\"button\" aria-label=\"Comment section trigger\" onclick=\"window.openweb.scrollToComments('01JXN6G5PCFQQNJNM4214CCC2K')\" x-text=\"hasComments ? 'Post a comment.' : 'Be the first to post a comment.'\"><\/button><br \/>\n            <\/span>\n        <\/div>\n<\/p><\/div>\n<\/div>\n<p>En jetant un coup d&rsquo;\u0153il au rapport de confidentialit\u00e9 de l&rsquo;application iOS App Store, Meta Ai gratte un <em>tonne <\/em>De vos donn\u00e9es, notamment la sant\u00e9 et la condition physique, les informations financi\u00e8res, les coordonn\u00e9es, l&rsquo;historique de navigation, les donn\u00e9es d&rsquo;utilisation, votre emplacement, vos contacts, l&rsquo;historique de recherche, les informations sensibles et les \u00abenvirons\u00bb, ce que je ne savais m\u00eame pas \u00eatre une m\u00e9trique. (Selon Apple, cela signifie \u00abnum\u00e9risation de l&rsquo;environnement\u00bb, y compris \u00abmaillage, avions, classification des sc\u00e8ne et \/ ou d\u00e9tection d&rsquo;image de l&rsquo;environnement de l&rsquo;utilisateur\u00bb).<\/p>\n<p>Mais en fouillant dans les param\u00e8tres, il y a des d\u00e9fauts terribles ici. Tout d&rsquo;abord, Meta sugg\u00e9rera vos invites partag\u00e9es publiquement sur d&rsquo;autres plateformes, comme Facebook et Instagram. (Vous pouvez d\u00e9sactiver cela des param\u00e8tres int\u00e9gr\u00e9s de Meta AI en appuyant sur votre ic\u00f4ne de profil, puis \u00e0 partir de <strong>Donn\u00e9es et confidentialit\u00e9> sugg\u00e9rant vos invites sur d&rsquo;autres applications<\/strong>.) Meta Ai conserve \u00e9galement les \u00ab\u00a0conversations d&rsquo;arri\u00e8re-plan\u00a0\u00bb activ\u00e9es, ce qui vous \u00e9coute essentiellement lorsque vous quittez l&rsquo;application ou que vous endormez votre t\u00e9l\u00e9phone au cas o\u00f9 vous voudriez continuer \u00e0 discuter avec Meta Ai \u00e0 tout moment. Non merci. (Tu peux tourner <em>ce<\/em> se d\u00e9connecter de <strong>Param\u00e8tres> Donn\u00e9es et confidentialit\u00e9> voix<\/strong>.)<\/p>\n<p>Il y a aussi de s\u00e9rieuses implications de s\u00e9curit\u00e9 ici. Une personne a partag\u00e9 une photo de son ordinateur (une prise avec une cam\u00e9ra, pas une capture d&rsquo;\u00e9cran, faites attention), qui a affich\u00e9 un avertissement que son compte Facebook serait d\u00e9sactiv\u00e9 dans 169 jours. Il s&rsquo;av\u00e8re que Facebook avait interdit son compte, mais l&rsquo;utilisateur avait fait appel et avait \u00e9t\u00e9 confondu sur ce qu&rsquo;il fallait faire ensuite. L&rsquo;utilisateur a partag\u00e9 son nom complet et a demand\u00e9 si le bot pouvait \u00ab\u00a0parler \u00e0 cette IA de mon appel?\u00a0\u00bb Ils ont ensuite partag\u00e9, sans inciter le type d&rsquo;entreprise qu&rsquo;ils dirigent, ce qui \u00e9tait suffisant pour moi de trouver leurs comptes LinkedIn et Instagram. Je suis assez convaincu que cette personne n&rsquo;avait aucune id\u00e9e que leurs demandes \u00e0 Meta IA ont \u00e9t\u00e9 publi\u00e9es publiquement, et je suppose que s&rsquo;ils savaient, ils ne partageraient pas ces d\u00e9tails \u00e0 la l\u00e9g\u00e8re &#8211; ni converser avec Meta IA du tout.<\/p>\n<p>Trop de gens semblent ignorer que les publications qu&rsquo;ils partagent avec Meta Ai d&rsquo;eux-m\u00eames avec des amis et la famille, ou les questions profond\u00e9ment sensibles qu&rsquo;ils confient au bot, sont d\u00e9sormais publiques \u00e0 la communaut\u00e9 des utilisateurs parcourant l&rsquo;onglet Discover. Bien s\u00fbr, il y a toujours la possibilit\u00e9 que l&rsquo;un de ces messages soit un troll \u00e9labor\u00e9, en particulier avec la r\u00e9cente attention des m\u00e9dias sur l&rsquo;application de Meta Ai. Mais quelque chose me dit que la personne qui demande de l&rsquo;aide pour l&rsquo;interdiction de son compte est une vraie personne, qui n&rsquo;avait aucune id\u00e9e que sa conversation d\u00e9sesp\u00e9r\u00e9e avec un m\u00e9ta-produit se retrouverait sur un flux public, et encore moins dans cet article.<\/p>\n<h2 id=\"make-all-your-public-meta-ai-posts-private\">Faites tous vos publications publiques Meta Ai priv\u00e9es<\/h2>\n<p>Si vous avez publi\u00e9 sur l&rsquo;application Meta AI sans s&rsquo;en rendre compte, ou regrettez tout simplement tous vos publications publiques, vous pouvez les rendre tous priv\u00e9s en un seul coup. Pour ce faire, dirigez-vous vers <strong>Param\u00e8tres> Donn\u00e9es et confidentialit\u00e9> G\u00e9rer vos informations<\/strong>. Appuyez sur \u00ab\u00a0Rendez toutes les invites publiques visibles pour vous uniquement\u00a0\u00bb, puis \u00ab\u00a0Appliquez \u00e0 tous\u00a0\u00bb pour privatiser tous les messages. Ou, vous pouvez appuyer sur \u00ab\u00a0Supprimer toutes les invites\u00a0\u00bb, puis \u00ab\u00a0Supprimer tout\u00a0\u00bb pour vous en d\u00e9barrasser pour de bon.<\/p>\n","protected":false},"excerpt":{"rendered":"<p>Je vous vois. Je n&rsquo;ai jamais pens\u00e9 t\u00e9l\u00e9charger Meta Ai sur mon iPhone. Apr\u00e8s tout, les gens sont fous depuis plus d&rsquo;un an que vous<\/p>\n","protected":false},"author":1,"featured_media":8189,"comment_status":"","ping_status":"","sticky":false,"template":"","format":"standard","meta":{"footnotes":""},"categories":[13],"tags":[166,23,282,487,1168,7411,7318,481,27],"class_list":["post-8188","post","type-post","status-publish","format-standard","has-post-thumbnail","hentry","category-technologie","tag-dans","tag-etre","tag-lapplication","tag-meta","tag-pourraient","tag-publiees","tag-publiquement","tag-questions","tag-vos","generate-columns","tablet-grid-50","mobile-grid-100","grid-parent","grid-33"],"yoast_head":"<!-- This site is optimized with the Yoast SEO plugin v24.0 - https:\/\/yoast.com\/wordpress\/plugins\/seo\/ -->\n<title>Vos questions dans l&#039;application Meta AI pourraient \u00eatre publi\u00e9es publiquement | Vie Associative<\/title>\n<meta name=\"robots\" content=\"index, follow, max-snippet:-1, max-image-preview:large, max-video-preview:-1\" \/>\n<link rel=\"canonical\" href=\"https:\/\/vieassociative.be\/actualites\/vos-questions-dans-lapplication-meta-ai-pourraient-etre-publiees-publiquement\/\" \/>\n<meta property=\"og:locale\" content=\"fr_FR\" \/>\n<meta property=\"og:type\" content=\"article\" \/>\n<meta property=\"og:title\" content=\"Vos questions dans l&#039;application Meta AI pourraient \u00eatre publi\u00e9es publiquement | Vie Associative\" \/>\n<meta property=\"og:description\" content=\"Je vous vois. Je n&rsquo;ai jamais pens\u00e9 t\u00e9l\u00e9charger Meta Ai sur mon iPhone. Apr\u00e8s tout, les gens sont fous depuis plus d&rsquo;un an que vous\" \/>\n<meta property=\"og:url\" content=\"https:\/\/vieassociative.be\/actualites\/vos-questions-dans-lapplication-meta-ai-pourraient-etre-publiees-publiquement\/\" \/>\n<meta property=\"og:site_name\" content=\"Vie Associative\" \/>\n<meta property=\"article:published_time\" content=\"2025-06-14T19:17:54+00:00\" \/>\n<meta property=\"og:image\" content=\"https:\/\/vieassociative.be\/actualites\/wp-content\/uploads\/2024\/09\/header_backgroundk-01-e1726694325946.png\" \/>\n\t<meta property=\"og:image:width\" content=\"279\" \/>\n\t<meta property=\"og:image:height\" content=\"92\" \/>\n\t<meta property=\"og:image:type\" content=\"image\/png\" \/>\n<meta name=\"author\" content=\"Julien\" \/>\n<meta name=\"twitter:card\" content=\"summary_large_image\" \/>\n<meta name=\"twitter:label1\" content=\"\u00c9crit par\" \/>\n\t<meta name=\"twitter:data1\" content=\"Julien\" \/>\n\t<meta name=\"twitter:label2\" content=\"Dur\u00e9e de lecture est.\" \/>\n\t<meta name=\"twitter:data2\" content=\"7 minutes\" \/>\n<script type=\"application\/ld+json\" class=\"yoast-schema-graph\">{\"@context\":\"https:\/\/schema.org\",\"@graph\":[{\"@type\":\"Article\",\"@id\":\"https:\/\/vieassociative.be\/actualites\/vos-questions-dans-lapplication-meta-ai-pourraient-etre-publiees-publiquement\/#article\",\"isPartOf\":{\"@id\":\"https:\/\/vieassociative.be\/actualites\/vos-questions-dans-lapplication-meta-ai-pourraient-etre-publiees-publiquement\/\"},\"author\":{\"name\":\"Julien\",\"@id\":\"https:\/\/vieassociative.be\/actualites\/#\/schema\/person\/b87ac4f82f9d4e7b7cec7395b679edc4\"},\"headline\":\"Vos questions dans l&rsquo;application Meta AI pourraient \u00eatre publi\u00e9es publiquement\",\"datePublished\":\"2025-06-14T19:17:54+00:00\",\"dateModified\":\"2025-06-14T19:17:54+00:00\",\"mainEntityOfPage\":{\"@id\":\"https:\/\/vieassociative.be\/actualites\/vos-questions-dans-lapplication-meta-ai-pourraient-etre-publiees-publiquement\/\"},\"wordCount\":1461,\"publisher\":{\"@id\":\"https:\/\/vieassociative.be\/actualites\/#organization\"},\"image\":{\"@id\":\"https:\/\/vieassociative.be\/actualites\/vos-questions-dans-lapplication-meta-ai-pourraient-etre-publiees-publiquement\/#primaryimage\"},\"thumbnailUrl\":\"https:\/\/vieassociative.be\/actualites\/wp-content\/uploads\/2025\/06\/Vos-questions-dans-lapplication-Meta-AI-pourraient-etre-publiees-publiquement.png\",\"keywords\":[\"dans\",\"\u00eatre\",\"lapplication\",\"Meta\",\"pourraient\",\"publi\u00e9es\",\"publiquement\",\"questions\",\"vos\"],\"articleSection\":[\"Technologie\"],\"inLanguage\":\"fr-BE\"},{\"@type\":\"WebPage\",\"@id\":\"https:\/\/vieassociative.be\/actualites\/vos-questions-dans-lapplication-meta-ai-pourraient-etre-publiees-publiquement\/\",\"url\":\"https:\/\/vieassociative.be\/actualites\/vos-questions-dans-lapplication-meta-ai-pourraient-etre-publiees-publiquement\/\",\"name\":\"Vos questions dans l'application Meta AI pourraient \u00eatre publi\u00e9es publiquement | Vie Associative\",\"isPartOf\":{\"@id\":\"https:\/\/vieassociative.be\/actualites\/#website\"},\"primaryImageOfPage\":{\"@id\":\"https:\/\/vieassociative.be\/actualites\/vos-questions-dans-lapplication-meta-ai-pourraient-etre-publiees-publiquement\/#primaryimage\"},\"image\":{\"@id\":\"https:\/\/vieassociative.be\/actualites\/vos-questions-dans-lapplication-meta-ai-pourraient-etre-publiees-publiquement\/#primaryimage\"},\"thumbnailUrl\":\"https:\/\/vieassociative.be\/actualites\/wp-content\/uploads\/2025\/06\/Vos-questions-dans-lapplication-Meta-AI-pourraient-etre-publiees-publiquement.png\",\"datePublished\":\"2025-06-14T19:17:54+00:00\",\"dateModified\":\"2025-06-14T19:17:54+00:00\",\"breadcrumb\":{\"@id\":\"https:\/\/vieassociative.be\/actualites\/vos-questions-dans-lapplication-meta-ai-pourraient-etre-publiees-publiquement\/#breadcrumb\"},\"inLanguage\":\"fr-BE\",\"potentialAction\":[{\"@type\":\"ReadAction\",\"target\":[\"https:\/\/vieassociative.be\/actualites\/vos-questions-dans-lapplication-meta-ai-pourraient-etre-publiees-publiquement\/\"]}]},{\"@type\":\"ImageObject\",\"inLanguage\":\"fr-BE\",\"@id\":\"https:\/\/vieassociative.be\/actualites\/vos-questions-dans-lapplication-meta-ai-pourraient-etre-publiees-publiquement\/#primaryimage\",\"url\":\"https:\/\/vieassociative.be\/actualites\/wp-content\/uploads\/2025\/06\/Vos-questions-dans-lapplication-Meta-AI-pourraient-etre-publiees-publiquement.png\",\"contentUrl\":\"https:\/\/vieassociative.be\/actualites\/wp-content\/uploads\/2025\/06\/Vos-questions-dans-lapplication-Meta-AI-pourraient-etre-publiees-publiquement.png\",\"width\":1200,\"height\":675,\"caption\":\"Vos questions dans l'application Meta AI pourraient \u00eatre publi\u00e9es publiquement\"},{\"@type\":\"BreadcrumbList\",\"@id\":\"https:\/\/vieassociative.be\/actualites\/vos-questions-dans-lapplication-meta-ai-pourraient-etre-publiees-publiquement\/#breadcrumb\",\"itemListElement\":[{\"@type\":\"ListItem\",\"position\":1,\"name\":\"Accueil\",\"item\":\"https:\/\/vieassociative.be\/actualites\/\"},{\"@type\":\"ListItem\",\"position\":2,\"name\":\"Vos questions dans l&rsquo;application Meta AI pourraient \u00eatre publi\u00e9es publiquement\"}]},{\"@type\":\"WebSite\",\"@id\":\"https:\/\/vieassociative.be\/actualites\/#website\",\"url\":\"https:\/\/vieassociative.be\/actualites\/\",\"name\":\"Vie Associative\",\"description\":\"\",\"publisher\":{\"@id\":\"https:\/\/vieassociative.be\/actualites\/#organization\"},\"potentialAction\":[{\"@type\":\"SearchAction\",\"target\":{\"@type\":\"EntryPoint\",\"urlTemplate\":\"https:\/\/vieassociative.be\/actualites\/?s={search_term_string}\"},\"query-input\":{\"@type\":\"PropertyValueSpecification\",\"valueRequired\":true,\"valueName\":\"search_term_string\"}}],\"inLanguage\":\"fr-BE\"},{\"@type\":\"Organization\",\"@id\":\"https:\/\/vieassociative.be\/actualites\/#organization\",\"name\":\"Vie Associative\",\"url\":\"https:\/\/vieassociative.be\/actualites\/\",\"logo\":{\"@type\":\"ImageObject\",\"inLanguage\":\"fr-BE\",\"@id\":\"https:\/\/vieassociative.be\/actualites\/#\/schema\/logo\/image\/\",\"url\":\"https:\/\/vieassociative.be\/actualites\/wp-content\/uploads\/2024\/09\/cropped-vieassociative_favicon.ico.png\",\"contentUrl\":\"https:\/\/vieassociative.be\/actualites\/wp-content\/uploads\/2024\/09\/cropped-vieassociative_favicon.ico.png\",\"width\":512,\"height\":512,\"caption\":\"Vie Associative\"},\"image\":{\"@id\":\"https:\/\/vieassociative.be\/actualites\/#\/schema\/logo\/image\/\"}},{\"@type\":\"Person\",\"@id\":\"https:\/\/vieassociative.be\/actualites\/#\/schema\/person\/b87ac4f82f9d4e7b7cec7395b679edc4\",\"name\":\"Julien\",\"image\":{\"@type\":\"ImageObject\",\"inLanguage\":\"fr-BE\",\"@id\":\"https:\/\/vieassociative.be\/actualites\/#\/schema\/person\/image\/\",\"url\":\"https:\/\/vieassociative.be\/actualites\/wp-content\/uploads\/2024\/09\/vie-associative-1-150x150.jpg\",\"contentUrl\":\"https:\/\/vieassociative.be\/actualites\/wp-content\/uploads\/2024\/09\/vie-associative-1-150x150.jpg\",\"caption\":\"Julien\"},\"description\":\"Je suis Julien, r\u00e9dacteur pour Vie Associative. Passionn\u00e9 par le monde associatif depuis plus de 10 ans, j'ai \u00e0 c\u0153ur de partager des histoires inspirantes et de mettre en lumi\u00e8re les initiatives locales. Mon objectif est de sensibiliser et d'encourager l'engagement communautaire \u00e0 travers mes articles.\",\"sameAs\":[\"https:\/\/vieassociative.be\/\"]}]}<\/script>\n<!-- \/ Yoast SEO plugin. -->","yoast_head_json":{"title":"Vos questions dans l'application Meta AI pourraient \u00eatre publi\u00e9es publiquement | Vie Associative","robots":{"index":"index","follow":"follow","max-snippet":"max-snippet:-1","max-image-preview":"max-image-preview:large","max-video-preview":"max-video-preview:-1"},"canonical":"https:\/\/vieassociative.be\/actualites\/vos-questions-dans-lapplication-meta-ai-pourraient-etre-publiees-publiquement\/","og_locale":"fr_FR","og_type":"article","og_title":"Vos questions dans l'application Meta AI pourraient \u00eatre publi\u00e9es publiquement | Vie Associative","og_description":"Je vous vois. Je n&rsquo;ai jamais pens\u00e9 t\u00e9l\u00e9charger Meta Ai sur mon iPhone. Apr\u00e8s tout, les gens sont fous depuis plus d&rsquo;un an que vous","og_url":"https:\/\/vieassociative.be\/actualites\/vos-questions-dans-lapplication-meta-ai-pourraient-etre-publiees-publiquement\/","og_site_name":"Vie Associative","article_published_time":"2025-06-14T19:17:54+00:00","og_image":[{"width":279,"height":92,"url":"https:\/\/vieassociative.be\/actualites\/wp-content\/uploads\/2024\/09\/header_backgroundk-01-e1726694325946.png","type":"image\/png"}],"author":"Julien","twitter_card":"summary_large_image","twitter_misc":{"\u00c9crit par":"Julien","Dur\u00e9e de lecture est.":"7 minutes"},"schema":{"@context":"https:\/\/schema.org","@graph":[{"@type":"Article","@id":"https:\/\/vieassociative.be\/actualites\/vos-questions-dans-lapplication-meta-ai-pourraient-etre-publiees-publiquement\/#article","isPartOf":{"@id":"https:\/\/vieassociative.be\/actualites\/vos-questions-dans-lapplication-meta-ai-pourraient-etre-publiees-publiquement\/"},"author":{"name":"Julien","@id":"https:\/\/vieassociative.be\/actualites\/#\/schema\/person\/b87ac4f82f9d4e7b7cec7395b679edc4"},"headline":"Vos questions dans l&rsquo;application Meta AI pourraient \u00eatre publi\u00e9es publiquement","datePublished":"2025-06-14T19:17:54+00:00","dateModified":"2025-06-14T19:17:54+00:00","mainEntityOfPage":{"@id":"https:\/\/vieassociative.be\/actualites\/vos-questions-dans-lapplication-meta-ai-pourraient-etre-publiees-publiquement\/"},"wordCount":1461,"publisher":{"@id":"https:\/\/vieassociative.be\/actualites\/#organization"},"image":{"@id":"https:\/\/vieassociative.be\/actualites\/vos-questions-dans-lapplication-meta-ai-pourraient-etre-publiees-publiquement\/#primaryimage"},"thumbnailUrl":"https:\/\/vieassociative.be\/actualites\/wp-content\/uploads\/2025\/06\/Vos-questions-dans-lapplication-Meta-AI-pourraient-etre-publiees-publiquement.png","keywords":["dans","\u00eatre","lapplication","Meta","pourraient","publi\u00e9es","publiquement","questions","vos"],"articleSection":["Technologie"],"inLanguage":"fr-BE"},{"@type":"WebPage","@id":"https:\/\/vieassociative.be\/actualites\/vos-questions-dans-lapplication-meta-ai-pourraient-etre-publiees-publiquement\/","url":"https:\/\/vieassociative.be\/actualites\/vos-questions-dans-lapplication-meta-ai-pourraient-etre-publiees-publiquement\/","name":"Vos questions dans l'application Meta AI pourraient \u00eatre publi\u00e9es publiquement | Vie Associative","isPartOf":{"@id":"https:\/\/vieassociative.be\/actualites\/#website"},"primaryImageOfPage":{"@id":"https:\/\/vieassociative.be\/actualites\/vos-questions-dans-lapplication-meta-ai-pourraient-etre-publiees-publiquement\/#primaryimage"},"image":{"@id":"https:\/\/vieassociative.be\/actualites\/vos-questions-dans-lapplication-meta-ai-pourraient-etre-publiees-publiquement\/#primaryimage"},"thumbnailUrl":"https:\/\/vieassociative.be\/actualites\/wp-content\/uploads\/2025\/06\/Vos-questions-dans-lapplication-Meta-AI-pourraient-etre-publiees-publiquement.png","datePublished":"2025-06-14T19:17:54+00:00","dateModified":"2025-06-14T19:17:54+00:00","breadcrumb":{"@id":"https:\/\/vieassociative.be\/actualites\/vos-questions-dans-lapplication-meta-ai-pourraient-etre-publiees-publiquement\/#breadcrumb"},"inLanguage":"fr-BE","potentialAction":[{"@type":"ReadAction","target":["https:\/\/vieassociative.be\/actualites\/vos-questions-dans-lapplication-meta-ai-pourraient-etre-publiees-publiquement\/"]}]},{"@type":"ImageObject","inLanguage":"fr-BE","@id":"https:\/\/vieassociative.be\/actualites\/vos-questions-dans-lapplication-meta-ai-pourraient-etre-publiees-publiquement\/#primaryimage","url":"https:\/\/vieassociative.be\/actualites\/wp-content\/uploads\/2025\/06\/Vos-questions-dans-lapplication-Meta-AI-pourraient-etre-publiees-publiquement.png","contentUrl":"https:\/\/vieassociative.be\/actualites\/wp-content\/uploads\/2025\/06\/Vos-questions-dans-lapplication-Meta-AI-pourraient-etre-publiees-publiquement.png","width":1200,"height":675,"caption":"Vos questions dans l'application Meta AI pourraient \u00eatre publi\u00e9es publiquement"},{"@type":"BreadcrumbList","@id":"https:\/\/vieassociative.be\/actualites\/vos-questions-dans-lapplication-meta-ai-pourraient-etre-publiees-publiquement\/#breadcrumb","itemListElement":[{"@type":"ListItem","position":1,"name":"Accueil","item":"https:\/\/vieassociative.be\/actualites\/"},{"@type":"ListItem","position":2,"name":"Vos questions dans l&rsquo;application Meta AI pourraient \u00eatre publi\u00e9es publiquement"}]},{"@type":"WebSite","@id":"https:\/\/vieassociative.be\/actualites\/#website","url":"https:\/\/vieassociative.be\/actualites\/","name":"Vie Associative","description":"","publisher":{"@id":"https:\/\/vieassociative.be\/actualites\/#organization"},"potentialAction":[{"@type":"SearchAction","target":{"@type":"EntryPoint","urlTemplate":"https:\/\/vieassociative.be\/actualites\/?s={search_term_string}"},"query-input":{"@type":"PropertyValueSpecification","valueRequired":true,"valueName":"search_term_string"}}],"inLanguage":"fr-BE"},{"@type":"Organization","@id":"https:\/\/vieassociative.be\/actualites\/#organization","name":"Vie Associative","url":"https:\/\/vieassociative.be\/actualites\/","logo":{"@type":"ImageObject","inLanguage":"fr-BE","@id":"https:\/\/vieassociative.be\/actualites\/#\/schema\/logo\/image\/","url":"https:\/\/vieassociative.be\/actualites\/wp-content\/uploads\/2024\/09\/cropped-vieassociative_favicon.ico.png","contentUrl":"https:\/\/vieassociative.be\/actualites\/wp-content\/uploads\/2024\/09\/cropped-vieassociative_favicon.ico.png","width":512,"height":512,"caption":"Vie Associative"},"image":{"@id":"https:\/\/vieassociative.be\/actualites\/#\/schema\/logo\/image\/"}},{"@type":"Person","@id":"https:\/\/vieassociative.be\/actualites\/#\/schema\/person\/b87ac4f82f9d4e7b7cec7395b679edc4","name":"Julien","image":{"@type":"ImageObject","inLanguage":"fr-BE","@id":"https:\/\/vieassociative.be\/actualites\/#\/schema\/person\/image\/","url":"https:\/\/vieassociative.be\/actualites\/wp-content\/uploads\/2024\/09\/vie-associative-1-150x150.jpg","contentUrl":"https:\/\/vieassociative.be\/actualites\/wp-content\/uploads\/2024\/09\/vie-associative-1-150x150.jpg","caption":"Julien"},"description":"Je suis Julien, r\u00e9dacteur pour Vie Associative. Passionn\u00e9 par le monde associatif depuis plus de 10 ans, j'ai \u00e0 c\u0153ur de partager des histoires inspirantes et de mettre en lumi\u00e8re les initiatives locales. Mon objectif est de sensibiliser et d'encourager l'engagement communautaire \u00e0 travers mes articles.","sameAs":["https:\/\/vieassociative.be\/"]}]}},"_links":{"self":[{"href":"https:\/\/vieassociative.be\/actualites\/wp-json\/wp\/v2\/posts\/8188"}],"collection":[{"href":"https:\/\/vieassociative.be\/actualites\/wp-json\/wp\/v2\/posts"}],"about":[{"href":"https:\/\/vieassociative.be\/actualites\/wp-json\/wp\/v2\/types\/post"}],"author":[{"embeddable":true,"href":"https:\/\/vieassociative.be\/actualites\/wp-json\/wp\/v2\/users\/1"}],"replies":[{"embeddable":true,"href":"https:\/\/vieassociative.be\/actualites\/wp-json\/wp\/v2\/comments?post=8188"}],"version-history":[{"count":0,"href":"https:\/\/vieassociative.be\/actualites\/wp-json\/wp\/v2\/posts\/8188\/revisions"}],"wp:featuredmedia":[{"embeddable":true,"href":"https:\/\/vieassociative.be\/actualites\/wp-json\/wp\/v2\/media\/8189"}],"wp:attachment":[{"href":"https:\/\/vieassociative.be\/actualites\/wp-json\/wp\/v2\/media?parent=8188"}],"wp:term":[{"taxonomy":"category","embeddable":true,"href":"https:\/\/vieassociative.be\/actualites\/wp-json\/wp\/v2\/categories?post=8188"},{"taxonomy":"post_tag","embeddable":true,"href":"https:\/\/vieassociative.be\/actualites\/wp-json\/wp\/v2\/tags?post=8188"}],"curies":[{"name":"wp","href":"https:\/\/api.w.org\/{rel}","templated":true}]}}