{"id":8186,"date":"2025-06-14T16:17:21","date_gmt":"2025-06-14T14:17:21","guid":{"rendered":"https:\/\/vieassociative.be\/actualites\/ecolo-dans-la-bataille-de-relegation-les-verts-doivent-se-reinventer-et-les-co-presentants-de-franzen\/"},"modified":"2025-06-14T16:17:21","modified_gmt":"2025-06-14T14:17:21","slug":"ecolo-dans-la-bataille-de-relegation-les-verts-doivent-se-reinventer-et-les-co-presentants-de-franzen","status":"publish","type":"post","link":"https:\/\/vieassociative.be\/actualites\/ecolo-dans-la-bataille-de-relegation-les-verts-doivent-se-reinventer-et-les-co-presentants-de-franzen\/","title":{"rendered":"Ecolo dans la bataille de rel\u00e9gation &#8211; les verts doivent se r\u00e9inventer et les co-pr\u00e9sentants de Franzen"},"content":{"rendered":"<p><strong>Des moments difficiles pour les Verts: dans les ann\u00e9es 1990, ils esp\u00e9raient une g\u00e9n\u00e9ration enti\u00e8re, mais aujourd&rsquo;hui, bien qu&rsquo;il y ait des sujets verts, des \u00e9nergies renouvelables \u00e0 la conservation de l&rsquo;environnement et de la nature au changement climatique, l&rsquo;\u00e9colo glisse d&rsquo;une d\u00e9faite aux \u00e9lections.<\/strong><\/p>\n<p><span id=\"more-417740\"><\/span>Lors de la derni\u00e8re \u00e9lection du PDG le 9 juin 2024, seulement 25 ans apr\u00e8s l&rsquo;escr\u00e8tement de Hans Niessen en tant que premier ministre vert en Belgique, Ecolo Ostbelgium a atteint un nouveau creux: avec seulement 9,10 pour cent, les Greens ont repris la lanterne rouge et n&rsquo;ont plus que deux repr\u00e9sentants dans le domaine du DG. Ce sont Fabienne Colling et Andreas J\u00e9rusalem.<\/p>\n<div id=\"attachment_417754\" class=\"wp-caption alignleft\" style=\"max-width: 300px\"><img fetchpriority=\"high\" decoding=\"async\" class=\"wp-image-417754 size-medium\" src=\"https:\/\/vieassociative.be\/actualites\/wp-content\/uploads\/2025\/06\/Ecolo-dans-la-bataille-de-relegation-les-verts-doivent.jpg\" alt=\"\" width=\"300\" height=\"201\"  ><\/p>\n<p class=\"wp-caption-text\">Fabienne Colling (L) et Andreas J\u00e9rusalem sont les deux repr\u00e9sentants d&rsquo;Ecolo au Parlement DG. Photo: Patrick von Staufenberg<\/p>\n<\/div>\n<p>\u00ab\u00a0Avec la confirmation de ce duo exp\u00e9riment\u00e9, Ecolo East Belgique \u00e9tablit un signe clair de continuit\u00e9 et d&rsquo;engagement dans la politique r\u00e9gionale\u00a0\u00bb, indique un communiqu\u00e9 de presse. Cependant, les Verts ne pourront pas survivre \u00e0 la bataille de la rel\u00e9gation actuelle sans autres pertes. Ecolo doit plut\u00f4t se r\u00e9inventer.<\/p>\n<p>Cela commence par le fait que vous traitez s\u00e9rieusement les causes du soi-disant \u00ab\u00a0d\u00e9nigrement vert\u00a0\u00bb, qui existe depuis longtemps, non seulement en Belgique orientale, mais dans toute l&rsquo;Europe. Les Verts ne devraient pas \u00eatre absents de l&rsquo;auto-criticisme, au lieu de d\u00e9placer uniquement les plaintes de l&rsquo;ext\u00e9rieur comme \u00ab\u00a0la haine et l&rsquo;agitation\u00a0\u00bb. Vous devez \u00e9galement pouvoir supporter des opinions contraires.<\/p>\n<p>Un changement de cours est indispensable \u00e0 la fois dans la politique de la paix et la politique \u00e9nerg\u00e9tique. Cela s&rsquo;applique \u00e9galement \u00e0 la migration.<\/p>\n<h3>Franzen et Colling Co-Pr\u00e9sident d&rsquo;Ecolo East Belgique<\/h3>\n<p>Franziska Franzen s&rsquo;est engag\u00e9e dans la justice sociale et le d\u00e9veloppement durable en Belgique orientale depuis de nombreuses ann\u00e9es. Entre autres choses, elle a \u00e9t\u00e9 pr\u00e9sidente du Public Social Welfare Center d&rsquo;Eupen (2009-2020) et membre du Parlement de la DG, o\u00f9 elle a fait campagne en particulier pour les probl\u00e8mes sociaux (2009-2017).<\/p>\n<\/p>\n<div id=\"attachment_82637\" class=\"wp-caption alignleft\" style=\"max-width: 300px\"><img decoding=\"async\" class=\"wp-image-82637 size-medium\" src=\"https:\/\/vieassociative.be\/actualites\/wp-content\/uploads\/2025\/06\/1749910641_407_Ecolo-dans-la-bataille-de-relegation-les-verts-doivent.jpg\" alt=\"\" width=\"300\" height=\"185\"  ><\/p>\n<p class=\"wp-caption-text\">Franziska Franzen (L, ici avec Freddy Mockel en septembre 2015) appartenait au Parlement de la DG il y a dix ans. Photo: OD<\/p>\n<\/div>\n<p>Franzen a attir\u00e9 beaucoup d&rsquo;attention lorsqu&rsquo;elle a demand\u00e9 au Premier ministre de l&rsquo;\u00e9poque Karl-Heinz Lambertz (SP) en 2012 pour une liste d\u00e9taill\u00e9e de tous les voyages \u00e0 l&rsquo;\u00e9tranger par le ministre DG et les co\u00fbts des relations ext\u00e9rieures. Il a fallu pr\u00e8s de deux ans avant que Lambertz ne fournisse les informations souhait\u00e9es du chef du groupe parlementaire d&rsquo;alors d&rsquo;Ecolo.<\/p>\n<p>\u00ab\u00a0En fait, Franziska est la raison pour laquelle j&rsquo;ai \u00e9t\u00e9 politiquement impliqu\u00e9 en 2019\u00a0\u00bb, a d\u00e9clar\u00e9 Colling. \u00ab\u00a0\u00c0 l&rsquo;\u00e9poque, elle m&rsquo;a convaincu dans la campagne \u00e9lectorale pour soutenir la liste des PDG. Il est rapidement devenu clair pour moi que je voulais assumer davantage de responsabilit\u00e9s, ce qui a ouvert la voie au premier candidat en 2024. Le fait que nous dirigeons et fa\u00e7onnons le ramification orientale d&rsquo;Ecolo ensemble pendant 2 ans, c&rsquo;est comme un cercle qui ferme. J&rsquo;ai h\u00e2te de travailler!\u00a0\u00bb<\/p>\n<p>Colling est copr\u00e9sident d&rsquo;Ecolo East Belgique depuis 2023, uniquement avec la communaut\u00e9 Raerener Sandat Pascal Collubry. \u00c0 ce moment-l\u00e0, elle a succ\u00e9d\u00e9 \u00e0 Ingrid Rosenstein soudainement d\u00e9c\u00e9d\u00e9. Depuis juillet 2024, elle est \u00e9galement pr\u00e9sidente de la faction Ecolo au Parlement DG. (Cre)<\/p>\n","protected":false},"excerpt":{"rendered":"<p>Des moments difficiles pour les Verts: dans les ann\u00e9es 1990, ils esp\u00e9raient une g\u00e9n\u00e9ration enti\u00e8re, mais aujourd&rsquo;hui, bien qu&rsquo;il y ait des sujets verts, des<\/p>\n","protected":false},"author":1,"featured_media":8187,"comment_status":"","ping_status":"","sticky":false,"template":"","format":"standard","meta":{"footnotes":""},"categories":[298],"tags":[6336,7409,166,3350,2607,7410,14,7408,3402,1519],"class_list":["post-8186","post","type-post","status-publish","format-standard","has-post-thumbnail","hentry","category-belgique","tag-bataille","tag-copresentants","tag-dans","tag-doivent","tag-ecolo","tag-franzen","tag-les","tag-reinventer","tag-relegation","tag-verts","generate-columns","tablet-grid-50","mobile-grid-100","grid-parent","grid-33"],"yoast_head":"<!-- This site is optimized with the Yoast SEO plugin v24.0 - https:\/\/yoast.com\/wordpress\/plugins\/seo\/ -->\n<title>Ecolo dans la bataille de rel\u00e9gation - les verts doivent se r\u00e9inventer et les co-pr\u00e9sentants de Franzen | Vie Associative<\/title>\n<meta name=\"robots\" content=\"index, follow, max-snippet:-1, max-image-preview:large, max-video-preview:-1\" \/>\n<link rel=\"canonical\" href=\"https:\/\/vieassociative.be\/actualites\/ecolo-dans-la-bataille-de-relegation-les-verts-doivent-se-reinventer-et-les-co-presentants-de-franzen\/\" \/>\n<meta property=\"og:locale\" content=\"fr_FR\" \/>\n<meta property=\"og:type\" content=\"article\" \/>\n<meta property=\"og:title\" content=\"Ecolo dans la bataille de rel\u00e9gation - les verts doivent se r\u00e9inventer et les co-pr\u00e9sentants de Franzen | Vie Associative\" \/>\n<meta property=\"og:description\" content=\"Des moments difficiles pour les Verts: dans les ann\u00e9es 1990, ils esp\u00e9raient une g\u00e9n\u00e9ration enti\u00e8re, mais aujourd&rsquo;hui, bien qu&rsquo;il y ait des sujets verts, des\" \/>\n<meta property=\"og:url\" content=\"https:\/\/vieassociative.be\/actualites\/ecolo-dans-la-bataille-de-relegation-les-verts-doivent-se-reinventer-et-les-co-presentants-de-franzen\/\" \/>\n<meta property=\"og:site_name\" content=\"Vie Associative\" \/>\n<meta property=\"article:published_time\" content=\"2025-06-14T14:17:21+00:00\" \/>\n<meta property=\"og:image\" content=\"https:\/\/vieassociative.be\/actualites\/wp-content\/uploads\/2024\/09\/header_backgroundk-01-e1726694325946.png\" \/>\n\t<meta property=\"og:image:width\" content=\"279\" \/>\n\t<meta property=\"og:image:height\" content=\"92\" \/>\n\t<meta property=\"og:image:type\" content=\"image\/png\" \/>\n<meta name=\"author\" content=\"Julien\" \/>\n<meta name=\"twitter:card\" content=\"summary_large_image\" \/>\n<meta name=\"twitter:label1\" content=\"\u00c9crit par\" \/>\n\t<meta name=\"twitter:data1\" content=\"Julien\" \/>\n\t<meta name=\"twitter:label2\" content=\"Dur\u00e9e de lecture est.\" \/>\n\t<meta name=\"twitter:data2\" content=\"3 minutes\" \/>\n<script type=\"application\/ld+json\" class=\"yoast-schema-graph\">{\"@context\":\"https:\/\/schema.org\",\"@graph\":[{\"@type\":\"Article\",\"@id\":\"https:\/\/vieassociative.be\/actualites\/ecolo-dans-la-bataille-de-relegation-les-verts-doivent-se-reinventer-et-les-co-presentants-de-franzen\/#article\",\"isPartOf\":{\"@id\":\"https:\/\/vieassociative.be\/actualites\/ecolo-dans-la-bataille-de-relegation-les-verts-doivent-se-reinventer-et-les-co-presentants-de-franzen\/\"},\"author\":{\"name\":\"Julien\",\"@id\":\"https:\/\/vieassociative.be\/actualites\/#\/schema\/person\/b87ac4f82f9d4e7b7cec7395b679edc4\"},\"headline\":\"Ecolo dans la bataille de rel\u00e9gation &#8211; les verts doivent se r\u00e9inventer et les co-pr\u00e9sentants de Franzen\",\"datePublished\":\"2025-06-14T14:17:21+00:00\",\"dateModified\":\"2025-06-14T14:17:21+00:00\",\"mainEntityOfPage\":{\"@id\":\"https:\/\/vieassociative.be\/actualites\/ecolo-dans-la-bataille-de-relegation-les-verts-doivent-se-reinventer-et-les-co-presentants-de-franzen\/\"},\"wordCount\":600,\"publisher\":{\"@id\":\"https:\/\/vieassociative.be\/actualites\/#organization\"},\"image\":{\"@id\":\"https:\/\/vieassociative.be\/actualites\/ecolo-dans-la-bataille-de-relegation-les-verts-doivent-se-reinventer-et-les-co-presentants-de-franzen\/#primaryimage\"},\"thumbnailUrl\":\"https:\/\/vieassociative.be\/actualites\/wp-content\/uploads\/2025\/06\/1749910642_Ecolo-dans-la-bataille-de-relegation-les-verts-doivent.jpg\",\"keywords\":[\"Bataille\",\"copr\u00e9sentants\",\"dans\",\"doivent\",\"Ecolo\",\"Franzen\",\"Les\",\"r\u00e9inventer\",\"rel\u00e9gation\",\"verts\"],\"articleSection\":[\"Belgique\"],\"inLanguage\":\"fr-BE\"},{\"@type\":\"WebPage\",\"@id\":\"https:\/\/vieassociative.be\/actualites\/ecolo-dans-la-bataille-de-relegation-les-verts-doivent-se-reinventer-et-les-co-presentants-de-franzen\/\",\"url\":\"https:\/\/vieassociative.be\/actualites\/ecolo-dans-la-bataille-de-relegation-les-verts-doivent-se-reinventer-et-les-co-presentants-de-franzen\/\",\"name\":\"Ecolo dans la bataille de rel\u00e9gation - les verts doivent se r\u00e9inventer et les co-pr\u00e9sentants de Franzen | Vie Associative\",\"isPartOf\":{\"@id\":\"https:\/\/vieassociative.be\/actualites\/#website\"},\"primaryImageOfPage\":{\"@id\":\"https:\/\/vieassociative.be\/actualites\/ecolo-dans-la-bataille-de-relegation-les-verts-doivent-se-reinventer-et-les-co-presentants-de-franzen\/#primaryimage\"},\"image\":{\"@id\":\"https:\/\/vieassociative.be\/actualites\/ecolo-dans-la-bataille-de-relegation-les-verts-doivent-se-reinventer-et-les-co-presentants-de-franzen\/#primaryimage\"},\"thumbnailUrl\":\"https:\/\/vieassociative.be\/actualites\/wp-content\/uploads\/2025\/06\/1749910642_Ecolo-dans-la-bataille-de-relegation-les-verts-doivent.jpg\",\"datePublished\":\"2025-06-14T14:17:21+00:00\",\"dateModified\":\"2025-06-14T14:17:21+00:00\",\"breadcrumb\":{\"@id\":\"https:\/\/vieassociative.be\/actualites\/ecolo-dans-la-bataille-de-relegation-les-verts-doivent-se-reinventer-et-les-co-presentants-de-franzen\/#breadcrumb\"},\"inLanguage\":\"fr-BE\",\"potentialAction\":[{\"@type\":\"ReadAction\",\"target\":[\"https:\/\/vieassociative.be\/actualites\/ecolo-dans-la-bataille-de-relegation-les-verts-doivent-se-reinventer-et-les-co-presentants-de-franzen\/\"]}]},{\"@type\":\"ImageObject\",\"inLanguage\":\"fr-BE\",\"@id\":\"https:\/\/vieassociative.be\/actualites\/ecolo-dans-la-bataille-de-relegation-les-verts-doivent-se-reinventer-et-les-co-presentants-de-franzen\/#primaryimage\",\"url\":\"https:\/\/vieassociative.be\/actualites\/wp-content\/uploads\/2025\/06\/1749910642_Ecolo-dans-la-bataille-de-relegation-les-verts-doivent.jpg\",\"contentUrl\":\"https:\/\/vieassociative.be\/actualites\/wp-content\/uploads\/2025\/06\/1749910642_Ecolo-dans-la-bataille-de-relegation-les-verts-doivent.jpg\",\"width\":1200,\"height\":900,\"caption\":\"Ecolo dans la bataille de rel\u00e9gation - les verts doivent se r\u00e9inventer et les co-pr\u00e9sentants de Franzen\"},{\"@type\":\"BreadcrumbList\",\"@id\":\"https:\/\/vieassociative.be\/actualites\/ecolo-dans-la-bataille-de-relegation-les-verts-doivent-se-reinventer-et-les-co-presentants-de-franzen\/#breadcrumb\",\"itemListElement\":[{\"@type\":\"ListItem\",\"position\":1,\"name\":\"Accueil\",\"item\":\"https:\/\/vieassociative.be\/actualites\/\"},{\"@type\":\"ListItem\",\"position\":2,\"name\":\"Ecolo dans la bataille de rel\u00e9gation &#8211; les verts doivent se r\u00e9inventer et les co-pr\u00e9sentants de Franzen\"}]},{\"@type\":\"WebSite\",\"@id\":\"https:\/\/vieassociative.be\/actualites\/#website\",\"url\":\"https:\/\/vieassociative.be\/actualites\/\",\"name\":\"Vie Associative\",\"description\":\"\",\"publisher\":{\"@id\":\"https:\/\/vieassociative.be\/actualites\/#organization\"},\"potentialAction\":[{\"@type\":\"SearchAction\",\"target\":{\"@type\":\"EntryPoint\",\"urlTemplate\":\"https:\/\/vieassociative.be\/actualites\/?s={search_term_string}\"},\"query-input\":{\"@type\":\"PropertyValueSpecification\",\"valueRequired\":true,\"valueName\":\"search_term_string\"}}],\"inLanguage\":\"fr-BE\"},{\"@type\":\"Organization\",\"@id\":\"https:\/\/vieassociative.be\/actualites\/#organization\",\"name\":\"Vie Associative\",\"url\":\"https:\/\/vieassociative.be\/actualites\/\",\"logo\":{\"@type\":\"ImageObject\",\"inLanguage\":\"fr-BE\",\"@id\":\"https:\/\/vieassociative.be\/actualites\/#\/schema\/logo\/image\/\",\"url\":\"https:\/\/vieassociative.be\/actualites\/wp-content\/uploads\/2024\/09\/cropped-vieassociative_favicon.ico.png\",\"contentUrl\":\"https:\/\/vieassociative.be\/actualites\/wp-content\/uploads\/2024\/09\/cropped-vieassociative_favicon.ico.png\",\"width\":512,\"height\":512,\"caption\":\"Vie Associative\"},\"image\":{\"@id\":\"https:\/\/vieassociative.be\/actualites\/#\/schema\/logo\/image\/\"}},{\"@type\":\"Person\",\"@id\":\"https:\/\/vieassociative.be\/actualites\/#\/schema\/person\/b87ac4f82f9d4e7b7cec7395b679edc4\",\"name\":\"Julien\",\"image\":{\"@type\":\"ImageObject\",\"inLanguage\":\"fr-BE\",\"@id\":\"https:\/\/vieassociative.be\/actualites\/#\/schema\/person\/image\/\",\"url\":\"https:\/\/vieassociative.be\/actualites\/wp-content\/uploads\/2024\/09\/vie-associative-1-150x150.jpg\",\"contentUrl\":\"https:\/\/vieassociative.be\/actualites\/wp-content\/uploads\/2024\/09\/vie-associative-1-150x150.jpg\",\"caption\":\"Julien\"},\"description\":\"Je suis Julien, r\u00e9dacteur pour Vie Associative. Passionn\u00e9 par le monde associatif depuis plus de 10 ans, j'ai \u00e0 c\u0153ur de partager des histoires inspirantes et de mettre en lumi\u00e8re les initiatives locales. Mon objectif est de sensibiliser et d'encourager l'engagement communautaire \u00e0 travers mes articles.\",\"sameAs\":[\"https:\/\/vieassociative.be\/\"]}]}<\/script>\n<!-- \/ Yoast SEO plugin. -->","yoast_head_json":{"title":"Ecolo dans la bataille de rel\u00e9gation - les verts doivent se r\u00e9inventer et les co-pr\u00e9sentants de Franzen | Vie Associative","robots":{"index":"index","follow":"follow","max-snippet":"max-snippet:-1","max-image-preview":"max-image-preview:large","max-video-preview":"max-video-preview:-1"},"canonical":"https:\/\/vieassociative.be\/actualites\/ecolo-dans-la-bataille-de-relegation-les-verts-doivent-se-reinventer-et-les-co-presentants-de-franzen\/","og_locale":"fr_FR","og_type":"article","og_title":"Ecolo dans la bataille de rel\u00e9gation - les verts doivent se r\u00e9inventer et les co-pr\u00e9sentants de Franzen | Vie Associative","og_description":"Des moments difficiles pour les Verts: dans les ann\u00e9es 1990, ils esp\u00e9raient une g\u00e9n\u00e9ration enti\u00e8re, mais aujourd&rsquo;hui, bien qu&rsquo;il y ait des sujets verts, des","og_url":"https:\/\/vieassociative.be\/actualites\/ecolo-dans-la-bataille-de-relegation-les-verts-doivent-se-reinventer-et-les-co-presentants-de-franzen\/","og_site_name":"Vie Associative","article_published_time":"2025-06-14T14:17:21+00:00","og_image":[{"width":279,"height":92,"url":"https:\/\/vieassociative.be\/actualites\/wp-content\/uploads\/2024\/09\/header_backgroundk-01-e1726694325946.png","type":"image\/png"}],"author":"Julien","twitter_card":"summary_large_image","twitter_misc":{"\u00c9crit par":"Julien","Dur\u00e9e de lecture est.":"3 minutes"},"schema":{"@context":"https:\/\/schema.org","@graph":[{"@type":"Article","@id":"https:\/\/vieassociative.be\/actualites\/ecolo-dans-la-bataille-de-relegation-les-verts-doivent-se-reinventer-et-les-co-presentants-de-franzen\/#article","isPartOf":{"@id":"https:\/\/vieassociative.be\/actualites\/ecolo-dans-la-bataille-de-relegation-les-verts-doivent-se-reinventer-et-les-co-presentants-de-franzen\/"},"author":{"name":"Julien","@id":"https:\/\/vieassociative.be\/actualites\/#\/schema\/person\/b87ac4f82f9d4e7b7cec7395b679edc4"},"headline":"Ecolo dans la bataille de rel\u00e9gation &#8211; les verts doivent se r\u00e9inventer et les co-pr\u00e9sentants de Franzen","datePublished":"2025-06-14T14:17:21+00:00","dateModified":"2025-06-14T14:17:21+00:00","mainEntityOfPage":{"@id":"https:\/\/vieassociative.be\/actualites\/ecolo-dans-la-bataille-de-relegation-les-verts-doivent-se-reinventer-et-les-co-presentants-de-franzen\/"},"wordCount":600,"publisher":{"@id":"https:\/\/vieassociative.be\/actualites\/#organization"},"image":{"@id":"https:\/\/vieassociative.be\/actualites\/ecolo-dans-la-bataille-de-relegation-les-verts-doivent-se-reinventer-et-les-co-presentants-de-franzen\/#primaryimage"},"thumbnailUrl":"https:\/\/vieassociative.be\/actualites\/wp-content\/uploads\/2025\/06\/1749910642_Ecolo-dans-la-bataille-de-relegation-les-verts-doivent.jpg","keywords":["Bataille","copr\u00e9sentants","dans","doivent","Ecolo","Franzen","Les","r\u00e9inventer","rel\u00e9gation","verts"],"articleSection":["Belgique"],"inLanguage":"fr-BE"},{"@type":"WebPage","@id":"https:\/\/vieassociative.be\/actualites\/ecolo-dans-la-bataille-de-relegation-les-verts-doivent-se-reinventer-et-les-co-presentants-de-franzen\/","url":"https:\/\/vieassociative.be\/actualites\/ecolo-dans-la-bataille-de-relegation-les-verts-doivent-se-reinventer-et-les-co-presentants-de-franzen\/","name":"Ecolo dans la bataille de rel\u00e9gation - les verts doivent se r\u00e9inventer et les co-pr\u00e9sentants de Franzen | Vie Associative","isPartOf":{"@id":"https:\/\/vieassociative.be\/actualites\/#website"},"primaryImageOfPage":{"@id":"https:\/\/vieassociative.be\/actualites\/ecolo-dans-la-bataille-de-relegation-les-verts-doivent-se-reinventer-et-les-co-presentants-de-franzen\/#primaryimage"},"image":{"@id":"https:\/\/vieassociative.be\/actualites\/ecolo-dans-la-bataille-de-relegation-les-verts-doivent-se-reinventer-et-les-co-presentants-de-franzen\/#primaryimage"},"thumbnailUrl":"https:\/\/vieassociative.be\/actualites\/wp-content\/uploads\/2025\/06\/1749910642_Ecolo-dans-la-bataille-de-relegation-les-verts-doivent.jpg","datePublished":"2025-06-14T14:17:21+00:00","dateModified":"2025-06-14T14:17:21+00:00","breadcrumb":{"@id":"https:\/\/vieassociative.be\/actualites\/ecolo-dans-la-bataille-de-relegation-les-verts-doivent-se-reinventer-et-les-co-presentants-de-franzen\/#breadcrumb"},"inLanguage":"fr-BE","potentialAction":[{"@type":"ReadAction","target":["https:\/\/vieassociative.be\/actualites\/ecolo-dans-la-bataille-de-relegation-les-verts-doivent-se-reinventer-et-les-co-presentants-de-franzen\/"]}]},{"@type":"ImageObject","inLanguage":"fr-BE","@id":"https:\/\/vieassociative.be\/actualites\/ecolo-dans-la-bataille-de-relegation-les-verts-doivent-se-reinventer-et-les-co-presentants-de-franzen\/#primaryimage","url":"https:\/\/vieassociative.be\/actualites\/wp-content\/uploads\/2025\/06\/1749910642_Ecolo-dans-la-bataille-de-relegation-les-verts-doivent.jpg","contentUrl":"https:\/\/vieassociative.be\/actualites\/wp-content\/uploads\/2025\/06\/1749910642_Ecolo-dans-la-bataille-de-relegation-les-verts-doivent.jpg","width":1200,"height":900,"caption":"Ecolo dans la bataille de rel\u00e9gation - les verts doivent se r\u00e9inventer et les co-pr\u00e9sentants de Franzen"},{"@type":"BreadcrumbList","@id":"https:\/\/vieassociative.be\/actualites\/ecolo-dans-la-bataille-de-relegation-les-verts-doivent-se-reinventer-et-les-co-presentants-de-franzen\/#breadcrumb","itemListElement":[{"@type":"ListItem","position":1,"name":"Accueil","item":"https:\/\/vieassociative.be\/actualites\/"},{"@type":"ListItem","position":2,"name":"Ecolo dans la bataille de rel\u00e9gation &#8211; les verts doivent se r\u00e9inventer et les co-pr\u00e9sentants de Franzen"}]},{"@type":"WebSite","@id":"https:\/\/vieassociative.be\/actualites\/#website","url":"https:\/\/vieassociative.be\/actualites\/","name":"Vie Associative","description":"","publisher":{"@id":"https:\/\/vieassociative.be\/actualites\/#organization"},"potentialAction":[{"@type":"SearchAction","target":{"@type":"EntryPoint","urlTemplate":"https:\/\/vieassociative.be\/actualites\/?s={search_term_string}"},"query-input":{"@type":"PropertyValueSpecification","valueRequired":true,"valueName":"search_term_string"}}],"inLanguage":"fr-BE"},{"@type":"Organization","@id":"https:\/\/vieassociative.be\/actualites\/#organization","name":"Vie Associative","url":"https:\/\/vieassociative.be\/actualites\/","logo":{"@type":"ImageObject","inLanguage":"fr-BE","@id":"https:\/\/vieassociative.be\/actualites\/#\/schema\/logo\/image\/","url":"https:\/\/vieassociative.be\/actualites\/wp-content\/uploads\/2024\/09\/cropped-vieassociative_favicon.ico.png","contentUrl":"https:\/\/vieassociative.be\/actualites\/wp-content\/uploads\/2024\/09\/cropped-vieassociative_favicon.ico.png","width":512,"height":512,"caption":"Vie Associative"},"image":{"@id":"https:\/\/vieassociative.be\/actualites\/#\/schema\/logo\/image\/"}},{"@type":"Person","@id":"https:\/\/vieassociative.be\/actualites\/#\/schema\/person\/b87ac4f82f9d4e7b7cec7395b679edc4","name":"Julien","image":{"@type":"ImageObject","inLanguage":"fr-BE","@id":"https:\/\/vieassociative.be\/actualites\/#\/schema\/person\/image\/","url":"https:\/\/vieassociative.be\/actualites\/wp-content\/uploads\/2024\/09\/vie-associative-1-150x150.jpg","contentUrl":"https:\/\/vieassociative.be\/actualites\/wp-content\/uploads\/2024\/09\/vie-associative-1-150x150.jpg","caption":"Julien"},"description":"Je suis Julien, r\u00e9dacteur pour Vie Associative. Passionn\u00e9 par le monde associatif depuis plus de 10 ans, j'ai \u00e0 c\u0153ur de partager des histoires inspirantes et de mettre en lumi\u00e8re les initiatives locales. Mon objectif est de sensibiliser et d'encourager l'engagement communautaire \u00e0 travers mes articles.","sameAs":["https:\/\/vieassociative.be\/"]}]}},"_links":{"self":[{"href":"https:\/\/vieassociative.be\/actualites\/wp-json\/wp\/v2\/posts\/8186"}],"collection":[{"href":"https:\/\/vieassociative.be\/actualites\/wp-json\/wp\/v2\/posts"}],"about":[{"href":"https:\/\/vieassociative.be\/actualites\/wp-json\/wp\/v2\/types\/post"}],"author":[{"embeddable":true,"href":"https:\/\/vieassociative.be\/actualites\/wp-json\/wp\/v2\/users\/1"}],"replies":[{"embeddable":true,"href":"https:\/\/vieassociative.be\/actualites\/wp-json\/wp\/v2\/comments?post=8186"}],"version-history":[{"count":0,"href":"https:\/\/vieassociative.be\/actualites\/wp-json\/wp\/v2\/posts\/8186\/revisions"}],"wp:featuredmedia":[{"embeddable":true,"href":"https:\/\/vieassociative.be\/actualites\/wp-json\/wp\/v2\/media\/8187"}],"wp:attachment":[{"href":"https:\/\/vieassociative.be\/actualites\/wp-json\/wp\/v2\/media?parent=8186"}],"wp:term":[{"taxonomy":"category","embeddable":true,"href":"https:\/\/vieassociative.be\/actualites\/wp-json\/wp\/v2\/categories?post=8186"},{"taxonomy":"post_tag","embeddable":true,"href":"https:\/\/vieassociative.be\/actualites\/wp-json\/wp\/v2\/tags?post=8186"}],"curies":[{"name":"wp","href":"https:\/\/api.w.org\/{rel}","templated":true}]}}