{"id":8181,"date":"2025-06-14T10:18:09","date_gmt":"2025-06-14T08:18:09","guid":{"rendered":"https:\/\/vieassociative.be\/actualites\/pendant-leupener-kirmes-il-y-a-du-plaisir-pour-les-conducteurs-ce-que-vous-etes-autorise-a-faire-et-ce-qui-nest-pas\/"},"modified":"2025-06-14T10:18:09","modified_gmt":"2025-06-14T08:18:09","slug":"pendant-leupener-kirmes-il-y-a-du-plaisir-pour-les-conducteurs-ce-que-vous-etes-autorise-a-faire-et-ce-qui-nest-pas","status":"publish","type":"post","link":"https:\/\/vieassociative.be\/actualites\/pendant-leupener-kirmes-il-y-a-du-plaisir-pour-les-conducteurs-ce-que-vous-etes-autorise-a-faire-et-ce-qui-nest-pas\/","title":{"rendered":"Pendant l&rsquo;Eupener Kirmes, il y a du plaisir pour les conducteurs &#8211; ce que vous \u00eates autoris\u00e9 \u00e0 faire et ce qui n&rsquo;est pas"},"content":{"rendered":"<p><strong>Lorsque l&rsquo;Oberst\u00e4dter Kirmes a lieu \u00e0 Eupen fin juin, les conducteurs sont confront\u00e9s \u00e0 un v\u00e9ritable d\u00e9fi. Il est pr\u00e9f\u00e9rable de r\u00e9fl\u00e9chir \u00e0 la route la plus adapt\u00e9e \u00e0 un objectif sp\u00e9cifique avant de partir. En tout cas, ce sera fastidieux.<\/strong><\/p>\n<p><span id=\"more-417686\"><\/span>Comme la ville l&rsquo;a annonc\u00e9 vendredi, les r\u00e8gles de circulation suivantes s&rsquo;appliquent \u00e0 l&rsquo;Eupen Nikolauskirmes du 20 au 24 juin 2025 \u00e0 partir du mercredi 18 juin \u00e0 18 h. Jusqu&rsquo;au 24 juin, (en dehors des temps d&rsquo;ouverture de la foire):<\/p>\n<p>\u2022 <strong>Kl\u00f6tzerbahn et Gospertsstra\u00dfe:<\/strong> Un trafic d&rsquo;une seule voie vers l&rsquo;espace de valeur, une vitesse de pointe de 10 km \/ h.<\/p>\n<\/p>\n<div id=\"attachment_45399\" class=\"wp-caption alignleft\" style=\"max-width: 300px\"><img fetchpriority=\"high\" decoding=\"async\" class=\"wp-image-45399 size-medium\" src=\"https:\/\/vieassociative.be\/actualites\/wp-content\/uploads\/2025\/06\/Pendant-lEupener-Kirmes-il-y-a-du-plaisir-pour-les.jpg\" alt=\"\" width=\"300\" height=\"225\"  ><\/p>\n<p class=\"wp-caption-text\">Pendant la dur\u00e9e de la foire amusante, seul le trafic local vers les barri\u00e8res \u00e0 Hookstrasse et une vitesse de pointe de 20 km \/ h. Photo: OD<\/p>\n<\/div>\n<p>\u2022<br \/>\n<strong>Werthplatz:<\/strong><br \/>\n Accessible uniquement vers Hookstrasse, vitesse de pointe de 10 km \/ h. Ferm\u00e9 \u00e0 Werthplatz 12, la redirection des v\u00e9hicules venant de Nispert a lieu via la rue.<\/p>\n<p>\u2022 <strong>Schulstra\u00dfe et Hisselsgasse (chaque zone inf\u00e9rieure):<\/strong> Lifte de la circulation d&rsquo;une voie et autoris\u00e9 le trafic local dans les deux sens, une vitesse de pointe de 20 km \/ h. Une entr\u00e9e de Hisselsgasse provenant de la valeur de la valeur n&rsquo;est pas autoris\u00e9e.<\/p>\n<p>\u2022 <strong> Hookstrasse:<\/strong> Seul le trafic local vers les barri\u00e8res permet une vitesse maximale de 20 km \/ h.<\/p>\n<p>\u2022 <strong>Entr\u00e9e dans le parking de Bergstrasse (uniquement pour les utilisateurs des garages ici):<\/strong> Acc\u00e8s uniquement possible via Hufengasse.<\/p>\n<p>\u2022 <strong>Sur les monast\u00e8res:<\/strong> Autoris\u00e9 le trafic local.<\/p>\n<p>\u2022 <strong>Connection Street sur le c\u00f4t\u00e9 de la Friedenskirche:<\/strong> Compl\u00e8tement bloqu\u00e9 pour le trafic (sauf pour les services d&rsquo;urgence et d&rsquo;urgence).<\/p>\n<p>\u2022 <strong>Frankendelle (vers Kehrweg):<\/strong> Ferm\u00e9 pour les v\u00e9hicules de plus de 3,5 tonnes (\u00e0 l&rsquo;exception de la circulation locale).<\/p>\n<p><em><strong>Sur le sujet, voir \u00e9galement l&rsquo;article suivant sur OD:<\/strong><\/em><\/p>\n<div class=\"responsive-embed widescreen\">\n<blockquote class=\"wp-embedded-content\" data-secret=\"59MPf1qk96\">\n<p>Ville d&rsquo;Eupen: Travaux de rue \u00e0 Kaperberg (N68) \u00e0 partir du 30 juin<\/p>\n<\/blockquote>\n<p><iframe loading=\"lazy\" class=\"wp-embedded-content\" sandbox=\"allow-scripts\" security=\"restricted\" style=\"position: absolute; visibility: hidden;\" title=\"\u201eStadt Eupen: Stra\u00dfenarbeiten im Kaperberg (N68) ab 30. Juni\u201c \u2014 Ostbelgien Direkt\" src=\"https:\/\/ostbelgiendirekt.be\/about:blank\" data-secret=\"59MPf1qk96\" width=\"500\" height=\"282\" frameborder=\"0\" marginwidth=\"0\" marginheight=\"0\" scrolling=\"no\" data-rocket-lazyload=\"fitvidscompatible\" data-lazy-src=\"https:\/\/ostbelgiendirekt.be\/arbeiten-im-kaperberg-417554\/embed#?secret=ClcZuZ6unj#?secret=59MPf1qk96\"><\/iframe><noscript><iframe class=\"wp-embedded-content\" sandbox=\"allow-scripts\" security=\"restricted\" style=\"position: absolute; visibility: hidden;\" title=\"\u201eStadt Eupen: Stra\u00dfenarbeiten im Kaperberg (N68) ab 30. Juni\u201c \u2014 Ostbelgien Direkt\" src=\"https:\/\/ostbelgiendirekt.be\/arbeiten-im-kaperberg-417554\/embed#?secret=ClcZuZ6unj#?secret=59MPf1qk96\" data-secret=\"59MPf1qk96\" width=\"500\" height=\"282\" frameborder=\"0\" marginwidth=\"0\" marginheight=\"0\" scrolling=\"no\"><\/iframe><\/noscript><\/p>\n<\/div>\n","protected":false},"excerpt":{"rendered":"<p>Lorsque l&rsquo;Oberst\u00e4dter Kirmes a lieu \u00e0 Eupen fin juin, les conducteurs sont confront\u00e9s \u00e0 un v\u00e9ritable d\u00e9fi. Il est pr\u00e9f\u00e9rable de r\u00e9fl\u00e9chir \u00e0 la route<\/p>\n","protected":false},"author":1,"featured_media":8182,"comment_status":"","ping_status":"","sticky":false,"template":"","format":"standard","meta":{"footnotes":""},"categories":[298],"tags":[7406,4360,184,127,7405,14,5670,1082,126,198,1964,81,99,4],"class_list":["post-8181","post","type-post","status-publish","format-standard","has-post-thumbnail","hentry","category-belgique","tag-autorise","tag-conducteurs","tag-etes","tag-faire","tag-kirmes","tag-les","tag-leupener","tag-nest","tag-pas","tag-pendant","tag-plaisir","tag-pour","tag-qui","tag-vous","generate-columns","tablet-grid-50","mobile-grid-100","grid-parent","grid-33"],"yoast_head":"<!-- This site is optimized with the Yoast SEO plugin v24.0 - https:\/\/yoast.com\/wordpress\/plugins\/seo\/ -->\n<title>Pendant l&#039;Eupener Kirmes, il y a du plaisir pour les conducteurs - ce que vous \u00eates autoris\u00e9 \u00e0 faire et ce qui n&#039;est pas | Vie Associative<\/title>\n<meta name=\"robots\" content=\"index, follow, max-snippet:-1, max-image-preview:large, max-video-preview:-1\" \/>\n<link rel=\"canonical\" href=\"https:\/\/vieassociative.be\/actualites\/pendant-leupener-kirmes-il-y-a-du-plaisir-pour-les-conducteurs-ce-que-vous-etes-autorise-a-faire-et-ce-qui-nest-pas\/\" \/>\n<meta property=\"og:locale\" content=\"fr_FR\" \/>\n<meta property=\"og:type\" content=\"article\" \/>\n<meta property=\"og:title\" content=\"Pendant l&#039;Eupener Kirmes, il y a du plaisir pour les conducteurs - ce que vous \u00eates autoris\u00e9 \u00e0 faire et ce qui n&#039;est pas | Vie Associative\" \/>\n<meta property=\"og:description\" content=\"Lorsque l&rsquo;Oberst\u00e4dter Kirmes a lieu \u00e0 Eupen fin juin, les conducteurs sont confront\u00e9s \u00e0 un v\u00e9ritable d\u00e9fi. Il est pr\u00e9f\u00e9rable de r\u00e9fl\u00e9chir \u00e0 la route\" \/>\n<meta property=\"og:url\" content=\"https:\/\/vieassociative.be\/actualites\/pendant-leupener-kirmes-il-y-a-du-plaisir-pour-les-conducteurs-ce-que-vous-etes-autorise-a-faire-et-ce-qui-nest-pas\/\" \/>\n<meta property=\"og:site_name\" content=\"Vie Associative\" \/>\n<meta property=\"article:published_time\" content=\"2025-06-14T08:18:09+00:00\" \/>\n<meta property=\"og:image\" content=\"https:\/\/vieassociative.be\/actualites\/wp-content\/uploads\/2024\/09\/header_backgroundk-01-e1726694325946.png\" \/>\n\t<meta property=\"og:image:width\" content=\"279\" \/>\n\t<meta property=\"og:image:height\" content=\"92\" \/>\n\t<meta property=\"og:image:type\" content=\"image\/png\" \/>\n<meta name=\"author\" content=\"Julien\" \/>\n<meta name=\"twitter:card\" content=\"summary_large_image\" \/>\n<meta name=\"twitter:label1\" content=\"\u00c9crit par\" \/>\n\t<meta name=\"twitter:data1\" content=\"Julien\" \/>\n\t<meta name=\"twitter:label2\" content=\"Dur\u00e9e de lecture est.\" \/>\n\t<meta name=\"twitter:data2\" content=\"2 minutes\" \/>\n<script type=\"application\/ld+json\" class=\"yoast-schema-graph\">{\"@context\":\"https:\/\/schema.org\",\"@graph\":[{\"@type\":\"Article\",\"@id\":\"https:\/\/vieassociative.be\/actualites\/pendant-leupener-kirmes-il-y-a-du-plaisir-pour-les-conducteurs-ce-que-vous-etes-autorise-a-faire-et-ce-qui-nest-pas\/#article\",\"isPartOf\":{\"@id\":\"https:\/\/vieassociative.be\/actualites\/pendant-leupener-kirmes-il-y-a-du-plaisir-pour-les-conducteurs-ce-que-vous-etes-autorise-a-faire-et-ce-qui-nest-pas\/\"},\"author\":{\"name\":\"Julien\",\"@id\":\"https:\/\/vieassociative.be\/actualites\/#\/schema\/person\/b87ac4f82f9d4e7b7cec7395b679edc4\"},\"headline\":\"Pendant l&rsquo;Eupener Kirmes, il y a du plaisir pour les conducteurs &#8211; ce que vous \u00eates autoris\u00e9 \u00e0 faire et ce qui n&rsquo;est pas\",\"datePublished\":\"2025-06-14T08:18:09+00:00\",\"dateModified\":\"2025-06-14T08:18:09+00:00\",\"mainEntityOfPage\":{\"@id\":\"https:\/\/vieassociative.be\/actualites\/pendant-leupener-kirmes-il-y-a-du-plaisir-pour-les-conducteurs-ce-que-vous-etes-autorise-a-faire-et-ce-qui-nest-pas\/\"},\"wordCount\":342,\"publisher\":{\"@id\":\"https:\/\/vieassociative.be\/actualites\/#organization\"},\"image\":{\"@id\":\"https:\/\/vieassociative.be\/actualites\/pendant-leupener-kirmes-il-y-a-du-plaisir-pour-les-conducteurs-ce-que-vous-etes-autorise-a-faire-et-ce-qui-nest-pas\/#primaryimage\"},\"thumbnailUrl\":\"https:\/\/vieassociative.be\/actualites\/wp-content\/uploads\/2025\/06\/Pendant-lEupener-Kirmes-il-y-a-du-plaisir-pour-les.jpeg\",\"keywords\":[\"autoris\u00e9\",\"conducteurs\",\"\u00eates\",\"faire\",\"Kirmes\",\"Les\",\"lEupener\",\"nest\",\"pas\",\"pendant\",\"plaisir\",\"pour\",\"qui\",\"Vous\"],\"articleSection\":[\"Belgique\"],\"inLanguage\":\"fr-BE\"},{\"@type\":\"WebPage\",\"@id\":\"https:\/\/vieassociative.be\/actualites\/pendant-leupener-kirmes-il-y-a-du-plaisir-pour-les-conducteurs-ce-que-vous-etes-autorise-a-faire-et-ce-qui-nest-pas\/\",\"url\":\"https:\/\/vieassociative.be\/actualites\/pendant-leupener-kirmes-il-y-a-du-plaisir-pour-les-conducteurs-ce-que-vous-etes-autorise-a-faire-et-ce-qui-nest-pas\/\",\"name\":\"Pendant l'Eupener Kirmes, il y a du plaisir pour les conducteurs - ce que vous \u00eates autoris\u00e9 \u00e0 faire et ce qui n'est pas | Vie Associative\",\"isPartOf\":{\"@id\":\"https:\/\/vieassociative.be\/actualites\/#website\"},\"primaryImageOfPage\":{\"@id\":\"https:\/\/vieassociative.be\/actualites\/pendant-leupener-kirmes-il-y-a-du-plaisir-pour-les-conducteurs-ce-que-vous-etes-autorise-a-faire-et-ce-qui-nest-pas\/#primaryimage\"},\"image\":{\"@id\":\"https:\/\/vieassociative.be\/actualites\/pendant-leupener-kirmes-il-y-a-du-plaisir-pour-les-conducteurs-ce-que-vous-etes-autorise-a-faire-et-ce-qui-nest-pas\/#primaryimage\"},\"thumbnailUrl\":\"https:\/\/vieassociative.be\/actualites\/wp-content\/uploads\/2025\/06\/Pendant-lEupener-Kirmes-il-y-a-du-plaisir-pour-les.jpeg\",\"datePublished\":\"2025-06-14T08:18:09+00:00\",\"dateModified\":\"2025-06-14T08:18:09+00:00\",\"breadcrumb\":{\"@id\":\"https:\/\/vieassociative.be\/actualites\/pendant-leupener-kirmes-il-y-a-du-plaisir-pour-les-conducteurs-ce-que-vous-etes-autorise-a-faire-et-ce-qui-nest-pas\/#breadcrumb\"},\"inLanguage\":\"fr-BE\",\"potentialAction\":[{\"@type\":\"ReadAction\",\"target\":[\"https:\/\/vieassociative.be\/actualites\/pendant-leupener-kirmes-il-y-a-du-plaisir-pour-les-conducteurs-ce-que-vous-etes-autorise-a-faire-et-ce-qui-nest-pas\/\"]}]},{\"@type\":\"ImageObject\",\"inLanguage\":\"fr-BE\",\"@id\":\"https:\/\/vieassociative.be\/actualites\/pendant-leupener-kirmes-il-y-a-du-plaisir-pour-les-conducteurs-ce-que-vous-etes-autorise-a-faire-et-ce-qui-nest-pas\/#primaryimage\",\"url\":\"https:\/\/vieassociative.be\/actualites\/wp-content\/uploads\/2025\/06\/Pendant-lEupener-Kirmes-il-y-a-du-plaisir-pour-les.jpeg\",\"contentUrl\":\"https:\/\/vieassociative.be\/actualites\/wp-content\/uploads\/2025\/06\/Pendant-lEupener-Kirmes-il-y-a-du-plaisir-pour-les.jpeg\",\"width\":1510,\"height\":943,\"caption\":\"Pendant l'Eupener Kirmes, il y a du plaisir pour les conducteurs - ce que vous \u00eates autoris\u00e9 \u00e0 faire et ce qui n'est pas\"},{\"@type\":\"BreadcrumbList\",\"@id\":\"https:\/\/vieassociative.be\/actualites\/pendant-leupener-kirmes-il-y-a-du-plaisir-pour-les-conducteurs-ce-que-vous-etes-autorise-a-faire-et-ce-qui-nest-pas\/#breadcrumb\",\"itemListElement\":[{\"@type\":\"ListItem\",\"position\":1,\"name\":\"Accueil\",\"item\":\"https:\/\/vieassociative.be\/actualites\/\"},{\"@type\":\"ListItem\",\"position\":2,\"name\":\"Pendant l&rsquo;Eupener Kirmes, il y a du plaisir pour les conducteurs &#8211; ce que vous \u00eates autoris\u00e9 \u00e0 faire et ce qui n&rsquo;est pas\"}]},{\"@type\":\"WebSite\",\"@id\":\"https:\/\/vieassociative.be\/actualites\/#website\",\"url\":\"https:\/\/vieassociative.be\/actualites\/\",\"name\":\"Vie Associative\",\"description\":\"\",\"publisher\":{\"@id\":\"https:\/\/vieassociative.be\/actualites\/#organization\"},\"potentialAction\":[{\"@type\":\"SearchAction\",\"target\":{\"@type\":\"EntryPoint\",\"urlTemplate\":\"https:\/\/vieassociative.be\/actualites\/?s={search_term_string}\"},\"query-input\":{\"@type\":\"PropertyValueSpecification\",\"valueRequired\":true,\"valueName\":\"search_term_string\"}}],\"inLanguage\":\"fr-BE\"},{\"@type\":\"Organization\",\"@id\":\"https:\/\/vieassociative.be\/actualites\/#organization\",\"name\":\"Vie Associative\",\"url\":\"https:\/\/vieassociative.be\/actualites\/\",\"logo\":{\"@type\":\"ImageObject\",\"inLanguage\":\"fr-BE\",\"@id\":\"https:\/\/vieassociative.be\/actualites\/#\/schema\/logo\/image\/\",\"url\":\"https:\/\/vieassociative.be\/actualites\/wp-content\/uploads\/2024\/09\/cropped-vieassociative_favicon.ico.png\",\"contentUrl\":\"https:\/\/vieassociative.be\/actualites\/wp-content\/uploads\/2024\/09\/cropped-vieassociative_favicon.ico.png\",\"width\":512,\"height\":512,\"caption\":\"Vie Associative\"},\"image\":{\"@id\":\"https:\/\/vieassociative.be\/actualites\/#\/schema\/logo\/image\/\"}},{\"@type\":\"Person\",\"@id\":\"https:\/\/vieassociative.be\/actualites\/#\/schema\/person\/b87ac4f82f9d4e7b7cec7395b679edc4\",\"name\":\"Julien\",\"image\":{\"@type\":\"ImageObject\",\"inLanguage\":\"fr-BE\",\"@id\":\"https:\/\/vieassociative.be\/actualites\/#\/schema\/person\/image\/\",\"url\":\"https:\/\/vieassociative.be\/actualites\/wp-content\/uploads\/2024\/09\/vie-associative-1-150x150.jpg\",\"contentUrl\":\"https:\/\/vieassociative.be\/actualites\/wp-content\/uploads\/2024\/09\/vie-associative-1-150x150.jpg\",\"caption\":\"Julien\"},\"description\":\"Je suis Julien, r\u00e9dacteur pour Vie Associative. Passionn\u00e9 par le monde associatif depuis plus de 10 ans, j'ai \u00e0 c\u0153ur de partager des histoires inspirantes et de mettre en lumi\u00e8re les initiatives locales. Mon objectif est de sensibiliser et d'encourager l'engagement communautaire \u00e0 travers mes articles.\",\"sameAs\":[\"https:\/\/vieassociative.be\/\"]}]}<\/script>\n<!-- \/ Yoast SEO plugin. -->","yoast_head_json":{"title":"Pendant l'Eupener Kirmes, il y a du plaisir pour les conducteurs - ce que vous \u00eates autoris\u00e9 \u00e0 faire et ce qui n'est pas | Vie Associative","robots":{"index":"index","follow":"follow","max-snippet":"max-snippet:-1","max-image-preview":"max-image-preview:large","max-video-preview":"max-video-preview:-1"},"canonical":"https:\/\/vieassociative.be\/actualites\/pendant-leupener-kirmes-il-y-a-du-plaisir-pour-les-conducteurs-ce-que-vous-etes-autorise-a-faire-et-ce-qui-nest-pas\/","og_locale":"fr_FR","og_type":"article","og_title":"Pendant l'Eupener Kirmes, il y a du plaisir pour les conducteurs - ce que vous \u00eates autoris\u00e9 \u00e0 faire et ce qui n'est pas | Vie Associative","og_description":"Lorsque l&rsquo;Oberst\u00e4dter Kirmes a lieu \u00e0 Eupen fin juin, les conducteurs sont confront\u00e9s \u00e0 un v\u00e9ritable d\u00e9fi. Il est pr\u00e9f\u00e9rable de r\u00e9fl\u00e9chir \u00e0 la route","og_url":"https:\/\/vieassociative.be\/actualites\/pendant-leupener-kirmes-il-y-a-du-plaisir-pour-les-conducteurs-ce-que-vous-etes-autorise-a-faire-et-ce-qui-nest-pas\/","og_site_name":"Vie Associative","article_published_time":"2025-06-14T08:18:09+00:00","og_image":[{"width":279,"height":92,"url":"https:\/\/vieassociative.be\/actualites\/wp-content\/uploads\/2024\/09\/header_backgroundk-01-e1726694325946.png","type":"image\/png"}],"author":"Julien","twitter_card":"summary_large_image","twitter_misc":{"\u00c9crit par":"Julien","Dur\u00e9e de lecture est.":"2 minutes"},"schema":{"@context":"https:\/\/schema.org","@graph":[{"@type":"Article","@id":"https:\/\/vieassociative.be\/actualites\/pendant-leupener-kirmes-il-y-a-du-plaisir-pour-les-conducteurs-ce-que-vous-etes-autorise-a-faire-et-ce-qui-nest-pas\/#article","isPartOf":{"@id":"https:\/\/vieassociative.be\/actualites\/pendant-leupener-kirmes-il-y-a-du-plaisir-pour-les-conducteurs-ce-que-vous-etes-autorise-a-faire-et-ce-qui-nest-pas\/"},"author":{"name":"Julien","@id":"https:\/\/vieassociative.be\/actualites\/#\/schema\/person\/b87ac4f82f9d4e7b7cec7395b679edc4"},"headline":"Pendant l&rsquo;Eupener Kirmes, il y a du plaisir pour les conducteurs &#8211; ce que vous \u00eates autoris\u00e9 \u00e0 faire et ce qui n&rsquo;est pas","datePublished":"2025-06-14T08:18:09+00:00","dateModified":"2025-06-14T08:18:09+00:00","mainEntityOfPage":{"@id":"https:\/\/vieassociative.be\/actualites\/pendant-leupener-kirmes-il-y-a-du-plaisir-pour-les-conducteurs-ce-que-vous-etes-autorise-a-faire-et-ce-qui-nest-pas\/"},"wordCount":342,"publisher":{"@id":"https:\/\/vieassociative.be\/actualites\/#organization"},"image":{"@id":"https:\/\/vieassociative.be\/actualites\/pendant-leupener-kirmes-il-y-a-du-plaisir-pour-les-conducteurs-ce-que-vous-etes-autorise-a-faire-et-ce-qui-nest-pas\/#primaryimage"},"thumbnailUrl":"https:\/\/vieassociative.be\/actualites\/wp-content\/uploads\/2025\/06\/Pendant-lEupener-Kirmes-il-y-a-du-plaisir-pour-les.jpeg","keywords":["autoris\u00e9","conducteurs","\u00eates","faire","Kirmes","Les","lEupener","nest","pas","pendant","plaisir","pour","qui","Vous"],"articleSection":["Belgique"],"inLanguage":"fr-BE"},{"@type":"WebPage","@id":"https:\/\/vieassociative.be\/actualites\/pendant-leupener-kirmes-il-y-a-du-plaisir-pour-les-conducteurs-ce-que-vous-etes-autorise-a-faire-et-ce-qui-nest-pas\/","url":"https:\/\/vieassociative.be\/actualites\/pendant-leupener-kirmes-il-y-a-du-plaisir-pour-les-conducteurs-ce-que-vous-etes-autorise-a-faire-et-ce-qui-nest-pas\/","name":"Pendant l'Eupener Kirmes, il y a du plaisir pour les conducteurs - ce que vous \u00eates autoris\u00e9 \u00e0 faire et ce qui n'est pas | Vie Associative","isPartOf":{"@id":"https:\/\/vieassociative.be\/actualites\/#website"},"primaryImageOfPage":{"@id":"https:\/\/vieassociative.be\/actualites\/pendant-leupener-kirmes-il-y-a-du-plaisir-pour-les-conducteurs-ce-que-vous-etes-autorise-a-faire-et-ce-qui-nest-pas\/#primaryimage"},"image":{"@id":"https:\/\/vieassociative.be\/actualites\/pendant-leupener-kirmes-il-y-a-du-plaisir-pour-les-conducteurs-ce-que-vous-etes-autorise-a-faire-et-ce-qui-nest-pas\/#primaryimage"},"thumbnailUrl":"https:\/\/vieassociative.be\/actualites\/wp-content\/uploads\/2025\/06\/Pendant-lEupener-Kirmes-il-y-a-du-plaisir-pour-les.jpeg","datePublished":"2025-06-14T08:18:09+00:00","dateModified":"2025-06-14T08:18:09+00:00","breadcrumb":{"@id":"https:\/\/vieassociative.be\/actualites\/pendant-leupener-kirmes-il-y-a-du-plaisir-pour-les-conducteurs-ce-que-vous-etes-autorise-a-faire-et-ce-qui-nest-pas\/#breadcrumb"},"inLanguage":"fr-BE","potentialAction":[{"@type":"ReadAction","target":["https:\/\/vieassociative.be\/actualites\/pendant-leupener-kirmes-il-y-a-du-plaisir-pour-les-conducteurs-ce-que-vous-etes-autorise-a-faire-et-ce-qui-nest-pas\/"]}]},{"@type":"ImageObject","inLanguage":"fr-BE","@id":"https:\/\/vieassociative.be\/actualites\/pendant-leupener-kirmes-il-y-a-du-plaisir-pour-les-conducteurs-ce-que-vous-etes-autorise-a-faire-et-ce-qui-nest-pas\/#primaryimage","url":"https:\/\/vieassociative.be\/actualites\/wp-content\/uploads\/2025\/06\/Pendant-lEupener-Kirmes-il-y-a-du-plaisir-pour-les.jpeg","contentUrl":"https:\/\/vieassociative.be\/actualites\/wp-content\/uploads\/2025\/06\/Pendant-lEupener-Kirmes-il-y-a-du-plaisir-pour-les.jpeg","width":1510,"height":943,"caption":"Pendant l'Eupener Kirmes, il y a du plaisir pour les conducteurs - ce que vous \u00eates autoris\u00e9 \u00e0 faire et ce qui n'est pas"},{"@type":"BreadcrumbList","@id":"https:\/\/vieassociative.be\/actualites\/pendant-leupener-kirmes-il-y-a-du-plaisir-pour-les-conducteurs-ce-que-vous-etes-autorise-a-faire-et-ce-qui-nest-pas\/#breadcrumb","itemListElement":[{"@type":"ListItem","position":1,"name":"Accueil","item":"https:\/\/vieassociative.be\/actualites\/"},{"@type":"ListItem","position":2,"name":"Pendant l&rsquo;Eupener Kirmes, il y a du plaisir pour les conducteurs &#8211; ce que vous \u00eates autoris\u00e9 \u00e0 faire et ce qui n&rsquo;est pas"}]},{"@type":"WebSite","@id":"https:\/\/vieassociative.be\/actualites\/#website","url":"https:\/\/vieassociative.be\/actualites\/","name":"Vie Associative","description":"","publisher":{"@id":"https:\/\/vieassociative.be\/actualites\/#organization"},"potentialAction":[{"@type":"SearchAction","target":{"@type":"EntryPoint","urlTemplate":"https:\/\/vieassociative.be\/actualites\/?s={search_term_string}"},"query-input":{"@type":"PropertyValueSpecification","valueRequired":true,"valueName":"search_term_string"}}],"inLanguage":"fr-BE"},{"@type":"Organization","@id":"https:\/\/vieassociative.be\/actualites\/#organization","name":"Vie Associative","url":"https:\/\/vieassociative.be\/actualites\/","logo":{"@type":"ImageObject","inLanguage":"fr-BE","@id":"https:\/\/vieassociative.be\/actualites\/#\/schema\/logo\/image\/","url":"https:\/\/vieassociative.be\/actualites\/wp-content\/uploads\/2024\/09\/cropped-vieassociative_favicon.ico.png","contentUrl":"https:\/\/vieassociative.be\/actualites\/wp-content\/uploads\/2024\/09\/cropped-vieassociative_favicon.ico.png","width":512,"height":512,"caption":"Vie Associative"},"image":{"@id":"https:\/\/vieassociative.be\/actualites\/#\/schema\/logo\/image\/"}},{"@type":"Person","@id":"https:\/\/vieassociative.be\/actualites\/#\/schema\/person\/b87ac4f82f9d4e7b7cec7395b679edc4","name":"Julien","image":{"@type":"ImageObject","inLanguage":"fr-BE","@id":"https:\/\/vieassociative.be\/actualites\/#\/schema\/person\/image\/","url":"https:\/\/vieassociative.be\/actualites\/wp-content\/uploads\/2024\/09\/vie-associative-1-150x150.jpg","contentUrl":"https:\/\/vieassociative.be\/actualites\/wp-content\/uploads\/2024\/09\/vie-associative-1-150x150.jpg","caption":"Julien"},"description":"Je suis Julien, r\u00e9dacteur pour Vie Associative. Passionn\u00e9 par le monde associatif depuis plus de 10 ans, j'ai \u00e0 c\u0153ur de partager des histoires inspirantes et de mettre en lumi\u00e8re les initiatives locales. Mon objectif est de sensibiliser et d'encourager l'engagement communautaire \u00e0 travers mes articles.","sameAs":["https:\/\/vieassociative.be\/"]}]}},"_links":{"self":[{"href":"https:\/\/vieassociative.be\/actualites\/wp-json\/wp\/v2\/posts\/8181"}],"collection":[{"href":"https:\/\/vieassociative.be\/actualites\/wp-json\/wp\/v2\/posts"}],"about":[{"href":"https:\/\/vieassociative.be\/actualites\/wp-json\/wp\/v2\/types\/post"}],"author":[{"embeddable":true,"href":"https:\/\/vieassociative.be\/actualites\/wp-json\/wp\/v2\/users\/1"}],"replies":[{"embeddable":true,"href":"https:\/\/vieassociative.be\/actualites\/wp-json\/wp\/v2\/comments?post=8181"}],"version-history":[{"count":0,"href":"https:\/\/vieassociative.be\/actualites\/wp-json\/wp\/v2\/posts\/8181\/revisions"}],"wp:featuredmedia":[{"embeddable":true,"href":"https:\/\/vieassociative.be\/actualites\/wp-json\/wp\/v2\/media\/8182"}],"wp:attachment":[{"href":"https:\/\/vieassociative.be\/actualites\/wp-json\/wp\/v2\/media?parent=8181"}],"wp:term":[{"taxonomy":"category","embeddable":true,"href":"https:\/\/vieassociative.be\/actualites\/wp-json\/wp\/v2\/categories?post=8181"},{"taxonomy":"post_tag","embeddable":true,"href":"https:\/\/vieassociative.be\/actualites\/wp-json\/wp\/v2\/tags?post=8181"}],"curies":[{"name":"wp","href":"https:\/\/api.w.org\/{rel}","templated":true}]}}