{"id":8175,"date":"2025-06-14T04:17:55","date_gmt":"2025-06-14T02:17:55","guid":{"rendered":"https:\/\/vieassociative.be\/actualites\/pogacar-conduit-a-nouveau-tout-sur-le-sol-meme-meme-le-piratage-de-meme-et-est-laisse-pour-compte\/"},"modified":"2025-06-14T04:17:55","modified_gmt":"2025-06-14T02:17:55","slug":"pogacar-conduit-a-nouveau-tout-sur-le-sol-meme-meme-le-piratage-de-meme-et-est-laisse-pour-compte","status":"publish","type":"post","link":"https:\/\/vieassociative.be\/actualites\/pogacar-conduit-a-nouveau-tout-sur-le-sol-meme-meme-le-piratage-de-meme-et-est-laisse-pour-compte\/","title":{"rendered":"Pogacar conduit \u00e0 nouveau tout sur le sol &#8211; m\u00eame m\u00eame le piratage de m\u00eame et est laiss\u00e9 pour compte"},"content":{"rendered":"<p><strong>Tadej Pogacar a remport\u00e9 la 6e \u00e9tape de la Crit\u00e9rium du Dauphin\u00e9 entre Valserh\u00f4ne et Combloux. Le champion du monde a quitt\u00e9 la comp\u00e9tition sur l&rsquo;escalade de Domancy et Cry, ce qui a conduit \u00e0 l&rsquo;objectif.<\/strong><\/p>\n<p><span id=\"more-417700\"><\/span>En fin de compte, le Slov\u00e8ne a franchi la ligne d&rsquo;arriv\u00e9e avec 1&rsquo;01 \u00aben t\u00eate devant Jonas Vingegaard et 1&rsquo;22\u00bb devant Florian Lipowitz, qui a pris la troisi\u00e8me place de la sc\u00e8ne.<\/p>\n<p>Le sponsor du Jersey jaune, Remco Nirepoel, qui a \u00e9t\u00e9 laiss\u00e9 derri\u00e8re 4 km avant le sommet de Lipowitz, a pris la 5e place derri\u00e8re Jorgenon et a \u00e9t\u00e9 1,50 derri\u00e8re le vainqueur de la journ\u00e9e.<\/p>\n<p>Pogacar a m\u00eame remport\u00e9 une double victoire et a pris les devants en t\u00eate devant Vingegaard (+ 43 \u00ab\u00a0) et Lipowitz (+ 52 \u2033). Onepoel est maintenant en quatri\u00e8me place, 1,22\u201d derri\u00e8re le nouveau leader. (Cre)<\/p>\n","protected":false},"excerpt":{"rendered":"<p>Tadej Pogacar a remport\u00e9 la 6e \u00e9tape de la Crit\u00e9rium du Dauphin\u00e9 entre Valserh\u00f4ne et Combloux. Le champion du monde a quitt\u00e9 la comp\u00e9tition sur<\/p>\n","protected":false},"author":1,"featured_media":8176,"comment_status":"","ping_status":"","sticky":false,"template":"","format":"standard","meta":{"footnotes":""},"categories":[298],"tags":[962,5904,76,3225,891,553,6983,5976,81,5963,33,236],"class_list":["post-8175","post","type-post","status-publish","format-standard","has-post-thumbnail","hentry","category-belgique","tag-compte","tag-conduit","tag-est","tag-laisse","tag-meme","tag-nouveau","tag-piratage","tag-pogacar","tag-pour","tag-sol","tag-sur","tag-tout","generate-columns","tablet-grid-50","mobile-grid-100","grid-parent","grid-33"],"yoast_head":"<!-- This site is optimized with the Yoast SEO plugin v24.0 - https:\/\/yoast.com\/wordpress\/plugins\/seo\/ -->\n<title>Pogacar conduit \u00e0 nouveau tout sur le sol - m\u00eame m\u00eame le piratage de m\u00eame et est laiss\u00e9 pour compte | Vie Associative<\/title>\n<meta name=\"robots\" content=\"index, follow, max-snippet:-1, max-image-preview:large, max-video-preview:-1\" \/>\n<link rel=\"canonical\" href=\"https:\/\/vieassociative.be\/actualites\/pogacar-conduit-a-nouveau-tout-sur-le-sol-meme-meme-le-piratage-de-meme-et-est-laisse-pour-compte\/\" \/>\n<meta property=\"og:locale\" content=\"fr_FR\" \/>\n<meta property=\"og:type\" content=\"article\" \/>\n<meta property=\"og:title\" content=\"Pogacar conduit \u00e0 nouveau tout sur le sol - m\u00eame m\u00eame le piratage de m\u00eame et est laiss\u00e9 pour compte | Vie Associative\" \/>\n<meta property=\"og:description\" content=\"Tadej Pogacar a remport\u00e9 la 6e \u00e9tape de la Crit\u00e9rium du Dauphin\u00e9 entre Valserh\u00f4ne et Combloux. Le champion du monde a quitt\u00e9 la comp\u00e9tition sur\" \/>\n<meta property=\"og:url\" content=\"https:\/\/vieassociative.be\/actualites\/pogacar-conduit-a-nouveau-tout-sur-le-sol-meme-meme-le-piratage-de-meme-et-est-laisse-pour-compte\/\" \/>\n<meta property=\"og:site_name\" content=\"Vie Associative\" \/>\n<meta property=\"article:published_time\" content=\"2025-06-14T02:17:55+00:00\" \/>\n<meta property=\"og:image\" content=\"https:\/\/vieassociative.be\/actualites\/wp-content\/uploads\/2024\/09\/header_backgroundk-01-e1726694325946.png\" \/>\n\t<meta property=\"og:image:width\" content=\"279\" \/>\n\t<meta property=\"og:image:height\" content=\"92\" \/>\n\t<meta property=\"og:image:type\" content=\"image\/png\" \/>\n<meta name=\"author\" content=\"Julien\" \/>\n<meta name=\"twitter:card\" content=\"summary_large_image\" \/>\n<meta name=\"twitter:label1\" content=\"\u00c9crit par\" \/>\n\t<meta name=\"twitter:data1\" content=\"Julien\" \/>\n\t<meta name=\"twitter:label2\" content=\"Dur\u00e9e de lecture est.\" \/>\n\t<meta name=\"twitter:data2\" content=\"1 minute\" \/>\n<script type=\"application\/ld+json\" class=\"yoast-schema-graph\">{\"@context\":\"https:\/\/schema.org\",\"@graph\":[{\"@type\":\"Article\",\"@id\":\"https:\/\/vieassociative.be\/actualites\/pogacar-conduit-a-nouveau-tout-sur-le-sol-meme-meme-le-piratage-de-meme-et-est-laisse-pour-compte\/#article\",\"isPartOf\":{\"@id\":\"https:\/\/vieassociative.be\/actualites\/pogacar-conduit-a-nouveau-tout-sur-le-sol-meme-meme-le-piratage-de-meme-et-est-laisse-pour-compte\/\"},\"author\":{\"name\":\"Julien\",\"@id\":\"https:\/\/vieassociative.be\/actualites\/#\/schema\/person\/b87ac4f82f9d4e7b7cec7395b679edc4\"},\"headline\":\"Pogacar conduit \u00e0 nouveau tout sur le sol &#8211; m\u00eame m\u00eame le piratage de m\u00eame et est laiss\u00e9 pour compte\",\"datePublished\":\"2025-06-14T02:17:55+00:00\",\"dateModified\":\"2025-06-14T02:17:55+00:00\",\"mainEntityOfPage\":{\"@id\":\"https:\/\/vieassociative.be\/actualites\/pogacar-conduit-a-nouveau-tout-sur-le-sol-meme-meme-le-piratage-de-meme-et-est-laisse-pour-compte\/\"},\"wordCount\":169,\"publisher\":{\"@id\":\"https:\/\/vieassociative.be\/actualites\/#organization\"},\"image\":{\"@id\":\"https:\/\/vieassociative.be\/actualites\/pogacar-conduit-a-nouveau-tout-sur-le-sol-meme-meme-le-piratage-de-meme-et-est-laisse-pour-compte\/#primaryimage\"},\"thumbnailUrl\":\"https:\/\/vieassociative.be\/actualites\/wp-content\/uploads\/2025\/06\/Pogacar-conduit-a-nouveau-tout-sur-le-sol-meme.jpg\",\"keywords\":[\"compte\",\"conduit\",\"est\",\"laisse\",\"m\u00eame\",\"nouveau\",\"piratage\",\"Pogacar\",\"pour\",\"sol\",\"sur\",\"tout\"],\"articleSection\":[\"Belgique\"],\"inLanguage\":\"fr-BE\"},{\"@type\":\"WebPage\",\"@id\":\"https:\/\/vieassociative.be\/actualites\/pogacar-conduit-a-nouveau-tout-sur-le-sol-meme-meme-le-piratage-de-meme-et-est-laisse-pour-compte\/\",\"url\":\"https:\/\/vieassociative.be\/actualites\/pogacar-conduit-a-nouveau-tout-sur-le-sol-meme-meme-le-piratage-de-meme-et-est-laisse-pour-compte\/\",\"name\":\"Pogacar conduit \u00e0 nouveau tout sur le sol - m\u00eame m\u00eame le piratage de m\u00eame et est laiss\u00e9 pour compte | Vie Associative\",\"isPartOf\":{\"@id\":\"https:\/\/vieassociative.be\/actualites\/#website\"},\"primaryImageOfPage\":{\"@id\":\"https:\/\/vieassociative.be\/actualites\/pogacar-conduit-a-nouveau-tout-sur-le-sol-meme-meme-le-piratage-de-meme-et-est-laisse-pour-compte\/#primaryimage\"},\"image\":{\"@id\":\"https:\/\/vieassociative.be\/actualites\/pogacar-conduit-a-nouveau-tout-sur-le-sol-meme-meme-le-piratage-de-meme-et-est-laisse-pour-compte\/#primaryimage\"},\"thumbnailUrl\":\"https:\/\/vieassociative.be\/actualites\/wp-content\/uploads\/2025\/06\/Pogacar-conduit-a-nouveau-tout-sur-le-sol-meme.jpg\",\"datePublished\":\"2025-06-14T02:17:55+00:00\",\"dateModified\":\"2025-06-14T02:17:55+00:00\",\"breadcrumb\":{\"@id\":\"https:\/\/vieassociative.be\/actualites\/pogacar-conduit-a-nouveau-tout-sur-le-sol-meme-meme-le-piratage-de-meme-et-est-laisse-pour-compte\/#breadcrumb\"},\"inLanguage\":\"fr-BE\",\"potentialAction\":[{\"@type\":\"ReadAction\",\"target\":[\"https:\/\/vieassociative.be\/actualites\/pogacar-conduit-a-nouveau-tout-sur-le-sol-meme-meme-le-piratage-de-meme-et-est-laisse-pour-compte\/\"]}]},{\"@type\":\"ImageObject\",\"inLanguage\":\"fr-BE\",\"@id\":\"https:\/\/vieassociative.be\/actualites\/pogacar-conduit-a-nouveau-tout-sur-le-sol-meme-meme-le-piratage-de-meme-et-est-laisse-pour-compte\/#primaryimage\",\"url\":\"https:\/\/vieassociative.be\/actualites\/wp-content\/uploads\/2025\/06\/Pogacar-conduit-a-nouveau-tout-sur-le-sol-meme.jpg\",\"contentUrl\":\"https:\/\/vieassociative.be\/actualites\/wp-content\/uploads\/2025\/06\/Pogacar-conduit-a-nouveau-tout-sur-le-sol-meme.jpg\",\"width\":1200,\"height\":800,\"caption\":\"Pogacar conduit \u00e0 nouveau tout sur le sol - m\u00eame m\u00eame le piratage de m\u00eame et est laiss\u00e9 pour compte\"},{\"@type\":\"BreadcrumbList\",\"@id\":\"https:\/\/vieassociative.be\/actualites\/pogacar-conduit-a-nouveau-tout-sur-le-sol-meme-meme-le-piratage-de-meme-et-est-laisse-pour-compte\/#breadcrumb\",\"itemListElement\":[{\"@type\":\"ListItem\",\"position\":1,\"name\":\"Accueil\",\"item\":\"https:\/\/vieassociative.be\/actualites\/\"},{\"@type\":\"ListItem\",\"position\":2,\"name\":\"Pogacar conduit \u00e0 nouveau tout sur le sol &#8211; m\u00eame m\u00eame le piratage de m\u00eame et est laiss\u00e9 pour compte\"}]},{\"@type\":\"WebSite\",\"@id\":\"https:\/\/vieassociative.be\/actualites\/#website\",\"url\":\"https:\/\/vieassociative.be\/actualites\/\",\"name\":\"Vie Associative\",\"description\":\"\",\"publisher\":{\"@id\":\"https:\/\/vieassociative.be\/actualites\/#organization\"},\"potentialAction\":[{\"@type\":\"SearchAction\",\"target\":{\"@type\":\"EntryPoint\",\"urlTemplate\":\"https:\/\/vieassociative.be\/actualites\/?s={search_term_string}\"},\"query-input\":{\"@type\":\"PropertyValueSpecification\",\"valueRequired\":true,\"valueName\":\"search_term_string\"}}],\"inLanguage\":\"fr-BE\"},{\"@type\":\"Organization\",\"@id\":\"https:\/\/vieassociative.be\/actualites\/#organization\",\"name\":\"Vie Associative\",\"url\":\"https:\/\/vieassociative.be\/actualites\/\",\"logo\":{\"@type\":\"ImageObject\",\"inLanguage\":\"fr-BE\",\"@id\":\"https:\/\/vieassociative.be\/actualites\/#\/schema\/logo\/image\/\",\"url\":\"https:\/\/vieassociative.be\/actualites\/wp-content\/uploads\/2024\/09\/cropped-vieassociative_favicon.ico.png\",\"contentUrl\":\"https:\/\/vieassociative.be\/actualites\/wp-content\/uploads\/2024\/09\/cropped-vieassociative_favicon.ico.png\",\"width\":512,\"height\":512,\"caption\":\"Vie Associative\"},\"image\":{\"@id\":\"https:\/\/vieassociative.be\/actualites\/#\/schema\/logo\/image\/\"}},{\"@type\":\"Person\",\"@id\":\"https:\/\/vieassociative.be\/actualites\/#\/schema\/person\/b87ac4f82f9d4e7b7cec7395b679edc4\",\"name\":\"Julien\",\"image\":{\"@type\":\"ImageObject\",\"inLanguage\":\"fr-BE\",\"@id\":\"https:\/\/vieassociative.be\/actualites\/#\/schema\/person\/image\/\",\"url\":\"https:\/\/vieassociative.be\/actualites\/wp-content\/uploads\/2024\/09\/vie-associative-1-150x150.jpg\",\"contentUrl\":\"https:\/\/vieassociative.be\/actualites\/wp-content\/uploads\/2024\/09\/vie-associative-1-150x150.jpg\",\"caption\":\"Julien\"},\"description\":\"Je suis Julien, r\u00e9dacteur pour Vie Associative. Passionn\u00e9 par le monde associatif depuis plus de 10 ans, j'ai \u00e0 c\u0153ur de partager des histoires inspirantes et de mettre en lumi\u00e8re les initiatives locales. Mon objectif est de sensibiliser et d'encourager l'engagement communautaire \u00e0 travers mes articles.\",\"sameAs\":[\"https:\/\/vieassociative.be\/\"]}]}<\/script>\n<!-- \/ Yoast SEO plugin. -->","yoast_head_json":{"title":"Pogacar conduit \u00e0 nouveau tout sur le sol - m\u00eame m\u00eame le piratage de m\u00eame et est laiss\u00e9 pour compte | Vie Associative","robots":{"index":"index","follow":"follow","max-snippet":"max-snippet:-1","max-image-preview":"max-image-preview:large","max-video-preview":"max-video-preview:-1"},"canonical":"https:\/\/vieassociative.be\/actualites\/pogacar-conduit-a-nouveau-tout-sur-le-sol-meme-meme-le-piratage-de-meme-et-est-laisse-pour-compte\/","og_locale":"fr_FR","og_type":"article","og_title":"Pogacar conduit \u00e0 nouveau tout sur le sol - m\u00eame m\u00eame le piratage de m\u00eame et est laiss\u00e9 pour compte | Vie Associative","og_description":"Tadej Pogacar a remport\u00e9 la 6e \u00e9tape de la Crit\u00e9rium du Dauphin\u00e9 entre Valserh\u00f4ne et Combloux. Le champion du monde a quitt\u00e9 la comp\u00e9tition sur","og_url":"https:\/\/vieassociative.be\/actualites\/pogacar-conduit-a-nouveau-tout-sur-le-sol-meme-meme-le-piratage-de-meme-et-est-laisse-pour-compte\/","og_site_name":"Vie Associative","article_published_time":"2025-06-14T02:17:55+00:00","og_image":[{"width":279,"height":92,"url":"https:\/\/vieassociative.be\/actualites\/wp-content\/uploads\/2024\/09\/header_backgroundk-01-e1726694325946.png","type":"image\/png"}],"author":"Julien","twitter_card":"summary_large_image","twitter_misc":{"\u00c9crit par":"Julien","Dur\u00e9e de lecture est.":"1 minute"},"schema":{"@context":"https:\/\/schema.org","@graph":[{"@type":"Article","@id":"https:\/\/vieassociative.be\/actualites\/pogacar-conduit-a-nouveau-tout-sur-le-sol-meme-meme-le-piratage-de-meme-et-est-laisse-pour-compte\/#article","isPartOf":{"@id":"https:\/\/vieassociative.be\/actualites\/pogacar-conduit-a-nouveau-tout-sur-le-sol-meme-meme-le-piratage-de-meme-et-est-laisse-pour-compte\/"},"author":{"name":"Julien","@id":"https:\/\/vieassociative.be\/actualites\/#\/schema\/person\/b87ac4f82f9d4e7b7cec7395b679edc4"},"headline":"Pogacar conduit \u00e0 nouveau tout sur le sol &#8211; m\u00eame m\u00eame le piratage de m\u00eame et est laiss\u00e9 pour compte","datePublished":"2025-06-14T02:17:55+00:00","dateModified":"2025-06-14T02:17:55+00:00","mainEntityOfPage":{"@id":"https:\/\/vieassociative.be\/actualites\/pogacar-conduit-a-nouveau-tout-sur-le-sol-meme-meme-le-piratage-de-meme-et-est-laisse-pour-compte\/"},"wordCount":169,"publisher":{"@id":"https:\/\/vieassociative.be\/actualites\/#organization"},"image":{"@id":"https:\/\/vieassociative.be\/actualites\/pogacar-conduit-a-nouveau-tout-sur-le-sol-meme-meme-le-piratage-de-meme-et-est-laisse-pour-compte\/#primaryimage"},"thumbnailUrl":"https:\/\/vieassociative.be\/actualites\/wp-content\/uploads\/2025\/06\/Pogacar-conduit-a-nouveau-tout-sur-le-sol-meme.jpg","keywords":["compte","conduit","est","laisse","m\u00eame","nouveau","piratage","Pogacar","pour","sol","sur","tout"],"articleSection":["Belgique"],"inLanguage":"fr-BE"},{"@type":"WebPage","@id":"https:\/\/vieassociative.be\/actualites\/pogacar-conduit-a-nouveau-tout-sur-le-sol-meme-meme-le-piratage-de-meme-et-est-laisse-pour-compte\/","url":"https:\/\/vieassociative.be\/actualites\/pogacar-conduit-a-nouveau-tout-sur-le-sol-meme-meme-le-piratage-de-meme-et-est-laisse-pour-compte\/","name":"Pogacar conduit \u00e0 nouveau tout sur le sol - m\u00eame m\u00eame le piratage de m\u00eame et est laiss\u00e9 pour compte | Vie Associative","isPartOf":{"@id":"https:\/\/vieassociative.be\/actualites\/#website"},"primaryImageOfPage":{"@id":"https:\/\/vieassociative.be\/actualites\/pogacar-conduit-a-nouveau-tout-sur-le-sol-meme-meme-le-piratage-de-meme-et-est-laisse-pour-compte\/#primaryimage"},"image":{"@id":"https:\/\/vieassociative.be\/actualites\/pogacar-conduit-a-nouveau-tout-sur-le-sol-meme-meme-le-piratage-de-meme-et-est-laisse-pour-compte\/#primaryimage"},"thumbnailUrl":"https:\/\/vieassociative.be\/actualites\/wp-content\/uploads\/2025\/06\/Pogacar-conduit-a-nouveau-tout-sur-le-sol-meme.jpg","datePublished":"2025-06-14T02:17:55+00:00","dateModified":"2025-06-14T02:17:55+00:00","breadcrumb":{"@id":"https:\/\/vieassociative.be\/actualites\/pogacar-conduit-a-nouveau-tout-sur-le-sol-meme-meme-le-piratage-de-meme-et-est-laisse-pour-compte\/#breadcrumb"},"inLanguage":"fr-BE","potentialAction":[{"@type":"ReadAction","target":["https:\/\/vieassociative.be\/actualites\/pogacar-conduit-a-nouveau-tout-sur-le-sol-meme-meme-le-piratage-de-meme-et-est-laisse-pour-compte\/"]}]},{"@type":"ImageObject","inLanguage":"fr-BE","@id":"https:\/\/vieassociative.be\/actualites\/pogacar-conduit-a-nouveau-tout-sur-le-sol-meme-meme-le-piratage-de-meme-et-est-laisse-pour-compte\/#primaryimage","url":"https:\/\/vieassociative.be\/actualites\/wp-content\/uploads\/2025\/06\/Pogacar-conduit-a-nouveau-tout-sur-le-sol-meme.jpg","contentUrl":"https:\/\/vieassociative.be\/actualites\/wp-content\/uploads\/2025\/06\/Pogacar-conduit-a-nouveau-tout-sur-le-sol-meme.jpg","width":1200,"height":800,"caption":"Pogacar conduit \u00e0 nouveau tout sur le sol - m\u00eame m\u00eame le piratage de m\u00eame et est laiss\u00e9 pour compte"},{"@type":"BreadcrumbList","@id":"https:\/\/vieassociative.be\/actualites\/pogacar-conduit-a-nouveau-tout-sur-le-sol-meme-meme-le-piratage-de-meme-et-est-laisse-pour-compte\/#breadcrumb","itemListElement":[{"@type":"ListItem","position":1,"name":"Accueil","item":"https:\/\/vieassociative.be\/actualites\/"},{"@type":"ListItem","position":2,"name":"Pogacar conduit \u00e0 nouveau tout sur le sol &#8211; m\u00eame m\u00eame le piratage de m\u00eame et est laiss\u00e9 pour compte"}]},{"@type":"WebSite","@id":"https:\/\/vieassociative.be\/actualites\/#website","url":"https:\/\/vieassociative.be\/actualites\/","name":"Vie Associative","description":"","publisher":{"@id":"https:\/\/vieassociative.be\/actualites\/#organization"},"potentialAction":[{"@type":"SearchAction","target":{"@type":"EntryPoint","urlTemplate":"https:\/\/vieassociative.be\/actualites\/?s={search_term_string}"},"query-input":{"@type":"PropertyValueSpecification","valueRequired":true,"valueName":"search_term_string"}}],"inLanguage":"fr-BE"},{"@type":"Organization","@id":"https:\/\/vieassociative.be\/actualites\/#organization","name":"Vie Associative","url":"https:\/\/vieassociative.be\/actualites\/","logo":{"@type":"ImageObject","inLanguage":"fr-BE","@id":"https:\/\/vieassociative.be\/actualites\/#\/schema\/logo\/image\/","url":"https:\/\/vieassociative.be\/actualites\/wp-content\/uploads\/2024\/09\/cropped-vieassociative_favicon.ico.png","contentUrl":"https:\/\/vieassociative.be\/actualites\/wp-content\/uploads\/2024\/09\/cropped-vieassociative_favicon.ico.png","width":512,"height":512,"caption":"Vie Associative"},"image":{"@id":"https:\/\/vieassociative.be\/actualites\/#\/schema\/logo\/image\/"}},{"@type":"Person","@id":"https:\/\/vieassociative.be\/actualites\/#\/schema\/person\/b87ac4f82f9d4e7b7cec7395b679edc4","name":"Julien","image":{"@type":"ImageObject","inLanguage":"fr-BE","@id":"https:\/\/vieassociative.be\/actualites\/#\/schema\/person\/image\/","url":"https:\/\/vieassociative.be\/actualites\/wp-content\/uploads\/2024\/09\/vie-associative-1-150x150.jpg","contentUrl":"https:\/\/vieassociative.be\/actualites\/wp-content\/uploads\/2024\/09\/vie-associative-1-150x150.jpg","caption":"Julien"},"description":"Je suis Julien, r\u00e9dacteur pour Vie Associative. Passionn\u00e9 par le monde associatif depuis plus de 10 ans, j'ai \u00e0 c\u0153ur de partager des histoires inspirantes et de mettre en lumi\u00e8re les initiatives locales. Mon objectif est de sensibiliser et d'encourager l'engagement communautaire \u00e0 travers mes articles.","sameAs":["https:\/\/vieassociative.be\/"]}]}},"_links":{"self":[{"href":"https:\/\/vieassociative.be\/actualites\/wp-json\/wp\/v2\/posts\/8175"}],"collection":[{"href":"https:\/\/vieassociative.be\/actualites\/wp-json\/wp\/v2\/posts"}],"about":[{"href":"https:\/\/vieassociative.be\/actualites\/wp-json\/wp\/v2\/types\/post"}],"author":[{"embeddable":true,"href":"https:\/\/vieassociative.be\/actualites\/wp-json\/wp\/v2\/users\/1"}],"replies":[{"embeddable":true,"href":"https:\/\/vieassociative.be\/actualites\/wp-json\/wp\/v2\/comments?post=8175"}],"version-history":[{"count":0,"href":"https:\/\/vieassociative.be\/actualites\/wp-json\/wp\/v2\/posts\/8175\/revisions"}],"wp:featuredmedia":[{"embeddable":true,"href":"https:\/\/vieassociative.be\/actualites\/wp-json\/wp\/v2\/media\/8176"}],"wp:attachment":[{"href":"https:\/\/vieassociative.be\/actualites\/wp-json\/wp\/v2\/media?parent=8175"}],"wp:term":[{"taxonomy":"category","embeddable":true,"href":"https:\/\/vieassociative.be\/actualites\/wp-json\/wp\/v2\/categories?post=8175"},{"taxonomy":"post_tag","embeddable":true,"href":"https:\/\/vieassociative.be\/actualites\/wp-json\/wp\/v2\/tags?post=8175"}],"curies":[{"name":"wp","href":"https:\/\/api.w.org\/{rel}","templated":true}]}}