{"id":8171,"date":"2025-06-13T22:19:24","date_gmt":"2025-06-13T20:19:24","guid":{"rendered":"https:\/\/vieassociative.be\/actualites\/lettre-au-redacteur-en-chef-la-democratie-ne-protege-pas-contre-le-fascisme\/"},"modified":"2025-06-13T22:19:24","modified_gmt":"2025-06-13T20:19:24","slug":"lettre-au-redacteur-en-chef-la-democratie-ne-protege-pas-contre-le-fascisme","status":"publish","type":"post","link":"https:\/\/vieassociative.be\/actualites\/lettre-au-redacteur-en-chef-la-democratie-ne-protege-pas-contre-le-fascisme\/","title":{"rendered":"Lettre au r\u00e9dacteur en chef &#8211; La d\u00e9mocratie ne prot\u00e8ge pas contre le fascisme!"},"content":{"rendered":"<p><strong>Lors de la lecture des commentaires de la faction Trump, il est \u00e0 noter que le respect du droit et du droit y est souvent demand\u00e9.<\/strong><\/p>\n<p><span id=\"more-417654\"><\/span>De cette fa\u00e7on, les migrants devraient \u00eatre chass\u00e9s pour l&rsquo;expulsion car ils sont \u00ab\u00a0ill\u00e9gaux\u00a0\u00bb. Les juges d\u00e9sagr\u00e9ables peuvent se rappeler, insulter les journalistes, \u00abtrier\u00bb les universit\u00e9s et les \u00e9tudiants, \u00e0 licencier de mani\u00e8re massive sans avertissement, insult\u00e9e diff\u00e9remment (en particulier les artistes), \u00eatre menac\u00e9e par les pays voisins, etc. parce qu&rsquo;aucune loi emp\u00eache Trump d&rsquo;\u00eatre \u00abl\u00e9gale\u00bb.<\/p>\n<p>Ce qui manque ici, c&rsquo;est l&rsquo;humanit\u00e9! La rh\u00e9torique de Trump et de son environnement est en effet tremp\u00e9e par la violence verbale. Il n&rsquo;y a aucune trace d&rsquo;humanit\u00e9.<\/p>\n<p>Si la d\u00e9mocratie est d\u00e9sormais entendu exclusivement comme une application de la majorit\u00e9, sans une r\u00e9clamation morale, elle peut donner naissance \u00e0 un terrible tyran, qui est finalement c\u00e9l\u00e9br\u00e9 par ses disciples parce qu&rsquo;il partage sa haine de la haine par lui (sur le bouc \u00e9agitant fou ou le \u00ab\u00a0syst\u00e8me\u00a0\u00bb).<\/p>\n<p>\u00c0 cet \u00e9gard, le \u00ab\u00a0l\u00e9gal\u00a0\u00bb n&rsquo;est pas synonyme de \u00ab\u00a0bien\u00a0\u00bb, tout aussi peu que \u00ab\u00a0ill\u00e9galement\u00a0\u00bb est synonyme de \u00ab\u00a0mal\u00a0\u00bb. Apr\u00e8s tout, aujourd&rsquo;hui, personne ne trouvera les lois d&rsquo;Hitler qui ont puni la \u00ab\u00a0honte raciale\u00a0\u00bb avec la prison pour \u00ab\u00a0bon\u00a0\u00bb.<\/p>\n<p><strong>13\/06\/2025 Gerhard Schmitz, St. Vith<\/strong><\/p>\n","protected":false},"excerpt":{"rendered":"<p>Lors de la lecture des commentaires de la faction Trump, il est \u00e0 noter que le respect du droit et du droit y est souvent<\/p>\n","protected":false},"author":1,"featured_media":2567,"comment_status":"","ping_status":"","sticky":false,"template":"","format":"standard","meta":{"footnotes":""},"categories":[298],"tags":[4619,796,4768,7401,2628,126,7400,3723],"class_list":["post-8171","post","type-post","status-publish","format-standard","has-post-thumbnail","hentry","category-belgique","tag-chef","tag-contre","tag-democratie","tag-fascisme","tag-lettre","tag-pas","tag-protege","tag-redacteur","generate-columns","tablet-grid-50","mobile-grid-100","grid-parent","grid-33"],"yoast_head":"<!-- This site is optimized with the Yoast SEO plugin v24.0 - https:\/\/yoast.com\/wordpress\/plugins\/seo\/ -->\n<title>Lettre au r\u00e9dacteur en chef - La d\u00e9mocratie ne prot\u00e8ge pas contre le fascisme! | Vie Associative<\/title>\n<meta name=\"robots\" content=\"index, follow, max-snippet:-1, max-image-preview:large, max-video-preview:-1\" \/>\n<link rel=\"canonical\" href=\"https:\/\/vieassociative.be\/actualites\/lettre-au-redacteur-en-chef-la-democratie-ne-protege-pas-contre-le-fascisme\/\" \/>\n<meta property=\"og:locale\" content=\"fr_FR\" \/>\n<meta property=\"og:type\" content=\"article\" \/>\n<meta property=\"og:title\" content=\"Lettre au r\u00e9dacteur en chef - La d\u00e9mocratie ne prot\u00e8ge pas contre le fascisme! | Vie Associative\" \/>\n<meta property=\"og:description\" content=\"Lors de la lecture des commentaires de la faction Trump, il est \u00e0 noter que le respect du droit et du droit y est souvent\" \/>\n<meta property=\"og:url\" content=\"https:\/\/vieassociative.be\/actualites\/lettre-au-redacteur-en-chef-la-democratie-ne-protege-pas-contre-le-fascisme\/\" \/>\n<meta property=\"og:site_name\" content=\"Vie Associative\" \/>\n<meta property=\"article:published_time\" content=\"2025-06-13T20:19:24+00:00\" \/>\n<meta property=\"og:image\" content=\"https:\/\/vieassociative.be\/actualites\/wp-content\/uploads\/2024\/09\/header_backgroundk-01-e1726694325946.png\" \/>\n\t<meta property=\"og:image:width\" content=\"279\" \/>\n\t<meta property=\"og:image:height\" content=\"92\" \/>\n\t<meta property=\"og:image:type\" content=\"image\/png\" \/>\n<meta name=\"author\" content=\"Julien\" \/>\n<meta name=\"twitter:card\" content=\"summary_large_image\" \/>\n<meta name=\"twitter:label1\" content=\"\u00c9crit par\" \/>\n\t<meta name=\"twitter:data1\" content=\"Julien\" \/>\n\t<meta name=\"twitter:label2\" content=\"Dur\u00e9e de lecture est.\" \/>\n\t<meta name=\"twitter:data2\" content=\"1 minute\" \/>\n<script type=\"application\/ld+json\" class=\"yoast-schema-graph\">{\"@context\":\"https:\/\/schema.org\",\"@graph\":[{\"@type\":\"Article\",\"@id\":\"https:\/\/vieassociative.be\/actualites\/lettre-au-redacteur-en-chef-la-democratie-ne-protege-pas-contre-le-fascisme\/#article\",\"isPartOf\":{\"@id\":\"https:\/\/vieassociative.be\/actualites\/lettre-au-redacteur-en-chef-la-democratie-ne-protege-pas-contre-le-fascisme\/\"},\"author\":{\"name\":\"Julien\",\"@id\":\"https:\/\/vieassociative.be\/actualites\/#\/schema\/person\/b87ac4f82f9d4e7b7cec7395b679edc4\"},\"headline\":\"Lettre au r\u00e9dacteur en chef &#8211; La d\u00e9mocratie ne prot\u00e8ge pas contre le fascisme!\",\"datePublished\":\"2025-06-13T20:19:24+00:00\",\"dateModified\":\"2025-06-13T20:19:24+00:00\",\"mainEntityOfPage\":{\"@id\":\"https:\/\/vieassociative.be\/actualites\/lettre-au-redacteur-en-chef-la-democratie-ne-protege-pas-contre-le-fascisme\/\"},\"wordCount\":250,\"publisher\":{\"@id\":\"https:\/\/vieassociative.be\/actualites\/#organization\"},\"image\":{\"@id\":\"https:\/\/vieassociative.be\/actualites\/lettre-au-redacteur-en-chef-la-democratie-ne-protege-pas-contre-le-fascisme\/#primaryimage\"},\"thumbnailUrl\":\"https:\/\/vieassociative.be\/actualites\/wp-content\/uploads\/2024\/11\/LETTRE-A-LA-REDACTION-\u2013-Audi-Bruxelles-dernier-avertissement-du.jpeg\",\"keywords\":[\"chef\",\"contre\",\"d\u00e9mocratie\",\"fascisme\",\"lettre\",\"pas\",\"prot\u00e8ge\",\"r\u00e9dacteur\"],\"articleSection\":[\"Belgique\"],\"inLanguage\":\"fr-BE\"},{\"@type\":\"WebPage\",\"@id\":\"https:\/\/vieassociative.be\/actualites\/lettre-au-redacteur-en-chef-la-democratie-ne-protege-pas-contre-le-fascisme\/\",\"url\":\"https:\/\/vieassociative.be\/actualites\/lettre-au-redacteur-en-chef-la-democratie-ne-protege-pas-contre-le-fascisme\/\",\"name\":\"Lettre au r\u00e9dacteur en chef - La d\u00e9mocratie ne prot\u00e8ge pas contre le fascisme! | Vie Associative\",\"isPartOf\":{\"@id\":\"https:\/\/vieassociative.be\/actualites\/#website\"},\"primaryImageOfPage\":{\"@id\":\"https:\/\/vieassociative.be\/actualites\/lettre-au-redacteur-en-chef-la-democratie-ne-protege-pas-contre-le-fascisme\/#primaryimage\"},\"image\":{\"@id\":\"https:\/\/vieassociative.be\/actualites\/lettre-au-redacteur-en-chef-la-democratie-ne-protege-pas-contre-le-fascisme\/#primaryimage\"},\"thumbnailUrl\":\"https:\/\/vieassociative.be\/actualites\/wp-content\/uploads\/2024\/11\/LETTRE-A-LA-REDACTION-\u2013-Audi-Bruxelles-dernier-avertissement-du.jpeg\",\"datePublished\":\"2025-06-13T20:19:24+00:00\",\"dateModified\":\"2025-06-13T20:19:24+00:00\",\"breadcrumb\":{\"@id\":\"https:\/\/vieassociative.be\/actualites\/lettre-au-redacteur-en-chef-la-democratie-ne-protege-pas-contre-le-fascisme\/#breadcrumb\"},\"inLanguage\":\"fr-BE\",\"potentialAction\":[{\"@type\":\"ReadAction\",\"target\":[\"https:\/\/vieassociative.be\/actualites\/lettre-au-redacteur-en-chef-la-democratie-ne-protege-pas-contre-le-fascisme\/\"]}]},{\"@type\":\"ImageObject\",\"inLanguage\":\"fr-BE\",\"@id\":\"https:\/\/vieassociative.be\/actualites\/lettre-au-redacteur-en-chef-la-democratie-ne-protege-pas-contre-le-fascisme\/#primaryimage\",\"url\":\"https:\/\/vieassociative.be\/actualites\/wp-content\/uploads\/2024\/11\/LETTRE-A-LA-REDACTION-\u2013-Audi-Bruxelles-dernier-avertissement-du.jpeg\",\"contentUrl\":\"https:\/\/vieassociative.be\/actualites\/wp-content\/uploads\/2024\/11\/LETTRE-A-LA-REDACTION-\u2013-Audi-Bruxelles-dernier-avertissement-du.jpeg\",\"width\":1024,\"height\":747,\"caption\":\"LETTRE \u00c0 LA R\u00c9DACTION \u2013 Audi Bruxelles, dernier avertissement du gouffre\"},{\"@type\":\"BreadcrumbList\",\"@id\":\"https:\/\/vieassociative.be\/actualites\/lettre-au-redacteur-en-chef-la-democratie-ne-protege-pas-contre-le-fascisme\/#breadcrumb\",\"itemListElement\":[{\"@type\":\"ListItem\",\"position\":1,\"name\":\"Accueil\",\"item\":\"https:\/\/vieassociative.be\/actualites\/\"},{\"@type\":\"ListItem\",\"position\":2,\"name\":\"Lettre au r\u00e9dacteur en chef &#8211; La d\u00e9mocratie ne prot\u00e8ge pas contre le fascisme!\"}]},{\"@type\":\"WebSite\",\"@id\":\"https:\/\/vieassociative.be\/actualites\/#website\",\"url\":\"https:\/\/vieassociative.be\/actualites\/\",\"name\":\"Vie Associative\",\"description\":\"\",\"publisher\":{\"@id\":\"https:\/\/vieassociative.be\/actualites\/#organization\"},\"potentialAction\":[{\"@type\":\"SearchAction\",\"target\":{\"@type\":\"EntryPoint\",\"urlTemplate\":\"https:\/\/vieassociative.be\/actualites\/?s={search_term_string}\"},\"query-input\":{\"@type\":\"PropertyValueSpecification\",\"valueRequired\":true,\"valueName\":\"search_term_string\"}}],\"inLanguage\":\"fr-BE\"},{\"@type\":\"Organization\",\"@id\":\"https:\/\/vieassociative.be\/actualites\/#organization\",\"name\":\"Vie Associative\",\"url\":\"https:\/\/vieassociative.be\/actualites\/\",\"logo\":{\"@type\":\"ImageObject\",\"inLanguage\":\"fr-BE\",\"@id\":\"https:\/\/vieassociative.be\/actualites\/#\/schema\/logo\/image\/\",\"url\":\"https:\/\/vieassociative.be\/actualites\/wp-content\/uploads\/2024\/09\/cropped-vieassociative_favicon.ico.png\",\"contentUrl\":\"https:\/\/vieassociative.be\/actualites\/wp-content\/uploads\/2024\/09\/cropped-vieassociative_favicon.ico.png\",\"width\":512,\"height\":512,\"caption\":\"Vie Associative\"},\"image\":{\"@id\":\"https:\/\/vieassociative.be\/actualites\/#\/schema\/logo\/image\/\"}},{\"@type\":\"Person\",\"@id\":\"https:\/\/vieassociative.be\/actualites\/#\/schema\/person\/b87ac4f82f9d4e7b7cec7395b679edc4\",\"name\":\"Julien\",\"image\":{\"@type\":\"ImageObject\",\"inLanguage\":\"fr-BE\",\"@id\":\"https:\/\/vieassociative.be\/actualites\/#\/schema\/person\/image\/\",\"url\":\"https:\/\/vieassociative.be\/actualites\/wp-content\/uploads\/2024\/09\/vie-associative-1-150x150.jpg\",\"contentUrl\":\"https:\/\/vieassociative.be\/actualites\/wp-content\/uploads\/2024\/09\/vie-associative-1-150x150.jpg\",\"caption\":\"Julien\"},\"description\":\"Je suis Julien, r\u00e9dacteur pour Vie Associative. Passionn\u00e9 par le monde associatif depuis plus de 10 ans, j'ai \u00e0 c\u0153ur de partager des histoires inspirantes et de mettre en lumi\u00e8re les initiatives locales. Mon objectif est de sensibiliser et d'encourager l'engagement communautaire \u00e0 travers mes articles.\",\"sameAs\":[\"https:\/\/vieassociative.be\/\"]}]}<\/script>\n<!-- \/ Yoast SEO plugin. -->","yoast_head_json":{"title":"Lettre au r\u00e9dacteur en chef - La d\u00e9mocratie ne prot\u00e8ge pas contre le fascisme! | Vie Associative","robots":{"index":"index","follow":"follow","max-snippet":"max-snippet:-1","max-image-preview":"max-image-preview:large","max-video-preview":"max-video-preview:-1"},"canonical":"https:\/\/vieassociative.be\/actualites\/lettre-au-redacteur-en-chef-la-democratie-ne-protege-pas-contre-le-fascisme\/","og_locale":"fr_FR","og_type":"article","og_title":"Lettre au r\u00e9dacteur en chef - La d\u00e9mocratie ne prot\u00e8ge pas contre le fascisme! | Vie Associative","og_description":"Lors de la lecture des commentaires de la faction Trump, il est \u00e0 noter que le respect du droit et du droit y est souvent","og_url":"https:\/\/vieassociative.be\/actualites\/lettre-au-redacteur-en-chef-la-democratie-ne-protege-pas-contre-le-fascisme\/","og_site_name":"Vie Associative","article_published_time":"2025-06-13T20:19:24+00:00","og_image":[{"width":279,"height":92,"url":"https:\/\/vieassociative.be\/actualites\/wp-content\/uploads\/2024\/09\/header_backgroundk-01-e1726694325946.png","type":"image\/png"}],"author":"Julien","twitter_card":"summary_large_image","twitter_misc":{"\u00c9crit par":"Julien","Dur\u00e9e de lecture est.":"1 minute"},"schema":{"@context":"https:\/\/schema.org","@graph":[{"@type":"Article","@id":"https:\/\/vieassociative.be\/actualites\/lettre-au-redacteur-en-chef-la-democratie-ne-protege-pas-contre-le-fascisme\/#article","isPartOf":{"@id":"https:\/\/vieassociative.be\/actualites\/lettre-au-redacteur-en-chef-la-democratie-ne-protege-pas-contre-le-fascisme\/"},"author":{"name":"Julien","@id":"https:\/\/vieassociative.be\/actualites\/#\/schema\/person\/b87ac4f82f9d4e7b7cec7395b679edc4"},"headline":"Lettre au r\u00e9dacteur en chef &#8211; La d\u00e9mocratie ne prot\u00e8ge pas contre le fascisme!","datePublished":"2025-06-13T20:19:24+00:00","dateModified":"2025-06-13T20:19:24+00:00","mainEntityOfPage":{"@id":"https:\/\/vieassociative.be\/actualites\/lettre-au-redacteur-en-chef-la-democratie-ne-protege-pas-contre-le-fascisme\/"},"wordCount":250,"publisher":{"@id":"https:\/\/vieassociative.be\/actualites\/#organization"},"image":{"@id":"https:\/\/vieassociative.be\/actualites\/lettre-au-redacteur-en-chef-la-democratie-ne-protege-pas-contre-le-fascisme\/#primaryimage"},"thumbnailUrl":"https:\/\/vieassociative.be\/actualites\/wp-content\/uploads\/2024\/11\/LETTRE-A-LA-REDACTION-\u2013-Audi-Bruxelles-dernier-avertissement-du.jpeg","keywords":["chef","contre","d\u00e9mocratie","fascisme","lettre","pas","prot\u00e8ge","r\u00e9dacteur"],"articleSection":["Belgique"],"inLanguage":"fr-BE"},{"@type":"WebPage","@id":"https:\/\/vieassociative.be\/actualites\/lettre-au-redacteur-en-chef-la-democratie-ne-protege-pas-contre-le-fascisme\/","url":"https:\/\/vieassociative.be\/actualites\/lettre-au-redacteur-en-chef-la-democratie-ne-protege-pas-contre-le-fascisme\/","name":"Lettre au r\u00e9dacteur en chef - La d\u00e9mocratie ne prot\u00e8ge pas contre le fascisme! | Vie Associative","isPartOf":{"@id":"https:\/\/vieassociative.be\/actualites\/#website"},"primaryImageOfPage":{"@id":"https:\/\/vieassociative.be\/actualites\/lettre-au-redacteur-en-chef-la-democratie-ne-protege-pas-contre-le-fascisme\/#primaryimage"},"image":{"@id":"https:\/\/vieassociative.be\/actualites\/lettre-au-redacteur-en-chef-la-democratie-ne-protege-pas-contre-le-fascisme\/#primaryimage"},"thumbnailUrl":"https:\/\/vieassociative.be\/actualites\/wp-content\/uploads\/2024\/11\/LETTRE-A-LA-REDACTION-\u2013-Audi-Bruxelles-dernier-avertissement-du.jpeg","datePublished":"2025-06-13T20:19:24+00:00","dateModified":"2025-06-13T20:19:24+00:00","breadcrumb":{"@id":"https:\/\/vieassociative.be\/actualites\/lettre-au-redacteur-en-chef-la-democratie-ne-protege-pas-contre-le-fascisme\/#breadcrumb"},"inLanguage":"fr-BE","potentialAction":[{"@type":"ReadAction","target":["https:\/\/vieassociative.be\/actualites\/lettre-au-redacteur-en-chef-la-democratie-ne-protege-pas-contre-le-fascisme\/"]}]},{"@type":"ImageObject","inLanguage":"fr-BE","@id":"https:\/\/vieassociative.be\/actualites\/lettre-au-redacteur-en-chef-la-democratie-ne-protege-pas-contre-le-fascisme\/#primaryimage","url":"https:\/\/vieassociative.be\/actualites\/wp-content\/uploads\/2024\/11\/LETTRE-A-LA-REDACTION-\u2013-Audi-Bruxelles-dernier-avertissement-du.jpeg","contentUrl":"https:\/\/vieassociative.be\/actualites\/wp-content\/uploads\/2024\/11\/LETTRE-A-LA-REDACTION-\u2013-Audi-Bruxelles-dernier-avertissement-du.jpeg","width":1024,"height":747,"caption":"LETTRE \u00c0 LA R\u00c9DACTION \u2013 Audi Bruxelles, dernier avertissement du gouffre"},{"@type":"BreadcrumbList","@id":"https:\/\/vieassociative.be\/actualites\/lettre-au-redacteur-en-chef-la-democratie-ne-protege-pas-contre-le-fascisme\/#breadcrumb","itemListElement":[{"@type":"ListItem","position":1,"name":"Accueil","item":"https:\/\/vieassociative.be\/actualites\/"},{"@type":"ListItem","position":2,"name":"Lettre au r\u00e9dacteur en chef &#8211; La d\u00e9mocratie ne prot\u00e8ge pas contre le fascisme!"}]},{"@type":"WebSite","@id":"https:\/\/vieassociative.be\/actualites\/#website","url":"https:\/\/vieassociative.be\/actualites\/","name":"Vie Associative","description":"","publisher":{"@id":"https:\/\/vieassociative.be\/actualites\/#organization"},"potentialAction":[{"@type":"SearchAction","target":{"@type":"EntryPoint","urlTemplate":"https:\/\/vieassociative.be\/actualites\/?s={search_term_string}"},"query-input":{"@type":"PropertyValueSpecification","valueRequired":true,"valueName":"search_term_string"}}],"inLanguage":"fr-BE"},{"@type":"Organization","@id":"https:\/\/vieassociative.be\/actualites\/#organization","name":"Vie Associative","url":"https:\/\/vieassociative.be\/actualites\/","logo":{"@type":"ImageObject","inLanguage":"fr-BE","@id":"https:\/\/vieassociative.be\/actualites\/#\/schema\/logo\/image\/","url":"https:\/\/vieassociative.be\/actualites\/wp-content\/uploads\/2024\/09\/cropped-vieassociative_favicon.ico.png","contentUrl":"https:\/\/vieassociative.be\/actualites\/wp-content\/uploads\/2024\/09\/cropped-vieassociative_favicon.ico.png","width":512,"height":512,"caption":"Vie Associative"},"image":{"@id":"https:\/\/vieassociative.be\/actualites\/#\/schema\/logo\/image\/"}},{"@type":"Person","@id":"https:\/\/vieassociative.be\/actualites\/#\/schema\/person\/b87ac4f82f9d4e7b7cec7395b679edc4","name":"Julien","image":{"@type":"ImageObject","inLanguage":"fr-BE","@id":"https:\/\/vieassociative.be\/actualites\/#\/schema\/person\/image\/","url":"https:\/\/vieassociative.be\/actualites\/wp-content\/uploads\/2024\/09\/vie-associative-1-150x150.jpg","contentUrl":"https:\/\/vieassociative.be\/actualites\/wp-content\/uploads\/2024\/09\/vie-associative-1-150x150.jpg","caption":"Julien"},"description":"Je suis Julien, r\u00e9dacteur pour Vie Associative. Passionn\u00e9 par le monde associatif depuis plus de 10 ans, j'ai \u00e0 c\u0153ur de partager des histoires inspirantes et de mettre en lumi\u00e8re les initiatives locales. Mon objectif est de sensibiliser et d'encourager l'engagement communautaire \u00e0 travers mes articles.","sameAs":["https:\/\/vieassociative.be\/"]}]}},"_links":{"self":[{"href":"https:\/\/vieassociative.be\/actualites\/wp-json\/wp\/v2\/posts\/8171"}],"collection":[{"href":"https:\/\/vieassociative.be\/actualites\/wp-json\/wp\/v2\/posts"}],"about":[{"href":"https:\/\/vieassociative.be\/actualites\/wp-json\/wp\/v2\/types\/post"}],"author":[{"embeddable":true,"href":"https:\/\/vieassociative.be\/actualites\/wp-json\/wp\/v2\/users\/1"}],"replies":[{"embeddable":true,"href":"https:\/\/vieassociative.be\/actualites\/wp-json\/wp\/v2\/comments?post=8171"}],"version-history":[{"count":0,"href":"https:\/\/vieassociative.be\/actualites\/wp-json\/wp\/v2\/posts\/8171\/revisions"}],"wp:featuredmedia":[{"embeddable":true,"href":"https:\/\/vieassociative.be\/actualites\/wp-json\/wp\/v2\/media\/2567"}],"wp:attachment":[{"href":"https:\/\/vieassociative.be\/actualites\/wp-json\/wp\/v2\/media?parent=8171"}],"wp:term":[{"taxonomy":"category","embeddable":true,"href":"https:\/\/vieassociative.be\/actualites\/wp-json\/wp\/v2\/categories?post=8171"},{"taxonomy":"post_tag","embeddable":true,"href":"https:\/\/vieassociative.be\/actualites\/wp-json\/wp\/v2\/tags?post=8171"}],"curies":[{"name":"wp","href":"https:\/\/api.w.org\/{rel}","templated":true}]}}