{"id":817,"date":"2024-10-04T00:22:57","date_gmt":"2024-10-03T22:22:57","guid":{"rendered":"https:\/\/vieassociative.be\/actualites\/ce-compliment-pourrait-en-fait-etre-offensant\/"},"modified":"2024-10-04T00:22:57","modified_gmt":"2024-10-03T22:22:57","slug":"ce-compliment-pourrait-en-fait-etre-offensant","status":"publish","type":"post","link":"https:\/\/vieassociative.be\/actualites\/ce-compliment-pourrait-en-fait-etre-offensant\/","title":{"rendered":"Ce \u00ab compliment \u00bb pourrait en fait \u00eatre offensant"},"content":{"rendered":"<div class=\"mt-4 leading-6 md:mb-8\">Si vous \u00eates trop n\u00e9gligent dans vos compliments, vous pourriez en fait \u00eatre insultant.<\/div>\n<p><\/p>\n<p>Les compliments (g\u00e9n\u00e9ralement) font du bien. Ils peuvent refl\u00e9ter l\u2019appr\u00e9ciation et la valeur, aider \u00e0 d\u00e9velopper et \u00e0 renforcer l\u2019estime de soi, encourager un comportement positif et contribuer \u00e0 cr\u00e9er un environnement positif. Cependant, m\u00eame si un compliment est bien intentionn\u00e9, il peut facilement tomber \u00e0 plat. \u00c0 l\u2019extr\u00eame, cela peut \u00e9galement franchir les limites sur le lieu de travail ou lors d\u2019un rendez-vous et provoquer une infraction.<\/p>\n<p>\u00ab\u00a0Sur un lieu de travail, donner et recevoir des compliments peut contribuer \u00e0 cr\u00e9er un environnement positif qui favorise le travail d&rsquo;\u00e9quipe, la productivit\u00e9 et la satisfaction au travail\u00a0\u00bb, explique Carolyn Rubenstein, psychologue agr\u00e9\u00e9e. \u00ab\u00a0Dans les relations personnelles, les compliments favorisent l&rsquo;intimit\u00e9, la confiance et un lien \u00e9motionnel&#8230; Lorsque les gens se sentent valoris\u00e9s, ils sont plus susceptibles de se connecter aux autres et de d\u00e9velopper des sentiments positifs \u00e0 leur \u00e9gard.\u00a0\u00bb<\/p>\n<p>  Alors, comment complimenter quelqu&rsquo;un d&rsquo;une mani\u00e8re qui atteint tous ces marqueurs positifs, sans risquer d&rsquo;insulter ou d&rsquo;offenser involontairement quelqu&rsquo;un ?<\/p>\n<h2 id=\"what-sort-of-compliment-can-actually-be-offensive\">Quel genre de compliment peut r\u00e9ellement \u00eatre offensant\u00a0?<\/h2>\n<p>Presque tout ce qui est un compliment d\u00e9tourn\u00e9 avec un \u00e9l\u00e9ment n\u00e9gatif ins\u00e9r\u00e9 est inappropri\u00e9 et vous fera forc\u00e9ment passer pour un imb\u00e9cile, dit Rubenstein. Par exemple : \u00ab Vous avez perdu du poids ; tu es tellement mieux ! <\/p>\n<p>\u00ab\u00a0C&rsquo;est insultant\u00a0\u00bb, dit Rubenstein. \u00ab Au lieu de cela, dites quelque chose comme : \u00ab Vous avez vraiment l&rsquo;air en forme et en pleine forme ! \u00bb<\/p>\n<p>  Autre exemple\u00a0:\u00a0\u00ab\u00a0Tu as l\u2019air tellement plus jeune avec cette nouvelle coiffure\/couleur\u00a0!\u00a0\u00bb Selon Rubenstein, cela donne l\u2019impression \u00e0 quelqu\u2019un qu\u2019il avait l\u2019air vieux auparavant. Dites plut\u00f4t : \u00ab J\u2019aime ce que tu as fait avec tes cheveux, \u00e7a fait vraiment ressortir tes yeux ! \u00bb Insistez toujours uniquement sur le positif.<\/p>\n<p>  Dire \u00e0 votre conjoint : \u00ab Je n&rsquo;arrive pas \u00e0 croire que vous faites un si bon travail en \u00e9levant nos enfants \u00bb est un autre non non. <\/p>\n<p>\u00ab\u00a0Cela fera douter votre conjoint de votre confiance\u00a0\u00bb, explique Rubenstein. \u00ab Au lieu de cela, dites : \u00ab Nous sommes tous tr\u00e8s chanceux d&rsquo;avoir un parent aussi impliqu\u00e9 comme vous. C&rsquo;est tellement g\u00e9nial pour les enfants et pour moi.<\/p>\n<p>  Et si vous pensez dire quelque chose comme : \u00ab Tu es si fort ! Je ne sais pas comment vous g\u00e9rez tout dans votre vie maintenant \u00bb, est un bon compliment, d\u00e9trompez-vous.<\/p>\n<p>\u00ab\u00a0M\u00eame si cela peut donner l&rsquo;impression que vous soutenez quelqu&rsquo;un, vous soulignez \u00e9galement \u00e0 quel point sa vie est mauvaise\u00a0\u00bb, explique Rubenstein. \u00ab\u00a0Recadrez cela par\u00a0:\u00a0\u00ab Vous avez une telle attitude formidable et nous traversons tous des d\u00e9fis\u00a0;\u00a0\u00bb s&rsquo;il vous pla\u00eet laissez-moi savoir si vous avez besoin d&rsquo;une oreille amicale.&rsquo; <\/p>\n<p>  \u00c9loignez-vous \u00e9galement des commentaires relatifs \u00e0 l\u2019\u00e2ge. Dire \u00e0 quelqu&rsquo;un : \u00ab Tu es superbe pour ton \u00e2ge \u00bb n&rsquo;est pas une bonne id\u00e9e. \u00ab\u00a0Peut-\u00eatre que vous ne connaissez pas l&rsquo;\u00e2ge de la personne et que vous le surestimez\u00a0\u00bb, explique Rubenstein. \u00ab\u00a0Si vous souhaitez complimenter l&rsquo;apparence de quelqu&rsquo;un, laissez de c\u00f4t\u00e9 tout ce qui concerne l&rsquo;\u00e2ge chronologique.\u00a0\u00bb<\/p>\n<h2 id=\"understand-the-difference-between-a-genuine-and-shallow-compliment\">Comprendre la diff\u00e9rence entre un compliment authentique et superficiel<\/h2>\n<p>  Si vous voulez para\u00eetre plus sinc\u00e8re lorsque vous faites un compliment, vous devez conna\u00eetre la diff\u00e9rence entre \u00ab J&rsquo;aime votre tenue \u00bb et \u00ab Votre tenue complimente vraiment vos yeux \u00bb. Le premier est un compliment superficiel tandis que le second est authentique, et selon Rubenstein, un compliment authentique a plus de chances d&rsquo;\u00eatre bien re\u00e7u et appr\u00e9ci\u00e9.<\/p>\n<p>\u00ab\u00a0Un v\u00e9ritable compliment est r\u00e9fl\u00e9chi et sp\u00e9cifique, mettant en valeur une qualit\u00e9 ou une action particuli\u00e8re manifest\u00e9e par le destinataire\u00a0\u00bb, dit-elle. \u00abCela refl\u00e8te de vrais sentiments et une appr\u00e9ciation pour la personne \u00e0 qui ils ont fait des compliments. Pendant ce temps, un compliment superficiel peut \u00eatre peu sinc\u00e8re, g\u00e9n\u00e9rique et n\u2019avoir que peu de sens. <\/p>\n<p>Lorsqu&rsquo;on fait un v\u00e9ritable compliment, Rubenstein dit qu&rsquo;il est important d&rsquo;\u00eatre pr\u00e9cis. \u00ab Mettre en \u00e9vidence une action, une qualit\u00e9 ou une r\u00e9alisation particuli\u00e8re ; de cette fa\u00e7on, vous paraissez plus sinc\u00e8re. De plus, elle recommande d\u2019\u00eatre conscient des diff\u00e9rences culturelles. \u00ab Diff\u00e9rentes cultures peuvent influencer la mani\u00e8re dont un compliment est re\u00e7u. Pour \u00e9viter cela, soyez conscient des normes culturelles lorsque vous complimentez quelqu&rsquo;un. <\/p>\n<p>Et enfin, si vous \u00eates dans un cadre professionnel, assurez-vous que votre compliment est appropri\u00e9. \u00ab\u00a0Sinon, cela pourrait cr\u00e9er une situation inconfortable et mettre l&rsquo;autre personne mal \u00e0 l&rsquo;aise\u00a0\u00bb, explique Rubenstein. <\/p>\n<h2 id=\"what-are-some-good-examples-of-compliments-in-a-professional-setting\">Quels sont de bons exemples de compliments dans un cadre professionnel\u00a0?<\/h2>\n<p>\u00ab Votre pr\u00e9sentation \u00e9tait excellente ! Vous avez fait un excellent travail en pr\u00e9sentant les points cl\u00e9s et en engageant le public. <\/p>\n<p>\u00abJ&rsquo;appr\u00e9cie votre solide \u00e9thique de travail et votre travail acharn\u00e9.\u00bb <\/p>\n<p>\u00ab\u00a0Votre cr\u00e9ativit\u00e9 et vos id\u00e9es innovantes ont \u00e9t\u00e9 vraiment b\u00e9n\u00e9fiques \u00e0 l&rsquo;\u00e9quipe.\u00a0\u00bb <\/p>\n<p>\u00ab\u00a0Votre attitude positive fait que c&rsquo;est un plaisir de travailler avec vous.\u00a0\u00bb <\/p>\n<p>\u00abJ&rsquo;ai beaucoup appris en travaillant avec vous.\u00bb <\/p>\n<h2 id=\"what-are-some-good-examples-of-compliments-in-a-personal-relationship\">Quels sont quelques bons exemples de compliments dans une relation personnelle\u00a0?<\/h2>\n<p>  \u00ab\u00a0Tu es un partenaire incroyable et j&rsquo;ai tellement de chance de t&rsquo;avoir dans ma vie.\u00a0\u00bb<\/p>\n<p>\u00abTu es si belle\/beau aujourd&rsquo;hui. J&rsquo;aime comment vous (ins\u00e9rer des d\u00e9tails sur des tenues sp\u00e9cifiques, une coiffure, etc.). <\/p>\n<p>\u00abTu me fais toujours rire. Je me sens si heureux avec toi. <\/p>\n<p>\u00abJ&rsquo;aime passer du temps avec toi. C&rsquo;est l&rsquo;une de mes activit\u00e9s pr\u00e9f\u00e9r\u00e9es. <\/p>\n<p>\u00ab J\u2019appr\u00e9cie tout ce que vous faites chaque jour pour notre famille. Votre travail acharn\u00e9 ne passe pas inaper\u00e7u.<\/p>\n","protected":false},"excerpt":{"rendered":"<p>Si vous \u00eates trop n\u00e9gligent dans vos compliments, vous pourriez en fait \u00eatre insultant. Les compliments (g\u00e9n\u00e9ralement) font du bien. Ils peuvent refl\u00e9ter l\u2019appr\u00e9ciation et<\/p>\n","protected":false},"author":1,"featured_media":818,"comment_status":"","ping_status":"","sticky":false,"template":"","format":"standard","meta":{"footnotes":""},"categories":[42],"tags":[1290,23,635,1291,1041],"class_list":["post-817","post","type-post","status-publish","format-standard","has-post-thumbnail","hentry","category-relations","tag-compliment","tag-etre","tag-fait","tag-offensant","tag-pourrait","generate-columns","tablet-grid-50","mobile-grid-100","grid-parent","grid-33"],"yoast_head":"<!-- This site is optimized with the Yoast SEO plugin v24.0 - https:\/\/yoast.com\/wordpress\/plugins\/seo\/ -->\n<title>Ce \u00ab compliment \u00bb pourrait en fait \u00eatre offensant | Vie Associative<\/title>\n<meta name=\"robots\" content=\"index, follow, max-snippet:-1, max-image-preview:large, max-video-preview:-1\" \/>\n<link rel=\"canonical\" href=\"https:\/\/vieassociative.be\/actualites\/ce-compliment-pourrait-en-fait-etre-offensant\/\" \/>\n<meta property=\"og:locale\" content=\"fr_FR\" \/>\n<meta property=\"og:type\" content=\"article\" \/>\n<meta property=\"og:title\" content=\"Ce \u00ab compliment \u00bb pourrait en fait \u00eatre offensant | Vie Associative\" \/>\n<meta property=\"og:description\" content=\"Si vous \u00eates trop n\u00e9gligent dans vos compliments, vous pourriez en fait \u00eatre insultant. Les compliments (g\u00e9n\u00e9ralement) font du bien. Ils peuvent refl\u00e9ter l\u2019appr\u00e9ciation et\" \/>\n<meta property=\"og:url\" content=\"https:\/\/vieassociative.be\/actualites\/ce-compliment-pourrait-en-fait-etre-offensant\/\" \/>\n<meta property=\"og:site_name\" content=\"Vie Associative\" \/>\n<meta property=\"article:published_time\" content=\"2024-10-03T22:22:57+00:00\" \/>\n<meta property=\"og:image\" content=\"https:\/\/vieassociative.be\/actualites\/wp-content\/uploads\/2024\/09\/header_backgroundk-01-e1726694325946.png\" \/>\n\t<meta property=\"og:image:width\" content=\"279\" \/>\n\t<meta property=\"og:image:height\" content=\"92\" \/>\n\t<meta property=\"og:image:type\" content=\"image\/png\" \/>\n<meta name=\"author\" content=\"Julien\" \/>\n<meta name=\"twitter:card\" content=\"summary_large_image\" \/>\n<meta name=\"twitter:label1\" content=\"\u00c9crit par\" \/>\n\t<meta name=\"twitter:data1\" content=\"Julien\" \/>\n\t<meta name=\"twitter:label2\" content=\"Dur\u00e9e de lecture est.\" \/>\n\t<meta name=\"twitter:data2\" content=\"5 minutes\" \/>\n<script type=\"application\/ld+json\" class=\"yoast-schema-graph\">{\"@context\":\"https:\/\/schema.org\",\"@graph\":[{\"@type\":\"Article\",\"@id\":\"https:\/\/vieassociative.be\/actualites\/ce-compliment-pourrait-en-fait-etre-offensant\/#article\",\"isPartOf\":{\"@id\":\"https:\/\/vieassociative.be\/actualites\/ce-compliment-pourrait-en-fait-etre-offensant\/\"},\"author\":{\"name\":\"Julien\",\"@id\":\"https:\/\/vieassociative.be\/actualites\/#\/schema\/person\/b87ac4f82f9d4e7b7cec7395b679edc4\"},\"headline\":\"Ce \u00ab compliment \u00bb pourrait en fait \u00eatre offensant\",\"datePublished\":\"2024-10-03T22:22:57+00:00\",\"dateModified\":\"2024-10-03T22:22:57+00:00\",\"mainEntityOfPage\":{\"@id\":\"https:\/\/vieassociative.be\/actualites\/ce-compliment-pourrait-en-fait-etre-offensant\/\"},\"wordCount\":975,\"publisher\":{\"@id\":\"https:\/\/vieassociative.be\/actualites\/#organization\"},\"image\":{\"@id\":\"https:\/\/vieassociative.be\/actualites\/ce-compliment-pourrait-en-fait-etre-offensant\/#primaryimage\"},\"thumbnailUrl\":\"https:\/\/vieassociative.be\/actualites\/wp-content\/uploads\/2024\/10\/Ce-compliment-pourrait-en-fait-etre-offensant.jpg\",\"keywords\":[\"compliment\",\"\u00eatre\",\"fait\",\"offensant\",\"pourrait\"],\"articleSection\":[\"Relations\"],\"inLanguage\":\"fr-BE\"},{\"@type\":\"WebPage\",\"@id\":\"https:\/\/vieassociative.be\/actualites\/ce-compliment-pourrait-en-fait-etre-offensant\/\",\"url\":\"https:\/\/vieassociative.be\/actualites\/ce-compliment-pourrait-en-fait-etre-offensant\/\",\"name\":\"Ce \u00ab compliment \u00bb pourrait en fait \u00eatre offensant | Vie Associative\",\"isPartOf\":{\"@id\":\"https:\/\/vieassociative.be\/actualites\/#website\"},\"primaryImageOfPage\":{\"@id\":\"https:\/\/vieassociative.be\/actualites\/ce-compliment-pourrait-en-fait-etre-offensant\/#primaryimage\"},\"image\":{\"@id\":\"https:\/\/vieassociative.be\/actualites\/ce-compliment-pourrait-en-fait-etre-offensant\/#primaryimage\"},\"thumbnailUrl\":\"https:\/\/vieassociative.be\/actualites\/wp-content\/uploads\/2024\/10\/Ce-compliment-pourrait-en-fait-etre-offensant.jpg\",\"datePublished\":\"2024-10-03T22:22:57+00:00\",\"dateModified\":\"2024-10-03T22:22:57+00:00\",\"breadcrumb\":{\"@id\":\"https:\/\/vieassociative.be\/actualites\/ce-compliment-pourrait-en-fait-etre-offensant\/#breadcrumb\"},\"inLanguage\":\"fr-BE\",\"potentialAction\":[{\"@type\":\"ReadAction\",\"target\":[\"https:\/\/vieassociative.be\/actualites\/ce-compliment-pourrait-en-fait-etre-offensant\/\"]}]},{\"@type\":\"ImageObject\",\"inLanguage\":\"fr-BE\",\"@id\":\"https:\/\/vieassociative.be\/actualites\/ce-compliment-pourrait-en-fait-etre-offensant\/#primaryimage\",\"url\":\"https:\/\/vieassociative.be\/actualites\/wp-content\/uploads\/2024\/10\/Ce-compliment-pourrait-en-fait-etre-offensant.jpg\",\"contentUrl\":\"https:\/\/vieassociative.be\/actualites\/wp-content\/uploads\/2024\/10\/Ce-compliment-pourrait-en-fait-etre-offensant.jpg\",\"width\":1200,\"height\":675,\"caption\":\"Ce \u00ab compliment \u00bb pourrait en fait \u00eatre offensant\"},{\"@type\":\"BreadcrumbList\",\"@id\":\"https:\/\/vieassociative.be\/actualites\/ce-compliment-pourrait-en-fait-etre-offensant\/#breadcrumb\",\"itemListElement\":[{\"@type\":\"ListItem\",\"position\":1,\"name\":\"Accueil\",\"item\":\"https:\/\/vieassociative.be\/actualites\/\"},{\"@type\":\"ListItem\",\"position\":2,\"name\":\"Ce \u00ab compliment \u00bb pourrait en fait \u00eatre offensant\"}]},{\"@type\":\"WebSite\",\"@id\":\"https:\/\/vieassociative.be\/actualites\/#website\",\"url\":\"https:\/\/vieassociative.be\/actualites\/\",\"name\":\"Vie Associative\",\"description\":\"\",\"publisher\":{\"@id\":\"https:\/\/vieassociative.be\/actualites\/#organization\"},\"potentialAction\":[{\"@type\":\"SearchAction\",\"target\":{\"@type\":\"EntryPoint\",\"urlTemplate\":\"https:\/\/vieassociative.be\/actualites\/?s={search_term_string}\"},\"query-input\":{\"@type\":\"PropertyValueSpecification\",\"valueRequired\":true,\"valueName\":\"search_term_string\"}}],\"inLanguage\":\"fr-BE\"},{\"@type\":\"Organization\",\"@id\":\"https:\/\/vieassociative.be\/actualites\/#organization\",\"name\":\"Vie Associative\",\"url\":\"https:\/\/vieassociative.be\/actualites\/\",\"logo\":{\"@type\":\"ImageObject\",\"inLanguage\":\"fr-BE\",\"@id\":\"https:\/\/vieassociative.be\/actualites\/#\/schema\/logo\/image\/\",\"url\":\"https:\/\/vieassociative.be\/actualites\/wp-content\/uploads\/2024\/09\/cropped-vieassociative_favicon.ico.png\",\"contentUrl\":\"https:\/\/vieassociative.be\/actualites\/wp-content\/uploads\/2024\/09\/cropped-vieassociative_favicon.ico.png\",\"width\":512,\"height\":512,\"caption\":\"Vie Associative\"},\"image\":{\"@id\":\"https:\/\/vieassociative.be\/actualites\/#\/schema\/logo\/image\/\"}},{\"@type\":\"Person\",\"@id\":\"https:\/\/vieassociative.be\/actualites\/#\/schema\/person\/b87ac4f82f9d4e7b7cec7395b679edc4\",\"name\":\"Julien\",\"image\":{\"@type\":\"ImageObject\",\"inLanguage\":\"fr-BE\",\"@id\":\"https:\/\/vieassociative.be\/actualites\/#\/schema\/person\/image\/\",\"url\":\"https:\/\/vieassociative.be\/actualites\/wp-content\/uploads\/2024\/09\/vie-associative-1-150x150.jpg\",\"contentUrl\":\"https:\/\/vieassociative.be\/actualites\/wp-content\/uploads\/2024\/09\/vie-associative-1-150x150.jpg\",\"caption\":\"Julien\"},\"description\":\"Je suis Julien, r\u00e9dacteur pour Vie Associative. Passionn\u00e9 par le monde associatif depuis plus de 10 ans, j'ai \u00e0 c\u0153ur de partager des histoires inspirantes et de mettre en lumi\u00e8re les initiatives locales. Mon objectif est de sensibiliser et d'encourager l'engagement communautaire \u00e0 travers mes articles.\",\"sameAs\":[\"https:\/\/vieassociative.be\/\"]}]}<\/script>\n<!-- \/ Yoast SEO plugin. -->","yoast_head_json":{"title":"Ce \u00ab compliment \u00bb pourrait en fait \u00eatre offensant | Vie Associative","robots":{"index":"index","follow":"follow","max-snippet":"max-snippet:-1","max-image-preview":"max-image-preview:large","max-video-preview":"max-video-preview:-1"},"canonical":"https:\/\/vieassociative.be\/actualites\/ce-compliment-pourrait-en-fait-etre-offensant\/","og_locale":"fr_FR","og_type":"article","og_title":"Ce \u00ab compliment \u00bb pourrait en fait \u00eatre offensant | Vie Associative","og_description":"Si vous \u00eates trop n\u00e9gligent dans vos compliments, vous pourriez en fait \u00eatre insultant. Les compliments (g\u00e9n\u00e9ralement) font du bien. Ils peuvent refl\u00e9ter l\u2019appr\u00e9ciation et","og_url":"https:\/\/vieassociative.be\/actualites\/ce-compliment-pourrait-en-fait-etre-offensant\/","og_site_name":"Vie Associative","article_published_time":"2024-10-03T22:22:57+00:00","og_image":[{"width":279,"height":92,"url":"https:\/\/vieassociative.be\/actualites\/wp-content\/uploads\/2024\/09\/header_backgroundk-01-e1726694325946.png","type":"image\/png"}],"author":"Julien","twitter_card":"summary_large_image","twitter_misc":{"\u00c9crit par":"Julien","Dur\u00e9e de lecture est.":"5 minutes"},"schema":{"@context":"https:\/\/schema.org","@graph":[{"@type":"Article","@id":"https:\/\/vieassociative.be\/actualites\/ce-compliment-pourrait-en-fait-etre-offensant\/#article","isPartOf":{"@id":"https:\/\/vieassociative.be\/actualites\/ce-compliment-pourrait-en-fait-etre-offensant\/"},"author":{"name":"Julien","@id":"https:\/\/vieassociative.be\/actualites\/#\/schema\/person\/b87ac4f82f9d4e7b7cec7395b679edc4"},"headline":"Ce \u00ab compliment \u00bb pourrait en fait \u00eatre offensant","datePublished":"2024-10-03T22:22:57+00:00","dateModified":"2024-10-03T22:22:57+00:00","mainEntityOfPage":{"@id":"https:\/\/vieassociative.be\/actualites\/ce-compliment-pourrait-en-fait-etre-offensant\/"},"wordCount":975,"publisher":{"@id":"https:\/\/vieassociative.be\/actualites\/#organization"},"image":{"@id":"https:\/\/vieassociative.be\/actualites\/ce-compliment-pourrait-en-fait-etre-offensant\/#primaryimage"},"thumbnailUrl":"https:\/\/vieassociative.be\/actualites\/wp-content\/uploads\/2024\/10\/Ce-compliment-pourrait-en-fait-etre-offensant.jpg","keywords":["compliment","\u00eatre","fait","offensant","pourrait"],"articleSection":["Relations"],"inLanguage":"fr-BE"},{"@type":"WebPage","@id":"https:\/\/vieassociative.be\/actualites\/ce-compliment-pourrait-en-fait-etre-offensant\/","url":"https:\/\/vieassociative.be\/actualites\/ce-compliment-pourrait-en-fait-etre-offensant\/","name":"Ce \u00ab compliment \u00bb pourrait en fait \u00eatre offensant | Vie Associative","isPartOf":{"@id":"https:\/\/vieassociative.be\/actualites\/#website"},"primaryImageOfPage":{"@id":"https:\/\/vieassociative.be\/actualites\/ce-compliment-pourrait-en-fait-etre-offensant\/#primaryimage"},"image":{"@id":"https:\/\/vieassociative.be\/actualites\/ce-compliment-pourrait-en-fait-etre-offensant\/#primaryimage"},"thumbnailUrl":"https:\/\/vieassociative.be\/actualites\/wp-content\/uploads\/2024\/10\/Ce-compliment-pourrait-en-fait-etre-offensant.jpg","datePublished":"2024-10-03T22:22:57+00:00","dateModified":"2024-10-03T22:22:57+00:00","breadcrumb":{"@id":"https:\/\/vieassociative.be\/actualites\/ce-compliment-pourrait-en-fait-etre-offensant\/#breadcrumb"},"inLanguage":"fr-BE","potentialAction":[{"@type":"ReadAction","target":["https:\/\/vieassociative.be\/actualites\/ce-compliment-pourrait-en-fait-etre-offensant\/"]}]},{"@type":"ImageObject","inLanguage":"fr-BE","@id":"https:\/\/vieassociative.be\/actualites\/ce-compliment-pourrait-en-fait-etre-offensant\/#primaryimage","url":"https:\/\/vieassociative.be\/actualites\/wp-content\/uploads\/2024\/10\/Ce-compliment-pourrait-en-fait-etre-offensant.jpg","contentUrl":"https:\/\/vieassociative.be\/actualites\/wp-content\/uploads\/2024\/10\/Ce-compliment-pourrait-en-fait-etre-offensant.jpg","width":1200,"height":675,"caption":"Ce \u00ab compliment \u00bb pourrait en fait \u00eatre offensant"},{"@type":"BreadcrumbList","@id":"https:\/\/vieassociative.be\/actualites\/ce-compliment-pourrait-en-fait-etre-offensant\/#breadcrumb","itemListElement":[{"@type":"ListItem","position":1,"name":"Accueil","item":"https:\/\/vieassociative.be\/actualites\/"},{"@type":"ListItem","position":2,"name":"Ce \u00ab compliment \u00bb pourrait en fait \u00eatre offensant"}]},{"@type":"WebSite","@id":"https:\/\/vieassociative.be\/actualites\/#website","url":"https:\/\/vieassociative.be\/actualites\/","name":"Vie Associative","description":"","publisher":{"@id":"https:\/\/vieassociative.be\/actualites\/#organization"},"potentialAction":[{"@type":"SearchAction","target":{"@type":"EntryPoint","urlTemplate":"https:\/\/vieassociative.be\/actualites\/?s={search_term_string}"},"query-input":{"@type":"PropertyValueSpecification","valueRequired":true,"valueName":"search_term_string"}}],"inLanguage":"fr-BE"},{"@type":"Organization","@id":"https:\/\/vieassociative.be\/actualites\/#organization","name":"Vie Associative","url":"https:\/\/vieassociative.be\/actualites\/","logo":{"@type":"ImageObject","inLanguage":"fr-BE","@id":"https:\/\/vieassociative.be\/actualites\/#\/schema\/logo\/image\/","url":"https:\/\/vieassociative.be\/actualites\/wp-content\/uploads\/2024\/09\/cropped-vieassociative_favicon.ico.png","contentUrl":"https:\/\/vieassociative.be\/actualites\/wp-content\/uploads\/2024\/09\/cropped-vieassociative_favicon.ico.png","width":512,"height":512,"caption":"Vie Associative"},"image":{"@id":"https:\/\/vieassociative.be\/actualites\/#\/schema\/logo\/image\/"}},{"@type":"Person","@id":"https:\/\/vieassociative.be\/actualites\/#\/schema\/person\/b87ac4f82f9d4e7b7cec7395b679edc4","name":"Julien","image":{"@type":"ImageObject","inLanguage":"fr-BE","@id":"https:\/\/vieassociative.be\/actualites\/#\/schema\/person\/image\/","url":"https:\/\/vieassociative.be\/actualites\/wp-content\/uploads\/2024\/09\/vie-associative-1-150x150.jpg","contentUrl":"https:\/\/vieassociative.be\/actualites\/wp-content\/uploads\/2024\/09\/vie-associative-1-150x150.jpg","caption":"Julien"},"description":"Je suis Julien, r\u00e9dacteur pour Vie Associative. Passionn\u00e9 par le monde associatif depuis plus de 10 ans, j'ai \u00e0 c\u0153ur de partager des histoires inspirantes et de mettre en lumi\u00e8re les initiatives locales. Mon objectif est de sensibiliser et d'encourager l'engagement communautaire \u00e0 travers mes articles.","sameAs":["https:\/\/vieassociative.be\/"]}]}},"_links":{"self":[{"href":"https:\/\/vieassociative.be\/actualites\/wp-json\/wp\/v2\/posts\/817"}],"collection":[{"href":"https:\/\/vieassociative.be\/actualites\/wp-json\/wp\/v2\/posts"}],"about":[{"href":"https:\/\/vieassociative.be\/actualites\/wp-json\/wp\/v2\/types\/post"}],"author":[{"embeddable":true,"href":"https:\/\/vieassociative.be\/actualites\/wp-json\/wp\/v2\/users\/1"}],"replies":[{"embeddable":true,"href":"https:\/\/vieassociative.be\/actualites\/wp-json\/wp\/v2\/comments?post=817"}],"version-history":[{"count":0,"href":"https:\/\/vieassociative.be\/actualites\/wp-json\/wp\/v2\/posts\/817\/revisions"}],"wp:featuredmedia":[{"embeddable":true,"href":"https:\/\/vieassociative.be\/actualites\/wp-json\/wp\/v2\/media\/818"}],"wp:attachment":[{"href":"https:\/\/vieassociative.be\/actualites\/wp-json\/wp\/v2\/media?parent=817"}],"wp:term":[{"taxonomy":"category","embeddable":true,"href":"https:\/\/vieassociative.be\/actualites\/wp-json\/wp\/v2\/categories?post=817"},{"taxonomy":"post_tag","embeddable":true,"href":"https:\/\/vieassociative.be\/actualites\/wp-json\/wp\/v2\/tags?post=817"}],"curies":[{"name":"wp","href":"https:\/\/api.w.org\/{rel}","templated":true}]}}