{"id":8167,"date":"2025-06-13T20:17:40","date_gmt":"2025-06-13T18:17:40","guid":{"rendered":"https:\/\/vieassociative.be\/actualites\/garmin-vient-dannoncer-sa-reponse-a-lapple-watch-ultra\/"},"modified":"2025-06-13T20:17:40","modified_gmt":"2025-06-13T18:17:40","slug":"garmin-vient-dannoncer-sa-reponse-a-lapple-watch-ultra","status":"publish","type":"post","link":"https:\/\/vieassociative.be\/actualites\/garmin-vient-dannoncer-sa-reponse-a-lapple-watch-ultra\/","title":{"rendered":"Garmin vient d&rsquo;annoncer sa r\u00e9ponse \u00e0 l&rsquo;Apple Watch Ultra"},"content":{"rendered":"<div class=\"mt-4 leading-6 md:mb-8\">Et il a une lampe de poche.<\/div>\n<p><\/p>\n<p>Garmin a abandonn\u00e9 une nouvelle montre aujourd&rsquo;hui, un Venu X1 \u00e0 corps carr\u00e9 qui co\u00fbte 799,99 $ et sera disponible sur commande \u00e0 partir du 18 juin. Garmin m&rsquo;a dit par e-mail qu&rsquo;il n&rsquo;est \u00abpas un successeur de Venu 3\/3\u00bb, ce qui m&rsquo;a laiss\u00e9 entendre qu&rsquo;il pourrait y avoir encore un Venu 4 \u00e0 venir bient\u00f4t.<\/p>\n<p>La ligne Venu, si vous n&rsquo;\u00eates pas familier, contient des montres les plus intelligentes de Garmin. Le Venu 3 et sa version plus petite (le 3S) peuvent faire des appels vocaux et utiliser un assistant t\u00e9l\u00e9phonique comme Siri, et il peut prendre des lectures ECG. Contrairement au moins le moins cher 6, il a un altim\u00e8tre int\u00e9gr\u00e9 pour mesurer le nombre de vols de marches que vous montez en une journ\u00e9e. Il poss\u00e8de \u00e9galement la version la plus avanc\u00e9e du capteur de fr\u00e9quence cardiaque de Garmin, ce qui le rend potentiellement plus pr\u00e9cis que les mod\u00e8les bas de gamme. Les Venu 3 et 3 sont \u00e0 l&rsquo;origine all\u00e9s pour 449,99 $ chacun, bien qu&rsquo;ils soient actuellement en vente pour 349,99 $. <\/p>\n<h2 id=\"whats-new-in-the-venu-x1\">Quoi de neuf dans le Venu X1? <\/h2>\n<p>La forme carr\u00e9e est nouvelle &#8211; m\u00eame si un Venu plus ancien, les 2 m\u00b2, avait \u00e9galement cette forme carr\u00e9e. Mais le Venu 2 sq \u00e9tait une montre bas de gamme, et le X1 est clairement \u00e0 l&rsquo;extr\u00e9mit\u00e9 sup\u00e9rieure, avec son prix et sa forme en le positionnant en tant que concurrent de l&rsquo;Apple Watch Ultra 2. (L&rsquo;Ultra 2 commence \u00e0 799,99 $).<\/p>\n<p>Le Venu X1 a de nouvelles fonctionnalit\u00e9s douces pour ce prix, notamment: <\/p>\n<div class=\"pogoClear relative my-10 border-b-(1.5px) border-t-(1.5px) border-dashed border-black py-5 sm:my-14 sm:border-0 sm:py-0\" data-ga-click data-ga-template=\"News\" data-ga-module=\"openweb_widget\" data-ga-element=\"openweb_scroll\" data-ga-item=\"openweb_scroll_midpage\" x-data=\"{\n         commentsCount: null,\n         hasComments: false,\n         async fetchCommentsCount() {\n             try {\n                 if (window.openweb &amp;&amp; typeof window.openweb.getMessagesCount === 'function') {\n                     this.commentsCount = await window.openweb.getMessagesCount('01JXJQDBRZ8VT9ZA8K4ZHX4WHS');\n                     this.hasComments = this.commentsCount !== null &amp;&amp; this.commentsCount &gt; 0;\n                 }\n             } catch (e) {\n                 console.warn('Failed to fetch comment count:', e);\n             }\n         }\n     }\" x-init=\"fetchCommentsCount()\" x-cloak><\/p>\n<div class=\"absolute top-1\/2 hidden w-full -translate-y-1\/2 border-t-(1.5px) border-dashed border-black sm:block\"><\/div>\n<div class=\"relative flex justify-center\">\n<div class=\"flex max-w-fit items-center gap-x-3 bg-white px-5\">\n<div class=\"relative\">\n                <span class=\"absolute left-1\/2 top-1\/2 -translate-x-1\/2 -translate-y-1\/2 font-akshar text-sm font-medium text-black\" aria-live=\"polite\" x-show=\"hasComments\" x-text=\"commentsCount\"><\/span><\/p>\n<p>                <svg class=\"h-8 w-8 text-black\" role=\"img\" aria-hidden=\"true\">\n                    <use href=\"http:\/\/lifehacker.com\/images\/icons\/spritemap.svg#sprite-chat-bubble\"><\/use>\n                <\/svg>\n            <\/div>\n<p>            <span class=\"text-sm font-medium text-black\"><\/p>\n<p>                Que pensez-vous jusqu&rsquo;\u00e0 pr\u00e9sent?<br \/>\n                <button class=\"ml-1 font-semibold text-brand-green underline hover:text-brand-green-700\" type=\"button\" aria-label=\"Comment section trigger\" onclick=\"window.openweb.scrollToComments('01JXJQDBRZ8VT9ZA8K4ZHX4WHS')\" x-text=\"hasComments ? 'Post a comment.' : 'Be the first to post a comment.'\"><\/button><br \/>\n            <\/span>\n        <\/div>\n<\/p><\/div>\n<\/div>\n<ul>\n<li>\n<p><strong>Une lampe de poche LED<\/strong>tout comme le nouveau Foreunner 970 (et le Fenix \u200b\u200b8, et quelques mod\u00e8les d&rsquo;instinct). Personnes <em>amour<\/em> Leurs lampes de poche LED, disant qu&rsquo;une fois que vous en avez une, vous ne pouvez pas revenir en arri\u00e8re. <\/p>\n<\/li>\n<li>\n<p><strong>Un \u00e9cran de 41 x 46 millim\u00e8tres<\/strong>ce que Garmin souligne est son plus grand \u00e9cran.<\/p>\n<\/li>\n<li>\n<p><strong>Saphir<\/strong> Au lieu de verre gorille, pour une r\u00e9sistance aux rayures suppl\u00e9mentaires.<\/p>\n<\/li>\n<li>\n<p><strong>Cartes, style vectoriel complet<\/strong>y compris les cartes de sentiers et les cartes de cyclisme, et des milliers de terrains de golf pr\u00e9charg\u00e9s.<\/p>\n<\/li>\n<li>\n<p><strong>Dur\u00e9e de vie de la batterie<\/strong> est estim\u00e9 \u00e0 huit jours &#8211; moins que le Venu 3 (ou la plupart des autres montres Garmin) mais nettement plus que n&rsquo;importe quelle montre Apple. <\/p>\n<\/li>\n<li>\n<p><strong>L&rsquo;\u00e9tat de pr\u00e9paration \u00e0 la formation et de la formation<\/strong>auparavant uniquement sur des montres ax\u00e9es sur la course comme les mod\u00e8les ForeUnner et Fenix.<\/p>\n<\/li>\n<li>\n<p><strong>Plans de formation de l&rsquo;entra\u00eeneur Garmin <\/strong>pour la course, le v\u00e9lo et la force.<\/p>\n<\/li>\n<\/ul>\n<p>Contrairement \u00e0 l&rsquo;Apple Watch, il n&rsquo;y a pas de version du Venu X1 qui a une connectivit\u00e9 cellulaire, vous avez donc besoin de votre t\u00e9l\u00e9phone avec vous si vous souhaitez passer des appels ou parler \u00e0 Siri. Et c&rsquo;est beaucoup plus l\u00e9ger que l&rsquo;Apple Watch Ultra 2 &#8211; juste 34 grammes pour le X1 contre environ 60 pour l&rsquo;Ultra 2.<\/p>\n<h2 id=\"no-ecg-though\">Pas d&rsquo;ECG, cependant<\/h2>\n<p>Il y a une chose majeure que Venu X1 manque que les Venu 3 et 3 ont: une application ECG, pour prendre des lectures d&rsquo;\u00e9lectrocardiogramme (c&rsquo;est la chose qui vous indique si vos battements cardiaques sont en \u00abafib\u00bb contre \u00abrythme sinusal normal\u00bb). Vous pouvez voir une ventilation compl\u00e8te des diff\u00e9rences entre le Venu 3 et le Venu X1 ici. <\/p>\n","protected":false},"excerpt":{"rendered":"<p>Et il a une lampe de poche. Garmin a abandonn\u00e9 une nouvelle montre aujourd&rsquo;hui, un Venu X1 \u00e0 corps carr\u00e9 qui co\u00fbte 799,99 $ et<\/p>\n","protected":false},"author":1,"featured_media":8168,"comment_status":"","ping_status":"","sticky":false,"template":"","format":"standard","meta":{"footnotes":""},"categories":[38],"tags":[5911,3685,3184,135,56,1213,55],"class_list":["post-8167","post","type-post","status-publish","format-standard","has-post-thumbnail","hentry","category-sante","tag-dannoncer","tag-garmin","tag-lapple","tag-reponse","tag-ultra","tag-vient","tag-watch","generate-columns","tablet-grid-50","mobile-grid-100","grid-parent","grid-33"],"yoast_head":"<!-- This site is optimized with the Yoast SEO plugin v24.0 - https:\/\/yoast.com\/wordpress\/plugins\/seo\/ -->\n<title>Garmin vient d&#039;annoncer sa r\u00e9ponse \u00e0 l&#039;Apple Watch Ultra | Vie Associative<\/title>\n<meta name=\"robots\" content=\"index, follow, max-snippet:-1, max-image-preview:large, max-video-preview:-1\" \/>\n<link rel=\"canonical\" href=\"https:\/\/vieassociative.be\/actualites\/garmin-vient-dannoncer-sa-reponse-a-lapple-watch-ultra\/\" \/>\n<meta property=\"og:locale\" content=\"fr_FR\" \/>\n<meta property=\"og:type\" content=\"article\" \/>\n<meta property=\"og:title\" content=\"Garmin vient d&#039;annoncer sa r\u00e9ponse \u00e0 l&#039;Apple Watch Ultra | Vie Associative\" \/>\n<meta property=\"og:description\" content=\"Et il a une lampe de poche. Garmin a abandonn\u00e9 une nouvelle montre aujourd&rsquo;hui, un Venu X1 \u00e0 corps carr\u00e9 qui co\u00fbte 799,99 $ et\" \/>\n<meta property=\"og:url\" content=\"https:\/\/vieassociative.be\/actualites\/garmin-vient-dannoncer-sa-reponse-a-lapple-watch-ultra\/\" \/>\n<meta property=\"og:site_name\" content=\"Vie Associative\" \/>\n<meta property=\"article:published_time\" content=\"2025-06-13T18:17:40+00:00\" \/>\n<meta property=\"og:image\" content=\"https:\/\/vieassociative.be\/actualites\/wp-content\/uploads\/2024\/09\/header_backgroundk-01-e1726694325946.png\" \/>\n\t<meta property=\"og:image:width\" content=\"279\" \/>\n\t<meta property=\"og:image:height\" content=\"92\" \/>\n\t<meta property=\"og:image:type\" content=\"image\/png\" \/>\n<meta name=\"author\" content=\"Julien\" \/>\n<meta name=\"twitter:card\" content=\"summary_large_image\" \/>\n<meta name=\"twitter:label1\" content=\"\u00c9crit par\" \/>\n\t<meta name=\"twitter:data1\" content=\"Julien\" \/>\n\t<meta name=\"twitter:label2\" content=\"Dur\u00e9e de lecture est.\" \/>\n\t<meta name=\"twitter:data2\" content=\"3 minutes\" \/>\n<script type=\"application\/ld+json\" class=\"yoast-schema-graph\">{\"@context\":\"https:\/\/schema.org\",\"@graph\":[{\"@type\":\"Article\",\"@id\":\"https:\/\/vieassociative.be\/actualites\/garmin-vient-dannoncer-sa-reponse-a-lapple-watch-ultra\/#article\",\"isPartOf\":{\"@id\":\"https:\/\/vieassociative.be\/actualites\/garmin-vient-dannoncer-sa-reponse-a-lapple-watch-ultra\/\"},\"author\":{\"name\":\"Julien\",\"@id\":\"https:\/\/vieassociative.be\/actualites\/#\/schema\/person\/b87ac4f82f9d4e7b7cec7395b679edc4\"},\"headline\":\"Garmin vient d&rsquo;annoncer sa r\u00e9ponse \u00e0 l&rsquo;Apple Watch Ultra\",\"datePublished\":\"2025-06-13T18:17:40+00:00\",\"dateModified\":\"2025-06-13T18:17:40+00:00\",\"mainEntityOfPage\":{\"@id\":\"https:\/\/vieassociative.be\/actualites\/garmin-vient-dannoncer-sa-reponse-a-lapple-watch-ultra\/\"},\"wordCount\":584,\"publisher\":{\"@id\":\"https:\/\/vieassociative.be\/actualites\/#organization\"},\"image\":{\"@id\":\"https:\/\/vieassociative.be\/actualites\/garmin-vient-dannoncer-sa-reponse-a-lapple-watch-ultra\/#primaryimage\"},\"thumbnailUrl\":\"https:\/\/vieassociative.be\/actualites\/wp-content\/uploads\/2025\/06\/Garmin-vient-dannoncer-sa-reponse-a-lApple-Watch-Ultra.png\",\"keywords\":[\"dannoncer\",\"Garmin\",\"LApple\",\"r\u00e9ponse\",\"Ultra\",\"vient\",\"Watch\"],\"articleSection\":[\"Sant\u00e9\"],\"inLanguage\":\"fr-BE\"},{\"@type\":\"WebPage\",\"@id\":\"https:\/\/vieassociative.be\/actualites\/garmin-vient-dannoncer-sa-reponse-a-lapple-watch-ultra\/\",\"url\":\"https:\/\/vieassociative.be\/actualites\/garmin-vient-dannoncer-sa-reponse-a-lapple-watch-ultra\/\",\"name\":\"Garmin vient d'annoncer sa r\u00e9ponse \u00e0 l'Apple Watch Ultra | Vie Associative\",\"isPartOf\":{\"@id\":\"https:\/\/vieassociative.be\/actualites\/#website\"},\"primaryImageOfPage\":{\"@id\":\"https:\/\/vieassociative.be\/actualites\/garmin-vient-dannoncer-sa-reponse-a-lapple-watch-ultra\/#primaryimage\"},\"image\":{\"@id\":\"https:\/\/vieassociative.be\/actualites\/garmin-vient-dannoncer-sa-reponse-a-lapple-watch-ultra\/#primaryimage\"},\"thumbnailUrl\":\"https:\/\/vieassociative.be\/actualites\/wp-content\/uploads\/2025\/06\/Garmin-vient-dannoncer-sa-reponse-a-lApple-Watch-Ultra.png\",\"datePublished\":\"2025-06-13T18:17:40+00:00\",\"dateModified\":\"2025-06-13T18:17:40+00:00\",\"breadcrumb\":{\"@id\":\"https:\/\/vieassociative.be\/actualites\/garmin-vient-dannoncer-sa-reponse-a-lapple-watch-ultra\/#breadcrumb\"},\"inLanguage\":\"fr-BE\",\"potentialAction\":[{\"@type\":\"ReadAction\",\"target\":[\"https:\/\/vieassociative.be\/actualites\/garmin-vient-dannoncer-sa-reponse-a-lapple-watch-ultra\/\"]}]},{\"@type\":\"ImageObject\",\"inLanguage\":\"fr-BE\",\"@id\":\"https:\/\/vieassociative.be\/actualites\/garmin-vient-dannoncer-sa-reponse-a-lapple-watch-ultra\/#primaryimage\",\"url\":\"https:\/\/vieassociative.be\/actualites\/wp-content\/uploads\/2025\/06\/Garmin-vient-dannoncer-sa-reponse-a-lApple-Watch-Ultra.png\",\"contentUrl\":\"https:\/\/vieassociative.be\/actualites\/wp-content\/uploads\/2025\/06\/Garmin-vient-dannoncer-sa-reponse-a-lApple-Watch-Ultra.png\",\"width\":1200,\"height\":675,\"caption\":\"Garmin vient d'annoncer sa r\u00e9ponse \u00e0 l'Apple Watch Ultra\"},{\"@type\":\"BreadcrumbList\",\"@id\":\"https:\/\/vieassociative.be\/actualites\/garmin-vient-dannoncer-sa-reponse-a-lapple-watch-ultra\/#breadcrumb\",\"itemListElement\":[{\"@type\":\"ListItem\",\"position\":1,\"name\":\"Accueil\",\"item\":\"https:\/\/vieassociative.be\/actualites\/\"},{\"@type\":\"ListItem\",\"position\":2,\"name\":\"Garmin vient d&rsquo;annoncer sa r\u00e9ponse \u00e0 l&rsquo;Apple Watch Ultra\"}]},{\"@type\":\"WebSite\",\"@id\":\"https:\/\/vieassociative.be\/actualites\/#website\",\"url\":\"https:\/\/vieassociative.be\/actualites\/\",\"name\":\"Vie Associative\",\"description\":\"\",\"publisher\":{\"@id\":\"https:\/\/vieassociative.be\/actualites\/#organization\"},\"potentialAction\":[{\"@type\":\"SearchAction\",\"target\":{\"@type\":\"EntryPoint\",\"urlTemplate\":\"https:\/\/vieassociative.be\/actualites\/?s={search_term_string}\"},\"query-input\":{\"@type\":\"PropertyValueSpecification\",\"valueRequired\":true,\"valueName\":\"search_term_string\"}}],\"inLanguage\":\"fr-BE\"},{\"@type\":\"Organization\",\"@id\":\"https:\/\/vieassociative.be\/actualites\/#organization\",\"name\":\"Vie Associative\",\"url\":\"https:\/\/vieassociative.be\/actualites\/\",\"logo\":{\"@type\":\"ImageObject\",\"inLanguage\":\"fr-BE\",\"@id\":\"https:\/\/vieassociative.be\/actualites\/#\/schema\/logo\/image\/\",\"url\":\"https:\/\/vieassociative.be\/actualites\/wp-content\/uploads\/2024\/09\/cropped-vieassociative_favicon.ico.png\",\"contentUrl\":\"https:\/\/vieassociative.be\/actualites\/wp-content\/uploads\/2024\/09\/cropped-vieassociative_favicon.ico.png\",\"width\":512,\"height\":512,\"caption\":\"Vie Associative\"},\"image\":{\"@id\":\"https:\/\/vieassociative.be\/actualites\/#\/schema\/logo\/image\/\"}},{\"@type\":\"Person\",\"@id\":\"https:\/\/vieassociative.be\/actualites\/#\/schema\/person\/b87ac4f82f9d4e7b7cec7395b679edc4\",\"name\":\"Julien\",\"image\":{\"@type\":\"ImageObject\",\"inLanguage\":\"fr-BE\",\"@id\":\"https:\/\/vieassociative.be\/actualites\/#\/schema\/person\/image\/\",\"url\":\"https:\/\/vieassociative.be\/actualites\/wp-content\/uploads\/2024\/09\/vie-associative-1-150x150.jpg\",\"contentUrl\":\"https:\/\/vieassociative.be\/actualites\/wp-content\/uploads\/2024\/09\/vie-associative-1-150x150.jpg\",\"caption\":\"Julien\"},\"description\":\"Je suis Julien, r\u00e9dacteur pour Vie Associative. Passionn\u00e9 par le monde associatif depuis plus de 10 ans, j'ai \u00e0 c\u0153ur de partager des histoires inspirantes et de mettre en lumi\u00e8re les initiatives locales. Mon objectif est de sensibiliser et d'encourager l'engagement communautaire \u00e0 travers mes articles.\",\"sameAs\":[\"https:\/\/vieassociative.be\/\"]}]}<\/script>\n<!-- \/ Yoast SEO plugin. -->","yoast_head_json":{"title":"Garmin vient d'annoncer sa r\u00e9ponse \u00e0 l'Apple Watch Ultra | Vie Associative","robots":{"index":"index","follow":"follow","max-snippet":"max-snippet:-1","max-image-preview":"max-image-preview:large","max-video-preview":"max-video-preview:-1"},"canonical":"https:\/\/vieassociative.be\/actualites\/garmin-vient-dannoncer-sa-reponse-a-lapple-watch-ultra\/","og_locale":"fr_FR","og_type":"article","og_title":"Garmin vient d'annoncer sa r\u00e9ponse \u00e0 l'Apple Watch Ultra | Vie Associative","og_description":"Et il a une lampe de poche. Garmin a abandonn\u00e9 une nouvelle montre aujourd&rsquo;hui, un Venu X1 \u00e0 corps carr\u00e9 qui co\u00fbte 799,99 $ et","og_url":"https:\/\/vieassociative.be\/actualites\/garmin-vient-dannoncer-sa-reponse-a-lapple-watch-ultra\/","og_site_name":"Vie Associative","article_published_time":"2025-06-13T18:17:40+00:00","og_image":[{"width":279,"height":92,"url":"https:\/\/vieassociative.be\/actualites\/wp-content\/uploads\/2024\/09\/header_backgroundk-01-e1726694325946.png","type":"image\/png"}],"author":"Julien","twitter_card":"summary_large_image","twitter_misc":{"\u00c9crit par":"Julien","Dur\u00e9e de lecture est.":"3 minutes"},"schema":{"@context":"https:\/\/schema.org","@graph":[{"@type":"Article","@id":"https:\/\/vieassociative.be\/actualites\/garmin-vient-dannoncer-sa-reponse-a-lapple-watch-ultra\/#article","isPartOf":{"@id":"https:\/\/vieassociative.be\/actualites\/garmin-vient-dannoncer-sa-reponse-a-lapple-watch-ultra\/"},"author":{"name":"Julien","@id":"https:\/\/vieassociative.be\/actualites\/#\/schema\/person\/b87ac4f82f9d4e7b7cec7395b679edc4"},"headline":"Garmin vient d&rsquo;annoncer sa r\u00e9ponse \u00e0 l&rsquo;Apple Watch Ultra","datePublished":"2025-06-13T18:17:40+00:00","dateModified":"2025-06-13T18:17:40+00:00","mainEntityOfPage":{"@id":"https:\/\/vieassociative.be\/actualites\/garmin-vient-dannoncer-sa-reponse-a-lapple-watch-ultra\/"},"wordCount":584,"publisher":{"@id":"https:\/\/vieassociative.be\/actualites\/#organization"},"image":{"@id":"https:\/\/vieassociative.be\/actualites\/garmin-vient-dannoncer-sa-reponse-a-lapple-watch-ultra\/#primaryimage"},"thumbnailUrl":"https:\/\/vieassociative.be\/actualites\/wp-content\/uploads\/2025\/06\/Garmin-vient-dannoncer-sa-reponse-a-lApple-Watch-Ultra.png","keywords":["dannoncer","Garmin","LApple","r\u00e9ponse","Ultra","vient","Watch"],"articleSection":["Sant\u00e9"],"inLanguage":"fr-BE"},{"@type":"WebPage","@id":"https:\/\/vieassociative.be\/actualites\/garmin-vient-dannoncer-sa-reponse-a-lapple-watch-ultra\/","url":"https:\/\/vieassociative.be\/actualites\/garmin-vient-dannoncer-sa-reponse-a-lapple-watch-ultra\/","name":"Garmin vient d'annoncer sa r\u00e9ponse \u00e0 l'Apple Watch Ultra | Vie Associative","isPartOf":{"@id":"https:\/\/vieassociative.be\/actualites\/#website"},"primaryImageOfPage":{"@id":"https:\/\/vieassociative.be\/actualites\/garmin-vient-dannoncer-sa-reponse-a-lapple-watch-ultra\/#primaryimage"},"image":{"@id":"https:\/\/vieassociative.be\/actualites\/garmin-vient-dannoncer-sa-reponse-a-lapple-watch-ultra\/#primaryimage"},"thumbnailUrl":"https:\/\/vieassociative.be\/actualites\/wp-content\/uploads\/2025\/06\/Garmin-vient-dannoncer-sa-reponse-a-lApple-Watch-Ultra.png","datePublished":"2025-06-13T18:17:40+00:00","dateModified":"2025-06-13T18:17:40+00:00","breadcrumb":{"@id":"https:\/\/vieassociative.be\/actualites\/garmin-vient-dannoncer-sa-reponse-a-lapple-watch-ultra\/#breadcrumb"},"inLanguage":"fr-BE","potentialAction":[{"@type":"ReadAction","target":["https:\/\/vieassociative.be\/actualites\/garmin-vient-dannoncer-sa-reponse-a-lapple-watch-ultra\/"]}]},{"@type":"ImageObject","inLanguage":"fr-BE","@id":"https:\/\/vieassociative.be\/actualites\/garmin-vient-dannoncer-sa-reponse-a-lapple-watch-ultra\/#primaryimage","url":"https:\/\/vieassociative.be\/actualites\/wp-content\/uploads\/2025\/06\/Garmin-vient-dannoncer-sa-reponse-a-lApple-Watch-Ultra.png","contentUrl":"https:\/\/vieassociative.be\/actualites\/wp-content\/uploads\/2025\/06\/Garmin-vient-dannoncer-sa-reponse-a-lApple-Watch-Ultra.png","width":1200,"height":675,"caption":"Garmin vient d'annoncer sa r\u00e9ponse \u00e0 l'Apple Watch Ultra"},{"@type":"BreadcrumbList","@id":"https:\/\/vieassociative.be\/actualites\/garmin-vient-dannoncer-sa-reponse-a-lapple-watch-ultra\/#breadcrumb","itemListElement":[{"@type":"ListItem","position":1,"name":"Accueil","item":"https:\/\/vieassociative.be\/actualites\/"},{"@type":"ListItem","position":2,"name":"Garmin vient d&rsquo;annoncer sa r\u00e9ponse \u00e0 l&rsquo;Apple Watch Ultra"}]},{"@type":"WebSite","@id":"https:\/\/vieassociative.be\/actualites\/#website","url":"https:\/\/vieassociative.be\/actualites\/","name":"Vie Associative","description":"","publisher":{"@id":"https:\/\/vieassociative.be\/actualites\/#organization"},"potentialAction":[{"@type":"SearchAction","target":{"@type":"EntryPoint","urlTemplate":"https:\/\/vieassociative.be\/actualites\/?s={search_term_string}"},"query-input":{"@type":"PropertyValueSpecification","valueRequired":true,"valueName":"search_term_string"}}],"inLanguage":"fr-BE"},{"@type":"Organization","@id":"https:\/\/vieassociative.be\/actualites\/#organization","name":"Vie Associative","url":"https:\/\/vieassociative.be\/actualites\/","logo":{"@type":"ImageObject","inLanguage":"fr-BE","@id":"https:\/\/vieassociative.be\/actualites\/#\/schema\/logo\/image\/","url":"https:\/\/vieassociative.be\/actualites\/wp-content\/uploads\/2024\/09\/cropped-vieassociative_favicon.ico.png","contentUrl":"https:\/\/vieassociative.be\/actualites\/wp-content\/uploads\/2024\/09\/cropped-vieassociative_favicon.ico.png","width":512,"height":512,"caption":"Vie Associative"},"image":{"@id":"https:\/\/vieassociative.be\/actualites\/#\/schema\/logo\/image\/"}},{"@type":"Person","@id":"https:\/\/vieassociative.be\/actualites\/#\/schema\/person\/b87ac4f82f9d4e7b7cec7395b679edc4","name":"Julien","image":{"@type":"ImageObject","inLanguage":"fr-BE","@id":"https:\/\/vieassociative.be\/actualites\/#\/schema\/person\/image\/","url":"https:\/\/vieassociative.be\/actualites\/wp-content\/uploads\/2024\/09\/vie-associative-1-150x150.jpg","contentUrl":"https:\/\/vieassociative.be\/actualites\/wp-content\/uploads\/2024\/09\/vie-associative-1-150x150.jpg","caption":"Julien"},"description":"Je suis Julien, r\u00e9dacteur pour Vie Associative. Passionn\u00e9 par le monde associatif depuis plus de 10 ans, j'ai \u00e0 c\u0153ur de partager des histoires inspirantes et de mettre en lumi\u00e8re les initiatives locales. Mon objectif est de sensibiliser et d'encourager l'engagement communautaire \u00e0 travers mes articles.","sameAs":["https:\/\/vieassociative.be\/"]}]}},"_links":{"self":[{"href":"https:\/\/vieassociative.be\/actualites\/wp-json\/wp\/v2\/posts\/8167"}],"collection":[{"href":"https:\/\/vieassociative.be\/actualites\/wp-json\/wp\/v2\/posts"}],"about":[{"href":"https:\/\/vieassociative.be\/actualites\/wp-json\/wp\/v2\/types\/post"}],"author":[{"embeddable":true,"href":"https:\/\/vieassociative.be\/actualites\/wp-json\/wp\/v2\/users\/1"}],"replies":[{"embeddable":true,"href":"https:\/\/vieassociative.be\/actualites\/wp-json\/wp\/v2\/comments?post=8167"}],"version-history":[{"count":0,"href":"https:\/\/vieassociative.be\/actualites\/wp-json\/wp\/v2\/posts\/8167\/revisions"}],"wp:featuredmedia":[{"embeddable":true,"href":"https:\/\/vieassociative.be\/actualites\/wp-json\/wp\/v2\/media\/8168"}],"wp:attachment":[{"href":"https:\/\/vieassociative.be\/actualites\/wp-json\/wp\/v2\/media?parent=8167"}],"wp:term":[{"taxonomy":"category","embeddable":true,"href":"https:\/\/vieassociative.be\/actualites\/wp-json\/wp\/v2\/categories?post=8167"},{"taxonomy":"post_tag","embeddable":true,"href":"https:\/\/vieassociative.be\/actualites\/wp-json\/wp\/v2\/tags?post=8167"}],"curies":[{"name":"wp","href":"https:\/\/api.w.org\/{rel}","templated":true}]}}