{"id":8165,"date":"2025-06-13T16:25:42","date_gmt":"2025-06-13T14:25:42","guid":{"rendered":"https:\/\/vieassociative.be\/actualites\/rsi-eupen-avec-un-nouveau-domaine-detudes-candidat-aux-professions-de-defense-de-prevention-et-de-securite\/"},"modified":"2025-06-13T16:25:42","modified_gmt":"2025-06-13T14:25:42","slug":"rsi-eupen-avec-un-nouveau-domaine-detudes-candidat-aux-professions-de-defense-de-prevention-et-de-securite","status":"publish","type":"post","link":"https:\/\/vieassociative.be\/actualites\/rsi-eupen-avec-un-nouveau-domaine-detudes-candidat-aux-professions-de-defense-de-prevention-et-de-securite\/","title":{"rendered":"RSI EUPEN avec un nouveau domaine d&rsquo;\u00e9tudes \u00ab\u00a0candidat aux professions de d\u00e9fense, de pr\u00e9vention et de s\u00e9curit\u00e9\u00a0\u00bb"},"content":{"rendered":"<p><strong>Le Robert Schuman Institute d&rsquo;Eupen \u00e9tend son offre \u00e9ducative: \u00e0 partir de la prochaine ann\u00e9e scolaire, le nouveau domaine d&rsquo;\u00e9tudes \u00abcandidat pour la d\u00e9fense, la pr\u00e9vention et les professions de s\u00e9curit\u00e9\u00bb sera introduit. Il s&rsquo;adresse initialement aux \u00e9tudiants qui commenceront la 5e ann\u00e9e scolaire secondaire en septembre.<\/strong><\/p>\n<p><span id=\"more-417646\"><\/span>Le nouveau domaine d&rsquo;\u00e9tudes, qui a \u00e9t\u00e9 d\u00e9velopp\u00e9 en coop\u00e9ration avec les pompiers, la police et la d\u00e9fense nationale, poursuit l&rsquo;objectif de pr\u00e9parer syst\u00e9matiquement les \u00e9tudiants pour une carri\u00e8re ult\u00e9rieure dans la police, l&rsquo;arm\u00e9e, les pompiers ou d&rsquo;autres services d&rsquo;aide et de s\u00e9curit\u00e9.<\/p>\n<p>Soir\u00e9e des informations le 24 juin: Pour la performance officielle, le RSI vous invite \u00e0 l&rsquo;\u00e9cole de l&rsquo;\u00e9cole le mardi 24 juin \u00e0 18 h. En plus des repr\u00e9sentants de la zone d&rsquo;aide, la police et l&rsquo;arm\u00e9e<br \/>\nSoyez \u00e9galement pr\u00e9sent dans les domaines de la s\u00e9curit\u00e9 et de la pr\u00e9vention et sont disponibles pour les participants pour des discussions.<\/p>\n<div id=\"attachment_417677\" class=\"wp-caption alignleft\" style=\"max-width: 300px\"><img fetchpriority=\"high\" decoding=\"async\" class=\"wp-image-417677 size-medium\" src=\"https:\/\/vieassociative.be\/actualites\/wp-content\/uploads\/2025\/06\/RSI-EUPEN-avec-un-nouveau-domaine-detudes-candidat-aux-professions.jpg\" alt=\"\" width=\"300\" height=\"200\"  ><\/p>\n<p class=\"wp-caption-text\">Vue ext\u00e9rieure du Robert Schuman Institute (RSI) sur Vervierser Strasse \u00e0 Eupen. Photo: OD<\/p>\n<\/div>\n<p>L&rsquo;\u00e9v\u00e9nement offre une occasion unique de contacter les experts et d&rsquo;obtenir une image r\u00e9aliste de ces domaines professionnels. La premi\u00e8re inscription est possible apr\u00e8s la soir\u00e9e.<\/p>\n<p>INSCRIPTION ET MODALIT\u00c9S: L&rsquo;inscription dans ce nouveau domaine d&rsquo;\u00e9tude diff\u00e8re des proc\u00e9dures habituelles et est li\u00e9e \u00e0 une obligation de fournir des informations. Le nombre de places est \u00e9galement limit\u00e9. Le RSI recommande donc fortement de participer \u00e0 la soir\u00e9e d&rsquo;information ou alternativement<br \/>\nRendez-vous individuel avec le coordinateur.<\/p>\n<p>\u00c0 partir du 24 juin, les documents requis pour l&rsquo;inscription au Secr\u00e9tariat ou directement du coordinateur seront disponibles. L&rsquo;inscription pr\u00e9liminaire en ligne est \u00e9galement possible \u00e0 partir de cette date.<\/p>\n<ul>\n<li><em>Inscription \u00e0 l&rsquo;\u00e9v\u00e9nement d&rsquo;information: <u>jean.wetzels@rsi eeupen.be<\/u><\/em><\/li>\n<li><em>Plus d&rsquo;informations sous <u>www.rsi- eupen.be<\/u> Ou sur les r\u00e9seaux sociaux de l&rsquo;\u00e9cole.<\/em><\/li>\n<\/ul>\n","protected":false},"excerpt":{"rendered":"<p>Le Robert Schuman Institute d&rsquo;Eupen \u00e9tend son offre \u00e9ducative: \u00e0 partir de la prochaine ann\u00e9e scolaire, le nouveau domaine d&rsquo;\u00e9tudes \u00abcandidat pour la d\u00e9fense, la<\/p>\n","protected":false},"author":1,"featured_media":8166,"comment_status":"","ping_status":"","sticky":false,"template":"","format":"standard","meta":{"footnotes":""},"categories":[298],"tags":[289,61,3247,3152,731,555,2329,553,7399,6362,4883,151],"class_list":["post-8165","post","type-post","status-publish","format-standard","has-post-thumbnail","hentry","category-belgique","tag-aux","tag-avec","tag-candidat","tag-defense","tag-detudes","tag-domaine","tag-eupen","tag-nouveau","tag-prevention","tag-professions","tag-rsi","tag-securite","generate-columns","tablet-grid-50","mobile-grid-100","grid-parent","grid-33"],"yoast_head":"<!-- This site is optimized with the Yoast SEO plugin v24.0 - https:\/\/yoast.com\/wordpress\/plugins\/seo\/ -->\n<title>RSI EUPEN avec un nouveau domaine d&#039;\u00e9tudes &quot;candidat aux professions de d\u00e9fense, de pr\u00e9vention et de s\u00e9curit\u00e9&quot; | Vie Associative<\/title>\n<meta name=\"robots\" content=\"index, follow, max-snippet:-1, max-image-preview:large, max-video-preview:-1\" \/>\n<link rel=\"canonical\" href=\"https:\/\/vieassociative.be\/actualites\/rsi-eupen-avec-un-nouveau-domaine-detudes-candidat-aux-professions-de-defense-de-prevention-et-de-securite\/\" \/>\n<meta property=\"og:locale\" content=\"fr_FR\" \/>\n<meta property=\"og:type\" content=\"article\" \/>\n<meta property=\"og:title\" content=\"RSI EUPEN avec un nouveau domaine d&#039;\u00e9tudes &quot;candidat aux professions de d\u00e9fense, de pr\u00e9vention et de s\u00e9curit\u00e9&quot; | Vie Associative\" \/>\n<meta property=\"og:description\" content=\"Le Robert Schuman Institute d&rsquo;Eupen \u00e9tend son offre \u00e9ducative: \u00e0 partir de la prochaine ann\u00e9e scolaire, le nouveau domaine d&rsquo;\u00e9tudes \u00abcandidat pour la d\u00e9fense, la\" \/>\n<meta property=\"og:url\" content=\"https:\/\/vieassociative.be\/actualites\/rsi-eupen-avec-un-nouveau-domaine-detudes-candidat-aux-professions-de-defense-de-prevention-et-de-securite\/\" \/>\n<meta property=\"og:site_name\" content=\"Vie Associative\" \/>\n<meta property=\"article:published_time\" content=\"2025-06-13T14:25:42+00:00\" \/>\n<meta property=\"og:image\" content=\"https:\/\/vieassociative.be\/actualites\/wp-content\/uploads\/2024\/09\/header_backgroundk-01-e1726694325946.png\" \/>\n\t<meta property=\"og:image:width\" content=\"279\" \/>\n\t<meta property=\"og:image:height\" content=\"92\" \/>\n\t<meta property=\"og:image:type\" content=\"image\/png\" \/>\n<meta name=\"author\" content=\"Julien\" \/>\n<meta name=\"twitter:card\" content=\"summary_large_image\" \/>\n<meta name=\"twitter:label1\" content=\"\u00c9crit par\" \/>\n\t<meta name=\"twitter:data1\" content=\"Julien\" \/>\n\t<meta name=\"twitter:label2\" content=\"Dur\u00e9e de lecture est.\" \/>\n\t<meta name=\"twitter:data2\" content=\"2 minutes\" \/>\n<script type=\"application\/ld+json\" class=\"yoast-schema-graph\">{\"@context\":\"https:\/\/schema.org\",\"@graph\":[{\"@type\":\"Article\",\"@id\":\"https:\/\/vieassociative.be\/actualites\/rsi-eupen-avec-un-nouveau-domaine-detudes-candidat-aux-professions-de-defense-de-prevention-et-de-securite\/#article\",\"isPartOf\":{\"@id\":\"https:\/\/vieassociative.be\/actualites\/rsi-eupen-avec-un-nouveau-domaine-detudes-candidat-aux-professions-de-defense-de-prevention-et-de-securite\/\"},\"author\":{\"name\":\"Julien\",\"@id\":\"https:\/\/vieassociative.be\/actualites\/#\/schema\/person\/b87ac4f82f9d4e7b7cec7395b679edc4\"},\"headline\":\"RSI EUPEN avec un nouveau domaine d&rsquo;\u00e9tudes \u00ab\u00a0candidat aux professions de d\u00e9fense, de pr\u00e9vention et de s\u00e9curit\u00e9\u00a0\u00bb\",\"datePublished\":\"2025-06-13T14:25:42+00:00\",\"dateModified\":\"2025-06-13T14:25:42+00:00\",\"mainEntityOfPage\":{\"@id\":\"https:\/\/vieassociative.be\/actualites\/rsi-eupen-avec-un-nouveau-domaine-detudes-candidat-aux-professions-de-defense-de-prevention-et-de-securite\/\"},\"wordCount\":356,\"publisher\":{\"@id\":\"https:\/\/vieassociative.be\/actualites\/#organization\"},\"image\":{\"@id\":\"https:\/\/vieassociative.be\/actualites\/rsi-eupen-avec-un-nouveau-domaine-detudes-candidat-aux-professions-de-defense-de-prevention-et-de-securite\/#primaryimage\"},\"thumbnailUrl\":\"https:\/\/vieassociative.be\/actualites\/wp-content\/uploads\/2025\/06\/1749824743_RSI-EUPEN-avec-un-nouveau-domaine-detudes-candidat-aux-professions.jpg\",\"keywords\":[\"aux\",\"avec\",\"Candidat\",\"D\u00e9fense\",\"d\u00e9tudes\",\"domaine\",\"Eupen\",\"nouveau\",\"pr\u00e9vention\",\"Professions\",\"RSI\",\"s\u00e9curit\u00e9\"],\"articleSection\":[\"Belgique\"],\"inLanguage\":\"fr-BE\"},{\"@type\":\"WebPage\",\"@id\":\"https:\/\/vieassociative.be\/actualites\/rsi-eupen-avec-un-nouveau-domaine-detudes-candidat-aux-professions-de-defense-de-prevention-et-de-securite\/\",\"url\":\"https:\/\/vieassociative.be\/actualites\/rsi-eupen-avec-un-nouveau-domaine-detudes-candidat-aux-professions-de-defense-de-prevention-et-de-securite\/\",\"name\":\"RSI EUPEN avec un nouveau domaine d'\u00e9tudes \\\"candidat aux professions de d\u00e9fense, de pr\u00e9vention et de s\u00e9curit\u00e9\\\" | Vie Associative\",\"isPartOf\":{\"@id\":\"https:\/\/vieassociative.be\/actualites\/#website\"},\"primaryImageOfPage\":{\"@id\":\"https:\/\/vieassociative.be\/actualites\/rsi-eupen-avec-un-nouveau-domaine-detudes-candidat-aux-professions-de-defense-de-prevention-et-de-securite\/#primaryimage\"},\"image\":{\"@id\":\"https:\/\/vieassociative.be\/actualites\/rsi-eupen-avec-un-nouveau-domaine-detudes-candidat-aux-professions-de-defense-de-prevention-et-de-securite\/#primaryimage\"},\"thumbnailUrl\":\"https:\/\/vieassociative.be\/actualites\/wp-content\/uploads\/2025\/06\/1749824743_RSI-EUPEN-avec-un-nouveau-domaine-detudes-candidat-aux-professions.jpg\",\"datePublished\":\"2025-06-13T14:25:42+00:00\",\"dateModified\":\"2025-06-13T14:25:42+00:00\",\"breadcrumb\":{\"@id\":\"https:\/\/vieassociative.be\/actualites\/rsi-eupen-avec-un-nouveau-domaine-detudes-candidat-aux-professions-de-defense-de-prevention-et-de-securite\/#breadcrumb\"},\"inLanguage\":\"fr-BE\",\"potentialAction\":[{\"@type\":\"ReadAction\",\"target\":[\"https:\/\/vieassociative.be\/actualites\/rsi-eupen-avec-un-nouveau-domaine-detudes-candidat-aux-professions-de-defense-de-prevention-et-de-securite\/\"]}]},{\"@type\":\"ImageObject\",\"inLanguage\":\"fr-BE\",\"@id\":\"https:\/\/vieassociative.be\/actualites\/rsi-eupen-avec-un-nouveau-domaine-detudes-candidat-aux-professions-de-defense-de-prevention-et-de-securite\/#primaryimage\",\"url\":\"https:\/\/vieassociative.be\/actualites\/wp-content\/uploads\/2025\/06\/1749824743_RSI-EUPEN-avec-un-nouveau-domaine-detudes-candidat-aux-professions.jpg\",\"contentUrl\":\"https:\/\/vieassociative.be\/actualites\/wp-content\/uploads\/2025\/06\/1749824743_RSI-EUPEN-avec-un-nouveau-domaine-detudes-candidat-aux-professions.jpg\",\"width\":1200,\"height\":800,\"caption\":\"RSI EUPEN avec un nouveau domaine d'\u00e9tudes \\\"candidat aux professions de d\u00e9fense, de pr\u00e9vention et de s\u00e9curit\u00e9\\\"\"},{\"@type\":\"BreadcrumbList\",\"@id\":\"https:\/\/vieassociative.be\/actualites\/rsi-eupen-avec-un-nouveau-domaine-detudes-candidat-aux-professions-de-defense-de-prevention-et-de-securite\/#breadcrumb\",\"itemListElement\":[{\"@type\":\"ListItem\",\"position\":1,\"name\":\"Accueil\",\"item\":\"https:\/\/vieassociative.be\/actualites\/\"},{\"@type\":\"ListItem\",\"position\":2,\"name\":\"RSI EUPEN avec un nouveau domaine d&rsquo;\u00e9tudes \u00ab\u00a0candidat aux professions de d\u00e9fense, de pr\u00e9vention et de s\u00e9curit\u00e9\u00a0\u00bb\"}]},{\"@type\":\"WebSite\",\"@id\":\"https:\/\/vieassociative.be\/actualites\/#website\",\"url\":\"https:\/\/vieassociative.be\/actualites\/\",\"name\":\"Vie Associative\",\"description\":\"\",\"publisher\":{\"@id\":\"https:\/\/vieassociative.be\/actualites\/#organization\"},\"potentialAction\":[{\"@type\":\"SearchAction\",\"target\":{\"@type\":\"EntryPoint\",\"urlTemplate\":\"https:\/\/vieassociative.be\/actualites\/?s={search_term_string}\"},\"query-input\":{\"@type\":\"PropertyValueSpecification\",\"valueRequired\":true,\"valueName\":\"search_term_string\"}}],\"inLanguage\":\"fr-BE\"},{\"@type\":\"Organization\",\"@id\":\"https:\/\/vieassociative.be\/actualites\/#organization\",\"name\":\"Vie Associative\",\"url\":\"https:\/\/vieassociative.be\/actualites\/\",\"logo\":{\"@type\":\"ImageObject\",\"inLanguage\":\"fr-BE\",\"@id\":\"https:\/\/vieassociative.be\/actualites\/#\/schema\/logo\/image\/\",\"url\":\"https:\/\/vieassociative.be\/actualites\/wp-content\/uploads\/2024\/09\/cropped-vieassociative_favicon.ico.png\",\"contentUrl\":\"https:\/\/vieassociative.be\/actualites\/wp-content\/uploads\/2024\/09\/cropped-vieassociative_favicon.ico.png\",\"width\":512,\"height\":512,\"caption\":\"Vie Associative\"},\"image\":{\"@id\":\"https:\/\/vieassociative.be\/actualites\/#\/schema\/logo\/image\/\"}},{\"@type\":\"Person\",\"@id\":\"https:\/\/vieassociative.be\/actualites\/#\/schema\/person\/b87ac4f82f9d4e7b7cec7395b679edc4\",\"name\":\"Julien\",\"image\":{\"@type\":\"ImageObject\",\"inLanguage\":\"fr-BE\",\"@id\":\"https:\/\/vieassociative.be\/actualites\/#\/schema\/person\/image\/\",\"url\":\"https:\/\/vieassociative.be\/actualites\/wp-content\/uploads\/2024\/09\/vie-associative-1-150x150.jpg\",\"contentUrl\":\"https:\/\/vieassociative.be\/actualites\/wp-content\/uploads\/2024\/09\/vie-associative-1-150x150.jpg\",\"caption\":\"Julien\"},\"description\":\"Je suis Julien, r\u00e9dacteur pour Vie Associative. Passionn\u00e9 par le monde associatif depuis plus de 10 ans, j'ai \u00e0 c\u0153ur de partager des histoires inspirantes et de mettre en lumi\u00e8re les initiatives locales. Mon objectif est de sensibiliser et d'encourager l'engagement communautaire \u00e0 travers mes articles.\",\"sameAs\":[\"https:\/\/vieassociative.be\/\"]}]}<\/script>\n<!-- \/ Yoast SEO plugin. -->","yoast_head_json":{"title":"RSI EUPEN avec un nouveau domaine d'\u00e9tudes \"candidat aux professions de d\u00e9fense, de pr\u00e9vention et de s\u00e9curit\u00e9\" | Vie Associative","robots":{"index":"index","follow":"follow","max-snippet":"max-snippet:-1","max-image-preview":"max-image-preview:large","max-video-preview":"max-video-preview:-1"},"canonical":"https:\/\/vieassociative.be\/actualites\/rsi-eupen-avec-un-nouveau-domaine-detudes-candidat-aux-professions-de-defense-de-prevention-et-de-securite\/","og_locale":"fr_FR","og_type":"article","og_title":"RSI EUPEN avec un nouveau domaine d'\u00e9tudes \"candidat aux professions de d\u00e9fense, de pr\u00e9vention et de s\u00e9curit\u00e9\" | Vie Associative","og_description":"Le Robert Schuman Institute d&rsquo;Eupen \u00e9tend son offre \u00e9ducative: \u00e0 partir de la prochaine ann\u00e9e scolaire, le nouveau domaine d&rsquo;\u00e9tudes \u00abcandidat pour la d\u00e9fense, la","og_url":"https:\/\/vieassociative.be\/actualites\/rsi-eupen-avec-un-nouveau-domaine-detudes-candidat-aux-professions-de-defense-de-prevention-et-de-securite\/","og_site_name":"Vie Associative","article_published_time":"2025-06-13T14:25:42+00:00","og_image":[{"width":279,"height":92,"url":"https:\/\/vieassociative.be\/actualites\/wp-content\/uploads\/2024\/09\/header_backgroundk-01-e1726694325946.png","type":"image\/png"}],"author":"Julien","twitter_card":"summary_large_image","twitter_misc":{"\u00c9crit par":"Julien","Dur\u00e9e de lecture est.":"2 minutes"},"schema":{"@context":"https:\/\/schema.org","@graph":[{"@type":"Article","@id":"https:\/\/vieassociative.be\/actualites\/rsi-eupen-avec-un-nouveau-domaine-detudes-candidat-aux-professions-de-defense-de-prevention-et-de-securite\/#article","isPartOf":{"@id":"https:\/\/vieassociative.be\/actualites\/rsi-eupen-avec-un-nouveau-domaine-detudes-candidat-aux-professions-de-defense-de-prevention-et-de-securite\/"},"author":{"name":"Julien","@id":"https:\/\/vieassociative.be\/actualites\/#\/schema\/person\/b87ac4f82f9d4e7b7cec7395b679edc4"},"headline":"RSI EUPEN avec un nouveau domaine d&rsquo;\u00e9tudes \u00ab\u00a0candidat aux professions de d\u00e9fense, de pr\u00e9vention et de s\u00e9curit\u00e9\u00a0\u00bb","datePublished":"2025-06-13T14:25:42+00:00","dateModified":"2025-06-13T14:25:42+00:00","mainEntityOfPage":{"@id":"https:\/\/vieassociative.be\/actualites\/rsi-eupen-avec-un-nouveau-domaine-detudes-candidat-aux-professions-de-defense-de-prevention-et-de-securite\/"},"wordCount":356,"publisher":{"@id":"https:\/\/vieassociative.be\/actualites\/#organization"},"image":{"@id":"https:\/\/vieassociative.be\/actualites\/rsi-eupen-avec-un-nouveau-domaine-detudes-candidat-aux-professions-de-defense-de-prevention-et-de-securite\/#primaryimage"},"thumbnailUrl":"https:\/\/vieassociative.be\/actualites\/wp-content\/uploads\/2025\/06\/1749824743_RSI-EUPEN-avec-un-nouveau-domaine-detudes-candidat-aux-professions.jpg","keywords":["aux","avec","Candidat","D\u00e9fense","d\u00e9tudes","domaine","Eupen","nouveau","pr\u00e9vention","Professions","RSI","s\u00e9curit\u00e9"],"articleSection":["Belgique"],"inLanguage":"fr-BE"},{"@type":"WebPage","@id":"https:\/\/vieassociative.be\/actualites\/rsi-eupen-avec-un-nouveau-domaine-detudes-candidat-aux-professions-de-defense-de-prevention-et-de-securite\/","url":"https:\/\/vieassociative.be\/actualites\/rsi-eupen-avec-un-nouveau-domaine-detudes-candidat-aux-professions-de-defense-de-prevention-et-de-securite\/","name":"RSI EUPEN avec un nouveau domaine d'\u00e9tudes \"candidat aux professions de d\u00e9fense, de pr\u00e9vention et de s\u00e9curit\u00e9\" | Vie Associative","isPartOf":{"@id":"https:\/\/vieassociative.be\/actualites\/#website"},"primaryImageOfPage":{"@id":"https:\/\/vieassociative.be\/actualites\/rsi-eupen-avec-un-nouveau-domaine-detudes-candidat-aux-professions-de-defense-de-prevention-et-de-securite\/#primaryimage"},"image":{"@id":"https:\/\/vieassociative.be\/actualites\/rsi-eupen-avec-un-nouveau-domaine-detudes-candidat-aux-professions-de-defense-de-prevention-et-de-securite\/#primaryimage"},"thumbnailUrl":"https:\/\/vieassociative.be\/actualites\/wp-content\/uploads\/2025\/06\/1749824743_RSI-EUPEN-avec-un-nouveau-domaine-detudes-candidat-aux-professions.jpg","datePublished":"2025-06-13T14:25:42+00:00","dateModified":"2025-06-13T14:25:42+00:00","breadcrumb":{"@id":"https:\/\/vieassociative.be\/actualites\/rsi-eupen-avec-un-nouveau-domaine-detudes-candidat-aux-professions-de-defense-de-prevention-et-de-securite\/#breadcrumb"},"inLanguage":"fr-BE","potentialAction":[{"@type":"ReadAction","target":["https:\/\/vieassociative.be\/actualites\/rsi-eupen-avec-un-nouveau-domaine-detudes-candidat-aux-professions-de-defense-de-prevention-et-de-securite\/"]}]},{"@type":"ImageObject","inLanguage":"fr-BE","@id":"https:\/\/vieassociative.be\/actualites\/rsi-eupen-avec-un-nouveau-domaine-detudes-candidat-aux-professions-de-defense-de-prevention-et-de-securite\/#primaryimage","url":"https:\/\/vieassociative.be\/actualites\/wp-content\/uploads\/2025\/06\/1749824743_RSI-EUPEN-avec-un-nouveau-domaine-detudes-candidat-aux-professions.jpg","contentUrl":"https:\/\/vieassociative.be\/actualites\/wp-content\/uploads\/2025\/06\/1749824743_RSI-EUPEN-avec-un-nouveau-domaine-detudes-candidat-aux-professions.jpg","width":1200,"height":800,"caption":"RSI EUPEN avec un nouveau domaine d'\u00e9tudes \"candidat aux professions de d\u00e9fense, de pr\u00e9vention et de s\u00e9curit\u00e9\""},{"@type":"BreadcrumbList","@id":"https:\/\/vieassociative.be\/actualites\/rsi-eupen-avec-un-nouveau-domaine-detudes-candidat-aux-professions-de-defense-de-prevention-et-de-securite\/#breadcrumb","itemListElement":[{"@type":"ListItem","position":1,"name":"Accueil","item":"https:\/\/vieassociative.be\/actualites\/"},{"@type":"ListItem","position":2,"name":"RSI EUPEN avec un nouveau domaine d&rsquo;\u00e9tudes \u00ab\u00a0candidat aux professions de d\u00e9fense, de pr\u00e9vention et de s\u00e9curit\u00e9\u00a0\u00bb"}]},{"@type":"WebSite","@id":"https:\/\/vieassociative.be\/actualites\/#website","url":"https:\/\/vieassociative.be\/actualites\/","name":"Vie Associative","description":"","publisher":{"@id":"https:\/\/vieassociative.be\/actualites\/#organization"},"potentialAction":[{"@type":"SearchAction","target":{"@type":"EntryPoint","urlTemplate":"https:\/\/vieassociative.be\/actualites\/?s={search_term_string}"},"query-input":{"@type":"PropertyValueSpecification","valueRequired":true,"valueName":"search_term_string"}}],"inLanguage":"fr-BE"},{"@type":"Organization","@id":"https:\/\/vieassociative.be\/actualites\/#organization","name":"Vie Associative","url":"https:\/\/vieassociative.be\/actualites\/","logo":{"@type":"ImageObject","inLanguage":"fr-BE","@id":"https:\/\/vieassociative.be\/actualites\/#\/schema\/logo\/image\/","url":"https:\/\/vieassociative.be\/actualites\/wp-content\/uploads\/2024\/09\/cropped-vieassociative_favicon.ico.png","contentUrl":"https:\/\/vieassociative.be\/actualites\/wp-content\/uploads\/2024\/09\/cropped-vieassociative_favicon.ico.png","width":512,"height":512,"caption":"Vie Associative"},"image":{"@id":"https:\/\/vieassociative.be\/actualites\/#\/schema\/logo\/image\/"}},{"@type":"Person","@id":"https:\/\/vieassociative.be\/actualites\/#\/schema\/person\/b87ac4f82f9d4e7b7cec7395b679edc4","name":"Julien","image":{"@type":"ImageObject","inLanguage":"fr-BE","@id":"https:\/\/vieassociative.be\/actualites\/#\/schema\/person\/image\/","url":"https:\/\/vieassociative.be\/actualites\/wp-content\/uploads\/2024\/09\/vie-associative-1-150x150.jpg","contentUrl":"https:\/\/vieassociative.be\/actualites\/wp-content\/uploads\/2024\/09\/vie-associative-1-150x150.jpg","caption":"Julien"},"description":"Je suis Julien, r\u00e9dacteur pour Vie Associative. Passionn\u00e9 par le monde associatif depuis plus de 10 ans, j'ai \u00e0 c\u0153ur de partager des histoires inspirantes et de mettre en lumi\u00e8re les initiatives locales. Mon objectif est de sensibiliser et d'encourager l'engagement communautaire \u00e0 travers mes articles.","sameAs":["https:\/\/vieassociative.be\/"]}]}},"_links":{"self":[{"href":"https:\/\/vieassociative.be\/actualites\/wp-json\/wp\/v2\/posts\/8165"}],"collection":[{"href":"https:\/\/vieassociative.be\/actualites\/wp-json\/wp\/v2\/posts"}],"about":[{"href":"https:\/\/vieassociative.be\/actualites\/wp-json\/wp\/v2\/types\/post"}],"author":[{"embeddable":true,"href":"https:\/\/vieassociative.be\/actualites\/wp-json\/wp\/v2\/users\/1"}],"replies":[{"embeddable":true,"href":"https:\/\/vieassociative.be\/actualites\/wp-json\/wp\/v2\/comments?post=8165"}],"version-history":[{"count":0,"href":"https:\/\/vieassociative.be\/actualites\/wp-json\/wp\/v2\/posts\/8165\/revisions"}],"wp:featuredmedia":[{"embeddable":true,"href":"https:\/\/vieassociative.be\/actualites\/wp-json\/wp\/v2\/media\/8166"}],"wp:attachment":[{"href":"https:\/\/vieassociative.be\/actualites\/wp-json\/wp\/v2\/media?parent=8165"}],"wp:term":[{"taxonomy":"category","embeddable":true,"href":"https:\/\/vieassociative.be\/actualites\/wp-json\/wp\/v2\/categories?post=8165"},{"taxonomy":"post_tag","embeddable":true,"href":"https:\/\/vieassociative.be\/actualites\/wp-json\/wp\/v2\/tags?post=8165"}],"curies":[{"name":"wp","href":"https:\/\/api.w.org\/{rel}","templated":true}]}}