{"id":8159,"date":"2025-06-13T10:17:34","date_gmt":"2025-06-13T08:17:34","guid":{"rendered":"https:\/\/vieassociative.be\/actualites\/israel-attaque-les-installations-nucleaires-iraniennes-le-conflit-degenere\/"},"modified":"2025-06-13T10:17:34","modified_gmt":"2025-06-13T08:17:34","slug":"israel-attaque-les-installations-nucleaires-iraniennes-le-conflit-degenere","status":"publish","type":"post","link":"https:\/\/vieassociative.be\/actualites\/israel-attaque-les-installations-nucleaires-iraniennes-le-conflit-degenere\/","title":{"rendered":"Isra\u00ebl attaque les installations nucl\u00e9aires iraniennes &#8211; le conflit d\u00e9g\u00e9n\u00e8re"},"content":{"rendered":"<p><strong>Le conflit sur le programme nucl\u00e9aire iranien d\u00e9g\u00e9n\u00e8re. L&rsquo;arm\u00e9e isra\u00e9lienne attaque massivement l&rsquo;ennemi de l&rsquo;arc, y compris ses installations nucl\u00e9aires. Les cons\u00e9quences sont impr\u00e9visibles.<\/strong><\/p>\n<p><span id=\"more-417629\"><\/span>Isra\u00ebl a commenc\u00e9 avec une grande attaque contre les installations nucl\u00e9aires iraniennes &#8211; avec des cons\u00e9quences impr\u00e9visibles pour toute la r\u00e9gion. C&rsquo;\u00e9tait \u00ab\u00a0une offensive pr\u00e9ventive, pr\u00e9cise et combin\u00e9e\u00a0\u00bb pour attaquer le programme nucl\u00e9aire iranien et d&rsquo;autres objectifs militaires, a d\u00e9clar\u00e9 l&rsquo;arm\u00e9e isra\u00e9lienne.<\/p>\n<p>Selon l&rsquo;agence de presse iranienne Tasnim, les principaux chefs de l&rsquo;arm\u00e9e iranienne ont \u00e9t\u00e9 tu\u00e9s, dont le commandant des puissants gardes de la r\u00e9volution, Hussein Salami, et le chef d&rsquo;\u00e9tat-major Mohammed Bagheri. La R\u00e9publique islamique a annonc\u00e9 une contre-lamelle r\u00e9solue.<\/p>\n<p>Isra\u00ebl doit s&rsquo;attendre \u00e0 une \u00ab\u00a0punition dure\u00a0\u00bb, le chef de l&rsquo;\u00c9tat de l&rsquo;Iran, Ajatollah Ali Chamenei, a \u00e9t\u00e9 cit\u00e9 dans un message de son bureau. L&rsquo;espace a\u00e9rien sur l&rsquo;Iran a \u00e9t\u00e9 bloqu\u00e9. Le ministre isra\u00e9lien de la D\u00e9fense Israel Katz a appel\u00e9 l&rsquo;\u00e9tat d&rsquo;urgence de son pays. Apr\u00e8s la \u00ab\u00a0gr\u00e8ve pr\u00e9ventive\u00a0\u00bb contre l&rsquo;Iran \u00ab\u00a0, \u00e0 proximit\u00e9 imm\u00e9diate\u00a0\u00bb s&rsquo;attendre \u00e0 une fus\u00e9e et \u00e0 une attaque de drones contre Isra\u00ebl. Selon les m\u00e9dias locaux, l&rsquo;espace a\u00e9rien isra\u00e9lien a \u00e9galement \u00e9t\u00e9 ferm\u00e9 aux d\u00e9parts et aux atterrissages.<\/p>\n<div id=\"attachment_417633\" class=\"wp-caption alignleft\" style=\"max-width: 300px\"><img fetchpriority=\"high\" decoding=\"async\" class=\"wp-image-417633 size-medium\" src=\"https:\/\/vieassociative.be\/actualites\/wp-content\/uploads\/2025\/06\/Israel-attaque-les-installations-nucleaires-iraniennes-le-conflit-degenere.jpg\" alt=\"\" width=\"300\" height=\"200\"  ><\/p>\n<p class=\"wp-caption-text\">13.06.2025, Isra\u00ebl, -: Cette photo montre le chef de l&rsquo;arm\u00e9e isra\u00e9lienne Eyal Zamir (M), qui surveille les cadres de FDI contre l&rsquo;Iran dans l&rsquo;espace de situation de l&rsquo;arm\u00e9e de l&rsquo;air isra\u00e9lienne en Isra\u00ebl. Photo: idf \/ xinhua \/ dpa<\/p>\n<\/div>\n<p><strong>&#8211; \u00ab\u00a0Haved the Heart of the Nuclear Weapons Program\u00a0\u00bb:<\/strong> Le Premier ministre isra\u00e9lien Benjamin Netanyahu a parl\u00e9 d&rsquo;une \u00ab\u00a0ouverture tr\u00e8s r\u00e9ussie\u00a0\u00bb. Ce faisant, le leadership iranien du commandement et les scientifiques qui ont travaill\u00e9 sur le d\u00e9veloppement d&rsquo;armes nucl\u00e9aires ont \u00e9t\u00e9 pris. De plus, les installations nucl\u00e9aires ont \u00e9t\u00e9 touch\u00e9es, a-t-il d\u00e9clar\u00e9 dans une vid\u00e9o. La chirurgie militaire a \u00e9t\u00e9 lanc\u00e9e \u00ab\u00a0pour repousser la menace iranienne \u00e0 la survie d&rsquo;Isra\u00ebl\u00a0\u00bb, a-t-il d\u00e9clar\u00e9 dans un discours vid\u00e9o pendant la nuit.<\/p>\n<p>\u00ab\u00a0Nous avons rencontr\u00e9 le c\u0153ur du programme iranien pour la production d&rsquo;armes nucl\u00e9aires\u00a0\u00bb, a d\u00e9clar\u00e9 Netanyahu. Selon l&rsquo;International Atomic Energy Agency (IAEA), le syst\u00e8me d&rsquo;enrichissement en uranium \u00e0 Natans, l&rsquo;une des installations d&rsquo;Atern les plus importantes en Iran, a \u00e9t\u00e9 l&rsquo;un des objectifs des attaques isra\u00e9liennes.<\/p>\n<p>La situation est \u00ab\u00a0extr\u00eamement inqui\u00e9tante\u00a0\u00bb, a \u00e9crit le patron de l&rsquo;AIEA, Rafael Grossi, sur la plate-forme X. Son autorit\u00e9 est en contact avec les autorit\u00e9s iraniennes pour clarifier les valeurs de rayonnement actuelles. Rauch se leva dans l&rsquo;installation du centre du pays, comme l&rsquo;a rapport\u00e9 la t\u00e9l\u00e9vision d&rsquo;\u00c9tat.<\/p>\n<p><strong>&#8211; \u00ab\u00a0Les attaques devraient continuer\u00a0\u00bb:<\/strong> Ces derni\u00e8res ann\u00e9es, l&rsquo;Iran a produit suffisamment d&rsquo;uranium de haut niveau pour neuf bombes atomiques, a d\u00e9clar\u00e9 Netanyahu. \u00ab\u00a0Cette op\u00e9ration durera autant de jours que n\u00e9cessaire pour \u00e9liminer cette menace\u00a0\u00bb, a-t-il annonc\u00e9. \u00c0 l&rsquo;aube, la capitale de l&rsquo;Iran, T\u00e9h\u00e9ran a \u00e9t\u00e9 \u00e9branl\u00e9e par une deuxi\u00e8me vague d&rsquo;explosion.<\/p>\n<div id=\"attachment_417634\" class=\"wp-caption alignleft\" style=\"max-width: 300px\"><img decoding=\"async\" class=\"wp-image-417634 size-medium\" src=\"https:\/\/vieassociative.be\/actualites\/wp-content\/uploads\/2025\/06\/1749802654_473_Israel-attaque-les-installations-nucleaires-iraniennes-le-conflit-degenere.jpg\" alt=\"\" width=\"300\" height=\"200\"  ><\/p>\n<p class=\"wp-caption-text\">13\/06\/2025, Iran, T\u00e9h\u00e9ran: Un pompier est utilis\u00e9 lors d&rsquo;une explosion dans un complexe r\u00e9sidentiel. Photo: Vahid Salemi \/ AP \/ DPA<\/p>\n<\/div>\n<p>Les principaux scientifiques nucl\u00e9aires iraniens ont \u00e9galement \u00e9t\u00e9 cibl\u00e9s, a d\u00e9clar\u00e9 Netanyahu. \u00ab\u00a0Nous avons commenc\u00e9 cette op\u00e9ration parce que le moment est venu &#8211; nous sommes \u00e0 un moment donn\u00e9 sans repentir\u00a0\u00bb, a d\u00e9clar\u00e9 Ejal Zamir, chef de cabinet isra\u00e9lien. \u00ab\u00a0Nous ne pouvons pas nous permettre d&rsquo;attendre une autre fois, nous n&rsquo;avons pas d&rsquo;autre choix.\u00a0\u00bb<\/p>\n<p>L&rsquo;Iran avait menac\u00e9 \u00e0 plusieurs reprises Isra\u00ebl d&rsquo;une annihilation. L&rsquo;\u00c9tat juif est menac\u00e9 par le programme nucl\u00e9aire iranien.<\/p>\n<p><strong>&#8211; USA \u00ab\u00a0Non impliqu\u00e9 dans les attaques\u00a0\u00bb:<\/strong> Selon le gouvernement de Washington, les \u00c9tats-Unis ne sont pas impliqu\u00e9s dans les attaques d&rsquo;Isra\u00ebl. Le pr\u00e9sident am\u00e9ricain Donald Trump veut discuter avec son Conseil de la s\u00e9curit\u00e9 nationale aujourd&rsquo;hui et esp\u00e8re n\u00e9gocier un retour malgr\u00e9 l&rsquo;attaque isra\u00e9lienne majeure. \u00ab\u00a0L&rsquo;Iran ne doit pas avoir de bombe atomique et nous esp\u00e9rons retourner \u00e0 la table de n\u00e9gociation. Nous verrons\u00a0\u00bb, a d\u00e9clar\u00e9 Trump \u00e0 Fox News. Dans le cas des repr\u00e9sailles iraniennes, les \u00c9tats-Unis sont pr\u00eats \u00e0 se d\u00e9fendre et Isra\u00ebl.<\/p>\n<p>Trump avait averti l&rsquo;Iran plusieurs fois ces derniers mois qu&rsquo;une op\u00e9ration militaire pouvait se produire sans accord dans le litige nucl\u00e9aire. Il devrait y avoir \u00e0 nouveau des discussions dimanche &#8211; mais c&rsquo;\u00e9tait le stand avant l&rsquo;attaque d&rsquo;Isra\u00ebl. En cas d&rsquo;\u00e9chec des pourparlers, Trump avait menac\u00e9 \u00e0 plusieurs reprises l&rsquo;Iran de coups militaires.<\/p>\n<p>Jeudi apr\u00e8s-midi, Trump a d\u00e9clar\u00e9 qu&rsquo;un accord avec T\u00e9h\u00e9ran \u00e9tait tr\u00e8s proche. Tant qu&rsquo;il croit qu&rsquo;il y aura un accord, il a rejet\u00e9 une attaque isra\u00e9lienne, a-t-il dit lors d&rsquo;une apparition \u00e0 la Maison Blanche &#8211; environ huit heures avant que l&rsquo;attaque isra\u00e9lienne ne soit connue.<\/p>\n<p>Auparavant, les \u00c9tats-Unis, en tant qu&rsquo;alli\u00e9 le plus important d&rsquo;Isra\u00ebl, avaient provoqu\u00e9 une r\u00e9duction de l&rsquo;Irak pour r\u00e9duire son personnel de l&rsquo;ambassade en Irak pour des raisons de s\u00e9curit\u00e9. On craignait que la gestion de la R\u00e9publique islamique en cas d&rsquo;attaque isra\u00e9lienne puisse ordonner des repr\u00e9sailles contre les bases am\u00e9ricaines dans la r\u00e9gion.<\/p>\n<div id=\"attachment_417637\" class=\"wp-caption alignleft\" style=\"max-width: 300px\"><img decoding=\"async\" class=\"wp-image-417637 size-medium\" src=\"https:\/\/vieassociative.be\/actualites\/wp-content\/uploads\/2025\/06\/1749802654_301_Israel-attaque-les-installations-nucleaires-iraniennes-le-conflit-degenere.jpg\" alt=\"\" width=\"300\" height=\"204\"><\/p>\n<p class=\"wp-caption-text\">24.01.2025, Iran, Natanz: Cette image satellite fournie par Maxar Technologies montre le syst\u00e8me nucl\u00e9aire Natanz en Iran le 24 janvier 2025. Photo: non cr\u00e9dit\u00e9 \/ Maxar Technologies \/ AP \/ DPA<\/p>\n<\/div>\n<p><strong>&#8211; L&rsquo;Iran menace \u00e9galement les \u00c9tats-Unis avec des cons\u00e9quences:<\/strong> Le minist\u00e8re iranien des Affaires \u00e9trang\u00e8res a tranch\u00e9 l&rsquo;attaque isra\u00e9lienne. Il repr\u00e9sente une violation claire de la charte des Nations Unies, a-t-il d\u00e9clar\u00e9 dans une explication. Les actions d&rsquo;Isra\u00ebl n&rsquo;auraient pas pu avoir lieu sans coordination et approbation des \u00c9tats-Unis, a indiqu\u00e9 le minist\u00e8re. Par cons\u00e9quent, le gouvernement am\u00e9ricain en tant que principal partisan d&rsquo;Isra\u00ebl est conjointement responsable des cons\u00e9quences.<\/p>\n<p>Le secr\u00e9taire d&rsquo;\u00c9tat am\u00e9ricain Marco Rubio a averti dans un communiqu\u00e9 de presse \u00e0 T\u00e9h\u00e9ran: \u00ab\u00a0Permettez-moi d&rsquo;\u00eatre clair: l&rsquo;Iran ne devrait pas attaquer les institutions am\u00e9ricaines ou le personnel am\u00e9ricain.\u00a0\u00bb<\/p>\n<p>La direction politique de l&rsquo;Iran affirme \u00e0 plusieurs reprises qu&rsquo;elle ne veut pas viser les armes et veut utiliser les syst\u00e8mes nucl\u00e9aires \u00e0 des fins civiles. Cependant, l&rsquo;Agence internationale de l&rsquo;\u00e9nergie atomique (AIEA) et de nombreux \u00c9tats craignent que T\u00e9h\u00e9ran se rapproche de plus en plus du point de pouvoir produire de telles armes nucl\u00e9aires. Parce que l&rsquo;Iran est le seul \u00c9tat sans nucl\u00e9aire \u00e0 produire de l&rsquo;uranium avec une puret\u00e9 presque compatible sur les armes \u00e0 feu.<\/p>\n<p>Cette semaine, le comit\u00e9 directeur de l&rsquo;AIEA avait \u00e9galement officiellement trouv\u00e9 dans une r\u00e9solution que T\u00e9h\u00e9ran avait viol\u00e9 son obligation de divulguer tout son programme nucl\u00e9aire. Dans la r\u00e9solution, qui a \u00e9t\u00e9 adopt\u00e9e au Conseil du gouverneur de l&rsquo;IAEA, le Conseil de s\u00e9curit\u00e9 des Nations Unies a \u00e9galement \u00e9t\u00e9 menac\u00e9 d&rsquo;impliquer le Conseil de s\u00e9curit\u00e9 des Nations Unies. (DPA)<\/p>\n","protected":false},"excerpt":{"rendered":"<p>Le conflit sur le programme nucl\u00e9aire iranien d\u00e9g\u00e9n\u00e8re. L&rsquo;arm\u00e9e isra\u00e9lienne attaque massivement l&rsquo;ennemi de l&rsquo;arc, y compris ses installations nucl\u00e9aires. Les cons\u00e9quences sont impr\u00e9visibles. Isra\u00ebl<\/p>\n","protected":false},"author":1,"featured_media":8160,"comment_status":"","ping_status":"","sticky":false,"template":"","format":"standard","meta":{"footnotes":""},"categories":[298],"tags":[4163,7397,7398,6699,7396,3004,14,5479],"class_list":["post-8159","post","type-post","status-publish","format-standard","has-post-thumbnail","hentry","category-belgique","tag-attaque","tag-conflit","tag-degenere","tag-installations","tag-iraniennes","tag-israel","tag-les","tag-nucleaires","generate-columns","tablet-grid-50","mobile-grid-100","grid-parent","grid-33"],"yoast_head":"<!-- This site is optimized with the Yoast SEO plugin v24.0 - https:\/\/yoast.com\/wordpress\/plugins\/seo\/ -->\n<title>Isra\u00ebl attaque les installations nucl\u00e9aires iraniennes - le conflit d\u00e9g\u00e9n\u00e8re | Vie Associative<\/title>\n<meta name=\"robots\" content=\"index, follow, max-snippet:-1, max-image-preview:large, max-video-preview:-1\" \/>\n<link rel=\"canonical\" href=\"https:\/\/vieassociative.be\/actualites\/israel-attaque-les-installations-nucleaires-iraniennes-le-conflit-degenere\/\" \/>\n<meta property=\"og:locale\" content=\"fr_FR\" \/>\n<meta property=\"og:type\" content=\"article\" \/>\n<meta property=\"og:title\" content=\"Isra\u00ebl attaque les installations nucl\u00e9aires iraniennes - le conflit d\u00e9g\u00e9n\u00e8re | Vie Associative\" \/>\n<meta property=\"og:description\" content=\"Le conflit sur le programme nucl\u00e9aire iranien d\u00e9g\u00e9n\u00e8re. L&rsquo;arm\u00e9e isra\u00e9lienne attaque massivement l&rsquo;ennemi de l&rsquo;arc, y compris ses installations nucl\u00e9aires. Les cons\u00e9quences sont impr\u00e9visibles. Isra\u00ebl\" \/>\n<meta property=\"og:url\" content=\"https:\/\/vieassociative.be\/actualites\/israel-attaque-les-installations-nucleaires-iraniennes-le-conflit-degenere\/\" \/>\n<meta property=\"og:site_name\" content=\"Vie Associative\" \/>\n<meta property=\"article:published_time\" content=\"2025-06-13T08:17:34+00:00\" \/>\n<meta property=\"og:image\" content=\"https:\/\/vieassociative.be\/actualites\/wp-content\/uploads\/2024\/09\/header_backgroundk-01-e1726694325946.png\" \/>\n\t<meta property=\"og:image:width\" content=\"279\" \/>\n\t<meta property=\"og:image:height\" content=\"92\" \/>\n\t<meta property=\"og:image:type\" content=\"image\/png\" \/>\n<meta name=\"author\" content=\"Julien\" \/>\n<meta name=\"twitter:card\" content=\"summary_large_image\" \/>\n<meta name=\"twitter:label1\" content=\"\u00c9crit par\" \/>\n\t<meta name=\"twitter:data1\" content=\"Julien\" \/>\n\t<meta name=\"twitter:label2\" content=\"Dur\u00e9e de lecture est.\" \/>\n\t<meta name=\"twitter:data2\" content=\"6 minutes\" \/>\n<script type=\"application\/ld+json\" class=\"yoast-schema-graph\">{\"@context\":\"https:\/\/schema.org\",\"@graph\":[{\"@type\":\"Article\",\"@id\":\"https:\/\/vieassociative.be\/actualites\/israel-attaque-les-installations-nucleaires-iraniennes-le-conflit-degenere\/#article\",\"isPartOf\":{\"@id\":\"https:\/\/vieassociative.be\/actualites\/israel-attaque-les-installations-nucleaires-iraniennes-le-conflit-degenere\/\"},\"author\":{\"name\":\"Julien\",\"@id\":\"https:\/\/vieassociative.be\/actualites\/#\/schema\/person\/b87ac4f82f9d4e7b7cec7395b679edc4\"},\"headline\":\"Isra\u00ebl attaque les installations nucl\u00e9aires iraniennes &#8211; le conflit d\u00e9g\u00e9n\u00e8re\",\"datePublished\":\"2025-06-13T08:17:34+00:00\",\"dateModified\":\"2025-06-13T08:17:34+00:00\",\"mainEntityOfPage\":{\"@id\":\"https:\/\/vieassociative.be\/actualites\/israel-attaque-les-installations-nucleaires-iraniennes-le-conflit-degenere\/\"},\"wordCount\":1281,\"publisher\":{\"@id\":\"https:\/\/vieassociative.be\/actualites\/#organization\"},\"image\":{\"@id\":\"https:\/\/vieassociative.be\/actualites\/israel-attaque-les-installations-nucleaires-iraniennes-le-conflit-degenere\/#primaryimage\"},\"thumbnailUrl\":\"https:\/\/vieassociative.be\/actualites\/wp-content\/uploads\/2025\/06\/1749802654_Israel-attaque-les-installations-nucleaires-iraniennes-le-conflit-degenere.jpg\",\"keywords\":[\"Attaque\",\"conflit\",\"d\u00e9g\u00e9n\u00e8re\",\"installations\",\"iraniennes\",\"Isra\u00ebl\",\"Les\",\"nucl\u00e9aires\"],\"articleSection\":[\"Belgique\"],\"inLanguage\":\"fr-BE\"},{\"@type\":\"WebPage\",\"@id\":\"https:\/\/vieassociative.be\/actualites\/israel-attaque-les-installations-nucleaires-iraniennes-le-conflit-degenere\/\",\"url\":\"https:\/\/vieassociative.be\/actualites\/israel-attaque-les-installations-nucleaires-iraniennes-le-conflit-degenere\/\",\"name\":\"Isra\u00ebl attaque les installations nucl\u00e9aires iraniennes - le conflit d\u00e9g\u00e9n\u00e8re | Vie Associative\",\"isPartOf\":{\"@id\":\"https:\/\/vieassociative.be\/actualites\/#website\"},\"primaryImageOfPage\":{\"@id\":\"https:\/\/vieassociative.be\/actualites\/israel-attaque-les-installations-nucleaires-iraniennes-le-conflit-degenere\/#primaryimage\"},\"image\":{\"@id\":\"https:\/\/vieassociative.be\/actualites\/israel-attaque-les-installations-nucleaires-iraniennes-le-conflit-degenere\/#primaryimage\"},\"thumbnailUrl\":\"https:\/\/vieassociative.be\/actualites\/wp-content\/uploads\/2025\/06\/1749802654_Israel-attaque-les-installations-nucleaires-iraniennes-le-conflit-degenere.jpg\",\"datePublished\":\"2025-06-13T08:17:34+00:00\",\"dateModified\":\"2025-06-13T08:17:34+00:00\",\"breadcrumb\":{\"@id\":\"https:\/\/vieassociative.be\/actualites\/israel-attaque-les-installations-nucleaires-iraniennes-le-conflit-degenere\/#breadcrumb\"},\"inLanguage\":\"fr-BE\",\"potentialAction\":[{\"@type\":\"ReadAction\",\"target\":[\"https:\/\/vieassociative.be\/actualites\/israel-attaque-les-installations-nucleaires-iraniennes-le-conflit-degenere\/\"]}]},{\"@type\":\"ImageObject\",\"inLanguage\":\"fr-BE\",\"@id\":\"https:\/\/vieassociative.be\/actualites\/israel-attaque-les-installations-nucleaires-iraniennes-le-conflit-degenere\/#primaryimage\",\"url\":\"https:\/\/vieassociative.be\/actualites\/wp-content\/uploads\/2025\/06\/1749802654_Israel-attaque-les-installations-nucleaires-iraniennes-le-conflit-degenere.jpg\",\"contentUrl\":\"https:\/\/vieassociative.be\/actualites\/wp-content\/uploads\/2025\/06\/1749802654_Israel-attaque-les-installations-nucleaires-iraniennes-le-conflit-degenere.jpg\",\"width\":1200,\"height\":554,\"caption\":\"Isra\u00ebl attaque les installations nucl\u00e9aires iraniennes - le conflit d\u00e9g\u00e9n\u00e8re\"},{\"@type\":\"BreadcrumbList\",\"@id\":\"https:\/\/vieassociative.be\/actualites\/israel-attaque-les-installations-nucleaires-iraniennes-le-conflit-degenere\/#breadcrumb\",\"itemListElement\":[{\"@type\":\"ListItem\",\"position\":1,\"name\":\"Accueil\",\"item\":\"https:\/\/vieassociative.be\/actualites\/\"},{\"@type\":\"ListItem\",\"position\":2,\"name\":\"Isra\u00ebl attaque les installations nucl\u00e9aires iraniennes &#8211; le conflit d\u00e9g\u00e9n\u00e8re\"}]},{\"@type\":\"WebSite\",\"@id\":\"https:\/\/vieassociative.be\/actualites\/#website\",\"url\":\"https:\/\/vieassociative.be\/actualites\/\",\"name\":\"Vie Associative\",\"description\":\"\",\"publisher\":{\"@id\":\"https:\/\/vieassociative.be\/actualites\/#organization\"},\"potentialAction\":[{\"@type\":\"SearchAction\",\"target\":{\"@type\":\"EntryPoint\",\"urlTemplate\":\"https:\/\/vieassociative.be\/actualites\/?s={search_term_string}\"},\"query-input\":{\"@type\":\"PropertyValueSpecification\",\"valueRequired\":true,\"valueName\":\"search_term_string\"}}],\"inLanguage\":\"fr-BE\"},{\"@type\":\"Organization\",\"@id\":\"https:\/\/vieassociative.be\/actualites\/#organization\",\"name\":\"Vie Associative\",\"url\":\"https:\/\/vieassociative.be\/actualites\/\",\"logo\":{\"@type\":\"ImageObject\",\"inLanguage\":\"fr-BE\",\"@id\":\"https:\/\/vieassociative.be\/actualites\/#\/schema\/logo\/image\/\",\"url\":\"https:\/\/vieassociative.be\/actualites\/wp-content\/uploads\/2024\/09\/cropped-vieassociative_favicon.ico.png\",\"contentUrl\":\"https:\/\/vieassociative.be\/actualites\/wp-content\/uploads\/2024\/09\/cropped-vieassociative_favicon.ico.png\",\"width\":512,\"height\":512,\"caption\":\"Vie Associative\"},\"image\":{\"@id\":\"https:\/\/vieassociative.be\/actualites\/#\/schema\/logo\/image\/\"}},{\"@type\":\"Person\",\"@id\":\"https:\/\/vieassociative.be\/actualites\/#\/schema\/person\/b87ac4f82f9d4e7b7cec7395b679edc4\",\"name\":\"Julien\",\"image\":{\"@type\":\"ImageObject\",\"inLanguage\":\"fr-BE\",\"@id\":\"https:\/\/vieassociative.be\/actualites\/#\/schema\/person\/image\/\",\"url\":\"https:\/\/vieassociative.be\/actualites\/wp-content\/uploads\/2024\/09\/vie-associative-1-150x150.jpg\",\"contentUrl\":\"https:\/\/vieassociative.be\/actualites\/wp-content\/uploads\/2024\/09\/vie-associative-1-150x150.jpg\",\"caption\":\"Julien\"},\"description\":\"Je suis Julien, r\u00e9dacteur pour Vie Associative. Passionn\u00e9 par le monde associatif depuis plus de 10 ans, j'ai \u00e0 c\u0153ur de partager des histoires inspirantes et de mettre en lumi\u00e8re les initiatives locales. Mon objectif est de sensibiliser et d'encourager l'engagement communautaire \u00e0 travers mes articles.\",\"sameAs\":[\"https:\/\/vieassociative.be\/\"]}]}<\/script>\n<!-- \/ Yoast SEO plugin. -->","yoast_head_json":{"title":"Isra\u00ebl attaque les installations nucl\u00e9aires iraniennes - le conflit d\u00e9g\u00e9n\u00e8re | Vie Associative","robots":{"index":"index","follow":"follow","max-snippet":"max-snippet:-1","max-image-preview":"max-image-preview:large","max-video-preview":"max-video-preview:-1"},"canonical":"https:\/\/vieassociative.be\/actualites\/israel-attaque-les-installations-nucleaires-iraniennes-le-conflit-degenere\/","og_locale":"fr_FR","og_type":"article","og_title":"Isra\u00ebl attaque les installations nucl\u00e9aires iraniennes - le conflit d\u00e9g\u00e9n\u00e8re | Vie Associative","og_description":"Le conflit sur le programme nucl\u00e9aire iranien d\u00e9g\u00e9n\u00e8re. L&rsquo;arm\u00e9e isra\u00e9lienne attaque massivement l&rsquo;ennemi de l&rsquo;arc, y compris ses installations nucl\u00e9aires. Les cons\u00e9quences sont impr\u00e9visibles. Isra\u00ebl","og_url":"https:\/\/vieassociative.be\/actualites\/israel-attaque-les-installations-nucleaires-iraniennes-le-conflit-degenere\/","og_site_name":"Vie Associative","article_published_time":"2025-06-13T08:17:34+00:00","og_image":[{"width":279,"height":92,"url":"https:\/\/vieassociative.be\/actualites\/wp-content\/uploads\/2024\/09\/header_backgroundk-01-e1726694325946.png","type":"image\/png"}],"author":"Julien","twitter_card":"summary_large_image","twitter_misc":{"\u00c9crit par":"Julien","Dur\u00e9e de lecture est.":"6 minutes"},"schema":{"@context":"https:\/\/schema.org","@graph":[{"@type":"Article","@id":"https:\/\/vieassociative.be\/actualites\/israel-attaque-les-installations-nucleaires-iraniennes-le-conflit-degenere\/#article","isPartOf":{"@id":"https:\/\/vieassociative.be\/actualites\/israel-attaque-les-installations-nucleaires-iraniennes-le-conflit-degenere\/"},"author":{"name":"Julien","@id":"https:\/\/vieassociative.be\/actualites\/#\/schema\/person\/b87ac4f82f9d4e7b7cec7395b679edc4"},"headline":"Isra\u00ebl attaque les installations nucl\u00e9aires iraniennes &#8211; le conflit d\u00e9g\u00e9n\u00e8re","datePublished":"2025-06-13T08:17:34+00:00","dateModified":"2025-06-13T08:17:34+00:00","mainEntityOfPage":{"@id":"https:\/\/vieassociative.be\/actualites\/israel-attaque-les-installations-nucleaires-iraniennes-le-conflit-degenere\/"},"wordCount":1281,"publisher":{"@id":"https:\/\/vieassociative.be\/actualites\/#organization"},"image":{"@id":"https:\/\/vieassociative.be\/actualites\/israel-attaque-les-installations-nucleaires-iraniennes-le-conflit-degenere\/#primaryimage"},"thumbnailUrl":"https:\/\/vieassociative.be\/actualites\/wp-content\/uploads\/2025\/06\/1749802654_Israel-attaque-les-installations-nucleaires-iraniennes-le-conflit-degenere.jpg","keywords":["Attaque","conflit","d\u00e9g\u00e9n\u00e8re","installations","iraniennes","Isra\u00ebl","Les","nucl\u00e9aires"],"articleSection":["Belgique"],"inLanguage":"fr-BE"},{"@type":"WebPage","@id":"https:\/\/vieassociative.be\/actualites\/israel-attaque-les-installations-nucleaires-iraniennes-le-conflit-degenere\/","url":"https:\/\/vieassociative.be\/actualites\/israel-attaque-les-installations-nucleaires-iraniennes-le-conflit-degenere\/","name":"Isra\u00ebl attaque les installations nucl\u00e9aires iraniennes - le conflit d\u00e9g\u00e9n\u00e8re | Vie Associative","isPartOf":{"@id":"https:\/\/vieassociative.be\/actualites\/#website"},"primaryImageOfPage":{"@id":"https:\/\/vieassociative.be\/actualites\/israel-attaque-les-installations-nucleaires-iraniennes-le-conflit-degenere\/#primaryimage"},"image":{"@id":"https:\/\/vieassociative.be\/actualites\/israel-attaque-les-installations-nucleaires-iraniennes-le-conflit-degenere\/#primaryimage"},"thumbnailUrl":"https:\/\/vieassociative.be\/actualites\/wp-content\/uploads\/2025\/06\/1749802654_Israel-attaque-les-installations-nucleaires-iraniennes-le-conflit-degenere.jpg","datePublished":"2025-06-13T08:17:34+00:00","dateModified":"2025-06-13T08:17:34+00:00","breadcrumb":{"@id":"https:\/\/vieassociative.be\/actualites\/israel-attaque-les-installations-nucleaires-iraniennes-le-conflit-degenere\/#breadcrumb"},"inLanguage":"fr-BE","potentialAction":[{"@type":"ReadAction","target":["https:\/\/vieassociative.be\/actualites\/israel-attaque-les-installations-nucleaires-iraniennes-le-conflit-degenere\/"]}]},{"@type":"ImageObject","inLanguage":"fr-BE","@id":"https:\/\/vieassociative.be\/actualites\/israel-attaque-les-installations-nucleaires-iraniennes-le-conflit-degenere\/#primaryimage","url":"https:\/\/vieassociative.be\/actualites\/wp-content\/uploads\/2025\/06\/1749802654_Israel-attaque-les-installations-nucleaires-iraniennes-le-conflit-degenere.jpg","contentUrl":"https:\/\/vieassociative.be\/actualites\/wp-content\/uploads\/2025\/06\/1749802654_Israel-attaque-les-installations-nucleaires-iraniennes-le-conflit-degenere.jpg","width":1200,"height":554,"caption":"Isra\u00ebl attaque les installations nucl\u00e9aires iraniennes - le conflit d\u00e9g\u00e9n\u00e8re"},{"@type":"BreadcrumbList","@id":"https:\/\/vieassociative.be\/actualites\/israel-attaque-les-installations-nucleaires-iraniennes-le-conflit-degenere\/#breadcrumb","itemListElement":[{"@type":"ListItem","position":1,"name":"Accueil","item":"https:\/\/vieassociative.be\/actualites\/"},{"@type":"ListItem","position":2,"name":"Isra\u00ebl attaque les installations nucl\u00e9aires iraniennes &#8211; le conflit d\u00e9g\u00e9n\u00e8re"}]},{"@type":"WebSite","@id":"https:\/\/vieassociative.be\/actualites\/#website","url":"https:\/\/vieassociative.be\/actualites\/","name":"Vie Associative","description":"","publisher":{"@id":"https:\/\/vieassociative.be\/actualites\/#organization"},"potentialAction":[{"@type":"SearchAction","target":{"@type":"EntryPoint","urlTemplate":"https:\/\/vieassociative.be\/actualites\/?s={search_term_string}"},"query-input":{"@type":"PropertyValueSpecification","valueRequired":true,"valueName":"search_term_string"}}],"inLanguage":"fr-BE"},{"@type":"Organization","@id":"https:\/\/vieassociative.be\/actualites\/#organization","name":"Vie Associative","url":"https:\/\/vieassociative.be\/actualites\/","logo":{"@type":"ImageObject","inLanguage":"fr-BE","@id":"https:\/\/vieassociative.be\/actualites\/#\/schema\/logo\/image\/","url":"https:\/\/vieassociative.be\/actualites\/wp-content\/uploads\/2024\/09\/cropped-vieassociative_favicon.ico.png","contentUrl":"https:\/\/vieassociative.be\/actualites\/wp-content\/uploads\/2024\/09\/cropped-vieassociative_favicon.ico.png","width":512,"height":512,"caption":"Vie Associative"},"image":{"@id":"https:\/\/vieassociative.be\/actualites\/#\/schema\/logo\/image\/"}},{"@type":"Person","@id":"https:\/\/vieassociative.be\/actualites\/#\/schema\/person\/b87ac4f82f9d4e7b7cec7395b679edc4","name":"Julien","image":{"@type":"ImageObject","inLanguage":"fr-BE","@id":"https:\/\/vieassociative.be\/actualites\/#\/schema\/person\/image\/","url":"https:\/\/vieassociative.be\/actualites\/wp-content\/uploads\/2024\/09\/vie-associative-1-150x150.jpg","contentUrl":"https:\/\/vieassociative.be\/actualites\/wp-content\/uploads\/2024\/09\/vie-associative-1-150x150.jpg","caption":"Julien"},"description":"Je suis Julien, r\u00e9dacteur pour Vie Associative. Passionn\u00e9 par le monde associatif depuis plus de 10 ans, j'ai \u00e0 c\u0153ur de partager des histoires inspirantes et de mettre en lumi\u00e8re les initiatives locales. Mon objectif est de sensibiliser et d'encourager l'engagement communautaire \u00e0 travers mes articles.","sameAs":["https:\/\/vieassociative.be\/"]}]}},"_links":{"self":[{"href":"https:\/\/vieassociative.be\/actualites\/wp-json\/wp\/v2\/posts\/8159"}],"collection":[{"href":"https:\/\/vieassociative.be\/actualites\/wp-json\/wp\/v2\/posts"}],"about":[{"href":"https:\/\/vieassociative.be\/actualites\/wp-json\/wp\/v2\/types\/post"}],"author":[{"embeddable":true,"href":"https:\/\/vieassociative.be\/actualites\/wp-json\/wp\/v2\/users\/1"}],"replies":[{"embeddable":true,"href":"https:\/\/vieassociative.be\/actualites\/wp-json\/wp\/v2\/comments?post=8159"}],"version-history":[{"count":0,"href":"https:\/\/vieassociative.be\/actualites\/wp-json\/wp\/v2\/posts\/8159\/revisions"}],"wp:featuredmedia":[{"embeddable":true,"href":"https:\/\/vieassociative.be\/actualites\/wp-json\/wp\/v2\/media\/8160"}],"wp:attachment":[{"href":"https:\/\/vieassociative.be\/actualites\/wp-json\/wp\/v2\/media?parent=8159"}],"wp:term":[{"taxonomy":"category","embeddable":true,"href":"https:\/\/vieassociative.be\/actualites\/wp-json\/wp\/v2\/categories?post=8159"},{"taxonomy":"post_tag","embeddable":true,"href":"https:\/\/vieassociative.be\/actualites\/wp-json\/wp\/v2\/tags?post=8159"}],"curies":[{"name":"wp","href":"https:\/\/api.w.org\/{rel}","templated":true}]}}