{"id":8157,"date":"2025-06-13T09:19:29","date_gmt":"2025-06-13T07:19:29","guid":{"rendered":"https:\/\/vieassociative.be\/actualites\/ce-sont-les-deux-seules-facons-de-garder-les-moustiques\/"},"modified":"2025-06-13T09:19:29","modified_gmt":"2025-06-13T07:19:29","slug":"ce-sont-les-deux-seules-facons-de-garder-les-moustiques","status":"publish","type":"post","link":"https:\/\/vieassociative.be\/actualites\/ce-sont-les-deux-seules-facons-de-garder-les-moustiques\/","title":{"rendered":"Ce sont les deux seules fa\u00e7ons de garder les moustiques"},"content":{"rendered":"<div class=\"mt-4 leading-6 md:mb-8\">Les bougies de citronnelle vous mentent et elles devraient se sentir mal.<\/div>\n<p><\/p>\n<p>Nous d\u00e9testons les moustiques, et donc les entreprises font beaucoup de choses anti-moustiques: bougies, bracelets, sprays chimiques et \u00e0 base de plantes &#8211; m\u00eame des appareils \u00e9lectroniques. Mais si vous voulez garder les moustiques de votre peau nue cet \u00e9t\u00e9, vous avez vraiment besoin de deux choses: un insectifuge et un ventilateur. <\/p>\n<p>Les nombreuses alternatives ne fonctionnent pas ou ne valent pas votre temps. Les bougies de citronnelle ne sont pas beaucoup plus efficaces que les bougies ordinaires, ce qui, comme vous pouvez le deviner, ne fait pas grand-chose pour \u00e9loigner les moustiques. Ces zappeurs de bug lumineux ne sont pas utiles, car les moustiques ne se soucient pas de la lumi\u00e8re. Les bracelets ne gardent que les moustiques de vos poignets, donc \u00e0 moins que vous ne les tissez dans une combinaison compl\u00e8te, ils ne sont pas beaucoup d&rsquo;aide. Vous avez l&rsquo;id\u00e9e. J&rsquo;ai explor\u00e9 ces v\u00e9rit\u00e9s d\u00e9cevantes plus en profondeur ici.<\/p>\n<p>Alors quoi <em>fait<\/em> travail? Deux choses, un produit chimique et un non, que je vais expliquer ci-dessous. Il convient \u00e9galement de mentionner que vous devez vous assurer que votre cour n&rsquo;est pas un paradis de reproduction de moustiques. D\u00e9chargez ou prenez des mesures pour s\u00e9cher leurs lieux de reproduction (comme des seaux et des flaques d&rsquo;eau) et envisagez d&rsquo;installer un pi\u00e8ge \u00ab\u00a0seau de destin\u00a0\u00bb. Mais quand il s&rsquo;agit de ce soir-l\u00e0, o\u00f9 vous souhaitez passer du temps sur votre porche et avoir besoin de contr\u00f4ler la population de moustiques d\u00e8s que possible, voici les deux choses \u00e0 faire: <\/p>\n<h2 id=\"get-a-bug-spray-that-actually-works-on-mosquitoes\">Obtenez un spray d&rsquo;insectes qui fonctionne r\u00e9ellement sur les moustiques<\/h2>\n<p>Tout d&rsquo;abord, un insectifuge. Je sais, tu es choqu\u00e9. Deet fonctionne vraiment, tout comme la picaridine et l&rsquo;huile d&rsquo;eucalyptus citron. Si un spray r\u00e9pulsif de moustiques (en particulier un \u00abnaturel\u00bb) n&rsquo;a pas l&rsquo;un de ces ingr\u00e9dients, ce n&rsquo;est probablement pas bon. La fa\u00e7on la plus simple de dire quels produits sont l\u00e9gitimes sans m\u00e9moriser une liste? V\u00e9rifiez le dos de l&rsquo;\u00e9tiquette pour un num\u00e9ro d&rsquo;enregistrement de l&rsquo;EPA. <\/p>\n<p>Deet a fait l&rsquo;objet de certains effrayants au cours des d\u00e9cennies pr\u00e9c\u00e9dentes, mais ce n&rsquo;est pas en fait un produit chimique dangereux &#8211; les revues EPA continuent de conclure qu&rsquo;elle est s\u00fbre lorsqu&rsquo;elle est utilis\u00e9e comme indiqu\u00e9. (Ne le mettez pas sur votre nourriture ou dans des plaies ouvertes, par exemple. Mais j&rsquo;esp\u00e8re que vous n&rsquo;allez pas le faire de toute fa\u00e7on.) Mon spray de bogue pr\u00e9f\u00e9r\u00e9 est la skinaisons de coupe, qui ne sent pas aussi m\u00e9chant ou ne vous sentez pas aussi collante que certains des pulv\u00e9risations d&rsquo;insectes les plus traditionnelles. C&rsquo;est 7% de Deet, ce qui est suffisant pour la plupart des d\u00e9lai de jardin et une utilisation occasionnelle, mais vous pouvez acheter des trucs plus forts, par exemple, en camping dans un marais.<\/p>\n<div class=\"pogoClear relative my-10 border-b-(1.5px) border-t-(1.5px) border-dashed border-black py-5 sm:my-14 sm:border-0 sm:py-0\" data-ga-click data-ga-template=\"Hacks\" data-ga-module=\"openweb_widget\" data-ga-element=\"openweb_scroll\" data-ga-item=\"openweb_scroll_midpage\" x-data=\"{\n         commentsCount: null,\n         hasComments: false,\n         async fetchCommentsCount() {\n             try {\n                 if (window.openweb &amp;&amp; typeof window.openweb.getMessagesCount === 'function') {\n                     this.commentsCount = await window.openweb.getMessagesCount('1844224273');\n                     this.hasComments = this.commentsCount !== null &amp;&amp; this.commentsCount &gt; 0;\n                 }\n             } catch (e) {\n                 console.warn('Failed to fetch comment count:', e);\n             }\n         }\n     }\" x-init=\"fetchCommentsCount()\" x-cloak><\/p>\n<div class=\"absolute top-1\/2 hidden w-full -translate-y-1\/2 border-t-(1.5px) border-dashed border-black sm:block\"><\/div>\n<div class=\"relative flex justify-center\">\n<div class=\"flex max-w-fit items-center gap-x-3 bg-white px-5\">\n<div class=\"relative\">\n                <span class=\"absolute left-1\/2 top-1\/2 -translate-x-1\/2 -translate-y-1\/2 font-akshar text-sm font-medium text-black\" aria-live=\"polite\" x-show=\"hasComments\" x-text=\"commentsCount\"><\/span><\/p>\n<p>                <svg class=\"h-8 w-8 text-black\" role=\"img\" aria-hidden=\"true\">\n                    <use href=\"http:\/\/lifehacker.com\/images\/icons\/spritemap.svg#sprite-chat-bubble\"><\/use>\n                <\/svg>\n            <\/div>\n<p>            <span class=\"text-sm font-medium text-black\"><\/p>\n<p>                Que pensez-vous jusqu&rsquo;\u00e0 pr\u00e9sent?<br \/>\n                <button class=\"ml-1 font-semibold text-brand-green underline hover:text-brand-green-700\" type=\"button\" aria-label=\"Comment section trigger\" onclick=\"window.openweb.scrollToComments('1844224273')\" x-text=\"hasComments ? 'Post a comment.' : 'Be the first to post a comment.'\"><\/button><br \/>\n            <\/span>\n        <\/div>\n<\/p><\/div>\n<\/div>\n<div class=\"pogoClear mb-12 mt-10 rounded-md border-2 border-gray-100 py-7 shadow-xl md:py-6\">\n<div class=\"flex flex-wrap justify-between px-7 text-black no-underline md:flex-nowrap md:px-8\">\n<div class=\"order-1 mx-auto flex flex-col justify-center md:order-2 md:ml-4 md:w-full md:grow\">\n<div class=\"block cursor-pointer text-center font-akshar text-2xl font-medium leading-7 text-brand-green duration-200 ease-in-out hover:text-brand-green-700 md:text-left md:text-xl md:leading-6\">Spray de bug de la coupe\n                <\/div>\n<div class=\"mt-4 hidden md:flex md:justify-between\">\n<div class=\"self-end\">\n<div class=\"mb-0 h-11 md:flex md:flex-col md:justify-center\">\n<div class=\" font-sans leading-4 text-black\">\n<div class=\"flex flex-wrap items-center justify-center gap-x-1 md:justify-start\">\n        <span class=\"font-bold\"><\/p>\n<p>            9,97 $<br \/>\n                            <span class=\"font-medium\">\u00e0 Amazon<\/span><br \/>\n                    <\/span>\n            <\/div>\n<\/p><\/div>\n<\/p><\/div>\n<\/p><\/div>\n<div class=\"w-44 self-end\">\n                            <button class=\"flex justify-center items-center w-full bg-brand-green text-white text-base font-sans font-medium rounded-md hover:bg-brand-green-700 hover:cursor-pointer md:text-sm h-11\"><\/p>\n<p>    Conclure un accord<br \/>\n<\/button>\n                        <\/div>\n<\/p><\/div>\n<\/p><\/div>\n<div class=\"order-2 mt-5 h-auto w-full md:order-1 md:mt-0 md:hidden\">\n<div class=\"flex aspect-video items-center justify-center\">\n                                            <img decoding=\"async\" class=\"m-0 max-h-full max-w-full rounded-md\" src=\"https:\/\/vieassociative.be\/actualites\/wp-content\/uploads\/2025\/06\/Ce-sont-les-deux-seules-facons-de-garder-les-moustiques.jpg\" alt=\"Cutter Skinaisons insectifugeuse, r\u00e9pulsif des moustiques, repousse les moustiques, les tiques, les moucherons et les puces, 7% de deet, 7,5 flUCE (pulv\u00e9risation)\" width=\"auto\" height=\"auto\" loading=\"lazy\">\n                                    <\/div>\n<\/p><\/div>\n<div class=\"order-2 ml-2 hidden w-32 shrink-0 items-center md:order-1 md:ml-0 md:flex\">\n<div class=\"flex aspect-video items-center justify-center\">\n                                            <img decoding=\"async\" class=\"m-0 max-h-full max-w-full rounded-md\" src=\"https:\/\/vieassociative.be\/actualites\/wp-content\/uploads\/2025\/06\/Ce-sont-les-deux-seules-facons-de-garder-les-moustiques.jpg\" alt=\"Cutter Skinaisons insectifugeuse, r\u00e9pulsif des moustiques, repousse les moustiques, les tiques, les moucherons et les puces, 7% de deet, 7,5 flUCE (pulv\u00e9risation)\" width=\"auto\" height=\"auto\" loading=\"lazy\">\n                                    <\/div>\n<\/p><\/div>\n<div class=\"order-3 flex grow flex-wrap md:hidden md:grow-0\">\n<div class=\"mt-4 w-full\">\n                        <button class=\"flex justify-center items-center w-full bg-brand-green text-white text-base font-sans font-medium rounded-md hover:bg-brand-green-700 hover:cursor-pointer md:text-sm h-11\"><\/p>\n<p>    Conclure un accord<br \/>\n<\/button>\n                    <\/div>\n<div class=\"mx-2 mt-4 w-full\">\n<div class=\" font-sans leading-4 text-black\">\n<div class=\"flex flex-wrap items-center justify-center gap-x-1 md:justify-start\">\n        <span class=\"font-bold\"><\/p>\n<p>            9,97 $<br \/>\n                            <span class=\"font-medium\">\u00e0 Amazon<\/span><br \/>\n                    <\/span>\n            <\/div>\n<\/p><\/div>\n<\/p><\/div>\n<\/p><\/div>\n<\/p><\/div>\n<\/div>\n<h2 id=\"set-up-a-box-fan\">Configurer un ventilateur<\/h2>\n<p>Deuxi\u00e8mement, un fan. Si vous tra\u00eenez sur le porche et que vous ne voulez rien vaporiser sur vous-m\u00eame &#8211; ou si vous <em>a fait <\/em>Utilisez le spray mais ils volent toujours autour de vous et vous nerveux &#8211; configurez simplement un ventilateur de bo\u00eete. Vous pouvez en obtenir un pour environ 20 dollars dans une quincaillerie, qui est moins que ce que vous d\u00e9penseriez, quoi, quatre bougies de citronnelle principalement inutiles? Les moustiques sont des d\u00e9pliants faibles, c&rsquo;est pourquoi ils vous entourent lorsque l&rsquo;air stagne et soupe. Installez un ventilateur &#8211; ou profitez d&rsquo;une brise naturelle &#8211; et vous les tiendrez \u00e0 distance.<\/p>\n<p>Outre ces strat\u00e9gies efficaces, il y en a quelques autres que je n&rsquo;ai pas mentionn\u00e9es parce qu&rsquo;ils ne sont pas d&rsquo;\u00e9preuves: portez des manches longues et des pantalons si vous pouvez les supporter, et restez \u00e0 l&rsquo;int\u00e9rieur si vous n&rsquo;avez pas besoin de sortir. Je sais, ce ne sont pas amusants. Donc, si vous voulez profiter de vos bi\u00e8res de porche en short et un d\u00e9bardeur, procurez-vous un bogue et branchez un ventilateur.<\/p>\n","protected":false},"excerpt":{"rendered":"<p>Les bougies de citronnelle vous mentent et elles devraient se sentir mal. Nous d\u00e9testons les moustiques, et donc les entreprises font beaucoup de choses anti-moustiques:<\/p>\n","protected":false},"author":1,"featured_media":8158,"comment_status":"","ping_status":"","sticky":false,"template":"","format":"standard","meta":{"footnotes":""},"categories":[38],"tags":[114,119,263,14,2004,7395,18],"class_list":["post-8157","post","type-post","status-publish","format-standard","has-post-thumbnail","hentry","category-sante","tag-deux","tag-facons","tag-garder","tag-les","tag-moustiques","tag-seules","tag-sont","generate-columns","tablet-grid-50","mobile-grid-100","grid-parent","grid-33"],"yoast_head":"<!-- This site is optimized with the Yoast SEO plugin v24.0 - https:\/\/yoast.com\/wordpress\/plugins\/seo\/ -->\n<title>Ce sont les deux seules fa\u00e7ons de garder les moustiques | Vie Associative<\/title>\n<meta name=\"robots\" content=\"index, follow, max-snippet:-1, max-image-preview:large, max-video-preview:-1\" \/>\n<link rel=\"canonical\" href=\"https:\/\/vieassociative.be\/actualites\/ce-sont-les-deux-seules-facons-de-garder-les-moustiques\/\" \/>\n<meta property=\"og:locale\" content=\"fr_FR\" \/>\n<meta property=\"og:type\" content=\"article\" \/>\n<meta property=\"og:title\" content=\"Ce sont les deux seules fa\u00e7ons de garder les moustiques | Vie Associative\" \/>\n<meta property=\"og:description\" content=\"Les bougies de citronnelle vous mentent et elles devraient se sentir mal. Nous d\u00e9testons les moustiques, et donc les entreprises font beaucoup de choses anti-moustiques:\" \/>\n<meta property=\"og:url\" content=\"https:\/\/vieassociative.be\/actualites\/ce-sont-les-deux-seules-facons-de-garder-les-moustiques\/\" \/>\n<meta property=\"og:site_name\" content=\"Vie Associative\" \/>\n<meta property=\"article:published_time\" content=\"2025-06-13T07:19:29+00:00\" \/>\n<meta property=\"og:image\" content=\"https:\/\/vieassociative.be\/actualites\/wp-content\/uploads\/2025\/06\/Ce-sont-les-deux-seules-facons-de-garder-les-moustiques.jpg\" \/>\n<meta name=\"author\" content=\"Julien\" \/>\n<meta name=\"twitter:card\" content=\"summary_large_image\" \/>\n<meta name=\"twitter:label1\" content=\"\u00c9crit par\" \/>\n\t<meta name=\"twitter:data1\" content=\"Julien\" \/>\n\t<meta name=\"twitter:label2\" content=\"Dur\u00e9e de lecture est.\" \/>\n\t<meta name=\"twitter:data2\" content=\"4 minutes\" \/>\n<script type=\"application\/ld+json\" class=\"yoast-schema-graph\">{\"@context\":\"https:\/\/schema.org\",\"@graph\":[{\"@type\":\"Article\",\"@id\":\"https:\/\/vieassociative.be\/actualites\/ce-sont-les-deux-seules-facons-de-garder-les-moustiques\/#article\",\"isPartOf\":{\"@id\":\"https:\/\/vieassociative.be\/actualites\/ce-sont-les-deux-seules-facons-de-garder-les-moustiques\/\"},\"author\":{\"name\":\"Julien\",\"@id\":\"https:\/\/vieassociative.be\/actualites\/#\/schema\/person\/b87ac4f82f9d4e7b7cec7395b679edc4\"},\"headline\":\"Ce sont les deux seules fa\u00e7ons de garder les moustiques\",\"datePublished\":\"2025-06-13T07:19:29+00:00\",\"dateModified\":\"2025-06-13T07:19:29+00:00\",\"mainEntityOfPage\":{\"@id\":\"https:\/\/vieassociative.be\/actualites\/ce-sont-les-deux-seules-facons-de-garder-les-moustiques\/\"},\"wordCount\":745,\"publisher\":{\"@id\":\"https:\/\/vieassociative.be\/actualites\/#organization\"},\"image\":{\"@id\":\"https:\/\/vieassociative.be\/actualites\/ce-sont-les-deux-seules-facons-de-garder-les-moustiques\/#primaryimage\"},\"thumbnailUrl\":\"https:\/\/vieassociative.be\/actualites\/wp-content\/uploads\/2025\/06\/1749799170_Ce-sont-les-deux-seules-facons-de-garder-les-moustiques.jpg\",\"keywords\":[\"deux\",\"fa\u00e7ons\",\"garder\",\"Les\",\"moustiques\",\"seules\",\"sont\"],\"articleSection\":[\"Sant\u00e9\"],\"inLanguage\":\"fr-BE\"},{\"@type\":\"WebPage\",\"@id\":\"https:\/\/vieassociative.be\/actualites\/ce-sont-les-deux-seules-facons-de-garder-les-moustiques\/\",\"url\":\"https:\/\/vieassociative.be\/actualites\/ce-sont-les-deux-seules-facons-de-garder-les-moustiques\/\",\"name\":\"Ce sont les deux seules fa\u00e7ons de garder les moustiques | Vie Associative\",\"isPartOf\":{\"@id\":\"https:\/\/vieassociative.be\/actualites\/#website\"},\"primaryImageOfPage\":{\"@id\":\"https:\/\/vieassociative.be\/actualites\/ce-sont-les-deux-seules-facons-de-garder-les-moustiques\/#primaryimage\"},\"image\":{\"@id\":\"https:\/\/vieassociative.be\/actualites\/ce-sont-les-deux-seules-facons-de-garder-les-moustiques\/#primaryimage\"},\"thumbnailUrl\":\"https:\/\/vieassociative.be\/actualites\/wp-content\/uploads\/2025\/06\/1749799170_Ce-sont-les-deux-seules-facons-de-garder-les-moustiques.jpg\",\"datePublished\":\"2025-06-13T07:19:29+00:00\",\"dateModified\":\"2025-06-13T07:19:29+00:00\",\"breadcrumb\":{\"@id\":\"https:\/\/vieassociative.be\/actualites\/ce-sont-les-deux-seules-facons-de-garder-les-moustiques\/#breadcrumb\"},\"inLanguage\":\"fr-BE\",\"potentialAction\":[{\"@type\":\"ReadAction\",\"target\":[\"https:\/\/vieassociative.be\/actualites\/ce-sont-les-deux-seules-facons-de-garder-les-moustiques\/\"]}]},{\"@type\":\"ImageObject\",\"inLanguage\":\"fr-BE\",\"@id\":\"https:\/\/vieassociative.be\/actualites\/ce-sont-les-deux-seules-facons-de-garder-les-moustiques\/#primaryimage\",\"url\":\"https:\/\/vieassociative.be\/actualites\/wp-content\/uploads\/2025\/06\/1749799170_Ce-sont-les-deux-seules-facons-de-garder-les-moustiques.jpg\",\"contentUrl\":\"https:\/\/vieassociative.be\/actualites\/wp-content\/uploads\/2025\/06\/1749799170_Ce-sont-les-deux-seules-facons-de-garder-les-moustiques.jpg\",\"width\":1200,\"height\":675,\"caption\":\"Ce sont les deux seules fa\u00e7ons de garder les moustiques\"},{\"@type\":\"BreadcrumbList\",\"@id\":\"https:\/\/vieassociative.be\/actualites\/ce-sont-les-deux-seules-facons-de-garder-les-moustiques\/#breadcrumb\",\"itemListElement\":[{\"@type\":\"ListItem\",\"position\":1,\"name\":\"Accueil\",\"item\":\"https:\/\/vieassociative.be\/actualites\/\"},{\"@type\":\"ListItem\",\"position\":2,\"name\":\"Ce sont les deux seules fa\u00e7ons de garder les moustiques\"}]},{\"@type\":\"WebSite\",\"@id\":\"https:\/\/vieassociative.be\/actualites\/#website\",\"url\":\"https:\/\/vieassociative.be\/actualites\/\",\"name\":\"Vie Associative\",\"description\":\"\",\"publisher\":{\"@id\":\"https:\/\/vieassociative.be\/actualites\/#organization\"},\"potentialAction\":[{\"@type\":\"SearchAction\",\"target\":{\"@type\":\"EntryPoint\",\"urlTemplate\":\"https:\/\/vieassociative.be\/actualites\/?s={search_term_string}\"},\"query-input\":{\"@type\":\"PropertyValueSpecification\",\"valueRequired\":true,\"valueName\":\"search_term_string\"}}],\"inLanguage\":\"fr-BE\"},{\"@type\":\"Organization\",\"@id\":\"https:\/\/vieassociative.be\/actualites\/#organization\",\"name\":\"Vie Associative\",\"url\":\"https:\/\/vieassociative.be\/actualites\/\",\"logo\":{\"@type\":\"ImageObject\",\"inLanguage\":\"fr-BE\",\"@id\":\"https:\/\/vieassociative.be\/actualites\/#\/schema\/logo\/image\/\",\"url\":\"https:\/\/vieassociative.be\/actualites\/wp-content\/uploads\/2024\/09\/cropped-vieassociative_favicon.ico.png\",\"contentUrl\":\"https:\/\/vieassociative.be\/actualites\/wp-content\/uploads\/2024\/09\/cropped-vieassociative_favicon.ico.png\",\"width\":512,\"height\":512,\"caption\":\"Vie Associative\"},\"image\":{\"@id\":\"https:\/\/vieassociative.be\/actualites\/#\/schema\/logo\/image\/\"}},{\"@type\":\"Person\",\"@id\":\"https:\/\/vieassociative.be\/actualites\/#\/schema\/person\/b87ac4f82f9d4e7b7cec7395b679edc4\",\"name\":\"Julien\",\"image\":{\"@type\":\"ImageObject\",\"inLanguage\":\"fr-BE\",\"@id\":\"https:\/\/vieassociative.be\/actualites\/#\/schema\/person\/image\/\",\"url\":\"https:\/\/vieassociative.be\/actualites\/wp-content\/uploads\/2024\/09\/vie-associative-1-150x150.jpg\",\"contentUrl\":\"https:\/\/vieassociative.be\/actualites\/wp-content\/uploads\/2024\/09\/vie-associative-1-150x150.jpg\",\"caption\":\"Julien\"},\"description\":\"Je suis Julien, r\u00e9dacteur pour Vie Associative. Passionn\u00e9 par le monde associatif depuis plus de 10 ans, j'ai \u00e0 c\u0153ur de partager des histoires inspirantes et de mettre en lumi\u00e8re les initiatives locales. Mon objectif est de sensibiliser et d'encourager l'engagement communautaire \u00e0 travers mes articles.\",\"sameAs\":[\"https:\/\/vieassociative.be\/\"]}]}<\/script>\n<!-- \/ Yoast SEO plugin. -->","yoast_head_json":{"title":"Ce sont les deux seules fa\u00e7ons de garder les moustiques | Vie Associative","robots":{"index":"index","follow":"follow","max-snippet":"max-snippet:-1","max-image-preview":"max-image-preview:large","max-video-preview":"max-video-preview:-1"},"canonical":"https:\/\/vieassociative.be\/actualites\/ce-sont-les-deux-seules-facons-de-garder-les-moustiques\/","og_locale":"fr_FR","og_type":"article","og_title":"Ce sont les deux seules fa\u00e7ons de garder les moustiques | Vie Associative","og_description":"Les bougies de citronnelle vous mentent et elles devraient se sentir mal. Nous d\u00e9testons les moustiques, et donc les entreprises font beaucoup de choses anti-moustiques:","og_url":"https:\/\/vieassociative.be\/actualites\/ce-sont-les-deux-seules-facons-de-garder-les-moustiques\/","og_site_name":"Vie Associative","article_published_time":"2025-06-13T07:19:29+00:00","og_image":[{"url":"https:\/\/vieassociative.be\/actualites\/wp-content\/uploads\/2025\/06\/Ce-sont-les-deux-seules-facons-de-garder-les-moustiques.jpg","type":"","width":"","height":""}],"author":"Julien","twitter_card":"summary_large_image","twitter_misc":{"\u00c9crit par":"Julien","Dur\u00e9e de lecture est.":"4 minutes"},"schema":{"@context":"https:\/\/schema.org","@graph":[{"@type":"Article","@id":"https:\/\/vieassociative.be\/actualites\/ce-sont-les-deux-seules-facons-de-garder-les-moustiques\/#article","isPartOf":{"@id":"https:\/\/vieassociative.be\/actualites\/ce-sont-les-deux-seules-facons-de-garder-les-moustiques\/"},"author":{"name":"Julien","@id":"https:\/\/vieassociative.be\/actualites\/#\/schema\/person\/b87ac4f82f9d4e7b7cec7395b679edc4"},"headline":"Ce sont les deux seules fa\u00e7ons de garder les moustiques","datePublished":"2025-06-13T07:19:29+00:00","dateModified":"2025-06-13T07:19:29+00:00","mainEntityOfPage":{"@id":"https:\/\/vieassociative.be\/actualites\/ce-sont-les-deux-seules-facons-de-garder-les-moustiques\/"},"wordCount":745,"publisher":{"@id":"https:\/\/vieassociative.be\/actualites\/#organization"},"image":{"@id":"https:\/\/vieassociative.be\/actualites\/ce-sont-les-deux-seules-facons-de-garder-les-moustiques\/#primaryimage"},"thumbnailUrl":"https:\/\/vieassociative.be\/actualites\/wp-content\/uploads\/2025\/06\/1749799170_Ce-sont-les-deux-seules-facons-de-garder-les-moustiques.jpg","keywords":["deux","fa\u00e7ons","garder","Les","moustiques","seules","sont"],"articleSection":["Sant\u00e9"],"inLanguage":"fr-BE"},{"@type":"WebPage","@id":"https:\/\/vieassociative.be\/actualites\/ce-sont-les-deux-seules-facons-de-garder-les-moustiques\/","url":"https:\/\/vieassociative.be\/actualites\/ce-sont-les-deux-seules-facons-de-garder-les-moustiques\/","name":"Ce sont les deux seules fa\u00e7ons de garder les moustiques | Vie Associative","isPartOf":{"@id":"https:\/\/vieassociative.be\/actualites\/#website"},"primaryImageOfPage":{"@id":"https:\/\/vieassociative.be\/actualites\/ce-sont-les-deux-seules-facons-de-garder-les-moustiques\/#primaryimage"},"image":{"@id":"https:\/\/vieassociative.be\/actualites\/ce-sont-les-deux-seules-facons-de-garder-les-moustiques\/#primaryimage"},"thumbnailUrl":"https:\/\/vieassociative.be\/actualites\/wp-content\/uploads\/2025\/06\/1749799170_Ce-sont-les-deux-seules-facons-de-garder-les-moustiques.jpg","datePublished":"2025-06-13T07:19:29+00:00","dateModified":"2025-06-13T07:19:29+00:00","breadcrumb":{"@id":"https:\/\/vieassociative.be\/actualites\/ce-sont-les-deux-seules-facons-de-garder-les-moustiques\/#breadcrumb"},"inLanguage":"fr-BE","potentialAction":[{"@type":"ReadAction","target":["https:\/\/vieassociative.be\/actualites\/ce-sont-les-deux-seules-facons-de-garder-les-moustiques\/"]}]},{"@type":"ImageObject","inLanguage":"fr-BE","@id":"https:\/\/vieassociative.be\/actualites\/ce-sont-les-deux-seules-facons-de-garder-les-moustiques\/#primaryimage","url":"https:\/\/vieassociative.be\/actualites\/wp-content\/uploads\/2025\/06\/1749799170_Ce-sont-les-deux-seules-facons-de-garder-les-moustiques.jpg","contentUrl":"https:\/\/vieassociative.be\/actualites\/wp-content\/uploads\/2025\/06\/1749799170_Ce-sont-les-deux-seules-facons-de-garder-les-moustiques.jpg","width":1200,"height":675,"caption":"Ce sont les deux seules fa\u00e7ons de garder les moustiques"},{"@type":"BreadcrumbList","@id":"https:\/\/vieassociative.be\/actualites\/ce-sont-les-deux-seules-facons-de-garder-les-moustiques\/#breadcrumb","itemListElement":[{"@type":"ListItem","position":1,"name":"Accueil","item":"https:\/\/vieassociative.be\/actualites\/"},{"@type":"ListItem","position":2,"name":"Ce sont les deux seules fa\u00e7ons de garder les moustiques"}]},{"@type":"WebSite","@id":"https:\/\/vieassociative.be\/actualites\/#website","url":"https:\/\/vieassociative.be\/actualites\/","name":"Vie Associative","description":"","publisher":{"@id":"https:\/\/vieassociative.be\/actualites\/#organization"},"potentialAction":[{"@type":"SearchAction","target":{"@type":"EntryPoint","urlTemplate":"https:\/\/vieassociative.be\/actualites\/?s={search_term_string}"},"query-input":{"@type":"PropertyValueSpecification","valueRequired":true,"valueName":"search_term_string"}}],"inLanguage":"fr-BE"},{"@type":"Organization","@id":"https:\/\/vieassociative.be\/actualites\/#organization","name":"Vie Associative","url":"https:\/\/vieassociative.be\/actualites\/","logo":{"@type":"ImageObject","inLanguage":"fr-BE","@id":"https:\/\/vieassociative.be\/actualites\/#\/schema\/logo\/image\/","url":"https:\/\/vieassociative.be\/actualites\/wp-content\/uploads\/2024\/09\/cropped-vieassociative_favicon.ico.png","contentUrl":"https:\/\/vieassociative.be\/actualites\/wp-content\/uploads\/2024\/09\/cropped-vieassociative_favicon.ico.png","width":512,"height":512,"caption":"Vie Associative"},"image":{"@id":"https:\/\/vieassociative.be\/actualites\/#\/schema\/logo\/image\/"}},{"@type":"Person","@id":"https:\/\/vieassociative.be\/actualites\/#\/schema\/person\/b87ac4f82f9d4e7b7cec7395b679edc4","name":"Julien","image":{"@type":"ImageObject","inLanguage":"fr-BE","@id":"https:\/\/vieassociative.be\/actualites\/#\/schema\/person\/image\/","url":"https:\/\/vieassociative.be\/actualites\/wp-content\/uploads\/2024\/09\/vie-associative-1-150x150.jpg","contentUrl":"https:\/\/vieassociative.be\/actualites\/wp-content\/uploads\/2024\/09\/vie-associative-1-150x150.jpg","caption":"Julien"},"description":"Je suis Julien, r\u00e9dacteur pour Vie Associative. Passionn\u00e9 par le monde associatif depuis plus de 10 ans, j'ai \u00e0 c\u0153ur de partager des histoires inspirantes et de mettre en lumi\u00e8re les initiatives locales. Mon objectif est de sensibiliser et d'encourager l'engagement communautaire \u00e0 travers mes articles.","sameAs":["https:\/\/vieassociative.be\/"]}]}},"_links":{"self":[{"href":"https:\/\/vieassociative.be\/actualites\/wp-json\/wp\/v2\/posts\/8157"}],"collection":[{"href":"https:\/\/vieassociative.be\/actualites\/wp-json\/wp\/v2\/posts"}],"about":[{"href":"https:\/\/vieassociative.be\/actualites\/wp-json\/wp\/v2\/types\/post"}],"author":[{"embeddable":true,"href":"https:\/\/vieassociative.be\/actualites\/wp-json\/wp\/v2\/users\/1"}],"replies":[{"embeddable":true,"href":"https:\/\/vieassociative.be\/actualites\/wp-json\/wp\/v2\/comments?post=8157"}],"version-history":[{"count":0,"href":"https:\/\/vieassociative.be\/actualites\/wp-json\/wp\/v2\/posts\/8157\/revisions"}],"wp:featuredmedia":[{"embeddable":true,"href":"https:\/\/vieassociative.be\/actualites\/wp-json\/wp\/v2\/media\/8158"}],"wp:attachment":[{"href":"https:\/\/vieassociative.be\/actualites\/wp-json\/wp\/v2\/media?parent=8157"}],"wp:term":[{"taxonomy":"category","embeddable":true,"href":"https:\/\/vieassociative.be\/actualites\/wp-json\/wp\/v2\/categories?post=8157"},{"taxonomy":"post_tag","embeddable":true,"href":"https:\/\/vieassociative.be\/actualites\/wp-json\/wp\/v2\/tags?post=8157"}],"curies":[{"name":"wp","href":"https:\/\/api.w.org\/{rel}","templated":true}]}}