{"id":8155,"date":"2025-06-13T04:17:52","date_gmt":"2025-06-13T02:17:52","guid":{"rendered":"https:\/\/vieassociative.be\/actualites\/kevin-de-bruyne-a-recu-comme-un-roi-a-naples\/"},"modified":"2025-06-13T04:17:52","modified_gmt":"2025-06-13T02:17:52","slug":"kevin-de-bruyne-a-recu-comme-un-roi-a-naples","status":"publish","type":"post","link":"https:\/\/vieassociative.be\/actualites\/kevin-de-bruyne-a-recu-comme-un-roi-a-naples\/","title":{"rendered":"Kevin de Bruyne a re\u00e7u comme un roi \u00e0 Naples"},"content":{"rendered":"<p><strong>Kevin de Bruyne \u00e9tait difficile \u00e0 dire au revoir \u00e0 Manchester City. Qu&rsquo;est-ce qui aide? Un nouveau d\u00e9fi en Italie. Il aurait pu passer \u00e0 l&rsquo;Arabie saoudite ou aux \u00c9tats-Unis, mais l&rsquo;international belge 111 veut prouver que m\u00eame \u00e0 l&rsquo;\u00e2ge de 33 ans (bient\u00f4t il aura 34 ans), il est toujours l&rsquo;un des meilleurs milieu de terrain du monde.<\/strong><\/p>\n<p><span id=\"more-417608\"><\/span>Apr\u00e8s dix ans \u00e0 Manchester City, la star du football belge Kevin de Bruyne a accept\u00e9 un nouveau d\u00e9fi. L&rsquo;homme de 33 ans change en Serie A au champion italien SSC Naples.<\/p>\n<p>\u00ab\u00a0Le roi Kev est ici\u00a0\u00bb, a \u00e9crit le club sur la plate-forme X et a publi\u00e9 une illustration de De Bruyne, qui est assis sur un tr\u00f4ne dans le maillot de Naples et porte une couronne dor\u00e9e sur sa t\u00eate.<\/p>\n<div id=\"attachment_415921\" class=\"wp-caption alignleft\" style=\"max-width: 300px\"><img fetchpriority=\"high\" decoding=\"async\" class=\"wp-image-415921 size-medium\" src=\"https:\/\/vieassociative.be\/actualites\/wp-content\/uploads\/2025\/05\/La-chair-de-poule-a-De-Bruynes-a-fait-ses.jpg\" alt=\"\" width=\"300\" height=\"200\"><\/p>\n<p class=\"wp-caption-text\">20 mai 2025, Grande-Bretagne, Manchester: Kevin de Bruyne de Manchester City, accompagn\u00e9 de sa famille, parle aux fans apr\u00e8s son dernier match \u00e0 domicile. Photo: Dave Thompson \/ AP \/ DPA<\/p>\n<\/div>\n<p>Le milieu de terrain est pass\u00e9 de VFL Wolfsburg \u00e0 Man City en 2015 et y avait fa\u00e7onn\u00e9 une \u00e9poque de succ\u00e8s. Plus r\u00e9cemment, il avait perdu sa place r\u00e9guli\u00e8re sous le d\u00e9but de l&rsquo;entra\u00eeneur Pep Guardiola. \u00ab\u00a0Je ne vous souhaite que le meilleur\u00a0\u00bb, a \u00e9crit le club anglais de Premier League \u00e0 l&rsquo;occasion du d\u00e9m\u00e9nagement en Italie.<\/p>\n<p>Le contrat de Bruynes n&rsquo;a pas \u00e9t\u00e9 prolong\u00e9 fin juin, le Belge change donc gratuitement au SSC Naples. Il \u00e9tait l&rsquo;un des acteurs les plus pr\u00e9cieux du march\u00e9 des transferts, dont le contrat expire cet \u00e9t\u00e9.<\/p>\n<p>De Bruyne, 33 ans, d\u00e9couvrira une quatri\u00e8me ligue de sa carri\u00e8re, qui a commenc\u00e9 en 2009 au KRC Genk, avec lequel il est devenu champion belge en 2011. Il a \u00e9t\u00e9 sign\u00e9 par Chelsea en 2012 et l&rsquo;a imm\u00e9diatement pr\u00eat\u00e9 \u00e0 Werder Br\u00eame. Wolfsburg a convaincu ses r\u00e9alisations \u00e0 Br\u00eame (10 buts et 9 mod\u00e8les dans le championnat) de le signer en janvier 2014, car il ne pouvait pas l&#8217;emporter \u00e0 Chelsea.<\/p>\n<div id=\"attachment_417414\" class=\"wp-caption alignleft\" style=\"max-width: 300px\"><img decoding=\"async\" class=\"wp-image-417414 size-medium\" src=\"https:\/\/vieassociative.be\/actualites\/wp-content\/uploads\/2025\/06\/1749521884_67_3-0-3-3-4-3-Un-thriller-de.jpg\" alt=\"\" width=\"300\" height=\"200\"><\/p>\n<p class=\"wp-caption-text\">09.06.2025, Belgique, Bruxelles: Belgique Kevin de Bruyne (L) et Jordan James du Pays de Galles se battent pour le ballon. Photo: Dirk Waem \/ Belga \/ DPA<\/p>\n<\/div>\n<p>Avec le \u00ab\u00a0W\u00f6lfen\u00a0\u00bb, De Bruyne a marqu\u00e9 20 buts en 73 matchs et a livr\u00e9 37 mod\u00e8les, a remport\u00e9 la Coupe DFB en 2015 et a \u00e9t\u00e9 \u00e9lue par les journalistes en tant que joueur de 2015. Une raison suffisante pour que Manchester City paie 76 millions d&rsquo;euros pour ses services.<\/p>\n<p>Un investissement qui en valait la peine: 422 matchs, 108 buts, 177 mod\u00e8les et 19 troph\u00e9es obtenus font de Bruyne une l\u00e9gende du club de Manchester, de sorte qu&rsquo;il recevra bient\u00f4t une statue devant le stade Etihad.<\/p>\n<p>Pendant son s\u00e9jour \u00e0 City, il a remport\u00e9 six championnats, une Ligue des champions, deux coupes en FA, un championnat du monde de club et une supercup UEFA. Au niveau individuel, il a pris la troisi\u00e8me place \u00e0 Ballon d&rsquo;Or en 2022 et a donc obtenu le meilleur r\u00e9sultat dans l&rsquo;histoire d&rsquo;un joueur belge. Il a \u00e9galement \u00e9t\u00e9 choisi deux fois (2020 et 2021) par ses coll\u00e8gues comme le meilleur joueur de la saison en Angleterre. (DPA \/ CRE)<\/p>\n<p><em><strong>Sur le sujet, voir \u00e9galement l&rsquo;article suivant sur OD:<\/strong><\/em><\/p>\n<div class=\"responsive-embed widescreen\">\n<blockquote class=\"wp-embedded-content\" data-secret=\"tSOcyDp5mj\">\n<p>3: 0, 3: 3, 4: 3 &#8211; Un thriller de battements cardiaques avec une fin heureuse \u00e0 Bruxelles &#8211; De Bruyne sauve le diable rouge contre le Pays de Galles<\/p>\n<\/blockquote>\n<p><iframe loading=\"lazy\" class=\"wp-embedded-content\" sandbox=\"allow-scripts\" security=\"restricted\" style=\"position: absolute; visibility: hidden;\" title=\"\u201e3:0, 3:3, 4:3 \u2013 Ein Herzschlagkrimi mit Happy End in Br\u00fcssel \u2013 De Bruyne rettet Rote Teufel gegen Wales\u201c \u2014 Ostbelgien Direkt\" src=\"https:\/\/ostbelgiendirekt.be\/about:blank\" data-secret=\"tSOcyDp5mj\" width=\"500\" height=\"282\" frameborder=\"0\" marginwidth=\"0\" marginheight=\"0\" scrolling=\"no\" data-rocket-lazyload=\"fitvidscompatible\" data-lazy-src=\"https:\/\/ostbelgiendirekt.be\/herzschlagkrimi-gegen-wales-417405\/embed#?secret=Ry4tKNO0O2#?secret=tSOcyDp5mj\"><\/iframe><noscript><iframe class=\"wp-embedded-content\" sandbox=\"allow-scripts\" security=\"restricted\" style=\"position: absolute; visibility: hidden;\" title=\"\u201e3:0, 3:3, 4:3 \u2013 Ein Herzschlagkrimi mit Happy End in Br\u00fcssel \u2013 De Bruyne rettet Rote Teufel gegen Wales\u201c \u2014 Ostbelgien Direkt\" src=\"https:\/\/ostbelgiendirekt.be\/herzschlagkrimi-gegen-wales-417405\/embed#?secret=Ry4tKNO0O2#?secret=tSOcyDp5mj\" data-secret=\"tSOcyDp5mj\" width=\"500\" height=\"282\" frameborder=\"0\" marginwidth=\"0\" marginheight=\"0\" scrolling=\"no\"><\/iframe><\/noscript><\/p>\n<\/div>\n","protected":false},"excerpt":{"rendered":"<p>Kevin de Bruyne \u00e9tait difficile \u00e0 dire au revoir \u00e0 Manchester City. Qu&rsquo;est-ce qui aide? Un nouveau d\u00e9fi en Italie. Il aurait pu passer \u00e0<\/p>\n","protected":false},"author":1,"featured_media":8156,"comment_status":"","ping_status":"","sticky":false,"template":"","format":"standard","meta":{"footnotes":""},"categories":[298],"tags":[6172,1254,6171,7130,3920,3096],"class_list":["post-8155","post","type-post","status-publish","format-standard","has-post-thumbnail","hentry","category-belgique","tag-bruyne","tag-comme","tag-kevin","tag-naples","tag-recu","tag-roi","generate-columns","tablet-grid-50","mobile-grid-100","grid-parent","grid-33"],"yoast_head":"<!-- This site is optimized with the Yoast SEO plugin v24.0 - https:\/\/yoast.com\/wordpress\/plugins\/seo\/ -->\n<title>Kevin de Bruyne a re\u00e7u comme un roi \u00e0 Naples | Vie Associative<\/title>\n<meta name=\"robots\" content=\"index, follow, max-snippet:-1, max-image-preview:large, max-video-preview:-1\" \/>\n<link rel=\"canonical\" href=\"https:\/\/vieassociative.be\/actualites\/kevin-de-bruyne-a-recu-comme-un-roi-a-naples\/\" \/>\n<meta property=\"og:locale\" content=\"fr_FR\" \/>\n<meta property=\"og:type\" content=\"article\" \/>\n<meta property=\"og:title\" content=\"Kevin de Bruyne a re\u00e7u comme un roi \u00e0 Naples | Vie Associative\" \/>\n<meta property=\"og:description\" content=\"Kevin de Bruyne \u00e9tait difficile \u00e0 dire au revoir \u00e0 Manchester City. Qu&rsquo;est-ce qui aide? Un nouveau d\u00e9fi en Italie. Il aurait pu passer \u00e0\" \/>\n<meta property=\"og:url\" content=\"https:\/\/vieassociative.be\/actualites\/kevin-de-bruyne-a-recu-comme-un-roi-a-naples\/\" \/>\n<meta property=\"og:site_name\" content=\"Vie Associative\" \/>\n<meta property=\"article:published_time\" content=\"2025-06-13T02:17:52+00:00\" \/>\n<meta property=\"og:image\" content=\"https:\/\/vieassociative.be\/actualites\/wp-content\/uploads\/2024\/09\/header_backgroundk-01-e1726694325946.png\" \/>\n\t<meta property=\"og:image:width\" content=\"279\" \/>\n\t<meta property=\"og:image:height\" content=\"92\" \/>\n\t<meta property=\"og:image:type\" content=\"image\/png\" \/>\n<meta name=\"author\" content=\"Julien\" \/>\n<meta name=\"twitter:card\" content=\"summary_large_image\" \/>\n<meta name=\"twitter:label1\" content=\"\u00c9crit par\" \/>\n\t<meta name=\"twitter:data1\" content=\"Julien\" \/>\n\t<meta name=\"twitter:label2\" content=\"Dur\u00e9e de lecture est.\" \/>\n\t<meta name=\"twitter:data2\" content=\"3 minutes\" \/>\n<script type=\"application\/ld+json\" class=\"yoast-schema-graph\">{\"@context\":\"https:\/\/schema.org\",\"@graph\":[{\"@type\":\"Article\",\"@id\":\"https:\/\/vieassociative.be\/actualites\/kevin-de-bruyne-a-recu-comme-un-roi-a-naples\/#article\",\"isPartOf\":{\"@id\":\"https:\/\/vieassociative.be\/actualites\/kevin-de-bruyne-a-recu-comme-un-roi-a-naples\/\"},\"author\":{\"name\":\"Julien\",\"@id\":\"https:\/\/vieassociative.be\/actualites\/#\/schema\/person\/b87ac4f82f9d4e7b7cec7395b679edc4\"},\"headline\":\"Kevin de Bruyne a re\u00e7u comme un roi \u00e0 Naples\",\"datePublished\":\"2025-06-13T02:17:52+00:00\",\"dateModified\":\"2025-06-13T02:17:52+00:00\",\"mainEntityOfPage\":{\"@id\":\"https:\/\/vieassociative.be\/actualites\/kevin-de-bruyne-a-recu-comme-un-roi-a-naples\/\"},\"wordCount\":574,\"publisher\":{\"@id\":\"https:\/\/vieassociative.be\/actualites\/#organization\"},\"image\":{\"@id\":\"https:\/\/vieassociative.be\/actualites\/kevin-de-bruyne-a-recu-comme-un-roi-a-naples\/#primaryimage\"},\"thumbnailUrl\":\"https:\/\/vieassociative.be\/actualites\/wp-content\/uploads\/2025\/06\/Kevin-de-Bruyne-a-recu-comme-un-roi-a-Naples.jpg\",\"keywords\":[\"Bruyne\",\"comme\",\"Kevin\",\"Naples\",\"re\u00e7u\",\"roi\"],\"articleSection\":[\"Belgique\"],\"inLanguage\":\"fr-BE\"},{\"@type\":\"WebPage\",\"@id\":\"https:\/\/vieassociative.be\/actualites\/kevin-de-bruyne-a-recu-comme-un-roi-a-naples\/\",\"url\":\"https:\/\/vieassociative.be\/actualites\/kevin-de-bruyne-a-recu-comme-un-roi-a-naples\/\",\"name\":\"Kevin de Bruyne a re\u00e7u comme un roi \u00e0 Naples | Vie Associative\",\"isPartOf\":{\"@id\":\"https:\/\/vieassociative.be\/actualites\/#website\"},\"primaryImageOfPage\":{\"@id\":\"https:\/\/vieassociative.be\/actualites\/kevin-de-bruyne-a-recu-comme-un-roi-a-naples\/#primaryimage\"},\"image\":{\"@id\":\"https:\/\/vieassociative.be\/actualites\/kevin-de-bruyne-a-recu-comme-un-roi-a-naples\/#primaryimage\"},\"thumbnailUrl\":\"https:\/\/vieassociative.be\/actualites\/wp-content\/uploads\/2025\/06\/Kevin-de-Bruyne-a-recu-comme-un-roi-a-Naples.jpg\",\"datePublished\":\"2025-06-13T02:17:52+00:00\",\"dateModified\":\"2025-06-13T02:17:52+00:00\",\"breadcrumb\":{\"@id\":\"https:\/\/vieassociative.be\/actualites\/kevin-de-bruyne-a-recu-comme-un-roi-a-naples\/#breadcrumb\"},\"inLanguage\":\"fr-BE\",\"potentialAction\":[{\"@type\":\"ReadAction\",\"target\":[\"https:\/\/vieassociative.be\/actualites\/kevin-de-bruyne-a-recu-comme-un-roi-a-naples\/\"]}]},{\"@type\":\"ImageObject\",\"inLanguage\":\"fr-BE\",\"@id\":\"https:\/\/vieassociative.be\/actualites\/kevin-de-bruyne-a-recu-comme-un-roi-a-naples\/#primaryimage\",\"url\":\"https:\/\/vieassociative.be\/actualites\/wp-content\/uploads\/2025\/06\/Kevin-de-Bruyne-a-recu-comme-un-roi-a-Naples.jpg\",\"contentUrl\":\"https:\/\/vieassociative.be\/actualites\/wp-content\/uploads\/2025\/06\/Kevin-de-Bruyne-a-recu-comme-un-roi-a-Naples.jpg\",\"width\":1200,\"height\":800,\"caption\":\"Kevin de Bruyne a re\u00e7u comme un roi \u00e0 Naples\"},{\"@type\":\"BreadcrumbList\",\"@id\":\"https:\/\/vieassociative.be\/actualites\/kevin-de-bruyne-a-recu-comme-un-roi-a-naples\/#breadcrumb\",\"itemListElement\":[{\"@type\":\"ListItem\",\"position\":1,\"name\":\"Accueil\",\"item\":\"https:\/\/vieassociative.be\/actualites\/\"},{\"@type\":\"ListItem\",\"position\":2,\"name\":\"Kevin de Bruyne a re\u00e7u comme un roi \u00e0 Naples\"}]},{\"@type\":\"WebSite\",\"@id\":\"https:\/\/vieassociative.be\/actualites\/#website\",\"url\":\"https:\/\/vieassociative.be\/actualites\/\",\"name\":\"Vie Associative\",\"description\":\"\",\"publisher\":{\"@id\":\"https:\/\/vieassociative.be\/actualites\/#organization\"},\"potentialAction\":[{\"@type\":\"SearchAction\",\"target\":{\"@type\":\"EntryPoint\",\"urlTemplate\":\"https:\/\/vieassociative.be\/actualites\/?s={search_term_string}\"},\"query-input\":{\"@type\":\"PropertyValueSpecification\",\"valueRequired\":true,\"valueName\":\"search_term_string\"}}],\"inLanguage\":\"fr-BE\"},{\"@type\":\"Organization\",\"@id\":\"https:\/\/vieassociative.be\/actualites\/#organization\",\"name\":\"Vie Associative\",\"url\":\"https:\/\/vieassociative.be\/actualites\/\",\"logo\":{\"@type\":\"ImageObject\",\"inLanguage\":\"fr-BE\",\"@id\":\"https:\/\/vieassociative.be\/actualites\/#\/schema\/logo\/image\/\",\"url\":\"https:\/\/vieassociative.be\/actualites\/wp-content\/uploads\/2024\/09\/cropped-vieassociative_favicon.ico.png\",\"contentUrl\":\"https:\/\/vieassociative.be\/actualites\/wp-content\/uploads\/2024\/09\/cropped-vieassociative_favicon.ico.png\",\"width\":512,\"height\":512,\"caption\":\"Vie Associative\"},\"image\":{\"@id\":\"https:\/\/vieassociative.be\/actualites\/#\/schema\/logo\/image\/\"}},{\"@type\":\"Person\",\"@id\":\"https:\/\/vieassociative.be\/actualites\/#\/schema\/person\/b87ac4f82f9d4e7b7cec7395b679edc4\",\"name\":\"Julien\",\"image\":{\"@type\":\"ImageObject\",\"inLanguage\":\"fr-BE\",\"@id\":\"https:\/\/vieassociative.be\/actualites\/#\/schema\/person\/image\/\",\"url\":\"https:\/\/vieassociative.be\/actualites\/wp-content\/uploads\/2024\/09\/vie-associative-1-150x150.jpg\",\"contentUrl\":\"https:\/\/vieassociative.be\/actualites\/wp-content\/uploads\/2024\/09\/vie-associative-1-150x150.jpg\",\"caption\":\"Julien\"},\"description\":\"Je suis Julien, r\u00e9dacteur pour Vie Associative. Passionn\u00e9 par le monde associatif depuis plus de 10 ans, j'ai \u00e0 c\u0153ur de partager des histoires inspirantes et de mettre en lumi\u00e8re les initiatives locales. Mon objectif est de sensibiliser et d'encourager l'engagement communautaire \u00e0 travers mes articles.\",\"sameAs\":[\"https:\/\/vieassociative.be\/\"]}]}<\/script>\n<!-- \/ Yoast SEO plugin. -->","yoast_head_json":{"title":"Kevin de Bruyne a re\u00e7u comme un roi \u00e0 Naples | Vie Associative","robots":{"index":"index","follow":"follow","max-snippet":"max-snippet:-1","max-image-preview":"max-image-preview:large","max-video-preview":"max-video-preview:-1"},"canonical":"https:\/\/vieassociative.be\/actualites\/kevin-de-bruyne-a-recu-comme-un-roi-a-naples\/","og_locale":"fr_FR","og_type":"article","og_title":"Kevin de Bruyne a re\u00e7u comme un roi \u00e0 Naples | Vie Associative","og_description":"Kevin de Bruyne \u00e9tait difficile \u00e0 dire au revoir \u00e0 Manchester City. Qu&rsquo;est-ce qui aide? Un nouveau d\u00e9fi en Italie. Il aurait pu passer \u00e0","og_url":"https:\/\/vieassociative.be\/actualites\/kevin-de-bruyne-a-recu-comme-un-roi-a-naples\/","og_site_name":"Vie Associative","article_published_time":"2025-06-13T02:17:52+00:00","og_image":[{"width":279,"height":92,"url":"https:\/\/vieassociative.be\/actualites\/wp-content\/uploads\/2024\/09\/header_backgroundk-01-e1726694325946.png","type":"image\/png"}],"author":"Julien","twitter_card":"summary_large_image","twitter_misc":{"\u00c9crit par":"Julien","Dur\u00e9e de lecture est.":"3 minutes"},"schema":{"@context":"https:\/\/schema.org","@graph":[{"@type":"Article","@id":"https:\/\/vieassociative.be\/actualites\/kevin-de-bruyne-a-recu-comme-un-roi-a-naples\/#article","isPartOf":{"@id":"https:\/\/vieassociative.be\/actualites\/kevin-de-bruyne-a-recu-comme-un-roi-a-naples\/"},"author":{"name":"Julien","@id":"https:\/\/vieassociative.be\/actualites\/#\/schema\/person\/b87ac4f82f9d4e7b7cec7395b679edc4"},"headline":"Kevin de Bruyne a re\u00e7u comme un roi \u00e0 Naples","datePublished":"2025-06-13T02:17:52+00:00","dateModified":"2025-06-13T02:17:52+00:00","mainEntityOfPage":{"@id":"https:\/\/vieassociative.be\/actualites\/kevin-de-bruyne-a-recu-comme-un-roi-a-naples\/"},"wordCount":574,"publisher":{"@id":"https:\/\/vieassociative.be\/actualites\/#organization"},"image":{"@id":"https:\/\/vieassociative.be\/actualites\/kevin-de-bruyne-a-recu-comme-un-roi-a-naples\/#primaryimage"},"thumbnailUrl":"https:\/\/vieassociative.be\/actualites\/wp-content\/uploads\/2025\/06\/Kevin-de-Bruyne-a-recu-comme-un-roi-a-Naples.jpg","keywords":["Bruyne","comme","Kevin","Naples","re\u00e7u","roi"],"articleSection":["Belgique"],"inLanguage":"fr-BE"},{"@type":"WebPage","@id":"https:\/\/vieassociative.be\/actualites\/kevin-de-bruyne-a-recu-comme-un-roi-a-naples\/","url":"https:\/\/vieassociative.be\/actualites\/kevin-de-bruyne-a-recu-comme-un-roi-a-naples\/","name":"Kevin de Bruyne a re\u00e7u comme un roi \u00e0 Naples | Vie Associative","isPartOf":{"@id":"https:\/\/vieassociative.be\/actualites\/#website"},"primaryImageOfPage":{"@id":"https:\/\/vieassociative.be\/actualites\/kevin-de-bruyne-a-recu-comme-un-roi-a-naples\/#primaryimage"},"image":{"@id":"https:\/\/vieassociative.be\/actualites\/kevin-de-bruyne-a-recu-comme-un-roi-a-naples\/#primaryimage"},"thumbnailUrl":"https:\/\/vieassociative.be\/actualites\/wp-content\/uploads\/2025\/06\/Kevin-de-Bruyne-a-recu-comme-un-roi-a-Naples.jpg","datePublished":"2025-06-13T02:17:52+00:00","dateModified":"2025-06-13T02:17:52+00:00","breadcrumb":{"@id":"https:\/\/vieassociative.be\/actualites\/kevin-de-bruyne-a-recu-comme-un-roi-a-naples\/#breadcrumb"},"inLanguage":"fr-BE","potentialAction":[{"@type":"ReadAction","target":["https:\/\/vieassociative.be\/actualites\/kevin-de-bruyne-a-recu-comme-un-roi-a-naples\/"]}]},{"@type":"ImageObject","inLanguage":"fr-BE","@id":"https:\/\/vieassociative.be\/actualites\/kevin-de-bruyne-a-recu-comme-un-roi-a-naples\/#primaryimage","url":"https:\/\/vieassociative.be\/actualites\/wp-content\/uploads\/2025\/06\/Kevin-de-Bruyne-a-recu-comme-un-roi-a-Naples.jpg","contentUrl":"https:\/\/vieassociative.be\/actualites\/wp-content\/uploads\/2025\/06\/Kevin-de-Bruyne-a-recu-comme-un-roi-a-Naples.jpg","width":1200,"height":800,"caption":"Kevin de Bruyne a re\u00e7u comme un roi \u00e0 Naples"},{"@type":"BreadcrumbList","@id":"https:\/\/vieassociative.be\/actualites\/kevin-de-bruyne-a-recu-comme-un-roi-a-naples\/#breadcrumb","itemListElement":[{"@type":"ListItem","position":1,"name":"Accueil","item":"https:\/\/vieassociative.be\/actualites\/"},{"@type":"ListItem","position":2,"name":"Kevin de Bruyne a re\u00e7u comme un roi \u00e0 Naples"}]},{"@type":"WebSite","@id":"https:\/\/vieassociative.be\/actualites\/#website","url":"https:\/\/vieassociative.be\/actualites\/","name":"Vie Associative","description":"","publisher":{"@id":"https:\/\/vieassociative.be\/actualites\/#organization"},"potentialAction":[{"@type":"SearchAction","target":{"@type":"EntryPoint","urlTemplate":"https:\/\/vieassociative.be\/actualites\/?s={search_term_string}"},"query-input":{"@type":"PropertyValueSpecification","valueRequired":true,"valueName":"search_term_string"}}],"inLanguage":"fr-BE"},{"@type":"Organization","@id":"https:\/\/vieassociative.be\/actualites\/#organization","name":"Vie Associative","url":"https:\/\/vieassociative.be\/actualites\/","logo":{"@type":"ImageObject","inLanguage":"fr-BE","@id":"https:\/\/vieassociative.be\/actualites\/#\/schema\/logo\/image\/","url":"https:\/\/vieassociative.be\/actualites\/wp-content\/uploads\/2024\/09\/cropped-vieassociative_favicon.ico.png","contentUrl":"https:\/\/vieassociative.be\/actualites\/wp-content\/uploads\/2024\/09\/cropped-vieassociative_favicon.ico.png","width":512,"height":512,"caption":"Vie Associative"},"image":{"@id":"https:\/\/vieassociative.be\/actualites\/#\/schema\/logo\/image\/"}},{"@type":"Person","@id":"https:\/\/vieassociative.be\/actualites\/#\/schema\/person\/b87ac4f82f9d4e7b7cec7395b679edc4","name":"Julien","image":{"@type":"ImageObject","inLanguage":"fr-BE","@id":"https:\/\/vieassociative.be\/actualites\/#\/schema\/person\/image\/","url":"https:\/\/vieassociative.be\/actualites\/wp-content\/uploads\/2024\/09\/vie-associative-1-150x150.jpg","contentUrl":"https:\/\/vieassociative.be\/actualites\/wp-content\/uploads\/2024\/09\/vie-associative-1-150x150.jpg","caption":"Julien"},"description":"Je suis Julien, r\u00e9dacteur pour Vie Associative. Passionn\u00e9 par le monde associatif depuis plus de 10 ans, j'ai \u00e0 c\u0153ur de partager des histoires inspirantes et de mettre en lumi\u00e8re les initiatives locales. Mon objectif est de sensibiliser et d'encourager l'engagement communautaire \u00e0 travers mes articles.","sameAs":["https:\/\/vieassociative.be\/"]}]}},"_links":{"self":[{"href":"https:\/\/vieassociative.be\/actualites\/wp-json\/wp\/v2\/posts\/8155"}],"collection":[{"href":"https:\/\/vieassociative.be\/actualites\/wp-json\/wp\/v2\/posts"}],"about":[{"href":"https:\/\/vieassociative.be\/actualites\/wp-json\/wp\/v2\/types\/post"}],"author":[{"embeddable":true,"href":"https:\/\/vieassociative.be\/actualites\/wp-json\/wp\/v2\/users\/1"}],"replies":[{"embeddable":true,"href":"https:\/\/vieassociative.be\/actualites\/wp-json\/wp\/v2\/comments?post=8155"}],"version-history":[{"count":0,"href":"https:\/\/vieassociative.be\/actualites\/wp-json\/wp\/v2\/posts\/8155\/revisions"}],"wp:featuredmedia":[{"embeddable":true,"href":"https:\/\/vieassociative.be\/actualites\/wp-json\/wp\/v2\/media\/8156"}],"wp:attachment":[{"href":"https:\/\/vieassociative.be\/actualites\/wp-json\/wp\/v2\/media?parent=8155"}],"wp:term":[{"taxonomy":"category","embeddable":true,"href":"https:\/\/vieassociative.be\/actualites\/wp-json\/wp\/v2\/categories?post=8155"},{"taxonomy":"post_tag","embeddable":true,"href":"https:\/\/vieassociative.be\/actualites\/wp-json\/wp\/v2\/tags?post=8155"}],"curies":[{"name":"wp","href":"https:\/\/api.w.org\/{rel}","templated":true}]}}