{"id":8153,"date":"2025-06-13T03:17:36","date_gmt":"2025-06-13T01:17:36","guid":{"rendered":"https:\/\/vieassociative.be\/actualites\/apple-donne-a-liphone-son-propre-cuisine-emoji\/"},"modified":"2025-06-13T03:17:36","modified_gmt":"2025-06-13T01:17:36","slug":"apple-donne-a-liphone-son-propre-cuisine-emoji","status":"publish","type":"post","link":"https:\/\/vieassociative.be\/actualites\/apple-donne-a-liphone-son-propre-cuisine-emoji\/","title":{"rendered":"Apple donne \u00e0 l&rsquo;iPhone son propre \u00abcuisine emoji\u00bb"},"content":{"rendered":"<div class=\"mt-4 leading-6 md:mb-8\">Bonjour les emojis illimit\u00e9s.<\/div>\n<p><\/p>\n<p>Les emojis sont une \u00e9volution amusante des \u00e9motic\u00f4nes d&rsquo;autrefois, mais il n&rsquo;y en a que tant de personnes \u00e0 choisir. Bien qu&rsquo;une poign\u00e9e de nouvelles soient ajout\u00e9es chaque ann\u00e9e, pour la plupart, ce que vous voyez est ce que vous obtenez, c&rsquo;est pourquoi \u00ab\u00a0Emoji Kitchen\u00a0\u00bb d&rsquo;Android est tellement g\u00e9nial. <\/p>\n<p>La fonctionnalit\u00e9 vous permet de combiner deux emojis pour en cr\u00e9er un tout nouveau, directement sur votre appareil. Si vous voulez envoyer un visage Winky, mais avec les emoji du robot, vous le pouvez. Vous pouvez faire pleurer le cr\u00e2ne emoji de rire, ou transformer un morceau de pizza en fus\u00e9e. La fonctionnalit\u00e9 multiplie un pool limit\u00e9 mais consid\u00e9rable de choix d&#8217;emoji en un nombre stup\u00e9fiant de vari\u00e9t\u00e9s. <\/p>\n<p>Bien que Emoji Kitchen soit d\u00e9sormais inclus automatiquement sur les appareils Pixel, il n&rsquo;existe m\u00eame pas sur iPhone, du moins \u00e0 partir de la derni\u00e8re version logicielle officielle, iOS 18.5. Avec iOS 26, actuellement en b\u00eata, cependant, Apple a construit une fonctionnalit\u00e9 de cuisine emoji qui utilise Apple Intelligence pour m\u00e9langer plusieurs emoji ou Genmoji ensemble pour faire une nouvelle ic\u00f4ne. <\/p>\n<p>La fonctionnalit\u00e9 n&rsquo;a pas attir\u00e9 autant d&rsquo;attention que d&rsquo;autres pendant le Keynote WWDC pr\u00e9sentant iOS 26, mais cela semble \u00eatre une utilisation amusante de l&rsquo;IA d&rsquo;Apple.  <\/p>\n<h2 id=\"how-to-mix-emoji-and-genmoji-on-ios-26\">Comment m\u00e9langer les emoji et les genmoji sur iOS 26<\/h2>\n<div class=\"eloquent-imagery-image\">\n<div class=\"flex justify-center\">\n                    <img decoding=\"async\" class=\"border border-gray-100\" src=\"https:\/\/vieassociative.be\/actualites\/wp-content\/uploads\/2025\/06\/Apple-donne-a-liPhone-son-propre-cuisine-emoji.png\" alt=\"combinaison des emojis paresseux et ampoules\" width=\"2000\" height=\"1125\" loading=\"lazy\"  >\n            <\/div>\n<\/p><\/div>\n<p>Afin d&rsquo;essayer cela, vous devrez ex\u00e9cuter iOS 26 sur un iPhone compatible avec Apple Intelligence (c&rsquo;est-\u00e0-dire un iPhone 15 Pro ou plus r\u00e9cent), bien que la version b\u00eata soit toujours dans ses premi\u00e8res \u00e9tapes, je ne vous recommande pas de l&rsquo;essayer \u00e0 ce moment. <\/p>\n<div class=\"pogoClear relative my-10 border-b-(1.5px) border-t-(1.5px) border-dashed border-black py-5 sm:my-14 sm:border-0 sm:py-0\" data-ga-click data-ga-template=\"News\" data-ga-module=\"openweb_widget\" data-ga-element=\"openweb_scroll\" data-ga-item=\"openweb_scroll_midpage\" x-data=\"{\n         commentsCount: null,\n         hasComments: false,\n         async fetchCommentsCount() {\n             try {\n                 if (window.openweb &amp;&amp; typeof window.openweb.getMessagesCount === 'function') {\n                     this.commentsCount = await window.openweb.getMessagesCount('01JXJNA2PTKPM6RH0ZDP7X2WR0');\n                     this.hasComments = this.commentsCount !== null &amp;&amp; this.commentsCount &gt; 0;\n                 }\n             } catch (e) {\n                 console.warn('Failed to fetch comment count:', e);\n             }\n         }\n     }\" x-init=\"fetchCommentsCount()\" x-cloak><\/p>\n<div class=\"absolute top-1\/2 hidden w-full -translate-y-1\/2 border-t-(1.5px) border-dashed border-black sm:block\"><\/div>\n<div class=\"relative flex justify-center\">\n<div class=\"flex max-w-fit items-center gap-x-3 bg-white px-5\">\n<div class=\"relative\">\n                <span class=\"absolute left-1\/2 top-1\/2 -translate-x-1\/2 -translate-y-1\/2 font-akshar text-sm font-medium text-black\" aria-live=\"polite\" x-show=\"hasComments\" x-text=\"commentsCount\"><\/span><\/p>\n<p>                <svg class=\"h-8 w-8 text-black\" role=\"img\" aria-hidden=\"true\">\n                    <use href=\"http:\/\/lifehacker.com\/images\/icons\/spritemap.svg#sprite-chat-bubble\"><\/use>\n                <\/svg>\n            <\/div>\n<p>            <span class=\"text-sm font-medium text-black\"><\/p>\n<p>                Que pensez-vous jusqu&rsquo;\u00e0 pr\u00e9sent?<br \/>\n                <button class=\"ml-1 font-semibold text-brand-green underline hover:text-brand-green-700\" type=\"button\" aria-label=\"Comment section trigger\" onclick=\"window.openweb.scrollToComments('01JXJNA2PTKPM6RH0ZDP7X2WR0')\" x-text=\"hasComments ? 'Post a comment.' : 'Be the first to post a comment.'\"><\/button><br \/>\n            <\/span>\n        <\/div>\n<\/p><\/div>\n<\/div>\n<p>Une fois que vous ex\u00e9cutez iOS 26, ouvrez le clavier Emoji, puis appuyez sur \u00ab\u00a0Genmoji\u00a0\u00bb. Ici, vous verrez maintenant une nouvelle section \u00ab\u00a0Suggestions\u00a0\u00bb, qui propose une rang\u00e9e d&#8217;emojis parmi lesquelles vous pouvez choisir. Si vous n&rsquo;aimez pas ces suggestions, vous pouvez choisir \u00ab\u00a0montrer plus\u00a0\u00bb pour voir diff\u00e9rentes cat\u00e9gories d&#8217;emojis, y compris les \u00abth\u00e8mes\u00bb, les \u00abexpressions\u00bb, les \u00abcostumes\u00bb, les \u00abaccessoires\u00bb et les \u00ablieux\u00bb. Comme le souligne Emojipedia, ces cat\u00e9gories pr\u00e9sentent des ic\u00f4nes qui ne sont pas des emojis standard, comme un casque de voiture de course et une couronne de fleurs.  <\/p>\n<p>Si vous cherchez \u00e0 m\u00e9langer des emojis sp\u00e9cifiques, cependant, appuyez simplement sur l&rsquo;ic\u00f4ne gris \u00ab\u00a0Smiley +\u00a0\u00bb. Ce bouton ouvrira le clavier Emoji, afin que vous puissiez choisir les options que vous aimez, en plus de toutes les invites bas\u00e9es sur le texte que vous souhaitez ajouter. Vous pouvez ajouter jusqu&rsquo;\u00e0 six \u00ab\u00a0concepts\u00a0\u00bb (emojis et invites) par g\u00e9n\u00e9ration, afin que vous puissiez vraiment m\u00e9langer les choses, bien que vous puissiez constater que l&rsquo;utilisation de moins d&rsquo;invites renvoie des r\u00e9sultats plus pr\u00e8s de votre conception pr\u00e9vue. <\/p>\n<p>De l\u00e0, Genmoji commencera \u00e0 g\u00e9n\u00e9rer de nouveaux emojis \u00e0 partir de votre s\u00e9lection, et vous pouvez faire d\u00e9filer les diff\u00e9rentes options qu&rsquo;elle pr\u00e9sente. Bien que l&rsquo;application cache les emojis et invite ici, vous pouvez appuyer sur l&rsquo;image pour voir de quels concepts il a \u00e9t\u00e9 g\u00e9n\u00e9r\u00e9. Si vous aimez une g\u00e9n\u00e9ration, appuyez sur la coche et Genmoji le saisira automatiquement dans le champ de texte \u00e0 partager.<\/p>\n","protected":false},"excerpt":{"rendered":"<p>Bonjour les emojis illimit\u00e9s. Les emojis sont une \u00e9volution amusante des \u00e9motic\u00f4nes d&rsquo;autrefois, mais il n&rsquo;y en a que tant de personnes \u00e0 choisir. Bien<\/p>\n","protected":false},"author":1,"featured_media":8154,"comment_status":"","ping_status":"","sticky":false,"template":"","format":"standard","meta":{"footnotes":""},"categories":[13],"tags":[54,1937,728,6122,2903,2292,800],"class_list":["post-8153","post","type-post","status-publish","format-standard","has-post-thumbnail","hentry","category-technologie","tag-apple","tag-cuisine","tag-donne","tag-emoji","tag-liphone","tag-propre","tag-son","generate-columns","tablet-grid-50","mobile-grid-100","grid-parent","grid-33"],"yoast_head":"<!-- This site is optimized with the Yoast SEO plugin v24.0 - https:\/\/yoast.com\/wordpress\/plugins\/seo\/ -->\n<title>Apple donne \u00e0 l&#039;iPhone son propre \u00abcuisine emoji\u00bb | Vie Associative<\/title>\n<meta name=\"robots\" content=\"index, follow, max-snippet:-1, max-image-preview:large, max-video-preview:-1\" \/>\n<link rel=\"canonical\" href=\"https:\/\/vieassociative.be\/actualites\/apple-donne-a-liphone-son-propre-cuisine-emoji\/\" \/>\n<meta property=\"og:locale\" content=\"fr_FR\" \/>\n<meta property=\"og:type\" content=\"article\" \/>\n<meta property=\"og:title\" content=\"Apple donne \u00e0 l&#039;iPhone son propre \u00abcuisine emoji\u00bb | Vie Associative\" \/>\n<meta property=\"og:description\" content=\"Bonjour les emojis illimit\u00e9s. Les emojis sont une \u00e9volution amusante des \u00e9motic\u00f4nes d&rsquo;autrefois, mais il n&rsquo;y en a que tant de personnes \u00e0 choisir. Bien\" \/>\n<meta property=\"og:url\" content=\"https:\/\/vieassociative.be\/actualites\/apple-donne-a-liphone-son-propre-cuisine-emoji\/\" \/>\n<meta property=\"og:site_name\" content=\"Vie Associative\" \/>\n<meta property=\"article:published_time\" content=\"2025-06-13T01:17:36+00:00\" \/>\n<meta property=\"og:image\" content=\"https:\/\/vieassociative.be\/actualites\/wp-content\/uploads\/2025\/06\/Apple-donne-a-liPhone-son-propre-cuisine-emoji.png\" \/>\n<meta name=\"author\" content=\"Julien\" \/>\n<meta name=\"twitter:card\" content=\"summary_large_image\" \/>\n<meta name=\"twitter:label1\" content=\"\u00c9crit par\" \/>\n\t<meta name=\"twitter:data1\" content=\"Julien\" \/>\n\t<meta name=\"twitter:label2\" content=\"Dur\u00e9e de lecture est.\" \/>\n\t<meta name=\"twitter:data2\" content=\"3 minutes\" \/>\n<script type=\"application\/ld+json\" class=\"yoast-schema-graph\">{\"@context\":\"https:\/\/schema.org\",\"@graph\":[{\"@type\":\"Article\",\"@id\":\"https:\/\/vieassociative.be\/actualites\/apple-donne-a-liphone-son-propre-cuisine-emoji\/#article\",\"isPartOf\":{\"@id\":\"https:\/\/vieassociative.be\/actualites\/apple-donne-a-liphone-son-propre-cuisine-emoji\/\"},\"author\":{\"name\":\"Julien\",\"@id\":\"https:\/\/vieassociative.be\/actualites\/#\/schema\/person\/b87ac4f82f9d4e7b7cec7395b679edc4\"},\"headline\":\"Apple donne \u00e0 l&rsquo;iPhone son propre \u00abcuisine emoji\u00bb\",\"datePublished\":\"2025-06-13T01:17:36+00:00\",\"dateModified\":\"2025-06-13T01:17:36+00:00\",\"mainEntityOfPage\":{\"@id\":\"https:\/\/vieassociative.be\/actualites\/apple-donne-a-liphone-son-propre-cuisine-emoji\/\"},\"wordCount\":580,\"publisher\":{\"@id\":\"https:\/\/vieassociative.be\/actualites\/#organization\"},\"image\":{\"@id\":\"https:\/\/vieassociative.be\/actualites\/apple-donne-a-liphone-son-propre-cuisine-emoji\/#primaryimage\"},\"thumbnailUrl\":\"https:\/\/vieassociative.be\/actualites\/wp-content\/uploads\/2025\/06\/1749777457_Apple-donne-a-liPhone-son-propre-cuisine-emoji.png\",\"keywords\":[\"Apple\",\"cuisine\",\"donne\",\"emoji\",\"liPhone\",\"propre\",\"son\"],\"articleSection\":[\"Technologie\"],\"inLanguage\":\"fr-BE\"},{\"@type\":\"WebPage\",\"@id\":\"https:\/\/vieassociative.be\/actualites\/apple-donne-a-liphone-son-propre-cuisine-emoji\/\",\"url\":\"https:\/\/vieassociative.be\/actualites\/apple-donne-a-liphone-son-propre-cuisine-emoji\/\",\"name\":\"Apple donne \u00e0 l'iPhone son propre \u00abcuisine emoji\u00bb | Vie Associative\",\"isPartOf\":{\"@id\":\"https:\/\/vieassociative.be\/actualites\/#website\"},\"primaryImageOfPage\":{\"@id\":\"https:\/\/vieassociative.be\/actualites\/apple-donne-a-liphone-son-propre-cuisine-emoji\/#primaryimage\"},\"image\":{\"@id\":\"https:\/\/vieassociative.be\/actualites\/apple-donne-a-liphone-son-propre-cuisine-emoji\/#primaryimage\"},\"thumbnailUrl\":\"https:\/\/vieassociative.be\/actualites\/wp-content\/uploads\/2025\/06\/1749777457_Apple-donne-a-liPhone-son-propre-cuisine-emoji.png\",\"datePublished\":\"2025-06-13T01:17:36+00:00\",\"dateModified\":\"2025-06-13T01:17:36+00:00\",\"breadcrumb\":{\"@id\":\"https:\/\/vieassociative.be\/actualites\/apple-donne-a-liphone-son-propre-cuisine-emoji\/#breadcrumb\"},\"inLanguage\":\"fr-BE\",\"potentialAction\":[{\"@type\":\"ReadAction\",\"target\":[\"https:\/\/vieassociative.be\/actualites\/apple-donne-a-liphone-son-propre-cuisine-emoji\/\"]}]},{\"@type\":\"ImageObject\",\"inLanguage\":\"fr-BE\",\"@id\":\"https:\/\/vieassociative.be\/actualites\/apple-donne-a-liphone-son-propre-cuisine-emoji\/#primaryimage\",\"url\":\"https:\/\/vieassociative.be\/actualites\/wp-content\/uploads\/2025\/06\/1749777457_Apple-donne-a-liPhone-son-propre-cuisine-emoji.png\",\"contentUrl\":\"https:\/\/vieassociative.be\/actualites\/wp-content\/uploads\/2025\/06\/1749777457_Apple-donne-a-liPhone-son-propre-cuisine-emoji.png\",\"width\":1200,\"height\":675,\"caption\":\"Apple donne \u00e0 l'iPhone son propre \u00abcuisine emoji\u00bb\"},{\"@type\":\"BreadcrumbList\",\"@id\":\"https:\/\/vieassociative.be\/actualites\/apple-donne-a-liphone-son-propre-cuisine-emoji\/#breadcrumb\",\"itemListElement\":[{\"@type\":\"ListItem\",\"position\":1,\"name\":\"Accueil\",\"item\":\"https:\/\/vieassociative.be\/actualites\/\"},{\"@type\":\"ListItem\",\"position\":2,\"name\":\"Apple donne \u00e0 l&rsquo;iPhone son propre \u00abcuisine emoji\u00bb\"}]},{\"@type\":\"WebSite\",\"@id\":\"https:\/\/vieassociative.be\/actualites\/#website\",\"url\":\"https:\/\/vieassociative.be\/actualites\/\",\"name\":\"Vie Associative\",\"description\":\"\",\"publisher\":{\"@id\":\"https:\/\/vieassociative.be\/actualites\/#organization\"},\"potentialAction\":[{\"@type\":\"SearchAction\",\"target\":{\"@type\":\"EntryPoint\",\"urlTemplate\":\"https:\/\/vieassociative.be\/actualites\/?s={search_term_string}\"},\"query-input\":{\"@type\":\"PropertyValueSpecification\",\"valueRequired\":true,\"valueName\":\"search_term_string\"}}],\"inLanguage\":\"fr-BE\"},{\"@type\":\"Organization\",\"@id\":\"https:\/\/vieassociative.be\/actualites\/#organization\",\"name\":\"Vie Associative\",\"url\":\"https:\/\/vieassociative.be\/actualites\/\",\"logo\":{\"@type\":\"ImageObject\",\"inLanguage\":\"fr-BE\",\"@id\":\"https:\/\/vieassociative.be\/actualites\/#\/schema\/logo\/image\/\",\"url\":\"https:\/\/vieassociative.be\/actualites\/wp-content\/uploads\/2024\/09\/cropped-vieassociative_favicon.ico.png\",\"contentUrl\":\"https:\/\/vieassociative.be\/actualites\/wp-content\/uploads\/2024\/09\/cropped-vieassociative_favicon.ico.png\",\"width\":512,\"height\":512,\"caption\":\"Vie Associative\"},\"image\":{\"@id\":\"https:\/\/vieassociative.be\/actualites\/#\/schema\/logo\/image\/\"}},{\"@type\":\"Person\",\"@id\":\"https:\/\/vieassociative.be\/actualites\/#\/schema\/person\/b87ac4f82f9d4e7b7cec7395b679edc4\",\"name\":\"Julien\",\"image\":{\"@type\":\"ImageObject\",\"inLanguage\":\"fr-BE\",\"@id\":\"https:\/\/vieassociative.be\/actualites\/#\/schema\/person\/image\/\",\"url\":\"https:\/\/vieassociative.be\/actualites\/wp-content\/uploads\/2024\/09\/vie-associative-1-150x150.jpg\",\"contentUrl\":\"https:\/\/vieassociative.be\/actualites\/wp-content\/uploads\/2024\/09\/vie-associative-1-150x150.jpg\",\"caption\":\"Julien\"},\"description\":\"Je suis Julien, r\u00e9dacteur pour Vie Associative. Passionn\u00e9 par le monde associatif depuis plus de 10 ans, j'ai \u00e0 c\u0153ur de partager des histoires inspirantes et de mettre en lumi\u00e8re les initiatives locales. Mon objectif est de sensibiliser et d'encourager l'engagement communautaire \u00e0 travers mes articles.\",\"sameAs\":[\"https:\/\/vieassociative.be\/\"]}]}<\/script>\n<!-- \/ Yoast SEO plugin. -->","yoast_head_json":{"title":"Apple donne \u00e0 l'iPhone son propre \u00abcuisine emoji\u00bb | Vie Associative","robots":{"index":"index","follow":"follow","max-snippet":"max-snippet:-1","max-image-preview":"max-image-preview:large","max-video-preview":"max-video-preview:-1"},"canonical":"https:\/\/vieassociative.be\/actualites\/apple-donne-a-liphone-son-propre-cuisine-emoji\/","og_locale":"fr_FR","og_type":"article","og_title":"Apple donne \u00e0 l'iPhone son propre \u00abcuisine emoji\u00bb | Vie Associative","og_description":"Bonjour les emojis illimit\u00e9s. Les emojis sont une \u00e9volution amusante des \u00e9motic\u00f4nes d&rsquo;autrefois, mais il n&rsquo;y en a que tant de personnes \u00e0 choisir. Bien","og_url":"https:\/\/vieassociative.be\/actualites\/apple-donne-a-liphone-son-propre-cuisine-emoji\/","og_site_name":"Vie Associative","article_published_time":"2025-06-13T01:17:36+00:00","og_image":[{"url":"https:\/\/vieassociative.be\/actualites\/wp-content\/uploads\/2025\/06\/Apple-donne-a-liPhone-son-propre-cuisine-emoji.png","type":"","width":"","height":""}],"author":"Julien","twitter_card":"summary_large_image","twitter_misc":{"\u00c9crit par":"Julien","Dur\u00e9e de lecture est.":"3 minutes"},"schema":{"@context":"https:\/\/schema.org","@graph":[{"@type":"Article","@id":"https:\/\/vieassociative.be\/actualites\/apple-donne-a-liphone-son-propre-cuisine-emoji\/#article","isPartOf":{"@id":"https:\/\/vieassociative.be\/actualites\/apple-donne-a-liphone-son-propre-cuisine-emoji\/"},"author":{"name":"Julien","@id":"https:\/\/vieassociative.be\/actualites\/#\/schema\/person\/b87ac4f82f9d4e7b7cec7395b679edc4"},"headline":"Apple donne \u00e0 l&rsquo;iPhone son propre \u00abcuisine emoji\u00bb","datePublished":"2025-06-13T01:17:36+00:00","dateModified":"2025-06-13T01:17:36+00:00","mainEntityOfPage":{"@id":"https:\/\/vieassociative.be\/actualites\/apple-donne-a-liphone-son-propre-cuisine-emoji\/"},"wordCount":580,"publisher":{"@id":"https:\/\/vieassociative.be\/actualites\/#organization"},"image":{"@id":"https:\/\/vieassociative.be\/actualites\/apple-donne-a-liphone-son-propre-cuisine-emoji\/#primaryimage"},"thumbnailUrl":"https:\/\/vieassociative.be\/actualites\/wp-content\/uploads\/2025\/06\/1749777457_Apple-donne-a-liPhone-son-propre-cuisine-emoji.png","keywords":["Apple","cuisine","donne","emoji","liPhone","propre","son"],"articleSection":["Technologie"],"inLanguage":"fr-BE"},{"@type":"WebPage","@id":"https:\/\/vieassociative.be\/actualites\/apple-donne-a-liphone-son-propre-cuisine-emoji\/","url":"https:\/\/vieassociative.be\/actualites\/apple-donne-a-liphone-son-propre-cuisine-emoji\/","name":"Apple donne \u00e0 l'iPhone son propre \u00abcuisine emoji\u00bb | Vie Associative","isPartOf":{"@id":"https:\/\/vieassociative.be\/actualites\/#website"},"primaryImageOfPage":{"@id":"https:\/\/vieassociative.be\/actualites\/apple-donne-a-liphone-son-propre-cuisine-emoji\/#primaryimage"},"image":{"@id":"https:\/\/vieassociative.be\/actualites\/apple-donne-a-liphone-son-propre-cuisine-emoji\/#primaryimage"},"thumbnailUrl":"https:\/\/vieassociative.be\/actualites\/wp-content\/uploads\/2025\/06\/1749777457_Apple-donne-a-liPhone-son-propre-cuisine-emoji.png","datePublished":"2025-06-13T01:17:36+00:00","dateModified":"2025-06-13T01:17:36+00:00","breadcrumb":{"@id":"https:\/\/vieassociative.be\/actualites\/apple-donne-a-liphone-son-propre-cuisine-emoji\/#breadcrumb"},"inLanguage":"fr-BE","potentialAction":[{"@type":"ReadAction","target":["https:\/\/vieassociative.be\/actualites\/apple-donne-a-liphone-son-propre-cuisine-emoji\/"]}]},{"@type":"ImageObject","inLanguage":"fr-BE","@id":"https:\/\/vieassociative.be\/actualites\/apple-donne-a-liphone-son-propre-cuisine-emoji\/#primaryimage","url":"https:\/\/vieassociative.be\/actualites\/wp-content\/uploads\/2025\/06\/1749777457_Apple-donne-a-liPhone-son-propre-cuisine-emoji.png","contentUrl":"https:\/\/vieassociative.be\/actualites\/wp-content\/uploads\/2025\/06\/1749777457_Apple-donne-a-liPhone-son-propre-cuisine-emoji.png","width":1200,"height":675,"caption":"Apple donne \u00e0 l'iPhone son propre \u00abcuisine emoji\u00bb"},{"@type":"BreadcrumbList","@id":"https:\/\/vieassociative.be\/actualites\/apple-donne-a-liphone-son-propre-cuisine-emoji\/#breadcrumb","itemListElement":[{"@type":"ListItem","position":1,"name":"Accueil","item":"https:\/\/vieassociative.be\/actualites\/"},{"@type":"ListItem","position":2,"name":"Apple donne \u00e0 l&rsquo;iPhone son propre \u00abcuisine emoji\u00bb"}]},{"@type":"WebSite","@id":"https:\/\/vieassociative.be\/actualites\/#website","url":"https:\/\/vieassociative.be\/actualites\/","name":"Vie Associative","description":"","publisher":{"@id":"https:\/\/vieassociative.be\/actualites\/#organization"},"potentialAction":[{"@type":"SearchAction","target":{"@type":"EntryPoint","urlTemplate":"https:\/\/vieassociative.be\/actualites\/?s={search_term_string}"},"query-input":{"@type":"PropertyValueSpecification","valueRequired":true,"valueName":"search_term_string"}}],"inLanguage":"fr-BE"},{"@type":"Organization","@id":"https:\/\/vieassociative.be\/actualites\/#organization","name":"Vie Associative","url":"https:\/\/vieassociative.be\/actualites\/","logo":{"@type":"ImageObject","inLanguage":"fr-BE","@id":"https:\/\/vieassociative.be\/actualites\/#\/schema\/logo\/image\/","url":"https:\/\/vieassociative.be\/actualites\/wp-content\/uploads\/2024\/09\/cropped-vieassociative_favicon.ico.png","contentUrl":"https:\/\/vieassociative.be\/actualites\/wp-content\/uploads\/2024\/09\/cropped-vieassociative_favicon.ico.png","width":512,"height":512,"caption":"Vie Associative"},"image":{"@id":"https:\/\/vieassociative.be\/actualites\/#\/schema\/logo\/image\/"}},{"@type":"Person","@id":"https:\/\/vieassociative.be\/actualites\/#\/schema\/person\/b87ac4f82f9d4e7b7cec7395b679edc4","name":"Julien","image":{"@type":"ImageObject","inLanguage":"fr-BE","@id":"https:\/\/vieassociative.be\/actualites\/#\/schema\/person\/image\/","url":"https:\/\/vieassociative.be\/actualites\/wp-content\/uploads\/2024\/09\/vie-associative-1-150x150.jpg","contentUrl":"https:\/\/vieassociative.be\/actualites\/wp-content\/uploads\/2024\/09\/vie-associative-1-150x150.jpg","caption":"Julien"},"description":"Je suis Julien, r\u00e9dacteur pour Vie Associative. Passionn\u00e9 par le monde associatif depuis plus de 10 ans, j'ai \u00e0 c\u0153ur de partager des histoires inspirantes et de mettre en lumi\u00e8re les initiatives locales. Mon objectif est de sensibiliser et d'encourager l'engagement communautaire \u00e0 travers mes articles.","sameAs":["https:\/\/vieassociative.be\/"]}]}},"_links":{"self":[{"href":"https:\/\/vieassociative.be\/actualites\/wp-json\/wp\/v2\/posts\/8153"}],"collection":[{"href":"https:\/\/vieassociative.be\/actualites\/wp-json\/wp\/v2\/posts"}],"about":[{"href":"https:\/\/vieassociative.be\/actualites\/wp-json\/wp\/v2\/types\/post"}],"author":[{"embeddable":true,"href":"https:\/\/vieassociative.be\/actualites\/wp-json\/wp\/v2\/users\/1"}],"replies":[{"embeddable":true,"href":"https:\/\/vieassociative.be\/actualites\/wp-json\/wp\/v2\/comments?post=8153"}],"version-history":[{"count":0,"href":"https:\/\/vieassociative.be\/actualites\/wp-json\/wp\/v2\/posts\/8153\/revisions"}],"wp:featuredmedia":[{"embeddable":true,"href":"https:\/\/vieassociative.be\/actualites\/wp-json\/wp\/v2\/media\/8154"}],"wp:attachment":[{"href":"https:\/\/vieassociative.be\/actualites\/wp-json\/wp\/v2\/media?parent=8153"}],"wp:term":[{"taxonomy":"category","embeddable":true,"href":"https:\/\/vieassociative.be\/actualites\/wp-json\/wp\/v2\/categories?post=8153"},{"taxonomy":"post_tag","embeddable":true,"href":"https:\/\/vieassociative.be\/actualites\/wp-json\/wp\/v2\/tags?post=8153"}],"curies":[{"name":"wp","href":"https:\/\/api.w.org\/{rel}","templated":true}]}}