{"id":8151,"date":"2025-06-13T02:20:01","date_gmt":"2025-06-13T00:20:01","guid":{"rendered":"https:\/\/vieassociative.be\/actualites\/amazon-a-une-grande-vente-de-la-fete-des-peres-sur-des-outils-electriques\/"},"modified":"2025-06-13T02:20:01","modified_gmt":"2025-06-13T00:20:01","slug":"amazon-a-une-grande-vente-de-la-fete-des-peres-sur-des-outils-electriques","status":"publish","type":"post","link":"https:\/\/vieassociative.be\/actualites\/amazon-a-une-grande-vente-de-la-fete-des-peres-sur-des-outils-electriques\/","title":{"rendered":"Amazon a une grande vente de la f\u00eate des p\u00e8res sur des outils \u00e9lectriques"},"content":{"rendered":"<div class=\"mt-4 leading-6 md:mb-8\">Offrez au p\u00e8re de votre liste un excellent cadeau &#8211; ou \u00e9largissez votre propre bo\u00eete \u00e0 outils de bricolage avec ces offres.<\/div>\n<p><\/p>\n<p>Vous n&rsquo;avez pas besoin d&rsquo;\u00eatre un p\u00e8re pour marquer de grosses r\u00e9ductions sur les outils pour la f\u00eate des p\u00e8res. Tout le monde est autoris\u00e9 \u00e0 acheter des ajouts \u00e0 sa boutique de maison ou \u00e0 un ensemble d&rsquo;outils d&rsquo;entretien de bricolage pendant les ventes de la f\u00eate des p\u00e8res en cours sur Amazon, donc m\u00eame si vous n&rsquo;achetez pas un cadeau, vous pouvez \u00e9conomiser sur des outils sans fil, des \u00e9quipements de cour et de jardin et des accessoires. \u00c9tant donn\u00e9 que ces articles peuvent \u00eatre co\u00fbteux \u00e0 acheter, la plupart du temps, obtenir un accord peut signifier que votre budget de bricolage reste intact, m\u00eame si vous voulez de nouveaux bits de forage \u00e0 impact fantaisistes ou une tron\u00e7onneuse sans fil.<\/p>\n<h2 id=\"cordless-tools\">Outils sans fil<\/h2>\n<p>Les ensembles d&rsquo;outils sans fil sont une partie essentielle de toute bo\u00eete \u00e0 outils de bricolage, et obtenir un outil de bonne qualit\u00e9 qui durera longtemps peut vous aider \u00e0 \u00e9conomiser de l&rsquo;argent \u00e0 court et \u00e0 long terme. <\/p>\n<ul>\n<li>\n<p>L&rsquo;ensemble de pilotes de perceuse et d&rsquo;impact Dewalt de 20 volts est en vente pour 149 $, 43% de r\u00e9duction sur son prix r\u00e9gulier. Cet ensemble comprend une perceuse, un pilote d&rsquo;impact, deux batteries, un chargeur et un sac \u00e0 outils. Cet ensemble de perceuses \/ pilotes est livr\u00e9 avec tout ce dont vous avez besoin pour commencer \u00e0 percer des trous et \u00e0 conduire du mat\u00e9riel, \u00e0 l&rsquo;exception des bits.<\/p>\n<\/li>\n<li>\n<p>L&rsquo;outil oscillant Dewalt 20 volts est en vente pour 94,99 $, 50% de r\u00e9duction sur son prix habituel. Il s&rsquo;agit d&rsquo;une affaire uniquement d&rsquo;outils et n&rsquo;inclut pas une batterie ou un chargeur, vous en aurez donc besoin pour l&rsquo;utiliser. Un outil oscillant est id\u00e9al pour la coupe du plongeon, la coupe aux angles \u00e9tranges et le pon\u00e7age dans les coins serr\u00e9s, ainsi que plusieurs autres fonctions. C&rsquo;est l&rsquo;un des outils les plus polyvalents du kit sans fil et poss\u00e8de une grande vari\u00e9t\u00e9 d&rsquo;applications.<\/p>\n<\/li>\n<li>\n<p>Le routeur de 18 volts sans fil Milwaukee est en vente pour 145 $, 42% de r\u00e9duction sur son prix typique. Il s&rsquo;agit d&rsquo;un routeur compact, bon pour la finition des bords sur les \u00e9tag\u00e8res, les moulures et d&rsquo;autres projets de travail du bois. Il s&rsquo;agit d&rsquo;une affaire uniquement d&rsquo;outils, vous aurez donc besoin de bits de routeur, d&rsquo;une batterie et d&rsquo;un chargeur pour l&rsquo;utiliser.<\/p>\n<\/li>\n<\/ul>\n<div class=\"pogoClear mb-12 mt-10 rounded-md border-2 border-gray-100 py-7 shadow-xl md:py-6\">\n<div class=\"flex flex-wrap justify-between px-7 text-black no-underline md:flex-nowrap md:px-8\">\n<div class=\"order-1 mx-auto flex flex-col justify-center md:order-2 md:ml-4 md:w-full md:grow\">\n<div class=\"block cursor-pointer text-center font-akshar text-2xl font-medium leading-7 text-brand-green duration-200 ease-in-out hover:text-brand-green-700 md:text-left md:text-xl md:leading-6\">Dewalt 20V max xr oscillant multi-outils\n                <\/div>\n<div class=\"mt-4 hidden md:flex md:justify-between\">\n<div class=\"self-end\">\n<div class=\"mb-0 h-11 md:flex md:flex-col md:justify-center\">\n<div class=\" font-sans leading-4 text-black\">\n<div class=\"flex flex-wrap items-center justify-center gap-x-1 md:justify-start\">\n        <span class=\"font-bold\"><\/p>\n<p>            94,99 $<br \/>\n                            <span class=\"font-medium\">\u00e0 Amazon<\/span><br \/>\n                    <\/span><br \/>\n                    <img decoding=\"async\" class=\"mt-0 h-(15px)\" src=\"https:\/\/vieassociative.be\/actualites\/wp-content\/uploads\/2025\/06\/Amazon-a-une-grande-vente-de-la-fete-des-peres.svg.svg+xml\" title=\"Amazon Prime\" alt=\"Amazon Prime\">\n            <\/div>\n<div class=\"flex items-center justify-center gap-x-1 font-bold md:justify-start\">\n            <span class=\"text-sm line-through\">210,86 $<\/span><br \/>\n            <span class=\"text-sm text-brand-green\">\u00c9conomisez 115,87 $<\/span>\n        <\/div>\n<\/p><\/div>\n<\/p><\/div>\n<\/p><\/div>\n<div class=\"w-44 self-end\">\n                            <button class=\"flex justify-center items-center w-full bg-brand-green text-white text-base font-sans font-medium rounded-md hover:bg-brand-green-700 hover:cursor-pointer md:text-sm h-11\"><\/p>\n<p>    Conclure un accord<br \/>\n<\/button>\n                        <\/div>\n<\/p><\/div>\n<\/p><\/div>\n<div class=\"order-2 mt-5 h-auto w-full md:order-1 md:mt-0 md:hidden\">\n<div class=\"flex aspect-video items-center justify-center\">\n                                            <img decoding=\"async\" class=\"m-0 max-h-full max-w-full rounded-md\" src=\"https:\/\/vieassociative.be\/actualites\/wp-content\/uploads\/2025\/06\/Amazon-a-une-grande-vente-de-la-fete-des-peres.jpg\" alt=\"Dewalt 20V max xr oscillant multi-outils\" width=\"auto\" height=\"auto\" loading=\"lazy\">\n                                    <\/div>\n<\/p><\/div>\n<div class=\"order-2 ml-2 hidden w-32 shrink-0 items-center md:order-1 md:ml-0 md:flex\">\n<div class=\"flex aspect-video items-center justify-center\">\n                                            <img decoding=\"async\" class=\"m-0 max-h-full max-w-full rounded-md\" src=\"https:\/\/vieassociative.be\/actualites\/wp-content\/uploads\/2025\/06\/Amazon-a-une-grande-vente-de-la-fete-des-peres.jpg\" alt=\"Dewalt 20V max xr oscillant multi-outils\" width=\"auto\" height=\"auto\" loading=\"lazy\">\n                                    <\/div>\n<\/p><\/div>\n<div class=\"order-3 flex grow flex-wrap md:hidden md:grow-0\">\n<div class=\"mt-4 w-full\">\n                        <button class=\"flex justify-center items-center w-full bg-brand-green text-white text-base font-sans font-medium rounded-md hover:bg-brand-green-700 hover:cursor-pointer md:text-sm h-11\"><\/p>\n<p>    Conclure un accord<br \/>\n<\/button>\n                    <\/div>\n<div class=\"mx-2 mt-4 w-full\">\n<div class=\" font-sans leading-4 text-black\">\n<div class=\"flex flex-wrap items-center justify-center gap-x-1 md:justify-start\">\n        <span class=\"font-bold\"><\/p>\n<p>            94,99 $<br \/>\n                            <span class=\"font-medium\">\u00e0 Amazon<\/span><br \/>\n                    <\/span><br \/>\n                    <img decoding=\"async\" class=\"mt-0 h-(15px)\" src=\"https:\/\/vieassociative.be\/actualites\/wp-content\/uploads\/2025\/06\/Amazon-a-une-grande-vente-de-la-fete-des-peres.svg.svg+xml\" title=\"Amazon Prime\" alt=\"Amazon Prime\">\n            <\/div>\n<div class=\"flex items-center justify-center gap-x-1 font-bold md:justify-start\">\n            <span class=\"text-sm line-through\">210,86 $<\/span><br \/>\n            <span class=\"text-sm text-brand-green\">\u00c9conomisez 115,87 $<\/span>\n        <\/div>\n<\/p><\/div>\n<\/p><\/div>\n<\/p><\/div>\n<\/p><\/div>\n<\/div>\n<h2 id=\"outdoor-power-tools\">Outils \u00e9lectriques ext\u00e9rieurs<\/h2>\n<p>Du nettoyage des meubles de patio \u00e0 la coupe des succursales, les outils \u00e9lectriques sans fil ext\u00e9rieurs peuvent \u00eatre indispensables. <\/p>\n<div class=\"pogoClear relative my-10 border-b-(1.5px) border-t-(1.5px) border-dashed border-black py-5 sm:my-14 sm:border-0 sm:py-0\" data-ga-click data-ga-template=\"Deals\" data-ga-module=\"openweb_widget\" data-ga-element=\"openweb_scroll\" data-ga-item=\"openweb_scroll_midpage\" x-data=\"{\n         commentsCount: null,\n         hasComments: false,\n         async fetchCommentsCount() {\n             try {\n                 if (window.openweb &amp;&amp; typeof window.openweb.getMessagesCount === 'function') {\n                     this.commentsCount = await window.openweb.getMessagesCount('01JXH5YE7SJ79MDVB0330VHAQP');\n                     this.hasComments = this.commentsCount !== null &amp;&amp; this.commentsCount &gt; 0;\n                 }\n             } catch (e) {\n                 console.warn('Failed to fetch comment count:', e);\n             }\n         }\n     }\" x-init=\"fetchCommentsCount()\" x-cloak><\/p>\n<div class=\"absolute top-1\/2 hidden w-full -translate-y-1\/2 border-t-(1.5px) border-dashed border-black sm:block\"><\/div>\n<div class=\"relative flex justify-center\">\n<div class=\"flex max-w-fit items-center gap-x-3 bg-white px-5\">\n<div class=\"relative\">\n                <span class=\"absolute left-1\/2 top-1\/2 -translate-x-1\/2 -translate-y-1\/2 font-akshar text-sm font-medium text-black\" aria-live=\"polite\" x-show=\"hasComments\" x-text=\"commentsCount\"><\/span><\/p>\n<p>                <svg class=\"h-8 w-8 text-black\" role=\"img\" aria-hidden=\"true\">\n                    <use href=\"http:\/\/lifehacker.com\/images\/icons\/spritemap.svg#sprite-chat-bubble\"><\/use>\n                <\/svg>\n            <\/div>\n<p>            <span class=\"text-sm font-medium text-black\"><\/p>\n<p>                Que pensez-vous jusqu&rsquo;\u00e0 pr\u00e9sent?<br \/>\n                <button class=\"ml-1 font-semibold text-brand-green underline hover:text-brand-green-700\" type=\"button\" aria-label=\"Comment section trigger\" onclick=\"window.openweb.scrollToComments('01JXH5YE7SJ79MDVB0330VHAQP')\" x-text=\"hasComments ? 'Post a comment.' : 'Be the first to post a comment.'\"><\/button><br \/>\n            <\/span>\n        <\/div>\n<\/p><\/div>\n<\/div>\n<ul>\n<li>\n<p>La tron\u00e7onneuse sans fil Makita 14 pouces et 20 volts est en vente pour 399,62 $, 41% de r\u00e9duction sur son prix r\u00e9gulier. Cet outil est livr\u00e9 avec deux batteries \u00e0 5 heures et 20 volts et un chargeur, vous pouvez donc l&rsquo;utiliser d\u00e8s la sortie de la bo\u00eete si vous avez de l&rsquo;huile de barre et de cha\u00eene. La lame peut g\u00e9rer des branches jusqu&rsquo;\u00e0 12 pouces de diam\u00e8tre.<\/p>\n<\/li>\n<li>\n<p>Le souffleur de feuilles de 100 mph Ryobi 18 volts est en vente pour 152,99 $, 30% de r\u00e9duction sur son prix r\u00e9gulier. Cet outil est livr\u00e9 avec une batterie \u00e0 4 amp\u00e8res d&rsquo;amplifications et un chargeur, vous avez donc tout ce dont vous avez besoin pour commencer \u00e0 souffler les feuilles. Un souffleur de feuilles est bon pour les feuilles plus que de simples feuilles et peut \u00e9galement \u00eatre utilis\u00e9e pour d\u00e9poussi\u00e9rer vos projets dans votre magasin de maisons.<\/p>\n<\/li>\n<li>\n<p>Le souffleur de feuilles Greenworks 40 volts et 150 mph est en vente pour 30 $, 50% de r\u00e9duction sur son prix typique. Ce ventilateur a une pointe effil\u00e9e pour un objectif plus pr\u00e9cis et peut fonctionner \u00e0 plusieurs vitesses. Il s&rsquo;agit d&rsquo;une affaire uniquement d&rsquo;outils, vous aurez donc besoin d&rsquo;une batterie et d&rsquo;un chargeur compatibles GreenWorks pour l&rsquo;utiliser.<\/p>\n<\/li>\n<\/ul>\n<h2 id=\"batteries-and-accessories\">Batteries et accessoires<\/h2>\n<p>Un composant souvent n\u00e9glig\u00e9 mais aussi cher des outils sans fil est leurs batteries et accessoires. Bien que ces choses semblent petites, elles peuvent vraiment additionner le prix, et vous ne pouvez pas faire grand-chose sans eux. <\/p>\n<ul>\n<li>\n<p>Une batterie Dewalt 8-AMP-Hour, 20 volts est en vente pour 149 $, 32% de r\u00e9duction sur son prix r\u00e9gulier. Cette batterie a une plus grande capacit\u00e9 que les batteries d&rsquo;outils traditionnelles et durera plusieurs heures d&rsquo;utilisation continues sans avoir besoin d&rsquo;une charge. Ce type de batterie est particuli\u00e8rement utile si vous utilisez vos outils plus loin d&rsquo;une source d&rsquo;alimentation ou dans un kit d&rsquo;urgence.<\/p>\n<\/li>\n<li>\n<p>L&rsquo;ensemble de forets multimat\u00e9riaux de 21 pi\u00e8ces de 21 pi\u00e8ces est en vente pour 24,99 $, 51% de r\u00e9duction sur son prix habituel. Cet ensemble comprend 21 bits allant de 1 \/ 16e pouce \u00e0 1\/2 pouce. Ceci est un bon ensemble pour les t\u00e2ches de base de l&rsquo;entretien des maisons.<\/p>\n<\/li>\n<li>\n<p>L&rsquo;ensemble de forets Pilot Point de 29 pi\u00e8ces Dewalt est en vente pour 73,15 $, 45% sur son prix typique. Cet ensemble comprend des bits variant en taille de 1\/16 pouces \u00e0 \u00bd pouce, et ils ont un point pilote effil\u00e9, bon pour emp\u00eacher votre bit d&rsquo;errer pendant que vous commencez \u00e0 forer. Ces bits sont fabriqu\u00e9s \u00e0 partir de titane et sont livr\u00e9s avec un bo\u00eetier de transport en m\u00e9tal et un index.<\/p>\n<\/li>\n<\/ul>\n<div class=\"pogoClear mb-12 mt-10 rounded-md border-2 border-gray-100 py-7 shadow-xl md:py-6\">\n<div class=\"flex flex-wrap justify-between px-7 text-black no-underline md:flex-nowrap md:px-8\">\n<div class=\"order-1 mx-auto flex flex-col justify-center md:order-2 md:ml-4 md:w-full md:grow\">\n<div class=\"block cursor-pointer text-center font-akshar text-2xl font-medium leading-7 text-brand-green duration-200 ease-in-out hover:text-brand-green-700 md:text-left md:text-xl md:leading-6\">Ensemble de forets multimat\u00e9riaux de 21 pi\u00e8ces de 21 pi\u00e8ces\n                <\/div>\n<div class=\"mt-4 hidden md:flex md:justify-between\">\n<div class=\"self-end\">\n<div class=\"mb-0 h-11 md:flex md:flex-col md:justify-center\">\n<div class=\" font-sans leading-4 text-black\">\n<div class=\"flex flex-wrap items-center justify-center gap-x-1 md:justify-start\">\n        <span class=\"font-bold\"><\/p>\n<p>            24,99 $<br \/>\n                            <span class=\"font-medium\">\u00e0 Amazon<\/span><br \/>\n                    <\/span><br \/>\n                    <img decoding=\"async\" class=\"mt-0 h-(15px)\" src=\"https:\/\/vieassociative.be\/actualites\/wp-content\/uploads\/2025\/06\/Amazon-a-une-grande-vente-de-la-fete-des-peres.svg.svg+xml\" title=\"Amazon Prime\" alt=\"Amazon Prime\">\n            <\/div>\n<div class=\"flex items-center justify-center gap-x-1 font-bold md:justify-start\">\n            <span class=\"text-sm line-through\">50,49 $<\/span><br \/>\n            <span class=\"text-sm text-brand-green\">\u00c9conomisez 25,50 $<\/span>\n        <\/div>\n<\/p><\/div>\n<\/p><\/div>\n<\/p><\/div>\n<div class=\"w-44 self-end\">\n                            <button class=\"flex justify-center items-center w-full bg-brand-green text-white text-base font-sans font-medium rounded-md hover:bg-brand-green-700 hover:cursor-pointer md:text-sm h-11\"><\/p>\n<p>    Conclure un accord<br \/>\n<\/button>\n                        <\/div>\n<\/p><\/div>\n<\/p><\/div>\n<div class=\"order-2 mt-5 h-auto w-full md:order-1 md:mt-0 md:hidden\">\n<div class=\"flex aspect-video items-center justify-center\">\n                                            <img decoding=\"async\" class=\"m-0 max-h-full max-w-full rounded-md\" src=\"https:\/\/vieassociative.be\/actualites\/wp-content\/uploads\/2025\/06\/1749774001_974_Amazon-a-une-grande-vente-de-la-fete-des-peres.jpg\" alt=\"Bosch BL21A 21 pi\u00e8ces assorties Set Black Oxyde Metal Drill Bits avec bo\u00eetier inclus pour les applications en m\u00e9tal de calibre clair, bois, plastique\" width=\"auto\" height=\"auto\" loading=\"lazy\">\n                                    <\/div>\n<\/p><\/div>\n<div class=\"order-2 ml-2 hidden w-32 shrink-0 items-center md:order-1 md:ml-0 md:flex\">\n<div class=\"flex aspect-video items-center justify-center\">\n                                            <img decoding=\"async\" class=\"m-0 max-h-full max-w-full rounded-md\" src=\"https:\/\/vieassociative.be\/actualites\/wp-content\/uploads\/2025\/06\/1749774001_974_Amazon-a-une-grande-vente-de-la-fete-des-peres.jpg\" alt=\"Bosch BL21A 21 pi\u00e8ces assorties Set Black Oxyde Metal Drill Bits avec bo\u00eetier inclus pour les applications en m\u00e9tal de calibre clair, bois, plastique\" width=\"auto\" height=\"auto\" loading=\"lazy\">\n                                    <\/div>\n<\/p><\/div>\n<div class=\"order-3 flex grow flex-wrap md:hidden md:grow-0\">\n<div class=\"mt-4 w-full\">\n                        <button class=\"flex justify-center items-center w-full bg-brand-green text-white text-base font-sans font-medium rounded-md hover:bg-brand-green-700 hover:cursor-pointer md:text-sm h-11\"><\/p>\n<p>    Conclure un accord<br \/>\n<\/button>\n                    <\/div>\n<div class=\"mx-2 mt-4 w-full\">\n<div class=\" font-sans leading-4 text-black\">\n<div class=\"flex flex-wrap items-center justify-center gap-x-1 md:justify-start\">\n        <span class=\"font-bold\"><\/p>\n<p>            24,99 $<br \/>\n                            <span class=\"font-medium\">\u00e0 Amazon<\/span><br \/>\n                    <\/span><br \/>\n                    <img decoding=\"async\" class=\"mt-0 h-(15px)\" src=\"https:\/\/vieassociative.be\/actualites\/wp-content\/uploads\/2025\/06\/Amazon-a-une-grande-vente-de-la-fete-des-peres.svg.svg+xml\" title=\"Amazon Prime\" alt=\"Amazon Prime\">\n            <\/div>\n<div class=\"flex items-center justify-center gap-x-1 font-bold md:justify-start\">\n            <span class=\"text-sm line-through\">50,49 $<\/span><br \/>\n            <span class=\"text-sm text-brand-green\">\u00c9conomisez 25,50 $<\/span>\n        <\/div>\n<\/p><\/div>\n<\/p><\/div>\n<\/p><\/div>\n<\/p><\/div>\n<\/div>\n","protected":false},"excerpt":{"rendered":"<p>Offrez au p\u00e8re de votre liste un excellent cadeau &#8211; ou \u00e9largissez votre propre bo\u00eete \u00e0 outils de bricolage avec ces offres. Vous n&rsquo;avez pas<\/p>\n","protected":false},"author":1,"featured_media":8152,"comment_status":"","ping_status":"","sticky":false,"template":"","format":"standard","meta":{"footnotes":""},"categories":[40],"tags":[51,29,3502,1485,1787,825,2260,33,110,223],"class_list":["post-8151","post","type-post","status-publish","format-standard","has-post-thumbnail","hentry","category-maison","tag-amazon","tag-des","tag-electriques","tag-fete","tag-grande","tag-outils","tag-peres","tag-sur","tag-une","tag-vente","generate-columns","tablet-grid-50","mobile-grid-100","grid-parent","grid-33"],"yoast_head":"<!-- This site is optimized with the Yoast SEO plugin v24.0 - https:\/\/yoast.com\/wordpress\/plugins\/seo\/ -->\n<title>Amazon a une grande vente de la f\u00eate des p\u00e8res sur des outils \u00e9lectriques | Vie Associative<\/title>\n<meta name=\"robots\" content=\"index, follow, max-snippet:-1, max-image-preview:large, max-video-preview:-1\" \/>\n<link rel=\"canonical\" href=\"https:\/\/vieassociative.be\/actualites\/amazon-a-une-grande-vente-de-la-fete-des-peres-sur-des-outils-electriques\/\" \/>\n<meta property=\"og:locale\" content=\"fr_FR\" \/>\n<meta property=\"og:type\" content=\"article\" \/>\n<meta property=\"og:title\" content=\"Amazon a une grande vente de la f\u00eate des p\u00e8res sur des outils \u00e9lectriques | Vie Associative\" \/>\n<meta property=\"og:description\" content=\"Offrez au p\u00e8re de votre liste un excellent cadeau &#8211; ou \u00e9largissez votre propre bo\u00eete \u00e0 outils de bricolage avec ces offres. Vous n&rsquo;avez pas\" \/>\n<meta property=\"og:url\" content=\"https:\/\/vieassociative.be\/actualites\/amazon-a-une-grande-vente-de-la-fete-des-peres-sur-des-outils-electriques\/\" \/>\n<meta property=\"og:site_name\" content=\"Vie Associative\" \/>\n<meta property=\"article:published_time\" content=\"2025-06-13T00:20:01+00:00\" \/>\n<meta property=\"og:image\" content=\"https:\/\/vieassociative.be\/actualites\/wp-content\/uploads\/2025\/06\/Amazon-a-une-grande-vente-de-la-fete-des-peres.svg.svg+xml\" \/>\n<meta name=\"author\" content=\"Julien\" \/>\n<meta name=\"twitter:card\" content=\"summary_large_image\" \/>\n<meta name=\"twitter:label1\" content=\"\u00c9crit par\" \/>\n\t<meta name=\"twitter:data1\" content=\"Julien\" \/>\n\t<meta name=\"twitter:label2\" content=\"Dur\u00e9e de lecture est.\" \/>\n\t<meta name=\"twitter:data2\" content=\"4 minutes\" \/>\n<script type=\"application\/ld+json\" class=\"yoast-schema-graph\">{\"@context\":\"https:\/\/schema.org\",\"@graph\":[{\"@type\":\"Article\",\"@id\":\"https:\/\/vieassociative.be\/actualites\/amazon-a-une-grande-vente-de-la-fete-des-peres-sur-des-outils-electriques\/#article\",\"isPartOf\":{\"@id\":\"https:\/\/vieassociative.be\/actualites\/amazon-a-une-grande-vente-de-la-fete-des-peres-sur-des-outils-electriques\/\"},\"author\":{\"name\":\"Julien\",\"@id\":\"https:\/\/vieassociative.be\/actualites\/#\/schema\/person\/b87ac4f82f9d4e7b7cec7395b679edc4\"},\"headline\":\"Amazon a une grande vente de la f\u00eate des p\u00e8res sur des outils \u00e9lectriques\",\"datePublished\":\"2025-06-13T00:20:01+00:00\",\"dateModified\":\"2025-06-13T00:20:01+00:00\",\"mainEntityOfPage\":{\"@id\":\"https:\/\/vieassociative.be\/actualites\/amazon-a-une-grande-vente-de-la-fete-des-peres-sur-des-outils-electriques\/\"},\"wordCount\":957,\"publisher\":{\"@id\":\"https:\/\/vieassociative.be\/actualites\/#organization\"},\"image\":{\"@id\":\"https:\/\/vieassociative.be\/actualites\/amazon-a-une-grande-vente-de-la-fete-des-peres-sur-des-outils-electriques\/#primaryimage\"},\"thumbnailUrl\":\"https:\/\/vieassociative.be\/actualites\/wp-content\/uploads\/2025\/06\/1749774002_Amazon-a-une-grande-vente-de-la-fete-des-peres.jpg\",\"keywords\":[\"Amazon\",\"Des\",\"\u00e9lectriques\",\"f\u00eate\",\"grande\",\"outils\",\"p\u00e8res\",\"sur\",\"une\",\"vente\"],\"articleSection\":[\"Maison\"],\"inLanguage\":\"fr-BE\"},{\"@type\":\"WebPage\",\"@id\":\"https:\/\/vieassociative.be\/actualites\/amazon-a-une-grande-vente-de-la-fete-des-peres-sur-des-outils-electriques\/\",\"url\":\"https:\/\/vieassociative.be\/actualites\/amazon-a-une-grande-vente-de-la-fete-des-peres-sur-des-outils-electriques\/\",\"name\":\"Amazon a une grande vente de la f\u00eate des p\u00e8res sur des outils \u00e9lectriques | Vie Associative\",\"isPartOf\":{\"@id\":\"https:\/\/vieassociative.be\/actualites\/#website\"},\"primaryImageOfPage\":{\"@id\":\"https:\/\/vieassociative.be\/actualites\/amazon-a-une-grande-vente-de-la-fete-des-peres-sur-des-outils-electriques\/#primaryimage\"},\"image\":{\"@id\":\"https:\/\/vieassociative.be\/actualites\/amazon-a-une-grande-vente-de-la-fete-des-peres-sur-des-outils-electriques\/#primaryimage\"},\"thumbnailUrl\":\"https:\/\/vieassociative.be\/actualites\/wp-content\/uploads\/2025\/06\/1749774002_Amazon-a-une-grande-vente-de-la-fete-des-peres.jpg\",\"datePublished\":\"2025-06-13T00:20:01+00:00\",\"dateModified\":\"2025-06-13T00:20:01+00:00\",\"breadcrumb\":{\"@id\":\"https:\/\/vieassociative.be\/actualites\/amazon-a-une-grande-vente-de-la-fete-des-peres-sur-des-outils-electriques\/#breadcrumb\"},\"inLanguage\":\"fr-BE\",\"potentialAction\":[{\"@type\":\"ReadAction\",\"target\":[\"https:\/\/vieassociative.be\/actualites\/amazon-a-une-grande-vente-de-la-fete-des-peres-sur-des-outils-electriques\/\"]}]},{\"@type\":\"ImageObject\",\"inLanguage\":\"fr-BE\",\"@id\":\"https:\/\/vieassociative.be\/actualites\/amazon-a-une-grande-vente-de-la-fete-des-peres-sur-des-outils-electriques\/#primaryimage\",\"url\":\"https:\/\/vieassociative.be\/actualites\/wp-content\/uploads\/2025\/06\/1749774002_Amazon-a-une-grande-vente-de-la-fete-des-peres.jpg\",\"contentUrl\":\"https:\/\/vieassociative.be\/actualites\/wp-content\/uploads\/2025\/06\/1749774002_Amazon-a-une-grande-vente-de-la-fete-des-peres.jpg\",\"width\":1200,\"height\":675,\"caption\":\"Amazon a une grande vente de la f\u00eate des p\u00e8res sur des outils \u00e9lectriques\"},{\"@type\":\"BreadcrumbList\",\"@id\":\"https:\/\/vieassociative.be\/actualites\/amazon-a-une-grande-vente-de-la-fete-des-peres-sur-des-outils-electriques\/#breadcrumb\",\"itemListElement\":[{\"@type\":\"ListItem\",\"position\":1,\"name\":\"Accueil\",\"item\":\"https:\/\/vieassociative.be\/actualites\/\"},{\"@type\":\"ListItem\",\"position\":2,\"name\":\"Amazon a une grande vente de la f\u00eate des p\u00e8res sur des outils \u00e9lectriques\"}]},{\"@type\":\"WebSite\",\"@id\":\"https:\/\/vieassociative.be\/actualites\/#website\",\"url\":\"https:\/\/vieassociative.be\/actualites\/\",\"name\":\"Vie Associative\",\"description\":\"\",\"publisher\":{\"@id\":\"https:\/\/vieassociative.be\/actualites\/#organization\"},\"potentialAction\":[{\"@type\":\"SearchAction\",\"target\":{\"@type\":\"EntryPoint\",\"urlTemplate\":\"https:\/\/vieassociative.be\/actualites\/?s={search_term_string}\"},\"query-input\":{\"@type\":\"PropertyValueSpecification\",\"valueRequired\":true,\"valueName\":\"search_term_string\"}}],\"inLanguage\":\"fr-BE\"},{\"@type\":\"Organization\",\"@id\":\"https:\/\/vieassociative.be\/actualites\/#organization\",\"name\":\"Vie Associative\",\"url\":\"https:\/\/vieassociative.be\/actualites\/\",\"logo\":{\"@type\":\"ImageObject\",\"inLanguage\":\"fr-BE\",\"@id\":\"https:\/\/vieassociative.be\/actualites\/#\/schema\/logo\/image\/\",\"url\":\"https:\/\/vieassociative.be\/actualites\/wp-content\/uploads\/2024\/09\/cropped-vieassociative_favicon.ico.png\",\"contentUrl\":\"https:\/\/vieassociative.be\/actualites\/wp-content\/uploads\/2024\/09\/cropped-vieassociative_favicon.ico.png\",\"width\":512,\"height\":512,\"caption\":\"Vie Associative\"},\"image\":{\"@id\":\"https:\/\/vieassociative.be\/actualites\/#\/schema\/logo\/image\/\"}},{\"@type\":\"Person\",\"@id\":\"https:\/\/vieassociative.be\/actualites\/#\/schema\/person\/b87ac4f82f9d4e7b7cec7395b679edc4\",\"name\":\"Julien\",\"image\":{\"@type\":\"ImageObject\",\"inLanguage\":\"fr-BE\",\"@id\":\"https:\/\/vieassociative.be\/actualites\/#\/schema\/person\/image\/\",\"url\":\"https:\/\/vieassociative.be\/actualites\/wp-content\/uploads\/2024\/09\/vie-associative-1-150x150.jpg\",\"contentUrl\":\"https:\/\/vieassociative.be\/actualites\/wp-content\/uploads\/2024\/09\/vie-associative-1-150x150.jpg\",\"caption\":\"Julien\"},\"description\":\"Je suis Julien, r\u00e9dacteur pour Vie Associative. Passionn\u00e9 par le monde associatif depuis plus de 10 ans, j'ai \u00e0 c\u0153ur de partager des histoires inspirantes et de mettre en lumi\u00e8re les initiatives locales. Mon objectif est de sensibiliser et d'encourager l'engagement communautaire \u00e0 travers mes articles.\",\"sameAs\":[\"https:\/\/vieassociative.be\/\"]}]}<\/script>\n<!-- \/ Yoast SEO plugin. -->","yoast_head_json":{"title":"Amazon a une grande vente de la f\u00eate des p\u00e8res sur des outils \u00e9lectriques | Vie Associative","robots":{"index":"index","follow":"follow","max-snippet":"max-snippet:-1","max-image-preview":"max-image-preview:large","max-video-preview":"max-video-preview:-1"},"canonical":"https:\/\/vieassociative.be\/actualites\/amazon-a-une-grande-vente-de-la-fete-des-peres-sur-des-outils-electriques\/","og_locale":"fr_FR","og_type":"article","og_title":"Amazon a une grande vente de la f\u00eate des p\u00e8res sur des outils \u00e9lectriques | Vie Associative","og_description":"Offrez au p\u00e8re de votre liste un excellent cadeau &#8211; ou \u00e9largissez votre propre bo\u00eete \u00e0 outils de bricolage avec ces offres. Vous n&rsquo;avez pas","og_url":"https:\/\/vieassociative.be\/actualites\/amazon-a-une-grande-vente-de-la-fete-des-peres-sur-des-outils-electriques\/","og_site_name":"Vie Associative","article_published_time":"2025-06-13T00:20:01+00:00","og_image":[{"url":"https:\/\/vieassociative.be\/actualites\/wp-content\/uploads\/2025\/06\/Amazon-a-une-grande-vente-de-la-fete-des-peres.svg.svg+xml","type":"","width":"","height":""}],"author":"Julien","twitter_card":"summary_large_image","twitter_misc":{"\u00c9crit par":"Julien","Dur\u00e9e de lecture est.":"4 minutes"},"schema":{"@context":"https:\/\/schema.org","@graph":[{"@type":"Article","@id":"https:\/\/vieassociative.be\/actualites\/amazon-a-une-grande-vente-de-la-fete-des-peres-sur-des-outils-electriques\/#article","isPartOf":{"@id":"https:\/\/vieassociative.be\/actualites\/amazon-a-une-grande-vente-de-la-fete-des-peres-sur-des-outils-electriques\/"},"author":{"name":"Julien","@id":"https:\/\/vieassociative.be\/actualites\/#\/schema\/person\/b87ac4f82f9d4e7b7cec7395b679edc4"},"headline":"Amazon a une grande vente de la f\u00eate des p\u00e8res sur des outils \u00e9lectriques","datePublished":"2025-06-13T00:20:01+00:00","dateModified":"2025-06-13T00:20:01+00:00","mainEntityOfPage":{"@id":"https:\/\/vieassociative.be\/actualites\/amazon-a-une-grande-vente-de-la-fete-des-peres-sur-des-outils-electriques\/"},"wordCount":957,"publisher":{"@id":"https:\/\/vieassociative.be\/actualites\/#organization"},"image":{"@id":"https:\/\/vieassociative.be\/actualites\/amazon-a-une-grande-vente-de-la-fete-des-peres-sur-des-outils-electriques\/#primaryimage"},"thumbnailUrl":"https:\/\/vieassociative.be\/actualites\/wp-content\/uploads\/2025\/06\/1749774002_Amazon-a-une-grande-vente-de-la-fete-des-peres.jpg","keywords":["Amazon","Des","\u00e9lectriques","f\u00eate","grande","outils","p\u00e8res","sur","une","vente"],"articleSection":["Maison"],"inLanguage":"fr-BE"},{"@type":"WebPage","@id":"https:\/\/vieassociative.be\/actualites\/amazon-a-une-grande-vente-de-la-fete-des-peres-sur-des-outils-electriques\/","url":"https:\/\/vieassociative.be\/actualites\/amazon-a-une-grande-vente-de-la-fete-des-peres-sur-des-outils-electriques\/","name":"Amazon a une grande vente de la f\u00eate des p\u00e8res sur des outils \u00e9lectriques | Vie Associative","isPartOf":{"@id":"https:\/\/vieassociative.be\/actualites\/#website"},"primaryImageOfPage":{"@id":"https:\/\/vieassociative.be\/actualites\/amazon-a-une-grande-vente-de-la-fete-des-peres-sur-des-outils-electriques\/#primaryimage"},"image":{"@id":"https:\/\/vieassociative.be\/actualites\/amazon-a-une-grande-vente-de-la-fete-des-peres-sur-des-outils-electriques\/#primaryimage"},"thumbnailUrl":"https:\/\/vieassociative.be\/actualites\/wp-content\/uploads\/2025\/06\/1749774002_Amazon-a-une-grande-vente-de-la-fete-des-peres.jpg","datePublished":"2025-06-13T00:20:01+00:00","dateModified":"2025-06-13T00:20:01+00:00","breadcrumb":{"@id":"https:\/\/vieassociative.be\/actualites\/amazon-a-une-grande-vente-de-la-fete-des-peres-sur-des-outils-electriques\/#breadcrumb"},"inLanguage":"fr-BE","potentialAction":[{"@type":"ReadAction","target":["https:\/\/vieassociative.be\/actualites\/amazon-a-une-grande-vente-de-la-fete-des-peres-sur-des-outils-electriques\/"]}]},{"@type":"ImageObject","inLanguage":"fr-BE","@id":"https:\/\/vieassociative.be\/actualites\/amazon-a-une-grande-vente-de-la-fete-des-peres-sur-des-outils-electriques\/#primaryimage","url":"https:\/\/vieassociative.be\/actualites\/wp-content\/uploads\/2025\/06\/1749774002_Amazon-a-une-grande-vente-de-la-fete-des-peres.jpg","contentUrl":"https:\/\/vieassociative.be\/actualites\/wp-content\/uploads\/2025\/06\/1749774002_Amazon-a-une-grande-vente-de-la-fete-des-peres.jpg","width":1200,"height":675,"caption":"Amazon a une grande vente de la f\u00eate des p\u00e8res sur des outils \u00e9lectriques"},{"@type":"BreadcrumbList","@id":"https:\/\/vieassociative.be\/actualites\/amazon-a-une-grande-vente-de-la-fete-des-peres-sur-des-outils-electriques\/#breadcrumb","itemListElement":[{"@type":"ListItem","position":1,"name":"Accueil","item":"https:\/\/vieassociative.be\/actualites\/"},{"@type":"ListItem","position":2,"name":"Amazon a une grande vente de la f\u00eate des p\u00e8res sur des outils \u00e9lectriques"}]},{"@type":"WebSite","@id":"https:\/\/vieassociative.be\/actualites\/#website","url":"https:\/\/vieassociative.be\/actualites\/","name":"Vie Associative","description":"","publisher":{"@id":"https:\/\/vieassociative.be\/actualites\/#organization"},"potentialAction":[{"@type":"SearchAction","target":{"@type":"EntryPoint","urlTemplate":"https:\/\/vieassociative.be\/actualites\/?s={search_term_string}"},"query-input":{"@type":"PropertyValueSpecification","valueRequired":true,"valueName":"search_term_string"}}],"inLanguage":"fr-BE"},{"@type":"Organization","@id":"https:\/\/vieassociative.be\/actualites\/#organization","name":"Vie Associative","url":"https:\/\/vieassociative.be\/actualites\/","logo":{"@type":"ImageObject","inLanguage":"fr-BE","@id":"https:\/\/vieassociative.be\/actualites\/#\/schema\/logo\/image\/","url":"https:\/\/vieassociative.be\/actualites\/wp-content\/uploads\/2024\/09\/cropped-vieassociative_favicon.ico.png","contentUrl":"https:\/\/vieassociative.be\/actualites\/wp-content\/uploads\/2024\/09\/cropped-vieassociative_favicon.ico.png","width":512,"height":512,"caption":"Vie Associative"},"image":{"@id":"https:\/\/vieassociative.be\/actualites\/#\/schema\/logo\/image\/"}},{"@type":"Person","@id":"https:\/\/vieassociative.be\/actualites\/#\/schema\/person\/b87ac4f82f9d4e7b7cec7395b679edc4","name":"Julien","image":{"@type":"ImageObject","inLanguage":"fr-BE","@id":"https:\/\/vieassociative.be\/actualites\/#\/schema\/person\/image\/","url":"https:\/\/vieassociative.be\/actualites\/wp-content\/uploads\/2024\/09\/vie-associative-1-150x150.jpg","contentUrl":"https:\/\/vieassociative.be\/actualites\/wp-content\/uploads\/2024\/09\/vie-associative-1-150x150.jpg","caption":"Julien"},"description":"Je suis Julien, r\u00e9dacteur pour Vie Associative. Passionn\u00e9 par le monde associatif depuis plus de 10 ans, j'ai \u00e0 c\u0153ur de partager des histoires inspirantes et de mettre en lumi\u00e8re les initiatives locales. Mon objectif est de sensibiliser et d'encourager l'engagement communautaire \u00e0 travers mes articles.","sameAs":["https:\/\/vieassociative.be\/"]}]}},"_links":{"self":[{"href":"https:\/\/vieassociative.be\/actualites\/wp-json\/wp\/v2\/posts\/8151"}],"collection":[{"href":"https:\/\/vieassociative.be\/actualites\/wp-json\/wp\/v2\/posts"}],"about":[{"href":"https:\/\/vieassociative.be\/actualites\/wp-json\/wp\/v2\/types\/post"}],"author":[{"embeddable":true,"href":"https:\/\/vieassociative.be\/actualites\/wp-json\/wp\/v2\/users\/1"}],"replies":[{"embeddable":true,"href":"https:\/\/vieassociative.be\/actualites\/wp-json\/wp\/v2\/comments?post=8151"}],"version-history":[{"count":0,"href":"https:\/\/vieassociative.be\/actualites\/wp-json\/wp\/v2\/posts\/8151\/revisions"}],"wp:featuredmedia":[{"embeddable":true,"href":"https:\/\/vieassociative.be\/actualites\/wp-json\/wp\/v2\/media\/8152"}],"wp:attachment":[{"href":"https:\/\/vieassociative.be\/actualites\/wp-json\/wp\/v2\/media?parent=8151"}],"wp:term":[{"taxonomy":"category","embeddable":true,"href":"https:\/\/vieassociative.be\/actualites\/wp-json\/wp\/v2\/categories?post=8151"},{"taxonomy":"post_tag","embeddable":true,"href":"https:\/\/vieassociative.be\/actualites\/wp-json\/wp\/v2\/tags?post=8151"}],"curies":[{"name":"wp","href":"https:\/\/api.w.org\/{rel}","templated":true}]}}