{"id":8148,"date":"2025-06-12T22:17:48","date_gmt":"2025-06-12T20:17:48","guid":{"rendered":"https:\/\/vieassociative.be\/actualites\/au-moins-204-deces-dans-un-accident-davion-en-inde\/"},"modified":"2025-06-12T22:17:48","modified_gmt":"2025-06-12T20:17:48","slug":"au-moins-204-deces-dans-un-accident-davion-en-inde","status":"publish","type":"post","link":"https:\/\/vieassociative.be\/actualites\/au-moins-204-deces-dans-un-accident-davion-en-inde\/","title":{"rendered":"Au moins 204 d\u00e9c\u00e8s dans un accident d&rsquo;avion en Inde"},"content":{"rendered":"<p><strong>Des \u00e9tendues denses de fum\u00e9e s&rsquo;\u00e9l\u00e8vent au-dessus des lieux de l&rsquo;accident. Les d\u00e9bris d\u00e9molis de l&rsquo;\u00e9pave, une aile br\u00fbl\u00e9e, certaines parties du ch\u00e2ssis, donnent une id\u00e9e de l&rsquo;\u00e9tendue de la catastrophe. Au moins 204 personnes sont mortes dans un accident d&rsquo;avion en Inde, a indiqu\u00e9 la police. Des bless\u00e9s ont \u00e9t\u00e9 amen\u00e9s dans les h\u00f4pitaux.<\/strong><\/p>\n<p><span id=\"more-417618\"><\/span>242 personnes \u00e9taient \u00e0 bord. Les avions d&rsquo;Air India \u00e9taient tomb\u00e9s dans un b\u00e2timent, selon des rapports non confirm\u00e9s, un appel \u00ab\u00a0Mayday\u00a0\u00bb est venu du cockpit peu avant l&rsquo;accident. Combien de victimes ont \u00e9t\u00e9 tu\u00e9es sur le terrain dans ou sur le b\u00e2timent sont rest\u00e9es floues. La police a initialement parl\u00e9 d&rsquo;un total de 40 blessures.<\/p>\n<p><strong>&#8211; Survivant de la 11e place A:<\/strong> La police avait trouv\u00e9 un survivant dans l&rsquo;avion \u00e0 la 11e place, a signal\u00e9 un repr\u00e9sentant de la police de l&rsquo;agence de presse indienne ANI. Il a \u00e9t\u00e9 emmen\u00e9 \u00e0 l&rsquo;h\u00f4pital.<\/p>\n<div id=\"attachment_417621\" class=\"wp-caption alignleft\" style=\"max-width: 300px\"><img fetchpriority=\"high\" decoding=\"async\" class=\"wp-image-417621 size-medium\" src=\"https:\/\/vieassociative.be\/actualites\/wp-content\/uploads\/2025\/06\/Au-moins-204-deces-dans-un-accident-davion-en-Inde.jpg\" alt=\"\" width=\"300\" height=\"200\"><\/p>\n<p class=\"wp-caption-text\">06\/12\/2025, Inde, Ahmedabad: Apr\u00e8s l&rsquo;accident d&rsquo;un avion dans la ville indienne du nord-ouest d&rsquo;Ahmedabad dans l&rsquo;\u00c9tat du Gujarat, les restes des victimes sont amen\u00e9s dans un h\u00f4pital civil. Photo: Ajit Solanki \/ AP \/ DPA<\/p>\n<\/div>\n<p>Il n&rsquo;\u00e9tait pas clair si d&rsquo;autres passagers ou membres d&rsquo;\u00e9quipage ont surv\u00e9cu bless\u00e9. Le seul survivant de l&rsquo;avion, que le ministre de l&rsquo;Int\u00e9rieur de l&rsquo;Inde, Amit Shah, a visit\u00e9 dans la soir\u00e9e le soir. Le repr\u00e9sentant de la police a d\u00e9clar\u00e9 qu&rsquo;il pourrait \u00e9galement y avoir de nouveaux d\u00e9c\u00e8s &#8211; l&rsquo;avion s&rsquo;est \u00e9cras\u00e9 dans une zone r\u00e9sidentielle.<\/p>\n<p>Un dortoir pour les m\u00e9decins s&rsquo;est r\u00e9uni. Les vid\u00e9os ont montr\u00e9 que des parties de l&rsquo;avion ont franchi le b\u00e2timent. Il y avait des d\u00e9bris \u00e0 c\u00f4t\u00e9 d&rsquo;une salle \u00e0 manger avec les assiettes qui se sont arr\u00eat\u00e9es. Le radiodiffuseur indien NDTV a rapport\u00e9 qu&rsquo;au moins cinq \u00e9tudiants en m\u00e9decine avaient \u00e9t\u00e9 tu\u00e9s lorsqu&rsquo;une partie ou une partie de la machine \u00e0 accident \u00e9tait tomb\u00e9e sur leur logement.<\/p>\n<p>Pendant la journ\u00e9e, les secouristes ont transport\u00e9 de nombreux cadavres recouverts de tissus blancs couverts par le site de l&rsquo;accident. Le Premier ministre indien Narendra Modi a parl\u00e9 d&rsquo;une trag\u00e9die qui a rendu stup\u00e9fait. \u00ab\u00a0Dans cette triste heure\u00a0\u00bb, ses pens\u00e9es font partie de toutes les personnes touch\u00e9es.<\/p>\n<p><strong>&#8211; La recherche de survivants est en cours d&rsquo;ex\u00e9cution:<\/strong> Il avait re\u00e7u les informations selon lesquelles il y avait de nombreux d\u00e9c\u00e8s, a d\u00e9clar\u00e9 le ministre indien de la Sant\u00e9 Jagat Prakash Nadda sur la plate-forme X &#8211; sans appeler plus de d\u00e9tails. Des photos et des vid\u00e9os non v\u00e9rifi\u00e9es ont transmis des impressions d\u00e9vastatrices sur les lieux de l&rsquo;accident. Les aides ont recherch\u00e9 des survivants le soir. \u00ab\u00a0Les passagers bless\u00e9s ont \u00e9t\u00e9 amen\u00e9s dans les h\u00f4pitaux les plus proches par les autorit\u00e9s locales\u00a0\u00bb, a d\u00e9clar\u00e9 le patron d&rsquo;Air-India Campbell Wilson sur le X.<\/p>\n<p>Le vol AI171, un Boeing du mod\u00e8le 787 Dreamliner, devait voler d&rsquo;Ahmedabad dans l&rsquo;\u00c9tat indien du Gujarat \u00e0 Londres-Gatwick et arriver en Angleterre dans la soir\u00e9e. La machine ne s&rsquo;est \u00e9cras\u00e9e que quelques secondes apr\u00e8s le d\u00e9but. Selon la compagnie a\u00e9rienne, des citoyens de l&rsquo;Inde, de la Grande-Bretagne, du Canada et du Portugal \u00e9taient \u00e0 bord. Douze membres d&rsquo;\u00e9quipage ont \u00e9t\u00e9 divis\u00e9s pour le vol.<\/p>\n<p><strong>&#8211; Crash imm\u00e9diatement apr\u00e8s le d\u00e9but:<\/strong> Selon les donn\u00e9es du suivi des avions \u00abFlightradar24\u00bb, la machine de onze ans a \u00e9t\u00e9 pr\u00e9vue pour le vol avec l&rsquo;\u00e9tiquetage VT-ANB. Cela devait commencer dans l&rsquo;ouest de l&rsquo;Inde \u00e0 13 h 10. et atterrir \u00e0 l&rsquo;a\u00e9roport de Gatwick \u00e0 18 h 25 (\u00e0 chaque fois). Ahmedabad est l&rsquo;une des plus grandes villes d&rsquo;Inde et est situ\u00e9e \u00e0 l&rsquo;ouest du pays. 5,6 millions de personnes y vivaient lors du recensement de 2011.<\/p>\n<div id=\"attachment_417625\" class=\"wp-caption alignleft\" style=\"max-width: 300px\"><img decoding=\"async\" class=\"wp-image-417625 size-medium\" src=\"https:\/\/vieassociative.be\/actualites\/wp-content\/uploads\/2025\/06\/1749759468_929_Au-moins-204-deces-dans-un-accident-davion-en-Inde.jpg\" alt=\"\" width=\"300\" height=\"200\"><\/p>\n<p class=\"wp-caption-text\">06\/12\/2025, Inde, Ahmedabad: Des \u00e9quipes de recherche et de sauvetage sont utilis\u00e9es apr\u00e8s l&rsquo;accident d&rsquo;un avion \u00e0 Ahmedabad dans l&rsquo;\u00c9tat du Gujarat. Photo: Ajit Solanki \/ AP \/ DPA<\/p>\n<\/div>\n<p>Selon \u00ab\u00a0Flightradar24\u00a0\u00bb, les premi\u00e8res donn\u00e9es du soi-disant syst\u00e8me ADS-B, qui fournissent des donn\u00e9es sur la position, la vitesse et le vol chaque seconde, montrent que l&rsquo;avion \u00e9tait atteint d&rsquo;une hauteur barom\u00e9trique de 625 pieds (190 m\u00e8tres). Apr\u00e8s cela, une vitesse de 475 pieds par minute est tomb\u00e9e.<\/p>\n<p>La cause de l&rsquo;accident n&rsquo;\u00e9tait pas compl\u00e8tement claire pour le moment. L&rsquo;agence de presse PA a cit\u00e9 Natarajan Chandraskaran des propri\u00e9taires d&rsquo;Air India qui a parl\u00e9 d&rsquo;un \u00ab\u00a0accident tragique\u00a0\u00bb. L&rsquo;accent est mis sur le soutien de toutes les personnes et familles touch\u00e9es.<\/p>\n<p><strong>-Boeing Machines \u00e0 l&rsquo;orientation:<\/strong> Sur les r\u00e9seaux sociaux, les vid\u00e9os et les photos de la sc\u00e8ne de l&rsquo;accident se sont propag\u00e9es imm\u00e9diatement apr\u00e8s l&rsquo;accident. Les travaux des services d&rsquo;urgence peuvent \u00e9galement \u00eatre vus sur les enregistrements non v\u00e9rifi\u00e9s.<\/p>\n<p>Selon la base de donn\u00e9es du r\u00e9seau de s\u00e9curit\u00e9 de l&rsquo;aviation, il s&rsquo;agissait du premier accident avec un 787 Dreamliner. Ces derni\u00e8res ann\u00e9es, Boeing avait fait la une des journaux \u00e0 plusieurs reprises en raison de probl\u00e8mes de s\u00e9curit\u00e9. 346 personnes ont \u00e9t\u00e9 tu\u00e9es dans les accidents avec les 737 avions d&rsquo;avion Max en octobre 2018 et mars 2019. Les autorit\u00e9s a\u00e9ronautiques du monde entier avaient ensuite interdit les interdictions de vol pour le mod\u00e8le.<\/p>\n<p>Ce n&rsquo;est qu&rsquo;apr\u00e8s quelques am\u00e9liorations techniques, le mod\u00e8le a \u00e9t\u00e9 progressivement lib\u00e9r\u00e9 pour le trafic a\u00e9rien. Apr\u00e8s l&rsquo;accident de jeudi, la part de Boeing a chut\u00e9 de pr\u00e8s de 8%. Sur demande, Boeing a annonc\u00e9 qu&rsquo;ils \u00e9taient en contact avec la compagnie a\u00e9rienne. (DPA)<\/p>\n","protected":false},"excerpt":{"rendered":"<p>Des \u00e9tendues denses de fum\u00e9e s&rsquo;\u00e9l\u00e8vent au-dessus des lieux de l&rsquo;accident. Les d\u00e9bris d\u00e9molis de l&rsquo;\u00e9pave, une aile br\u00fbl\u00e9e, certaines parties du ch\u00e2ssis, donnent une<\/p>\n","protected":false},"author":1,"featured_media":8149,"comment_status":"","ping_status":"","sticky":false,"template":"","format":"standard","meta":{"footnotes":""},"categories":[298],"tags":[3013,166,4276,1812,7394,469],"class_list":["post-8148","post","type-post","status-publish","format-standard","has-post-thumbnail","hentry","category-belgique","tag-accident","tag-dans","tag-davion","tag-deces","tag-inde","tag-moins","generate-columns","tablet-grid-50","mobile-grid-100","grid-parent","grid-33"],"yoast_head":"<!-- This site is optimized with the Yoast SEO plugin v24.0 - https:\/\/yoast.com\/wordpress\/plugins\/seo\/ -->\n<title>Au moins 204 d\u00e9c\u00e8s dans un accident d&#039;avion en Inde | Vie Associative<\/title>\n<meta name=\"robots\" content=\"index, follow, max-snippet:-1, max-image-preview:large, max-video-preview:-1\" \/>\n<link rel=\"canonical\" href=\"https:\/\/vieassociative.be\/actualites\/au-moins-204-deces-dans-un-accident-davion-en-inde\/\" \/>\n<meta property=\"og:locale\" content=\"fr_FR\" \/>\n<meta property=\"og:type\" content=\"article\" \/>\n<meta property=\"og:title\" content=\"Au moins 204 d\u00e9c\u00e8s dans un accident d&#039;avion en Inde | Vie Associative\" \/>\n<meta property=\"og:description\" content=\"Des \u00e9tendues denses de fum\u00e9e s&rsquo;\u00e9l\u00e8vent au-dessus des lieux de l&rsquo;accident. Les d\u00e9bris d\u00e9molis de l&rsquo;\u00e9pave, une aile br\u00fbl\u00e9e, certaines parties du ch\u00e2ssis, donnent une\" \/>\n<meta property=\"og:url\" content=\"https:\/\/vieassociative.be\/actualites\/au-moins-204-deces-dans-un-accident-davion-en-inde\/\" \/>\n<meta property=\"og:site_name\" content=\"Vie Associative\" \/>\n<meta property=\"article:published_time\" content=\"2025-06-12T20:17:48+00:00\" \/>\n<meta property=\"og:image\" content=\"https:\/\/vieassociative.be\/actualites\/wp-content\/uploads\/2024\/09\/header_backgroundk-01-e1726694325946.png\" \/>\n\t<meta property=\"og:image:width\" content=\"279\" \/>\n\t<meta property=\"og:image:height\" content=\"92\" \/>\n\t<meta property=\"og:image:type\" content=\"image\/png\" \/>\n<meta name=\"author\" content=\"Julien\" \/>\n<meta name=\"twitter:card\" content=\"summary_large_image\" \/>\n<meta name=\"twitter:label1\" content=\"\u00c9crit par\" \/>\n\t<meta name=\"twitter:data1\" content=\"Julien\" \/>\n\t<meta name=\"twitter:label2\" content=\"Dur\u00e9e de lecture est.\" \/>\n\t<meta name=\"twitter:data2\" content=\"5 minutes\" \/>\n<script type=\"application\/ld+json\" class=\"yoast-schema-graph\">{\"@context\":\"https:\/\/schema.org\",\"@graph\":[{\"@type\":\"Article\",\"@id\":\"https:\/\/vieassociative.be\/actualites\/au-moins-204-deces-dans-un-accident-davion-en-inde\/#article\",\"isPartOf\":{\"@id\":\"https:\/\/vieassociative.be\/actualites\/au-moins-204-deces-dans-un-accident-davion-en-inde\/\"},\"author\":{\"name\":\"Julien\",\"@id\":\"https:\/\/vieassociative.be\/actualites\/#\/schema\/person\/b87ac4f82f9d4e7b7cec7395b679edc4\"},\"headline\":\"Au moins 204 d\u00e9c\u00e8s dans un accident d&rsquo;avion en Inde\",\"datePublished\":\"2025-06-12T20:17:48+00:00\",\"dateModified\":\"2025-06-12T20:17:48+00:00\",\"mainEntityOfPage\":{\"@id\":\"https:\/\/vieassociative.be\/actualites\/au-moins-204-deces-dans-un-accident-davion-en-inde\/\"},\"wordCount\":1022,\"publisher\":{\"@id\":\"https:\/\/vieassociative.be\/actualites\/#organization\"},\"image\":{\"@id\":\"https:\/\/vieassociative.be\/actualites\/au-moins-204-deces-dans-un-accident-davion-en-inde\/#primaryimage\"},\"thumbnailUrl\":\"https:\/\/vieassociative.be\/actualites\/wp-content\/uploads\/2025\/06\/1749759468_Au-moins-204-deces-dans-un-accident-davion-en-Inde.jpg\",\"keywords\":[\"accident\",\"dans\",\"davion\",\"d\u00e9c\u00e8s\",\"Inde\",\"moins\"],\"articleSection\":[\"Belgique\"],\"inLanguage\":\"fr-BE\"},{\"@type\":\"WebPage\",\"@id\":\"https:\/\/vieassociative.be\/actualites\/au-moins-204-deces-dans-un-accident-davion-en-inde\/\",\"url\":\"https:\/\/vieassociative.be\/actualites\/au-moins-204-deces-dans-un-accident-davion-en-inde\/\",\"name\":\"Au moins 204 d\u00e9c\u00e8s dans un accident d'avion en Inde | Vie Associative\",\"isPartOf\":{\"@id\":\"https:\/\/vieassociative.be\/actualites\/#website\"},\"primaryImageOfPage\":{\"@id\":\"https:\/\/vieassociative.be\/actualites\/au-moins-204-deces-dans-un-accident-davion-en-inde\/#primaryimage\"},\"image\":{\"@id\":\"https:\/\/vieassociative.be\/actualites\/au-moins-204-deces-dans-un-accident-davion-en-inde\/#primaryimage\"},\"thumbnailUrl\":\"https:\/\/vieassociative.be\/actualites\/wp-content\/uploads\/2025\/06\/1749759468_Au-moins-204-deces-dans-un-accident-davion-en-Inde.jpg\",\"datePublished\":\"2025-06-12T20:17:48+00:00\",\"dateModified\":\"2025-06-12T20:17:48+00:00\",\"breadcrumb\":{\"@id\":\"https:\/\/vieassociative.be\/actualites\/au-moins-204-deces-dans-un-accident-davion-en-inde\/#breadcrumb\"},\"inLanguage\":\"fr-BE\",\"potentialAction\":[{\"@type\":\"ReadAction\",\"target\":[\"https:\/\/vieassociative.be\/actualites\/au-moins-204-deces-dans-un-accident-davion-en-inde\/\"]}]},{\"@type\":\"ImageObject\",\"inLanguage\":\"fr-BE\",\"@id\":\"https:\/\/vieassociative.be\/actualites\/au-moins-204-deces-dans-un-accident-davion-en-inde\/#primaryimage\",\"url\":\"https:\/\/vieassociative.be\/actualites\/wp-content\/uploads\/2025\/06\/1749759468_Au-moins-204-deces-dans-un-accident-davion-en-Inde.jpg\",\"contentUrl\":\"https:\/\/vieassociative.be\/actualites\/wp-content\/uploads\/2025\/06\/1749759468_Au-moins-204-deces-dans-un-accident-davion-en-Inde.jpg\",\"width\":1300,\"height\":867,\"caption\":\"Au moins 204 d\u00e9c\u00e8s dans un accident d'avion en Inde\"},{\"@type\":\"BreadcrumbList\",\"@id\":\"https:\/\/vieassociative.be\/actualites\/au-moins-204-deces-dans-un-accident-davion-en-inde\/#breadcrumb\",\"itemListElement\":[{\"@type\":\"ListItem\",\"position\":1,\"name\":\"Accueil\",\"item\":\"https:\/\/vieassociative.be\/actualites\/\"},{\"@type\":\"ListItem\",\"position\":2,\"name\":\"Au moins 204 d\u00e9c\u00e8s dans un accident d&rsquo;avion en Inde\"}]},{\"@type\":\"WebSite\",\"@id\":\"https:\/\/vieassociative.be\/actualites\/#website\",\"url\":\"https:\/\/vieassociative.be\/actualites\/\",\"name\":\"Vie Associative\",\"description\":\"\",\"publisher\":{\"@id\":\"https:\/\/vieassociative.be\/actualites\/#organization\"},\"potentialAction\":[{\"@type\":\"SearchAction\",\"target\":{\"@type\":\"EntryPoint\",\"urlTemplate\":\"https:\/\/vieassociative.be\/actualites\/?s={search_term_string}\"},\"query-input\":{\"@type\":\"PropertyValueSpecification\",\"valueRequired\":true,\"valueName\":\"search_term_string\"}}],\"inLanguage\":\"fr-BE\"},{\"@type\":\"Organization\",\"@id\":\"https:\/\/vieassociative.be\/actualites\/#organization\",\"name\":\"Vie Associative\",\"url\":\"https:\/\/vieassociative.be\/actualites\/\",\"logo\":{\"@type\":\"ImageObject\",\"inLanguage\":\"fr-BE\",\"@id\":\"https:\/\/vieassociative.be\/actualites\/#\/schema\/logo\/image\/\",\"url\":\"https:\/\/vieassociative.be\/actualites\/wp-content\/uploads\/2024\/09\/cropped-vieassociative_favicon.ico.png\",\"contentUrl\":\"https:\/\/vieassociative.be\/actualites\/wp-content\/uploads\/2024\/09\/cropped-vieassociative_favicon.ico.png\",\"width\":512,\"height\":512,\"caption\":\"Vie Associative\"},\"image\":{\"@id\":\"https:\/\/vieassociative.be\/actualites\/#\/schema\/logo\/image\/\"}},{\"@type\":\"Person\",\"@id\":\"https:\/\/vieassociative.be\/actualites\/#\/schema\/person\/b87ac4f82f9d4e7b7cec7395b679edc4\",\"name\":\"Julien\",\"image\":{\"@type\":\"ImageObject\",\"inLanguage\":\"fr-BE\",\"@id\":\"https:\/\/vieassociative.be\/actualites\/#\/schema\/person\/image\/\",\"url\":\"https:\/\/vieassociative.be\/actualites\/wp-content\/uploads\/2024\/09\/vie-associative-1-150x150.jpg\",\"contentUrl\":\"https:\/\/vieassociative.be\/actualites\/wp-content\/uploads\/2024\/09\/vie-associative-1-150x150.jpg\",\"caption\":\"Julien\"},\"description\":\"Je suis Julien, r\u00e9dacteur pour Vie Associative. Passionn\u00e9 par le monde associatif depuis plus de 10 ans, j'ai \u00e0 c\u0153ur de partager des histoires inspirantes et de mettre en lumi\u00e8re les initiatives locales. Mon objectif est de sensibiliser et d'encourager l'engagement communautaire \u00e0 travers mes articles.\",\"sameAs\":[\"https:\/\/vieassociative.be\/\"]}]}<\/script>\n<!-- \/ Yoast SEO plugin. -->","yoast_head_json":{"title":"Au moins 204 d\u00e9c\u00e8s dans un accident d'avion en Inde | Vie Associative","robots":{"index":"index","follow":"follow","max-snippet":"max-snippet:-1","max-image-preview":"max-image-preview:large","max-video-preview":"max-video-preview:-1"},"canonical":"https:\/\/vieassociative.be\/actualites\/au-moins-204-deces-dans-un-accident-davion-en-inde\/","og_locale":"fr_FR","og_type":"article","og_title":"Au moins 204 d\u00e9c\u00e8s dans un accident d'avion en Inde | Vie Associative","og_description":"Des \u00e9tendues denses de fum\u00e9e s&rsquo;\u00e9l\u00e8vent au-dessus des lieux de l&rsquo;accident. Les d\u00e9bris d\u00e9molis de l&rsquo;\u00e9pave, une aile br\u00fbl\u00e9e, certaines parties du ch\u00e2ssis, donnent une","og_url":"https:\/\/vieassociative.be\/actualites\/au-moins-204-deces-dans-un-accident-davion-en-inde\/","og_site_name":"Vie Associative","article_published_time":"2025-06-12T20:17:48+00:00","og_image":[{"width":279,"height":92,"url":"https:\/\/vieassociative.be\/actualites\/wp-content\/uploads\/2024\/09\/header_backgroundk-01-e1726694325946.png","type":"image\/png"}],"author":"Julien","twitter_card":"summary_large_image","twitter_misc":{"\u00c9crit par":"Julien","Dur\u00e9e de lecture est.":"5 minutes"},"schema":{"@context":"https:\/\/schema.org","@graph":[{"@type":"Article","@id":"https:\/\/vieassociative.be\/actualites\/au-moins-204-deces-dans-un-accident-davion-en-inde\/#article","isPartOf":{"@id":"https:\/\/vieassociative.be\/actualites\/au-moins-204-deces-dans-un-accident-davion-en-inde\/"},"author":{"name":"Julien","@id":"https:\/\/vieassociative.be\/actualites\/#\/schema\/person\/b87ac4f82f9d4e7b7cec7395b679edc4"},"headline":"Au moins 204 d\u00e9c\u00e8s dans un accident d&rsquo;avion en Inde","datePublished":"2025-06-12T20:17:48+00:00","dateModified":"2025-06-12T20:17:48+00:00","mainEntityOfPage":{"@id":"https:\/\/vieassociative.be\/actualites\/au-moins-204-deces-dans-un-accident-davion-en-inde\/"},"wordCount":1022,"publisher":{"@id":"https:\/\/vieassociative.be\/actualites\/#organization"},"image":{"@id":"https:\/\/vieassociative.be\/actualites\/au-moins-204-deces-dans-un-accident-davion-en-inde\/#primaryimage"},"thumbnailUrl":"https:\/\/vieassociative.be\/actualites\/wp-content\/uploads\/2025\/06\/1749759468_Au-moins-204-deces-dans-un-accident-davion-en-Inde.jpg","keywords":["accident","dans","davion","d\u00e9c\u00e8s","Inde","moins"],"articleSection":["Belgique"],"inLanguage":"fr-BE"},{"@type":"WebPage","@id":"https:\/\/vieassociative.be\/actualites\/au-moins-204-deces-dans-un-accident-davion-en-inde\/","url":"https:\/\/vieassociative.be\/actualites\/au-moins-204-deces-dans-un-accident-davion-en-inde\/","name":"Au moins 204 d\u00e9c\u00e8s dans un accident d'avion en Inde | Vie Associative","isPartOf":{"@id":"https:\/\/vieassociative.be\/actualites\/#website"},"primaryImageOfPage":{"@id":"https:\/\/vieassociative.be\/actualites\/au-moins-204-deces-dans-un-accident-davion-en-inde\/#primaryimage"},"image":{"@id":"https:\/\/vieassociative.be\/actualites\/au-moins-204-deces-dans-un-accident-davion-en-inde\/#primaryimage"},"thumbnailUrl":"https:\/\/vieassociative.be\/actualites\/wp-content\/uploads\/2025\/06\/1749759468_Au-moins-204-deces-dans-un-accident-davion-en-Inde.jpg","datePublished":"2025-06-12T20:17:48+00:00","dateModified":"2025-06-12T20:17:48+00:00","breadcrumb":{"@id":"https:\/\/vieassociative.be\/actualites\/au-moins-204-deces-dans-un-accident-davion-en-inde\/#breadcrumb"},"inLanguage":"fr-BE","potentialAction":[{"@type":"ReadAction","target":["https:\/\/vieassociative.be\/actualites\/au-moins-204-deces-dans-un-accident-davion-en-inde\/"]}]},{"@type":"ImageObject","inLanguage":"fr-BE","@id":"https:\/\/vieassociative.be\/actualites\/au-moins-204-deces-dans-un-accident-davion-en-inde\/#primaryimage","url":"https:\/\/vieassociative.be\/actualites\/wp-content\/uploads\/2025\/06\/1749759468_Au-moins-204-deces-dans-un-accident-davion-en-Inde.jpg","contentUrl":"https:\/\/vieassociative.be\/actualites\/wp-content\/uploads\/2025\/06\/1749759468_Au-moins-204-deces-dans-un-accident-davion-en-Inde.jpg","width":1300,"height":867,"caption":"Au moins 204 d\u00e9c\u00e8s dans un accident d'avion en Inde"},{"@type":"BreadcrumbList","@id":"https:\/\/vieassociative.be\/actualites\/au-moins-204-deces-dans-un-accident-davion-en-inde\/#breadcrumb","itemListElement":[{"@type":"ListItem","position":1,"name":"Accueil","item":"https:\/\/vieassociative.be\/actualites\/"},{"@type":"ListItem","position":2,"name":"Au moins 204 d\u00e9c\u00e8s dans un accident d&rsquo;avion en Inde"}]},{"@type":"WebSite","@id":"https:\/\/vieassociative.be\/actualites\/#website","url":"https:\/\/vieassociative.be\/actualites\/","name":"Vie Associative","description":"","publisher":{"@id":"https:\/\/vieassociative.be\/actualites\/#organization"},"potentialAction":[{"@type":"SearchAction","target":{"@type":"EntryPoint","urlTemplate":"https:\/\/vieassociative.be\/actualites\/?s={search_term_string}"},"query-input":{"@type":"PropertyValueSpecification","valueRequired":true,"valueName":"search_term_string"}}],"inLanguage":"fr-BE"},{"@type":"Organization","@id":"https:\/\/vieassociative.be\/actualites\/#organization","name":"Vie Associative","url":"https:\/\/vieassociative.be\/actualites\/","logo":{"@type":"ImageObject","inLanguage":"fr-BE","@id":"https:\/\/vieassociative.be\/actualites\/#\/schema\/logo\/image\/","url":"https:\/\/vieassociative.be\/actualites\/wp-content\/uploads\/2024\/09\/cropped-vieassociative_favicon.ico.png","contentUrl":"https:\/\/vieassociative.be\/actualites\/wp-content\/uploads\/2024\/09\/cropped-vieassociative_favicon.ico.png","width":512,"height":512,"caption":"Vie Associative"},"image":{"@id":"https:\/\/vieassociative.be\/actualites\/#\/schema\/logo\/image\/"}},{"@type":"Person","@id":"https:\/\/vieassociative.be\/actualites\/#\/schema\/person\/b87ac4f82f9d4e7b7cec7395b679edc4","name":"Julien","image":{"@type":"ImageObject","inLanguage":"fr-BE","@id":"https:\/\/vieassociative.be\/actualites\/#\/schema\/person\/image\/","url":"https:\/\/vieassociative.be\/actualites\/wp-content\/uploads\/2024\/09\/vie-associative-1-150x150.jpg","contentUrl":"https:\/\/vieassociative.be\/actualites\/wp-content\/uploads\/2024\/09\/vie-associative-1-150x150.jpg","caption":"Julien"},"description":"Je suis Julien, r\u00e9dacteur pour Vie Associative. Passionn\u00e9 par le monde associatif depuis plus de 10 ans, j'ai \u00e0 c\u0153ur de partager des histoires inspirantes et de mettre en lumi\u00e8re les initiatives locales. Mon objectif est de sensibiliser et d'encourager l'engagement communautaire \u00e0 travers mes articles.","sameAs":["https:\/\/vieassociative.be\/"]}]}},"_links":{"self":[{"href":"https:\/\/vieassociative.be\/actualites\/wp-json\/wp\/v2\/posts\/8148"}],"collection":[{"href":"https:\/\/vieassociative.be\/actualites\/wp-json\/wp\/v2\/posts"}],"about":[{"href":"https:\/\/vieassociative.be\/actualites\/wp-json\/wp\/v2\/types\/post"}],"author":[{"embeddable":true,"href":"https:\/\/vieassociative.be\/actualites\/wp-json\/wp\/v2\/users\/1"}],"replies":[{"embeddable":true,"href":"https:\/\/vieassociative.be\/actualites\/wp-json\/wp\/v2\/comments?post=8148"}],"version-history":[{"count":0,"href":"https:\/\/vieassociative.be\/actualites\/wp-json\/wp\/v2\/posts\/8148\/revisions"}],"wp:featuredmedia":[{"embeddable":true,"href":"https:\/\/vieassociative.be\/actualites\/wp-json\/wp\/v2\/media\/8149"}],"wp:attachment":[{"href":"https:\/\/vieassociative.be\/actualites\/wp-json\/wp\/v2\/media?parent=8148"}],"wp:term":[{"taxonomy":"category","embeddable":true,"href":"https:\/\/vieassociative.be\/actualites\/wp-json\/wp\/v2\/categories?post=8148"},{"taxonomy":"post_tag","embeddable":true,"href":"https:\/\/vieassociative.be\/actualites\/wp-json\/wp\/v2\/tags?post=8148"}],"curies":[{"name":"wp","href":"https:\/\/api.w.org\/{rel}","templated":true}]}}