{"id":8144,"date":"2025-06-12T16:17:32","date_gmt":"2025-06-12T14:17:32","guid":{"rendered":"https:\/\/vieassociative.be\/actualites\/letude-universitaire-prouve-les-garcons-sont-meilleurs-en-mathematiques-que-les-filles-apres-le-debut-de-lecole-pourquoi-est-ce\/"},"modified":"2025-06-12T16:17:32","modified_gmt":"2025-06-12T14:17:32","slug":"letude-universitaire-prouve-les-garcons-sont-meilleurs-en-mathematiques-que-les-filles-apres-le-debut-de-lecole-pourquoi-est-ce","status":"publish","type":"post","link":"https:\/\/vieassociative.be\/actualites\/letude-universitaire-prouve-les-garcons-sont-meilleurs-en-mathematiques-que-les-filles-apres-le-debut-de-lecole-pourquoi-est-ce\/","title":{"rendered":"L&rsquo;\u00e9tude universitaire prouve: les gar\u00e7ons sont meilleurs en math\u00e9matiques que les filles apr\u00e8s le d\u00e9but de l&rsquo;\u00e9cole &#8211; pourquoi est-ce?"},"content":{"rendered":"<p><strong>Dans la petite enfance, les gar\u00e7ons et les filles ont un bon sens des chiffres. Cependant, cela change rapidement d\u00e8s que vous obtenez des cours de math\u00e9matiques. Pourquoi donc?<\/strong><\/p>\n<p><span id=\"more-417559\"><\/span>Selon une \u00e9tude, les gar\u00e7ons et les filles sont \u00e9galement bons au d\u00e9but de l&rsquo;\u00e9cole en math\u00e9matiques &#8211; mais peu de temps apr\u00e8s, leurs r\u00e9alisations diff\u00e8rent. Apr\u00e8s seulement quatre mois, les gar\u00e7ons font beaucoup mieux que les filles.<\/p>\n<p>Un an apr\u00e8s le d\u00e9but de l&rsquo;\u00e9cole, cette diff\u00e9rence a m\u00eame quadrupl\u00e9, en tant qu&rsquo;\u00e9quipe dirig\u00e9e par Pauline Martinot de l&rsquo;Universit\u00e9 Paris Cit\u00e9. Des \u00e9tudes ant\u00e9rieures ont montr\u00e9 que les nourrissons n&rsquo;ont aucune diff\u00e9rence sp\u00e9cifique au sexe dans le sens des nombres et dans les t\u00e2ches math\u00e9matiques, rapporte il dans la revue \u00abNature\u00bb.<\/p>\n<div id=\"attachment_417564\" class=\"wp-caption alignleft\" style=\"max-width: 300px\"><img fetchpriority=\"high\" decoding=\"async\" class=\"wp-image-417564 size-medium\" src=\"https:\/\/vieassociative.be\/actualites\/wp-content\/uploads\/2025\/06\/Letude-universitaire-prouve-les-garcons-sont-meilleurs-en-mathematiques-que.jpg\" alt=\"\" width=\"300\" height=\"200\"><\/p>\n<p class=\"wp-caption-text\">Un professeur heureux explique les math\u00e9matiques sur un tableau blanc en classe. Photo: Shutterstock<\/p>\n<\/div>\n<p>En revanche, les filles \u00e9taient meilleures dans le d\u00e9veloppement du langage depuis le d\u00e9but de l&rsquo;\u00e9cole &#8211; et sont rest\u00e9es. La diff\u00e9rence de genre a r\u00e9tr\u00e9ci quelque chose apr\u00e8s quatre mois, mais a ensuite grimp\u00e9. Dans l&rsquo;ensemble, apr\u00e8s la premi\u00e8re ann\u00e9e d&rsquo;\u00e9cole, la diff\u00e9rence de performance entre les gar\u00e7ons et les filles dans le d\u00e9veloppement de la langue \u00e9tait plus petite que celle des math\u00e9matiques.<\/p>\n<p>L&rsquo;\u00e9quipe a analys\u00e9 les donn\u00e9es d&rsquo;environ 2,7 millions d&rsquo;enfants en France, qui ont commenc\u00e9 avec l&rsquo;\u00e9cole de 2018 \u00e0 2021. Les diff\u00e9rences sp\u00e9cifiques au genre dans les performances math\u00e9matiques ont tendance \u00e0 \u00eatre particuli\u00e8rement importantes dans les \u00e9coles et les familles ayant un statut socio-\u00e9conomique plus \u00e9lev\u00e9. Ils ont augment\u00e9 plus avec la dur\u00e9e de l&rsquo;enseignement scolaire qu&rsquo;avec l&rsquo;\u00e2ge.<\/p>\n<p><strong>&#8211; Connaissances importantes et nouvelles:<\/strong> Les r\u00e9sultats sont \u00ab\u00a0tr\u00e8s int\u00e9ressants et importants\u00a0\u00bb, y compris la d\u00e9monstration d&rsquo;une \u00e9poque o\u00f9 les diff\u00e9rences de genre sont cr\u00e9\u00e9es, Lena Keller de l&rsquo;Institut pour la recherche p\u00e9dagogique d&rsquo;enseignement et d&rsquo;apprentissage psychologique \u00e0 l&rsquo;Universit\u00e9 de Kiel. Ceci est nouveau et \u00ab\u00a0repr\u00e9sente une contribution importante \u00e0 la recherche sur le d\u00e9veloppement des diff\u00e9rences entre les sexes\u00a0\u00bb.<\/p>\n<p>\u00ab\u00a0Une approche explicative possible est que les filles et les gar\u00e7ons apprennent non seulement les math\u00e9matiques \u00e0 l&rsquo;\u00e9cole, mais \u00e9galement confront\u00e9s \u00e0 des attentes sociales et \u00e0 des images de r\u00f4le\u00a0\u00bb, a d\u00e9clar\u00e9 Keller. \u00ab\u00a0Les math\u00e9matiques sont encore plus associ\u00e9es aux gar\u00e7ons.\u00a0\u00bb<\/p>\n<div id=\"attachment_417567\" class=\"wp-caption alignleft\" style=\"max-width: 300px\"><img decoding=\"async\" class=\"wp-image-417567 size-medium\" src=\"https:\/\/vieassociative.be\/actualites\/wp-content\/uploads\/2025\/06\/1749737852_772_Letude-universitaire-prouve-les-garcons-sont-meilleurs-en-mathematiques-que.jpg\" alt=\"\" width=\"300\" height=\"200\"  ><\/p>\n<p class=\"wp-caption-text\">Une machine informatique facilite beaucoup. Photo: pixabay<\/p>\n<\/div>\n<p>Selon Keller, les enseignants pourraient contribuer \u00e0 la consolidation de ces mod\u00e8les sp\u00e9cifiques au genre. Une \u00e9tude actuelle de l&rsquo;Allemagne montre que les enseignants de la 1\u00e8re et de la 2e ann\u00e9e ont fourni des attentes plus \u00e9lev\u00e9es envers les gar\u00e7ons que chez les filles en math\u00e9matiques. De plus, il a \u00e9t\u00e9 d\u00e9montr\u00e9: \u00ab\u00a0Plus les enseignants repr\u00e9sentaient des st\u00e9r\u00e9otypes de genre traditionnels, plus ils sous-estiment les services math\u00e9matiques des filles.\u00a0\u00bb<\/p>\n<p>Selon Keller, il est plausible qu&rsquo;il existe un d\u00e9veloppement similaire des diff\u00e9rences entre les sexes en math\u00e9matiques qu&rsquo;en France en Allemagne. L&rsquo;\u00e9tude internationale de performance scolaire TIMSS 2023 montre un petit avantage en math\u00e9matiques des gar\u00e7ons en quatri\u00e8me ann\u00e9e en Allemagne. L&rsquo;\u00e9tude de la PISA 2022 pour les jeunes de 15 ans en Allemagne a montr\u00e9 la m\u00eame chose.<\/p>\n<p>\u00ab\u00a0Cependant, les \u00e9tudes scientifiques doivent \u00eatre examin\u00e9es empiriquement si les r\u00e9sultats sp\u00e9cifiques peuvent \u00eatre transf\u00e9r\u00e9s\u00a0\u00bb, a d\u00e9clar\u00e9 Keller. Dans l&rsquo;\u00e9tude TIMSS, la diff\u00e9rence de performance entre les filles et les gar\u00e7ons en France \u00e9tait beaucoup plus grande qu&rsquo;en Allemagne, dans l&rsquo;\u00e9tude PISA.<\/p>\n<div id=\"attachment_369643\" class=\"wp-caption alignleft\" style=\"max-width: 300px\"><img decoding=\"async\" class=\"wp-image-369643 size-medium\" src=\"https:\/\/vieassociative.be\/actualites\/wp-content\/uploads\/2025\/06\/1749737852_932_Letude-universitaire-prouve-les-garcons-sont-meilleurs-en-mathematiques-que.jpg\" alt=\"\" width=\"300\" height=\"209\"  ><\/p>\n<p class=\"wp-caption-text\">Un enseignant \u00e9crit une t\u00e2che math\u00e9matique sur une table d&rsquo;\u00e9cole num\u00e9rique dans une classe. Photo: Julian Stratenschulte \/ DPA<\/p>\n<\/div>\n<p>Selon l&rsquo;\u00e9quipe d&rsquo;\u00e9tude, les professeurs des \u00e9coles primaires pourraient conduire \u00e0 des diff\u00e9rences de performance math\u00e9matique, par exemple s&rsquo;ils interagissent diff\u00e9remment avec les gar\u00e7ons et les filles ou plut\u00f4t leur plus grande intelligence et ceux des filles \u00e0 leur plus grand travail acharn\u00e9.<\/p>\n<p><strong>&#8211; Intervention pr\u00e9coce n\u00e9cessaire &#8211; Avant que les filles ne perdent confiance:<\/strong> Selon les r\u00e9sultats des \u00e9tudes ant\u00e9rieures, les enseignants sous-estiment souvent les comp\u00e9tences math\u00e9matiques des filles et supposent que les jeunes talents ont des talents inn\u00e9s, tandis que les filles ne font que progresser par la diligence et l&rsquo;effort. \u00ab\u00a0Ces hypoth\u00e8ses peuvent saper la confiance des filles dans leur capacit\u00e9 \u00e0 apprendre les math\u00e9matiques.\u00a0\u00bb<\/p>\n<p>Selon les chercheurs, les interventions devraient commencer au d\u00e9but du programme. Cela pourrait \u00eatre r\u00e9alis\u00e9 par les filles avant de perdre confiance en leurs comp\u00e9tences math\u00e9matiques.<\/p>\n<p>Selon les hypoth\u00e8ses de l&rsquo;\u00e9quipe de recherche, les parents peuvent commencer \u00e0 investir plus de temps dans la formation formelle de leurs enfants et \u00e9galement transmettre des formes de genre dans la formation formelle de leurs enfants.<\/p>\n<p>\u00ab\u00a0Les r\u00e9sultats actuels devraient accro\u00eetre la conscience sociale que les diff\u00e9rences sp\u00e9cifiques au genre dans les comp\u00e9tences math\u00e9matiques manquent avant la scolarit\u00e9 et que leur apparence rapide commence par le d\u00e9but des le\u00e7ons de math\u00e9matiques formelles\u00a0\u00bb, \u00e9crit l&rsquo;\u00e9quipe. Il s&rsquo;agit d&rsquo;une condition pr\u00e9alable aux efforts des parents et des enseignants pour encourager tous les enfants \u00e0 \u00e9tendre leurs comp\u00e9tences en math\u00e9matiques scolaires. (DPA)<\/p>\n","protected":false},"excerpt":{"rendered":"<p>Dans la petite enfance, les gar\u00e7ons et les filles ont un bon sens des chiffres. Cependant, cela change rapidement d\u00e8s que vous obtenez des cours<\/p>\n","protected":false},"author":1,"featured_media":8145,"comment_status":"","ping_status":"","sticky":false,"template":"","format":"standard","meta":{"footnotes":""},"categories":[298],"tags":[472,359,5967,4322,7391,2437,14,5616,3213,187,734,7371,18,1421],"class_list":["post-8144","post","type-post","status-publish","format-standard","has-post-thumbnail","hentry","category-belgique","tag-apres","tag-debut","tag-estce","tag-filles","tag-garcons","tag-lecole","tag-les","tag-letude","tag-mathematiques","tag-meilleurs","tag-pourquoi","tag-prouve","tag-sont","tag-universitaire","generate-columns","tablet-grid-50","mobile-grid-100","grid-parent","grid-33"],"yoast_head":"<!-- This site is optimized with the Yoast SEO plugin v24.0 - https:\/\/yoast.com\/wordpress\/plugins\/seo\/ -->\n<title>L&#039;\u00e9tude universitaire prouve: les gar\u00e7ons sont meilleurs en math\u00e9matiques que les filles apr\u00e8s le d\u00e9but de l&#039;\u00e9cole - pourquoi est-ce? | Vie Associative<\/title>\n<meta name=\"robots\" content=\"index, follow, max-snippet:-1, max-image-preview:large, max-video-preview:-1\" \/>\n<link rel=\"canonical\" href=\"https:\/\/vieassociative.be\/actualites\/letude-universitaire-prouve-les-garcons-sont-meilleurs-en-mathematiques-que-les-filles-apres-le-debut-de-lecole-pourquoi-est-ce\/\" \/>\n<meta property=\"og:locale\" content=\"fr_FR\" \/>\n<meta property=\"og:type\" content=\"article\" \/>\n<meta property=\"og:title\" content=\"L&#039;\u00e9tude universitaire prouve: les gar\u00e7ons sont meilleurs en math\u00e9matiques que les filles apr\u00e8s le d\u00e9but de l&#039;\u00e9cole - pourquoi est-ce? | Vie Associative\" \/>\n<meta property=\"og:description\" content=\"Dans la petite enfance, les gar\u00e7ons et les filles ont un bon sens des chiffres. Cependant, cela change rapidement d\u00e8s que vous obtenez des cours\" \/>\n<meta property=\"og:url\" content=\"https:\/\/vieassociative.be\/actualites\/letude-universitaire-prouve-les-garcons-sont-meilleurs-en-mathematiques-que-les-filles-apres-le-debut-de-lecole-pourquoi-est-ce\/\" \/>\n<meta property=\"og:site_name\" content=\"Vie Associative\" \/>\n<meta property=\"article:published_time\" content=\"2025-06-12T14:17:32+00:00\" \/>\n<meta property=\"og:image\" content=\"https:\/\/vieassociative.be\/actualites\/wp-content\/uploads\/2024\/09\/header_backgroundk-01-e1726694325946.png\" \/>\n\t<meta property=\"og:image:width\" content=\"279\" \/>\n\t<meta property=\"og:image:height\" content=\"92\" \/>\n\t<meta property=\"og:image:type\" content=\"image\/png\" \/>\n<meta name=\"author\" content=\"Julien\" \/>\n<meta name=\"twitter:card\" content=\"summary_large_image\" \/>\n<meta name=\"twitter:label1\" content=\"\u00c9crit par\" \/>\n\t<meta name=\"twitter:data1\" content=\"Julien\" \/>\n\t<meta name=\"twitter:label2\" content=\"Dur\u00e9e de lecture est.\" \/>\n\t<meta name=\"twitter:data2\" content=\"5 minutes\" \/>\n<script type=\"application\/ld+json\" class=\"yoast-schema-graph\">{\"@context\":\"https:\/\/schema.org\",\"@graph\":[{\"@type\":\"Article\",\"@id\":\"https:\/\/vieassociative.be\/actualites\/letude-universitaire-prouve-les-garcons-sont-meilleurs-en-mathematiques-que-les-filles-apres-le-debut-de-lecole-pourquoi-est-ce\/#article\",\"isPartOf\":{\"@id\":\"https:\/\/vieassociative.be\/actualites\/letude-universitaire-prouve-les-garcons-sont-meilleurs-en-mathematiques-que-les-filles-apres-le-debut-de-lecole-pourquoi-est-ce\/\"},\"author\":{\"name\":\"Julien\",\"@id\":\"https:\/\/vieassociative.be\/actualites\/#\/schema\/person\/b87ac4f82f9d4e7b7cec7395b679edc4\"},\"headline\":\"L&rsquo;\u00e9tude universitaire prouve: les gar\u00e7ons sont meilleurs en math\u00e9matiques que les filles apr\u00e8s le d\u00e9but de l&rsquo;\u00e9cole &#8211; pourquoi est-ce?\",\"datePublished\":\"2025-06-12T14:17:32+00:00\",\"dateModified\":\"2025-06-12T14:17:32+00:00\",\"mainEntityOfPage\":{\"@id\":\"https:\/\/vieassociative.be\/actualites\/letude-universitaire-prouve-les-garcons-sont-meilleurs-en-mathematiques-que-les-filles-apres-le-debut-de-lecole-pourquoi-est-ce\/\"},\"wordCount\":957,\"publisher\":{\"@id\":\"https:\/\/vieassociative.be\/actualites\/#organization\"},\"image\":{\"@id\":\"https:\/\/vieassociative.be\/actualites\/letude-universitaire-prouve-les-garcons-sont-meilleurs-en-mathematiques-que-les-filles-apres-le-debut-de-lecole-pourquoi-est-ce\/#primaryimage\"},\"thumbnailUrl\":\"https:\/\/vieassociative.be\/actualites\/wp-content\/uploads\/2025\/06\/Letude-universitaire-prouve-les-garcons-sont-meilleurs-en-mathematiques-que.png\",\"keywords\":[\"Apr\u00e8s\",\"D\u00e9but\",\"estce\",\"filles\",\"gar\u00e7ons\",\"l\u00e9cole\",\"Les\",\"l\u00e9tude\",\"math\u00e9matiques\",\"meilleurs\",\"Pourquoi\",\"prouve\",\"sont\",\"universitaire\"],\"articleSection\":[\"Belgique\"],\"inLanguage\":\"fr-BE\"},{\"@type\":\"WebPage\",\"@id\":\"https:\/\/vieassociative.be\/actualites\/letude-universitaire-prouve-les-garcons-sont-meilleurs-en-mathematiques-que-les-filles-apres-le-debut-de-lecole-pourquoi-est-ce\/\",\"url\":\"https:\/\/vieassociative.be\/actualites\/letude-universitaire-prouve-les-garcons-sont-meilleurs-en-mathematiques-que-les-filles-apres-le-debut-de-lecole-pourquoi-est-ce\/\",\"name\":\"L'\u00e9tude universitaire prouve: les gar\u00e7ons sont meilleurs en math\u00e9matiques que les filles apr\u00e8s le d\u00e9but de l'\u00e9cole - pourquoi est-ce? | Vie Associative\",\"isPartOf\":{\"@id\":\"https:\/\/vieassociative.be\/actualites\/#website\"},\"primaryImageOfPage\":{\"@id\":\"https:\/\/vieassociative.be\/actualites\/letude-universitaire-prouve-les-garcons-sont-meilleurs-en-mathematiques-que-les-filles-apres-le-debut-de-lecole-pourquoi-est-ce\/#primaryimage\"},\"image\":{\"@id\":\"https:\/\/vieassociative.be\/actualites\/letude-universitaire-prouve-les-garcons-sont-meilleurs-en-mathematiques-que-les-filles-apres-le-debut-de-lecole-pourquoi-est-ce\/#primaryimage\"},\"thumbnailUrl\":\"https:\/\/vieassociative.be\/actualites\/wp-content\/uploads\/2025\/06\/Letude-universitaire-prouve-les-garcons-sont-meilleurs-en-mathematiques-que.png\",\"datePublished\":\"2025-06-12T14:17:32+00:00\",\"dateModified\":\"2025-06-12T14:17:32+00:00\",\"breadcrumb\":{\"@id\":\"https:\/\/vieassociative.be\/actualites\/letude-universitaire-prouve-les-garcons-sont-meilleurs-en-mathematiques-que-les-filles-apres-le-debut-de-lecole-pourquoi-est-ce\/#breadcrumb\"},\"inLanguage\":\"fr-BE\",\"potentialAction\":[{\"@type\":\"ReadAction\",\"target\":[\"https:\/\/vieassociative.be\/actualites\/letude-universitaire-prouve-les-garcons-sont-meilleurs-en-mathematiques-que-les-filles-apres-le-debut-de-lecole-pourquoi-est-ce\/\"]}]},{\"@type\":\"ImageObject\",\"inLanguage\":\"fr-BE\",\"@id\":\"https:\/\/vieassociative.be\/actualites\/letude-universitaire-prouve-les-garcons-sont-meilleurs-en-mathematiques-que-les-filles-apres-le-debut-de-lecole-pourquoi-est-ce\/#primaryimage\",\"url\":\"https:\/\/vieassociative.be\/actualites\/wp-content\/uploads\/2025\/06\/Letude-universitaire-prouve-les-garcons-sont-meilleurs-en-mathematiques-que.png\",\"contentUrl\":\"https:\/\/vieassociative.be\/actualites\/wp-content\/uploads\/2025\/06\/Letude-universitaire-prouve-les-garcons-sont-meilleurs-en-mathematiques-que.png\",\"width\":1280,\"height\":819,\"caption\":\"L'\u00e9tude universitaire prouve: les gar\u00e7ons sont meilleurs en math\u00e9matiques que les filles apr\u00e8s le d\u00e9but de l'\u00e9cole - pourquoi est-ce?\"},{\"@type\":\"BreadcrumbList\",\"@id\":\"https:\/\/vieassociative.be\/actualites\/letude-universitaire-prouve-les-garcons-sont-meilleurs-en-mathematiques-que-les-filles-apres-le-debut-de-lecole-pourquoi-est-ce\/#breadcrumb\",\"itemListElement\":[{\"@type\":\"ListItem\",\"position\":1,\"name\":\"Accueil\",\"item\":\"https:\/\/vieassociative.be\/actualites\/\"},{\"@type\":\"ListItem\",\"position\":2,\"name\":\"L&rsquo;\u00e9tude universitaire prouve: les gar\u00e7ons sont meilleurs en math\u00e9matiques que les filles apr\u00e8s le d\u00e9but de l&rsquo;\u00e9cole &#8211; pourquoi est-ce?\"}]},{\"@type\":\"WebSite\",\"@id\":\"https:\/\/vieassociative.be\/actualites\/#website\",\"url\":\"https:\/\/vieassociative.be\/actualites\/\",\"name\":\"Vie Associative\",\"description\":\"\",\"publisher\":{\"@id\":\"https:\/\/vieassociative.be\/actualites\/#organization\"},\"potentialAction\":[{\"@type\":\"SearchAction\",\"target\":{\"@type\":\"EntryPoint\",\"urlTemplate\":\"https:\/\/vieassociative.be\/actualites\/?s={search_term_string}\"},\"query-input\":{\"@type\":\"PropertyValueSpecification\",\"valueRequired\":true,\"valueName\":\"search_term_string\"}}],\"inLanguage\":\"fr-BE\"},{\"@type\":\"Organization\",\"@id\":\"https:\/\/vieassociative.be\/actualites\/#organization\",\"name\":\"Vie Associative\",\"url\":\"https:\/\/vieassociative.be\/actualites\/\",\"logo\":{\"@type\":\"ImageObject\",\"inLanguage\":\"fr-BE\",\"@id\":\"https:\/\/vieassociative.be\/actualites\/#\/schema\/logo\/image\/\",\"url\":\"https:\/\/vieassociative.be\/actualites\/wp-content\/uploads\/2024\/09\/cropped-vieassociative_favicon.ico.png\",\"contentUrl\":\"https:\/\/vieassociative.be\/actualites\/wp-content\/uploads\/2024\/09\/cropped-vieassociative_favicon.ico.png\",\"width\":512,\"height\":512,\"caption\":\"Vie Associative\"},\"image\":{\"@id\":\"https:\/\/vieassociative.be\/actualites\/#\/schema\/logo\/image\/\"}},{\"@type\":\"Person\",\"@id\":\"https:\/\/vieassociative.be\/actualites\/#\/schema\/person\/b87ac4f82f9d4e7b7cec7395b679edc4\",\"name\":\"Julien\",\"image\":{\"@type\":\"ImageObject\",\"inLanguage\":\"fr-BE\",\"@id\":\"https:\/\/vieassociative.be\/actualites\/#\/schema\/person\/image\/\",\"url\":\"https:\/\/vieassociative.be\/actualites\/wp-content\/uploads\/2024\/09\/vie-associative-1-150x150.jpg\",\"contentUrl\":\"https:\/\/vieassociative.be\/actualites\/wp-content\/uploads\/2024\/09\/vie-associative-1-150x150.jpg\",\"caption\":\"Julien\"},\"description\":\"Je suis Julien, r\u00e9dacteur pour Vie Associative. Passionn\u00e9 par le monde associatif depuis plus de 10 ans, j'ai \u00e0 c\u0153ur de partager des histoires inspirantes et de mettre en lumi\u00e8re les initiatives locales. Mon objectif est de sensibiliser et d'encourager l'engagement communautaire \u00e0 travers mes articles.\",\"sameAs\":[\"https:\/\/vieassociative.be\/\"]}]}<\/script>\n<!-- \/ Yoast SEO plugin. -->","yoast_head_json":{"title":"L'\u00e9tude universitaire prouve: les gar\u00e7ons sont meilleurs en math\u00e9matiques que les filles apr\u00e8s le d\u00e9but de l'\u00e9cole - pourquoi est-ce? | Vie Associative","robots":{"index":"index","follow":"follow","max-snippet":"max-snippet:-1","max-image-preview":"max-image-preview:large","max-video-preview":"max-video-preview:-1"},"canonical":"https:\/\/vieassociative.be\/actualites\/letude-universitaire-prouve-les-garcons-sont-meilleurs-en-mathematiques-que-les-filles-apres-le-debut-de-lecole-pourquoi-est-ce\/","og_locale":"fr_FR","og_type":"article","og_title":"L'\u00e9tude universitaire prouve: les gar\u00e7ons sont meilleurs en math\u00e9matiques que les filles apr\u00e8s le d\u00e9but de l'\u00e9cole - pourquoi est-ce? | Vie Associative","og_description":"Dans la petite enfance, les gar\u00e7ons et les filles ont un bon sens des chiffres. Cependant, cela change rapidement d\u00e8s que vous obtenez des cours","og_url":"https:\/\/vieassociative.be\/actualites\/letude-universitaire-prouve-les-garcons-sont-meilleurs-en-mathematiques-que-les-filles-apres-le-debut-de-lecole-pourquoi-est-ce\/","og_site_name":"Vie Associative","article_published_time":"2025-06-12T14:17:32+00:00","og_image":[{"width":279,"height":92,"url":"https:\/\/vieassociative.be\/actualites\/wp-content\/uploads\/2024\/09\/header_backgroundk-01-e1726694325946.png","type":"image\/png"}],"author":"Julien","twitter_card":"summary_large_image","twitter_misc":{"\u00c9crit par":"Julien","Dur\u00e9e de lecture est.":"5 minutes"},"schema":{"@context":"https:\/\/schema.org","@graph":[{"@type":"Article","@id":"https:\/\/vieassociative.be\/actualites\/letude-universitaire-prouve-les-garcons-sont-meilleurs-en-mathematiques-que-les-filles-apres-le-debut-de-lecole-pourquoi-est-ce\/#article","isPartOf":{"@id":"https:\/\/vieassociative.be\/actualites\/letude-universitaire-prouve-les-garcons-sont-meilleurs-en-mathematiques-que-les-filles-apres-le-debut-de-lecole-pourquoi-est-ce\/"},"author":{"name":"Julien","@id":"https:\/\/vieassociative.be\/actualites\/#\/schema\/person\/b87ac4f82f9d4e7b7cec7395b679edc4"},"headline":"L&rsquo;\u00e9tude universitaire prouve: les gar\u00e7ons sont meilleurs en math\u00e9matiques que les filles apr\u00e8s le d\u00e9but de l&rsquo;\u00e9cole &#8211; pourquoi est-ce?","datePublished":"2025-06-12T14:17:32+00:00","dateModified":"2025-06-12T14:17:32+00:00","mainEntityOfPage":{"@id":"https:\/\/vieassociative.be\/actualites\/letude-universitaire-prouve-les-garcons-sont-meilleurs-en-mathematiques-que-les-filles-apres-le-debut-de-lecole-pourquoi-est-ce\/"},"wordCount":957,"publisher":{"@id":"https:\/\/vieassociative.be\/actualites\/#organization"},"image":{"@id":"https:\/\/vieassociative.be\/actualites\/letude-universitaire-prouve-les-garcons-sont-meilleurs-en-mathematiques-que-les-filles-apres-le-debut-de-lecole-pourquoi-est-ce\/#primaryimage"},"thumbnailUrl":"https:\/\/vieassociative.be\/actualites\/wp-content\/uploads\/2025\/06\/Letude-universitaire-prouve-les-garcons-sont-meilleurs-en-mathematiques-que.png","keywords":["Apr\u00e8s","D\u00e9but","estce","filles","gar\u00e7ons","l\u00e9cole","Les","l\u00e9tude","math\u00e9matiques","meilleurs","Pourquoi","prouve","sont","universitaire"],"articleSection":["Belgique"],"inLanguage":"fr-BE"},{"@type":"WebPage","@id":"https:\/\/vieassociative.be\/actualites\/letude-universitaire-prouve-les-garcons-sont-meilleurs-en-mathematiques-que-les-filles-apres-le-debut-de-lecole-pourquoi-est-ce\/","url":"https:\/\/vieassociative.be\/actualites\/letude-universitaire-prouve-les-garcons-sont-meilleurs-en-mathematiques-que-les-filles-apres-le-debut-de-lecole-pourquoi-est-ce\/","name":"L'\u00e9tude universitaire prouve: les gar\u00e7ons sont meilleurs en math\u00e9matiques que les filles apr\u00e8s le d\u00e9but de l'\u00e9cole - pourquoi est-ce? | Vie Associative","isPartOf":{"@id":"https:\/\/vieassociative.be\/actualites\/#website"},"primaryImageOfPage":{"@id":"https:\/\/vieassociative.be\/actualites\/letude-universitaire-prouve-les-garcons-sont-meilleurs-en-mathematiques-que-les-filles-apres-le-debut-de-lecole-pourquoi-est-ce\/#primaryimage"},"image":{"@id":"https:\/\/vieassociative.be\/actualites\/letude-universitaire-prouve-les-garcons-sont-meilleurs-en-mathematiques-que-les-filles-apres-le-debut-de-lecole-pourquoi-est-ce\/#primaryimage"},"thumbnailUrl":"https:\/\/vieassociative.be\/actualites\/wp-content\/uploads\/2025\/06\/Letude-universitaire-prouve-les-garcons-sont-meilleurs-en-mathematiques-que.png","datePublished":"2025-06-12T14:17:32+00:00","dateModified":"2025-06-12T14:17:32+00:00","breadcrumb":{"@id":"https:\/\/vieassociative.be\/actualites\/letude-universitaire-prouve-les-garcons-sont-meilleurs-en-mathematiques-que-les-filles-apres-le-debut-de-lecole-pourquoi-est-ce\/#breadcrumb"},"inLanguage":"fr-BE","potentialAction":[{"@type":"ReadAction","target":["https:\/\/vieassociative.be\/actualites\/letude-universitaire-prouve-les-garcons-sont-meilleurs-en-mathematiques-que-les-filles-apres-le-debut-de-lecole-pourquoi-est-ce\/"]}]},{"@type":"ImageObject","inLanguage":"fr-BE","@id":"https:\/\/vieassociative.be\/actualites\/letude-universitaire-prouve-les-garcons-sont-meilleurs-en-mathematiques-que-les-filles-apres-le-debut-de-lecole-pourquoi-est-ce\/#primaryimage","url":"https:\/\/vieassociative.be\/actualites\/wp-content\/uploads\/2025\/06\/Letude-universitaire-prouve-les-garcons-sont-meilleurs-en-mathematiques-que.png","contentUrl":"https:\/\/vieassociative.be\/actualites\/wp-content\/uploads\/2025\/06\/Letude-universitaire-prouve-les-garcons-sont-meilleurs-en-mathematiques-que.png","width":1280,"height":819,"caption":"L'\u00e9tude universitaire prouve: les gar\u00e7ons sont meilleurs en math\u00e9matiques que les filles apr\u00e8s le d\u00e9but de l'\u00e9cole - pourquoi est-ce?"},{"@type":"BreadcrumbList","@id":"https:\/\/vieassociative.be\/actualites\/letude-universitaire-prouve-les-garcons-sont-meilleurs-en-mathematiques-que-les-filles-apres-le-debut-de-lecole-pourquoi-est-ce\/#breadcrumb","itemListElement":[{"@type":"ListItem","position":1,"name":"Accueil","item":"https:\/\/vieassociative.be\/actualites\/"},{"@type":"ListItem","position":2,"name":"L&rsquo;\u00e9tude universitaire prouve: les gar\u00e7ons sont meilleurs en math\u00e9matiques que les filles apr\u00e8s le d\u00e9but de l&rsquo;\u00e9cole &#8211; pourquoi est-ce?"}]},{"@type":"WebSite","@id":"https:\/\/vieassociative.be\/actualites\/#website","url":"https:\/\/vieassociative.be\/actualites\/","name":"Vie Associative","description":"","publisher":{"@id":"https:\/\/vieassociative.be\/actualites\/#organization"},"potentialAction":[{"@type":"SearchAction","target":{"@type":"EntryPoint","urlTemplate":"https:\/\/vieassociative.be\/actualites\/?s={search_term_string}"},"query-input":{"@type":"PropertyValueSpecification","valueRequired":true,"valueName":"search_term_string"}}],"inLanguage":"fr-BE"},{"@type":"Organization","@id":"https:\/\/vieassociative.be\/actualites\/#organization","name":"Vie Associative","url":"https:\/\/vieassociative.be\/actualites\/","logo":{"@type":"ImageObject","inLanguage":"fr-BE","@id":"https:\/\/vieassociative.be\/actualites\/#\/schema\/logo\/image\/","url":"https:\/\/vieassociative.be\/actualites\/wp-content\/uploads\/2024\/09\/cropped-vieassociative_favicon.ico.png","contentUrl":"https:\/\/vieassociative.be\/actualites\/wp-content\/uploads\/2024\/09\/cropped-vieassociative_favicon.ico.png","width":512,"height":512,"caption":"Vie Associative"},"image":{"@id":"https:\/\/vieassociative.be\/actualites\/#\/schema\/logo\/image\/"}},{"@type":"Person","@id":"https:\/\/vieassociative.be\/actualites\/#\/schema\/person\/b87ac4f82f9d4e7b7cec7395b679edc4","name":"Julien","image":{"@type":"ImageObject","inLanguage":"fr-BE","@id":"https:\/\/vieassociative.be\/actualites\/#\/schema\/person\/image\/","url":"https:\/\/vieassociative.be\/actualites\/wp-content\/uploads\/2024\/09\/vie-associative-1-150x150.jpg","contentUrl":"https:\/\/vieassociative.be\/actualites\/wp-content\/uploads\/2024\/09\/vie-associative-1-150x150.jpg","caption":"Julien"},"description":"Je suis Julien, r\u00e9dacteur pour Vie Associative. Passionn\u00e9 par le monde associatif depuis plus de 10 ans, j'ai \u00e0 c\u0153ur de partager des histoires inspirantes et de mettre en lumi\u00e8re les initiatives locales. Mon objectif est de sensibiliser et d'encourager l'engagement communautaire \u00e0 travers mes articles.","sameAs":["https:\/\/vieassociative.be\/"]}]}},"_links":{"self":[{"href":"https:\/\/vieassociative.be\/actualites\/wp-json\/wp\/v2\/posts\/8144"}],"collection":[{"href":"https:\/\/vieassociative.be\/actualites\/wp-json\/wp\/v2\/posts"}],"about":[{"href":"https:\/\/vieassociative.be\/actualites\/wp-json\/wp\/v2\/types\/post"}],"author":[{"embeddable":true,"href":"https:\/\/vieassociative.be\/actualites\/wp-json\/wp\/v2\/users\/1"}],"replies":[{"embeddable":true,"href":"https:\/\/vieassociative.be\/actualites\/wp-json\/wp\/v2\/comments?post=8144"}],"version-history":[{"count":0,"href":"https:\/\/vieassociative.be\/actualites\/wp-json\/wp\/v2\/posts\/8144\/revisions"}],"wp:featuredmedia":[{"embeddable":true,"href":"https:\/\/vieassociative.be\/actualites\/wp-json\/wp\/v2\/media\/8145"}],"wp:attachment":[{"href":"https:\/\/vieassociative.be\/actualites\/wp-json\/wp\/v2\/media?parent=8144"}],"wp:term":[{"taxonomy":"category","embeddable":true,"href":"https:\/\/vieassociative.be\/actualites\/wp-json\/wp\/v2\/categories?post=8144"},{"taxonomy":"post_tag","embeddable":true,"href":"https:\/\/vieassociative.be\/actualites\/wp-json\/wp\/v2\/tags?post=8144"}],"curies":[{"name":"wp","href":"https:\/\/api.w.org\/{rel}","templated":true}]}}