{"id":8137,"date":"2025-06-12T07:18:22","date_gmt":"2025-06-12T05:18:22","guid":{"rendered":"https:\/\/vieassociative.be\/actualites\/ce-sont-les-meilleurs-outils-en-vente-chez-lowe-pour-la-fete-des-peres\/"},"modified":"2025-06-12T07:18:22","modified_gmt":"2025-06-12T05:18:22","slug":"ce-sont-les-meilleurs-outils-en-vente-chez-lowe-pour-la-fete-des-peres","status":"publish","type":"post","link":"https:\/\/vieassociative.be\/actualites\/ce-sont-les-meilleurs-outils-en-vente-chez-lowe-pour-la-fete-des-peres\/","title":{"rendered":"Ce sont les meilleurs outils en vente chez Lowe pour la f\u00eate des p\u00e8res"},"content":{"rendered":"<div class=\"mt-4 leading-6 md:mb-8\">\u00c9conomisez sur les outils pour le p\u00e8re dans votre vie ou sur votre propre mise \u00e0 niveau de la trousse d&rsquo;outils avec ces offres de la f\u00eate des p\u00e8res de Lowe&rsquo;s<\/div>\n<p><\/p>\n<p>M\u00eame si vous magasinez pour vous-m\u00eame au lieu d&rsquo;un p\u00e8re, la f\u00eate des p\u00e8res est l&rsquo;un des meilleurs moments de l&rsquo;ann\u00e9e pour acheter des outils. Pour mettre \u00e0 niveau votre trousse \u00e0 outils ou pour commencer vos aventures de bricolage, Lowe&rsquo;s a des offres sur outils \u00e0 la main et des outils \u00e9lectriques sans fil jusqu&rsquo;\u00e0 54% de r\u00e9duction cette semaine. Voici quelques-unes des meilleures \u00e9conomies.<\/p>\n<h2 id=\"dewalt-power-tools\">Outils \u00e9lectriques dewalt<\/h2>\n<p>Dewalt est une marque de confiance dans les outils \u00e9lectriques, sp\u00e9cialis\u00e9e dans les outils sans fil ainsi que sur les scies \u00e0 mitre. Pour un magasin de maisons, une scie d\u00e9cente et un ensemble d&rsquo;outils sans fil sont indispensables. Voici quelques-unes des meilleures offres sur les outils Dewalt.<\/p>\n<ul>\n<li>\n<p>La scie \u00e0 onglet Dewalt de 12 pouces et 15 amp\u00e8res est en vente pour 399 $, 36% de r\u00e9duction sur son prix r\u00e9gulier. Cette scie peut couper les angles compos\u00e9s et est livr\u00e9 avec une lame de d\u00e9marrage et un sac \u00e0 poussi\u00e8re. Il s&rsquo;agit d&rsquo;un outil \u00e0 cordon, vous aurez donc besoin de puissance pour l&rsquo;utiliser sur le moulage, les \u00e9tag\u00e8res et tous vos autres projets de bricolage.<\/p>\n<\/li>\n<li>\n<p>L&rsquo;outil oscillant Dewalt de 20 volts est en vente pour 99, 54% de r\u00e9duction sur son prix habituel. Il s&rsquo;agit d&rsquo;un outil polyvalent qui peut \u00eatre utilis\u00e9 pour la coupe de plongeon, le pon\u00e7age dans les coins serr\u00e9s et sur une vari\u00e9t\u00e9 de mat\u00e9riaux. L&rsquo;ensemble est livr\u00e9 avec une batterie, un chargeur, une lame de coupe en bois, une lame multi-mat\u00e9riaux, un adaptateur accessoire et un sac \u00e0 outils.<\/p>\n<\/li>\n<li>\n<p>La perceuse sans fil de 20 volts Dewalt est en vente pour 99 $, 37% de r\u00e9duction sur son prix habituel. Une perceuse de bonne qualit\u00e9 peut \u00eatre utilis\u00e9e pour la conduite du mat\u00e9riel ainsi que pour le forage des trous, et est une partie essentielle d&rsquo;un ensemble d&rsquo;outils sans fil. Cet ensemble est livr\u00e9 avec une batterie de 20 volts, un chargeur et un sac \u00e0 outils.<\/p>\n<\/li>\n<\/ul>\n<h2 id=\"batteries-and-accessories\">Batteries et accessoires<\/h2>\n<p>Si vous avez un ensemble d&rsquo;outils sans fil pendant quelques ann\u00e9es, vos batteries pourraient s&rsquo;\u00e9puiser et devoir remplacer. Les nouvelles batteries sont souvent l&rsquo;un des co\u00fbts les plus chers et les plus n\u00e9glig\u00e9s de poss\u00e9der un ensemble d&rsquo;outils sans fil, tout comme les accessoires pour vos outils. Voici quelques-unes des meilleures offres des accessoires de Lowe&rsquo;s on Power Tool pour la f\u00eate des p\u00e8res.<\/p>\n<ul>\n<li>\n<p>Un pack de quatre batteries de d\u00e9walt de 20 volts est en vente pour 149, 54% de r\u00e9duction sur son prix r\u00e9gulier. L&rsquo;ensemble comprend deux batteries \u00e0 2 amples d&rsquo;amplifications et deux batteries \u00e0 4 amp\u00e8res, mais pas de chargeur, ce n&rsquo;est donc qu&rsquo;une bonne affaire si vous avez d\u00e9j\u00e0 un ensemble de dewalt.<\/p>\n<\/li>\n<li>\n<p>Un pack de deux batteries Dewalt \u00e0 8 amp\u00e8res d&rsquo;amplifications est en vente pour 199 $, 33% de r\u00e9duction sur son prix habituel. C&rsquo;est un bon ensemble si vous voulez travailler plus longtemps sans source d&rsquo;alimentation, car les batteries de capacit\u00e9 sup\u00e9rieure dureront plus longtemps. Cet ensemble est uniquement \u00e0 la batterie, vous aurez donc besoin d&rsquo;un chargeur dewalt de 20 volts pour eux.<\/p>\n<\/li>\n<li>\n<p>L&rsquo;ensemble de bits Dewalt 110 pi\u00e8ces est en vente pour 29,98 $, 40% de r\u00e9duction sur son prix typique. L&rsquo;ensemble comprend une vari\u00e9t\u00e9 de t\u00eates de bits, une manche d&rsquo;extension magn\u00e9tique et une vari\u00e9t\u00e9 de bits de forage. C&rsquo;est un bon ensemble pour un entretien r\u00e9gulier autour de la maison.<\/p>\n<\/li>\n<\/ul>\n<h2 id=\"hand-tools\">Outils \u00e0 main<\/h2>\n<p>Les outils \u00e0 main sont une partie indispensable de la configuration de votre magasin de maisons. Que vous pr\u00e9voyiez de faire des projets de maintenance ou de plus grands projets, avoir les bonnes cl\u00e9s et les bonnes conducteurs est essentiel. Voici quelques-unes des meilleures offres en vente \u00e0 Lowe&rsquo;s pour la f\u00eate des p\u00e8res.<\/p>\n<div class=\"pogoClear relative my-10 border-b-(1.5px) border-t-(1.5px) border-dashed border-black py-5 sm:my-14 sm:border-0 sm:py-0\" data-ga-click data-ga-template=\"Deals\" data-ga-module=\"openweb_widget\" data-ga-element=\"openweb_scroll\" data-ga-item=\"openweb_scroll_midpage\" x-data=\"{\n         commentsCount: null,\n         hasComments: false,\n         async fetchCommentsCount() {\n             try {\n                 if (window.openweb &amp;&amp; typeof window.openweb.getMessagesCount === 'function') {\n                     this.commentsCount = await window.openweb.getMessagesCount('01JXEQHXXQ6RACRMWGH5ABBJA3');\n                     this.hasComments = this.commentsCount !== null &amp;&amp; this.commentsCount &gt; 0;\n                 }\n             } catch (e) {\n                 console.warn('Failed to fetch comment count:', e);\n             }\n         }\n     }\" x-init=\"fetchCommentsCount()\" x-cloak><\/p>\n<div class=\"absolute top-1\/2 hidden w-full -translate-y-1\/2 border-t-(1.5px) border-dashed border-black sm:block\"><\/div>\n<div class=\"relative flex justify-center\">\n<div class=\"flex max-w-fit items-center gap-x-3 bg-white px-5\">\n<div class=\"relative\">\n                <span class=\"absolute left-1\/2 top-1\/2 -translate-x-1\/2 -translate-y-1\/2 font-akshar text-sm font-medium text-black\" aria-live=\"polite\" x-show=\"hasComments\" x-text=\"commentsCount\"><\/span><\/p>\n<p>                <svg class=\"h-8 w-8 text-black\" role=\"img\" aria-hidden=\"true\">\n                    <use href=\"http:\/\/lifehacker.com\/images\/icons\/spritemap.svg#sprite-chat-bubble\"><\/use>\n                <\/svg>\n            <\/div>\n<p>            <span class=\"text-sm font-medium text-black\"><\/p>\n<p>                Que pensez-vous jusqu&rsquo;\u00e0 pr\u00e9sent?<br \/>\n                <button class=\"ml-1 font-semibold text-brand-green underline hover:text-brand-green-700\" type=\"button\" aria-label=\"Comment section trigger\" onclick=\"window.openweb.scrollToComments('01JXEQHXXQ6RACRMWGH5ABBJA3')\" x-text=\"hasComments ? 'Post a comment.' : 'Be the first to post a comment.'\"><\/button><br \/>\n            <\/span>\n        <\/div>\n<\/p><\/div>\n<\/div>\n<ul>\n<li>\n<p>L&rsquo;ensemble Craftsman 230 pi\u00e8ces SAE est en vente pour 99 $, 50% de r\u00e9duction sur son prix r\u00e9gulier. Cet ensemble comprend trois tailles de cliquet, une gamme de prises, une base de pilotes, un ensemble de cl\u00e9s en bo\u00eete et une bo\u00eete \u00e0 outils. C&rsquo;est un grand ensemble de cl\u00e9s de d\u00e9marrage.<\/p>\n<\/li>\n<li>\n<p>L&rsquo;ensemble Craftsman 20 pi\u00e8ces SAE Ratchet est en vente pour 19,98 $, 46% sur son prix habituel. Il s&rsquo;agit d&rsquo;un ensemble de prises et d&rsquo;un cliquet, un bon ajout \u00e0 un petit kit de maintenance ou une expansion d&rsquo;une trousse \u00e0 outils plus grande.<\/p>\n<\/li>\n<li>\n<p>La cl\u00e9 \u00e0 couple d&rsquo;entra\u00eenement artisan \u215c pouce est en vente pour 54,98 $, 44% de r\u00e9duction sur son prix typique. Une cl\u00e9 \u00e0 couple est bonne pour l&rsquo;entretien des v\u00e9hicules et peut \u00eatre utilis\u00e9e pour appliquer une quantit\u00e9 sp\u00e9cifique de pression lors de la conduite des \u00e9crous.<\/p>\n<\/li>\n<\/ul>\n<h2 id=\"best-tools-under-5\">Meilleurs outils de moins de 5 $<\/h2>\n<p>Tous les outils n&rsquo;ont pas besoin de co\u00fbter beaucoup d&rsquo;argent, et en fait, certains des plus utiles sont vraiment plut\u00f4t bon march\u00e9. Voici les meilleures offres d&rsquo;outils pour le budget de moins de 5 $ chez Lowe&rsquo;s pour la f\u00eate des p\u00e8res.<\/p>\n<ul>\n<li>\n<p>Le tournevis modifiable de 3 \u00bd pouces d&rsquo;artisan est en vente pour 4,98 $, 54% de r\u00e9duction sur son prix r\u00e9gulier. Cet outil a des bits swappables que vous pouvez utiliser pour conduire une vari\u00e9t\u00e9 de types de mat\u00e9riel.<\/p>\n<\/li>\n<li>\n<p>L&rsquo;ensemble de pilotes cl\u00e9s de Craftsman Metric Allen est en vente pour 4,98 $, 58% de r\u00e9duction sur son prix habituel. Cet ensemble comprend une vari\u00e9t\u00e9 de tailles m\u00e9triques qui se replient dans une poign\u00e9e.<\/p>\n<\/li>\n<li>\n<p>L&rsquo;ensemble de pilotes cl\u00e9s de l&rsquo;artisan Torx est en vente pour 4,98 $, 58% de r\u00e9duction sur son prix typique. Cet ensemble comprend une vari\u00e9t\u00e9 de tailles TORX qui se replient dans une poign\u00e9e.<\/p>\n<\/li>\n<\/ul>\n","protected":false},"excerpt":{"rendered":"<p>\u00c9conomisez sur les outils pour le p\u00e8re dans votre vie ou sur votre propre mise \u00e0 niveau de la trousse d&rsquo;outils avec ces offres de<\/p>\n","protected":false},"author":1,"featured_media":8138,"comment_status":"","ping_status":"","sticky":false,"template":"","format":"standard","meta":{"footnotes":""},"categories":[40],"tags":[1287,29,1485,14,7386,187,825,2260,81,18,223],"class_list":["post-8137","post","type-post","status-publish","format-standard","has-post-thumbnail","hentry","category-maison","tag-chez","tag-des","tag-fete","tag-les","tag-lowe","tag-meilleurs","tag-outils","tag-peres","tag-pour","tag-sont","tag-vente","generate-columns","tablet-grid-50","mobile-grid-100","grid-parent","grid-33"],"yoast_head":"<!-- This site is optimized with the Yoast SEO plugin v24.0 - https:\/\/yoast.com\/wordpress\/plugins\/seo\/ -->\n<title>Ce sont les meilleurs outils en vente chez Lowe pour la f\u00eate des p\u00e8res | Vie Associative<\/title>\n<meta name=\"robots\" content=\"index, follow, max-snippet:-1, max-image-preview:large, max-video-preview:-1\" \/>\n<link rel=\"canonical\" href=\"https:\/\/vieassociative.be\/actualites\/ce-sont-les-meilleurs-outils-en-vente-chez-lowe-pour-la-fete-des-peres\/\" \/>\n<meta property=\"og:locale\" content=\"fr_FR\" \/>\n<meta property=\"og:type\" content=\"article\" \/>\n<meta property=\"og:title\" content=\"Ce sont les meilleurs outils en vente chez Lowe pour la f\u00eate des p\u00e8res | Vie Associative\" \/>\n<meta property=\"og:description\" content=\"\u00c9conomisez sur les outils pour le p\u00e8re dans votre vie ou sur votre propre mise \u00e0 niveau de la trousse d&rsquo;outils avec ces offres de\" \/>\n<meta property=\"og:url\" content=\"https:\/\/vieassociative.be\/actualites\/ce-sont-les-meilleurs-outils-en-vente-chez-lowe-pour-la-fete-des-peres\/\" \/>\n<meta property=\"og:site_name\" content=\"Vie Associative\" \/>\n<meta property=\"article:published_time\" content=\"2025-06-12T05:18:22+00:00\" \/>\n<meta property=\"og:image\" content=\"https:\/\/vieassociative.be\/actualites\/wp-content\/uploads\/2024\/09\/header_backgroundk-01-e1726694325946.png\" \/>\n\t<meta property=\"og:image:width\" content=\"279\" \/>\n\t<meta property=\"og:image:height\" content=\"92\" \/>\n\t<meta property=\"og:image:type\" content=\"image\/png\" \/>\n<meta name=\"author\" content=\"Julien\" \/>\n<meta name=\"twitter:card\" content=\"summary_large_image\" \/>\n<meta name=\"twitter:label1\" content=\"\u00c9crit par\" \/>\n\t<meta name=\"twitter:data1\" content=\"Julien\" \/>\n\t<meta name=\"twitter:label2\" content=\"Dur\u00e9e de lecture est.\" \/>\n\t<meta name=\"twitter:data2\" content=\"5 minutes\" \/>\n<script type=\"application\/ld+json\" class=\"yoast-schema-graph\">{\"@context\":\"https:\/\/schema.org\",\"@graph\":[{\"@type\":\"Article\",\"@id\":\"https:\/\/vieassociative.be\/actualites\/ce-sont-les-meilleurs-outils-en-vente-chez-lowe-pour-la-fete-des-peres\/#article\",\"isPartOf\":{\"@id\":\"https:\/\/vieassociative.be\/actualites\/ce-sont-les-meilleurs-outils-en-vente-chez-lowe-pour-la-fete-des-peres\/\"},\"author\":{\"name\":\"Julien\",\"@id\":\"https:\/\/vieassociative.be\/actualites\/#\/schema\/person\/b87ac4f82f9d4e7b7cec7395b679edc4\"},\"headline\":\"Ce sont les meilleurs outils en vente chez Lowe pour la f\u00eate des p\u00e8res\",\"datePublished\":\"2025-06-12T05:18:22+00:00\",\"dateModified\":\"2025-06-12T05:18:22+00:00\",\"mainEntityOfPage\":{\"@id\":\"https:\/\/vieassociative.be\/actualites\/ce-sont-les-meilleurs-outils-en-vente-chez-lowe-pour-la-fete-des-peres\/\"},\"wordCount\":1029,\"publisher\":{\"@id\":\"https:\/\/vieassociative.be\/actualites\/#organization\"},\"image\":{\"@id\":\"https:\/\/vieassociative.be\/actualites\/ce-sont-les-meilleurs-outils-en-vente-chez-lowe-pour-la-fete-des-peres\/#primaryimage\"},\"thumbnailUrl\":\"https:\/\/vieassociative.be\/actualites\/wp-content\/uploads\/2025\/06\/Ce-sont-les-meilleurs-outils-en-vente-chez-Lowe-pour.jpg\",\"keywords\":[\"chez\",\"Des\",\"f\u00eate\",\"Les\",\"Lowe\",\"meilleurs\",\"outils\",\"p\u00e8res\",\"pour\",\"sont\",\"vente\"],\"articleSection\":[\"Maison\"],\"inLanguage\":\"fr-BE\"},{\"@type\":\"WebPage\",\"@id\":\"https:\/\/vieassociative.be\/actualites\/ce-sont-les-meilleurs-outils-en-vente-chez-lowe-pour-la-fete-des-peres\/\",\"url\":\"https:\/\/vieassociative.be\/actualites\/ce-sont-les-meilleurs-outils-en-vente-chez-lowe-pour-la-fete-des-peres\/\",\"name\":\"Ce sont les meilleurs outils en vente chez Lowe pour la f\u00eate des p\u00e8res | Vie Associative\",\"isPartOf\":{\"@id\":\"https:\/\/vieassociative.be\/actualites\/#website\"},\"primaryImageOfPage\":{\"@id\":\"https:\/\/vieassociative.be\/actualites\/ce-sont-les-meilleurs-outils-en-vente-chez-lowe-pour-la-fete-des-peres\/#primaryimage\"},\"image\":{\"@id\":\"https:\/\/vieassociative.be\/actualites\/ce-sont-les-meilleurs-outils-en-vente-chez-lowe-pour-la-fete-des-peres\/#primaryimage\"},\"thumbnailUrl\":\"https:\/\/vieassociative.be\/actualites\/wp-content\/uploads\/2025\/06\/Ce-sont-les-meilleurs-outils-en-vente-chez-Lowe-pour.jpg\",\"datePublished\":\"2025-06-12T05:18:22+00:00\",\"dateModified\":\"2025-06-12T05:18:22+00:00\",\"breadcrumb\":{\"@id\":\"https:\/\/vieassociative.be\/actualites\/ce-sont-les-meilleurs-outils-en-vente-chez-lowe-pour-la-fete-des-peres\/#breadcrumb\"},\"inLanguage\":\"fr-BE\",\"potentialAction\":[{\"@type\":\"ReadAction\",\"target\":[\"https:\/\/vieassociative.be\/actualites\/ce-sont-les-meilleurs-outils-en-vente-chez-lowe-pour-la-fete-des-peres\/\"]}]},{\"@type\":\"ImageObject\",\"inLanguage\":\"fr-BE\",\"@id\":\"https:\/\/vieassociative.be\/actualites\/ce-sont-les-meilleurs-outils-en-vente-chez-lowe-pour-la-fete-des-peres\/#primaryimage\",\"url\":\"https:\/\/vieassociative.be\/actualites\/wp-content\/uploads\/2025\/06\/Ce-sont-les-meilleurs-outils-en-vente-chez-Lowe-pour.jpg\",\"contentUrl\":\"https:\/\/vieassociative.be\/actualites\/wp-content\/uploads\/2025\/06\/Ce-sont-les-meilleurs-outils-en-vente-chez-Lowe-pour.jpg\",\"width\":1200,\"height\":675,\"caption\":\"Ce sont les meilleurs outils en vente chez Lowe pour la f\u00eate des p\u00e8res\"},{\"@type\":\"BreadcrumbList\",\"@id\":\"https:\/\/vieassociative.be\/actualites\/ce-sont-les-meilleurs-outils-en-vente-chez-lowe-pour-la-fete-des-peres\/#breadcrumb\",\"itemListElement\":[{\"@type\":\"ListItem\",\"position\":1,\"name\":\"Accueil\",\"item\":\"https:\/\/vieassociative.be\/actualites\/\"},{\"@type\":\"ListItem\",\"position\":2,\"name\":\"Ce sont les meilleurs outils en vente chez Lowe pour la f\u00eate des p\u00e8res\"}]},{\"@type\":\"WebSite\",\"@id\":\"https:\/\/vieassociative.be\/actualites\/#website\",\"url\":\"https:\/\/vieassociative.be\/actualites\/\",\"name\":\"Vie Associative\",\"description\":\"\",\"publisher\":{\"@id\":\"https:\/\/vieassociative.be\/actualites\/#organization\"},\"potentialAction\":[{\"@type\":\"SearchAction\",\"target\":{\"@type\":\"EntryPoint\",\"urlTemplate\":\"https:\/\/vieassociative.be\/actualites\/?s={search_term_string}\"},\"query-input\":{\"@type\":\"PropertyValueSpecification\",\"valueRequired\":true,\"valueName\":\"search_term_string\"}}],\"inLanguage\":\"fr-BE\"},{\"@type\":\"Organization\",\"@id\":\"https:\/\/vieassociative.be\/actualites\/#organization\",\"name\":\"Vie Associative\",\"url\":\"https:\/\/vieassociative.be\/actualites\/\",\"logo\":{\"@type\":\"ImageObject\",\"inLanguage\":\"fr-BE\",\"@id\":\"https:\/\/vieassociative.be\/actualites\/#\/schema\/logo\/image\/\",\"url\":\"https:\/\/vieassociative.be\/actualites\/wp-content\/uploads\/2024\/09\/cropped-vieassociative_favicon.ico.png\",\"contentUrl\":\"https:\/\/vieassociative.be\/actualites\/wp-content\/uploads\/2024\/09\/cropped-vieassociative_favicon.ico.png\",\"width\":512,\"height\":512,\"caption\":\"Vie Associative\"},\"image\":{\"@id\":\"https:\/\/vieassociative.be\/actualites\/#\/schema\/logo\/image\/\"}},{\"@type\":\"Person\",\"@id\":\"https:\/\/vieassociative.be\/actualites\/#\/schema\/person\/b87ac4f82f9d4e7b7cec7395b679edc4\",\"name\":\"Julien\",\"image\":{\"@type\":\"ImageObject\",\"inLanguage\":\"fr-BE\",\"@id\":\"https:\/\/vieassociative.be\/actualites\/#\/schema\/person\/image\/\",\"url\":\"https:\/\/vieassociative.be\/actualites\/wp-content\/uploads\/2024\/09\/vie-associative-1-150x150.jpg\",\"contentUrl\":\"https:\/\/vieassociative.be\/actualites\/wp-content\/uploads\/2024\/09\/vie-associative-1-150x150.jpg\",\"caption\":\"Julien\"},\"description\":\"Je suis Julien, r\u00e9dacteur pour Vie Associative. Passionn\u00e9 par le monde associatif depuis plus de 10 ans, j'ai \u00e0 c\u0153ur de partager des histoires inspirantes et de mettre en lumi\u00e8re les initiatives locales. Mon objectif est de sensibiliser et d'encourager l'engagement communautaire \u00e0 travers mes articles.\",\"sameAs\":[\"https:\/\/vieassociative.be\/\"]}]}<\/script>\n<!-- \/ Yoast SEO plugin. -->","yoast_head_json":{"title":"Ce sont les meilleurs outils en vente chez Lowe pour la f\u00eate des p\u00e8res | Vie Associative","robots":{"index":"index","follow":"follow","max-snippet":"max-snippet:-1","max-image-preview":"max-image-preview:large","max-video-preview":"max-video-preview:-1"},"canonical":"https:\/\/vieassociative.be\/actualites\/ce-sont-les-meilleurs-outils-en-vente-chez-lowe-pour-la-fete-des-peres\/","og_locale":"fr_FR","og_type":"article","og_title":"Ce sont les meilleurs outils en vente chez Lowe pour la f\u00eate des p\u00e8res | Vie Associative","og_description":"\u00c9conomisez sur les outils pour le p\u00e8re dans votre vie ou sur votre propre mise \u00e0 niveau de la trousse d&rsquo;outils avec ces offres de","og_url":"https:\/\/vieassociative.be\/actualites\/ce-sont-les-meilleurs-outils-en-vente-chez-lowe-pour-la-fete-des-peres\/","og_site_name":"Vie Associative","article_published_time":"2025-06-12T05:18:22+00:00","og_image":[{"width":279,"height":92,"url":"https:\/\/vieassociative.be\/actualites\/wp-content\/uploads\/2024\/09\/header_backgroundk-01-e1726694325946.png","type":"image\/png"}],"author":"Julien","twitter_card":"summary_large_image","twitter_misc":{"\u00c9crit par":"Julien","Dur\u00e9e de lecture est.":"5 minutes"},"schema":{"@context":"https:\/\/schema.org","@graph":[{"@type":"Article","@id":"https:\/\/vieassociative.be\/actualites\/ce-sont-les-meilleurs-outils-en-vente-chez-lowe-pour-la-fete-des-peres\/#article","isPartOf":{"@id":"https:\/\/vieassociative.be\/actualites\/ce-sont-les-meilleurs-outils-en-vente-chez-lowe-pour-la-fete-des-peres\/"},"author":{"name":"Julien","@id":"https:\/\/vieassociative.be\/actualites\/#\/schema\/person\/b87ac4f82f9d4e7b7cec7395b679edc4"},"headline":"Ce sont les meilleurs outils en vente chez Lowe pour la f\u00eate des p\u00e8res","datePublished":"2025-06-12T05:18:22+00:00","dateModified":"2025-06-12T05:18:22+00:00","mainEntityOfPage":{"@id":"https:\/\/vieassociative.be\/actualites\/ce-sont-les-meilleurs-outils-en-vente-chez-lowe-pour-la-fete-des-peres\/"},"wordCount":1029,"publisher":{"@id":"https:\/\/vieassociative.be\/actualites\/#organization"},"image":{"@id":"https:\/\/vieassociative.be\/actualites\/ce-sont-les-meilleurs-outils-en-vente-chez-lowe-pour-la-fete-des-peres\/#primaryimage"},"thumbnailUrl":"https:\/\/vieassociative.be\/actualites\/wp-content\/uploads\/2025\/06\/Ce-sont-les-meilleurs-outils-en-vente-chez-Lowe-pour.jpg","keywords":["chez","Des","f\u00eate","Les","Lowe","meilleurs","outils","p\u00e8res","pour","sont","vente"],"articleSection":["Maison"],"inLanguage":"fr-BE"},{"@type":"WebPage","@id":"https:\/\/vieassociative.be\/actualites\/ce-sont-les-meilleurs-outils-en-vente-chez-lowe-pour-la-fete-des-peres\/","url":"https:\/\/vieassociative.be\/actualites\/ce-sont-les-meilleurs-outils-en-vente-chez-lowe-pour-la-fete-des-peres\/","name":"Ce sont les meilleurs outils en vente chez Lowe pour la f\u00eate des p\u00e8res | Vie Associative","isPartOf":{"@id":"https:\/\/vieassociative.be\/actualites\/#website"},"primaryImageOfPage":{"@id":"https:\/\/vieassociative.be\/actualites\/ce-sont-les-meilleurs-outils-en-vente-chez-lowe-pour-la-fete-des-peres\/#primaryimage"},"image":{"@id":"https:\/\/vieassociative.be\/actualites\/ce-sont-les-meilleurs-outils-en-vente-chez-lowe-pour-la-fete-des-peres\/#primaryimage"},"thumbnailUrl":"https:\/\/vieassociative.be\/actualites\/wp-content\/uploads\/2025\/06\/Ce-sont-les-meilleurs-outils-en-vente-chez-Lowe-pour.jpg","datePublished":"2025-06-12T05:18:22+00:00","dateModified":"2025-06-12T05:18:22+00:00","breadcrumb":{"@id":"https:\/\/vieassociative.be\/actualites\/ce-sont-les-meilleurs-outils-en-vente-chez-lowe-pour-la-fete-des-peres\/#breadcrumb"},"inLanguage":"fr-BE","potentialAction":[{"@type":"ReadAction","target":["https:\/\/vieassociative.be\/actualites\/ce-sont-les-meilleurs-outils-en-vente-chez-lowe-pour-la-fete-des-peres\/"]}]},{"@type":"ImageObject","inLanguage":"fr-BE","@id":"https:\/\/vieassociative.be\/actualites\/ce-sont-les-meilleurs-outils-en-vente-chez-lowe-pour-la-fete-des-peres\/#primaryimage","url":"https:\/\/vieassociative.be\/actualites\/wp-content\/uploads\/2025\/06\/Ce-sont-les-meilleurs-outils-en-vente-chez-Lowe-pour.jpg","contentUrl":"https:\/\/vieassociative.be\/actualites\/wp-content\/uploads\/2025\/06\/Ce-sont-les-meilleurs-outils-en-vente-chez-Lowe-pour.jpg","width":1200,"height":675,"caption":"Ce sont les meilleurs outils en vente chez Lowe pour la f\u00eate des p\u00e8res"},{"@type":"BreadcrumbList","@id":"https:\/\/vieassociative.be\/actualites\/ce-sont-les-meilleurs-outils-en-vente-chez-lowe-pour-la-fete-des-peres\/#breadcrumb","itemListElement":[{"@type":"ListItem","position":1,"name":"Accueil","item":"https:\/\/vieassociative.be\/actualites\/"},{"@type":"ListItem","position":2,"name":"Ce sont les meilleurs outils en vente chez Lowe pour la f\u00eate des p\u00e8res"}]},{"@type":"WebSite","@id":"https:\/\/vieassociative.be\/actualites\/#website","url":"https:\/\/vieassociative.be\/actualites\/","name":"Vie Associative","description":"","publisher":{"@id":"https:\/\/vieassociative.be\/actualites\/#organization"},"potentialAction":[{"@type":"SearchAction","target":{"@type":"EntryPoint","urlTemplate":"https:\/\/vieassociative.be\/actualites\/?s={search_term_string}"},"query-input":{"@type":"PropertyValueSpecification","valueRequired":true,"valueName":"search_term_string"}}],"inLanguage":"fr-BE"},{"@type":"Organization","@id":"https:\/\/vieassociative.be\/actualites\/#organization","name":"Vie Associative","url":"https:\/\/vieassociative.be\/actualites\/","logo":{"@type":"ImageObject","inLanguage":"fr-BE","@id":"https:\/\/vieassociative.be\/actualites\/#\/schema\/logo\/image\/","url":"https:\/\/vieassociative.be\/actualites\/wp-content\/uploads\/2024\/09\/cropped-vieassociative_favicon.ico.png","contentUrl":"https:\/\/vieassociative.be\/actualites\/wp-content\/uploads\/2024\/09\/cropped-vieassociative_favicon.ico.png","width":512,"height":512,"caption":"Vie Associative"},"image":{"@id":"https:\/\/vieassociative.be\/actualites\/#\/schema\/logo\/image\/"}},{"@type":"Person","@id":"https:\/\/vieassociative.be\/actualites\/#\/schema\/person\/b87ac4f82f9d4e7b7cec7395b679edc4","name":"Julien","image":{"@type":"ImageObject","inLanguage":"fr-BE","@id":"https:\/\/vieassociative.be\/actualites\/#\/schema\/person\/image\/","url":"https:\/\/vieassociative.be\/actualites\/wp-content\/uploads\/2024\/09\/vie-associative-1-150x150.jpg","contentUrl":"https:\/\/vieassociative.be\/actualites\/wp-content\/uploads\/2024\/09\/vie-associative-1-150x150.jpg","caption":"Julien"},"description":"Je suis Julien, r\u00e9dacteur pour Vie Associative. Passionn\u00e9 par le monde associatif depuis plus de 10 ans, j'ai \u00e0 c\u0153ur de partager des histoires inspirantes et de mettre en lumi\u00e8re les initiatives locales. Mon objectif est de sensibiliser et d'encourager l'engagement communautaire \u00e0 travers mes articles.","sameAs":["https:\/\/vieassociative.be\/"]}]}},"_links":{"self":[{"href":"https:\/\/vieassociative.be\/actualites\/wp-json\/wp\/v2\/posts\/8137"}],"collection":[{"href":"https:\/\/vieassociative.be\/actualites\/wp-json\/wp\/v2\/posts"}],"about":[{"href":"https:\/\/vieassociative.be\/actualites\/wp-json\/wp\/v2\/types\/post"}],"author":[{"embeddable":true,"href":"https:\/\/vieassociative.be\/actualites\/wp-json\/wp\/v2\/users\/1"}],"replies":[{"embeddable":true,"href":"https:\/\/vieassociative.be\/actualites\/wp-json\/wp\/v2\/comments?post=8137"}],"version-history":[{"count":0,"href":"https:\/\/vieassociative.be\/actualites\/wp-json\/wp\/v2\/posts\/8137\/revisions"}],"wp:featuredmedia":[{"embeddable":true,"href":"https:\/\/vieassociative.be\/actualites\/wp-json\/wp\/v2\/media\/8138"}],"wp:attachment":[{"href":"https:\/\/vieassociative.be\/actualites\/wp-json\/wp\/v2\/media?parent=8137"}],"wp:term":[{"taxonomy":"category","embeddable":true,"href":"https:\/\/vieassociative.be\/actualites\/wp-json\/wp\/v2\/categories?post=8137"},{"taxonomy":"post_tag","embeddable":true,"href":"https:\/\/vieassociative.be\/actualites\/wp-json\/wp\/v2\/tags?post=8137"}],"curies":[{"name":"wp","href":"https:\/\/api.w.org\/{rel}","templated":true}]}}