{"id":8135,"date":"2025-06-12T04:19:54","date_gmt":"2025-06-12T02:19:54","guid":{"rendered":"https:\/\/vieassociative.be\/actualites\/remco-mienepoel-dans-les-contre-la-montre-a-nouveau-une-classe-a-part-belge-egalement-dans-le-maillot-jaune\/"},"modified":"2025-06-12T04:19:54","modified_gmt":"2025-06-12T02:19:54","slug":"remco-mienepoel-dans-les-contre-la-montre-a-nouveau-une-classe-a-part-belge-egalement-dans-le-maillot-jaune","status":"publish","type":"post","link":"https:\/\/vieassociative.be\/actualites\/remco-mienepoel-dans-les-contre-la-montre-a-nouveau-une-classe-a-part-belge-egalement-dans-le-maillot-jaune\/","title":{"rendered":"REMCO MIENEPOEL dans les contre-la-montre \u00e0 nouveau une classe \u00e0 part &#8211; Belge \u00e9galement dans le maillot jaune"},"content":{"rendered":"<p><strong>Tadej Pogacar, Jonas Vingegaard, Remco Evenepoel et Mathieu van der Poel: Bein Crit\u00e9rium du Dauphin\u00e9 de cette ann\u00e9e est les superstars du cyclisme au d\u00e9but. \u00c0 la grande force des meilleures stars, le double champion olympique Remco Evenepoel a de nouveau montr\u00e9 sa classe.<\/strong><\/p>\n<p><span id=\"more-417538\"><\/span>Le Belge a conduit dans sa propre ligue dans la lutte contre le chronom\u00e8tre. Le joueur de 25 ans a remport\u00e9 le contre-la-montre individuel mercredi. Le Lipowitz Florian allemand a couvert les 17,4 kilom\u00e8tres de Charmes-sur-Rh\u00f4ne \u00e0 Saint-P\u00e9ray en 21:47 minutes et \u00e9tait donc 57 secondes plus lent que Mlengepoel.<\/p>\n<p><strong>&#8211; Pogacar perd du temps sur Vingegaard:<\/strong> Le champion de la tourn\u00e9e Tadej Pogacar a d\u00fb prendre une pente. Le Slov\u00e8ne exceptionnel \u00e9tait non seulement 49 secondes plus lent que m\u00eame Pivepoel, mais aussi dans le duel avec son grand rival Jonas Vingegaard \u00e0 l&rsquo;automne. Avec une vue sur le long jugement du long tour le 9 juillet \u00e0 Caen, Pogacar ne devrait pas tomber de plus de 33 kilom\u00e8tres.<\/p>\n<div id=\"attachment_417544\" class=\"wp-caption alignleft\" style=\"max-width: 300px\"><img fetchpriority=\"high\" decoding=\"async\" class=\"wp-image-417544 size-medium\" src=\"https:\/\/vieassociative.be\/actualites\/wp-content\/uploads\/2025\/06\/REMCO-MIENEPOEL-dans-les-contre-la-montre-a-nouveau-une-classe-a.jpg\" alt=\"\" width=\"300\" height=\"200\"><\/p>\n<p class=\"wp-caption-text\">Tadej Pogacar (R) de Slov\u00e9nie et Jonas Vingegaard du Danemark en action. Photo: Bernard Papon \/ Pool L&rsquo;Equipe \/ AP \/ DPA<\/p>\n<\/div>\n<p>Onepoel a repris le maillot jaune par le biais de son parforcett. Vingegaard est \u00e0 la cinqui\u00e8me place avec un \u00e9cart de 16 secondes, Pogacar (0:38) n&rsquo;est que dans l&rsquo;ensemble. Cela promet une tension pour les prochaines montagnes.<\/p>\n<p><strong>&#8211; 1000. Victoire pour les \u00e9quipes de m\u00eamepoels:<\/strong> \u00ab\u00a0Nous avons eu une strat\u00e9gie parfaite. Je suis tr\u00e8s heureuse et fier de la victoire. C&rsquo;est la 1000e victoire de notre \u00e9quipe. Cette victoire est pour Patrick (note: l&rsquo;ancien patron de l&rsquo;\u00e9quipe Lefevere). Je suis meilleur que l&rsquo;ann\u00e9e derni\u00e8re, j&rsquo;ai travaill\u00e9 dur\u00a0\u00bb, a d\u00e9clar\u00e9 Oelepoel.<\/p>\n<p>Vingegaard \u00e9tait \u00e9galement satisfait: \u00ab\u00a0Remco est le meilleur pilote de temps au monde. Il est temps de gagner Tadej, je peux \u00eatre satisfait de \u00e7a. Il vaut toujours mieux \u00eatre en avance que derri\u00e8re.\u00a0\u00bb<\/p>\n<p>La tourn\u00e9e lourde, qui se termine dimanche sur le Plateau du Mont-C\u00e9nis, est presque la r\u00e9p\u00e9tition g\u00e9n\u00e9rale du Tour de France du 5 au 27 juillet. Jeudi, la tourn\u00e9e Dauphin\u00e9 se poursuit avec la cinqui\u00e8me \u00e9tape \u00e0 plus de 183 kilom\u00e8tres de Saint-Priest \u00e0 M\u00e2con. (DPA \/ CRE)<\/p>\n","protected":false},"excerpt":{"rendered":"<p>Tadej Pogacar, Jonas Vingegaard, Remco Evenepoel et Mathieu van der Poel: Bein Crit\u00e9rium du Dauphin\u00e9 de cette ann\u00e9e est les superstars du cyclisme au d\u00e9but.<\/p>\n","protected":false},"author":1,"featured_media":8136,"comment_status":"","ping_status":"","sticky":false,"template":"","format":"standard","meta":{"footnotes":""},"categories":[298],"tags":[410,1246,7385,166,172,6238,14,2694,7384,553,1553,6493,110],"class_list":["post-8135","post","type-post","status-publish","format-standard","has-post-thumbnail","hentry","category-belgique","tag-belge","tag-classe","tag-contrelamontre","tag-dans","tag-egalement","tag-jaune","tag-les","tag-maillot","tag-mienepoel","tag-nouveau","tag-part","tag-remco","tag-une","generate-columns","tablet-grid-50","mobile-grid-100","grid-parent","grid-33"],"yoast_head":"<!-- This site is optimized with the Yoast SEO plugin v24.0 - https:\/\/yoast.com\/wordpress\/plugins\/seo\/ -->\n<title>REMCO MIENEPOEL dans les contre-la-montre \u00e0 nouveau une classe \u00e0 part - Belge \u00e9galement dans le maillot jaune | Vie Associative<\/title>\n<meta name=\"robots\" content=\"index, follow, max-snippet:-1, max-image-preview:large, max-video-preview:-1\" \/>\n<link rel=\"canonical\" href=\"https:\/\/vieassociative.be\/actualites\/remco-mienepoel-dans-les-contre-la-montre-a-nouveau-une-classe-a-part-belge-egalement-dans-le-maillot-jaune\/\" \/>\n<meta property=\"og:locale\" content=\"fr_FR\" \/>\n<meta property=\"og:type\" content=\"article\" \/>\n<meta property=\"og:title\" content=\"REMCO MIENEPOEL dans les contre-la-montre \u00e0 nouveau une classe \u00e0 part - Belge \u00e9galement dans le maillot jaune | Vie Associative\" \/>\n<meta property=\"og:description\" content=\"Tadej Pogacar, Jonas Vingegaard, Remco Evenepoel et Mathieu van der Poel: Bein Crit\u00e9rium du Dauphin\u00e9 de cette ann\u00e9e est les superstars du cyclisme au d\u00e9but.\" \/>\n<meta property=\"og:url\" content=\"https:\/\/vieassociative.be\/actualites\/remco-mienepoel-dans-les-contre-la-montre-a-nouveau-une-classe-a-part-belge-egalement-dans-le-maillot-jaune\/\" \/>\n<meta property=\"og:site_name\" content=\"Vie Associative\" \/>\n<meta property=\"article:published_time\" content=\"2025-06-12T02:19:54+00:00\" \/>\n<meta property=\"og:image\" content=\"https:\/\/vieassociative.be\/actualites\/wp-content\/uploads\/2024\/09\/header_backgroundk-01-e1726694325946.png\" \/>\n\t<meta property=\"og:image:width\" content=\"279\" \/>\n\t<meta property=\"og:image:height\" content=\"92\" \/>\n\t<meta property=\"og:image:type\" content=\"image\/png\" \/>\n<meta name=\"author\" content=\"Julien\" \/>\n<meta name=\"twitter:card\" content=\"summary_large_image\" \/>\n<meta name=\"twitter:label1\" content=\"\u00c9crit par\" \/>\n\t<meta name=\"twitter:data1\" content=\"Julien\" \/>\n\t<meta name=\"twitter:label2\" content=\"Dur\u00e9e de lecture est.\" \/>\n\t<meta name=\"twitter:data2\" content=\"2 minutes\" \/>\n<script type=\"application\/ld+json\" class=\"yoast-schema-graph\">{\"@context\":\"https:\/\/schema.org\",\"@graph\":[{\"@type\":\"Article\",\"@id\":\"https:\/\/vieassociative.be\/actualites\/remco-mienepoel-dans-les-contre-la-montre-a-nouveau-une-classe-a-part-belge-egalement-dans-le-maillot-jaune\/#article\",\"isPartOf\":{\"@id\":\"https:\/\/vieassociative.be\/actualites\/remco-mienepoel-dans-les-contre-la-montre-a-nouveau-une-classe-a-part-belge-egalement-dans-le-maillot-jaune\/\"},\"author\":{\"name\":\"Julien\",\"@id\":\"https:\/\/vieassociative.be\/actualites\/#\/schema\/person\/b87ac4f82f9d4e7b7cec7395b679edc4\"},\"headline\":\"REMCO MIENEPOEL dans les contre-la-montre \u00e0 nouveau une classe \u00e0 part &#8211; Belge \u00e9galement dans le maillot jaune\",\"datePublished\":\"2025-06-12T02:19:54+00:00\",\"dateModified\":\"2025-06-12T02:19:54+00:00\",\"mainEntityOfPage\":{\"@id\":\"https:\/\/vieassociative.be\/actualites\/remco-mienepoel-dans-les-contre-la-montre-a-nouveau-une-classe-a-part-belge-egalement-dans-le-maillot-jaune\/\"},\"wordCount\":390,\"publisher\":{\"@id\":\"https:\/\/vieassociative.be\/actualites\/#organization\"},\"image\":{\"@id\":\"https:\/\/vieassociative.be\/actualites\/remco-mienepoel-dans-les-contre-la-montre-a-nouveau-une-classe-a-part-belge-egalement-dans-le-maillot-jaune\/#primaryimage\"},\"thumbnailUrl\":\"https:\/\/vieassociative.be\/actualites\/wp-content\/uploads\/2025\/06\/1749694795_REMCO-MIENEPOEL-dans-les-contre-la-montre-a-nouveau-une-classe-a.jpg\",\"keywords\":[\"belge\",\"classe\",\"contrelamontre\",\"dans\",\"\u00e9galement\",\"jaune\",\"Les\",\"maillot\",\"MIENEPOEL\",\"nouveau\",\"part\",\"Remco\",\"une\"],\"articleSection\":[\"Belgique\"],\"inLanguage\":\"fr-BE\"},{\"@type\":\"WebPage\",\"@id\":\"https:\/\/vieassociative.be\/actualites\/remco-mienepoel-dans-les-contre-la-montre-a-nouveau-une-classe-a-part-belge-egalement-dans-le-maillot-jaune\/\",\"url\":\"https:\/\/vieassociative.be\/actualites\/remco-mienepoel-dans-les-contre-la-montre-a-nouveau-une-classe-a-part-belge-egalement-dans-le-maillot-jaune\/\",\"name\":\"REMCO MIENEPOEL dans les contre-la-montre \u00e0 nouveau une classe \u00e0 part - Belge \u00e9galement dans le maillot jaune | Vie Associative\",\"isPartOf\":{\"@id\":\"https:\/\/vieassociative.be\/actualites\/#website\"},\"primaryImageOfPage\":{\"@id\":\"https:\/\/vieassociative.be\/actualites\/remco-mienepoel-dans-les-contre-la-montre-a-nouveau-une-classe-a-part-belge-egalement-dans-le-maillot-jaune\/#primaryimage\"},\"image\":{\"@id\":\"https:\/\/vieassociative.be\/actualites\/remco-mienepoel-dans-les-contre-la-montre-a-nouveau-une-classe-a-part-belge-egalement-dans-le-maillot-jaune\/#primaryimage\"},\"thumbnailUrl\":\"https:\/\/vieassociative.be\/actualites\/wp-content\/uploads\/2025\/06\/1749694795_REMCO-MIENEPOEL-dans-les-contre-la-montre-a-nouveau-une-classe-a.jpg\",\"datePublished\":\"2025-06-12T02:19:54+00:00\",\"dateModified\":\"2025-06-12T02:19:54+00:00\",\"breadcrumb\":{\"@id\":\"https:\/\/vieassociative.be\/actualites\/remco-mienepoel-dans-les-contre-la-montre-a-nouveau-une-classe-a-part-belge-egalement-dans-le-maillot-jaune\/#breadcrumb\"},\"inLanguage\":\"fr-BE\",\"potentialAction\":[{\"@type\":\"ReadAction\",\"target\":[\"https:\/\/vieassociative.be\/actualites\/remco-mienepoel-dans-les-contre-la-montre-a-nouveau-une-classe-a-part-belge-egalement-dans-le-maillot-jaune\/\"]}]},{\"@type\":\"ImageObject\",\"inLanguage\":\"fr-BE\",\"@id\":\"https:\/\/vieassociative.be\/actualites\/remco-mienepoel-dans-les-contre-la-montre-a-nouveau-une-classe-a-part-belge-egalement-dans-le-maillot-jaune\/#primaryimage\",\"url\":\"https:\/\/vieassociative.be\/actualites\/wp-content\/uploads\/2025\/06\/1749694795_REMCO-MIENEPOEL-dans-les-contre-la-montre-a-nouveau-une-classe-a.jpg\",\"contentUrl\":\"https:\/\/vieassociative.be\/actualites\/wp-content\/uploads\/2025\/06\/1749694795_REMCO-MIENEPOEL-dans-les-contre-la-montre-a-nouveau-une-classe-a.jpg\",\"width\":1800,\"height\":1200,\"caption\":\"REMCO MIENEPOEL dans les contre-la-montre \u00e0 nouveau une classe \u00e0 part - Belge \u00e9galement dans le maillot jaune\"},{\"@type\":\"BreadcrumbList\",\"@id\":\"https:\/\/vieassociative.be\/actualites\/remco-mienepoel-dans-les-contre-la-montre-a-nouveau-une-classe-a-part-belge-egalement-dans-le-maillot-jaune\/#breadcrumb\",\"itemListElement\":[{\"@type\":\"ListItem\",\"position\":1,\"name\":\"Accueil\",\"item\":\"https:\/\/vieassociative.be\/actualites\/\"},{\"@type\":\"ListItem\",\"position\":2,\"name\":\"REMCO MIENEPOEL dans les contre-la-montre \u00e0 nouveau une classe \u00e0 part &#8211; Belge \u00e9galement dans le maillot jaune\"}]},{\"@type\":\"WebSite\",\"@id\":\"https:\/\/vieassociative.be\/actualites\/#website\",\"url\":\"https:\/\/vieassociative.be\/actualites\/\",\"name\":\"Vie Associative\",\"description\":\"\",\"publisher\":{\"@id\":\"https:\/\/vieassociative.be\/actualites\/#organization\"},\"potentialAction\":[{\"@type\":\"SearchAction\",\"target\":{\"@type\":\"EntryPoint\",\"urlTemplate\":\"https:\/\/vieassociative.be\/actualites\/?s={search_term_string}\"},\"query-input\":{\"@type\":\"PropertyValueSpecification\",\"valueRequired\":true,\"valueName\":\"search_term_string\"}}],\"inLanguage\":\"fr-BE\"},{\"@type\":\"Organization\",\"@id\":\"https:\/\/vieassociative.be\/actualites\/#organization\",\"name\":\"Vie Associative\",\"url\":\"https:\/\/vieassociative.be\/actualites\/\",\"logo\":{\"@type\":\"ImageObject\",\"inLanguage\":\"fr-BE\",\"@id\":\"https:\/\/vieassociative.be\/actualites\/#\/schema\/logo\/image\/\",\"url\":\"https:\/\/vieassociative.be\/actualites\/wp-content\/uploads\/2024\/09\/cropped-vieassociative_favicon.ico.png\",\"contentUrl\":\"https:\/\/vieassociative.be\/actualites\/wp-content\/uploads\/2024\/09\/cropped-vieassociative_favicon.ico.png\",\"width\":512,\"height\":512,\"caption\":\"Vie Associative\"},\"image\":{\"@id\":\"https:\/\/vieassociative.be\/actualites\/#\/schema\/logo\/image\/\"}},{\"@type\":\"Person\",\"@id\":\"https:\/\/vieassociative.be\/actualites\/#\/schema\/person\/b87ac4f82f9d4e7b7cec7395b679edc4\",\"name\":\"Julien\",\"image\":{\"@type\":\"ImageObject\",\"inLanguage\":\"fr-BE\",\"@id\":\"https:\/\/vieassociative.be\/actualites\/#\/schema\/person\/image\/\",\"url\":\"https:\/\/vieassociative.be\/actualites\/wp-content\/uploads\/2024\/09\/vie-associative-1-150x150.jpg\",\"contentUrl\":\"https:\/\/vieassociative.be\/actualites\/wp-content\/uploads\/2024\/09\/vie-associative-1-150x150.jpg\",\"caption\":\"Julien\"},\"description\":\"Je suis Julien, r\u00e9dacteur pour Vie Associative. Passionn\u00e9 par le monde associatif depuis plus de 10 ans, j'ai \u00e0 c\u0153ur de partager des histoires inspirantes et de mettre en lumi\u00e8re les initiatives locales. Mon objectif est de sensibiliser et d'encourager l'engagement communautaire \u00e0 travers mes articles.\",\"sameAs\":[\"https:\/\/vieassociative.be\/\"]}]}<\/script>\n<!-- \/ Yoast SEO plugin. -->","yoast_head_json":{"title":"REMCO MIENEPOEL dans les contre-la-montre \u00e0 nouveau une classe \u00e0 part - Belge \u00e9galement dans le maillot jaune | Vie Associative","robots":{"index":"index","follow":"follow","max-snippet":"max-snippet:-1","max-image-preview":"max-image-preview:large","max-video-preview":"max-video-preview:-1"},"canonical":"https:\/\/vieassociative.be\/actualites\/remco-mienepoel-dans-les-contre-la-montre-a-nouveau-une-classe-a-part-belge-egalement-dans-le-maillot-jaune\/","og_locale":"fr_FR","og_type":"article","og_title":"REMCO MIENEPOEL dans les contre-la-montre \u00e0 nouveau une classe \u00e0 part - Belge \u00e9galement dans le maillot jaune | Vie Associative","og_description":"Tadej Pogacar, Jonas Vingegaard, Remco Evenepoel et Mathieu van der Poel: Bein Crit\u00e9rium du Dauphin\u00e9 de cette ann\u00e9e est les superstars du cyclisme au d\u00e9but.","og_url":"https:\/\/vieassociative.be\/actualites\/remco-mienepoel-dans-les-contre-la-montre-a-nouveau-une-classe-a-part-belge-egalement-dans-le-maillot-jaune\/","og_site_name":"Vie Associative","article_published_time":"2025-06-12T02:19:54+00:00","og_image":[{"width":279,"height":92,"url":"https:\/\/vieassociative.be\/actualites\/wp-content\/uploads\/2024\/09\/header_backgroundk-01-e1726694325946.png","type":"image\/png"}],"author":"Julien","twitter_card":"summary_large_image","twitter_misc":{"\u00c9crit par":"Julien","Dur\u00e9e de lecture est.":"2 minutes"},"schema":{"@context":"https:\/\/schema.org","@graph":[{"@type":"Article","@id":"https:\/\/vieassociative.be\/actualites\/remco-mienepoel-dans-les-contre-la-montre-a-nouveau-une-classe-a-part-belge-egalement-dans-le-maillot-jaune\/#article","isPartOf":{"@id":"https:\/\/vieassociative.be\/actualites\/remco-mienepoel-dans-les-contre-la-montre-a-nouveau-une-classe-a-part-belge-egalement-dans-le-maillot-jaune\/"},"author":{"name":"Julien","@id":"https:\/\/vieassociative.be\/actualites\/#\/schema\/person\/b87ac4f82f9d4e7b7cec7395b679edc4"},"headline":"REMCO MIENEPOEL dans les contre-la-montre \u00e0 nouveau une classe \u00e0 part &#8211; Belge \u00e9galement dans le maillot jaune","datePublished":"2025-06-12T02:19:54+00:00","dateModified":"2025-06-12T02:19:54+00:00","mainEntityOfPage":{"@id":"https:\/\/vieassociative.be\/actualites\/remco-mienepoel-dans-les-contre-la-montre-a-nouveau-une-classe-a-part-belge-egalement-dans-le-maillot-jaune\/"},"wordCount":390,"publisher":{"@id":"https:\/\/vieassociative.be\/actualites\/#organization"},"image":{"@id":"https:\/\/vieassociative.be\/actualites\/remco-mienepoel-dans-les-contre-la-montre-a-nouveau-une-classe-a-part-belge-egalement-dans-le-maillot-jaune\/#primaryimage"},"thumbnailUrl":"https:\/\/vieassociative.be\/actualites\/wp-content\/uploads\/2025\/06\/1749694795_REMCO-MIENEPOEL-dans-les-contre-la-montre-a-nouveau-une-classe-a.jpg","keywords":["belge","classe","contrelamontre","dans","\u00e9galement","jaune","Les","maillot","MIENEPOEL","nouveau","part","Remco","une"],"articleSection":["Belgique"],"inLanguage":"fr-BE"},{"@type":"WebPage","@id":"https:\/\/vieassociative.be\/actualites\/remco-mienepoel-dans-les-contre-la-montre-a-nouveau-une-classe-a-part-belge-egalement-dans-le-maillot-jaune\/","url":"https:\/\/vieassociative.be\/actualites\/remco-mienepoel-dans-les-contre-la-montre-a-nouveau-une-classe-a-part-belge-egalement-dans-le-maillot-jaune\/","name":"REMCO MIENEPOEL dans les contre-la-montre \u00e0 nouveau une classe \u00e0 part - Belge \u00e9galement dans le maillot jaune | Vie Associative","isPartOf":{"@id":"https:\/\/vieassociative.be\/actualites\/#website"},"primaryImageOfPage":{"@id":"https:\/\/vieassociative.be\/actualites\/remco-mienepoel-dans-les-contre-la-montre-a-nouveau-une-classe-a-part-belge-egalement-dans-le-maillot-jaune\/#primaryimage"},"image":{"@id":"https:\/\/vieassociative.be\/actualites\/remco-mienepoel-dans-les-contre-la-montre-a-nouveau-une-classe-a-part-belge-egalement-dans-le-maillot-jaune\/#primaryimage"},"thumbnailUrl":"https:\/\/vieassociative.be\/actualites\/wp-content\/uploads\/2025\/06\/1749694795_REMCO-MIENEPOEL-dans-les-contre-la-montre-a-nouveau-une-classe-a.jpg","datePublished":"2025-06-12T02:19:54+00:00","dateModified":"2025-06-12T02:19:54+00:00","breadcrumb":{"@id":"https:\/\/vieassociative.be\/actualites\/remco-mienepoel-dans-les-contre-la-montre-a-nouveau-une-classe-a-part-belge-egalement-dans-le-maillot-jaune\/#breadcrumb"},"inLanguage":"fr-BE","potentialAction":[{"@type":"ReadAction","target":["https:\/\/vieassociative.be\/actualites\/remco-mienepoel-dans-les-contre-la-montre-a-nouveau-une-classe-a-part-belge-egalement-dans-le-maillot-jaune\/"]}]},{"@type":"ImageObject","inLanguage":"fr-BE","@id":"https:\/\/vieassociative.be\/actualites\/remco-mienepoel-dans-les-contre-la-montre-a-nouveau-une-classe-a-part-belge-egalement-dans-le-maillot-jaune\/#primaryimage","url":"https:\/\/vieassociative.be\/actualites\/wp-content\/uploads\/2025\/06\/1749694795_REMCO-MIENEPOEL-dans-les-contre-la-montre-a-nouveau-une-classe-a.jpg","contentUrl":"https:\/\/vieassociative.be\/actualites\/wp-content\/uploads\/2025\/06\/1749694795_REMCO-MIENEPOEL-dans-les-contre-la-montre-a-nouveau-une-classe-a.jpg","width":1800,"height":1200,"caption":"REMCO MIENEPOEL dans les contre-la-montre \u00e0 nouveau une classe \u00e0 part - Belge \u00e9galement dans le maillot jaune"},{"@type":"BreadcrumbList","@id":"https:\/\/vieassociative.be\/actualites\/remco-mienepoel-dans-les-contre-la-montre-a-nouveau-une-classe-a-part-belge-egalement-dans-le-maillot-jaune\/#breadcrumb","itemListElement":[{"@type":"ListItem","position":1,"name":"Accueil","item":"https:\/\/vieassociative.be\/actualites\/"},{"@type":"ListItem","position":2,"name":"REMCO MIENEPOEL dans les contre-la-montre \u00e0 nouveau une classe \u00e0 part &#8211; Belge \u00e9galement dans le maillot jaune"}]},{"@type":"WebSite","@id":"https:\/\/vieassociative.be\/actualites\/#website","url":"https:\/\/vieassociative.be\/actualites\/","name":"Vie Associative","description":"","publisher":{"@id":"https:\/\/vieassociative.be\/actualites\/#organization"},"potentialAction":[{"@type":"SearchAction","target":{"@type":"EntryPoint","urlTemplate":"https:\/\/vieassociative.be\/actualites\/?s={search_term_string}"},"query-input":{"@type":"PropertyValueSpecification","valueRequired":true,"valueName":"search_term_string"}}],"inLanguage":"fr-BE"},{"@type":"Organization","@id":"https:\/\/vieassociative.be\/actualites\/#organization","name":"Vie Associative","url":"https:\/\/vieassociative.be\/actualites\/","logo":{"@type":"ImageObject","inLanguage":"fr-BE","@id":"https:\/\/vieassociative.be\/actualites\/#\/schema\/logo\/image\/","url":"https:\/\/vieassociative.be\/actualites\/wp-content\/uploads\/2024\/09\/cropped-vieassociative_favicon.ico.png","contentUrl":"https:\/\/vieassociative.be\/actualites\/wp-content\/uploads\/2024\/09\/cropped-vieassociative_favicon.ico.png","width":512,"height":512,"caption":"Vie Associative"},"image":{"@id":"https:\/\/vieassociative.be\/actualites\/#\/schema\/logo\/image\/"}},{"@type":"Person","@id":"https:\/\/vieassociative.be\/actualites\/#\/schema\/person\/b87ac4f82f9d4e7b7cec7395b679edc4","name":"Julien","image":{"@type":"ImageObject","inLanguage":"fr-BE","@id":"https:\/\/vieassociative.be\/actualites\/#\/schema\/person\/image\/","url":"https:\/\/vieassociative.be\/actualites\/wp-content\/uploads\/2024\/09\/vie-associative-1-150x150.jpg","contentUrl":"https:\/\/vieassociative.be\/actualites\/wp-content\/uploads\/2024\/09\/vie-associative-1-150x150.jpg","caption":"Julien"},"description":"Je suis Julien, r\u00e9dacteur pour Vie Associative. Passionn\u00e9 par le monde associatif depuis plus de 10 ans, j'ai \u00e0 c\u0153ur de partager des histoires inspirantes et de mettre en lumi\u00e8re les initiatives locales. Mon objectif est de sensibiliser et d'encourager l'engagement communautaire \u00e0 travers mes articles.","sameAs":["https:\/\/vieassociative.be\/"]}]}},"_links":{"self":[{"href":"https:\/\/vieassociative.be\/actualites\/wp-json\/wp\/v2\/posts\/8135"}],"collection":[{"href":"https:\/\/vieassociative.be\/actualites\/wp-json\/wp\/v2\/posts"}],"about":[{"href":"https:\/\/vieassociative.be\/actualites\/wp-json\/wp\/v2\/types\/post"}],"author":[{"embeddable":true,"href":"https:\/\/vieassociative.be\/actualites\/wp-json\/wp\/v2\/users\/1"}],"replies":[{"embeddable":true,"href":"https:\/\/vieassociative.be\/actualites\/wp-json\/wp\/v2\/comments?post=8135"}],"version-history":[{"count":0,"href":"https:\/\/vieassociative.be\/actualites\/wp-json\/wp\/v2\/posts\/8135\/revisions"}],"wp:featuredmedia":[{"embeddable":true,"href":"https:\/\/vieassociative.be\/actualites\/wp-json\/wp\/v2\/media\/8136"}],"wp:attachment":[{"href":"https:\/\/vieassociative.be\/actualites\/wp-json\/wp\/v2\/media?parent=8135"}],"wp:term":[{"taxonomy":"category","embeddable":true,"href":"https:\/\/vieassociative.be\/actualites\/wp-json\/wp\/v2\/categories?post=8135"},{"taxonomy":"post_tag","embeddable":true,"href":"https:\/\/vieassociative.be\/actualites\/wp-json\/wp\/v2\/tags?post=8135"}],"curies":[{"name":"wp","href":"https:\/\/api.w.org\/{rel}","templated":true}]}}