{"id":8131,"date":"2025-06-11T22:17:52","date_gmt":"2025-06-11T20:17:52","guid":{"rendered":"https:\/\/vieassociative.be\/actualites\/ville-deupen-travaux-de-rue-a-kaperberg-n68-a-partir-du-30-juin\/"},"modified":"2025-06-11T22:17:52","modified_gmt":"2025-06-11T20:17:52","slug":"ville-deupen-travaux-de-rue-a-kaperberg-n68-a-partir-du-30-juin","status":"publish","type":"post","link":"https:\/\/vieassociative.be\/actualites\/ville-deupen-travaux-de-rue-a-kaperberg-n68-a-partir-du-30-juin\/","title":{"rendered":"Ville d&rsquo;Eupen: Travaux de rue \u00e0 Kaperberg (N68) \u00e0 partir du 30 juin"},"content":{"rendered":"<p><strong>Du 30 juin au 7 juillet 2025, la soci\u00e9t\u00e9 Gravaubel a renouvel\u00e9 la chauss\u00e9e du Kaperberg au nom de la fonction publique de Wallonie (\u00d6DW). La ville d&rsquo;Eupen rapporte mercredi.<\/strong><\/p>\n<p><span id=\"more-417554\"><\/span>Le travail concerne la section entre la valeur et le rond-point Kaperberg-Sch\u00f6nefeld. Le plafond de voie existant est frais\u00e9, puis nouvellement pav\u00e9 et fourni avec une nouvelle parking.<\/p>\n<p>Pendant toute la p\u00e9riode de construction, la zone affect\u00e9e est compl\u00e8tement bloqu\u00e9e par la circulation. Un d\u00e9tour est configur\u00e9. Il y a aussi une interdiction de stationner et de s&rsquo;arr\u00eater dans toute la zone.<\/p>\n<p>Le trafic r\u00e9siduel est possible \u00e0 une vitesse r\u00e9duite et avec un passage limit\u00e9 pendant la journ\u00e9e, sauf du 2 juillet au 4 juillet. Au cours de cette p\u00e9riode, le passage n&rsquo;est autoris\u00e9 que pour les r\u00e9sidents avant 6 heures du matin et apr\u00e8s 19 heures.<\/p>\n<p>Le Coll\u00e8ge municipal remercie tous les citoyens pour leur compr\u00e9hension et le respect de la signalisation du chantier de construction et demande \u00e0 \u00e9viter la zone du chantier de construction.<\/p>\n","protected":false},"excerpt":{"rendered":"<p>Du 30 juin au 7 juillet 2025, la soci\u00e9t\u00e9 Gravaubel a renouvel\u00e9 la chauss\u00e9e du Kaperberg au nom de la fonction publique de Wallonie (\u00d6DW).<\/p>\n","protected":false},"author":1,"featured_media":8132,"comment_status":"","ping_status":"","sticky":false,"template":"","format":"standard","meta":{"footnotes":""},"categories":[298],"tags":[2403,2677,7382,7383,1591,599,5286,684],"class_list":["post-8131","post","type-post","status-publish","format-standard","has-post-thumbnail","hentry","category-belgique","tag-deupen","tag-juin","tag-kaperberg","tag-n68","tag-partir","tag-rue","tag-travaux","tag-ville","generate-columns","tablet-grid-50","mobile-grid-100","grid-parent","grid-33"],"yoast_head":"<!-- This site is optimized with the Yoast SEO plugin v24.0 - https:\/\/yoast.com\/wordpress\/plugins\/seo\/ -->\n<title>Ville d&#039;Eupen: Travaux de rue \u00e0 Kaperberg (N68) \u00e0 partir du 30 juin | Vie Associative<\/title>\n<meta name=\"robots\" content=\"index, follow, max-snippet:-1, max-image-preview:large, max-video-preview:-1\" \/>\n<link rel=\"canonical\" href=\"https:\/\/vieassociative.be\/actualites\/ville-deupen-travaux-de-rue-a-kaperberg-n68-a-partir-du-30-juin\/\" \/>\n<meta property=\"og:locale\" content=\"fr_FR\" \/>\n<meta property=\"og:type\" content=\"article\" \/>\n<meta property=\"og:title\" content=\"Ville d&#039;Eupen: Travaux de rue \u00e0 Kaperberg (N68) \u00e0 partir du 30 juin | Vie Associative\" \/>\n<meta property=\"og:description\" content=\"Du 30 juin au 7 juillet 2025, la soci\u00e9t\u00e9 Gravaubel a renouvel\u00e9 la chauss\u00e9e du Kaperberg au nom de la fonction publique de Wallonie (\u00d6DW).\" \/>\n<meta property=\"og:url\" content=\"https:\/\/vieassociative.be\/actualites\/ville-deupen-travaux-de-rue-a-kaperberg-n68-a-partir-du-30-juin\/\" \/>\n<meta property=\"og:site_name\" content=\"Vie Associative\" \/>\n<meta property=\"article:published_time\" content=\"2025-06-11T20:17:52+00:00\" \/>\n<meta property=\"og:image\" content=\"https:\/\/vieassociative.be\/actualites\/wp-content\/uploads\/2024\/09\/header_backgroundk-01-e1726694325946.png\" \/>\n\t<meta property=\"og:image:width\" content=\"279\" \/>\n\t<meta property=\"og:image:height\" content=\"92\" \/>\n\t<meta property=\"og:image:type\" content=\"image\/png\" \/>\n<meta name=\"author\" content=\"Julien\" \/>\n<meta name=\"twitter:card\" content=\"summary_large_image\" \/>\n<meta name=\"twitter:label1\" content=\"\u00c9crit par\" \/>\n\t<meta name=\"twitter:data1\" content=\"Julien\" \/>\n\t<meta name=\"twitter:label2\" content=\"Dur\u00e9e de lecture est.\" \/>\n\t<meta name=\"twitter:data2\" content=\"1 minute\" \/>\n<script type=\"application\/ld+json\" class=\"yoast-schema-graph\">{\"@context\":\"https:\/\/schema.org\",\"@graph\":[{\"@type\":\"Article\",\"@id\":\"https:\/\/vieassociative.be\/actualites\/ville-deupen-travaux-de-rue-a-kaperberg-n68-a-partir-du-30-juin\/#article\",\"isPartOf\":{\"@id\":\"https:\/\/vieassociative.be\/actualites\/ville-deupen-travaux-de-rue-a-kaperberg-n68-a-partir-du-30-juin\/\"},\"author\":{\"name\":\"Julien\",\"@id\":\"https:\/\/vieassociative.be\/actualites\/#\/schema\/person\/b87ac4f82f9d4e7b7cec7395b679edc4\"},\"headline\":\"Ville d&rsquo;Eupen: Travaux de rue \u00e0 Kaperberg (N68) \u00e0 partir du 30 juin\",\"datePublished\":\"2025-06-11T20:17:52+00:00\",\"dateModified\":\"2025-06-11T20:17:52+00:00\",\"mainEntityOfPage\":{\"@id\":\"https:\/\/vieassociative.be\/actualites\/ville-deupen-travaux-de-rue-a-kaperberg-n68-a-partir-du-30-juin\/\"},\"wordCount\":190,\"publisher\":{\"@id\":\"https:\/\/vieassociative.be\/actualites\/#organization\"},\"image\":{\"@id\":\"https:\/\/vieassociative.be\/actualites\/ville-deupen-travaux-de-rue-a-kaperberg-n68-a-partir-du-30-juin\/#primaryimage\"},\"thumbnailUrl\":\"https:\/\/vieassociative.be\/actualites\/wp-content\/uploads\/2025\/06\/Ville-dEupen-Travaux-de-rue-a-Kaperberg-N68-a-partir.jpg\",\"keywords\":[\"dEupen\",\"juin\",\"Kaperberg\",\"N68\",\"partir\",\"rue\",\"travaux\",\"ville\"],\"articleSection\":[\"Belgique\"],\"inLanguage\":\"fr-BE\"},{\"@type\":\"WebPage\",\"@id\":\"https:\/\/vieassociative.be\/actualites\/ville-deupen-travaux-de-rue-a-kaperberg-n68-a-partir-du-30-juin\/\",\"url\":\"https:\/\/vieassociative.be\/actualites\/ville-deupen-travaux-de-rue-a-kaperberg-n68-a-partir-du-30-juin\/\",\"name\":\"Ville d'Eupen: Travaux de rue \u00e0 Kaperberg (N68) \u00e0 partir du 30 juin | Vie Associative\",\"isPartOf\":{\"@id\":\"https:\/\/vieassociative.be\/actualites\/#website\"},\"primaryImageOfPage\":{\"@id\":\"https:\/\/vieassociative.be\/actualites\/ville-deupen-travaux-de-rue-a-kaperberg-n68-a-partir-du-30-juin\/#primaryimage\"},\"image\":{\"@id\":\"https:\/\/vieassociative.be\/actualites\/ville-deupen-travaux-de-rue-a-kaperberg-n68-a-partir-du-30-juin\/#primaryimage\"},\"thumbnailUrl\":\"https:\/\/vieassociative.be\/actualites\/wp-content\/uploads\/2025\/06\/Ville-dEupen-Travaux-de-rue-a-Kaperberg-N68-a-partir.jpg\",\"datePublished\":\"2025-06-11T20:17:52+00:00\",\"dateModified\":\"2025-06-11T20:17:52+00:00\",\"breadcrumb\":{\"@id\":\"https:\/\/vieassociative.be\/actualites\/ville-deupen-travaux-de-rue-a-kaperberg-n68-a-partir-du-30-juin\/#breadcrumb\"},\"inLanguage\":\"fr-BE\",\"potentialAction\":[{\"@type\":\"ReadAction\",\"target\":[\"https:\/\/vieassociative.be\/actualites\/ville-deupen-travaux-de-rue-a-kaperberg-n68-a-partir-du-30-juin\/\"]}]},{\"@type\":\"ImageObject\",\"inLanguage\":\"fr-BE\",\"@id\":\"https:\/\/vieassociative.be\/actualites\/ville-deupen-travaux-de-rue-a-kaperberg-n68-a-partir-du-30-juin\/#primaryimage\",\"url\":\"https:\/\/vieassociative.be\/actualites\/wp-content\/uploads\/2025\/06\/Ville-dEupen-Travaux-de-rue-a-Kaperberg-N68-a-partir.jpg\",\"contentUrl\":\"https:\/\/vieassociative.be\/actualites\/wp-content\/uploads\/2025\/06\/Ville-dEupen-Travaux-de-rue-a-Kaperberg-N68-a-partir.jpg\",\"width\":1448,\"height\":1086,\"caption\":\"Ville d'Eupen: Travaux de rue \u00e0 Kaperberg (N68) \u00e0 partir du 30 juin\"},{\"@type\":\"BreadcrumbList\",\"@id\":\"https:\/\/vieassociative.be\/actualites\/ville-deupen-travaux-de-rue-a-kaperberg-n68-a-partir-du-30-juin\/#breadcrumb\",\"itemListElement\":[{\"@type\":\"ListItem\",\"position\":1,\"name\":\"Accueil\",\"item\":\"https:\/\/vieassociative.be\/actualites\/\"},{\"@type\":\"ListItem\",\"position\":2,\"name\":\"Ville d&rsquo;Eupen: Travaux de rue \u00e0 Kaperberg (N68) \u00e0 partir du 30 juin\"}]},{\"@type\":\"WebSite\",\"@id\":\"https:\/\/vieassociative.be\/actualites\/#website\",\"url\":\"https:\/\/vieassociative.be\/actualites\/\",\"name\":\"Vie Associative\",\"description\":\"\",\"publisher\":{\"@id\":\"https:\/\/vieassociative.be\/actualites\/#organization\"},\"potentialAction\":[{\"@type\":\"SearchAction\",\"target\":{\"@type\":\"EntryPoint\",\"urlTemplate\":\"https:\/\/vieassociative.be\/actualites\/?s={search_term_string}\"},\"query-input\":{\"@type\":\"PropertyValueSpecification\",\"valueRequired\":true,\"valueName\":\"search_term_string\"}}],\"inLanguage\":\"fr-BE\"},{\"@type\":\"Organization\",\"@id\":\"https:\/\/vieassociative.be\/actualites\/#organization\",\"name\":\"Vie Associative\",\"url\":\"https:\/\/vieassociative.be\/actualites\/\",\"logo\":{\"@type\":\"ImageObject\",\"inLanguage\":\"fr-BE\",\"@id\":\"https:\/\/vieassociative.be\/actualites\/#\/schema\/logo\/image\/\",\"url\":\"https:\/\/vieassociative.be\/actualites\/wp-content\/uploads\/2024\/09\/cropped-vieassociative_favicon.ico.png\",\"contentUrl\":\"https:\/\/vieassociative.be\/actualites\/wp-content\/uploads\/2024\/09\/cropped-vieassociative_favicon.ico.png\",\"width\":512,\"height\":512,\"caption\":\"Vie Associative\"},\"image\":{\"@id\":\"https:\/\/vieassociative.be\/actualites\/#\/schema\/logo\/image\/\"}},{\"@type\":\"Person\",\"@id\":\"https:\/\/vieassociative.be\/actualites\/#\/schema\/person\/b87ac4f82f9d4e7b7cec7395b679edc4\",\"name\":\"Julien\",\"image\":{\"@type\":\"ImageObject\",\"inLanguage\":\"fr-BE\",\"@id\":\"https:\/\/vieassociative.be\/actualites\/#\/schema\/person\/image\/\",\"url\":\"https:\/\/vieassociative.be\/actualites\/wp-content\/uploads\/2024\/09\/vie-associative-1-150x150.jpg\",\"contentUrl\":\"https:\/\/vieassociative.be\/actualites\/wp-content\/uploads\/2024\/09\/vie-associative-1-150x150.jpg\",\"caption\":\"Julien\"},\"description\":\"Je suis Julien, r\u00e9dacteur pour Vie Associative. Passionn\u00e9 par le monde associatif depuis plus de 10 ans, j'ai \u00e0 c\u0153ur de partager des histoires inspirantes et de mettre en lumi\u00e8re les initiatives locales. Mon objectif est de sensibiliser et d'encourager l'engagement communautaire \u00e0 travers mes articles.\",\"sameAs\":[\"https:\/\/vieassociative.be\/\"]}]}<\/script>\n<!-- \/ Yoast SEO plugin. -->","yoast_head_json":{"title":"Ville d'Eupen: Travaux de rue \u00e0 Kaperberg (N68) \u00e0 partir du 30 juin | Vie Associative","robots":{"index":"index","follow":"follow","max-snippet":"max-snippet:-1","max-image-preview":"max-image-preview:large","max-video-preview":"max-video-preview:-1"},"canonical":"https:\/\/vieassociative.be\/actualites\/ville-deupen-travaux-de-rue-a-kaperberg-n68-a-partir-du-30-juin\/","og_locale":"fr_FR","og_type":"article","og_title":"Ville d'Eupen: Travaux de rue \u00e0 Kaperberg (N68) \u00e0 partir du 30 juin | Vie Associative","og_description":"Du 30 juin au 7 juillet 2025, la soci\u00e9t\u00e9 Gravaubel a renouvel\u00e9 la chauss\u00e9e du Kaperberg au nom de la fonction publique de Wallonie (\u00d6DW).","og_url":"https:\/\/vieassociative.be\/actualites\/ville-deupen-travaux-de-rue-a-kaperberg-n68-a-partir-du-30-juin\/","og_site_name":"Vie Associative","article_published_time":"2025-06-11T20:17:52+00:00","og_image":[{"width":279,"height":92,"url":"https:\/\/vieassociative.be\/actualites\/wp-content\/uploads\/2024\/09\/header_backgroundk-01-e1726694325946.png","type":"image\/png"}],"author":"Julien","twitter_card":"summary_large_image","twitter_misc":{"\u00c9crit par":"Julien","Dur\u00e9e de lecture est.":"1 minute"},"schema":{"@context":"https:\/\/schema.org","@graph":[{"@type":"Article","@id":"https:\/\/vieassociative.be\/actualites\/ville-deupen-travaux-de-rue-a-kaperberg-n68-a-partir-du-30-juin\/#article","isPartOf":{"@id":"https:\/\/vieassociative.be\/actualites\/ville-deupen-travaux-de-rue-a-kaperberg-n68-a-partir-du-30-juin\/"},"author":{"name":"Julien","@id":"https:\/\/vieassociative.be\/actualites\/#\/schema\/person\/b87ac4f82f9d4e7b7cec7395b679edc4"},"headline":"Ville d&rsquo;Eupen: Travaux de rue \u00e0 Kaperberg (N68) \u00e0 partir du 30 juin","datePublished":"2025-06-11T20:17:52+00:00","dateModified":"2025-06-11T20:17:52+00:00","mainEntityOfPage":{"@id":"https:\/\/vieassociative.be\/actualites\/ville-deupen-travaux-de-rue-a-kaperberg-n68-a-partir-du-30-juin\/"},"wordCount":190,"publisher":{"@id":"https:\/\/vieassociative.be\/actualites\/#organization"},"image":{"@id":"https:\/\/vieassociative.be\/actualites\/ville-deupen-travaux-de-rue-a-kaperberg-n68-a-partir-du-30-juin\/#primaryimage"},"thumbnailUrl":"https:\/\/vieassociative.be\/actualites\/wp-content\/uploads\/2025\/06\/Ville-dEupen-Travaux-de-rue-a-Kaperberg-N68-a-partir.jpg","keywords":["dEupen","juin","Kaperberg","N68","partir","rue","travaux","ville"],"articleSection":["Belgique"],"inLanguage":"fr-BE"},{"@type":"WebPage","@id":"https:\/\/vieassociative.be\/actualites\/ville-deupen-travaux-de-rue-a-kaperberg-n68-a-partir-du-30-juin\/","url":"https:\/\/vieassociative.be\/actualites\/ville-deupen-travaux-de-rue-a-kaperberg-n68-a-partir-du-30-juin\/","name":"Ville d'Eupen: Travaux de rue \u00e0 Kaperberg (N68) \u00e0 partir du 30 juin | Vie Associative","isPartOf":{"@id":"https:\/\/vieassociative.be\/actualites\/#website"},"primaryImageOfPage":{"@id":"https:\/\/vieassociative.be\/actualites\/ville-deupen-travaux-de-rue-a-kaperberg-n68-a-partir-du-30-juin\/#primaryimage"},"image":{"@id":"https:\/\/vieassociative.be\/actualites\/ville-deupen-travaux-de-rue-a-kaperberg-n68-a-partir-du-30-juin\/#primaryimage"},"thumbnailUrl":"https:\/\/vieassociative.be\/actualites\/wp-content\/uploads\/2025\/06\/Ville-dEupen-Travaux-de-rue-a-Kaperberg-N68-a-partir.jpg","datePublished":"2025-06-11T20:17:52+00:00","dateModified":"2025-06-11T20:17:52+00:00","breadcrumb":{"@id":"https:\/\/vieassociative.be\/actualites\/ville-deupen-travaux-de-rue-a-kaperberg-n68-a-partir-du-30-juin\/#breadcrumb"},"inLanguage":"fr-BE","potentialAction":[{"@type":"ReadAction","target":["https:\/\/vieassociative.be\/actualites\/ville-deupen-travaux-de-rue-a-kaperberg-n68-a-partir-du-30-juin\/"]}]},{"@type":"ImageObject","inLanguage":"fr-BE","@id":"https:\/\/vieassociative.be\/actualites\/ville-deupen-travaux-de-rue-a-kaperberg-n68-a-partir-du-30-juin\/#primaryimage","url":"https:\/\/vieassociative.be\/actualites\/wp-content\/uploads\/2025\/06\/Ville-dEupen-Travaux-de-rue-a-Kaperberg-N68-a-partir.jpg","contentUrl":"https:\/\/vieassociative.be\/actualites\/wp-content\/uploads\/2025\/06\/Ville-dEupen-Travaux-de-rue-a-Kaperberg-N68-a-partir.jpg","width":1448,"height":1086,"caption":"Ville d'Eupen: Travaux de rue \u00e0 Kaperberg (N68) \u00e0 partir du 30 juin"},{"@type":"BreadcrumbList","@id":"https:\/\/vieassociative.be\/actualites\/ville-deupen-travaux-de-rue-a-kaperberg-n68-a-partir-du-30-juin\/#breadcrumb","itemListElement":[{"@type":"ListItem","position":1,"name":"Accueil","item":"https:\/\/vieassociative.be\/actualites\/"},{"@type":"ListItem","position":2,"name":"Ville d&rsquo;Eupen: Travaux de rue \u00e0 Kaperberg (N68) \u00e0 partir du 30 juin"}]},{"@type":"WebSite","@id":"https:\/\/vieassociative.be\/actualites\/#website","url":"https:\/\/vieassociative.be\/actualites\/","name":"Vie Associative","description":"","publisher":{"@id":"https:\/\/vieassociative.be\/actualites\/#organization"},"potentialAction":[{"@type":"SearchAction","target":{"@type":"EntryPoint","urlTemplate":"https:\/\/vieassociative.be\/actualites\/?s={search_term_string}"},"query-input":{"@type":"PropertyValueSpecification","valueRequired":true,"valueName":"search_term_string"}}],"inLanguage":"fr-BE"},{"@type":"Organization","@id":"https:\/\/vieassociative.be\/actualites\/#organization","name":"Vie Associative","url":"https:\/\/vieassociative.be\/actualites\/","logo":{"@type":"ImageObject","inLanguage":"fr-BE","@id":"https:\/\/vieassociative.be\/actualites\/#\/schema\/logo\/image\/","url":"https:\/\/vieassociative.be\/actualites\/wp-content\/uploads\/2024\/09\/cropped-vieassociative_favicon.ico.png","contentUrl":"https:\/\/vieassociative.be\/actualites\/wp-content\/uploads\/2024\/09\/cropped-vieassociative_favicon.ico.png","width":512,"height":512,"caption":"Vie Associative"},"image":{"@id":"https:\/\/vieassociative.be\/actualites\/#\/schema\/logo\/image\/"}},{"@type":"Person","@id":"https:\/\/vieassociative.be\/actualites\/#\/schema\/person\/b87ac4f82f9d4e7b7cec7395b679edc4","name":"Julien","image":{"@type":"ImageObject","inLanguage":"fr-BE","@id":"https:\/\/vieassociative.be\/actualites\/#\/schema\/person\/image\/","url":"https:\/\/vieassociative.be\/actualites\/wp-content\/uploads\/2024\/09\/vie-associative-1-150x150.jpg","contentUrl":"https:\/\/vieassociative.be\/actualites\/wp-content\/uploads\/2024\/09\/vie-associative-1-150x150.jpg","caption":"Julien"},"description":"Je suis Julien, r\u00e9dacteur pour Vie Associative. Passionn\u00e9 par le monde associatif depuis plus de 10 ans, j'ai \u00e0 c\u0153ur de partager des histoires inspirantes et de mettre en lumi\u00e8re les initiatives locales. Mon objectif est de sensibiliser et d'encourager l'engagement communautaire \u00e0 travers mes articles.","sameAs":["https:\/\/vieassociative.be\/"]}]}},"_links":{"self":[{"href":"https:\/\/vieassociative.be\/actualites\/wp-json\/wp\/v2\/posts\/8131"}],"collection":[{"href":"https:\/\/vieassociative.be\/actualites\/wp-json\/wp\/v2\/posts"}],"about":[{"href":"https:\/\/vieassociative.be\/actualites\/wp-json\/wp\/v2\/types\/post"}],"author":[{"embeddable":true,"href":"https:\/\/vieassociative.be\/actualites\/wp-json\/wp\/v2\/users\/1"}],"replies":[{"embeddable":true,"href":"https:\/\/vieassociative.be\/actualites\/wp-json\/wp\/v2\/comments?post=8131"}],"version-history":[{"count":0,"href":"https:\/\/vieassociative.be\/actualites\/wp-json\/wp\/v2\/posts\/8131\/revisions"}],"wp:featuredmedia":[{"embeddable":true,"href":"https:\/\/vieassociative.be\/actualites\/wp-json\/wp\/v2\/media\/8132"}],"wp:attachment":[{"href":"https:\/\/vieassociative.be\/actualites\/wp-json\/wp\/v2\/media?parent=8131"}],"wp:term":[{"taxonomy":"category","embeddable":true,"href":"https:\/\/vieassociative.be\/actualites\/wp-json\/wp\/v2\/categories?post=8131"},{"taxonomy":"post_tag","embeddable":true,"href":"https:\/\/vieassociative.be\/actualites\/wp-json\/wp\/v2\/tags?post=8131"}],"curies":[{"name":"wp","href":"https:\/\/api.w.org\/{rel}","templated":true}]}}