{"id":8127,"date":"2025-06-11T20:17:27","date_gmt":"2025-06-11T18:17:27","guid":{"rendered":"https:\/\/vieassociative.be\/actualites\/apple-a-finalement-ajoute-mon-application-la-plus-demandee-a-lapple-watch\/"},"modified":"2025-06-11T20:17:27","modified_gmt":"2025-06-11T18:17:27","slug":"apple-a-finalement-ajoute-mon-application-la-plus-demandee-a-lapple-watch","status":"publish","type":"post","link":"https:\/\/vieassociative.be\/actualites\/apple-a-finalement-ajoute-mon-application-la-plus-demandee-a-lapple-watch\/","title":{"rendered":"Apple a finalement ajout\u00e9 mon application la plus demand\u00e9e \u00e0 l&rsquo;Apple Watch"},"content":{"rendered":"<div class=\"mt-4 leading-6 md:mb-8\">R\u00e9jouissez-vous, notes sur votre Apple Watch!<\/div>\n<p><\/p>\n<p>Plus j&rsquo;utilise mon Apple Watch, plus une application me manque au-dessus de toutes les autres. L&rsquo;Apple Watch est id\u00e9ale pour g\u00e9rer les notifications, v\u00e9rifier les rappels et suivre les s\u00e9ances d&rsquo;entra\u00eenement. Mais la seule chose qu&rsquo;il n&rsquo;a jamais eu a \u00e9t\u00e9 une application honn\u00eate sur les notes de bont\u00e9.<\/p>\n<p>Sur mon iPhone, j&rsquo;utilise l&rsquo;application Remarques religieusement. Je l&rsquo;utilise pour les plans de voyage, pour la recherche, pour planifier des articles plus longs, et je pr\u00e9f\u00e8re utiliser des notes pour les listes de contr\u00f4le au lieu des rappels. Lorsque je laisse mon iPhone derri\u00e8re et que je n&rsquo;utilise que ma montre, ce sont les fonctionnalit\u00e9s qui me manquent le plus. Il serait tellement pratique de pouvoir v\u00e9rifier les choses ou se r\u00e9f\u00e9rer \u00e0 une note directement de mon poignet. Et si je pouvais rapidement ajouter une nouvelle id\u00e9e \u00e0 une note de recherche sans soulever mon iPhone, ce serait aussi doux.<\/p>\n<p>Il semble que je ne suis pas le seul \u00e0 vouloir cela (mon \u00e9diteur, Jake Peterson, est \u00e9galement tr\u00e8s impatient) car dans Watchos 26, Apple ajoute enfin une application r\u00e9elle \u00e0 l&rsquo;Apple Watch.<\/p>\n<h2 id=\"how-the-notes-app-for-apple-watch-works\">Comment fonctionne l&rsquo;application Notes pour Apple Watch <\/h2>\n<p>L&rsquo;application Notes sur l&rsquo;Apple Watch fonctionnera de mani\u00e8re similaire \u00e0 l&rsquo;application Rappels et vous permettra de voir une liste de toutes vos notes r\u00e9centes. Vous pourrez m\u00eame \u00e9pingler des notes en haut de l&rsquo;application, au cas o\u00f9 vous y r\u00e9f\u00e9rez r\u00e9guli\u00e8rement.<\/p>\n<p>Et oui, le formatage des notes standard est pris en charge, vous verrez donc des titres, des emojis, des images et le reste, le tout sur votre poignet. Plus important encore, pour moi, l&rsquo;application Notes prendra \u00e9galement en charge les listes de contr\u00f4le, vous pourrez donc enfin v\u00e9rifier les choses dans votre application Notes directement depuis votre poignet.<\/p>\n<div class=\"pogoClear relative my-10 border-b-(1.5px) border-t-(1.5px) border-dashed border-black py-5 sm:my-14 sm:border-0 sm:py-0\" data-ga-click data-ga-template=\"News\" data-ga-module=\"openweb_widget\" data-ga-element=\"openweb_scroll\" data-ga-item=\"openweb_scroll_midpage\" x-data=\"{\n         commentsCount: null,\n         hasComments: false,\n         async fetchCommentsCount() {\n             try {\n                 if (window.openweb &amp;&amp; typeof window.openweb.getMessagesCount === 'function') {\n                     this.commentsCount = await window.openweb.getMessagesCount('01JXC0ZYAS5TZRKZHEMGH38PDZ');\n                     this.hasComments = this.commentsCount !== null &amp;&amp; this.commentsCount &gt; 0;\n                 }\n             } catch (e) {\n                 console.warn('Failed to fetch comment count:', e);\n             }\n         }\n     }\" x-init=\"fetchCommentsCount()\" x-cloak><\/p>\n<div class=\"absolute top-1\/2 hidden w-full -translate-y-1\/2 border-t-(1.5px) border-dashed border-black sm:block\"><\/div>\n<div class=\"relative flex justify-center\">\n<div class=\"flex max-w-fit items-center gap-x-3 bg-white px-5\">\n<div class=\"relative\">\n                <span class=\"absolute left-1\/2 top-1\/2 -translate-x-1\/2 -translate-y-1\/2 font-akshar text-sm font-medium text-black\" aria-live=\"polite\" x-show=\"hasComments\" x-text=\"commentsCount\"><\/span><\/p>\n<p>                <svg class=\"h-8 w-8 text-black\" role=\"img\" aria-hidden=\"true\">\n                    <use href=\"http:\/\/lifehacker.com\/images\/icons\/spritemap.svg#sprite-chat-bubble\"><\/use>\n                <\/svg>\n            <\/div>\n<p>            <span class=\"text-sm font-medium text-black\"><\/p>\n<p>                Que pensez-vous jusqu&rsquo;\u00e0 pr\u00e9sent?<br \/>\n                <button class=\"ml-1 font-semibold text-brand-green underline hover:text-brand-green-700\" type=\"button\" aria-label=\"Comment section trigger\" onclick=\"window.openweb.scrollToComments('01JXC0ZYAS5TZRKZHEMGH38PDZ')\" x-text=\"hasComments ? 'Post a comment.' : 'Be the first to post a comment.'\"><\/button><br \/>\n            <\/span>\n        <\/div>\n<\/p><\/div>\n<\/div>\n<p>Si vous souhaitez ajouter \u00e0 une note ou en faire un nouveau, vous pouvez m\u00eame le faire. Vous pouvez utiliser la fonction de dict\u00e9e pour prendre des notes rapides, ou vous pouvez utiliser le clavier pour taper les choses (bien que cela me semble vraiment fastidieux).<\/p>\n<p>L&rsquo;application Notes sera livr\u00e9e avec la mise \u00e0 jour Watchos 26, accessible au public \u00e0 l&rsquo;automne 2025. Actuellement, vous pouvez l&rsquo;obtenir dans le cadre d&rsquo;un d\u00e9veloppeur b\u00eata, mais <strong>Je conseillerais fortement d&rsquo;installer un d\u00e9veloppeur b\u00eata sur votre Apple Watch<\/strong>. Les Betas d\u00e9veloppeurs sont connus pour \u00eatre buggy, mais au moins sur l&rsquo;iPhone, il existe des moyens de revenir en arri\u00e8re si quelque chose ne va pas. Sur l&rsquo;Apple Watch, vous ne pouvez pas r\u00e9trograder ou r\u00e9initialiser votre syst\u00e8me d&rsquo;exploitation, vous devrez donc attendre qu&rsquo;Apple d\u00e9ploie une nouvelle mise \u00e0 jour b\u00eata ou une version stable. Cela s&rsquo;applique \u00e9galement aux b\u00eatas publics, donc je recommanderais simplement d&rsquo;attendre la version compl\u00e8te. Mais \u00e0 ce stade, j&rsquo;\u00e9cris ces avertissements plus comme un rappel pour moi-m\u00eame que vous. Parce que j&rsquo;ai h\u00e2te de commencer \u00e0 utiliser l&rsquo;application Notes sur l&rsquo;Apple Watch, et \u00e7a va \u00eatre difficile d&rsquo;attendre jusqu&rsquo;\u00e0 l&rsquo;automne pour le faire.<\/p>\n","protected":false},"excerpt":{"rendered":"<p>R\u00e9jouissez-vous, notes sur votre Apple Watch! Plus j&rsquo;utilise mon Apple Watch, plus une application me manque au-dessus de toutes les autres. L&rsquo;Apple Watch est id\u00e9ale<\/p>\n","protected":false},"author":1,"featured_media":8128,"comment_status":"","ping_status":"","sticky":false,"template":"","format":"standard","meta":{"footnotes":""},"categories":[13],"tags":[6658,54,1277,7379,3707,3184,49,55],"class_list":["post-8127","post","type-post","status-publish","format-standard","has-post-thumbnail","hentry","category-technologie","tag-ajoute","tag-apple","tag-application","tag-demandee","tag-finalement","tag-lapple","tag-mon","tag-watch","generate-columns","tablet-grid-50","mobile-grid-100","grid-parent","grid-33"],"yoast_head":"<!-- This site is optimized with the Yoast SEO plugin v24.0 - https:\/\/yoast.com\/wordpress\/plugins\/seo\/ -->\n<title>Apple a finalement ajout\u00e9 mon application la plus demand\u00e9e \u00e0 l&#039;Apple Watch | Vie Associative<\/title>\n<meta name=\"robots\" content=\"index, follow, max-snippet:-1, max-image-preview:large, max-video-preview:-1\" \/>\n<link rel=\"canonical\" href=\"https:\/\/vieassociative.be\/actualites\/apple-a-finalement-ajoute-mon-application-la-plus-demandee-a-lapple-watch\/\" \/>\n<meta property=\"og:locale\" content=\"fr_FR\" \/>\n<meta property=\"og:type\" content=\"article\" \/>\n<meta property=\"og:title\" content=\"Apple a finalement ajout\u00e9 mon application la plus demand\u00e9e \u00e0 l&#039;Apple Watch | Vie Associative\" \/>\n<meta property=\"og:description\" content=\"R\u00e9jouissez-vous, notes sur votre Apple Watch! Plus j&rsquo;utilise mon Apple Watch, plus une application me manque au-dessus de toutes les autres. L&rsquo;Apple Watch est id\u00e9ale\" \/>\n<meta property=\"og:url\" content=\"https:\/\/vieassociative.be\/actualites\/apple-a-finalement-ajoute-mon-application-la-plus-demandee-a-lapple-watch\/\" \/>\n<meta property=\"og:site_name\" content=\"Vie Associative\" \/>\n<meta property=\"article:published_time\" content=\"2025-06-11T18:17:27+00:00\" \/>\n<meta property=\"og:image\" content=\"https:\/\/vieassociative.be\/actualites\/wp-content\/uploads\/2024\/09\/header_backgroundk-01-e1726694325946.png\" \/>\n\t<meta property=\"og:image:width\" content=\"279\" \/>\n\t<meta property=\"og:image:height\" content=\"92\" \/>\n\t<meta property=\"og:image:type\" content=\"image\/png\" \/>\n<meta name=\"author\" content=\"Julien\" \/>\n<meta name=\"twitter:card\" content=\"summary_large_image\" \/>\n<meta name=\"twitter:label1\" content=\"\u00c9crit par\" \/>\n\t<meta name=\"twitter:data1\" content=\"Julien\" \/>\n\t<meta name=\"twitter:label2\" content=\"Dur\u00e9e de lecture est.\" \/>\n\t<meta name=\"twitter:data2\" content=\"3 minutes\" \/>\n<script type=\"application\/ld+json\" class=\"yoast-schema-graph\">{\"@context\":\"https:\/\/schema.org\",\"@graph\":[{\"@type\":\"Article\",\"@id\":\"https:\/\/vieassociative.be\/actualites\/apple-a-finalement-ajoute-mon-application-la-plus-demandee-a-lapple-watch\/#article\",\"isPartOf\":{\"@id\":\"https:\/\/vieassociative.be\/actualites\/apple-a-finalement-ajoute-mon-application-la-plus-demandee-a-lapple-watch\/\"},\"author\":{\"name\":\"Julien\",\"@id\":\"https:\/\/vieassociative.be\/actualites\/#\/schema\/person\/b87ac4f82f9d4e7b7cec7395b679edc4\"},\"headline\":\"Apple a finalement ajout\u00e9 mon application la plus demand\u00e9e \u00e0 l&rsquo;Apple Watch\",\"datePublished\":\"2025-06-11T18:17:27+00:00\",\"dateModified\":\"2025-06-11T18:17:27+00:00\",\"mainEntityOfPage\":{\"@id\":\"https:\/\/vieassociative.be\/actualites\/apple-a-finalement-ajoute-mon-application-la-plus-demandee-a-lapple-watch\/\"},\"wordCount\":571,\"publisher\":{\"@id\":\"https:\/\/vieassociative.be\/actualites\/#organization\"},\"image\":{\"@id\":\"https:\/\/vieassociative.be\/actualites\/apple-a-finalement-ajoute-mon-application-la-plus-demandee-a-lapple-watch\/#primaryimage\"},\"thumbnailUrl\":\"https:\/\/vieassociative.be\/actualites\/wp-content\/uploads\/2025\/06\/Apple-a-finalement-ajoute-mon-application-la-plus-demandee-a.png\",\"keywords\":[\"ajoute\",\"Apple\",\"application\",\"demand\u00e9e\",\"finalement\",\"LApple\",\"Mon\",\"Watch\"],\"articleSection\":[\"Technologie\"],\"inLanguage\":\"fr-BE\"},{\"@type\":\"WebPage\",\"@id\":\"https:\/\/vieassociative.be\/actualites\/apple-a-finalement-ajoute-mon-application-la-plus-demandee-a-lapple-watch\/\",\"url\":\"https:\/\/vieassociative.be\/actualites\/apple-a-finalement-ajoute-mon-application-la-plus-demandee-a-lapple-watch\/\",\"name\":\"Apple a finalement ajout\u00e9 mon application la plus demand\u00e9e \u00e0 l'Apple Watch | Vie Associative\",\"isPartOf\":{\"@id\":\"https:\/\/vieassociative.be\/actualites\/#website\"},\"primaryImageOfPage\":{\"@id\":\"https:\/\/vieassociative.be\/actualites\/apple-a-finalement-ajoute-mon-application-la-plus-demandee-a-lapple-watch\/#primaryimage\"},\"image\":{\"@id\":\"https:\/\/vieassociative.be\/actualites\/apple-a-finalement-ajoute-mon-application-la-plus-demandee-a-lapple-watch\/#primaryimage\"},\"thumbnailUrl\":\"https:\/\/vieassociative.be\/actualites\/wp-content\/uploads\/2025\/06\/Apple-a-finalement-ajoute-mon-application-la-plus-demandee-a.png\",\"datePublished\":\"2025-06-11T18:17:27+00:00\",\"dateModified\":\"2025-06-11T18:17:27+00:00\",\"breadcrumb\":{\"@id\":\"https:\/\/vieassociative.be\/actualites\/apple-a-finalement-ajoute-mon-application-la-plus-demandee-a-lapple-watch\/#breadcrumb\"},\"inLanguage\":\"fr-BE\",\"potentialAction\":[{\"@type\":\"ReadAction\",\"target\":[\"https:\/\/vieassociative.be\/actualites\/apple-a-finalement-ajoute-mon-application-la-plus-demandee-a-lapple-watch\/\"]}]},{\"@type\":\"ImageObject\",\"inLanguage\":\"fr-BE\",\"@id\":\"https:\/\/vieassociative.be\/actualites\/apple-a-finalement-ajoute-mon-application-la-plus-demandee-a-lapple-watch\/#primaryimage\",\"url\":\"https:\/\/vieassociative.be\/actualites\/wp-content\/uploads\/2025\/06\/Apple-a-finalement-ajoute-mon-application-la-plus-demandee-a.png\",\"contentUrl\":\"https:\/\/vieassociative.be\/actualites\/wp-content\/uploads\/2025\/06\/Apple-a-finalement-ajoute-mon-application-la-plus-demandee-a.png\",\"width\":1200,\"height\":675,\"caption\":\"Apple a finalement ajout\u00e9 mon application la plus demand\u00e9e \u00e0 l'Apple Watch\"},{\"@type\":\"BreadcrumbList\",\"@id\":\"https:\/\/vieassociative.be\/actualites\/apple-a-finalement-ajoute-mon-application-la-plus-demandee-a-lapple-watch\/#breadcrumb\",\"itemListElement\":[{\"@type\":\"ListItem\",\"position\":1,\"name\":\"Accueil\",\"item\":\"https:\/\/vieassociative.be\/actualites\/\"},{\"@type\":\"ListItem\",\"position\":2,\"name\":\"Apple a finalement ajout\u00e9 mon application la plus demand\u00e9e \u00e0 l&rsquo;Apple Watch\"}]},{\"@type\":\"WebSite\",\"@id\":\"https:\/\/vieassociative.be\/actualites\/#website\",\"url\":\"https:\/\/vieassociative.be\/actualites\/\",\"name\":\"Vie Associative\",\"description\":\"\",\"publisher\":{\"@id\":\"https:\/\/vieassociative.be\/actualites\/#organization\"},\"potentialAction\":[{\"@type\":\"SearchAction\",\"target\":{\"@type\":\"EntryPoint\",\"urlTemplate\":\"https:\/\/vieassociative.be\/actualites\/?s={search_term_string}\"},\"query-input\":{\"@type\":\"PropertyValueSpecification\",\"valueRequired\":true,\"valueName\":\"search_term_string\"}}],\"inLanguage\":\"fr-BE\"},{\"@type\":\"Organization\",\"@id\":\"https:\/\/vieassociative.be\/actualites\/#organization\",\"name\":\"Vie Associative\",\"url\":\"https:\/\/vieassociative.be\/actualites\/\",\"logo\":{\"@type\":\"ImageObject\",\"inLanguage\":\"fr-BE\",\"@id\":\"https:\/\/vieassociative.be\/actualites\/#\/schema\/logo\/image\/\",\"url\":\"https:\/\/vieassociative.be\/actualites\/wp-content\/uploads\/2024\/09\/cropped-vieassociative_favicon.ico.png\",\"contentUrl\":\"https:\/\/vieassociative.be\/actualites\/wp-content\/uploads\/2024\/09\/cropped-vieassociative_favicon.ico.png\",\"width\":512,\"height\":512,\"caption\":\"Vie Associative\"},\"image\":{\"@id\":\"https:\/\/vieassociative.be\/actualites\/#\/schema\/logo\/image\/\"}},{\"@type\":\"Person\",\"@id\":\"https:\/\/vieassociative.be\/actualites\/#\/schema\/person\/b87ac4f82f9d4e7b7cec7395b679edc4\",\"name\":\"Julien\",\"image\":{\"@type\":\"ImageObject\",\"inLanguage\":\"fr-BE\",\"@id\":\"https:\/\/vieassociative.be\/actualites\/#\/schema\/person\/image\/\",\"url\":\"https:\/\/vieassociative.be\/actualites\/wp-content\/uploads\/2024\/09\/vie-associative-1-150x150.jpg\",\"contentUrl\":\"https:\/\/vieassociative.be\/actualites\/wp-content\/uploads\/2024\/09\/vie-associative-1-150x150.jpg\",\"caption\":\"Julien\"},\"description\":\"Je suis Julien, r\u00e9dacteur pour Vie Associative. Passionn\u00e9 par le monde associatif depuis plus de 10 ans, j'ai \u00e0 c\u0153ur de partager des histoires inspirantes et de mettre en lumi\u00e8re les initiatives locales. Mon objectif est de sensibiliser et d'encourager l'engagement communautaire \u00e0 travers mes articles.\",\"sameAs\":[\"https:\/\/vieassociative.be\/\"]}]}<\/script>\n<!-- \/ Yoast SEO plugin. -->","yoast_head_json":{"title":"Apple a finalement ajout\u00e9 mon application la plus demand\u00e9e \u00e0 l'Apple Watch | Vie Associative","robots":{"index":"index","follow":"follow","max-snippet":"max-snippet:-1","max-image-preview":"max-image-preview:large","max-video-preview":"max-video-preview:-1"},"canonical":"https:\/\/vieassociative.be\/actualites\/apple-a-finalement-ajoute-mon-application-la-plus-demandee-a-lapple-watch\/","og_locale":"fr_FR","og_type":"article","og_title":"Apple a finalement ajout\u00e9 mon application la plus demand\u00e9e \u00e0 l'Apple Watch | Vie Associative","og_description":"R\u00e9jouissez-vous, notes sur votre Apple Watch! Plus j&rsquo;utilise mon Apple Watch, plus une application me manque au-dessus de toutes les autres. L&rsquo;Apple Watch est id\u00e9ale","og_url":"https:\/\/vieassociative.be\/actualites\/apple-a-finalement-ajoute-mon-application-la-plus-demandee-a-lapple-watch\/","og_site_name":"Vie Associative","article_published_time":"2025-06-11T18:17:27+00:00","og_image":[{"width":279,"height":92,"url":"https:\/\/vieassociative.be\/actualites\/wp-content\/uploads\/2024\/09\/header_backgroundk-01-e1726694325946.png","type":"image\/png"}],"author":"Julien","twitter_card":"summary_large_image","twitter_misc":{"\u00c9crit par":"Julien","Dur\u00e9e de lecture est.":"3 minutes"},"schema":{"@context":"https:\/\/schema.org","@graph":[{"@type":"Article","@id":"https:\/\/vieassociative.be\/actualites\/apple-a-finalement-ajoute-mon-application-la-plus-demandee-a-lapple-watch\/#article","isPartOf":{"@id":"https:\/\/vieassociative.be\/actualites\/apple-a-finalement-ajoute-mon-application-la-plus-demandee-a-lapple-watch\/"},"author":{"name":"Julien","@id":"https:\/\/vieassociative.be\/actualites\/#\/schema\/person\/b87ac4f82f9d4e7b7cec7395b679edc4"},"headline":"Apple a finalement ajout\u00e9 mon application la plus demand\u00e9e \u00e0 l&rsquo;Apple Watch","datePublished":"2025-06-11T18:17:27+00:00","dateModified":"2025-06-11T18:17:27+00:00","mainEntityOfPage":{"@id":"https:\/\/vieassociative.be\/actualites\/apple-a-finalement-ajoute-mon-application-la-plus-demandee-a-lapple-watch\/"},"wordCount":571,"publisher":{"@id":"https:\/\/vieassociative.be\/actualites\/#organization"},"image":{"@id":"https:\/\/vieassociative.be\/actualites\/apple-a-finalement-ajoute-mon-application-la-plus-demandee-a-lapple-watch\/#primaryimage"},"thumbnailUrl":"https:\/\/vieassociative.be\/actualites\/wp-content\/uploads\/2025\/06\/Apple-a-finalement-ajoute-mon-application-la-plus-demandee-a.png","keywords":["ajoute","Apple","application","demand\u00e9e","finalement","LApple","Mon","Watch"],"articleSection":["Technologie"],"inLanguage":"fr-BE"},{"@type":"WebPage","@id":"https:\/\/vieassociative.be\/actualites\/apple-a-finalement-ajoute-mon-application-la-plus-demandee-a-lapple-watch\/","url":"https:\/\/vieassociative.be\/actualites\/apple-a-finalement-ajoute-mon-application-la-plus-demandee-a-lapple-watch\/","name":"Apple a finalement ajout\u00e9 mon application la plus demand\u00e9e \u00e0 l'Apple Watch | Vie Associative","isPartOf":{"@id":"https:\/\/vieassociative.be\/actualites\/#website"},"primaryImageOfPage":{"@id":"https:\/\/vieassociative.be\/actualites\/apple-a-finalement-ajoute-mon-application-la-plus-demandee-a-lapple-watch\/#primaryimage"},"image":{"@id":"https:\/\/vieassociative.be\/actualites\/apple-a-finalement-ajoute-mon-application-la-plus-demandee-a-lapple-watch\/#primaryimage"},"thumbnailUrl":"https:\/\/vieassociative.be\/actualites\/wp-content\/uploads\/2025\/06\/Apple-a-finalement-ajoute-mon-application-la-plus-demandee-a.png","datePublished":"2025-06-11T18:17:27+00:00","dateModified":"2025-06-11T18:17:27+00:00","breadcrumb":{"@id":"https:\/\/vieassociative.be\/actualites\/apple-a-finalement-ajoute-mon-application-la-plus-demandee-a-lapple-watch\/#breadcrumb"},"inLanguage":"fr-BE","potentialAction":[{"@type":"ReadAction","target":["https:\/\/vieassociative.be\/actualites\/apple-a-finalement-ajoute-mon-application-la-plus-demandee-a-lapple-watch\/"]}]},{"@type":"ImageObject","inLanguage":"fr-BE","@id":"https:\/\/vieassociative.be\/actualites\/apple-a-finalement-ajoute-mon-application-la-plus-demandee-a-lapple-watch\/#primaryimage","url":"https:\/\/vieassociative.be\/actualites\/wp-content\/uploads\/2025\/06\/Apple-a-finalement-ajoute-mon-application-la-plus-demandee-a.png","contentUrl":"https:\/\/vieassociative.be\/actualites\/wp-content\/uploads\/2025\/06\/Apple-a-finalement-ajoute-mon-application-la-plus-demandee-a.png","width":1200,"height":675,"caption":"Apple a finalement ajout\u00e9 mon application la plus demand\u00e9e \u00e0 l'Apple Watch"},{"@type":"BreadcrumbList","@id":"https:\/\/vieassociative.be\/actualites\/apple-a-finalement-ajoute-mon-application-la-plus-demandee-a-lapple-watch\/#breadcrumb","itemListElement":[{"@type":"ListItem","position":1,"name":"Accueil","item":"https:\/\/vieassociative.be\/actualites\/"},{"@type":"ListItem","position":2,"name":"Apple a finalement ajout\u00e9 mon application la plus demand\u00e9e \u00e0 l&rsquo;Apple Watch"}]},{"@type":"WebSite","@id":"https:\/\/vieassociative.be\/actualites\/#website","url":"https:\/\/vieassociative.be\/actualites\/","name":"Vie Associative","description":"","publisher":{"@id":"https:\/\/vieassociative.be\/actualites\/#organization"},"potentialAction":[{"@type":"SearchAction","target":{"@type":"EntryPoint","urlTemplate":"https:\/\/vieassociative.be\/actualites\/?s={search_term_string}"},"query-input":{"@type":"PropertyValueSpecification","valueRequired":true,"valueName":"search_term_string"}}],"inLanguage":"fr-BE"},{"@type":"Organization","@id":"https:\/\/vieassociative.be\/actualites\/#organization","name":"Vie Associative","url":"https:\/\/vieassociative.be\/actualites\/","logo":{"@type":"ImageObject","inLanguage":"fr-BE","@id":"https:\/\/vieassociative.be\/actualites\/#\/schema\/logo\/image\/","url":"https:\/\/vieassociative.be\/actualites\/wp-content\/uploads\/2024\/09\/cropped-vieassociative_favicon.ico.png","contentUrl":"https:\/\/vieassociative.be\/actualites\/wp-content\/uploads\/2024\/09\/cropped-vieassociative_favicon.ico.png","width":512,"height":512,"caption":"Vie Associative"},"image":{"@id":"https:\/\/vieassociative.be\/actualites\/#\/schema\/logo\/image\/"}},{"@type":"Person","@id":"https:\/\/vieassociative.be\/actualites\/#\/schema\/person\/b87ac4f82f9d4e7b7cec7395b679edc4","name":"Julien","image":{"@type":"ImageObject","inLanguage":"fr-BE","@id":"https:\/\/vieassociative.be\/actualites\/#\/schema\/person\/image\/","url":"https:\/\/vieassociative.be\/actualites\/wp-content\/uploads\/2024\/09\/vie-associative-1-150x150.jpg","contentUrl":"https:\/\/vieassociative.be\/actualites\/wp-content\/uploads\/2024\/09\/vie-associative-1-150x150.jpg","caption":"Julien"},"description":"Je suis Julien, r\u00e9dacteur pour Vie Associative. Passionn\u00e9 par le monde associatif depuis plus de 10 ans, j'ai \u00e0 c\u0153ur de partager des histoires inspirantes et de mettre en lumi\u00e8re les initiatives locales. Mon objectif est de sensibiliser et d'encourager l'engagement communautaire \u00e0 travers mes articles.","sameAs":["https:\/\/vieassociative.be\/"]}]}},"_links":{"self":[{"href":"https:\/\/vieassociative.be\/actualites\/wp-json\/wp\/v2\/posts\/8127"}],"collection":[{"href":"https:\/\/vieassociative.be\/actualites\/wp-json\/wp\/v2\/posts"}],"about":[{"href":"https:\/\/vieassociative.be\/actualites\/wp-json\/wp\/v2\/types\/post"}],"author":[{"embeddable":true,"href":"https:\/\/vieassociative.be\/actualites\/wp-json\/wp\/v2\/users\/1"}],"replies":[{"embeddable":true,"href":"https:\/\/vieassociative.be\/actualites\/wp-json\/wp\/v2\/comments?post=8127"}],"version-history":[{"count":0,"href":"https:\/\/vieassociative.be\/actualites\/wp-json\/wp\/v2\/posts\/8127\/revisions"}],"wp:featuredmedia":[{"embeddable":true,"href":"https:\/\/vieassociative.be\/actualites\/wp-json\/wp\/v2\/media\/8128"}],"wp:attachment":[{"href":"https:\/\/vieassociative.be\/actualites\/wp-json\/wp\/v2\/media?parent=8127"}],"wp:term":[{"taxonomy":"category","embeddable":true,"href":"https:\/\/vieassociative.be\/actualites\/wp-json\/wp\/v2\/categories?post=8127"},{"taxonomy":"post_tag","embeddable":true,"href":"https:\/\/vieassociative.be\/actualites\/wp-json\/wp\/v2\/tags?post=8127"}],"curies":[{"name":"wp","href":"https:\/\/api.w.org\/{rel}","templated":true}]}}