{"id":8121,"date":"2025-06-11T15:20:20","date_gmt":"2025-06-11T13:20:20","guid":{"rendered":"https:\/\/vieassociative.be\/actualites\/ce-vide-puissant-pour-les-proprietaires-danimaux-est-a-son-prix-le-plus-bas-de-tous-les-temps\/"},"modified":"2025-06-11T15:20:20","modified_gmt":"2025-06-11T13:20:20","slug":"ce-vide-puissant-pour-les-proprietaires-danimaux-est-a-son-prix-le-plus-bas-de-tous-les-temps","status":"publish","type":"post","link":"https:\/\/vieassociative.be\/actualites\/ce-vide-puissant-pour-les-proprietaires-danimaux-est-a-son-prix-le-plus-bas-de-tous-les-temps\/","title":{"rendered":"Ce vide puissant pour les propri\u00e9taires d&rsquo;animaux est \u00e0 son prix le plus bas de tous les temps"},"content":{"rendered":"<div class=\"mt-4 leading-6 md:mb-8\">Ce vide sans fil silencieux est con\u00e7u pour nettoyer apr\u00e8s des colocataires \u00e0 fourrure.<\/div>\n<p><\/p>\n<p>Si vous pensiez que Dyson \u00e9tait le seul nom dans les aspirateurs pour animaux de compagnie de grande puissance, le vide sans fil Bissell Powerclean Furguard offre une alternative solide &#8211; et elle est actuellement disponible pour moins de 200 $. Ce vide de b\u00e2ton sans fil, qui est \u00e0 son prix le plus bas de tous les temps, fonctionne sur une vari\u00e9t\u00e9 de surfaces, y compris les tapis et les planchers durs. Il comprend un outil d&rsquo;ameublement pour les meubles couverts de fourrure et un outil de crevasse deux en un pour des zones plus difficiles \u00e0 atteindre comme les escaliers et les int\u00e9rieurs de voiture. <\/p>\n<div class=\"pogoClear mb-12 mt-10 rounded-md border-2 border-gray-100 py-7 shadow-xl md:py-6\">\n<div class=\"flex flex-wrap justify-between px-7 text-black no-underline md:flex-nowrap md:px-8\">\n<div class=\"order-1 mx-auto flex flex-col justify-center md:order-2 md:ml-4 md:w-full md:grow\">\n<div class=\"block cursor-pointer text-center font-akshar text-2xl font-medium leading-7 text-brand-green duration-200 ease-in-out hover:text-brand-green-700 md:text-left md:text-xl md:leading-6\">Bissell Powerclean Furguard Vas sans fil\n                <\/div>\n<div class=\"mt-4 hidden md:flex md:justify-between\">\n<div class=\"self-end\">\n<div class=\"mb-0 h-11 md:flex md:flex-col md:justify-center\">\n<div class=\" font-sans leading-4 text-black\">\n<div class=\"flex flex-wrap items-center justify-center gap-x-1 md:justify-start\">\n        <span class=\"font-bold\"><\/p>\n<p>            199,99 $<br \/>\n                            <span class=\"font-medium\">\u00e0 Amazon<\/span><br \/>\n                    <\/span>\n            <\/div>\n<div class=\"flex items-center justify-center gap-x-1 font-bold md:justify-start\">\n            <span class=\"text-sm line-through\">269,99 $<\/span><br \/>\n            <span class=\"text-sm text-brand-green\">\u00c9conomisez 70,00 $<\/span>\n        <\/div>\n<\/p><\/div>\n<\/p><\/div>\n<\/p><\/div>\n<div class=\"w-44 self-end\">\n                            <button class=\"flex justify-center items-center w-full bg-brand-green text-white text-base font-sans font-medium rounded-md hover:bg-brand-green-700 hover:cursor-pointer md:text-sm h-11\"><\/p>\n<p>    Conclure un accord<br \/>\n<\/button>\n                        <\/div>\n<\/p><\/div>\n<\/p><\/div>\n<div class=\"order-2 mt-5 h-auto w-full md:order-1 md:mt-0 md:hidden\">\n<div class=\"flex aspect-video items-center justify-center\">\n                                            <img decoding=\"async\" class=\"m-0 max-h-full max-w-full rounded-md\" src=\"https:\/\/vieassociative.be\/actualites\/wp-content\/uploads\/2025\/06\/Ce-vide-puissant-pour-les-proprietaires-danimaux-est-a-son.jpg\" alt=\"Bissell Powerclean Furguard Vas sans fil\" width=\"auto\" height=\"auto\" loading=\"lazy\">\n                                    <\/div>\n<\/p><\/div>\n<div class=\"order-2 ml-2 hidden w-32 shrink-0 items-center md:order-1 md:ml-0 md:flex\">\n<div class=\"flex aspect-video items-center justify-center\">\n                                            <img decoding=\"async\" class=\"m-0 max-h-full max-w-full rounded-md\" src=\"https:\/\/vieassociative.be\/actualites\/wp-content\/uploads\/2025\/06\/Ce-vide-puissant-pour-les-proprietaires-danimaux-est-a-son.jpg\" alt=\"Bissell Powerclean Furguard Vas sans fil\" width=\"auto\" height=\"auto\" loading=\"lazy\">\n                                    <\/div>\n<\/p><\/div>\n<div class=\"order-3 flex grow flex-wrap md:hidden md:grow-0\">\n<div class=\"mt-4 w-full\">\n                        <button class=\"flex justify-center items-center w-full bg-brand-green text-white text-base font-sans font-medium rounded-md hover:bg-brand-green-700 hover:cursor-pointer md:text-sm h-11\"><\/p>\n<p>    Conclure un accord<br \/>\n<\/button>\n                    <\/div>\n<div class=\"mx-2 mt-4 w-full\">\n<div class=\" font-sans leading-4 text-black\">\n<div class=\"flex flex-wrap items-center justify-center gap-x-1 md:justify-start\">\n        <span class=\"font-bold\"><\/p>\n<p>            199,99 $<br \/>\n                            <span class=\"font-medium\">\u00e0 Amazon<\/span><br \/>\n                    <\/span>\n            <\/div>\n<div class=\"flex items-center justify-center gap-x-1 font-bold md:justify-start\">\n            <span class=\"text-sm line-through\">269,99 $<\/span><br \/>\n            <span class=\"text-sm text-brand-green\">\u00c9conomisez 70,00 $<\/span>\n        <\/div>\n<\/p><\/div>\n<\/p><\/div>\n<\/p><\/div>\n<\/p><\/div>\n<\/div>\n<p>Un moteur de 280W offre une forte aspiration qui g\u00e8re tout, de la fourrure aux touffes de terre s\u00e9ch\u00e9es dans lesquelles votre animal de compagnie suit de l&rsquo;ext\u00e9rieur. Un utilisateur dit que c&rsquo;est \u00e9tonnamment silencieux, un avantage pour les personnes avec des animaux de compagnie d\u00e9rang\u00e9s par de grands vides. Il peut fonctionner sur trois param\u00e8tres: un mod\u00e8le \u00e9cologique qui permet d&rsquo;\u00e9conomiser la dur\u00e9e de vie de la batterie et un param\u00e8tre turbo pour prendre les choses d&rsquo;un cran. La t\u00eate comprend des phares Furfinder LED, des poils d&rsquo;\u00e9chantillonnage et d&rsquo;autres d\u00e9bris qui pourraient \u00eatre difficiles \u00e0 cibler autrement. Les critiques d&rsquo;Amazon appr\u00e9cient le syst\u00e8me scell\u00e9 HEPA qui garantit que la poussi\u00e8re et les allerg\u00e8nes restent dans le vide et le rouleau de pinceau autonettoyant, ce qui emp\u00eache les cheveux de s&#8217;emm\u00ealer et de collecter. <\/p>\n<p>La conception autonome est pratique \u00e0 la fois pendant les pauses de nettoyage et pour le stockage, en particulier dans les petits espaces. Cela dit, les examinateurs mentionnent que la construction verticale de l&rsquo;aspirateur comprend une charni\u00e8re plus grande sur la base, ce qui peut le rendre difficile \u00e0 atteindre sous les meubles avec un faible d\u00e9gagement (moins de cinq pouces).<\/p>\n<div class=\"pogoClear relative my-10 border-b-(1.5px) border-t-(1.5px) border-dashed border-black py-5 sm:my-14 sm:border-0 sm:py-0\" data-ga-click data-ga-template=\"Deals\" data-ga-module=\"openweb_widget\" data-ga-element=\"openweb_scroll\" data-ga-item=\"openweb_scroll_midpage\" x-data=\"{\n         commentsCount: null,\n         hasComments: false,\n         async fetchCommentsCount() {\n             try {\n                 if (window.openweb &amp;&amp; typeof window.openweb.getMessagesCount === 'function') {\n                     this.commentsCount = await window.openweb.getMessagesCount('01JXDWSATZXCZ87CDPXZWS3RWF');\n                     this.hasComments = this.commentsCount !== null &amp;&amp; this.commentsCount &gt; 0;\n                 }\n             } catch (e) {\n                 console.warn('Failed to fetch comment count:', e);\n             }\n         }\n     }\" x-init=\"fetchCommentsCount()\" x-cloak><\/p>\n<div class=\"absolute top-1\/2 hidden w-full -translate-y-1\/2 border-t-(1.5px) border-dashed border-black sm:block\"><\/div>\n<div class=\"relative flex justify-center\">\n<div class=\"flex max-w-fit items-center gap-x-3 bg-white px-5\">\n<div class=\"relative\">\n                <span class=\"absolute left-1\/2 top-1\/2 -translate-x-1\/2 -translate-y-1\/2 font-akshar text-sm font-medium text-black\" aria-live=\"polite\" x-show=\"hasComments\" x-text=\"commentsCount\"><\/span><\/p>\n<p>                <svg class=\"h-8 w-8 text-black\" role=\"img\" aria-hidden=\"true\">\n                    <use href=\"http:\/\/lifehacker.com\/images\/icons\/spritemap.svg#sprite-chat-bubble\"><\/use>\n                <\/svg>\n            <\/div>\n<p>            <span class=\"text-sm font-medium text-black\"><\/p>\n<p>                Que pensez-vous jusqu&rsquo;\u00e0 pr\u00e9sent?<br \/>\n                <button class=\"ml-1 font-semibold text-brand-green underline hover:text-brand-green-700\" type=\"button\" aria-label=\"Comment section trigger\" onclick=\"window.openweb.scrollToComments('01JXDWSATZXCZ87CDPXZWS3RWF')\" x-text=\"hasComments ? 'Post a comment.' : 'Be the first to post a comment.'\"><\/button><br \/>\n            <\/span>\n        <\/div>\n<\/p><\/div>\n<\/div>\n<p>La batterie amovible sur ce vide a un temps d&rsquo;ex\u00e9cution de 50 minutes sur une seule charge (le temps d&rsquo;ex\u00e9cution d\u00e9pendra du mode d&rsquo;alimentation utilis\u00e9), et \u00e0 7,3 livres, il est relativement l\u00e9ger par rapport aux versions pass\u00e9es de ce vide et d&rsquo;autres mod\u00e8les de milieu de gamme similaires sur le march\u00e9. Ce n&rsquo;est peut-\u00eatre pas id\u00e9al si vous avez des tonnes de meubles \u00e0 profil bas. Cependant, la fonctionnalit\u00e9 autonome et les lumi\u00e8res int\u00e9gr\u00e9es, qui peuvent \u00eatre trouv\u00e9es sur des dysons beaucoup plus ch\u00e8res, pourraient faire cet accord sur cet aspirateur sans fil Bissell en vaut la peine, m\u00eame pour les propri\u00e9taires non-PET.<\/p>\n","protected":false},"excerpt":{"rendered":"<p>Ce vide sans fil silencieux est con\u00e7u pour nettoyer apr\u00e8s des colocataires \u00e0 fourrure. Si vous pensiez que Dyson \u00e9tait le seul nom dans les<\/p>\n","protected":false},"author":1,"featured_media":8122,"comment_status":"","ping_status":"","sticky":false,"template":"","format":"standard","meta":{"footnotes":""},"categories":[40],"tags":[700,7374,76,14,81,1399,3622,3194,800,790,546,2686],"class_list":["post-8121","post","type-post","status-publish","format-standard","has-post-thumbnail","hentry","category-maison","tag-bas","tag-danimaux","tag-est","tag-les","tag-pour","tag-prix","tag-proprietaires","tag-puissant","tag-son","tag-temps","tag-tous","tag-vide","generate-columns","tablet-grid-50","mobile-grid-100","grid-parent","grid-33"],"yoast_head":"<!-- This site is optimized with the Yoast SEO plugin v24.0 - https:\/\/yoast.com\/wordpress\/plugins\/seo\/ -->\n<title>Ce vide puissant pour les propri\u00e9taires d&#039;animaux est \u00e0 son prix le plus bas de tous les temps | Vie Associative<\/title>\n<meta name=\"robots\" content=\"index, follow, max-snippet:-1, max-image-preview:large, max-video-preview:-1\" \/>\n<link rel=\"canonical\" href=\"https:\/\/vieassociative.be\/actualites\/ce-vide-puissant-pour-les-proprietaires-danimaux-est-a-son-prix-le-plus-bas-de-tous-les-temps\/\" \/>\n<meta property=\"og:locale\" content=\"fr_FR\" \/>\n<meta property=\"og:type\" content=\"article\" \/>\n<meta property=\"og:title\" content=\"Ce vide puissant pour les propri\u00e9taires d&#039;animaux est \u00e0 son prix le plus bas de tous les temps | Vie Associative\" \/>\n<meta property=\"og:description\" content=\"Ce vide sans fil silencieux est con\u00e7u pour nettoyer apr\u00e8s des colocataires \u00e0 fourrure. Si vous pensiez que Dyson \u00e9tait le seul nom dans les\" \/>\n<meta property=\"og:url\" content=\"https:\/\/vieassociative.be\/actualites\/ce-vide-puissant-pour-les-proprietaires-danimaux-est-a-son-prix-le-plus-bas-de-tous-les-temps\/\" \/>\n<meta property=\"og:site_name\" content=\"Vie Associative\" \/>\n<meta property=\"article:published_time\" content=\"2025-06-11T13:20:20+00:00\" \/>\n<meta property=\"og:image\" content=\"https:\/\/vieassociative.be\/actualites\/wp-content\/uploads\/2025\/06\/Ce-vide-puissant-pour-les-proprietaires-danimaux-est-a-son.jpg\" \/>\n<meta name=\"author\" content=\"Julien\" \/>\n<meta name=\"twitter:card\" content=\"summary_large_image\" \/>\n<meta name=\"twitter:label1\" content=\"\u00c9crit par\" \/>\n\t<meta name=\"twitter:data1\" content=\"Julien\" \/>\n\t<meta name=\"twitter:label2\" content=\"Dur\u00e9e de lecture est.\" \/>\n\t<meta name=\"twitter:data2\" content=\"2 minutes\" \/>\n<script type=\"application\/ld+json\" class=\"yoast-schema-graph\">{\"@context\":\"https:\/\/schema.org\",\"@graph\":[{\"@type\":\"Article\",\"@id\":\"https:\/\/vieassociative.be\/actualites\/ce-vide-puissant-pour-les-proprietaires-danimaux-est-a-son-prix-le-plus-bas-de-tous-les-temps\/#article\",\"isPartOf\":{\"@id\":\"https:\/\/vieassociative.be\/actualites\/ce-vide-puissant-pour-les-proprietaires-danimaux-est-a-son-prix-le-plus-bas-de-tous-les-temps\/\"},\"author\":{\"name\":\"Julien\",\"@id\":\"https:\/\/vieassociative.be\/actualites\/#\/schema\/person\/b87ac4f82f9d4e7b7cec7395b679edc4\"},\"headline\":\"Ce vide puissant pour les propri\u00e9taires d&rsquo;animaux est \u00e0 son prix le plus bas de tous les temps\",\"datePublished\":\"2025-06-11T13:20:20+00:00\",\"dateModified\":\"2025-06-11T13:20:20+00:00\",\"mainEntityOfPage\":{\"@id\":\"https:\/\/vieassociative.be\/actualites\/ce-vide-puissant-pour-les-proprietaires-danimaux-est-a-son-prix-le-plus-bas-de-tous-les-temps\/\"},\"wordCount\":504,\"publisher\":{\"@id\":\"https:\/\/vieassociative.be\/actualites\/#organization\"},\"image\":{\"@id\":\"https:\/\/vieassociative.be\/actualites\/ce-vide-puissant-pour-les-proprietaires-danimaux-est-a-son-prix-le-plus-bas-de-tous-les-temps\/#primaryimage\"},\"thumbnailUrl\":\"https:\/\/vieassociative.be\/actualites\/wp-content\/uploads\/2025\/06\/Ce-vide-puissant-pour-les-proprietaires-danimaux-est-a-son.png\",\"keywords\":[\"bas\",\"danimaux\",\"est\",\"Les\",\"pour\",\"prix\",\"propri\u00e9taires\",\"puissant\",\"son\",\"temps\",\"tous\",\"vide\"],\"articleSection\":[\"Maison\"],\"inLanguage\":\"fr-BE\"},{\"@type\":\"WebPage\",\"@id\":\"https:\/\/vieassociative.be\/actualites\/ce-vide-puissant-pour-les-proprietaires-danimaux-est-a-son-prix-le-plus-bas-de-tous-les-temps\/\",\"url\":\"https:\/\/vieassociative.be\/actualites\/ce-vide-puissant-pour-les-proprietaires-danimaux-est-a-son-prix-le-plus-bas-de-tous-les-temps\/\",\"name\":\"Ce vide puissant pour les propri\u00e9taires d'animaux est \u00e0 son prix le plus bas de tous les temps | Vie Associative\",\"isPartOf\":{\"@id\":\"https:\/\/vieassociative.be\/actualites\/#website\"},\"primaryImageOfPage\":{\"@id\":\"https:\/\/vieassociative.be\/actualites\/ce-vide-puissant-pour-les-proprietaires-danimaux-est-a-son-prix-le-plus-bas-de-tous-les-temps\/#primaryimage\"},\"image\":{\"@id\":\"https:\/\/vieassociative.be\/actualites\/ce-vide-puissant-pour-les-proprietaires-danimaux-est-a-son-prix-le-plus-bas-de-tous-les-temps\/#primaryimage\"},\"thumbnailUrl\":\"https:\/\/vieassociative.be\/actualites\/wp-content\/uploads\/2025\/06\/Ce-vide-puissant-pour-les-proprietaires-danimaux-est-a-son.png\",\"datePublished\":\"2025-06-11T13:20:20+00:00\",\"dateModified\":\"2025-06-11T13:20:20+00:00\",\"breadcrumb\":{\"@id\":\"https:\/\/vieassociative.be\/actualites\/ce-vide-puissant-pour-les-proprietaires-danimaux-est-a-son-prix-le-plus-bas-de-tous-les-temps\/#breadcrumb\"},\"inLanguage\":\"fr-BE\",\"potentialAction\":[{\"@type\":\"ReadAction\",\"target\":[\"https:\/\/vieassociative.be\/actualites\/ce-vide-puissant-pour-les-proprietaires-danimaux-est-a-son-prix-le-plus-bas-de-tous-les-temps\/\"]}]},{\"@type\":\"ImageObject\",\"inLanguage\":\"fr-BE\",\"@id\":\"https:\/\/vieassociative.be\/actualites\/ce-vide-puissant-pour-les-proprietaires-danimaux-est-a-son-prix-le-plus-bas-de-tous-les-temps\/#primaryimage\",\"url\":\"https:\/\/vieassociative.be\/actualites\/wp-content\/uploads\/2025\/06\/Ce-vide-puissant-pour-les-proprietaires-danimaux-est-a-son.png\",\"contentUrl\":\"https:\/\/vieassociative.be\/actualites\/wp-content\/uploads\/2025\/06\/Ce-vide-puissant-pour-les-proprietaires-danimaux-est-a-son.png\",\"width\":1200,\"height\":675,\"caption\":\"Ce vide puissant pour les propri\u00e9taires d'animaux est \u00e0 son prix le plus bas de tous les temps\"},{\"@type\":\"BreadcrumbList\",\"@id\":\"https:\/\/vieassociative.be\/actualites\/ce-vide-puissant-pour-les-proprietaires-danimaux-est-a-son-prix-le-plus-bas-de-tous-les-temps\/#breadcrumb\",\"itemListElement\":[{\"@type\":\"ListItem\",\"position\":1,\"name\":\"Accueil\",\"item\":\"https:\/\/vieassociative.be\/actualites\/\"},{\"@type\":\"ListItem\",\"position\":2,\"name\":\"Ce vide puissant pour les propri\u00e9taires d&rsquo;animaux est \u00e0 son prix le plus bas de tous les temps\"}]},{\"@type\":\"WebSite\",\"@id\":\"https:\/\/vieassociative.be\/actualites\/#website\",\"url\":\"https:\/\/vieassociative.be\/actualites\/\",\"name\":\"Vie Associative\",\"description\":\"\",\"publisher\":{\"@id\":\"https:\/\/vieassociative.be\/actualites\/#organization\"},\"potentialAction\":[{\"@type\":\"SearchAction\",\"target\":{\"@type\":\"EntryPoint\",\"urlTemplate\":\"https:\/\/vieassociative.be\/actualites\/?s={search_term_string}\"},\"query-input\":{\"@type\":\"PropertyValueSpecification\",\"valueRequired\":true,\"valueName\":\"search_term_string\"}}],\"inLanguage\":\"fr-BE\"},{\"@type\":\"Organization\",\"@id\":\"https:\/\/vieassociative.be\/actualites\/#organization\",\"name\":\"Vie Associative\",\"url\":\"https:\/\/vieassociative.be\/actualites\/\",\"logo\":{\"@type\":\"ImageObject\",\"inLanguage\":\"fr-BE\",\"@id\":\"https:\/\/vieassociative.be\/actualites\/#\/schema\/logo\/image\/\",\"url\":\"https:\/\/vieassociative.be\/actualites\/wp-content\/uploads\/2024\/09\/cropped-vieassociative_favicon.ico.png\",\"contentUrl\":\"https:\/\/vieassociative.be\/actualites\/wp-content\/uploads\/2024\/09\/cropped-vieassociative_favicon.ico.png\",\"width\":512,\"height\":512,\"caption\":\"Vie Associative\"},\"image\":{\"@id\":\"https:\/\/vieassociative.be\/actualites\/#\/schema\/logo\/image\/\"}},{\"@type\":\"Person\",\"@id\":\"https:\/\/vieassociative.be\/actualites\/#\/schema\/person\/b87ac4f82f9d4e7b7cec7395b679edc4\",\"name\":\"Julien\",\"image\":{\"@type\":\"ImageObject\",\"inLanguage\":\"fr-BE\",\"@id\":\"https:\/\/vieassociative.be\/actualites\/#\/schema\/person\/image\/\",\"url\":\"https:\/\/vieassociative.be\/actualites\/wp-content\/uploads\/2024\/09\/vie-associative-1-150x150.jpg\",\"contentUrl\":\"https:\/\/vieassociative.be\/actualites\/wp-content\/uploads\/2024\/09\/vie-associative-1-150x150.jpg\",\"caption\":\"Julien\"},\"description\":\"Je suis Julien, r\u00e9dacteur pour Vie Associative. Passionn\u00e9 par le monde associatif depuis plus de 10 ans, j'ai \u00e0 c\u0153ur de partager des histoires inspirantes et de mettre en lumi\u00e8re les initiatives locales. Mon objectif est de sensibiliser et d'encourager l'engagement communautaire \u00e0 travers mes articles.\",\"sameAs\":[\"https:\/\/vieassociative.be\/\"]}]}<\/script>\n<!-- \/ Yoast SEO plugin. -->","yoast_head_json":{"title":"Ce vide puissant pour les propri\u00e9taires d'animaux est \u00e0 son prix le plus bas de tous les temps | Vie Associative","robots":{"index":"index","follow":"follow","max-snippet":"max-snippet:-1","max-image-preview":"max-image-preview:large","max-video-preview":"max-video-preview:-1"},"canonical":"https:\/\/vieassociative.be\/actualites\/ce-vide-puissant-pour-les-proprietaires-danimaux-est-a-son-prix-le-plus-bas-de-tous-les-temps\/","og_locale":"fr_FR","og_type":"article","og_title":"Ce vide puissant pour les propri\u00e9taires d'animaux est \u00e0 son prix le plus bas de tous les temps | Vie Associative","og_description":"Ce vide sans fil silencieux est con\u00e7u pour nettoyer apr\u00e8s des colocataires \u00e0 fourrure. Si vous pensiez que Dyson \u00e9tait le seul nom dans les","og_url":"https:\/\/vieassociative.be\/actualites\/ce-vide-puissant-pour-les-proprietaires-danimaux-est-a-son-prix-le-plus-bas-de-tous-les-temps\/","og_site_name":"Vie Associative","article_published_time":"2025-06-11T13:20:20+00:00","og_image":[{"url":"https:\/\/vieassociative.be\/actualites\/wp-content\/uploads\/2025\/06\/Ce-vide-puissant-pour-les-proprietaires-danimaux-est-a-son.jpg","type":"","width":"","height":""}],"author":"Julien","twitter_card":"summary_large_image","twitter_misc":{"\u00c9crit par":"Julien","Dur\u00e9e de lecture est.":"2 minutes"},"schema":{"@context":"https:\/\/schema.org","@graph":[{"@type":"Article","@id":"https:\/\/vieassociative.be\/actualites\/ce-vide-puissant-pour-les-proprietaires-danimaux-est-a-son-prix-le-plus-bas-de-tous-les-temps\/#article","isPartOf":{"@id":"https:\/\/vieassociative.be\/actualites\/ce-vide-puissant-pour-les-proprietaires-danimaux-est-a-son-prix-le-plus-bas-de-tous-les-temps\/"},"author":{"name":"Julien","@id":"https:\/\/vieassociative.be\/actualites\/#\/schema\/person\/b87ac4f82f9d4e7b7cec7395b679edc4"},"headline":"Ce vide puissant pour les propri\u00e9taires d&rsquo;animaux est \u00e0 son prix le plus bas de tous les temps","datePublished":"2025-06-11T13:20:20+00:00","dateModified":"2025-06-11T13:20:20+00:00","mainEntityOfPage":{"@id":"https:\/\/vieassociative.be\/actualites\/ce-vide-puissant-pour-les-proprietaires-danimaux-est-a-son-prix-le-plus-bas-de-tous-les-temps\/"},"wordCount":504,"publisher":{"@id":"https:\/\/vieassociative.be\/actualites\/#organization"},"image":{"@id":"https:\/\/vieassociative.be\/actualites\/ce-vide-puissant-pour-les-proprietaires-danimaux-est-a-son-prix-le-plus-bas-de-tous-les-temps\/#primaryimage"},"thumbnailUrl":"https:\/\/vieassociative.be\/actualites\/wp-content\/uploads\/2025\/06\/Ce-vide-puissant-pour-les-proprietaires-danimaux-est-a-son.png","keywords":["bas","danimaux","est","Les","pour","prix","propri\u00e9taires","puissant","son","temps","tous","vide"],"articleSection":["Maison"],"inLanguage":"fr-BE"},{"@type":"WebPage","@id":"https:\/\/vieassociative.be\/actualites\/ce-vide-puissant-pour-les-proprietaires-danimaux-est-a-son-prix-le-plus-bas-de-tous-les-temps\/","url":"https:\/\/vieassociative.be\/actualites\/ce-vide-puissant-pour-les-proprietaires-danimaux-est-a-son-prix-le-plus-bas-de-tous-les-temps\/","name":"Ce vide puissant pour les propri\u00e9taires d'animaux est \u00e0 son prix le plus bas de tous les temps | Vie Associative","isPartOf":{"@id":"https:\/\/vieassociative.be\/actualites\/#website"},"primaryImageOfPage":{"@id":"https:\/\/vieassociative.be\/actualites\/ce-vide-puissant-pour-les-proprietaires-danimaux-est-a-son-prix-le-plus-bas-de-tous-les-temps\/#primaryimage"},"image":{"@id":"https:\/\/vieassociative.be\/actualites\/ce-vide-puissant-pour-les-proprietaires-danimaux-est-a-son-prix-le-plus-bas-de-tous-les-temps\/#primaryimage"},"thumbnailUrl":"https:\/\/vieassociative.be\/actualites\/wp-content\/uploads\/2025\/06\/Ce-vide-puissant-pour-les-proprietaires-danimaux-est-a-son.png","datePublished":"2025-06-11T13:20:20+00:00","dateModified":"2025-06-11T13:20:20+00:00","breadcrumb":{"@id":"https:\/\/vieassociative.be\/actualites\/ce-vide-puissant-pour-les-proprietaires-danimaux-est-a-son-prix-le-plus-bas-de-tous-les-temps\/#breadcrumb"},"inLanguage":"fr-BE","potentialAction":[{"@type":"ReadAction","target":["https:\/\/vieassociative.be\/actualites\/ce-vide-puissant-pour-les-proprietaires-danimaux-est-a-son-prix-le-plus-bas-de-tous-les-temps\/"]}]},{"@type":"ImageObject","inLanguage":"fr-BE","@id":"https:\/\/vieassociative.be\/actualites\/ce-vide-puissant-pour-les-proprietaires-danimaux-est-a-son-prix-le-plus-bas-de-tous-les-temps\/#primaryimage","url":"https:\/\/vieassociative.be\/actualites\/wp-content\/uploads\/2025\/06\/Ce-vide-puissant-pour-les-proprietaires-danimaux-est-a-son.png","contentUrl":"https:\/\/vieassociative.be\/actualites\/wp-content\/uploads\/2025\/06\/Ce-vide-puissant-pour-les-proprietaires-danimaux-est-a-son.png","width":1200,"height":675,"caption":"Ce vide puissant pour les propri\u00e9taires d'animaux est \u00e0 son prix le plus bas de tous les temps"},{"@type":"BreadcrumbList","@id":"https:\/\/vieassociative.be\/actualites\/ce-vide-puissant-pour-les-proprietaires-danimaux-est-a-son-prix-le-plus-bas-de-tous-les-temps\/#breadcrumb","itemListElement":[{"@type":"ListItem","position":1,"name":"Accueil","item":"https:\/\/vieassociative.be\/actualites\/"},{"@type":"ListItem","position":2,"name":"Ce vide puissant pour les propri\u00e9taires d&rsquo;animaux est \u00e0 son prix le plus bas de tous les temps"}]},{"@type":"WebSite","@id":"https:\/\/vieassociative.be\/actualites\/#website","url":"https:\/\/vieassociative.be\/actualites\/","name":"Vie Associative","description":"","publisher":{"@id":"https:\/\/vieassociative.be\/actualites\/#organization"},"potentialAction":[{"@type":"SearchAction","target":{"@type":"EntryPoint","urlTemplate":"https:\/\/vieassociative.be\/actualites\/?s={search_term_string}"},"query-input":{"@type":"PropertyValueSpecification","valueRequired":true,"valueName":"search_term_string"}}],"inLanguage":"fr-BE"},{"@type":"Organization","@id":"https:\/\/vieassociative.be\/actualites\/#organization","name":"Vie Associative","url":"https:\/\/vieassociative.be\/actualites\/","logo":{"@type":"ImageObject","inLanguage":"fr-BE","@id":"https:\/\/vieassociative.be\/actualites\/#\/schema\/logo\/image\/","url":"https:\/\/vieassociative.be\/actualites\/wp-content\/uploads\/2024\/09\/cropped-vieassociative_favicon.ico.png","contentUrl":"https:\/\/vieassociative.be\/actualites\/wp-content\/uploads\/2024\/09\/cropped-vieassociative_favicon.ico.png","width":512,"height":512,"caption":"Vie Associative"},"image":{"@id":"https:\/\/vieassociative.be\/actualites\/#\/schema\/logo\/image\/"}},{"@type":"Person","@id":"https:\/\/vieassociative.be\/actualites\/#\/schema\/person\/b87ac4f82f9d4e7b7cec7395b679edc4","name":"Julien","image":{"@type":"ImageObject","inLanguage":"fr-BE","@id":"https:\/\/vieassociative.be\/actualites\/#\/schema\/person\/image\/","url":"https:\/\/vieassociative.be\/actualites\/wp-content\/uploads\/2024\/09\/vie-associative-1-150x150.jpg","contentUrl":"https:\/\/vieassociative.be\/actualites\/wp-content\/uploads\/2024\/09\/vie-associative-1-150x150.jpg","caption":"Julien"},"description":"Je suis Julien, r\u00e9dacteur pour Vie Associative. Passionn\u00e9 par le monde associatif depuis plus de 10 ans, j'ai \u00e0 c\u0153ur de partager des histoires inspirantes et de mettre en lumi\u00e8re les initiatives locales. Mon objectif est de sensibiliser et d'encourager l'engagement communautaire \u00e0 travers mes articles.","sameAs":["https:\/\/vieassociative.be\/"]}]}},"_links":{"self":[{"href":"https:\/\/vieassociative.be\/actualites\/wp-json\/wp\/v2\/posts\/8121"}],"collection":[{"href":"https:\/\/vieassociative.be\/actualites\/wp-json\/wp\/v2\/posts"}],"about":[{"href":"https:\/\/vieassociative.be\/actualites\/wp-json\/wp\/v2\/types\/post"}],"author":[{"embeddable":true,"href":"https:\/\/vieassociative.be\/actualites\/wp-json\/wp\/v2\/users\/1"}],"replies":[{"embeddable":true,"href":"https:\/\/vieassociative.be\/actualites\/wp-json\/wp\/v2\/comments?post=8121"}],"version-history":[{"count":0,"href":"https:\/\/vieassociative.be\/actualites\/wp-json\/wp\/v2\/posts\/8121\/revisions"}],"wp:featuredmedia":[{"embeddable":true,"href":"https:\/\/vieassociative.be\/actualites\/wp-json\/wp\/v2\/media\/8122"}],"wp:attachment":[{"href":"https:\/\/vieassociative.be\/actualites\/wp-json\/wp\/v2\/media?parent=8121"}],"wp:term":[{"taxonomy":"category","embeddable":true,"href":"https:\/\/vieassociative.be\/actualites\/wp-json\/wp\/v2\/categories?post=8121"},{"taxonomy":"post_tag","embeddable":true,"href":"https:\/\/vieassociative.be\/actualites\/wp-json\/wp\/v2\/tags?post=8121"}],"curies":[{"name":"wp","href":"https:\/\/api.w.org\/{rel}","templated":true}]}}