{"id":8108,"date":"2025-06-11T01:17:51","date_gmt":"2025-06-10T23:17:51","guid":{"rendered":"https:\/\/vieassociative.be\/actualites\/home-depot-a-une-grande-vente-de-la-fete-des-peres-sur-des-outils-electriques\/"},"modified":"2025-06-11T01:17:51","modified_gmt":"2025-06-10T23:17:51","slug":"home-depot-a-une-grande-vente-de-la-fete-des-peres-sur-des-outils-electriques","status":"publish","type":"post","link":"https:\/\/vieassociative.be\/actualites\/home-depot-a-une-grande-vente-de-la-fete-des-peres-sur-des-outils-electriques\/","title":{"rendered":"Home Depot a une grande vente de la f\u00eate des p\u00e8res sur des outils \u00e9lectriques"},"content":{"rendered":"<div class=\"mt-4 leading-6 md:mb-8\">Am\u00e9liorez votre ensemble d&rsquo;outils sans fil sans souffler votre budget.<\/div>\n<p><\/p>\n<p>Si vous cherchez un cadeau (ou si vous aimez simplement les outils \u00e9lectriques), vous devez savoir que la f\u00eate des p\u00e8res est l&rsquo;une des meilleures ventes de l&rsquo;ann\u00e9e. Si vous avez eu un \u0153il sur une tron\u00e7onneuse aliment\u00e9e par batterie ou si votre ensemble de batteries actuel se rapproche de la fin de sa dur\u00e9e de vie, voici quelques offres qui peuvent vous aider \u00e0 obtenir des projets de bricolage (ou de votre p\u00e8re) termin\u00e9s dans le budget.<\/p>\n<h2 id=\"cordless-tool-sets\">Ensembles d&rsquo;outils sans fil<\/h2>\n<p>Si vous \u00eates nouveau dans le bricolage ou si vous devez cr\u00e9er votre bo\u00eete \u00e0 outils \u00e0 partir de z\u00e9ro, les ensembles sont un bon point de d\u00e9part. Ils sont livr\u00e9s avec plusieurs outils ainsi que des batteries et des chargeurs, vous aurez donc une bonne partie de ce dont vous avez besoin. <\/p>\n<ul>\n<li>\n<p>Le kit combo Ryobi 18 volts et \u00e0 six tools est en vente pour 199 $, 33% de r\u00e9duction sur son prix r\u00e9gulier. Le kit est livr\u00e9 avec une perceuse, un pilote d&rsquo;impact, une scie circulaire, une scie alternative, un outil oscillant, une lampe de poche autonome, une batterie de 1,5 ampleur, une batterie \u00e0 4 amp\u00e8res, un chargeur et un sac \u00e0 outils. Il s&rsquo;agit d&rsquo;un bon kit de d\u00e9marrage pour le bricolage \u00e0 domicile, et l&rsquo;outil oscillant change la donne pour couper une grande vari\u00e9t\u00e9 de mat\u00e9riaux du pl\u00e2tre au m\u00e9tal.<\/p>\n<\/li>\n<li>\n<p>Le kit Milwaukee 18 volts et sept outils est en vente pour 499 $, 50% de r\u00e9duction sur son prix habituel. L&rsquo;ensemble est livr\u00e9 avec une perceuse, un pilote d&rsquo;impact, une scie alternative, une scie circulaire, un broyeur d&rsquo;angle, un outil oscillant, une lampe de poche autonome, deux batteries 3xc3o, un chargeur et un sac \u00e0 outils. Ce kit a tout ce dont vous avez besoin pour commencer sur vos propres projets de bricolage, et c&rsquo;est un bon choix si vous avez besoin de mettre \u00e0 niveau un ancien ensemble d&rsquo;outils car les outils de Milwaukee ont tendance \u00e0 \u00eatre durables et durables.<\/p>\n<\/li>\n<li>\n<p>Le kit Dewalt 20 volts et \u00e0 six tabliers est en vente pour 499 $, 44% sur son prix typique. Cet ensemble comprend une perceuse, un pilote d&rsquo;impact, une scie circulaire, un outil oscillant, une ponceuse orbitale, un broyeur d&rsquo;angle, une batterie de 2 amp\u00e8res, une batterie de 5 amp\u00e8res, un chargeur et un bo\u00eetier \u00e0 roulement durement c\u00f4t\u00e9. Il s&rsquo;agit d&rsquo;un bon kit pour d\u00e9marrer ou comme mise \u00e0 niveau pour les anciens outils et batteries sans fil.<\/p>\n<\/li>\n<\/ul>\n<div class=\"pogoClear mb-12 mt-10 rounded-md border-2 border-gray-100 py-7 shadow-xl md:py-6\">\n<div class=\"flex flex-wrap justify-between px-7 text-black no-underline md:flex-nowrap md:px-8\">\n<div class=\"order-1 mx-auto flex flex-col justify-center md:order-2 md:ml-4 md:w-full md:grow\">\n<div class=\"block cursor-pointer text-center font-akshar text-2xl font-medium leading-7 text-brand-green duration-200 ease-in-out hover:text-brand-green-700 md:text-left md:text-xl md:leading-6\">Kit combo Ryobi 18 volts et six tools\n                <\/div>\n<div class=\"mt-4 hidden md:flex md:justify-between\">\n<div class=\"self-end\">\n<div class=\"mb-0 h-11 md:flex md:flex-col md:justify-center\">\n<div class=\" font-sans leading-4 text-black\">\n<div class=\"flex flex-wrap items-center justify-center gap-x-1 md:justify-start\">\n        <span class=\"font-bold\"><\/p>\n<p>            199,00 $<br \/>\n                            <span class=\"font-medium\">\u00e0 Home Depot <\/span><br \/>\n                    <\/span>\n            <\/div>\n<div class=\"flex items-center justify-center gap-x-1 font-bold md:justify-start\">\n            <span class=\"text-sm line-through\">299,00 $<\/span><br \/>\n            <span class=\"text-sm text-brand-green\">\u00c9conomisez 100,00 $<\/span>\n        <\/div>\n<\/p><\/div>\n<\/p><\/div>\n<\/p><\/div>\n<div class=\"w-44 self-end\">\n                            <button class=\"flex justify-center items-center w-full bg-brand-green text-white text-base font-sans font-medium rounded-md hover:bg-brand-green-700 hover:cursor-pointer md:text-sm h-11\"><\/p>\n<p>    Conclure un accord<br \/>\n<\/button>\n                        <\/div>\n<\/p><\/div>\n<\/p><\/div>\n<div class=\"order-2 mt-5 h-auto w-full md:order-1 md:mt-0 md:hidden\">\n<div class=\"flex aspect-video items-center justify-center\">\n                                            <img decoding=\"async\" class=\"m-0 max-h-full max-w-full rounded-md\" src=\"https:\/\/vieassociative.be\/actualites\/wp-content\/uploads\/2025\/06\/Home-Depot-a-une-grande-vente-de-la-fete-des.png\" alt=\"Kit combo Ryobi 18 volts et six tools\" width=\"auto\" height=\"auto\" loading=\"lazy\">\n                                    <\/div>\n<\/p><\/div>\n<div class=\"order-2 ml-2 hidden w-32 shrink-0 items-center md:order-1 md:ml-0 md:flex\">\n<div class=\"flex aspect-video items-center justify-center\">\n                                            <img decoding=\"async\" class=\"m-0 max-h-full max-w-full rounded-md\" src=\"https:\/\/vieassociative.be\/actualites\/wp-content\/uploads\/2025\/06\/Home-Depot-a-une-grande-vente-de-la-fete-des.png\" alt=\"Kit combo Ryobi 18 volts et six tools\" width=\"auto\" height=\"auto\" loading=\"lazy\">\n                                    <\/div>\n<\/p><\/div>\n<div class=\"order-3 flex grow flex-wrap md:hidden md:grow-0\">\n<div class=\"mt-4 w-full\">\n                        <button class=\"flex justify-center items-center w-full bg-brand-green text-white text-base font-sans font-medium rounded-md hover:bg-brand-green-700 hover:cursor-pointer md:text-sm h-11\"><\/p>\n<p>    Conclure un accord<br \/>\n<\/button>\n                    <\/div>\n<div class=\"mx-2 mt-4 w-full\">\n<div class=\" font-sans leading-4 text-black\">\n<div class=\"flex flex-wrap items-center justify-center gap-x-1 md:justify-start\">\n        <span class=\"font-bold\"><\/p>\n<p>            199,00 $<br \/>\n                            <span class=\"font-medium\">\u00e0 Home Depot <\/span><br \/>\n                    <\/span>\n            <\/div>\n<div class=\"flex items-center justify-center gap-x-1 font-bold md:justify-start\">\n            <span class=\"text-sm line-through\">299,00 $<\/span><br \/>\n            <span class=\"text-sm text-brand-green\">\u00c9conomisez 100,00 $<\/span>\n        <\/div>\n<\/p><\/div>\n<\/p><\/div>\n<\/p><\/div>\n<\/p><\/div>\n<\/div>\n<h2 id=\"drills-and-drivers\">Exercices et conducteurs<\/h2>\n<p>Un bon exercice et conducteur est la pierre angulaire d&rsquo;une trousse d&rsquo;outils sans fil solide &#8211; il vous permet de faire les bases de l&rsquo;assemblage pour les projets de bricolage ainsi que de conduire du mat\u00e9riel pour les r\u00e9parations. <\/p>\n<ul>\n<li>\n<p>L&rsquo;exercice de Milwaukee 18 volts est en vente pour 99 $, 50% de r\u00e9duction sur son prix r\u00e9gulier. Le foret est livr\u00e9 avec une batterie \u00e0 deux heures, un chargeur et un sac \u00e0 outils. <\/p>\n<\/li>\n<li>\n<p>Le pilote d&rsquo;impact de Milwaukee 18 volts est en vente pour 99 $, 50% de r\u00e9duction sur son prix habituel. Le conducteur est livr\u00e9 avec une batterie \u00e0 2 amp\u00e8res, un chargeur et un sac \u00e0 outils. Cet outil cl\u00e9 pour les projets de bricolage \u00e0 domicile facilite la conduite des vis, en particulier dans le mat\u00e9riau difficile.<\/p>\n<\/li>\n<li>\n<p>La perceuse Dewalt 20 volts est en vente pour 99 $, 45% de r\u00e9duction sur son prix typique. Ce kit est livr\u00e9 avec deux batteries de 1,3 amplification, un chargeur et un sac \u00e0 outils. C&rsquo;est une bonne affaire sur un outil Cornerstone pour un passionn\u00e9 de bricolage.<\/p>\n<\/li>\n<\/ul>\n<h2 id=\"outdoor-cordless-power-equipment\">\u00c9quipement d&rsquo;alimentation sans fil ext\u00e9rieur<\/h2>\n<p>Les outils sans fil deviennent plus puissants \u00e0 mesure que la technologie des batteries s&rsquo;am\u00e9liore, permettant aux batteries de l&rsquo;outil d&rsquo;\u00eatre plus petites et de maintenir une charge plus longtemps. L&rsquo;\u00e9quipement \u00e9lectrique sans fil est moins cher \u00e0 fonctionner que les options de combustion au gaz, et avec une am\u00e9lioration de la dur\u00e9e de vie de la batterie, peut \u00eatre tout aussi efficace. <\/p>\n<div class=\"pogoClear relative my-10 border-b-(1.5px) border-t-(1.5px) border-dashed border-black py-5 sm:my-14 sm:border-0 sm:py-0\" data-ga-click data-ga-template=\"Deals\" data-ga-module=\"openweb_widget\" data-ga-element=\"openweb_scroll\" data-ga-item=\"openweb_scroll_midpage\" x-data=\"{\n         commentsCount: null,\n         hasComments: false,\n         async fetchCommentsCount() {\n             try {\n                 if (window.openweb &amp;&amp; typeof window.openweb.getMessagesCount === 'function') {\n                     this.commentsCount = await window.openweb.getMessagesCount('01JXC3J3JFT2RF47397GJ711X2');\n                     this.hasComments = this.commentsCount !== null &amp;&amp; this.commentsCount &gt; 0;\n                 }\n             } catch (e) {\n                 console.warn('Failed to fetch comment count:', e);\n             }\n         }\n     }\" x-init=\"fetchCommentsCount()\" x-cloak><\/p>\n<div class=\"absolute top-1\/2 hidden w-full -translate-y-1\/2 border-t-(1.5px) border-dashed border-black sm:block\"><\/div>\n<div class=\"relative flex justify-center\">\n<div class=\"flex max-w-fit items-center gap-x-3 bg-white px-5\">\n<div class=\"relative\">\n                <span class=\"absolute left-1\/2 top-1\/2 -translate-x-1\/2 -translate-y-1\/2 font-akshar text-sm font-medium text-black\" aria-live=\"polite\" x-show=\"hasComments\" x-text=\"commentsCount\"><\/span><\/p>\n<p>                <svg class=\"h-8 w-8 text-black\" role=\"img\" aria-hidden=\"true\">\n                    <use href=\"http:\/\/lifehacker.com\/images\/icons\/spritemap.svg#sprite-chat-bubble\"><\/use>\n                <\/svg>\n            <\/div>\n<p>            <span class=\"text-sm font-medium text-black\"><\/p>\n<p>                Que pensez-vous jusqu&rsquo;\u00e0 pr\u00e9sent?<br \/>\n                <button class=\"ml-1 font-semibold text-brand-green underline hover:text-brand-green-700\" type=\"button\" aria-label=\"Comment section trigger\" onclick=\"window.openweb.scrollToComments('01JXC3J3JFT2RF47397GJ711X2')\" x-text=\"hasComments ? 'Post a comment.' : 'Be the first to post a comment.'\"><\/button><br \/>\n            <\/span>\n        <\/div>\n<\/p><\/div>\n<\/div>\n<ul>\n<li>\n<p>La tron\u00e7onneuse Milwaukee 18 volts et 16 pouces est en vente pour 229 $, 30% de r\u00e9duction sur son prix r\u00e9gulier. Il s&rsquo;agit d&rsquo;une affaire d&rsquo;outil uniquement, vous aurez donc besoin d&rsquo;un jeu de batterie Milwaukee pour l&rsquo;utiliser. Une lame de tron\u00e7onneuse de 16 pouces est plus que suffisante pour la plupart des projets de travail de jardin. <\/p>\n<\/li>\n<li>\n<p>La tron\u00e7onneuse de huit pouces de Milwaukee 18 volts est en vente pour 299 $, 40% de r\u00e9duction sur son prix habituel. Cette mini-tron\u00e7onneuse est livr\u00e9e avec une batterie de six heures, une charge et un sac \u00e0 outils, vous aurez donc tout ce dont vous avez besoin pour couper le contenu de votre c\u0153ur.<\/p>\n<\/li>\n<li>\n<p>La till de dents arri\u00e8re Ryobi de 40 volts est en vente pour 599 $, 40% de r\u00e9duction sur son prix r\u00e9gulier. Cet outil fonctionne sur quatre piles incluses \u00e0 six heures, et il est \u00e9galement livr\u00e9 avec un chargeur. Vous pouvez jusqu&rsquo;\u00e0 jusqu&rsquo;\u00e0 environ 3000 pieds carr\u00e9s de sol avec cet outil avant de devoir recharger les batteries.<\/p>\n<\/li>\n<\/ul>\n<div class=\"pogoClear mb-12 mt-10 rounded-md border-2 border-gray-100 py-7 shadow-xl md:py-6\">\n<div class=\"flex flex-wrap justify-between px-7 text-black no-underline md:flex-nowrap md:px-8\">\n<div class=\"order-1 mx-auto flex flex-col justify-center md:order-2 md:ml-4 md:w-full md:grow\">\n<div class=\"block cursor-pointer text-center font-akshar text-2xl font-medium leading-7 text-brand-green duration-200 ease-in-out hover:text-brand-green-700 md:text-left md:text-xl md:leading-6\">Milwaukee 18 volts et 16 pouces\n                <\/div>\n<div class=\"mt-4 hidden md:flex md:justify-between\">\n<div class=\"self-end\">\n<div class=\"mb-0 h-11 md:flex md:flex-col md:justify-center\">\n<div class=\" font-sans leading-4 text-black\">\n<div class=\"flex flex-wrap items-center justify-center gap-x-1 md:justify-start\">\n        <span class=\"font-bold\"><\/p>\n<p>            229,00 $<br \/>\n                            <span class=\"font-medium\">\u00e0 Home Depot <\/span><br \/>\n                    <\/span>\n            <\/div>\n<div class=\"flex items-center justify-center gap-x-1 font-bold md:justify-start\">\n            <span class=\"text-sm line-through\">329,00 $<\/span><br \/>\n            <span class=\"text-sm text-brand-green\">\u00c9conomisez 100,00 $<\/span>\n        <\/div>\n<\/p><\/div>\n<\/p><\/div>\n<\/p><\/div>\n<div class=\"w-44 self-end\">\n                            <button class=\"flex justify-center items-center w-full bg-brand-green text-white text-base font-sans font-medium rounded-md hover:bg-brand-green-700 hover:cursor-pointer md:text-sm h-11\"><\/p>\n<p>    Conclure un accord<br \/>\n<\/button>\n                        <\/div>\n<\/p><\/div>\n<\/p><\/div>\n<div class=\"order-2 mt-5 h-auto w-full md:order-1 md:mt-0 md:hidden\">\n<div class=\"flex aspect-video items-center justify-center\">\n                                            <img decoding=\"async\" class=\"m-0 max-h-full max-w-full rounded-md\" src=\"https:\/\/vieassociative.be\/actualites\/wp-content\/uploads\/2025\/06\/1749597471_852_Home-Depot-a-une-grande-vente-de-la-fete-des.png\" alt=\"Milwaukee 18 volts et 16 pouces\" width=\"auto\" height=\"auto\" loading=\"lazy\">\n                                    <\/div>\n<\/p><\/div>\n<div class=\"order-2 ml-2 hidden w-32 shrink-0 items-center md:order-1 md:ml-0 md:flex\">\n<div class=\"flex aspect-video items-center justify-center\">\n                                            <img decoding=\"async\" class=\"m-0 max-h-full max-w-full rounded-md\" src=\"https:\/\/vieassociative.be\/actualites\/wp-content\/uploads\/2025\/06\/1749597471_852_Home-Depot-a-une-grande-vente-de-la-fete-des.png\" alt=\"Milwaukee 18 volts et 16 pouces\" width=\"auto\" height=\"auto\" loading=\"lazy\">\n                                    <\/div>\n<\/p><\/div>\n<div class=\"order-3 flex grow flex-wrap md:hidden md:grow-0\">\n<div class=\"mt-4 w-full\">\n                        <button class=\"flex justify-center items-center w-full bg-brand-green text-white text-base font-sans font-medium rounded-md hover:bg-brand-green-700 hover:cursor-pointer md:text-sm h-11\"><\/p>\n<p>    Conclure un accord<br \/>\n<\/button>\n                    <\/div>\n<div class=\"mx-2 mt-4 w-full\">\n<div class=\" font-sans leading-4 text-black\">\n<div class=\"flex flex-wrap items-center justify-center gap-x-1 md:justify-start\">\n        <span class=\"font-bold\"><\/p>\n<p>            229,00 $<br \/>\n                            <span class=\"font-medium\">\u00e0 Home Depot <\/span><br \/>\n                    <\/span>\n            <\/div>\n<div class=\"flex items-center justify-center gap-x-1 font-bold md:justify-start\">\n            <span class=\"text-sm line-through\">329,00 $<\/span><br \/>\n            <span class=\"text-sm text-brand-green\">\u00c9conomisez 100,00 $<\/span>\n        <\/div>\n<\/p><\/div>\n<\/p><\/div>\n<\/p><\/div>\n<\/p><\/div>\n<\/div>\n<h2 id=\"batteries-and-chargers\">Piles et chargeurs<\/h2>\n<p>Si vous avez d\u00e9j\u00e0 une trousse \u00e0 outils sans fil et que vous souhaitez \u00e9tendre le nombre de batteries que vous avez, c&rsquo;est souvent l&rsquo;am\u00e9lioration la plus co\u00fbteuse \u00e0 apporter \u00e0 votre trousse d&rsquo;outils sans fil.<\/p>\n<ul>\n<li>\n<p>La batterie au lithium-ion de Milwaukee 18 volts et \u00e0 cinq heures est en vente pour 99 $ 41% de r\u00e9duction sur son prix r\u00e9gulier. Ce n&rsquo;est que la batterie, vous aurez donc besoin d&rsquo;un chargeur Milwaukee de 18 volts pour l&rsquo;utiliser.<\/p>\n<\/li>\n<li>\n<p>Le kit de d\u00e9marrage de source d&rsquo;alimentation portable Ryobi 18 volts est en vente pour 44,97 $, 36% de r\u00e9duction sur son prix habituel. Ce kit vous permet d&rsquo;utiliser la batterie de 1,5 amplification incluse comme source d&rsquo;alimentation portable pour les p\u00e9riph\u00e9riques de charge ou ex\u00e9cuter de l&rsquo;\u00e9lectronique pendant une dur\u00e9e limit\u00e9e. Il est livr\u00e9 avec un chargeur pour la batterie. Cet outil peut \u00eatre utile au cas o\u00f9 l&rsquo;alimentation s&rsquo;\u00e9teint ou si vous souhaitez charger votre t\u00e9l\u00e9phone pendant le camping. <\/p>\n<\/li>\n<li>\n<p>L&rsquo;ensemble Ryobi 2 Battery 18 volts est en vente pour 99, 51% de r\u00e9duction sur son prix typique. L&rsquo;ensemble est livr\u00e9 avec une batterie \u00e0 deux heures, une batterie de quatre heures et un chargeur. En plus de la remise, cet ensemble est admissible \u00e0 un outil gratuit, y compris un outil oscillant, un inflateur des pneus ou une ponceuse. <\/p>\n<\/li>\n<\/ul>\n","protected":false},"excerpt":{"rendered":"<p>Am\u00e9liorez votre ensemble d&rsquo;outils sans fil sans souffler votre budget. Si vous cherchez un cadeau (ou si vous aimez simplement les outils \u00e9lectriques), vous devez<\/p>\n","protected":false},"author":1,"featured_media":8109,"comment_status":"","ping_status":"","sticky":false,"template":"","format":"standard","meta":{"footnotes":""},"categories":[40],"tags":[1314,29,3502,1485,1787,453,825,2260,33,110,223],"class_list":["post-8108","post","type-post","status-publish","format-standard","has-post-thumbnail","hentry","category-maison","tag-depot","tag-des","tag-electriques","tag-fete","tag-grande","tag-home","tag-outils","tag-peres","tag-sur","tag-une","tag-vente","generate-columns","tablet-grid-50","mobile-grid-100","grid-parent","grid-33"],"yoast_head":"<!-- This site is optimized with the Yoast SEO plugin v24.0 - https:\/\/yoast.com\/wordpress\/plugins\/seo\/ -->\n<title>Home Depot a une grande vente de la f\u00eate des p\u00e8res sur des outils \u00e9lectriques | Vie Associative<\/title>\n<meta name=\"robots\" content=\"index, follow, max-snippet:-1, max-image-preview:large, max-video-preview:-1\" \/>\n<link rel=\"canonical\" href=\"https:\/\/vieassociative.be\/actualites\/home-depot-a-une-grande-vente-de-la-fete-des-peres-sur-des-outils-electriques\/\" \/>\n<meta property=\"og:locale\" content=\"fr_FR\" \/>\n<meta property=\"og:type\" content=\"article\" \/>\n<meta property=\"og:title\" content=\"Home Depot a une grande vente de la f\u00eate des p\u00e8res sur des outils \u00e9lectriques | Vie Associative\" \/>\n<meta property=\"og:description\" content=\"Am\u00e9liorez votre ensemble d&rsquo;outils sans fil sans souffler votre budget. Si vous cherchez un cadeau (ou si vous aimez simplement les outils \u00e9lectriques), vous devez\" \/>\n<meta property=\"og:url\" content=\"https:\/\/vieassociative.be\/actualites\/home-depot-a-une-grande-vente-de-la-fete-des-peres-sur-des-outils-electriques\/\" \/>\n<meta property=\"og:site_name\" content=\"Vie Associative\" \/>\n<meta property=\"article:published_time\" content=\"2025-06-10T23:17:51+00:00\" \/>\n<meta property=\"og:image\" content=\"https:\/\/vieassociative.be\/actualites\/wp-content\/uploads\/2025\/06\/Home-Depot-a-une-grande-vente-de-la-fete-des.png\" \/>\n<meta name=\"author\" content=\"Julien\" \/>\n<meta name=\"twitter:card\" content=\"summary_large_image\" \/>\n<meta name=\"twitter:label1\" content=\"\u00c9crit par\" \/>\n\t<meta name=\"twitter:data1\" content=\"Julien\" \/>\n\t<meta name=\"twitter:label2\" content=\"Dur\u00e9e de lecture est.\" \/>\n\t<meta name=\"twitter:data2\" content=\"5 minutes\" \/>\n<script type=\"application\/ld+json\" class=\"yoast-schema-graph\">{\"@context\":\"https:\/\/schema.org\",\"@graph\":[{\"@type\":\"Article\",\"@id\":\"https:\/\/vieassociative.be\/actualites\/home-depot-a-une-grande-vente-de-la-fete-des-peres-sur-des-outils-electriques\/#article\",\"isPartOf\":{\"@id\":\"https:\/\/vieassociative.be\/actualites\/home-depot-a-une-grande-vente-de-la-fete-des-peres-sur-des-outils-electriques\/\"},\"author\":{\"name\":\"Julien\",\"@id\":\"https:\/\/vieassociative.be\/actualites\/#\/schema\/person\/b87ac4f82f9d4e7b7cec7395b679edc4\"},\"headline\":\"Home Depot a une grande vente de la f\u00eate des p\u00e8res sur des outils \u00e9lectriques\",\"datePublished\":\"2025-06-10T23:17:51+00:00\",\"dateModified\":\"2025-06-10T23:17:51+00:00\",\"mainEntityOfPage\":{\"@id\":\"https:\/\/vieassociative.be\/actualites\/home-depot-a-une-grande-vente-de-la-fete-des-peres-sur-des-outils-electriques\/\"},\"wordCount\":1150,\"publisher\":{\"@id\":\"https:\/\/vieassociative.be\/actualites\/#organization\"},\"image\":{\"@id\":\"https:\/\/vieassociative.be\/actualites\/home-depot-a-une-grande-vente-de-la-fete-des-peres-sur-des-outils-electriques\/#primaryimage\"},\"thumbnailUrl\":\"https:\/\/vieassociative.be\/actualites\/wp-content\/uploads\/2025\/06\/Home-Depot-a-une-grande-vente-de-la-fete-des.jpg\",\"keywords\":[\"Depot\",\"Des\",\"\u00e9lectriques\",\"f\u00eate\",\"grande\",\"Home\",\"outils\",\"p\u00e8res\",\"sur\",\"une\",\"vente\"],\"articleSection\":[\"Maison\"],\"inLanguage\":\"fr-BE\"},{\"@type\":\"WebPage\",\"@id\":\"https:\/\/vieassociative.be\/actualites\/home-depot-a-une-grande-vente-de-la-fete-des-peres-sur-des-outils-electriques\/\",\"url\":\"https:\/\/vieassociative.be\/actualites\/home-depot-a-une-grande-vente-de-la-fete-des-peres-sur-des-outils-electriques\/\",\"name\":\"Home Depot a une grande vente de la f\u00eate des p\u00e8res sur des outils \u00e9lectriques | Vie Associative\",\"isPartOf\":{\"@id\":\"https:\/\/vieassociative.be\/actualites\/#website\"},\"primaryImageOfPage\":{\"@id\":\"https:\/\/vieassociative.be\/actualites\/home-depot-a-une-grande-vente-de-la-fete-des-peres-sur-des-outils-electriques\/#primaryimage\"},\"image\":{\"@id\":\"https:\/\/vieassociative.be\/actualites\/home-depot-a-une-grande-vente-de-la-fete-des-peres-sur-des-outils-electriques\/#primaryimage\"},\"thumbnailUrl\":\"https:\/\/vieassociative.be\/actualites\/wp-content\/uploads\/2025\/06\/Home-Depot-a-une-grande-vente-de-la-fete-des.jpg\",\"datePublished\":\"2025-06-10T23:17:51+00:00\",\"dateModified\":\"2025-06-10T23:17:51+00:00\",\"breadcrumb\":{\"@id\":\"https:\/\/vieassociative.be\/actualites\/home-depot-a-une-grande-vente-de-la-fete-des-peres-sur-des-outils-electriques\/#breadcrumb\"},\"inLanguage\":\"fr-BE\",\"potentialAction\":[{\"@type\":\"ReadAction\",\"target\":[\"https:\/\/vieassociative.be\/actualites\/home-depot-a-une-grande-vente-de-la-fete-des-peres-sur-des-outils-electriques\/\"]}]},{\"@type\":\"ImageObject\",\"inLanguage\":\"fr-BE\",\"@id\":\"https:\/\/vieassociative.be\/actualites\/home-depot-a-une-grande-vente-de-la-fete-des-peres-sur-des-outils-electriques\/#primaryimage\",\"url\":\"https:\/\/vieassociative.be\/actualites\/wp-content\/uploads\/2025\/06\/Home-Depot-a-une-grande-vente-de-la-fete-des.jpg\",\"contentUrl\":\"https:\/\/vieassociative.be\/actualites\/wp-content\/uploads\/2025\/06\/Home-Depot-a-une-grande-vente-de-la-fete-des.jpg\",\"width\":1200,\"height\":675,\"caption\":\"Home Depot a une grande vente de la f\u00eate des p\u00e8res sur des outils \u00e9lectriques\"},{\"@type\":\"BreadcrumbList\",\"@id\":\"https:\/\/vieassociative.be\/actualites\/home-depot-a-une-grande-vente-de-la-fete-des-peres-sur-des-outils-electriques\/#breadcrumb\",\"itemListElement\":[{\"@type\":\"ListItem\",\"position\":1,\"name\":\"Accueil\",\"item\":\"https:\/\/vieassociative.be\/actualites\/\"},{\"@type\":\"ListItem\",\"position\":2,\"name\":\"Home Depot a une grande vente de la f\u00eate des p\u00e8res sur des outils \u00e9lectriques\"}]},{\"@type\":\"WebSite\",\"@id\":\"https:\/\/vieassociative.be\/actualites\/#website\",\"url\":\"https:\/\/vieassociative.be\/actualites\/\",\"name\":\"Vie Associative\",\"description\":\"\",\"publisher\":{\"@id\":\"https:\/\/vieassociative.be\/actualites\/#organization\"},\"potentialAction\":[{\"@type\":\"SearchAction\",\"target\":{\"@type\":\"EntryPoint\",\"urlTemplate\":\"https:\/\/vieassociative.be\/actualites\/?s={search_term_string}\"},\"query-input\":{\"@type\":\"PropertyValueSpecification\",\"valueRequired\":true,\"valueName\":\"search_term_string\"}}],\"inLanguage\":\"fr-BE\"},{\"@type\":\"Organization\",\"@id\":\"https:\/\/vieassociative.be\/actualites\/#organization\",\"name\":\"Vie Associative\",\"url\":\"https:\/\/vieassociative.be\/actualites\/\",\"logo\":{\"@type\":\"ImageObject\",\"inLanguage\":\"fr-BE\",\"@id\":\"https:\/\/vieassociative.be\/actualites\/#\/schema\/logo\/image\/\",\"url\":\"https:\/\/vieassociative.be\/actualites\/wp-content\/uploads\/2024\/09\/cropped-vieassociative_favicon.ico.png\",\"contentUrl\":\"https:\/\/vieassociative.be\/actualites\/wp-content\/uploads\/2024\/09\/cropped-vieassociative_favicon.ico.png\",\"width\":512,\"height\":512,\"caption\":\"Vie Associative\"},\"image\":{\"@id\":\"https:\/\/vieassociative.be\/actualites\/#\/schema\/logo\/image\/\"}},{\"@type\":\"Person\",\"@id\":\"https:\/\/vieassociative.be\/actualites\/#\/schema\/person\/b87ac4f82f9d4e7b7cec7395b679edc4\",\"name\":\"Julien\",\"image\":{\"@type\":\"ImageObject\",\"inLanguage\":\"fr-BE\",\"@id\":\"https:\/\/vieassociative.be\/actualites\/#\/schema\/person\/image\/\",\"url\":\"https:\/\/vieassociative.be\/actualites\/wp-content\/uploads\/2024\/09\/vie-associative-1-150x150.jpg\",\"contentUrl\":\"https:\/\/vieassociative.be\/actualites\/wp-content\/uploads\/2024\/09\/vie-associative-1-150x150.jpg\",\"caption\":\"Julien\"},\"description\":\"Je suis Julien, r\u00e9dacteur pour Vie Associative. Passionn\u00e9 par le monde associatif depuis plus de 10 ans, j'ai \u00e0 c\u0153ur de partager des histoires inspirantes et de mettre en lumi\u00e8re les initiatives locales. Mon objectif est de sensibiliser et d'encourager l'engagement communautaire \u00e0 travers mes articles.\",\"sameAs\":[\"https:\/\/vieassociative.be\/\"]}]}<\/script>\n<!-- \/ Yoast SEO plugin. -->","yoast_head_json":{"title":"Home Depot a une grande vente de la f\u00eate des p\u00e8res sur des outils \u00e9lectriques | Vie Associative","robots":{"index":"index","follow":"follow","max-snippet":"max-snippet:-1","max-image-preview":"max-image-preview:large","max-video-preview":"max-video-preview:-1"},"canonical":"https:\/\/vieassociative.be\/actualites\/home-depot-a-une-grande-vente-de-la-fete-des-peres-sur-des-outils-electriques\/","og_locale":"fr_FR","og_type":"article","og_title":"Home Depot a une grande vente de la f\u00eate des p\u00e8res sur des outils \u00e9lectriques | Vie Associative","og_description":"Am\u00e9liorez votre ensemble d&rsquo;outils sans fil sans souffler votre budget. Si vous cherchez un cadeau (ou si vous aimez simplement les outils \u00e9lectriques), vous devez","og_url":"https:\/\/vieassociative.be\/actualites\/home-depot-a-une-grande-vente-de-la-fete-des-peres-sur-des-outils-electriques\/","og_site_name":"Vie Associative","article_published_time":"2025-06-10T23:17:51+00:00","og_image":[{"url":"https:\/\/vieassociative.be\/actualites\/wp-content\/uploads\/2025\/06\/Home-Depot-a-une-grande-vente-de-la-fete-des.png","type":"","width":"","height":""}],"author":"Julien","twitter_card":"summary_large_image","twitter_misc":{"\u00c9crit par":"Julien","Dur\u00e9e de lecture est.":"5 minutes"},"schema":{"@context":"https:\/\/schema.org","@graph":[{"@type":"Article","@id":"https:\/\/vieassociative.be\/actualites\/home-depot-a-une-grande-vente-de-la-fete-des-peres-sur-des-outils-electriques\/#article","isPartOf":{"@id":"https:\/\/vieassociative.be\/actualites\/home-depot-a-une-grande-vente-de-la-fete-des-peres-sur-des-outils-electriques\/"},"author":{"name":"Julien","@id":"https:\/\/vieassociative.be\/actualites\/#\/schema\/person\/b87ac4f82f9d4e7b7cec7395b679edc4"},"headline":"Home Depot a une grande vente de la f\u00eate des p\u00e8res sur des outils \u00e9lectriques","datePublished":"2025-06-10T23:17:51+00:00","dateModified":"2025-06-10T23:17:51+00:00","mainEntityOfPage":{"@id":"https:\/\/vieassociative.be\/actualites\/home-depot-a-une-grande-vente-de-la-fete-des-peres-sur-des-outils-electriques\/"},"wordCount":1150,"publisher":{"@id":"https:\/\/vieassociative.be\/actualites\/#organization"},"image":{"@id":"https:\/\/vieassociative.be\/actualites\/home-depot-a-une-grande-vente-de-la-fete-des-peres-sur-des-outils-electriques\/#primaryimage"},"thumbnailUrl":"https:\/\/vieassociative.be\/actualites\/wp-content\/uploads\/2025\/06\/Home-Depot-a-une-grande-vente-de-la-fete-des.jpg","keywords":["Depot","Des","\u00e9lectriques","f\u00eate","grande","Home","outils","p\u00e8res","sur","une","vente"],"articleSection":["Maison"],"inLanguage":"fr-BE"},{"@type":"WebPage","@id":"https:\/\/vieassociative.be\/actualites\/home-depot-a-une-grande-vente-de-la-fete-des-peres-sur-des-outils-electriques\/","url":"https:\/\/vieassociative.be\/actualites\/home-depot-a-une-grande-vente-de-la-fete-des-peres-sur-des-outils-electriques\/","name":"Home Depot a une grande vente de la f\u00eate des p\u00e8res sur des outils \u00e9lectriques | Vie Associative","isPartOf":{"@id":"https:\/\/vieassociative.be\/actualites\/#website"},"primaryImageOfPage":{"@id":"https:\/\/vieassociative.be\/actualites\/home-depot-a-une-grande-vente-de-la-fete-des-peres-sur-des-outils-electriques\/#primaryimage"},"image":{"@id":"https:\/\/vieassociative.be\/actualites\/home-depot-a-une-grande-vente-de-la-fete-des-peres-sur-des-outils-electriques\/#primaryimage"},"thumbnailUrl":"https:\/\/vieassociative.be\/actualites\/wp-content\/uploads\/2025\/06\/Home-Depot-a-une-grande-vente-de-la-fete-des.jpg","datePublished":"2025-06-10T23:17:51+00:00","dateModified":"2025-06-10T23:17:51+00:00","breadcrumb":{"@id":"https:\/\/vieassociative.be\/actualites\/home-depot-a-une-grande-vente-de-la-fete-des-peres-sur-des-outils-electriques\/#breadcrumb"},"inLanguage":"fr-BE","potentialAction":[{"@type":"ReadAction","target":["https:\/\/vieassociative.be\/actualites\/home-depot-a-une-grande-vente-de-la-fete-des-peres-sur-des-outils-electriques\/"]}]},{"@type":"ImageObject","inLanguage":"fr-BE","@id":"https:\/\/vieassociative.be\/actualites\/home-depot-a-une-grande-vente-de-la-fete-des-peres-sur-des-outils-electriques\/#primaryimage","url":"https:\/\/vieassociative.be\/actualites\/wp-content\/uploads\/2025\/06\/Home-Depot-a-une-grande-vente-de-la-fete-des.jpg","contentUrl":"https:\/\/vieassociative.be\/actualites\/wp-content\/uploads\/2025\/06\/Home-Depot-a-une-grande-vente-de-la-fete-des.jpg","width":1200,"height":675,"caption":"Home Depot a une grande vente de la f\u00eate des p\u00e8res sur des outils \u00e9lectriques"},{"@type":"BreadcrumbList","@id":"https:\/\/vieassociative.be\/actualites\/home-depot-a-une-grande-vente-de-la-fete-des-peres-sur-des-outils-electriques\/#breadcrumb","itemListElement":[{"@type":"ListItem","position":1,"name":"Accueil","item":"https:\/\/vieassociative.be\/actualites\/"},{"@type":"ListItem","position":2,"name":"Home Depot a une grande vente de la f\u00eate des p\u00e8res sur des outils \u00e9lectriques"}]},{"@type":"WebSite","@id":"https:\/\/vieassociative.be\/actualites\/#website","url":"https:\/\/vieassociative.be\/actualites\/","name":"Vie Associative","description":"","publisher":{"@id":"https:\/\/vieassociative.be\/actualites\/#organization"},"potentialAction":[{"@type":"SearchAction","target":{"@type":"EntryPoint","urlTemplate":"https:\/\/vieassociative.be\/actualites\/?s={search_term_string}"},"query-input":{"@type":"PropertyValueSpecification","valueRequired":true,"valueName":"search_term_string"}}],"inLanguage":"fr-BE"},{"@type":"Organization","@id":"https:\/\/vieassociative.be\/actualites\/#organization","name":"Vie Associative","url":"https:\/\/vieassociative.be\/actualites\/","logo":{"@type":"ImageObject","inLanguage":"fr-BE","@id":"https:\/\/vieassociative.be\/actualites\/#\/schema\/logo\/image\/","url":"https:\/\/vieassociative.be\/actualites\/wp-content\/uploads\/2024\/09\/cropped-vieassociative_favicon.ico.png","contentUrl":"https:\/\/vieassociative.be\/actualites\/wp-content\/uploads\/2024\/09\/cropped-vieassociative_favicon.ico.png","width":512,"height":512,"caption":"Vie Associative"},"image":{"@id":"https:\/\/vieassociative.be\/actualites\/#\/schema\/logo\/image\/"}},{"@type":"Person","@id":"https:\/\/vieassociative.be\/actualites\/#\/schema\/person\/b87ac4f82f9d4e7b7cec7395b679edc4","name":"Julien","image":{"@type":"ImageObject","inLanguage":"fr-BE","@id":"https:\/\/vieassociative.be\/actualites\/#\/schema\/person\/image\/","url":"https:\/\/vieassociative.be\/actualites\/wp-content\/uploads\/2024\/09\/vie-associative-1-150x150.jpg","contentUrl":"https:\/\/vieassociative.be\/actualites\/wp-content\/uploads\/2024\/09\/vie-associative-1-150x150.jpg","caption":"Julien"},"description":"Je suis Julien, r\u00e9dacteur pour Vie Associative. Passionn\u00e9 par le monde associatif depuis plus de 10 ans, j'ai \u00e0 c\u0153ur de partager des histoires inspirantes et de mettre en lumi\u00e8re les initiatives locales. Mon objectif est de sensibiliser et d'encourager l'engagement communautaire \u00e0 travers mes articles.","sameAs":["https:\/\/vieassociative.be\/"]}]}},"_links":{"self":[{"href":"https:\/\/vieassociative.be\/actualites\/wp-json\/wp\/v2\/posts\/8108"}],"collection":[{"href":"https:\/\/vieassociative.be\/actualites\/wp-json\/wp\/v2\/posts"}],"about":[{"href":"https:\/\/vieassociative.be\/actualites\/wp-json\/wp\/v2\/types\/post"}],"author":[{"embeddable":true,"href":"https:\/\/vieassociative.be\/actualites\/wp-json\/wp\/v2\/users\/1"}],"replies":[{"embeddable":true,"href":"https:\/\/vieassociative.be\/actualites\/wp-json\/wp\/v2\/comments?post=8108"}],"version-history":[{"count":0,"href":"https:\/\/vieassociative.be\/actualites\/wp-json\/wp\/v2\/posts\/8108\/revisions"}],"wp:featuredmedia":[{"embeddable":true,"href":"https:\/\/vieassociative.be\/actualites\/wp-json\/wp\/v2\/media\/8109"}],"wp:attachment":[{"href":"https:\/\/vieassociative.be\/actualites\/wp-json\/wp\/v2\/media?parent=8108"}],"wp:term":[{"taxonomy":"category","embeddable":true,"href":"https:\/\/vieassociative.be\/actualites\/wp-json\/wp\/v2\/categories?post=8108"},{"taxonomy":"post_tag","embeddable":true,"href":"https:\/\/vieassociative.be\/actualites\/wp-json\/wp\/v2\/tags?post=8108"}],"curies":[{"name":"wp","href":"https:\/\/api.w.org\/{rel}","templated":true}]}}