{"id":8106,"date":"2025-06-10T22:17:25","date_gmt":"2025-06-10T20:17:25","guid":{"rendered":"https:\/\/vieassociative.be\/actualites\/lautriche-sous-le-choc-dix-morts-a-amoclauf-a-lecole\/"},"modified":"2025-06-10T22:17:25","modified_gmt":"2025-06-10T20:17:25","slug":"lautriche-sous-le-choc-dix-morts-a-amoclauf-a-lecole","status":"publish","type":"post","link":"https:\/\/vieassociative.be\/actualites\/lautriche-sous-le-choc-dix-morts-a-amoclauf-a-lecole\/","title":{"rendered":"L&rsquo;Autriche sous le choc: dix morts \u00e0 Amoclauf \u00e0 l&rsquo;\u00e9cole"},"content":{"rendered":"<p><strong>Chagrin et horreur en Autriche: un \u00e2g\u00e9 de 21 ans tire dix personnes \u00e0 Graz lors d&rsquo;une tourn\u00e9e de tuerie dans son ancienne \u00e9cole, puis se suicide.<\/strong><\/p>\n<p><span id=\"more-417484\"><\/span>La police a confirm\u00e9 six femmes et trois hommes victimes quelques heures apr\u00e8s le crime. Qu&rsquo;il s&rsquo;agisse d&rsquo;un \u00e9tudiant est initialement ouvert. Dans la soir\u00e9e, un adulte a succomb\u00e9 \u00e0 leurs blessures graves, comme l&rsquo;a d\u00e9clar\u00e9 l&rsquo;h\u00f4pital universitaire Graz \u00e0 l&rsquo;agence autrichienne APA. Selon la police, onze autres personnes ont \u00e9t\u00e9 gri\u00e8vement bless\u00e9es.<\/p>\n<p><strong>&#8211; Rapports des m\u00e9dias sur la lettre d&rsquo;adieu:<\/strong> C&rsquo;est une \u00e9cole secondaire pour les adolescents et les jeunes adultes. Environ 400 \u00e9tudiants y \u00e9taient inscrits et environ 40 enseignants ont travaill\u00e9.<\/p>\n<div id=\"attachment_417488\" class=\"wp-caption alignleft\" style=\"max-width: 300px\"><img fetchpriority=\"high\" decoding=\"async\" class=\"wp-image-417488 size-medium\" src=\"https:\/\/vieassociative.be\/actualites\/wp-content\/uploads\/2025\/06\/LAutriche-sous-le-choc-dix-morts-a-Amoclauf-a-lecole.jpg\" alt=\"\" width=\"300\" height=\"200\"><\/p>\n<p class=\"wp-caption-text\">10.06.2025, Autriche, Graz: les bougies se tiennent \u00e0 c\u00f4t\u00e9 d&rsquo;un morceau de papier avec l&rsquo;inscription \u00ab\u00a0Graz se tient ensemble\u00a0\u00bb. Photo: Heinz-Peter Bader \/ AP \/ DPA<\/p>\n<\/div>\n<p>Au d\u00e9but, la police n&rsquo;a pas dit si l&rsquo;agresseur avait abattu des cours scolaires ou des couloirs. Il avait deux armes qu&rsquo;il avait l\u00e9galement obs\u00e9d\u00e9es. Les m\u00e9dias rapportent que les m\u00e9dias, selon lesquels une lettre d&rsquo;adieu a \u00e9t\u00e9 trouv\u00e9e lors d&rsquo;une perquisition \u00e0 domicile dans laquelle les Autrichiens ont \u00e9t\u00e9 retrouv\u00e9s, n&rsquo;ont pas comment\u00e9 la police au d\u00e9but. Il \u00e9tait \u00e0 l&rsquo;\u00e9cole et vivait dans la r\u00e9gion de Graz.<\/p>\n<p>Il n&rsquo;y avait initialement aucune information sur le motif du joueur de 21 ans. Entre autres choses, les sp\u00e9culations sur l&rsquo;intimidation ont \u00e9t\u00e9 sp\u00e9cul\u00e9es dans les m\u00e9dias. Il \u00e9tait connu qu&rsquo;il n&rsquo;avait pas termin\u00e9 l&rsquo;\u00e9cole, a d\u00e9clar\u00e9 le ministre de l&rsquo;Int\u00e9rieur, Gerhard Karner. L&rsquo;enqu\u00eate battait son plein.<\/p>\n<p><strong>&#8211; Le gar\u00e7on \u00e9tait mort \u00e0 la folie de tuerie:<\/strong> Le p\u00e8re d&rsquo;un \u00e9l\u00e8ve a parl\u00e9 aux journalistes du diffuseur Puls24. Son fils a rapport\u00e9 que l&rsquo;agresseur avait tir\u00e9 dans sa classe. Selon ses propres informations, son fils s&rsquo;\u00e9tait jet\u00e9 sur le terrain et avait mis mort. Il est rest\u00e9 indemne. Son deuxi\u00e8me fils n&rsquo;aurait pas pu \u00eatre joint, a rapport\u00e9 le p\u00e8re, qui s&rsquo;est cass\u00e9 plusieurs fois. Cependant, il a ensuite signal\u00e9 le Hall d&rsquo;une mani\u00e8re indicible, dans laquelle les survivants et les \u00e9tudiants non bless\u00e9s avaient \u00e9t\u00e9 amen\u00e9s. (DPA)<\/p>\n","protected":false},"excerpt":{"rendered":"<p>Chagrin et horreur en Autriche: un \u00e2g\u00e9 de 21 ans tire dix personnes \u00e0 Graz lors d&rsquo;une tourn\u00e9e de tuerie dans son ancienne \u00e9cole, puis<\/p>\n","protected":false},"author":1,"featured_media":8107,"comment_status":"","ping_status":"","sticky":false,"template":"","format":"standard","meta":{"footnotes":""},"categories":[298],"tags":[7364,5004,117,7363,2437,439,467],"class_list":["post-8106","post","type-post","status-publish","format-standard","has-post-thumbnail","hentry","category-belgique","tag-amoclauf","tag-choc","tag-dix","tag-lautriche","tag-lecole","tag-morts","tag-sous","generate-columns","tablet-grid-50","mobile-grid-100","grid-parent","grid-33"],"yoast_head":"<!-- This site is optimized with the Yoast SEO plugin v24.0 - https:\/\/yoast.com\/wordpress\/plugins\/seo\/ -->\n<title>L&#039;Autriche sous le choc: dix morts \u00e0 Amoclauf \u00e0 l&#039;\u00e9cole | Vie Associative<\/title>\n<meta name=\"robots\" content=\"index, follow, max-snippet:-1, max-image-preview:large, max-video-preview:-1\" \/>\n<link rel=\"canonical\" href=\"https:\/\/vieassociative.be\/actualites\/lautriche-sous-le-choc-dix-morts-a-amoclauf-a-lecole\/\" \/>\n<meta property=\"og:locale\" content=\"fr_FR\" \/>\n<meta property=\"og:type\" content=\"article\" \/>\n<meta property=\"og:title\" content=\"L&#039;Autriche sous le choc: dix morts \u00e0 Amoclauf \u00e0 l&#039;\u00e9cole | Vie Associative\" \/>\n<meta property=\"og:description\" content=\"Chagrin et horreur en Autriche: un \u00e2g\u00e9 de 21 ans tire dix personnes \u00e0 Graz lors d&rsquo;une tourn\u00e9e de tuerie dans son ancienne \u00e9cole, puis\" \/>\n<meta property=\"og:url\" content=\"https:\/\/vieassociative.be\/actualites\/lautriche-sous-le-choc-dix-morts-a-amoclauf-a-lecole\/\" \/>\n<meta property=\"og:site_name\" content=\"Vie Associative\" \/>\n<meta property=\"article:published_time\" content=\"2025-06-10T20:17:25+00:00\" \/>\n<meta property=\"og:image\" content=\"https:\/\/vieassociative.be\/actualites\/wp-content\/uploads\/2024\/09\/header_backgroundk-01-e1726694325946.png\" \/>\n\t<meta property=\"og:image:width\" content=\"279\" \/>\n\t<meta property=\"og:image:height\" content=\"92\" \/>\n\t<meta property=\"og:image:type\" content=\"image\/png\" \/>\n<meta name=\"author\" content=\"Julien\" \/>\n<meta name=\"twitter:card\" content=\"summary_large_image\" \/>\n<meta name=\"twitter:label1\" content=\"\u00c9crit par\" \/>\n\t<meta name=\"twitter:data1\" content=\"Julien\" \/>\n\t<meta name=\"twitter:label2\" content=\"Dur\u00e9e de lecture est.\" \/>\n\t<meta name=\"twitter:data2\" content=\"2 minutes\" \/>\n<script type=\"application\/ld+json\" class=\"yoast-schema-graph\">{\"@context\":\"https:\/\/schema.org\",\"@graph\":[{\"@type\":\"Article\",\"@id\":\"https:\/\/vieassociative.be\/actualites\/lautriche-sous-le-choc-dix-morts-a-amoclauf-a-lecole\/#article\",\"isPartOf\":{\"@id\":\"https:\/\/vieassociative.be\/actualites\/lautriche-sous-le-choc-dix-morts-a-amoclauf-a-lecole\/\"},\"author\":{\"name\":\"Julien\",\"@id\":\"https:\/\/vieassociative.be\/actualites\/#\/schema\/person\/b87ac4f82f9d4e7b7cec7395b679edc4\"},\"headline\":\"L&rsquo;Autriche sous le choc: dix morts \u00e0 Amoclauf \u00e0 l&rsquo;\u00e9cole\",\"datePublished\":\"2025-06-10T20:17:25+00:00\",\"dateModified\":\"2025-06-10T20:17:25+00:00\",\"mainEntityOfPage\":{\"@id\":\"https:\/\/vieassociative.be\/actualites\/lautriche-sous-le-choc-dix-morts-a-amoclauf-a-lecole\/\"},\"wordCount\":405,\"publisher\":{\"@id\":\"https:\/\/vieassociative.be\/actualites\/#organization\"},\"image\":{\"@id\":\"https:\/\/vieassociative.be\/actualites\/lautriche-sous-le-choc-dix-morts-a-amoclauf-a-lecole\/#primaryimage\"},\"thumbnailUrl\":\"https:\/\/vieassociative.be\/actualites\/wp-content\/uploads\/2025\/06\/1749586646_LAutriche-sous-le-choc-dix-morts-a-Amoclauf-a-lecole.jpg\",\"keywords\":[\"Amoclauf\",\"Choc\",\"Dix\",\"LAutriche\",\"l\u00e9cole\",\"morts\",\"sous\"],\"articleSection\":[\"Belgique\"],\"inLanguage\":\"fr-BE\"},{\"@type\":\"WebPage\",\"@id\":\"https:\/\/vieassociative.be\/actualites\/lautriche-sous-le-choc-dix-morts-a-amoclauf-a-lecole\/\",\"url\":\"https:\/\/vieassociative.be\/actualites\/lautriche-sous-le-choc-dix-morts-a-amoclauf-a-lecole\/\",\"name\":\"L'Autriche sous le choc: dix morts \u00e0 Amoclauf \u00e0 l'\u00e9cole | Vie Associative\",\"isPartOf\":{\"@id\":\"https:\/\/vieassociative.be\/actualites\/#website\"},\"primaryImageOfPage\":{\"@id\":\"https:\/\/vieassociative.be\/actualites\/lautriche-sous-le-choc-dix-morts-a-amoclauf-a-lecole\/#primaryimage\"},\"image\":{\"@id\":\"https:\/\/vieassociative.be\/actualites\/lautriche-sous-le-choc-dix-morts-a-amoclauf-a-lecole\/#primaryimage\"},\"thumbnailUrl\":\"https:\/\/vieassociative.be\/actualites\/wp-content\/uploads\/2025\/06\/1749586646_LAutriche-sous-le-choc-dix-morts-a-Amoclauf-a-lecole.jpg\",\"datePublished\":\"2025-06-10T20:17:25+00:00\",\"dateModified\":\"2025-06-10T20:17:25+00:00\",\"breadcrumb\":{\"@id\":\"https:\/\/vieassociative.be\/actualites\/lautriche-sous-le-choc-dix-morts-a-amoclauf-a-lecole\/#breadcrumb\"},\"inLanguage\":\"fr-BE\",\"potentialAction\":[{\"@type\":\"ReadAction\",\"target\":[\"https:\/\/vieassociative.be\/actualites\/lautriche-sous-le-choc-dix-morts-a-amoclauf-a-lecole\/\"]}]},{\"@type\":\"ImageObject\",\"inLanguage\":\"fr-BE\",\"@id\":\"https:\/\/vieassociative.be\/actualites\/lautriche-sous-le-choc-dix-morts-a-amoclauf-a-lecole\/#primaryimage\",\"url\":\"https:\/\/vieassociative.be\/actualites\/wp-content\/uploads\/2025\/06\/1749586646_LAutriche-sous-le-choc-dix-morts-a-Amoclauf-a-lecole.jpg\",\"contentUrl\":\"https:\/\/vieassociative.be\/actualites\/wp-content\/uploads\/2025\/06\/1749586646_LAutriche-sous-le-choc-dix-morts-a-Amoclauf-a-lecole.jpg\",\"width\":1200,\"height\":822,\"caption\":\"L'Autriche sous le choc: dix morts \u00e0 Amoclauf \u00e0 l'\u00e9cole\"},{\"@type\":\"BreadcrumbList\",\"@id\":\"https:\/\/vieassociative.be\/actualites\/lautriche-sous-le-choc-dix-morts-a-amoclauf-a-lecole\/#breadcrumb\",\"itemListElement\":[{\"@type\":\"ListItem\",\"position\":1,\"name\":\"Accueil\",\"item\":\"https:\/\/vieassociative.be\/actualites\/\"},{\"@type\":\"ListItem\",\"position\":2,\"name\":\"L&rsquo;Autriche sous le choc: dix morts \u00e0 Amoclauf \u00e0 l&rsquo;\u00e9cole\"}]},{\"@type\":\"WebSite\",\"@id\":\"https:\/\/vieassociative.be\/actualites\/#website\",\"url\":\"https:\/\/vieassociative.be\/actualites\/\",\"name\":\"Vie Associative\",\"description\":\"\",\"publisher\":{\"@id\":\"https:\/\/vieassociative.be\/actualites\/#organization\"},\"potentialAction\":[{\"@type\":\"SearchAction\",\"target\":{\"@type\":\"EntryPoint\",\"urlTemplate\":\"https:\/\/vieassociative.be\/actualites\/?s={search_term_string}\"},\"query-input\":{\"@type\":\"PropertyValueSpecification\",\"valueRequired\":true,\"valueName\":\"search_term_string\"}}],\"inLanguage\":\"fr-BE\"},{\"@type\":\"Organization\",\"@id\":\"https:\/\/vieassociative.be\/actualites\/#organization\",\"name\":\"Vie Associative\",\"url\":\"https:\/\/vieassociative.be\/actualites\/\",\"logo\":{\"@type\":\"ImageObject\",\"inLanguage\":\"fr-BE\",\"@id\":\"https:\/\/vieassociative.be\/actualites\/#\/schema\/logo\/image\/\",\"url\":\"https:\/\/vieassociative.be\/actualites\/wp-content\/uploads\/2024\/09\/cropped-vieassociative_favicon.ico.png\",\"contentUrl\":\"https:\/\/vieassociative.be\/actualites\/wp-content\/uploads\/2024\/09\/cropped-vieassociative_favicon.ico.png\",\"width\":512,\"height\":512,\"caption\":\"Vie Associative\"},\"image\":{\"@id\":\"https:\/\/vieassociative.be\/actualites\/#\/schema\/logo\/image\/\"}},{\"@type\":\"Person\",\"@id\":\"https:\/\/vieassociative.be\/actualites\/#\/schema\/person\/b87ac4f82f9d4e7b7cec7395b679edc4\",\"name\":\"Julien\",\"image\":{\"@type\":\"ImageObject\",\"inLanguage\":\"fr-BE\",\"@id\":\"https:\/\/vieassociative.be\/actualites\/#\/schema\/person\/image\/\",\"url\":\"https:\/\/vieassociative.be\/actualites\/wp-content\/uploads\/2024\/09\/vie-associative-1-150x150.jpg\",\"contentUrl\":\"https:\/\/vieassociative.be\/actualites\/wp-content\/uploads\/2024\/09\/vie-associative-1-150x150.jpg\",\"caption\":\"Julien\"},\"description\":\"Je suis Julien, r\u00e9dacteur pour Vie Associative. Passionn\u00e9 par le monde associatif depuis plus de 10 ans, j'ai \u00e0 c\u0153ur de partager des histoires inspirantes et de mettre en lumi\u00e8re les initiatives locales. Mon objectif est de sensibiliser et d'encourager l'engagement communautaire \u00e0 travers mes articles.\",\"sameAs\":[\"https:\/\/vieassociative.be\/\"]}]}<\/script>\n<!-- \/ Yoast SEO plugin. -->","yoast_head_json":{"title":"L'Autriche sous le choc: dix morts \u00e0 Amoclauf \u00e0 l'\u00e9cole | Vie Associative","robots":{"index":"index","follow":"follow","max-snippet":"max-snippet:-1","max-image-preview":"max-image-preview:large","max-video-preview":"max-video-preview:-1"},"canonical":"https:\/\/vieassociative.be\/actualites\/lautriche-sous-le-choc-dix-morts-a-amoclauf-a-lecole\/","og_locale":"fr_FR","og_type":"article","og_title":"L'Autriche sous le choc: dix morts \u00e0 Amoclauf \u00e0 l'\u00e9cole | Vie Associative","og_description":"Chagrin et horreur en Autriche: un \u00e2g\u00e9 de 21 ans tire dix personnes \u00e0 Graz lors d&rsquo;une tourn\u00e9e de tuerie dans son ancienne \u00e9cole, puis","og_url":"https:\/\/vieassociative.be\/actualites\/lautriche-sous-le-choc-dix-morts-a-amoclauf-a-lecole\/","og_site_name":"Vie Associative","article_published_time":"2025-06-10T20:17:25+00:00","og_image":[{"width":279,"height":92,"url":"https:\/\/vieassociative.be\/actualites\/wp-content\/uploads\/2024\/09\/header_backgroundk-01-e1726694325946.png","type":"image\/png"}],"author":"Julien","twitter_card":"summary_large_image","twitter_misc":{"\u00c9crit par":"Julien","Dur\u00e9e de lecture est.":"2 minutes"},"schema":{"@context":"https:\/\/schema.org","@graph":[{"@type":"Article","@id":"https:\/\/vieassociative.be\/actualites\/lautriche-sous-le-choc-dix-morts-a-amoclauf-a-lecole\/#article","isPartOf":{"@id":"https:\/\/vieassociative.be\/actualites\/lautriche-sous-le-choc-dix-morts-a-amoclauf-a-lecole\/"},"author":{"name":"Julien","@id":"https:\/\/vieassociative.be\/actualites\/#\/schema\/person\/b87ac4f82f9d4e7b7cec7395b679edc4"},"headline":"L&rsquo;Autriche sous le choc: dix morts \u00e0 Amoclauf \u00e0 l&rsquo;\u00e9cole","datePublished":"2025-06-10T20:17:25+00:00","dateModified":"2025-06-10T20:17:25+00:00","mainEntityOfPage":{"@id":"https:\/\/vieassociative.be\/actualites\/lautriche-sous-le-choc-dix-morts-a-amoclauf-a-lecole\/"},"wordCount":405,"publisher":{"@id":"https:\/\/vieassociative.be\/actualites\/#organization"},"image":{"@id":"https:\/\/vieassociative.be\/actualites\/lautriche-sous-le-choc-dix-morts-a-amoclauf-a-lecole\/#primaryimage"},"thumbnailUrl":"https:\/\/vieassociative.be\/actualites\/wp-content\/uploads\/2025\/06\/1749586646_LAutriche-sous-le-choc-dix-morts-a-Amoclauf-a-lecole.jpg","keywords":["Amoclauf","Choc","Dix","LAutriche","l\u00e9cole","morts","sous"],"articleSection":["Belgique"],"inLanguage":"fr-BE"},{"@type":"WebPage","@id":"https:\/\/vieassociative.be\/actualites\/lautriche-sous-le-choc-dix-morts-a-amoclauf-a-lecole\/","url":"https:\/\/vieassociative.be\/actualites\/lautriche-sous-le-choc-dix-morts-a-amoclauf-a-lecole\/","name":"L'Autriche sous le choc: dix morts \u00e0 Amoclauf \u00e0 l'\u00e9cole | Vie Associative","isPartOf":{"@id":"https:\/\/vieassociative.be\/actualites\/#website"},"primaryImageOfPage":{"@id":"https:\/\/vieassociative.be\/actualites\/lautriche-sous-le-choc-dix-morts-a-amoclauf-a-lecole\/#primaryimage"},"image":{"@id":"https:\/\/vieassociative.be\/actualites\/lautriche-sous-le-choc-dix-morts-a-amoclauf-a-lecole\/#primaryimage"},"thumbnailUrl":"https:\/\/vieassociative.be\/actualites\/wp-content\/uploads\/2025\/06\/1749586646_LAutriche-sous-le-choc-dix-morts-a-Amoclauf-a-lecole.jpg","datePublished":"2025-06-10T20:17:25+00:00","dateModified":"2025-06-10T20:17:25+00:00","breadcrumb":{"@id":"https:\/\/vieassociative.be\/actualites\/lautriche-sous-le-choc-dix-morts-a-amoclauf-a-lecole\/#breadcrumb"},"inLanguage":"fr-BE","potentialAction":[{"@type":"ReadAction","target":["https:\/\/vieassociative.be\/actualites\/lautriche-sous-le-choc-dix-morts-a-amoclauf-a-lecole\/"]}]},{"@type":"ImageObject","inLanguage":"fr-BE","@id":"https:\/\/vieassociative.be\/actualites\/lautriche-sous-le-choc-dix-morts-a-amoclauf-a-lecole\/#primaryimage","url":"https:\/\/vieassociative.be\/actualites\/wp-content\/uploads\/2025\/06\/1749586646_LAutriche-sous-le-choc-dix-morts-a-Amoclauf-a-lecole.jpg","contentUrl":"https:\/\/vieassociative.be\/actualites\/wp-content\/uploads\/2025\/06\/1749586646_LAutriche-sous-le-choc-dix-morts-a-Amoclauf-a-lecole.jpg","width":1200,"height":822,"caption":"L'Autriche sous le choc: dix morts \u00e0 Amoclauf \u00e0 l'\u00e9cole"},{"@type":"BreadcrumbList","@id":"https:\/\/vieassociative.be\/actualites\/lautriche-sous-le-choc-dix-morts-a-amoclauf-a-lecole\/#breadcrumb","itemListElement":[{"@type":"ListItem","position":1,"name":"Accueil","item":"https:\/\/vieassociative.be\/actualites\/"},{"@type":"ListItem","position":2,"name":"L&rsquo;Autriche sous le choc: dix morts \u00e0 Amoclauf \u00e0 l&rsquo;\u00e9cole"}]},{"@type":"WebSite","@id":"https:\/\/vieassociative.be\/actualites\/#website","url":"https:\/\/vieassociative.be\/actualites\/","name":"Vie Associative","description":"","publisher":{"@id":"https:\/\/vieassociative.be\/actualites\/#organization"},"potentialAction":[{"@type":"SearchAction","target":{"@type":"EntryPoint","urlTemplate":"https:\/\/vieassociative.be\/actualites\/?s={search_term_string}"},"query-input":{"@type":"PropertyValueSpecification","valueRequired":true,"valueName":"search_term_string"}}],"inLanguage":"fr-BE"},{"@type":"Organization","@id":"https:\/\/vieassociative.be\/actualites\/#organization","name":"Vie Associative","url":"https:\/\/vieassociative.be\/actualites\/","logo":{"@type":"ImageObject","inLanguage":"fr-BE","@id":"https:\/\/vieassociative.be\/actualites\/#\/schema\/logo\/image\/","url":"https:\/\/vieassociative.be\/actualites\/wp-content\/uploads\/2024\/09\/cropped-vieassociative_favicon.ico.png","contentUrl":"https:\/\/vieassociative.be\/actualites\/wp-content\/uploads\/2024\/09\/cropped-vieassociative_favicon.ico.png","width":512,"height":512,"caption":"Vie Associative"},"image":{"@id":"https:\/\/vieassociative.be\/actualites\/#\/schema\/logo\/image\/"}},{"@type":"Person","@id":"https:\/\/vieassociative.be\/actualites\/#\/schema\/person\/b87ac4f82f9d4e7b7cec7395b679edc4","name":"Julien","image":{"@type":"ImageObject","inLanguage":"fr-BE","@id":"https:\/\/vieassociative.be\/actualites\/#\/schema\/person\/image\/","url":"https:\/\/vieassociative.be\/actualites\/wp-content\/uploads\/2024\/09\/vie-associative-1-150x150.jpg","contentUrl":"https:\/\/vieassociative.be\/actualites\/wp-content\/uploads\/2024\/09\/vie-associative-1-150x150.jpg","caption":"Julien"},"description":"Je suis Julien, r\u00e9dacteur pour Vie Associative. Passionn\u00e9 par le monde associatif depuis plus de 10 ans, j'ai \u00e0 c\u0153ur de partager des histoires inspirantes et de mettre en lumi\u00e8re les initiatives locales. Mon objectif est de sensibiliser et d'encourager l'engagement communautaire \u00e0 travers mes articles.","sameAs":["https:\/\/vieassociative.be\/"]}]}},"_links":{"self":[{"href":"https:\/\/vieassociative.be\/actualites\/wp-json\/wp\/v2\/posts\/8106"}],"collection":[{"href":"https:\/\/vieassociative.be\/actualites\/wp-json\/wp\/v2\/posts"}],"about":[{"href":"https:\/\/vieassociative.be\/actualites\/wp-json\/wp\/v2\/types\/post"}],"author":[{"embeddable":true,"href":"https:\/\/vieassociative.be\/actualites\/wp-json\/wp\/v2\/users\/1"}],"replies":[{"embeddable":true,"href":"https:\/\/vieassociative.be\/actualites\/wp-json\/wp\/v2\/comments?post=8106"}],"version-history":[{"count":0,"href":"https:\/\/vieassociative.be\/actualites\/wp-json\/wp\/v2\/posts\/8106\/revisions"}],"wp:featuredmedia":[{"embeddable":true,"href":"https:\/\/vieassociative.be\/actualites\/wp-json\/wp\/v2\/media\/8107"}],"wp:attachment":[{"href":"https:\/\/vieassociative.be\/actualites\/wp-json\/wp\/v2\/media?parent=8106"}],"wp:term":[{"taxonomy":"category","embeddable":true,"href":"https:\/\/vieassociative.be\/actualites\/wp-json\/wp\/v2\/categories?post=8106"},{"taxonomy":"post_tag","embeddable":true,"href":"https:\/\/vieassociative.be\/actualites\/wp-json\/wp\/v2\/tags?post=8106"}],"curies":[{"name":"wp","href":"https:\/\/api.w.org\/{rel}","templated":true}]}}