{"id":8104,"date":"2025-06-10T21:18:35","date_gmt":"2025-06-10T19:18:35","guid":{"rendered":"https:\/\/vieassociative.be\/actualites\/pourquoi-je-suis-enthousiasme-par-poshmark-et-facebook-marketplace-en-train-douvrir-leurs-forces\/"},"modified":"2025-06-10T21:18:35","modified_gmt":"2025-06-10T19:18:35","slug":"pourquoi-je-suis-enthousiasme-par-poshmark-et-facebook-marketplace-en-train-douvrir-leurs-forces","status":"publish","type":"post","link":"https:\/\/vieassociative.be\/actualites\/pourquoi-je-suis-enthousiasme-par-poshmark-et-facebook-marketplace-en-train-douvrir-leurs-forces\/","title":{"rendered":"Pourquoi je suis enthousiasm\u00e9 par Poshmark et Facebook Marketplace en train d&rsquo;ouvrir leurs forces"},"content":{"rendered":"<div class=\"mt-4 leading-6 md:mb-8\">Les listes de Poshmark se d\u00e9roulent d\u00e9sormais sur Facebook Marketplace.<\/div>\n<p><\/p>\n<p>La semaine derni\u00e8re, Poshmark a annonc\u00e9 que c&rsquo;\u00e9tait dans les premiers stades d&rsquo;un partenariat avec Facebook Marketplace qui pourrait consid\u00e9rablement augmenter la port\u00e9e des listes des vendeurs. En tant qu&rsquo;utilisateur inconditionnel des deux plateformes de revente num\u00e9rique, j&rsquo;ai trouv\u00e9 cette nouvelle particuli\u00e8rement excitante, j&rsquo;ai donc contact\u00e9 Poshmark pour plus d&rsquo;informations. Voici ce que vous devez savoir sur l&rsquo;entreprise naissante et ce que cela peut signifier pour vous &#8211; que vous achetiez, vendez ou les deux sur l&rsquo;un ou l&rsquo;autre march\u00e9. <\/p>\n<h2 id=\"the-major-poshmark-and-facebook-marketplace-news\">Les principales nouvelles de Poshmark et Facebook Marketplace<\/h2>\n<p>Le partenariat est \u00e0 l&rsquo;\u00e9tape des tests: en ce moment, seuls quelques vendeurs chics verront leurs listes crois\u00e9es sur Facebook Marketplace. Si et quand il se d\u00e9veloppe, les vendeurs peuvent s&rsquo;attendre \u00e0 voir que leurs listes chics apparaissent sur Facebook Marketplace. Essentiellement, tout article r\u00e9pertori\u00e9 sur Poshmark sera automatiquement montr\u00e9 aux acheteurs potentiels sur Facebook Marketplace &#8211; et tout achat ou transaction qui en r\u00e9sultera aura lieu via la plate-forme \u00e9tablie de Poshmark, m\u00eame s&rsquo;ils n&rsquo;ont pas de compte Poshmark. <\/p>\n<p>\u00ab\u00a0Les acheteurs peuvent acheter de mani\u00e8re transparente des articles Poshmark via l&rsquo;application Facebook, qu&rsquo;ils aient ou non l&rsquo;installation de l&rsquo;application Poshmark\u00a0\u00bb, me dit le repr\u00e9sentant. \u00ab\u00a0Cliquez sur\u00a0\u00bb D\u00e9couvrez maintenant avec Poshmark \u00ab\u00a0dirigera l&rsquo;acheteur vers notre page Web de caisse invit\u00e9e, int\u00e9gr\u00e9e dans l&rsquo;application Facebook.\u00a0\u00bb<\/p>\n<h2 id=\"why-this-collaboration-seems-useful\">Pourquoi cette collaboration semble utile<\/h2>\n<p>J&rsquo;utilise Poshmark tous les jours pour vendre mes v\u00eatements, mais je parcoure \u00e9galement le march\u00e9 Facebook assez fr\u00e9quemment pour s&rsquo;approvisionner \u00e0 la d\u00e9coration int\u00e9rieure. Je suis un vendeur de revente chevronn\u00e9 et un acheteur, mais je n&rsquo;ai jamais vraiment envisag\u00e9 de chercher des v\u00eatements ou des accessoires sur Facebook. Comme le repr\u00e9sentant m&rsquo;a soulign\u00e9, cependant, Facebook a un \u00ab\u00a0public expansif\u00a0\u00bb: plus de trois milliards de personnes utilisent l&rsquo;application. Bien s\u00fbr, tous n&rsquo;utilisent pas Marketplace. Mais si m\u00eame quelques globes oculaires suppl\u00e9mentaires atterrissent sur mes listes, cela augmente mes chances de faire une vente.<\/p>\n<h3>Pourquoi c&rsquo;est utile pour les vendeurs<\/h3>\n<p>Selon le repr\u00e9sentant, \u00ab\u00a0Cette collaboration consiste \u00e0 rendre les placards chics plus accessibles.\u00a0\u00bb Je sais par ma propre exp\u00e9rience que bien qu&rsquo;il y ait des gens qui parcourent une vari\u00e9t\u00e9 de march\u00e9s, il y a des populations assez distinctes sur chaque application. Mettre mes annonces sur plusieurs plateformes augmente les chances qu&rsquo;ils soient vus par quelqu&rsquo;un qui ne les a peut-\u00eatre pas vus si j&rsquo;avais gard\u00e9 une application. <\/p>\n<p>Avec cette nouvelle int\u00e9gration, les chances sont plus \u00e9lev\u00e9es que vos annonces seront vues par les nouveaux acheteurs potentiels. <\/p>\n<h3>Pourquoi c&rsquo;est utile pour les acheteurs<\/h3>\n<p>Si vous n&rsquo;\u00eates pas un utilisateur Poshmark mais que vous (comme, apparemment, la plupart des gens) utilisez Facebook Marketplace, vous pourrez d\u00e9sormais acc\u00e9der aux annonces pour le type de choses que Poshmark est surtout connu pour offrir. Cela signifie que vous pouvez parcourir les v\u00eatements, les accessoires et les chaussures, en plus de cat\u00e9gories plus larges comme l&rsquo;\u00e9lectronique et la d\u00e9coration &#8211; au bord des produits locaux offerts sur Facebook Marketplace. Cela rend l&rsquo;exp\u00e9rience d&rsquo;achat beaucoup plus facile. <\/p>\n<h2 id=\"things-to-keep-in-mind\">Choses \u00e0 garder \u00e0 l&rsquo;esprit<\/h2>\n<p>Vous devez savoir que l&rsquo;exp\u00e9rience Facebook Marketplace ne reproduit pas pleinement l&rsquo;exp\u00e9rience Poshmark. Poshmark est plein de fa\u00e7ons uniques d&rsquo;acheter et de vendre qui ne sont pas traduites sur Facebook pour le moment, y compris des spectacles en direct o\u00f9 les gens de tous les jours peuvent aux ench\u00e8res des marchandises sur un flux de style QVC et des parties chics, qui sont des pages de destination avec des cat\u00e9gories sp\u00e9cifiques d&rsquo;annonces. <\/p>\n<div class=\"pogoClear relative my-10 border-b-(1.5px) border-t-(1.5px) border-dashed border-black py-5 sm:my-14 sm:border-0 sm:py-0\" data-ga-click data-ga-template=\"News\" data-ga-module=\"openweb_widget\" data-ga-element=\"openweb_scroll\" data-ga-item=\"openweb_scroll_midpage\" x-data=\"{\n         commentsCount: null,\n         hasComments: false,\n         async fetchCommentsCount() {\n             try {\n                 if (window.openweb &amp;&amp; typeof window.openweb.getMessagesCount === 'function') {\n                     this.commentsCount = await window.openweb.getMessagesCount('01JXDB4SNRSKDRHNBQC5V8CCQ4');\n                     this.hasComments = this.commentsCount !== null &amp;&amp; this.commentsCount &gt; 0;\n                 }\n             } catch (e) {\n                 console.warn('Failed to fetch comment count:', e);\n             }\n         }\n     }\" x-init=\"fetchCommentsCount()\" x-cloak><\/p>\n<div class=\"absolute top-1\/2 hidden w-full -translate-y-1\/2 border-t-(1.5px) border-dashed border-black sm:block\"><\/div>\n<div class=\"relative flex justify-center\">\n<div class=\"flex max-w-fit items-center gap-x-3 bg-white px-5\">\n<div class=\"relative\">\n                <span class=\"absolute left-1\/2 top-1\/2 -translate-x-1\/2 -translate-y-1\/2 font-akshar text-sm font-medium text-black\" aria-live=\"polite\" x-show=\"hasComments\" x-text=\"commentsCount\"><\/span><\/p>\n<p>                <svg class=\"h-8 w-8 text-black\" role=\"img\" aria-hidden=\"true\">\n                    <use href=\"http:\/\/lifehacker.com\/images\/icons\/spritemap.svg#sprite-chat-bubble\"><\/use>\n                <\/svg>\n            <\/div>\n<p>            <span class=\"text-sm font-medium text-black\"><\/p>\n<p>                Que pensez-vous jusqu&rsquo;\u00e0 pr\u00e9sent?<br \/>\n                <button class=\"ml-1 font-semibold text-brand-green underline hover:text-brand-green-700\" type=\"button\" aria-label=\"Comment section trigger\" onclick=\"window.openweb.scrollToComments('01JXDB4SNRSKDRHNBQC5V8CCQ4')\" x-text=\"hasComments ? 'Post a comment.' : 'Be the first to post a comment.'\"><\/button><br \/>\n            <\/span>\n        <\/div>\n<\/p><\/div>\n<\/div>\n<p>Une autre raison pour laquelle Poshmark est formidable est que les acheteurs peuvent \u00abregrouper\u00bb plusieurs listes \u00e0 partir de la vitrine d&rsquo;un vendeur (connu sous le nom de placard). Si vous aimez trois choses que quelqu&rsquo;un a \u00e0 vendre dans son placard, vous pouvez les mettre dans un paquet afin que le vendeur ne soit qu&rsquo;\u00e0 exp\u00e9dier un seul paquet. Cela vous \u00e9vite beaucoup sur l&rsquo;exp\u00e9dition, mais la plupart du temps, les vendeurs vous donneront \u00e9galement un pack \u00e0 rabais, vous \u00e9conomisant encore plus. <\/p>\n<p>Cela ne se produit pas avec la liste crois\u00e9e du march\u00e9 Facebook, du moins pas pour le moment.<\/p>\n<h2 id=\"what-id-like-to-see\">Ce que j&rsquo;aimerais voir<\/h2>\n<p>Si le test b\u00eata r\u00e9ussit, j&rsquo;esp\u00e8re voir cela d\u00e9ploy\u00e9 \u00e0 plus grande \u00e9chelle. Ce serait cool si le regroupement devenait possible via Facebook Marketplace; Les simulcastes de flux de spectacles en direct seraient \u00e9galement id\u00e9aux. Les spectacles en direct de Poshmark sont populaires et innovants (je les regarde tout le temps et j&rsquo;ai jou\u00e9 avec l&rsquo;id\u00e9e d&rsquo;en h\u00e9berger un), et j&rsquo;aimerais les voir \u00e9largir leur port\u00e9e du public substantiel de Meta. <\/p>\n<p>La revente est sur le point de voir une augmentation massive du paysage \u00e9conomique post-tarif. Avec la menace de tout de plus en plus cher, l&rsquo;achat d&rsquo;occasion devient une option attrayante pour plus de personnes, pla\u00e7ant des plateformes comme Poshmark et Facebook Marketplace \u00e0 l&rsquo;avant-garde du boom. Que vous soyez un vendeur ou un acheteur \u00e9tabli ou de tout cela, cette coentreprise peut tr\u00e8s bien vous aider \u00e0 naviguer dans ce qui va arriver un peu plus facilement. <\/p>\n","protected":false},"excerpt":{"rendered":"<p>Les listes de Poshmark se d\u00e9roulent d\u00e9sormais sur Facebook Marketplace. La semaine derni\u00e8re, Poshmark a annonc\u00e9 que c&rsquo;\u00e9tait dans les premiers stades d&rsquo;un partenariat avec<\/p>\n","protected":false},"author":1,"featured_media":8105,"comment_status":"","ping_status":"","sticky":false,"template":"","format":"standard","meta":{"footnotes":""},"categories":[13],"tags":[1114,4198,3889,7362,845,7361,676,7360,734,2985,3026],"class_list":["post-8104","post","type-post","status-publish","format-standard","has-post-thumbnail","hentry","category-technologie","tag-douvrir","tag-enthousiasme","tag-facebook","tag-forces","tag-leurs","tag-marketplace","tag-par","tag-poshmark","tag-pourquoi","tag-suis","tag-train","generate-columns","tablet-grid-50","mobile-grid-100","grid-parent","grid-33"],"yoast_head":"<!-- This site is optimized with the Yoast SEO plugin v24.0 - https:\/\/yoast.com\/wordpress\/plugins\/seo\/ -->\n<title>Pourquoi je suis enthousiasm\u00e9 par Poshmark et Facebook Marketplace en train d&#039;ouvrir leurs forces | Vie Associative<\/title>\n<meta name=\"robots\" content=\"index, follow, max-snippet:-1, max-image-preview:large, max-video-preview:-1\" \/>\n<link rel=\"canonical\" href=\"https:\/\/vieassociative.be\/actualites\/pourquoi-je-suis-enthousiasme-par-poshmark-et-facebook-marketplace-en-train-douvrir-leurs-forces\/\" \/>\n<meta property=\"og:locale\" content=\"fr_FR\" \/>\n<meta property=\"og:type\" content=\"article\" \/>\n<meta property=\"og:title\" content=\"Pourquoi je suis enthousiasm\u00e9 par Poshmark et Facebook Marketplace en train d&#039;ouvrir leurs forces | Vie Associative\" \/>\n<meta property=\"og:description\" content=\"Les listes de Poshmark se d\u00e9roulent d\u00e9sormais sur Facebook Marketplace. La semaine derni\u00e8re, Poshmark a annonc\u00e9 que c&rsquo;\u00e9tait dans les premiers stades d&rsquo;un partenariat avec\" \/>\n<meta property=\"og:url\" content=\"https:\/\/vieassociative.be\/actualites\/pourquoi-je-suis-enthousiasme-par-poshmark-et-facebook-marketplace-en-train-douvrir-leurs-forces\/\" \/>\n<meta property=\"og:site_name\" content=\"Vie Associative\" \/>\n<meta property=\"article:published_time\" content=\"2025-06-10T19:18:35+00:00\" \/>\n<meta property=\"og:image\" content=\"https:\/\/vieassociative.be\/actualites\/wp-content\/uploads\/2024\/09\/header_backgroundk-01-e1726694325946.png\" \/>\n\t<meta property=\"og:image:width\" content=\"279\" \/>\n\t<meta property=\"og:image:height\" content=\"92\" \/>\n\t<meta property=\"og:image:type\" content=\"image\/png\" \/>\n<meta name=\"author\" content=\"Julien\" \/>\n<meta name=\"twitter:card\" content=\"summary_large_image\" \/>\n<meta name=\"twitter:label1\" content=\"\u00c9crit par\" \/>\n\t<meta name=\"twitter:data1\" content=\"Julien\" \/>\n\t<meta name=\"twitter:label2\" content=\"Dur\u00e9e de lecture est.\" \/>\n\t<meta name=\"twitter:data2\" content=\"4 minutes\" \/>\n<script type=\"application\/ld+json\" class=\"yoast-schema-graph\">{\"@context\":\"https:\/\/schema.org\",\"@graph\":[{\"@type\":\"Article\",\"@id\":\"https:\/\/vieassociative.be\/actualites\/pourquoi-je-suis-enthousiasme-par-poshmark-et-facebook-marketplace-en-train-douvrir-leurs-forces\/#article\",\"isPartOf\":{\"@id\":\"https:\/\/vieassociative.be\/actualites\/pourquoi-je-suis-enthousiasme-par-poshmark-et-facebook-marketplace-en-train-douvrir-leurs-forces\/\"},\"author\":{\"name\":\"Julien\",\"@id\":\"https:\/\/vieassociative.be\/actualites\/#\/schema\/person\/b87ac4f82f9d4e7b7cec7395b679edc4\"},\"headline\":\"Pourquoi je suis enthousiasm\u00e9 par Poshmark et Facebook Marketplace en train d&rsquo;ouvrir leurs forces\",\"datePublished\":\"2025-06-10T19:18:35+00:00\",\"dateModified\":\"2025-06-10T19:18:35+00:00\",\"mainEntityOfPage\":{\"@id\":\"https:\/\/vieassociative.be\/actualites\/pourquoi-je-suis-enthousiasme-par-poshmark-et-facebook-marketplace-en-train-douvrir-leurs-forces\/\"},\"wordCount\":948,\"publisher\":{\"@id\":\"https:\/\/vieassociative.be\/actualites\/#organization\"},\"image\":{\"@id\":\"https:\/\/vieassociative.be\/actualites\/pourquoi-je-suis-enthousiasme-par-poshmark-et-facebook-marketplace-en-train-douvrir-leurs-forces\/#primaryimage\"},\"thumbnailUrl\":\"https:\/\/vieassociative.be\/actualites\/wp-content\/uploads\/2025\/06\/Pourquoi-je-suis-enthousiasme-par-Poshmark-et-Facebook-Marketplace-en.png\",\"keywords\":[\"douvrir\",\"enthousiasm\u00e9\",\"Facebook\",\"forces\",\"leurs\",\"Marketplace\",\"par\",\"Poshmark\",\"Pourquoi\",\"suis\",\"Train\"],\"articleSection\":[\"Technologie\"],\"inLanguage\":\"fr-BE\"},{\"@type\":\"WebPage\",\"@id\":\"https:\/\/vieassociative.be\/actualites\/pourquoi-je-suis-enthousiasme-par-poshmark-et-facebook-marketplace-en-train-douvrir-leurs-forces\/\",\"url\":\"https:\/\/vieassociative.be\/actualites\/pourquoi-je-suis-enthousiasme-par-poshmark-et-facebook-marketplace-en-train-douvrir-leurs-forces\/\",\"name\":\"Pourquoi je suis enthousiasm\u00e9 par Poshmark et Facebook Marketplace en train d'ouvrir leurs forces | Vie Associative\",\"isPartOf\":{\"@id\":\"https:\/\/vieassociative.be\/actualites\/#website\"},\"primaryImageOfPage\":{\"@id\":\"https:\/\/vieassociative.be\/actualites\/pourquoi-je-suis-enthousiasme-par-poshmark-et-facebook-marketplace-en-train-douvrir-leurs-forces\/#primaryimage\"},\"image\":{\"@id\":\"https:\/\/vieassociative.be\/actualites\/pourquoi-je-suis-enthousiasme-par-poshmark-et-facebook-marketplace-en-train-douvrir-leurs-forces\/#primaryimage\"},\"thumbnailUrl\":\"https:\/\/vieassociative.be\/actualites\/wp-content\/uploads\/2025\/06\/Pourquoi-je-suis-enthousiasme-par-Poshmark-et-Facebook-Marketplace-en.png\",\"datePublished\":\"2025-06-10T19:18:35+00:00\",\"dateModified\":\"2025-06-10T19:18:35+00:00\",\"breadcrumb\":{\"@id\":\"https:\/\/vieassociative.be\/actualites\/pourquoi-je-suis-enthousiasme-par-poshmark-et-facebook-marketplace-en-train-douvrir-leurs-forces\/#breadcrumb\"},\"inLanguage\":\"fr-BE\",\"potentialAction\":[{\"@type\":\"ReadAction\",\"target\":[\"https:\/\/vieassociative.be\/actualites\/pourquoi-je-suis-enthousiasme-par-poshmark-et-facebook-marketplace-en-train-douvrir-leurs-forces\/\"]}]},{\"@type\":\"ImageObject\",\"inLanguage\":\"fr-BE\",\"@id\":\"https:\/\/vieassociative.be\/actualites\/pourquoi-je-suis-enthousiasme-par-poshmark-et-facebook-marketplace-en-train-douvrir-leurs-forces\/#primaryimage\",\"url\":\"https:\/\/vieassociative.be\/actualites\/wp-content\/uploads\/2025\/06\/Pourquoi-je-suis-enthousiasme-par-Poshmark-et-Facebook-Marketplace-en.png\",\"contentUrl\":\"https:\/\/vieassociative.be\/actualites\/wp-content\/uploads\/2025\/06\/Pourquoi-je-suis-enthousiasme-par-Poshmark-et-Facebook-Marketplace-en.png\",\"width\":1200,\"height\":674,\"caption\":\"Pourquoi je suis enthousiasm\u00e9 par Poshmark et Facebook Marketplace en train d'ouvrir leurs forces\"},{\"@type\":\"BreadcrumbList\",\"@id\":\"https:\/\/vieassociative.be\/actualites\/pourquoi-je-suis-enthousiasme-par-poshmark-et-facebook-marketplace-en-train-douvrir-leurs-forces\/#breadcrumb\",\"itemListElement\":[{\"@type\":\"ListItem\",\"position\":1,\"name\":\"Accueil\",\"item\":\"https:\/\/vieassociative.be\/actualites\/\"},{\"@type\":\"ListItem\",\"position\":2,\"name\":\"Pourquoi je suis enthousiasm\u00e9 par Poshmark et Facebook Marketplace en train d&rsquo;ouvrir leurs forces\"}]},{\"@type\":\"WebSite\",\"@id\":\"https:\/\/vieassociative.be\/actualites\/#website\",\"url\":\"https:\/\/vieassociative.be\/actualites\/\",\"name\":\"Vie Associative\",\"description\":\"\",\"publisher\":{\"@id\":\"https:\/\/vieassociative.be\/actualites\/#organization\"},\"potentialAction\":[{\"@type\":\"SearchAction\",\"target\":{\"@type\":\"EntryPoint\",\"urlTemplate\":\"https:\/\/vieassociative.be\/actualites\/?s={search_term_string}\"},\"query-input\":{\"@type\":\"PropertyValueSpecification\",\"valueRequired\":true,\"valueName\":\"search_term_string\"}}],\"inLanguage\":\"fr-BE\"},{\"@type\":\"Organization\",\"@id\":\"https:\/\/vieassociative.be\/actualites\/#organization\",\"name\":\"Vie Associative\",\"url\":\"https:\/\/vieassociative.be\/actualites\/\",\"logo\":{\"@type\":\"ImageObject\",\"inLanguage\":\"fr-BE\",\"@id\":\"https:\/\/vieassociative.be\/actualites\/#\/schema\/logo\/image\/\",\"url\":\"https:\/\/vieassociative.be\/actualites\/wp-content\/uploads\/2024\/09\/cropped-vieassociative_favicon.ico.png\",\"contentUrl\":\"https:\/\/vieassociative.be\/actualites\/wp-content\/uploads\/2024\/09\/cropped-vieassociative_favicon.ico.png\",\"width\":512,\"height\":512,\"caption\":\"Vie Associative\"},\"image\":{\"@id\":\"https:\/\/vieassociative.be\/actualites\/#\/schema\/logo\/image\/\"}},{\"@type\":\"Person\",\"@id\":\"https:\/\/vieassociative.be\/actualites\/#\/schema\/person\/b87ac4f82f9d4e7b7cec7395b679edc4\",\"name\":\"Julien\",\"image\":{\"@type\":\"ImageObject\",\"inLanguage\":\"fr-BE\",\"@id\":\"https:\/\/vieassociative.be\/actualites\/#\/schema\/person\/image\/\",\"url\":\"https:\/\/vieassociative.be\/actualites\/wp-content\/uploads\/2024\/09\/vie-associative-1-150x150.jpg\",\"contentUrl\":\"https:\/\/vieassociative.be\/actualites\/wp-content\/uploads\/2024\/09\/vie-associative-1-150x150.jpg\",\"caption\":\"Julien\"},\"description\":\"Je suis Julien, r\u00e9dacteur pour Vie Associative. Passionn\u00e9 par le monde associatif depuis plus de 10 ans, j'ai \u00e0 c\u0153ur de partager des histoires inspirantes et de mettre en lumi\u00e8re les initiatives locales. Mon objectif est de sensibiliser et d'encourager l'engagement communautaire \u00e0 travers mes articles.\",\"sameAs\":[\"https:\/\/vieassociative.be\/\"]}]}<\/script>\n<!-- \/ Yoast SEO plugin. -->","yoast_head_json":{"title":"Pourquoi je suis enthousiasm\u00e9 par Poshmark et Facebook Marketplace en train d'ouvrir leurs forces | Vie Associative","robots":{"index":"index","follow":"follow","max-snippet":"max-snippet:-1","max-image-preview":"max-image-preview:large","max-video-preview":"max-video-preview:-1"},"canonical":"https:\/\/vieassociative.be\/actualites\/pourquoi-je-suis-enthousiasme-par-poshmark-et-facebook-marketplace-en-train-douvrir-leurs-forces\/","og_locale":"fr_FR","og_type":"article","og_title":"Pourquoi je suis enthousiasm\u00e9 par Poshmark et Facebook Marketplace en train d'ouvrir leurs forces | Vie Associative","og_description":"Les listes de Poshmark se d\u00e9roulent d\u00e9sormais sur Facebook Marketplace. La semaine derni\u00e8re, Poshmark a annonc\u00e9 que c&rsquo;\u00e9tait dans les premiers stades d&rsquo;un partenariat avec","og_url":"https:\/\/vieassociative.be\/actualites\/pourquoi-je-suis-enthousiasme-par-poshmark-et-facebook-marketplace-en-train-douvrir-leurs-forces\/","og_site_name":"Vie Associative","article_published_time":"2025-06-10T19:18:35+00:00","og_image":[{"width":279,"height":92,"url":"https:\/\/vieassociative.be\/actualites\/wp-content\/uploads\/2024\/09\/header_backgroundk-01-e1726694325946.png","type":"image\/png"}],"author":"Julien","twitter_card":"summary_large_image","twitter_misc":{"\u00c9crit par":"Julien","Dur\u00e9e de lecture est.":"4 minutes"},"schema":{"@context":"https:\/\/schema.org","@graph":[{"@type":"Article","@id":"https:\/\/vieassociative.be\/actualites\/pourquoi-je-suis-enthousiasme-par-poshmark-et-facebook-marketplace-en-train-douvrir-leurs-forces\/#article","isPartOf":{"@id":"https:\/\/vieassociative.be\/actualites\/pourquoi-je-suis-enthousiasme-par-poshmark-et-facebook-marketplace-en-train-douvrir-leurs-forces\/"},"author":{"name":"Julien","@id":"https:\/\/vieassociative.be\/actualites\/#\/schema\/person\/b87ac4f82f9d4e7b7cec7395b679edc4"},"headline":"Pourquoi je suis enthousiasm\u00e9 par Poshmark et Facebook Marketplace en train d&rsquo;ouvrir leurs forces","datePublished":"2025-06-10T19:18:35+00:00","dateModified":"2025-06-10T19:18:35+00:00","mainEntityOfPage":{"@id":"https:\/\/vieassociative.be\/actualites\/pourquoi-je-suis-enthousiasme-par-poshmark-et-facebook-marketplace-en-train-douvrir-leurs-forces\/"},"wordCount":948,"publisher":{"@id":"https:\/\/vieassociative.be\/actualites\/#organization"},"image":{"@id":"https:\/\/vieassociative.be\/actualites\/pourquoi-je-suis-enthousiasme-par-poshmark-et-facebook-marketplace-en-train-douvrir-leurs-forces\/#primaryimage"},"thumbnailUrl":"https:\/\/vieassociative.be\/actualites\/wp-content\/uploads\/2025\/06\/Pourquoi-je-suis-enthousiasme-par-Poshmark-et-Facebook-Marketplace-en.png","keywords":["douvrir","enthousiasm\u00e9","Facebook","forces","leurs","Marketplace","par","Poshmark","Pourquoi","suis","Train"],"articleSection":["Technologie"],"inLanguage":"fr-BE"},{"@type":"WebPage","@id":"https:\/\/vieassociative.be\/actualites\/pourquoi-je-suis-enthousiasme-par-poshmark-et-facebook-marketplace-en-train-douvrir-leurs-forces\/","url":"https:\/\/vieassociative.be\/actualites\/pourquoi-je-suis-enthousiasme-par-poshmark-et-facebook-marketplace-en-train-douvrir-leurs-forces\/","name":"Pourquoi je suis enthousiasm\u00e9 par Poshmark et Facebook Marketplace en train d'ouvrir leurs forces | Vie Associative","isPartOf":{"@id":"https:\/\/vieassociative.be\/actualites\/#website"},"primaryImageOfPage":{"@id":"https:\/\/vieassociative.be\/actualites\/pourquoi-je-suis-enthousiasme-par-poshmark-et-facebook-marketplace-en-train-douvrir-leurs-forces\/#primaryimage"},"image":{"@id":"https:\/\/vieassociative.be\/actualites\/pourquoi-je-suis-enthousiasme-par-poshmark-et-facebook-marketplace-en-train-douvrir-leurs-forces\/#primaryimage"},"thumbnailUrl":"https:\/\/vieassociative.be\/actualites\/wp-content\/uploads\/2025\/06\/Pourquoi-je-suis-enthousiasme-par-Poshmark-et-Facebook-Marketplace-en.png","datePublished":"2025-06-10T19:18:35+00:00","dateModified":"2025-06-10T19:18:35+00:00","breadcrumb":{"@id":"https:\/\/vieassociative.be\/actualites\/pourquoi-je-suis-enthousiasme-par-poshmark-et-facebook-marketplace-en-train-douvrir-leurs-forces\/#breadcrumb"},"inLanguage":"fr-BE","potentialAction":[{"@type":"ReadAction","target":["https:\/\/vieassociative.be\/actualites\/pourquoi-je-suis-enthousiasme-par-poshmark-et-facebook-marketplace-en-train-douvrir-leurs-forces\/"]}]},{"@type":"ImageObject","inLanguage":"fr-BE","@id":"https:\/\/vieassociative.be\/actualites\/pourquoi-je-suis-enthousiasme-par-poshmark-et-facebook-marketplace-en-train-douvrir-leurs-forces\/#primaryimage","url":"https:\/\/vieassociative.be\/actualites\/wp-content\/uploads\/2025\/06\/Pourquoi-je-suis-enthousiasme-par-Poshmark-et-Facebook-Marketplace-en.png","contentUrl":"https:\/\/vieassociative.be\/actualites\/wp-content\/uploads\/2025\/06\/Pourquoi-je-suis-enthousiasme-par-Poshmark-et-Facebook-Marketplace-en.png","width":1200,"height":674,"caption":"Pourquoi je suis enthousiasm\u00e9 par Poshmark et Facebook Marketplace en train d'ouvrir leurs forces"},{"@type":"BreadcrumbList","@id":"https:\/\/vieassociative.be\/actualites\/pourquoi-je-suis-enthousiasme-par-poshmark-et-facebook-marketplace-en-train-douvrir-leurs-forces\/#breadcrumb","itemListElement":[{"@type":"ListItem","position":1,"name":"Accueil","item":"https:\/\/vieassociative.be\/actualites\/"},{"@type":"ListItem","position":2,"name":"Pourquoi je suis enthousiasm\u00e9 par Poshmark et Facebook Marketplace en train d&rsquo;ouvrir leurs forces"}]},{"@type":"WebSite","@id":"https:\/\/vieassociative.be\/actualites\/#website","url":"https:\/\/vieassociative.be\/actualites\/","name":"Vie Associative","description":"","publisher":{"@id":"https:\/\/vieassociative.be\/actualites\/#organization"},"potentialAction":[{"@type":"SearchAction","target":{"@type":"EntryPoint","urlTemplate":"https:\/\/vieassociative.be\/actualites\/?s={search_term_string}"},"query-input":{"@type":"PropertyValueSpecification","valueRequired":true,"valueName":"search_term_string"}}],"inLanguage":"fr-BE"},{"@type":"Organization","@id":"https:\/\/vieassociative.be\/actualites\/#organization","name":"Vie Associative","url":"https:\/\/vieassociative.be\/actualites\/","logo":{"@type":"ImageObject","inLanguage":"fr-BE","@id":"https:\/\/vieassociative.be\/actualites\/#\/schema\/logo\/image\/","url":"https:\/\/vieassociative.be\/actualites\/wp-content\/uploads\/2024\/09\/cropped-vieassociative_favicon.ico.png","contentUrl":"https:\/\/vieassociative.be\/actualites\/wp-content\/uploads\/2024\/09\/cropped-vieassociative_favicon.ico.png","width":512,"height":512,"caption":"Vie Associative"},"image":{"@id":"https:\/\/vieassociative.be\/actualites\/#\/schema\/logo\/image\/"}},{"@type":"Person","@id":"https:\/\/vieassociative.be\/actualites\/#\/schema\/person\/b87ac4f82f9d4e7b7cec7395b679edc4","name":"Julien","image":{"@type":"ImageObject","inLanguage":"fr-BE","@id":"https:\/\/vieassociative.be\/actualites\/#\/schema\/person\/image\/","url":"https:\/\/vieassociative.be\/actualites\/wp-content\/uploads\/2024\/09\/vie-associative-1-150x150.jpg","contentUrl":"https:\/\/vieassociative.be\/actualites\/wp-content\/uploads\/2024\/09\/vie-associative-1-150x150.jpg","caption":"Julien"},"description":"Je suis Julien, r\u00e9dacteur pour Vie Associative. Passionn\u00e9 par le monde associatif depuis plus de 10 ans, j'ai \u00e0 c\u0153ur de partager des histoires inspirantes et de mettre en lumi\u00e8re les initiatives locales. Mon objectif est de sensibiliser et d'encourager l'engagement communautaire \u00e0 travers mes articles.","sameAs":["https:\/\/vieassociative.be\/"]}]}},"_links":{"self":[{"href":"https:\/\/vieassociative.be\/actualites\/wp-json\/wp\/v2\/posts\/8104"}],"collection":[{"href":"https:\/\/vieassociative.be\/actualites\/wp-json\/wp\/v2\/posts"}],"about":[{"href":"https:\/\/vieassociative.be\/actualites\/wp-json\/wp\/v2\/types\/post"}],"author":[{"embeddable":true,"href":"https:\/\/vieassociative.be\/actualites\/wp-json\/wp\/v2\/users\/1"}],"replies":[{"embeddable":true,"href":"https:\/\/vieassociative.be\/actualites\/wp-json\/wp\/v2\/comments?post=8104"}],"version-history":[{"count":0,"href":"https:\/\/vieassociative.be\/actualites\/wp-json\/wp\/v2\/posts\/8104\/revisions"}],"wp:featuredmedia":[{"embeddable":true,"href":"https:\/\/vieassociative.be\/actualites\/wp-json\/wp\/v2\/media\/8105"}],"wp:attachment":[{"href":"https:\/\/vieassociative.be\/actualites\/wp-json\/wp\/v2\/media?parent=8104"}],"wp:term":[{"taxonomy":"category","embeddable":true,"href":"https:\/\/vieassociative.be\/actualites\/wp-json\/wp\/v2\/categories?post=8104"},{"taxonomy":"post_tag","embeddable":true,"href":"https:\/\/vieassociative.be\/actualites\/wp-json\/wp\/v2\/tags?post=8104"}],"curies":[{"name":"wp","href":"https:\/\/api.w.org\/{rel}","templated":true}]}}