{"id":8102,"date":"2025-06-10T20:18:17","date_gmt":"2025-06-10T18:18:17","guid":{"rendered":"https:\/\/vieassociative.be\/actualites\/le-samsung-galaxy-watch-7-est-a-son-prix-le-plus-bas-en-ce-moment\/"},"modified":"2025-06-10T20:18:17","modified_gmt":"2025-06-10T18:18:17","slug":"le-samsung-galaxy-watch-7-est-a-son-prix-le-plus-bas-en-ce-moment","status":"publish","type":"post","link":"https:\/\/vieassociative.be\/actualites\/le-samsung-galaxy-watch-7-est-a-son-prix-le-plus-bas-en-ce-moment\/","title":{"rendered":"Le Samsung Galaxy Watch 7 est \u00e0 son prix le plus bas en ce moment"},"content":{"rendered":"<div class=\"mt-4 leading-6 md:mb-8\">Id\u00e9al pour les utilisateurs d&rsquo;Android &#8211; en particulier les propri\u00e9taires de Samsung &#8211; cette smartwatch combine la forme physique, le style et la durabilit\u00e9.<\/div>\n<p><\/p>\n<p>Le Samsung Galaxy Watch 7 (44 mm, Bluetooth) est tomb\u00e9 \u00e0 229,99 $, en baisse par rapport \u00e0 son prix habituel de 329,99 $ &#8211; le prix le plus bas jusqu&rsquo;\u00e0 pr\u00e9sent, selon les trackers de prix.<\/p>\n<div class=\"pogoClear mb-12 mt-10 rounded-md border-2 border-gray-100 py-7 shadow-xl md:py-6\">\n<div class=\"flex flex-wrap justify-between px-7 text-black no-underline md:flex-nowrap md:px-8\">\n<div class=\"order-1 mx-auto flex flex-col justify-center md:order-2 md:ml-4 md:w-full md:grow\">\n<div class=\"block cursor-pointer text-center font-akshar text-2xl font-medium leading-7 text-brand-green duration-200 ease-in-out hover:text-brand-green-700 md:text-left md:text-xl md:leading-6\">Samsung Galaxy Watch 7\n                <\/div>\n<div class=\"mt-4 hidden md:flex md:justify-between\">\n<div class=\"self-end\">\n<div class=\"mb-0 h-11 md:flex md:flex-col md:justify-center\">\n<div class=\" font-sans leading-4 text-black\">\n<div class=\"flex flex-wrap items-center justify-center gap-x-1 md:justify-start\">\n        <span class=\"font-bold\"><\/p>\n<p>            229,99 $<br \/>\n                            <span class=\"font-medium\">\u00e0 Amazon<\/span><br \/>\n                    <\/span><br \/>\n                    <img decoding=\"async\" class=\"mt-0 h-(15px)\" src=\"https:\/\/vieassociative.be\/actualites\/wp-content\/uploads\/2025\/06\/Le-Samsung-Galaxy-Watch-7-est-a-son-prix-le.svg.svg+xml\" title=\"Amazon Prime\" alt=\"Amazon Prime\">\n            <\/div>\n<div class=\"flex items-center justify-center gap-x-1 font-bold md:justify-start\">\n            <span class=\"text-sm line-through\">329,99 $<\/span><br \/>\n            <span class=\"text-sm text-brand-green\">\u00c9conomisez 100,00 $<\/span>\n        <\/div>\n<\/p><\/div>\n<\/p><\/div>\n<\/p><\/div>\n<div class=\"w-44 self-end\">\n                            <button class=\"flex justify-center items-center w-full bg-brand-green text-white text-base font-sans font-medium rounded-md hover:bg-brand-green-700 hover:cursor-pointer md:text-sm h-11\"><\/p>\n<p>    Conclure un accord<br \/>\n<\/button>\n                        <\/div>\n<\/p><\/div>\n<\/p><\/div>\n<div class=\"order-2 mt-5 h-auto w-full md:order-1 md:mt-0 md:hidden\">\n<div class=\"flex aspect-video items-center justify-center\">\n                                            <img decoding=\"async\" class=\"m-0 max-h-full max-w-full rounded-md\" src=\"https:\/\/vieassociative.be\/actualites\/wp-content\/uploads\/2025\/06\/Le-Samsung-Galaxy-Watch-7-est-a-son-prix-le.jpg\" alt=\"Samsung Galaxy Watch 7 44mm Bluetooth AI Smartwatch avec score d'\u00e9nergie, conseils de bien-\u00eatre, suivi de la fr\u00e9quence cardiaque, surveillance du sommeil, tracker de fitness, 2024, vert (version am\u00e9ricaine, garantie du fabricant 1 an\" width=\"auto\" height=\"auto\" loading=\"lazy\">\n                                    <\/div>\n<\/p><\/div>\n<div class=\"order-2 ml-2 hidden w-32 shrink-0 items-center md:order-1 md:ml-0 md:flex\">\n<div class=\"flex aspect-video items-center justify-center\">\n                                            <img decoding=\"async\" class=\"m-0 max-h-full max-w-full rounded-md\" src=\"https:\/\/vieassociative.be\/actualites\/wp-content\/uploads\/2025\/06\/Le-Samsung-Galaxy-Watch-7-est-a-son-prix-le.jpg\" alt=\"Samsung Galaxy Watch 7 44mm Bluetooth AI Smartwatch avec score d'\u00e9nergie, conseils de bien-\u00eatre, suivi de la fr\u00e9quence cardiaque, surveillance du sommeil, tracker de fitness, 2024, vert (version am\u00e9ricaine, garantie du fabricant 1 an\" width=\"auto\" height=\"auto\" loading=\"lazy\">\n                                    <\/div>\n<\/p><\/div>\n<div class=\"order-3 flex grow flex-wrap md:hidden md:grow-0\">\n<div class=\"mt-4 w-full\">\n                        <button class=\"flex justify-center items-center w-full bg-brand-green text-white text-base font-sans font-medium rounded-md hover:bg-brand-green-700 hover:cursor-pointer md:text-sm h-11\"><\/p>\n<p>    Conclure un accord<br \/>\n<\/button>\n                    <\/div>\n<div class=\"mx-2 mt-4 w-full\">\n<div class=\" font-sans leading-4 text-black\">\n<div class=\"flex flex-wrap items-center justify-center gap-x-1 md:justify-start\">\n        <span class=\"font-bold\"><\/p>\n<p>            229,99 $<br \/>\n                            <span class=\"font-medium\">\u00e0 Amazon<\/span><br \/>\n                    <\/span><br \/>\n                    <img decoding=\"async\" class=\"mt-0 h-(15px)\" src=\"https:\/\/vieassociative.be\/actualites\/wp-content\/uploads\/2025\/06\/Le-Samsung-Galaxy-Watch-7-est-a-son-prix-le.svg.svg+xml\" title=\"Amazon Prime\" alt=\"Amazon Prime\">\n            <\/div>\n<div class=\"flex items-center justify-center gap-x-1 font-bold md:justify-start\">\n            <span class=\"text-sm line-through\">329,99 $<\/span><br \/>\n            <span class=\"text-sm text-brand-green\">\u00c9conomisez 100,00 $<\/span>\n        <\/div>\n<\/p><\/div>\n<\/p><\/div>\n<\/p><\/div>\n<\/p><\/div>\n<\/div>\n<p>Il d\u00e9tient une excellente note de PCMAG, principalement pour son suivi de sant\u00e9 et ses performances lisses. Si vous \u00eates d\u00e9j\u00e0 dans l&rsquo;univers Android et que vous souhaitez une smartwatch d&rsquo;abord en forme qui a \u00e9galement l&rsquo;air bien \u00e0 votre poignet, cette offre m\u00e9rite d&rsquo;\u00eatre consid\u00e9r\u00e9e. Connaissez simplement \u00e0 l&rsquo;avance: comme pour de nombreuses montres intelligentes, la charge quotidienne fait partie de la routine.<\/p>\n<p>La montre 7 est con\u00e7ue pour g\u00e9rer plus que des v\u00eatements d\u00e9contract\u00e9s. Il a une cote IP68, est r\u00e9sistant \u00e0 l&rsquo;eau 5ATM et est test\u00e9 contre les normes militaires pour la durabilit\u00e9. L&rsquo;\u00e9cran Super AMOLED de 1,5 pouce est net et facile \u00e0 lire \u00e0 l&rsquo;ext\u00e9rieur. \u00c0 l&rsquo;int\u00e9rieur, Samsung a am\u00e9lior\u00e9 le processeur vers l&rsquo;Exynos W1000, promettant une meilleure vitesse et une meilleure efficacit\u00e9 au cours de la derni\u00e8re g\u00e9n\u00e9ration. Il fonctionne sur Wear OS 5 avec One UI 6 en couches de Samsung, ce qui ajoute de petites choses comme une meilleure modification photo et des commandes de widgets. Il est \u00e9galement rempli avec 2 Go de RAM et 32 \u200b\u200bGo de stockage, plus un GPS \u00e0 double fr\u00e9quence qui contient un signal r\u00e9gulier m\u00eame dans les rues de la ville ou sous la couverture des arbres.<\/p>\n<div class=\"pogoClear relative my-10 border-b-(1.5px) border-t-(1.5px) border-dashed border-black py-5 sm:my-14 sm:border-0 sm:py-0\" data-ga-click data-ga-template=\"Deals\" data-ga-module=\"openweb_widget\" data-ga-element=\"openweb_scroll\" data-ga-item=\"openweb_scroll_midpage\" x-data=\"{\n         commentsCount: null,\n         hasComments: false,\n         async fetchCommentsCount() {\n             try {\n                 if (window.openweb &amp;&amp; typeof window.openweb.getMessagesCount === 'function') {\n                     this.commentsCount = await window.openweb.getMessagesCount('01JX9QT36JAX7EN0TF52TY4NS7');\n                     this.hasComments = this.commentsCount !== null &amp;&amp; this.commentsCount &gt; 0;\n                 }\n             } catch (e) {\n                 console.warn('Failed to fetch comment count:', e);\n             }\n         }\n     }\" x-init=\"fetchCommentsCount()\" x-cloak><\/p>\n<div class=\"absolute top-1\/2 hidden w-full -translate-y-1\/2 border-t-(1.5px) border-dashed border-black sm:block\"><\/div>\n<div class=\"relative flex justify-center\">\n<div class=\"flex max-w-fit items-center gap-x-3 bg-white px-5\">\n<div class=\"relative\">\n                <span class=\"absolute left-1\/2 top-1\/2 -translate-x-1\/2 -translate-y-1\/2 font-akshar text-sm font-medium text-black\" aria-live=\"polite\" x-show=\"hasComments\" x-text=\"commentsCount\"><\/span><\/p>\n<p>                <svg class=\"h-8 w-8 text-black\" role=\"img\" aria-hidden=\"true\">\n                    <use href=\"http:\/\/lifehacker.com\/images\/icons\/spritemap.svg#sprite-chat-bubble\"><\/use>\n                <\/svg>\n            <\/div>\n<p>            <span class=\"text-sm font-medium text-black\"><\/p>\n<p>                Que pensez-vous jusqu&rsquo;\u00e0 pr\u00e9sent?<br \/>\n                <button class=\"ml-1 font-semibold text-brand-green underline hover:text-brand-green-700\" type=\"button\" aria-label=\"Comment section trigger\" onclick=\"window.openweb.scrollToComments('01JX9QT36JAX7EN0TF52TY4NS7')\" x-text=\"hasComments ? 'Post a comment.' : 'Be the first to post a comment.'\"><\/button><br \/>\n            <\/span>\n        <\/div>\n<\/p><\/div>\n<\/div>\n<p>L\u00e0 o\u00f9 il essaie vraiment de se d\u00e9marquer, c&rsquo;est le suivi de la sant\u00e9. Il y a la d\u00e9tection d&rsquo;apn\u00e9e du sommeil approuv\u00e9e par la FDA, l&rsquo;analyse de la composition corporelle et un nouveau score d&rsquo;\u00e9nergie de Galaxy AI qui r\u00e9sume toutes vos donn\u00e9es de sommeil et de fitness en un nombre facile. Vous obtenez toujours des aliments de base comme la surveillance de la fr\u00e9quence cardiaque, le suivi de l&rsquo;oxyg\u00e8ne sanguin, l&rsquo;ECG et la d\u00e9tection automatique de l&rsquo;entra\u00eenement. Cela dit, si vous voulez l&rsquo;exp\u00e9rience compl\u00e8te &#8211; comme la d\u00e9tection du ronflement et certaines des id\u00e9es de bien-\u00eatre de l&rsquo;IA &#8211; vous aurez besoin d&rsquo;un t\u00e9l\u00e9phone Samsung \u00e0 proximit\u00e9. Le principal compromis ici est la dur\u00e9e de vie de la batterie. Avec une utilisation mod\u00e9r\u00e9e, vous regardez environ 22 \u00e0 27 heures, selon les param\u00e8tres, ce qui signifie que la charge de nuit va \u00eatre une chose. Si vous pouvez vivre avec cela et avoir d\u00e9j\u00e0 un appareil Android (en particulier Samsung), la Galaxy Watch 7 emballe de nombreux outils de sant\u00e9 et de fitness dans un cadre beau et durable, en particulier \u00e0 ce nouveau prix bas.<\/p>\n","protected":false},"excerpt":{"rendered":"<p>Id\u00e9al pour les utilisateurs d&rsquo;Android &#8211; en particulier les propri\u00e9taires de Samsung &#8211; cette smartwatch combine la forme physique, le style et la durabilit\u00e9. Le<\/p>\n","protected":false},"author":1,"featured_media":8103,"comment_status":"","ping_status":"","sticky":false,"template":"","format":"standard","meta":{"footnotes":""},"categories":[13],"tags":[700,76,4183,1429,1399,1878,800,55],"class_list":["post-8102","post","type-post","status-publish","format-standard","has-post-thumbnail","hentry","category-technologie","tag-bas","tag-est","tag-galaxy","tag-moment","tag-prix","tag-samsung","tag-son","tag-watch","generate-columns","tablet-grid-50","mobile-grid-100","grid-parent","grid-33"],"yoast_head":"<!-- This site is optimized with the Yoast SEO plugin v24.0 - https:\/\/yoast.com\/wordpress\/plugins\/seo\/ -->\n<title>Le Samsung Galaxy Watch 7 est \u00e0 son prix le plus bas en ce moment | Vie Associative<\/title>\n<meta name=\"robots\" content=\"index, follow, max-snippet:-1, max-image-preview:large, max-video-preview:-1\" \/>\n<link rel=\"canonical\" href=\"https:\/\/vieassociative.be\/actualites\/le-samsung-galaxy-watch-7-est-a-son-prix-le-plus-bas-en-ce-moment\/\" \/>\n<meta property=\"og:locale\" content=\"fr_FR\" \/>\n<meta property=\"og:type\" content=\"article\" \/>\n<meta property=\"og:title\" content=\"Le Samsung Galaxy Watch 7 est \u00e0 son prix le plus bas en ce moment | Vie Associative\" \/>\n<meta property=\"og:description\" content=\"Id\u00e9al pour les utilisateurs d&rsquo;Android &#8211; en particulier les propri\u00e9taires de Samsung &#8211; cette smartwatch combine la forme physique, le style et la durabilit\u00e9. Le\" \/>\n<meta property=\"og:url\" content=\"https:\/\/vieassociative.be\/actualites\/le-samsung-galaxy-watch-7-est-a-son-prix-le-plus-bas-en-ce-moment\/\" \/>\n<meta property=\"og:site_name\" content=\"Vie Associative\" \/>\n<meta property=\"article:published_time\" content=\"2025-06-10T18:18:17+00:00\" \/>\n<meta property=\"og:image\" content=\"https:\/\/vieassociative.be\/actualites\/wp-content\/uploads\/2025\/06\/Le-Samsung-Galaxy-Watch-7-est-a-son-prix-le.svg.svg+xml\" \/>\n<meta name=\"author\" content=\"Julien\" \/>\n<meta name=\"twitter:card\" content=\"summary_large_image\" \/>\n<meta name=\"twitter:label1\" content=\"\u00c9crit par\" \/>\n\t<meta name=\"twitter:data1\" content=\"Julien\" \/>\n\t<meta name=\"twitter:label2\" content=\"Dur\u00e9e de lecture est.\" \/>\n\t<meta name=\"twitter:data2\" content=\"2 minutes\" \/>\n<script type=\"application\/ld+json\" class=\"yoast-schema-graph\">{\"@context\":\"https:\/\/schema.org\",\"@graph\":[{\"@type\":\"Article\",\"@id\":\"https:\/\/vieassociative.be\/actualites\/le-samsung-galaxy-watch-7-est-a-son-prix-le-plus-bas-en-ce-moment\/#article\",\"isPartOf\":{\"@id\":\"https:\/\/vieassociative.be\/actualites\/le-samsung-galaxy-watch-7-est-a-son-prix-le-plus-bas-en-ce-moment\/\"},\"author\":{\"name\":\"Julien\",\"@id\":\"https:\/\/vieassociative.be\/actualites\/#\/schema\/person\/b87ac4f82f9d4e7b7cec7395b679edc4\"},\"headline\":\"Le Samsung Galaxy Watch 7 est \u00e0 son prix le plus bas en ce moment\",\"datePublished\":\"2025-06-10T18:18:17+00:00\",\"dateModified\":\"2025-06-10T18:18:17+00:00\",\"mainEntityOfPage\":{\"@id\":\"https:\/\/vieassociative.be\/actualites\/le-samsung-galaxy-watch-7-est-a-son-prix-le-plus-bas-en-ce-moment\/\"},\"wordCount\":521,\"publisher\":{\"@id\":\"https:\/\/vieassociative.be\/actualites\/#organization\"},\"image\":{\"@id\":\"https:\/\/vieassociative.be\/actualites\/le-samsung-galaxy-watch-7-est-a-son-prix-le-plus-bas-en-ce-moment\/#primaryimage\"},\"thumbnailUrl\":\"https:\/\/vieassociative.be\/actualites\/wp-content\/uploads\/2025\/06\/Le-Samsung-Galaxy-Watch-7-est-a-son-prix-le.png\",\"keywords\":[\"bas\",\"est\",\"Galaxy\",\"moment\",\"prix\",\"Samsung\",\"son\",\"Watch\"],\"articleSection\":[\"Technologie\"],\"inLanguage\":\"fr-BE\"},{\"@type\":\"WebPage\",\"@id\":\"https:\/\/vieassociative.be\/actualites\/le-samsung-galaxy-watch-7-est-a-son-prix-le-plus-bas-en-ce-moment\/\",\"url\":\"https:\/\/vieassociative.be\/actualites\/le-samsung-galaxy-watch-7-est-a-son-prix-le-plus-bas-en-ce-moment\/\",\"name\":\"Le Samsung Galaxy Watch 7 est \u00e0 son prix le plus bas en ce moment | Vie Associative\",\"isPartOf\":{\"@id\":\"https:\/\/vieassociative.be\/actualites\/#website\"},\"primaryImageOfPage\":{\"@id\":\"https:\/\/vieassociative.be\/actualites\/le-samsung-galaxy-watch-7-est-a-son-prix-le-plus-bas-en-ce-moment\/#primaryimage\"},\"image\":{\"@id\":\"https:\/\/vieassociative.be\/actualites\/le-samsung-galaxy-watch-7-est-a-son-prix-le-plus-bas-en-ce-moment\/#primaryimage\"},\"thumbnailUrl\":\"https:\/\/vieassociative.be\/actualites\/wp-content\/uploads\/2025\/06\/Le-Samsung-Galaxy-Watch-7-est-a-son-prix-le.png\",\"datePublished\":\"2025-06-10T18:18:17+00:00\",\"dateModified\":\"2025-06-10T18:18:17+00:00\",\"breadcrumb\":{\"@id\":\"https:\/\/vieassociative.be\/actualites\/le-samsung-galaxy-watch-7-est-a-son-prix-le-plus-bas-en-ce-moment\/#breadcrumb\"},\"inLanguage\":\"fr-BE\",\"potentialAction\":[{\"@type\":\"ReadAction\",\"target\":[\"https:\/\/vieassociative.be\/actualites\/le-samsung-galaxy-watch-7-est-a-son-prix-le-plus-bas-en-ce-moment\/\"]}]},{\"@type\":\"ImageObject\",\"inLanguage\":\"fr-BE\",\"@id\":\"https:\/\/vieassociative.be\/actualites\/le-samsung-galaxy-watch-7-est-a-son-prix-le-plus-bas-en-ce-moment\/#primaryimage\",\"url\":\"https:\/\/vieassociative.be\/actualites\/wp-content\/uploads\/2025\/06\/Le-Samsung-Galaxy-Watch-7-est-a-son-prix-le.png\",\"contentUrl\":\"https:\/\/vieassociative.be\/actualites\/wp-content\/uploads\/2025\/06\/Le-Samsung-Galaxy-Watch-7-est-a-son-prix-le.png\",\"width\":1200,\"height\":675,\"caption\":\"Le Samsung Galaxy Watch 7 est \u00e0 son prix le plus bas en ce moment\"},{\"@type\":\"BreadcrumbList\",\"@id\":\"https:\/\/vieassociative.be\/actualites\/le-samsung-galaxy-watch-7-est-a-son-prix-le-plus-bas-en-ce-moment\/#breadcrumb\",\"itemListElement\":[{\"@type\":\"ListItem\",\"position\":1,\"name\":\"Accueil\",\"item\":\"https:\/\/vieassociative.be\/actualites\/\"},{\"@type\":\"ListItem\",\"position\":2,\"name\":\"Le Samsung Galaxy Watch 7 est \u00e0 son prix le plus bas en ce moment\"}]},{\"@type\":\"WebSite\",\"@id\":\"https:\/\/vieassociative.be\/actualites\/#website\",\"url\":\"https:\/\/vieassociative.be\/actualites\/\",\"name\":\"Vie Associative\",\"description\":\"\",\"publisher\":{\"@id\":\"https:\/\/vieassociative.be\/actualites\/#organization\"},\"potentialAction\":[{\"@type\":\"SearchAction\",\"target\":{\"@type\":\"EntryPoint\",\"urlTemplate\":\"https:\/\/vieassociative.be\/actualites\/?s={search_term_string}\"},\"query-input\":{\"@type\":\"PropertyValueSpecification\",\"valueRequired\":true,\"valueName\":\"search_term_string\"}}],\"inLanguage\":\"fr-BE\"},{\"@type\":\"Organization\",\"@id\":\"https:\/\/vieassociative.be\/actualites\/#organization\",\"name\":\"Vie Associative\",\"url\":\"https:\/\/vieassociative.be\/actualites\/\",\"logo\":{\"@type\":\"ImageObject\",\"inLanguage\":\"fr-BE\",\"@id\":\"https:\/\/vieassociative.be\/actualites\/#\/schema\/logo\/image\/\",\"url\":\"https:\/\/vieassociative.be\/actualites\/wp-content\/uploads\/2024\/09\/cropped-vieassociative_favicon.ico.png\",\"contentUrl\":\"https:\/\/vieassociative.be\/actualites\/wp-content\/uploads\/2024\/09\/cropped-vieassociative_favicon.ico.png\",\"width\":512,\"height\":512,\"caption\":\"Vie Associative\"},\"image\":{\"@id\":\"https:\/\/vieassociative.be\/actualites\/#\/schema\/logo\/image\/\"}},{\"@type\":\"Person\",\"@id\":\"https:\/\/vieassociative.be\/actualites\/#\/schema\/person\/b87ac4f82f9d4e7b7cec7395b679edc4\",\"name\":\"Julien\",\"image\":{\"@type\":\"ImageObject\",\"inLanguage\":\"fr-BE\",\"@id\":\"https:\/\/vieassociative.be\/actualites\/#\/schema\/person\/image\/\",\"url\":\"https:\/\/vieassociative.be\/actualites\/wp-content\/uploads\/2024\/09\/vie-associative-1-150x150.jpg\",\"contentUrl\":\"https:\/\/vieassociative.be\/actualites\/wp-content\/uploads\/2024\/09\/vie-associative-1-150x150.jpg\",\"caption\":\"Julien\"},\"description\":\"Je suis Julien, r\u00e9dacteur pour Vie Associative. Passionn\u00e9 par le monde associatif depuis plus de 10 ans, j'ai \u00e0 c\u0153ur de partager des histoires inspirantes et de mettre en lumi\u00e8re les initiatives locales. Mon objectif est de sensibiliser et d'encourager l'engagement communautaire \u00e0 travers mes articles.\",\"sameAs\":[\"https:\/\/vieassociative.be\/\"]}]}<\/script>\n<!-- \/ Yoast SEO plugin. -->","yoast_head_json":{"title":"Le Samsung Galaxy Watch 7 est \u00e0 son prix le plus bas en ce moment | Vie Associative","robots":{"index":"index","follow":"follow","max-snippet":"max-snippet:-1","max-image-preview":"max-image-preview:large","max-video-preview":"max-video-preview:-1"},"canonical":"https:\/\/vieassociative.be\/actualites\/le-samsung-galaxy-watch-7-est-a-son-prix-le-plus-bas-en-ce-moment\/","og_locale":"fr_FR","og_type":"article","og_title":"Le Samsung Galaxy Watch 7 est \u00e0 son prix le plus bas en ce moment | Vie Associative","og_description":"Id\u00e9al pour les utilisateurs d&rsquo;Android &#8211; en particulier les propri\u00e9taires de Samsung &#8211; cette smartwatch combine la forme physique, le style et la durabilit\u00e9. Le","og_url":"https:\/\/vieassociative.be\/actualites\/le-samsung-galaxy-watch-7-est-a-son-prix-le-plus-bas-en-ce-moment\/","og_site_name":"Vie Associative","article_published_time":"2025-06-10T18:18:17+00:00","og_image":[{"url":"https:\/\/vieassociative.be\/actualites\/wp-content\/uploads\/2025\/06\/Le-Samsung-Galaxy-Watch-7-est-a-son-prix-le.svg.svg+xml","type":"","width":"","height":""}],"author":"Julien","twitter_card":"summary_large_image","twitter_misc":{"\u00c9crit par":"Julien","Dur\u00e9e de lecture est.":"2 minutes"},"schema":{"@context":"https:\/\/schema.org","@graph":[{"@type":"Article","@id":"https:\/\/vieassociative.be\/actualites\/le-samsung-galaxy-watch-7-est-a-son-prix-le-plus-bas-en-ce-moment\/#article","isPartOf":{"@id":"https:\/\/vieassociative.be\/actualites\/le-samsung-galaxy-watch-7-est-a-son-prix-le-plus-bas-en-ce-moment\/"},"author":{"name":"Julien","@id":"https:\/\/vieassociative.be\/actualites\/#\/schema\/person\/b87ac4f82f9d4e7b7cec7395b679edc4"},"headline":"Le Samsung Galaxy Watch 7 est \u00e0 son prix le plus bas en ce moment","datePublished":"2025-06-10T18:18:17+00:00","dateModified":"2025-06-10T18:18:17+00:00","mainEntityOfPage":{"@id":"https:\/\/vieassociative.be\/actualites\/le-samsung-galaxy-watch-7-est-a-son-prix-le-plus-bas-en-ce-moment\/"},"wordCount":521,"publisher":{"@id":"https:\/\/vieassociative.be\/actualites\/#organization"},"image":{"@id":"https:\/\/vieassociative.be\/actualites\/le-samsung-galaxy-watch-7-est-a-son-prix-le-plus-bas-en-ce-moment\/#primaryimage"},"thumbnailUrl":"https:\/\/vieassociative.be\/actualites\/wp-content\/uploads\/2025\/06\/Le-Samsung-Galaxy-Watch-7-est-a-son-prix-le.png","keywords":["bas","est","Galaxy","moment","prix","Samsung","son","Watch"],"articleSection":["Technologie"],"inLanguage":"fr-BE"},{"@type":"WebPage","@id":"https:\/\/vieassociative.be\/actualites\/le-samsung-galaxy-watch-7-est-a-son-prix-le-plus-bas-en-ce-moment\/","url":"https:\/\/vieassociative.be\/actualites\/le-samsung-galaxy-watch-7-est-a-son-prix-le-plus-bas-en-ce-moment\/","name":"Le Samsung Galaxy Watch 7 est \u00e0 son prix le plus bas en ce moment | Vie Associative","isPartOf":{"@id":"https:\/\/vieassociative.be\/actualites\/#website"},"primaryImageOfPage":{"@id":"https:\/\/vieassociative.be\/actualites\/le-samsung-galaxy-watch-7-est-a-son-prix-le-plus-bas-en-ce-moment\/#primaryimage"},"image":{"@id":"https:\/\/vieassociative.be\/actualites\/le-samsung-galaxy-watch-7-est-a-son-prix-le-plus-bas-en-ce-moment\/#primaryimage"},"thumbnailUrl":"https:\/\/vieassociative.be\/actualites\/wp-content\/uploads\/2025\/06\/Le-Samsung-Galaxy-Watch-7-est-a-son-prix-le.png","datePublished":"2025-06-10T18:18:17+00:00","dateModified":"2025-06-10T18:18:17+00:00","breadcrumb":{"@id":"https:\/\/vieassociative.be\/actualites\/le-samsung-galaxy-watch-7-est-a-son-prix-le-plus-bas-en-ce-moment\/#breadcrumb"},"inLanguage":"fr-BE","potentialAction":[{"@type":"ReadAction","target":["https:\/\/vieassociative.be\/actualites\/le-samsung-galaxy-watch-7-est-a-son-prix-le-plus-bas-en-ce-moment\/"]}]},{"@type":"ImageObject","inLanguage":"fr-BE","@id":"https:\/\/vieassociative.be\/actualites\/le-samsung-galaxy-watch-7-est-a-son-prix-le-plus-bas-en-ce-moment\/#primaryimage","url":"https:\/\/vieassociative.be\/actualites\/wp-content\/uploads\/2025\/06\/Le-Samsung-Galaxy-Watch-7-est-a-son-prix-le.png","contentUrl":"https:\/\/vieassociative.be\/actualites\/wp-content\/uploads\/2025\/06\/Le-Samsung-Galaxy-Watch-7-est-a-son-prix-le.png","width":1200,"height":675,"caption":"Le Samsung Galaxy Watch 7 est \u00e0 son prix le plus bas en ce moment"},{"@type":"BreadcrumbList","@id":"https:\/\/vieassociative.be\/actualites\/le-samsung-galaxy-watch-7-est-a-son-prix-le-plus-bas-en-ce-moment\/#breadcrumb","itemListElement":[{"@type":"ListItem","position":1,"name":"Accueil","item":"https:\/\/vieassociative.be\/actualites\/"},{"@type":"ListItem","position":2,"name":"Le Samsung Galaxy Watch 7 est \u00e0 son prix le plus bas en ce moment"}]},{"@type":"WebSite","@id":"https:\/\/vieassociative.be\/actualites\/#website","url":"https:\/\/vieassociative.be\/actualites\/","name":"Vie Associative","description":"","publisher":{"@id":"https:\/\/vieassociative.be\/actualites\/#organization"},"potentialAction":[{"@type":"SearchAction","target":{"@type":"EntryPoint","urlTemplate":"https:\/\/vieassociative.be\/actualites\/?s={search_term_string}"},"query-input":{"@type":"PropertyValueSpecification","valueRequired":true,"valueName":"search_term_string"}}],"inLanguage":"fr-BE"},{"@type":"Organization","@id":"https:\/\/vieassociative.be\/actualites\/#organization","name":"Vie Associative","url":"https:\/\/vieassociative.be\/actualites\/","logo":{"@type":"ImageObject","inLanguage":"fr-BE","@id":"https:\/\/vieassociative.be\/actualites\/#\/schema\/logo\/image\/","url":"https:\/\/vieassociative.be\/actualites\/wp-content\/uploads\/2024\/09\/cropped-vieassociative_favicon.ico.png","contentUrl":"https:\/\/vieassociative.be\/actualites\/wp-content\/uploads\/2024\/09\/cropped-vieassociative_favicon.ico.png","width":512,"height":512,"caption":"Vie Associative"},"image":{"@id":"https:\/\/vieassociative.be\/actualites\/#\/schema\/logo\/image\/"}},{"@type":"Person","@id":"https:\/\/vieassociative.be\/actualites\/#\/schema\/person\/b87ac4f82f9d4e7b7cec7395b679edc4","name":"Julien","image":{"@type":"ImageObject","inLanguage":"fr-BE","@id":"https:\/\/vieassociative.be\/actualites\/#\/schema\/person\/image\/","url":"https:\/\/vieassociative.be\/actualites\/wp-content\/uploads\/2024\/09\/vie-associative-1-150x150.jpg","contentUrl":"https:\/\/vieassociative.be\/actualites\/wp-content\/uploads\/2024\/09\/vie-associative-1-150x150.jpg","caption":"Julien"},"description":"Je suis Julien, r\u00e9dacteur pour Vie Associative. Passionn\u00e9 par le monde associatif depuis plus de 10 ans, j'ai \u00e0 c\u0153ur de partager des histoires inspirantes et de mettre en lumi\u00e8re les initiatives locales. Mon objectif est de sensibiliser et d'encourager l'engagement communautaire \u00e0 travers mes articles.","sameAs":["https:\/\/vieassociative.be\/"]}]}},"_links":{"self":[{"href":"https:\/\/vieassociative.be\/actualites\/wp-json\/wp\/v2\/posts\/8102"}],"collection":[{"href":"https:\/\/vieassociative.be\/actualites\/wp-json\/wp\/v2\/posts"}],"about":[{"href":"https:\/\/vieassociative.be\/actualites\/wp-json\/wp\/v2\/types\/post"}],"author":[{"embeddable":true,"href":"https:\/\/vieassociative.be\/actualites\/wp-json\/wp\/v2\/users\/1"}],"replies":[{"embeddable":true,"href":"https:\/\/vieassociative.be\/actualites\/wp-json\/wp\/v2\/comments?post=8102"}],"version-history":[{"count":0,"href":"https:\/\/vieassociative.be\/actualites\/wp-json\/wp\/v2\/posts\/8102\/revisions"}],"wp:featuredmedia":[{"embeddable":true,"href":"https:\/\/vieassociative.be\/actualites\/wp-json\/wp\/v2\/media\/8103"}],"wp:attachment":[{"href":"https:\/\/vieassociative.be\/actualites\/wp-json\/wp\/v2\/media?parent=8102"}],"wp:term":[{"taxonomy":"category","embeddable":true,"href":"https:\/\/vieassociative.be\/actualites\/wp-json\/wp\/v2\/categories?post=8102"},{"taxonomy":"post_tag","embeddable":true,"href":"https:\/\/vieassociative.be\/actualites\/wp-json\/wp\/v2\/tags?post=8102"}],"curies":[{"name":"wp","href":"https:\/\/api.w.org\/{rel}","templated":true}]}}