{"id":8100,"date":"2025-06-10T16:18:04","date_gmt":"2025-06-10T14:18:04","guid":{"rendered":"https:\/\/vieassociative.be\/actualites\/temperatures-augmentant-avec-plus-de-30-degres-vendredi\/"},"modified":"2025-06-10T16:18:04","modified_gmt":"2025-06-10T14:18:04","slug":"temperatures-augmentant-avec-plus-de-30-degres-vendredi","status":"publish","type":"post","link":"https:\/\/vieassociative.be\/actualites\/temperatures-augmentant-avec-plus-de-30-degres-vendredi\/","title":{"rendered":"Temp\u00e9ratures augmentant avec plus de 30 degr\u00e9s vendredi"},"content":{"rendered":"<p><strong>Temp\u00e9ratures augmentant en Belgique. Vendredi, environ 30 degr\u00e9s sont attendus. Jusque-l\u00e0, cependant, vous devez toujours vous attendre \u00e0 des nuages.<\/strong><\/p>\n<p><span id=\"more-417432\"><\/span>Mardi, la couverture nuageuse augmente de la c\u00f4te, avec une pluie l\u00e9g\u00e8re ou une bruine dans l&rsquo;apr\u00e8s-midi dans le bas de la Belgique et la mittelbelgia. Dans l&rsquo;extr\u00eame sud et sud-est, des \u00e9claircissements sont toujours possibles dans l&rsquo;apr\u00e8s-midi. Les temp\u00e9ratures maximales se situent entre 17 degr\u00e9s dans le Venn \u00e9lev\u00e9, environ 19 \u00e0 20 degr\u00e9s au centre et 22 degr\u00e9s en belge-lorraine.<\/p>\n<p>Mercredi matin, un grand point culminant peut \u00eatre attendu dans la plupart des r\u00e9gions, avec un brouillard local ou un risque sombre. Pendant la journ\u00e9e, il reste g\u00e9n\u00e9ralement ensoleill\u00e9, dans des endroits avec plus de nuages. <\/p>\n<\/p>\n<div id=\"attachment_110670\" class=\"wp-caption alignleft\" style=\"max-width: 300px\"><img fetchpriority=\"high\" decoding=\"async\" class=\"wp-image-110670 size-medium\" src=\"https:\/\/vieassociative.be\/actualites\/wp-content\/uploads\/2025\/06\/Temperatures-augmentant-avec-plus-de-30-degres-vendredi.jpeg\" alt=\"\" width=\"300\" height=\"200\"  ><\/p>\n<p class=\"wp-caption-text\">Photo: Shutterstock<\/p>\n<\/div>\n<p>Les temp\u00e9ratures maximales atteignent 19 \u00e0 24 degr\u00e9s avec un vent oriental faible \u00e0 mod\u00e9r\u00e9. Une brise maritime du nord-est peut se produire sur la c\u00f4te l&rsquo;apr\u00e8s-midi.<\/p>\n<p>Il devient ensoleill\u00e9 et tr\u00e8s chaud jeudi. \u00c0 la fin de la journ\u00e9e, les nuages, ce qui peut entra\u00eener des averses (comme la temp\u00eate) localement. Les temp\u00e9ratures maximales se situent entre 25 et 29 degr\u00e9s. Le vent souffle mod\u00e9r\u00e9ment de l&rsquo;est au sud-est et devient faible et modifiable le soir.<\/p>\n<p>Vendredi, il reste assez ensoleill\u00e9 et chaud. Les temp\u00e9ratures maximales se situent entre 26 degr\u00e9s sur la c\u00f4te et 32 \u200b\u200bdegr\u00e9s \u00e0 l&rsquo;int\u00e9rieur du pays. Le vent souffle g\u00e9n\u00e9ralement faiblement de diff\u00e9rentes directions ou du sud-est. Une brise marine appara\u00eet sur la c\u00f4te. Vendredi soir ou la nuit suivante, il y a \u00e0 nouveau le risque de quelques averses locales (\u00e9ventuellement d\u00e9penser).<\/p>\n","protected":false},"excerpt":{"rendered":"<p>Temp\u00e9ratures augmentant en Belgique. Vendredi, environ 30 degr\u00e9s sont attendus. Jusque-l\u00e0, cependant, vous devez toujours vous attendre \u00e0 des nuages. Mardi, la couverture nuageuse augmente<\/p>\n","protected":false},"author":1,"featured_media":8101,"comment_status":"","ping_status":"","sticky":false,"template":"","format":"standard","meta":{"footnotes":""},"categories":[298],"tags":[7359,61,1739,4314,252],"class_list":["post-8100","post","type-post","status-publish","format-standard","has-post-thumbnail","hentry","category-belgique","tag-augmentant","tag-avec","tag-degres","tag-temperatures","tag-vendredi","generate-columns","tablet-grid-50","mobile-grid-100","grid-parent","grid-33"],"yoast_head":"<!-- This site is optimized with the Yoast SEO plugin v24.0 - https:\/\/yoast.com\/wordpress\/plugins\/seo\/ -->\n<title>Temp\u00e9ratures augmentant avec plus de 30 degr\u00e9s vendredi | Vie Associative<\/title>\n<meta name=\"robots\" content=\"index, follow, max-snippet:-1, max-image-preview:large, max-video-preview:-1\" \/>\n<link rel=\"canonical\" href=\"https:\/\/vieassociative.be\/actualites\/temperatures-augmentant-avec-plus-de-30-degres-vendredi\/\" \/>\n<meta property=\"og:locale\" content=\"fr_FR\" \/>\n<meta property=\"og:type\" content=\"article\" \/>\n<meta property=\"og:title\" content=\"Temp\u00e9ratures augmentant avec plus de 30 degr\u00e9s vendredi | Vie Associative\" \/>\n<meta property=\"og:description\" content=\"Temp\u00e9ratures augmentant en Belgique. Vendredi, environ 30 degr\u00e9s sont attendus. Jusque-l\u00e0, cependant, vous devez toujours vous attendre \u00e0 des nuages. Mardi, la couverture nuageuse augmente\" \/>\n<meta property=\"og:url\" content=\"https:\/\/vieassociative.be\/actualites\/temperatures-augmentant-avec-plus-de-30-degres-vendredi\/\" \/>\n<meta property=\"og:site_name\" content=\"Vie Associative\" \/>\n<meta property=\"article:published_time\" content=\"2025-06-10T14:18:04+00:00\" \/>\n<meta property=\"og:image\" content=\"https:\/\/vieassociative.be\/actualites\/wp-content\/uploads\/2024\/09\/header_backgroundk-01-e1726694325946.png\" \/>\n\t<meta property=\"og:image:width\" content=\"279\" \/>\n\t<meta property=\"og:image:height\" content=\"92\" \/>\n\t<meta property=\"og:image:type\" content=\"image\/png\" \/>\n<meta name=\"author\" content=\"Julien\" \/>\n<meta name=\"twitter:card\" content=\"summary_large_image\" \/>\n<meta name=\"twitter:label1\" content=\"\u00c9crit par\" \/>\n\t<meta name=\"twitter:data1\" content=\"Julien\" \/>\n\t<meta name=\"twitter:label2\" content=\"Dur\u00e9e de lecture est.\" \/>\n\t<meta name=\"twitter:data2\" content=\"1 minute\" \/>\n<script type=\"application\/ld+json\" class=\"yoast-schema-graph\">{\"@context\":\"https:\/\/schema.org\",\"@graph\":[{\"@type\":\"Article\",\"@id\":\"https:\/\/vieassociative.be\/actualites\/temperatures-augmentant-avec-plus-de-30-degres-vendredi\/#article\",\"isPartOf\":{\"@id\":\"https:\/\/vieassociative.be\/actualites\/temperatures-augmentant-avec-plus-de-30-degres-vendredi\/\"},\"author\":{\"name\":\"Julien\",\"@id\":\"https:\/\/vieassociative.be\/actualites\/#\/schema\/person\/b87ac4f82f9d4e7b7cec7395b679edc4\"},\"headline\":\"Temp\u00e9ratures augmentant avec plus de 30 degr\u00e9s vendredi\",\"datePublished\":\"2025-06-10T14:18:04+00:00\",\"dateModified\":\"2025-06-10T14:18:04+00:00\",\"mainEntityOfPage\":{\"@id\":\"https:\/\/vieassociative.be\/actualites\/temperatures-augmentant-avec-plus-de-30-degres-vendredi\/\"},\"wordCount\":296,\"publisher\":{\"@id\":\"https:\/\/vieassociative.be\/actualites\/#organization\"},\"image\":{\"@id\":\"https:\/\/vieassociative.be\/actualites\/temperatures-augmentant-avec-plus-de-30-degres-vendredi\/#primaryimage\"},\"thumbnailUrl\":\"https:\/\/vieassociative.be\/actualites\/wp-content\/uploads\/2025\/06\/Temperatures-augmentant-avec-plus-de-30-degres-vendredi.jpg\",\"keywords\":[\"augmentant\",\"avec\",\"degr\u00e9s\",\"temp\u00e9ratures\",\"vendredi\"],\"articleSection\":[\"Belgique\"],\"inLanguage\":\"fr-BE\"},{\"@type\":\"WebPage\",\"@id\":\"https:\/\/vieassociative.be\/actualites\/temperatures-augmentant-avec-plus-de-30-degres-vendredi\/\",\"url\":\"https:\/\/vieassociative.be\/actualites\/temperatures-augmentant-avec-plus-de-30-degres-vendredi\/\",\"name\":\"Temp\u00e9ratures augmentant avec plus de 30 degr\u00e9s vendredi | Vie Associative\",\"isPartOf\":{\"@id\":\"https:\/\/vieassociative.be\/actualites\/#website\"},\"primaryImageOfPage\":{\"@id\":\"https:\/\/vieassociative.be\/actualites\/temperatures-augmentant-avec-plus-de-30-degres-vendredi\/#primaryimage\"},\"image\":{\"@id\":\"https:\/\/vieassociative.be\/actualites\/temperatures-augmentant-avec-plus-de-30-degres-vendredi\/#primaryimage\"},\"thumbnailUrl\":\"https:\/\/vieassociative.be\/actualites\/wp-content\/uploads\/2025\/06\/Temperatures-augmentant-avec-plus-de-30-degres-vendredi.jpg\",\"datePublished\":\"2025-06-10T14:18:04+00:00\",\"dateModified\":\"2025-06-10T14:18:04+00:00\",\"breadcrumb\":{\"@id\":\"https:\/\/vieassociative.be\/actualites\/temperatures-augmentant-avec-plus-de-30-degres-vendredi\/#breadcrumb\"},\"inLanguage\":\"fr-BE\",\"potentialAction\":[{\"@type\":\"ReadAction\",\"target\":[\"https:\/\/vieassociative.be\/actualites\/temperatures-augmentant-avec-plus-de-30-degres-vendredi\/\"]}]},{\"@type\":\"ImageObject\",\"inLanguage\":\"fr-BE\",\"@id\":\"https:\/\/vieassociative.be\/actualites\/temperatures-augmentant-avec-plus-de-30-degres-vendredi\/#primaryimage\",\"url\":\"https:\/\/vieassociative.be\/actualites\/wp-content\/uploads\/2025\/06\/Temperatures-augmentant-avec-plus-de-30-degres-vendredi.jpg\",\"contentUrl\":\"https:\/\/vieassociative.be\/actualites\/wp-content\/uploads\/2025\/06\/Temperatures-augmentant-avec-plus-de-30-degres-vendredi.jpg\",\"width\":1200,\"height\":800,\"caption\":\"Temp\u00e9ratures augmentant avec plus de 30 degr\u00e9s vendredi\"},{\"@type\":\"BreadcrumbList\",\"@id\":\"https:\/\/vieassociative.be\/actualites\/temperatures-augmentant-avec-plus-de-30-degres-vendredi\/#breadcrumb\",\"itemListElement\":[{\"@type\":\"ListItem\",\"position\":1,\"name\":\"Accueil\",\"item\":\"https:\/\/vieassociative.be\/actualites\/\"},{\"@type\":\"ListItem\",\"position\":2,\"name\":\"Temp\u00e9ratures augmentant avec plus de 30 degr\u00e9s vendredi\"}]},{\"@type\":\"WebSite\",\"@id\":\"https:\/\/vieassociative.be\/actualites\/#website\",\"url\":\"https:\/\/vieassociative.be\/actualites\/\",\"name\":\"Vie Associative\",\"description\":\"\",\"publisher\":{\"@id\":\"https:\/\/vieassociative.be\/actualites\/#organization\"},\"potentialAction\":[{\"@type\":\"SearchAction\",\"target\":{\"@type\":\"EntryPoint\",\"urlTemplate\":\"https:\/\/vieassociative.be\/actualites\/?s={search_term_string}\"},\"query-input\":{\"@type\":\"PropertyValueSpecification\",\"valueRequired\":true,\"valueName\":\"search_term_string\"}}],\"inLanguage\":\"fr-BE\"},{\"@type\":\"Organization\",\"@id\":\"https:\/\/vieassociative.be\/actualites\/#organization\",\"name\":\"Vie Associative\",\"url\":\"https:\/\/vieassociative.be\/actualites\/\",\"logo\":{\"@type\":\"ImageObject\",\"inLanguage\":\"fr-BE\",\"@id\":\"https:\/\/vieassociative.be\/actualites\/#\/schema\/logo\/image\/\",\"url\":\"https:\/\/vieassociative.be\/actualites\/wp-content\/uploads\/2024\/09\/cropped-vieassociative_favicon.ico.png\",\"contentUrl\":\"https:\/\/vieassociative.be\/actualites\/wp-content\/uploads\/2024\/09\/cropped-vieassociative_favicon.ico.png\",\"width\":512,\"height\":512,\"caption\":\"Vie Associative\"},\"image\":{\"@id\":\"https:\/\/vieassociative.be\/actualites\/#\/schema\/logo\/image\/\"}},{\"@type\":\"Person\",\"@id\":\"https:\/\/vieassociative.be\/actualites\/#\/schema\/person\/b87ac4f82f9d4e7b7cec7395b679edc4\",\"name\":\"Julien\",\"image\":{\"@type\":\"ImageObject\",\"inLanguage\":\"fr-BE\",\"@id\":\"https:\/\/vieassociative.be\/actualites\/#\/schema\/person\/image\/\",\"url\":\"https:\/\/vieassociative.be\/actualites\/wp-content\/uploads\/2024\/09\/vie-associative-1-150x150.jpg\",\"contentUrl\":\"https:\/\/vieassociative.be\/actualites\/wp-content\/uploads\/2024\/09\/vie-associative-1-150x150.jpg\",\"caption\":\"Julien\"},\"description\":\"Je suis Julien, r\u00e9dacteur pour Vie Associative. Passionn\u00e9 par le monde associatif depuis plus de 10 ans, j'ai \u00e0 c\u0153ur de partager des histoires inspirantes et de mettre en lumi\u00e8re les initiatives locales. Mon objectif est de sensibiliser et d'encourager l'engagement communautaire \u00e0 travers mes articles.\",\"sameAs\":[\"https:\/\/vieassociative.be\/\"]}]}<\/script>\n<!-- \/ Yoast SEO plugin. -->","yoast_head_json":{"title":"Temp\u00e9ratures augmentant avec plus de 30 degr\u00e9s vendredi | Vie Associative","robots":{"index":"index","follow":"follow","max-snippet":"max-snippet:-1","max-image-preview":"max-image-preview:large","max-video-preview":"max-video-preview:-1"},"canonical":"https:\/\/vieassociative.be\/actualites\/temperatures-augmentant-avec-plus-de-30-degres-vendredi\/","og_locale":"fr_FR","og_type":"article","og_title":"Temp\u00e9ratures augmentant avec plus de 30 degr\u00e9s vendredi | Vie Associative","og_description":"Temp\u00e9ratures augmentant en Belgique. Vendredi, environ 30 degr\u00e9s sont attendus. Jusque-l\u00e0, cependant, vous devez toujours vous attendre \u00e0 des nuages. Mardi, la couverture nuageuse augmente","og_url":"https:\/\/vieassociative.be\/actualites\/temperatures-augmentant-avec-plus-de-30-degres-vendredi\/","og_site_name":"Vie Associative","article_published_time":"2025-06-10T14:18:04+00:00","og_image":[{"width":279,"height":92,"url":"https:\/\/vieassociative.be\/actualites\/wp-content\/uploads\/2024\/09\/header_backgroundk-01-e1726694325946.png","type":"image\/png"}],"author":"Julien","twitter_card":"summary_large_image","twitter_misc":{"\u00c9crit par":"Julien","Dur\u00e9e de lecture est.":"1 minute"},"schema":{"@context":"https:\/\/schema.org","@graph":[{"@type":"Article","@id":"https:\/\/vieassociative.be\/actualites\/temperatures-augmentant-avec-plus-de-30-degres-vendredi\/#article","isPartOf":{"@id":"https:\/\/vieassociative.be\/actualites\/temperatures-augmentant-avec-plus-de-30-degres-vendredi\/"},"author":{"name":"Julien","@id":"https:\/\/vieassociative.be\/actualites\/#\/schema\/person\/b87ac4f82f9d4e7b7cec7395b679edc4"},"headline":"Temp\u00e9ratures augmentant avec plus de 30 degr\u00e9s vendredi","datePublished":"2025-06-10T14:18:04+00:00","dateModified":"2025-06-10T14:18:04+00:00","mainEntityOfPage":{"@id":"https:\/\/vieassociative.be\/actualites\/temperatures-augmentant-avec-plus-de-30-degres-vendredi\/"},"wordCount":296,"publisher":{"@id":"https:\/\/vieassociative.be\/actualites\/#organization"},"image":{"@id":"https:\/\/vieassociative.be\/actualites\/temperatures-augmentant-avec-plus-de-30-degres-vendredi\/#primaryimage"},"thumbnailUrl":"https:\/\/vieassociative.be\/actualites\/wp-content\/uploads\/2025\/06\/Temperatures-augmentant-avec-plus-de-30-degres-vendredi.jpg","keywords":["augmentant","avec","degr\u00e9s","temp\u00e9ratures","vendredi"],"articleSection":["Belgique"],"inLanguage":"fr-BE"},{"@type":"WebPage","@id":"https:\/\/vieassociative.be\/actualites\/temperatures-augmentant-avec-plus-de-30-degres-vendredi\/","url":"https:\/\/vieassociative.be\/actualites\/temperatures-augmentant-avec-plus-de-30-degres-vendredi\/","name":"Temp\u00e9ratures augmentant avec plus de 30 degr\u00e9s vendredi | Vie Associative","isPartOf":{"@id":"https:\/\/vieassociative.be\/actualites\/#website"},"primaryImageOfPage":{"@id":"https:\/\/vieassociative.be\/actualites\/temperatures-augmentant-avec-plus-de-30-degres-vendredi\/#primaryimage"},"image":{"@id":"https:\/\/vieassociative.be\/actualites\/temperatures-augmentant-avec-plus-de-30-degres-vendredi\/#primaryimage"},"thumbnailUrl":"https:\/\/vieassociative.be\/actualites\/wp-content\/uploads\/2025\/06\/Temperatures-augmentant-avec-plus-de-30-degres-vendredi.jpg","datePublished":"2025-06-10T14:18:04+00:00","dateModified":"2025-06-10T14:18:04+00:00","breadcrumb":{"@id":"https:\/\/vieassociative.be\/actualites\/temperatures-augmentant-avec-plus-de-30-degres-vendredi\/#breadcrumb"},"inLanguage":"fr-BE","potentialAction":[{"@type":"ReadAction","target":["https:\/\/vieassociative.be\/actualites\/temperatures-augmentant-avec-plus-de-30-degres-vendredi\/"]}]},{"@type":"ImageObject","inLanguage":"fr-BE","@id":"https:\/\/vieassociative.be\/actualites\/temperatures-augmentant-avec-plus-de-30-degres-vendredi\/#primaryimage","url":"https:\/\/vieassociative.be\/actualites\/wp-content\/uploads\/2025\/06\/Temperatures-augmentant-avec-plus-de-30-degres-vendredi.jpg","contentUrl":"https:\/\/vieassociative.be\/actualites\/wp-content\/uploads\/2025\/06\/Temperatures-augmentant-avec-plus-de-30-degres-vendredi.jpg","width":1200,"height":800,"caption":"Temp\u00e9ratures augmentant avec plus de 30 degr\u00e9s vendredi"},{"@type":"BreadcrumbList","@id":"https:\/\/vieassociative.be\/actualites\/temperatures-augmentant-avec-plus-de-30-degres-vendredi\/#breadcrumb","itemListElement":[{"@type":"ListItem","position":1,"name":"Accueil","item":"https:\/\/vieassociative.be\/actualites\/"},{"@type":"ListItem","position":2,"name":"Temp\u00e9ratures augmentant avec plus de 30 degr\u00e9s vendredi"}]},{"@type":"WebSite","@id":"https:\/\/vieassociative.be\/actualites\/#website","url":"https:\/\/vieassociative.be\/actualites\/","name":"Vie Associative","description":"","publisher":{"@id":"https:\/\/vieassociative.be\/actualites\/#organization"},"potentialAction":[{"@type":"SearchAction","target":{"@type":"EntryPoint","urlTemplate":"https:\/\/vieassociative.be\/actualites\/?s={search_term_string}"},"query-input":{"@type":"PropertyValueSpecification","valueRequired":true,"valueName":"search_term_string"}}],"inLanguage":"fr-BE"},{"@type":"Organization","@id":"https:\/\/vieassociative.be\/actualites\/#organization","name":"Vie Associative","url":"https:\/\/vieassociative.be\/actualites\/","logo":{"@type":"ImageObject","inLanguage":"fr-BE","@id":"https:\/\/vieassociative.be\/actualites\/#\/schema\/logo\/image\/","url":"https:\/\/vieassociative.be\/actualites\/wp-content\/uploads\/2024\/09\/cropped-vieassociative_favicon.ico.png","contentUrl":"https:\/\/vieassociative.be\/actualites\/wp-content\/uploads\/2024\/09\/cropped-vieassociative_favicon.ico.png","width":512,"height":512,"caption":"Vie Associative"},"image":{"@id":"https:\/\/vieassociative.be\/actualites\/#\/schema\/logo\/image\/"}},{"@type":"Person","@id":"https:\/\/vieassociative.be\/actualites\/#\/schema\/person\/b87ac4f82f9d4e7b7cec7395b679edc4","name":"Julien","image":{"@type":"ImageObject","inLanguage":"fr-BE","@id":"https:\/\/vieassociative.be\/actualites\/#\/schema\/person\/image\/","url":"https:\/\/vieassociative.be\/actualites\/wp-content\/uploads\/2024\/09\/vie-associative-1-150x150.jpg","contentUrl":"https:\/\/vieassociative.be\/actualites\/wp-content\/uploads\/2024\/09\/vie-associative-1-150x150.jpg","caption":"Julien"},"description":"Je suis Julien, r\u00e9dacteur pour Vie Associative. Passionn\u00e9 par le monde associatif depuis plus de 10 ans, j'ai \u00e0 c\u0153ur de partager des histoires inspirantes et de mettre en lumi\u00e8re les initiatives locales. Mon objectif est de sensibiliser et d'encourager l'engagement communautaire \u00e0 travers mes articles.","sameAs":["https:\/\/vieassociative.be\/"]}]}},"_links":{"self":[{"href":"https:\/\/vieassociative.be\/actualites\/wp-json\/wp\/v2\/posts\/8100"}],"collection":[{"href":"https:\/\/vieassociative.be\/actualites\/wp-json\/wp\/v2\/posts"}],"about":[{"href":"https:\/\/vieassociative.be\/actualites\/wp-json\/wp\/v2\/types\/post"}],"author":[{"embeddable":true,"href":"https:\/\/vieassociative.be\/actualites\/wp-json\/wp\/v2\/users\/1"}],"replies":[{"embeddable":true,"href":"https:\/\/vieassociative.be\/actualites\/wp-json\/wp\/v2\/comments?post=8100"}],"version-history":[{"count":0,"href":"https:\/\/vieassociative.be\/actualites\/wp-json\/wp\/v2\/posts\/8100\/revisions"}],"wp:featuredmedia":[{"embeddable":true,"href":"https:\/\/vieassociative.be\/actualites\/wp-json\/wp\/v2\/media\/8101"}],"wp:attachment":[{"href":"https:\/\/vieassociative.be\/actualites\/wp-json\/wp\/v2\/media?parent=8100"}],"wp:term":[{"taxonomy":"category","embeddable":true,"href":"https:\/\/vieassociative.be\/actualites\/wp-json\/wp\/v2\/categories?post=8100"},{"taxonomy":"post_tag","embeddable":true,"href":"https:\/\/vieassociative.be\/actualites\/wp-json\/wp\/v2\/tags?post=8100"}],"curies":[{"name":"wp","href":"https:\/\/api.w.org\/{rel}","templated":true}]}}