{"id":8097,"date":"2025-06-10T15:24:14","date_gmt":"2025-06-10T13:24:14","guid":{"rendered":"https:\/\/vieassociative.be\/actualites\/12-podcasts-dinterview-intimes-pour-remplacer-wtf-par-marc-maron-dans-votre-flux\/"},"modified":"2025-06-10T15:24:14","modified_gmt":"2025-06-10T13:24:14","slug":"12-podcasts-dinterview-intimes-pour-remplacer-wtf-par-marc-maron-dans-votre-flux","status":"publish","type":"post","link":"https:\/\/vieassociative.be\/actualites\/12-podcasts-dinterview-intimes-pour-remplacer-wtf-par-marc-maron-dans-votre-flux\/","title":{"rendered":"12 podcasts d&rsquo;interview intimes pour remplacer \u00abWTF par Marc Maron\u00bb dans votre flux"},"content":{"rendered":"<div class=\"mt-4 leading-6 md:mb-8\">Si la fin imminente de \u00abWTF\u00bb vous demande de demander WTF, ces \u00e9missions peuvent aider \u00e0 combler le vide.<\/div>\n<p><\/p>\n<p>En juin 2025, Marc Maron a annonc\u00e9 qu&rsquo;il mettra fin \u00e0 son podcast d&rsquo;interview bien-aim\u00e9 <em>WTF avec Marc Maron<\/em> apr\u00e8s 16 ans et 1 600 \u00e9pisodes. Le spectacle est devenu un aliment de base pour la capacit\u00e9 de Maron \u00e0 obtenir des personnalit\u00e9s notables du pr\u00e9sident de l&rsquo;\u00e9poque, Barack Obama, \u00e0 feu Robin Williams pour ouvrir et partager des d\u00e9tails intimes de leur vie, et nous manquera beaucoup. <\/p>\n<p>Bien qu&rsquo;il n&rsquo;y en ait qu&rsquo;un seul <em>WTF<\/em>les auditeurs de longue date n&rsquo;ont pas besoin d&rsquo;\u00eatre \u00e0 perte totale pour les chats de c\u00e9l\u00e9brit\u00e9s intimes voici 12 suggestions pour d&rsquo;autres podcasts qui peuvent aider \u00e0 combler le vide.<\/p>\n<h2 id=\"the-blindboy-podcast\"><em>Le podcast Blindboy<\/em><\/h2>\n<div class=\"eloquent-imagery-image\">\n<div class=\"flex justify-center\">\n                    <img decoding=\"async\" class=\"border border-gray-100\" src=\"https:\/\/vieassociative.be\/actualites\/wp-content\/uploads\/2025\/06\/12-podcasts-dinterview-intimes-pour-remplacer-WTF-par-Marc-Maron.jpg\" alt=\"Logo de podcast\" width=\"2000\" height=\"2000\" loading=\"lazy\"  >\n            <\/div>\n<\/p><\/div>\n<p>Si vous avez envie d&rsquo;interviews qui ont l&rsquo;impression de se produire dans le coin Dozy et Dozy d&rsquo;un pub \u00e0 2 heures du matin, <strong><em>Le podcast Blindboy<\/em><\/strong>  d\u00e9livre. Il d\u00e9sarme les invit\u00e9s avec son humour surr\u00e9aliste et sa douce curiosit\u00e9, puis les m\u00e8ne \u00e0 des conversations brutes et vuln\u00e9rables qui se d\u00e9roulent comme des s\u00e9ances de th\u00e9rapie. C&rsquo;est bizarre, c&rsquo;est sage, c&rsquo;est profond\u00e9ment humain. Tous les \u00e9pisodes ne sont pas des interviews, mais tous les \u00e9pisodes ont des moments qui se sentent acad\u00e9miques, philosophiques et pleins de c\u0153ur. Blindboy arrive au c\u0153ur de ses invit\u00e9s d&rsquo;une mani\u00e8re que personne d&rsquo;autre ne peut &#8211; et il est clair qu&rsquo;il n&rsquo;interviewe que des gens \u00e0 qui il veut vraiment parler.<\/p>\n<h2 id=\"kelly-corrigan-wonders\"><em>Kelly Corrigan se demande<\/em><\/h2>\n<div class=\"eloquent-imagery-image\">\n<div class=\"flex justify-center\">\n                    <img decoding=\"async\" class=\"border border-gray-100\" src=\"https:\/\/vieassociative.be\/actualites\/wp-content\/uploads\/2025\/06\/1749561852_646_12-podcasts-dinterview-intimes-pour-remplacer-WTF-par-Marc-Maron.jpg\" alt=\"Logo de podcast\" width=\"2000\" height=\"2000\" loading=\"lazy\"  >\n            <\/div>\n<\/p><\/div>\n<p>Faire la queue d&rsquo;un \u00e9pisode de <strong><em>Kelly Corrigan se demande<\/em><\/strong>  C&rsquo;est comme composer votre ami le plus intelligent, le plus dr\u00f4le et le plus sondent. Dans chaque \u00e9pisode, Kelly m\u00e9lange la curiosit\u00e9, la vuln\u00e9rabilit\u00e9 et cette rare honn\u00eatet\u00e9 qui vous donne l&rsquo;impression d&rsquo;\u00e9couter. C&rsquo;est en partie une th\u00e9rapie, une partie de la narration et tout c\u0153ur. Kelly a un cadeau pour poser des questions qui vont au-del\u00e0 de la surface &#8211; les interviews se sentent souvent plus comme des v\u00e9rifications de niveau d&rsquo;\u00e2me que les ailes sonores. Kelly ne craint pas les sujets durs (perte, avortement, parents vieillissants) mais est toujours capable de vous faire sentir vu, apais\u00e9 et un peu mieux dans le fait d&rsquo;\u00eatre humain.<\/p>\n<h2 id=\"death-sex-amp-money\"><em>Mort, sexe et argent<\/em><\/h2>\n<div class=\"eloquent-imagery-image\">\n<div class=\"flex justify-center\">\n                    <img decoding=\"async\" class=\"border border-gray-100\" src=\"https:\/\/vieassociative.be\/actualites\/wp-content\/uploads\/2025\/06\/12-podcasts-dinterview-intimes-pour-remplacer-WTF-par-Marc-Maron.png\" alt=\"Logo de podcast\" width=\"2000\" height=\"2000\" loading=\"lazy\"  >\n            <\/div>\n<\/p><\/div>\n<p>Anna Sale a commenc\u00e9<em> <strong>Mort, sexe et argent<\/strong><\/em>  En 2017, apr\u00e8s avoir r\u00e9alis\u00e9 d&rsquo;autres \u00e9missions d&rsquo;interview, a souvent \u00e9vit\u00e9 les questions les plus difficiles mais les plus int\u00e9ressantes sur la nature humaine. Elle a donc commenc\u00e9 une \u00e9mission \u00e0 ce sujet &#8211; les \u00e9pisodes vont \u00e0 des endroits qu&rsquo;aucun autre spectacle n&rsquo;aura lieu quand il s&rsquo;agit de mort (Anna parle \u00e0 un homme dont le p\u00e8re a volontairement cess\u00e9 de manger et de boire, de mettre fin \u00e0 sa vie), de sexe (pourquoi une femme a quitt\u00e9 son mariage polyamoureusement) et de l&rsquo;argent (l&rsquo;\u00e9pisode pr\u00e9f\u00e9r\u00e9 de cet \u00e9crivain, une interview avec quelqu&rsquo;un qui vole). Anna est douce et directe, encourageant ses invit\u00e9s \u00e0 parler ouvertement des choses qu&rsquo;on nous a dit de ne pas \u00e9lever \u00e0 la table du d\u00eener. <\/p>\n<h2 id=\"how-to-fail\"><em>Comment \u00e9chouer<\/em><\/h2>\n<div class=\"eloquent-imagery-image\">\n<div class=\"flex justify-center\">\n                    <img decoding=\"async\" class=\"border border-gray-100\" src=\"https:\/\/vieassociative.be\/actualites\/wp-content\/uploads\/2025\/06\/1749561852_538_12-podcasts-dinterview-intimes-pour-remplacer-WTF-par-Marc-Maron.jpg\" alt=\"Logo de podcast\" width=\"2000\" height=\"2000\" loading=\"lazy\"  >\n            <\/div>\n<\/p><\/div>\n<p>Demander \u00e0 quelqu&rsquo;un ce qui a mal tourn\u00e9 dans sa vie est peut-\u00eatre le chemin le plus rapide (et le plus inconfortable) vers l&rsquo;intimit\u00e9. \u00c0 chaque \u00e9pisode de <strong><em>Comment \u00e9chouer<\/em><\/strong>la journaliste Elizabeth Day demande \u00e0 son invit\u00e9 de nous guider \u00e0 travers trois \u00e9checs qu&rsquo;ils ont connus, de les recadrer en tant qu&rsquo;\u00e9v\u00e9nements qui les ont aid\u00e9s \u00e0 \u00eatre de meilleures personnes ou \u00e0 vivre une vie meilleure (finalement, au moins). Elizabeth cr\u00e9e une chimie magique avec tous ses invit\u00e9s, y compris Phoebe Waller-Bridge, Mo Gawdat et Brene Brown. L&rsquo;objectif n&rsquo;est pas des hacks ou des conseils, mais d\u00e9baller les erreurs et regrette que ces personnes ont pu surmonter, et comment. <\/p>\n<h2 id=\"i-feel-that-way-too\"><em>Je ressens \u00e7a aussi<\/em><\/h2>\n<div class=\"eloquent-imagery-image\">\n<div class=\"flex justify-center\">\n                    <img decoding=\"async\" class=\"border border-gray-100\" src=\"https:\/\/vieassociative.be\/actualites\/wp-content\/uploads\/2025\/06\/1749561852_601_12-podcasts-dinterview-intimes-pour-remplacer-WTF-par-Marc-Maron.jpg\" alt=\"Logo de podcast\" width=\"2000\" height=\"2000\" loading=\"lazy\"  >\n            <\/div>\n<\/p><\/div>\n<p>La mission de l&rsquo;auteur prim\u00e9e Michelle Mijung Kim est de faire en sorte que les gens se sentent voir &#8211; son podcast <strong><em>Je ressens \u00e7a aussi<\/em><\/strong>  Est-ce que tout sur les grandes questions d\u00e9sordonn\u00e9es que nous ne posons g\u00e9n\u00e9ralement pas \u00e0 haute voix, comme: \u00abPourquoi tant de femmes asiatiques avec des hommes blancs?\u00bb Et \u00ab\u00a0Suis-je vraiment cens\u00e9 dormir avec une seule personne pour toujours?\u00a0\u00bb Pense <em>Nous pouvons faire des choses difficiles<\/em> ou <em>Mort, sexe et argent<\/em>mais \u00e0 travers l&rsquo;objectif d&rsquo;une femme cor\u00e9enne am\u00e9ricaine queer qui m\u00e8ne avec une vuln\u00e9rabilit\u00e9 radicale.<\/p>\n<h2 id=\"good-hang-with-amy-poehler\"><em>Bon accrochage avec Amy Poehler<\/em><\/h2>\n<div class=\"eloquent-imagery-image\">\n<div class=\"flex justify-center\">\n                    <img decoding=\"async\" class=\"border border-gray-100\" src=\"https:\/\/vieassociative.be\/actualites\/wp-content\/uploads\/2025\/06\/1749561853_56_12-podcasts-dinterview-intimes-pour-remplacer-WTF-par-Marc-Maron.jpg\" alt=\"Logo de podcast\" width=\"2000\" height=\"2000\" loading=\"lazy\"  >\n            <\/div>\n<\/p><\/div>\n<p><strong><em>Bon pend<\/em><\/strong>  est idiot et amusant et entre dans moins de moments profonds que<em> WTF<\/em>mais la candeur et l&rsquo;honn\u00eatet\u00e9 d&rsquo;Amy Poehler avec ses invit\u00e9s font que ce podcast se sent particuli\u00e8rement intime et assez diff\u00e9rent de la plupart des autres podcasts d&rsquo;interview de c\u00e9l\u00e9brit\u00e9s. Cela ressemble au c\u0153ur \u00e0 c\u0153ur de fin de soir\u00e9e dont vous ne saviez pas que vous aviez besoin. Il y a des moments sournois vuln\u00e9rables &#8211; vous vous pr\u00e9sentez pour les rires et restez pour les v\u00e9rit\u00e9s \u00e9motionnelles inattendues. Si vous \u00eates dans des podcasts qui ressemblent \u00e0 un ami doucement (ou pas si bien) en train de tirer le rideau, celui-ci est pour vous. <\/p>\n<h2 id=\"blocks\"><em>Blocs<\/em><\/h2>\n<div class=\"eloquent-imagery-image\">\n<div class=\"flex justify-center\">\n                    <img decoding=\"async\" class=\"border border-gray-100\" src=\"https:\/\/vieassociative.be\/actualites\/wp-content\/uploads\/2025\/06\/1749561853_911_12-podcasts-dinterview-intimes-pour-remplacer-WTF-par-Marc-Maron.png\" alt=\"Logo de podcast\" width=\"2000\" height=\"2000\" loading=\"lazy\"  >\n            <\/div>\n<\/p><\/div>\n<p>Si vous avez envie d&rsquo;interviews qui vont au-del\u00e0 du bavardage promotionnel de c\u00e9l\u00e9brit\u00e9 habituel, Neal Brennan <strong><em>Blocs<\/em><\/strong>  est un incontournable. Ce n&rsquo;est pas seulement dr\u00f4le &#8211; c&rsquo;est inconfortablement honn\u00eate. Brennan demande aux invit\u00e9s de partager les \u00abblocs\u00bb \u00e9motionnels qui g\u00e2chent leur vie (pensez: honte, ego, d\u00e9pendance), et ce qui se d\u00e9roule ressemble plus \u00e0 une th\u00e9rapie qu&rsquo;\u00e0 un talk-show. <\/p>\n<div class=\"pogoClear relative my-10 border-b-(1.5px) border-t-(1.5px) border-dashed border-black py-5 sm:my-14 sm:border-0 sm:py-0\" data-ga-click data-ga-template=\"Opinions\" data-ga-module=\"openweb_widget\" data-ga-element=\"openweb_scroll\" data-ga-item=\"openweb_scroll_midpage\" x-data=\"{\n         commentsCount: null,\n         hasComments: false,\n         async fetchCommentsCount() {\n             try {\n                 if (window.openweb &amp;&amp; typeof window.openweb.getMessagesCount === 'function') {\n                     this.commentsCount = await window.openweb.getMessagesCount('01JXAGNNDR3RCDJ000VGY35RZ6');\n                     this.hasComments = this.commentsCount !== null &amp;&amp; this.commentsCount &gt; 0;\n                 }\n             } catch (e) {\n                 console.warn('Failed to fetch comment count:', e);\n             }\n         }\n     }\" x-init=\"fetchCommentsCount()\" x-cloak><\/p>\n<div class=\"absolute top-1\/2 hidden w-full -translate-y-1\/2 border-t-(1.5px) border-dashed border-black sm:block\"><\/div>\n<div class=\"relative flex justify-center\">\n<div class=\"flex max-w-fit items-center gap-x-3 bg-white px-5\">\n<div class=\"relative\">\n                <span class=\"absolute left-1\/2 top-1\/2 -translate-x-1\/2 -translate-y-1\/2 font-akshar text-sm font-medium text-black\" aria-live=\"polite\" x-show=\"hasComments\" x-text=\"commentsCount\"><\/span><\/p>\n<p>                <svg class=\"h-8 w-8 text-black\" role=\"img\" aria-hidden=\"true\">\n                    <use href=\"http:\/\/lifehacker.com\/images\/icons\/spritemap.svg#sprite-chat-bubble\"><\/use>\n                <\/svg>\n            <\/div>\n<p>            <span class=\"text-sm font-medium text-black\"><\/p>\n<p>                Que pensez-vous jusqu&rsquo;\u00e0 pr\u00e9sent?<br \/>\n                <button class=\"ml-1 font-semibold text-brand-green underline hover:text-brand-green-700\" type=\"button\" aria-label=\"Comment section trigger\" onclick=\"window.openweb.scrollToComments('01JXAGNNDR3RCDJ000VGY35RZ6')\" x-text=\"hasComments ? 'Post a comment.' : 'Be the first to post a comment.'\"><\/button><br \/>\n            <\/span>\n        <\/div>\n<\/p><\/div>\n<\/div>\n<h2 id=\"therapy-for-black-girls\"><em>Th\u00e9rapie pour les filles noires<\/em><\/h2>\n<div class=\"eloquent-imagery-image\">\n<div class=\"flex justify-center\">\n                    <img decoding=\"async\" class=\"border border-gray-100\" src=\"https:\/\/vieassociative.be\/actualites\/wp-content\/uploads\/2025\/06\/1749561853_241_12-podcasts-dinterview-intimes-pour-remplacer-WTF-par-Marc-Maron.jpg\" alt=\"Logo de podcast\" width=\"2000\" height=\"2000\" loading=\"lazy\"  >\n            <\/div>\n<\/p><\/div>\n<p>Sur <strong><em>Th\u00e9rapie pour les filles noires<\/em><\/strong><em>,<\/em> Le Dr Joy Harden Bradford, psychologue agr\u00e9\u00e9 \u00e0 Atlanta, couvre la sant\u00e9 mentale, le d\u00e9veloppement personnel et l&rsquo;exploration des petits changements que nous pouvons apporter pour devenir la meilleure version possible de nous-m\u00eames, avec l&rsquo;exp\u00e9rience des femmes de couleur au premier plan. Que le sujet soit le travail, l&rsquo;amiti\u00e9, l&rsquo;argent ou la compr\u00e9hension du trouble affectif saisonnier, le Dr Joy est l\u00e0 pour expliquer ces exp\u00e9riences \u00e0 travers une lentille noire. <\/p>\n<h2 id=\"where-should-we-begin\"><em>O\u00f9 devons-nous commencer?<\/em><\/h2>\n<div class=\"eloquent-imagery-image\">\n<div class=\"flex justify-center\">\n                    <img decoding=\"async\" class=\"border border-gray-100\" src=\"https:\/\/vieassociative.be\/actualites\/wp-content\/uploads\/2025\/06\/1749561853_254_12-podcasts-dinterview-intimes-pour-remplacer-WTF-par-Marc-Maron.jpg\" alt=\"Logo de podcast\" width=\"2000\" height=\"2000\" loading=\"lazy\"  >\n            <\/div>\n<\/p><\/div>\n<p>Sur <strong><em>O\u00f9 devons-nous commencer?<\/em><\/strong>la psychoth\u00e9rapeute renomm\u00e9e Esther Perel vous permet d&rsquo;\u00eatre une mouche sur le mur \u00e0 l&rsquo;int\u00e9rieur de son bureau pour \u00e9couter une v\u00e9ritable s\u00e9ance de conseil d&rsquo;un couple. Vous entendrez tout sur leur relation &#8211; tous les d\u00e9tails bruts et intimes. Les conseils d&rsquo;Esther sont \u00e0 la fois philosophiques et r\u00e9fl\u00e9chissants, dynamiques et engageants, et directs mais doux. Elle est ax\u00e9e sur la solution, ax\u00e9e sur l&rsquo;aide \u00e0 ces couples, qui viennent vers elle pour obtenir de l&rsquo;aide avec l&rsquo;infid\u00e9lit\u00e9, le d\u00e9sir et le divorce. <\/p>\n<h2 id=\"on-being\"><em>Sur le fait d&rsquo;\u00eatre<\/em><\/h2>\n<div class=\"eloquent-imagery-image\">\n<div class=\"flex justify-center\">\n                    <img decoding=\"async\" class=\"border border-gray-100\" src=\"https:\/\/vieassociative.be\/actualites\/wp-content\/uploads\/2025\/06\/1749561853_361_12-podcasts-dinterview-intimes-pour-remplacer-WTF-par-Marc-Maron.jpg\" alt=\"Logo de podcast\" width=\"2000\" height=\"2000\" loading=\"lazy\"  >\n            <\/div>\n<\/p><\/div>\n<p>Si vous avez envie d&rsquo;interviews qui ressemblent \u00e0 une tasse de th\u00e9 chaude pour calmer votre effort existentiel, <strong><em>Sur le fait d&rsquo;\u00eatre<\/em><\/strong>  est votre go-to. Krista Tippett ne se contente pas de poser des questions &#8211; elle invite les gens \u00e0 amener toute leur \u00e2me \u00e0 des conversations remplies de questions non googl\u00e9ables sur la foi, le chagrin, la joie et le sens de la vie. <\/p>\n<h2 id=\"talk-easy\"><em>Parler facile<\/em><\/h2>\n<div class=\"eloquent-imagery-image\">\n<div class=\"flex justify-center\">\n                    <img decoding=\"async\" class=\"border border-gray-100\" src=\"https:\/\/vieassociative.be\/actualites\/wp-content\/uploads\/2025\/06\/1749561853_217_12-podcasts-dinterview-intimes-pour-remplacer-WTF-par-Marc-Maron.png\" alt=\"Logo de podcast\" width=\"2000\" height=\"2000\" loading=\"lazy\"  >\n            <\/div>\n<\/p><\/div>\n<p>Sur <strong><em>Parler facile<\/em><\/strong>Sam Fragoso a des conversations r\u00e9fl\u00e9chies et longues qui ne ressemblent pas \u00e0 des interviews, mais des plongements profonds dans l&rsquo;esprit des artistes, militants et politiciens de ses invit\u00e9s. (Sam passe de s&rsquo;asseoir avec le membre du Congr\u00e8s de la premi\u00e8re g\u00e9n\u00e9ration Z pour discuter de sa lutte pour la r\u00e9forme des armes \u00e0 feu pour obtenir un th\u00e9 avec Amelia Dimoldenberg de<em> Date de la boutique de poulet.<\/em>) Chaque conversation a un arc narratif. Sam est curieux et empathique, il fait ses recherches et il s&rsquo;int\u00e9resse non seulement \u00e0 des r\u00e9ponses simples, mais \u00e0 l&rsquo;histoire compl\u00e8te.<\/p>\n<h2 id=\"from-now-on\"><em>D\u00e9sormais<\/em><\/h2>\n<div class=\"eloquent-imagery-image\">\n<div class=\"flex justify-center\">\n                    <img decoding=\"async\" class=\"border border-gray-100\" src=\"https:\/\/vieassociative.be\/actualites\/wp-content\/uploads\/2025\/06\/1749561854_509_12-podcasts-dinterview-intimes-pour-remplacer-WTF-par-Marc-Maron.jpg\" alt=\"Logo de podcast\" width=\"2000\" height=\"2000\" loading=\"lazy\"  >\n            <\/div>\n<\/p><\/div>\n<p><strong><em>D\u00e9sormais<\/em><\/strong><em> <\/em>est h\u00e9berg\u00e9 par Lisa Phillips, un ancien mod\u00e8le et scout de talent actuel qui a navigu\u00e9 dans les complexit\u00e9s de l&rsquo;industrie du divertissement. Lisa est \u00e9galement, surtout, une survivante de Jeffrey Epstein. Ce podcast plonge t\u00eate la premi\u00e8re dans les histoires d&rsquo;abus et de r\u00e9tablissement. Selon une survivante empathique, Lisa est l&rsquo;h\u00f4te parfait. Bien que cela ne ressemble pas \u00e0 un v\u00e9ritable crime ou \u00e0 un podcast d&rsquo;investigation \u00e0 la surface, il a eu un impact r\u00e9el: \u00e0 cause de cela, plusieurs femmes qui ont \u00e9t\u00e9 agress\u00e9es par le m\u00eame homme de la m\u00eame mani\u00e8re se sont manifest\u00e9es et ont cr\u00e9dit\u00e9 l&rsquo;\u00e9mission pour leur avoir donn\u00e9 le courage. <\/p>\n","protected":false},"excerpt":{"rendered":"<p>Si la fin imminente de \u00abWTF\u00bb vous demande de demander WTF, ces \u00e9missions peuvent aider \u00e0 combler le vide. En juin 2025, Marc Maron a<\/p>\n","protected":false},"author":1,"featured_media":8098,"comment_status":"","ping_status":"","sticky":false,"template":"","format":"standard","meta":{"footnotes":""},"categories":[36],"tags":[166,253,34,7356,6991,7358,676,158,81,1452,8,7357],"class_list":["post-8097","post","type-post","status-publish","format-standard","has-post-thumbnail","hentry","category-divertissement","tag-dans","tag-dinterview","tag-flux","tag-intimes","tag-marc","tag-maron","tag-par","tag-podcasts","tag-pour","tag-remplacer","tag-votre","tag-wtf","generate-columns","tablet-grid-50","mobile-grid-100","grid-parent","grid-33"],"yoast_head":"<!-- This site is optimized with the Yoast SEO plugin v24.0 - https:\/\/yoast.com\/wordpress\/plugins\/seo\/ -->\n<title>12 podcasts d&#039;interview intimes pour remplacer \u00abWTF par Marc Maron\u00bb dans votre flux | Vie Associative<\/title>\n<meta name=\"robots\" content=\"index, follow, max-snippet:-1, max-image-preview:large, max-video-preview:-1\" \/>\n<link rel=\"canonical\" href=\"https:\/\/vieassociative.be\/actualites\/12-podcasts-dinterview-intimes-pour-remplacer-wtf-par-marc-maron-dans-votre-flux\/\" \/>\n<meta property=\"og:locale\" content=\"fr_FR\" \/>\n<meta property=\"og:type\" content=\"article\" \/>\n<meta property=\"og:title\" content=\"12 podcasts d&#039;interview intimes pour remplacer \u00abWTF par Marc Maron\u00bb dans votre flux | Vie Associative\" \/>\n<meta property=\"og:description\" content=\"Si la fin imminente de \u00abWTF\u00bb vous demande de demander WTF, ces \u00e9missions peuvent aider \u00e0 combler le vide. En juin 2025, Marc Maron a\" \/>\n<meta property=\"og:url\" content=\"https:\/\/vieassociative.be\/actualites\/12-podcasts-dinterview-intimes-pour-remplacer-wtf-par-marc-maron-dans-votre-flux\/\" \/>\n<meta property=\"og:site_name\" content=\"Vie Associative\" \/>\n<meta property=\"article:published_time\" content=\"2025-06-10T13:24:14+00:00\" \/>\n<meta property=\"og:image\" content=\"https:\/\/vieassociative.be\/actualites\/wp-content\/uploads\/2025\/06\/12-podcasts-dinterview-intimes-pour-remplacer-WTF-par-Marc-Maron.jpg\" \/>\n<meta name=\"author\" content=\"Julien\" \/>\n<meta name=\"twitter:card\" content=\"summary_large_image\" \/>\n<meta name=\"twitter:label1\" content=\"\u00c9crit par\" \/>\n\t<meta name=\"twitter:data1\" content=\"Julien\" \/>\n\t<meta name=\"twitter:label2\" content=\"Dur\u00e9e de lecture est.\" \/>\n\t<meta name=\"twitter:data2\" content=\"7 minutes\" \/>\n<script type=\"application\/ld+json\" class=\"yoast-schema-graph\">{\"@context\":\"https:\/\/schema.org\",\"@graph\":[{\"@type\":\"Article\",\"@id\":\"https:\/\/vieassociative.be\/actualites\/12-podcasts-dinterview-intimes-pour-remplacer-wtf-par-marc-maron-dans-votre-flux\/#article\",\"isPartOf\":{\"@id\":\"https:\/\/vieassociative.be\/actualites\/12-podcasts-dinterview-intimes-pour-remplacer-wtf-par-marc-maron-dans-votre-flux\/\"},\"author\":{\"name\":\"Julien\",\"@id\":\"https:\/\/vieassociative.be\/actualites\/#\/schema\/person\/b87ac4f82f9d4e7b7cec7395b679edc4\"},\"headline\":\"12 podcasts d&rsquo;interview intimes pour remplacer \u00abWTF par Marc Maron\u00bb dans votre flux\",\"datePublished\":\"2025-06-10T13:24:14+00:00\",\"dateModified\":\"2025-06-10T13:24:14+00:00\",\"mainEntityOfPage\":{\"@id\":\"https:\/\/vieassociative.be\/actualites\/12-podcasts-dinterview-intimes-pour-remplacer-wtf-par-marc-maron-dans-votre-flux\/\"},\"wordCount\":1504,\"publisher\":{\"@id\":\"https:\/\/vieassociative.be\/actualites\/#organization\"},\"image\":{\"@id\":\"https:\/\/vieassociative.be\/actualites\/12-podcasts-dinterview-intimes-pour-remplacer-wtf-par-marc-maron-dans-votre-flux\/#primaryimage\"},\"thumbnailUrl\":\"https:\/\/vieassociative.be\/actualites\/wp-content\/uploads\/2025\/06\/1749561855_12-podcasts-dinterview-intimes-pour-remplacer-WTF-par-Marc-Maron.png\",\"keywords\":[\"dans\",\"dinterview\",\"flux\",\"intimes\",\"Marc\",\"Maron\",\"par\",\"podcasts\",\"pour\",\"remplacer\",\"votre\",\"WTF\"],\"articleSection\":[\"Divertissement\"],\"inLanguage\":\"fr-BE\"},{\"@type\":\"WebPage\",\"@id\":\"https:\/\/vieassociative.be\/actualites\/12-podcasts-dinterview-intimes-pour-remplacer-wtf-par-marc-maron-dans-votre-flux\/\",\"url\":\"https:\/\/vieassociative.be\/actualites\/12-podcasts-dinterview-intimes-pour-remplacer-wtf-par-marc-maron-dans-votre-flux\/\",\"name\":\"12 podcasts d'interview intimes pour remplacer \u00abWTF par Marc Maron\u00bb dans votre flux | Vie Associative\",\"isPartOf\":{\"@id\":\"https:\/\/vieassociative.be\/actualites\/#website\"},\"primaryImageOfPage\":{\"@id\":\"https:\/\/vieassociative.be\/actualites\/12-podcasts-dinterview-intimes-pour-remplacer-wtf-par-marc-maron-dans-votre-flux\/#primaryimage\"},\"image\":{\"@id\":\"https:\/\/vieassociative.be\/actualites\/12-podcasts-dinterview-intimes-pour-remplacer-wtf-par-marc-maron-dans-votre-flux\/#primaryimage\"},\"thumbnailUrl\":\"https:\/\/vieassociative.be\/actualites\/wp-content\/uploads\/2025\/06\/1749561855_12-podcasts-dinterview-intimes-pour-remplacer-WTF-par-Marc-Maron.png\",\"datePublished\":\"2025-06-10T13:24:14+00:00\",\"dateModified\":\"2025-06-10T13:24:14+00:00\",\"breadcrumb\":{\"@id\":\"https:\/\/vieassociative.be\/actualites\/12-podcasts-dinterview-intimes-pour-remplacer-wtf-par-marc-maron-dans-votre-flux\/#breadcrumb\"},\"inLanguage\":\"fr-BE\",\"potentialAction\":[{\"@type\":\"ReadAction\",\"target\":[\"https:\/\/vieassociative.be\/actualites\/12-podcasts-dinterview-intimes-pour-remplacer-wtf-par-marc-maron-dans-votre-flux\/\"]}]},{\"@type\":\"ImageObject\",\"inLanguage\":\"fr-BE\",\"@id\":\"https:\/\/vieassociative.be\/actualites\/12-podcasts-dinterview-intimes-pour-remplacer-wtf-par-marc-maron-dans-votre-flux\/#primaryimage\",\"url\":\"https:\/\/vieassociative.be\/actualites\/wp-content\/uploads\/2025\/06\/1749561855_12-podcasts-dinterview-intimes-pour-remplacer-WTF-par-Marc-Maron.png\",\"contentUrl\":\"https:\/\/vieassociative.be\/actualites\/wp-content\/uploads\/2025\/06\/1749561855_12-podcasts-dinterview-intimes-pour-remplacer-WTF-par-Marc-Maron.png\",\"width\":1200,\"height\":675,\"caption\":\"12 podcasts d'interview intimes pour remplacer \u00abWTF par Marc Maron\u00bb dans votre flux\"},{\"@type\":\"BreadcrumbList\",\"@id\":\"https:\/\/vieassociative.be\/actualites\/12-podcasts-dinterview-intimes-pour-remplacer-wtf-par-marc-maron-dans-votre-flux\/#breadcrumb\",\"itemListElement\":[{\"@type\":\"ListItem\",\"position\":1,\"name\":\"Accueil\",\"item\":\"https:\/\/vieassociative.be\/actualites\/\"},{\"@type\":\"ListItem\",\"position\":2,\"name\":\"12 podcasts d&rsquo;interview intimes pour remplacer \u00abWTF par Marc Maron\u00bb dans votre flux\"}]},{\"@type\":\"WebSite\",\"@id\":\"https:\/\/vieassociative.be\/actualites\/#website\",\"url\":\"https:\/\/vieassociative.be\/actualites\/\",\"name\":\"Vie Associative\",\"description\":\"\",\"publisher\":{\"@id\":\"https:\/\/vieassociative.be\/actualites\/#organization\"},\"potentialAction\":[{\"@type\":\"SearchAction\",\"target\":{\"@type\":\"EntryPoint\",\"urlTemplate\":\"https:\/\/vieassociative.be\/actualites\/?s={search_term_string}\"},\"query-input\":{\"@type\":\"PropertyValueSpecification\",\"valueRequired\":true,\"valueName\":\"search_term_string\"}}],\"inLanguage\":\"fr-BE\"},{\"@type\":\"Organization\",\"@id\":\"https:\/\/vieassociative.be\/actualites\/#organization\",\"name\":\"Vie Associative\",\"url\":\"https:\/\/vieassociative.be\/actualites\/\",\"logo\":{\"@type\":\"ImageObject\",\"inLanguage\":\"fr-BE\",\"@id\":\"https:\/\/vieassociative.be\/actualites\/#\/schema\/logo\/image\/\",\"url\":\"https:\/\/vieassociative.be\/actualites\/wp-content\/uploads\/2024\/09\/cropped-vieassociative_favicon.ico.png\",\"contentUrl\":\"https:\/\/vieassociative.be\/actualites\/wp-content\/uploads\/2024\/09\/cropped-vieassociative_favicon.ico.png\",\"width\":512,\"height\":512,\"caption\":\"Vie Associative\"},\"image\":{\"@id\":\"https:\/\/vieassociative.be\/actualites\/#\/schema\/logo\/image\/\"}},{\"@type\":\"Person\",\"@id\":\"https:\/\/vieassociative.be\/actualites\/#\/schema\/person\/b87ac4f82f9d4e7b7cec7395b679edc4\",\"name\":\"Julien\",\"image\":{\"@type\":\"ImageObject\",\"inLanguage\":\"fr-BE\",\"@id\":\"https:\/\/vieassociative.be\/actualites\/#\/schema\/person\/image\/\",\"url\":\"https:\/\/vieassociative.be\/actualites\/wp-content\/uploads\/2024\/09\/vie-associative-1-150x150.jpg\",\"contentUrl\":\"https:\/\/vieassociative.be\/actualites\/wp-content\/uploads\/2024\/09\/vie-associative-1-150x150.jpg\",\"caption\":\"Julien\"},\"description\":\"Je suis Julien, r\u00e9dacteur pour Vie Associative. Passionn\u00e9 par le monde associatif depuis plus de 10 ans, j'ai \u00e0 c\u0153ur de partager des histoires inspirantes et de mettre en lumi\u00e8re les initiatives locales. Mon objectif est de sensibiliser et d'encourager l'engagement communautaire \u00e0 travers mes articles.\",\"sameAs\":[\"https:\/\/vieassociative.be\/\"]}]}<\/script>\n<!-- \/ Yoast SEO plugin. -->","yoast_head_json":{"title":"12 podcasts d'interview intimes pour remplacer \u00abWTF par Marc Maron\u00bb dans votre flux | Vie Associative","robots":{"index":"index","follow":"follow","max-snippet":"max-snippet:-1","max-image-preview":"max-image-preview:large","max-video-preview":"max-video-preview:-1"},"canonical":"https:\/\/vieassociative.be\/actualites\/12-podcasts-dinterview-intimes-pour-remplacer-wtf-par-marc-maron-dans-votre-flux\/","og_locale":"fr_FR","og_type":"article","og_title":"12 podcasts d'interview intimes pour remplacer \u00abWTF par Marc Maron\u00bb dans votre flux | Vie Associative","og_description":"Si la fin imminente de \u00abWTF\u00bb vous demande de demander WTF, ces \u00e9missions peuvent aider \u00e0 combler le vide. En juin 2025, Marc Maron a","og_url":"https:\/\/vieassociative.be\/actualites\/12-podcasts-dinterview-intimes-pour-remplacer-wtf-par-marc-maron-dans-votre-flux\/","og_site_name":"Vie Associative","article_published_time":"2025-06-10T13:24:14+00:00","og_image":[{"url":"https:\/\/vieassociative.be\/actualites\/wp-content\/uploads\/2025\/06\/12-podcasts-dinterview-intimes-pour-remplacer-WTF-par-Marc-Maron.jpg","type":"","width":"","height":""}],"author":"Julien","twitter_card":"summary_large_image","twitter_misc":{"\u00c9crit par":"Julien","Dur\u00e9e de lecture est.":"7 minutes"},"schema":{"@context":"https:\/\/schema.org","@graph":[{"@type":"Article","@id":"https:\/\/vieassociative.be\/actualites\/12-podcasts-dinterview-intimes-pour-remplacer-wtf-par-marc-maron-dans-votre-flux\/#article","isPartOf":{"@id":"https:\/\/vieassociative.be\/actualites\/12-podcasts-dinterview-intimes-pour-remplacer-wtf-par-marc-maron-dans-votre-flux\/"},"author":{"name":"Julien","@id":"https:\/\/vieassociative.be\/actualites\/#\/schema\/person\/b87ac4f82f9d4e7b7cec7395b679edc4"},"headline":"12 podcasts d&rsquo;interview intimes pour remplacer \u00abWTF par Marc Maron\u00bb dans votre flux","datePublished":"2025-06-10T13:24:14+00:00","dateModified":"2025-06-10T13:24:14+00:00","mainEntityOfPage":{"@id":"https:\/\/vieassociative.be\/actualites\/12-podcasts-dinterview-intimes-pour-remplacer-wtf-par-marc-maron-dans-votre-flux\/"},"wordCount":1504,"publisher":{"@id":"https:\/\/vieassociative.be\/actualites\/#organization"},"image":{"@id":"https:\/\/vieassociative.be\/actualites\/12-podcasts-dinterview-intimes-pour-remplacer-wtf-par-marc-maron-dans-votre-flux\/#primaryimage"},"thumbnailUrl":"https:\/\/vieassociative.be\/actualites\/wp-content\/uploads\/2025\/06\/1749561855_12-podcasts-dinterview-intimes-pour-remplacer-WTF-par-Marc-Maron.png","keywords":["dans","dinterview","flux","intimes","Marc","Maron","par","podcasts","pour","remplacer","votre","WTF"],"articleSection":["Divertissement"],"inLanguage":"fr-BE"},{"@type":"WebPage","@id":"https:\/\/vieassociative.be\/actualites\/12-podcasts-dinterview-intimes-pour-remplacer-wtf-par-marc-maron-dans-votre-flux\/","url":"https:\/\/vieassociative.be\/actualites\/12-podcasts-dinterview-intimes-pour-remplacer-wtf-par-marc-maron-dans-votre-flux\/","name":"12 podcasts d'interview intimes pour remplacer \u00abWTF par Marc Maron\u00bb dans votre flux | Vie Associative","isPartOf":{"@id":"https:\/\/vieassociative.be\/actualites\/#website"},"primaryImageOfPage":{"@id":"https:\/\/vieassociative.be\/actualites\/12-podcasts-dinterview-intimes-pour-remplacer-wtf-par-marc-maron-dans-votre-flux\/#primaryimage"},"image":{"@id":"https:\/\/vieassociative.be\/actualites\/12-podcasts-dinterview-intimes-pour-remplacer-wtf-par-marc-maron-dans-votre-flux\/#primaryimage"},"thumbnailUrl":"https:\/\/vieassociative.be\/actualites\/wp-content\/uploads\/2025\/06\/1749561855_12-podcasts-dinterview-intimes-pour-remplacer-WTF-par-Marc-Maron.png","datePublished":"2025-06-10T13:24:14+00:00","dateModified":"2025-06-10T13:24:14+00:00","breadcrumb":{"@id":"https:\/\/vieassociative.be\/actualites\/12-podcasts-dinterview-intimes-pour-remplacer-wtf-par-marc-maron-dans-votre-flux\/#breadcrumb"},"inLanguage":"fr-BE","potentialAction":[{"@type":"ReadAction","target":["https:\/\/vieassociative.be\/actualites\/12-podcasts-dinterview-intimes-pour-remplacer-wtf-par-marc-maron-dans-votre-flux\/"]}]},{"@type":"ImageObject","inLanguage":"fr-BE","@id":"https:\/\/vieassociative.be\/actualites\/12-podcasts-dinterview-intimes-pour-remplacer-wtf-par-marc-maron-dans-votre-flux\/#primaryimage","url":"https:\/\/vieassociative.be\/actualites\/wp-content\/uploads\/2025\/06\/1749561855_12-podcasts-dinterview-intimes-pour-remplacer-WTF-par-Marc-Maron.png","contentUrl":"https:\/\/vieassociative.be\/actualites\/wp-content\/uploads\/2025\/06\/1749561855_12-podcasts-dinterview-intimes-pour-remplacer-WTF-par-Marc-Maron.png","width":1200,"height":675,"caption":"12 podcasts d'interview intimes pour remplacer \u00abWTF par Marc Maron\u00bb dans votre flux"},{"@type":"BreadcrumbList","@id":"https:\/\/vieassociative.be\/actualites\/12-podcasts-dinterview-intimes-pour-remplacer-wtf-par-marc-maron-dans-votre-flux\/#breadcrumb","itemListElement":[{"@type":"ListItem","position":1,"name":"Accueil","item":"https:\/\/vieassociative.be\/actualites\/"},{"@type":"ListItem","position":2,"name":"12 podcasts d&rsquo;interview intimes pour remplacer \u00abWTF par Marc Maron\u00bb dans votre flux"}]},{"@type":"WebSite","@id":"https:\/\/vieassociative.be\/actualites\/#website","url":"https:\/\/vieassociative.be\/actualites\/","name":"Vie Associative","description":"","publisher":{"@id":"https:\/\/vieassociative.be\/actualites\/#organization"},"potentialAction":[{"@type":"SearchAction","target":{"@type":"EntryPoint","urlTemplate":"https:\/\/vieassociative.be\/actualites\/?s={search_term_string}"},"query-input":{"@type":"PropertyValueSpecification","valueRequired":true,"valueName":"search_term_string"}}],"inLanguage":"fr-BE"},{"@type":"Organization","@id":"https:\/\/vieassociative.be\/actualites\/#organization","name":"Vie Associative","url":"https:\/\/vieassociative.be\/actualites\/","logo":{"@type":"ImageObject","inLanguage":"fr-BE","@id":"https:\/\/vieassociative.be\/actualites\/#\/schema\/logo\/image\/","url":"https:\/\/vieassociative.be\/actualites\/wp-content\/uploads\/2024\/09\/cropped-vieassociative_favicon.ico.png","contentUrl":"https:\/\/vieassociative.be\/actualites\/wp-content\/uploads\/2024\/09\/cropped-vieassociative_favicon.ico.png","width":512,"height":512,"caption":"Vie Associative"},"image":{"@id":"https:\/\/vieassociative.be\/actualites\/#\/schema\/logo\/image\/"}},{"@type":"Person","@id":"https:\/\/vieassociative.be\/actualites\/#\/schema\/person\/b87ac4f82f9d4e7b7cec7395b679edc4","name":"Julien","image":{"@type":"ImageObject","inLanguage":"fr-BE","@id":"https:\/\/vieassociative.be\/actualites\/#\/schema\/person\/image\/","url":"https:\/\/vieassociative.be\/actualites\/wp-content\/uploads\/2024\/09\/vie-associative-1-150x150.jpg","contentUrl":"https:\/\/vieassociative.be\/actualites\/wp-content\/uploads\/2024\/09\/vie-associative-1-150x150.jpg","caption":"Julien"},"description":"Je suis Julien, r\u00e9dacteur pour Vie Associative. Passionn\u00e9 par le monde associatif depuis plus de 10 ans, j'ai \u00e0 c\u0153ur de partager des histoires inspirantes et de mettre en lumi\u00e8re les initiatives locales. Mon objectif est de sensibiliser et d'encourager l'engagement communautaire \u00e0 travers mes articles.","sameAs":["https:\/\/vieassociative.be\/"]}]}},"_links":{"self":[{"href":"https:\/\/vieassociative.be\/actualites\/wp-json\/wp\/v2\/posts\/8097"}],"collection":[{"href":"https:\/\/vieassociative.be\/actualites\/wp-json\/wp\/v2\/posts"}],"about":[{"href":"https:\/\/vieassociative.be\/actualites\/wp-json\/wp\/v2\/types\/post"}],"author":[{"embeddable":true,"href":"https:\/\/vieassociative.be\/actualites\/wp-json\/wp\/v2\/users\/1"}],"replies":[{"embeddable":true,"href":"https:\/\/vieassociative.be\/actualites\/wp-json\/wp\/v2\/comments?post=8097"}],"version-history":[{"count":0,"href":"https:\/\/vieassociative.be\/actualites\/wp-json\/wp\/v2\/posts\/8097\/revisions"}],"wp:featuredmedia":[{"embeddable":true,"href":"https:\/\/vieassociative.be\/actualites\/wp-json\/wp\/v2\/media\/8098"}],"wp:attachment":[{"href":"https:\/\/vieassociative.be\/actualites\/wp-json\/wp\/v2\/media?parent=8097"}],"wp:term":[{"taxonomy":"category","embeddable":true,"href":"https:\/\/vieassociative.be\/actualites\/wp-json\/wp\/v2\/categories?post=8097"},{"taxonomy":"post_tag","embeddable":true,"href":"https:\/\/vieassociative.be\/actualites\/wp-json\/wp\/v2\/tags?post=8097"}],"curies":[{"name":"wp","href":"https:\/\/api.w.org\/{rel}","templated":true}]}}