{"id":8085,"date":"2025-06-10T02:20:45","date_gmt":"2025-06-10T00:20:45","guid":{"rendered":"https:\/\/vieassociative.be\/actualites\/apple-vient-dannoncer-deux-nouvelles-fonctionnalites-airpods-que-personne-na-vu-venir\/"},"modified":"2025-06-10T02:20:45","modified_gmt":"2025-06-10T00:20:45","slug":"apple-vient-dannoncer-deux-nouvelles-fonctionnalites-airpods-que-personne-na-vu-venir","status":"publish","type":"post","link":"https:\/\/vieassociative.be\/actualites\/apple-vient-dannoncer-deux-nouvelles-fonctionnalites-airpods-que-personne-na-vu-venir\/","title":{"rendered":"Apple vient d&rsquo;annoncer deux nouvelles fonctionnalit\u00e9s AirPods que personne n&rsquo;a vu venir"},"content":{"rendered":"<div class=\"mt-4 leading-6 md:mb-8\">Vous pouvez d\u00e9sormais utiliser vos AirPods comme t\u00e9l\u00e9commande de cam\u00e9ra.<\/div>\n<p><\/p>\n<p>Bien que les AirPods n&rsquo;\u00e9taient qu&rsquo;une attraction lat\u00e9rale au Keynote WWDC 2025, Apple a annonc\u00e9 quelques fonctionnalit\u00e9s qui rendent les \u00e9couteurs beaucoup plus utiles. La soci\u00e9t\u00e9 a annonc\u00e9 que vous pouvez d\u00e9sormais utiliser vos AirPods comme t\u00e9l\u00e9commande de cam\u00e9ra, et qu&rsquo;AirPods recevra bient\u00f4t un enregistrement audio de \u00ab\u00a0qualit\u00e9 studio\u00a0\u00bb. Ces fonctionnalit\u00e9s arrivent sur AirPods Pro 2, AirPods 4 et les AirPods 4 avec annulation active de bruit.<\/p>\n<h2 id=\"using-your-airpods-as-a-camera-remote\">Utilisation de vos AirPods comme t\u00e9l\u00e9commande de cam\u00e9ra<\/h2>\n<p>La fonction distante de l&rsquo;appareil photo est exactement ce que le nom sugg\u00e8re &#8211; un moyen de contr\u00f4ler votre appareil photo de t\u00e9l\u00e9phone \u00e0 distance. Apple pr\u00e9voit de vous permettre d&rsquo;utiliser vos AirPods comme un d\u00e9clencheur pour votre iPhone ou iPad. Une fois que cette fonctionnalit\u00e9 sera publi\u00e9e aux c\u00f4t\u00e9s d&rsquo;iOS 26 cet automne, vous pourrez utiliser le bouton dans la tige des AirPods pour prendre des photos, ou d\u00e9marrer et arr\u00eater les enregistrements vid\u00e9o. Apple dit que vous pouvez appuyer et maintenir la tige des AirPods pour prendre des photos ou basculer les enregistrements vid\u00e9o (selon le mode dans votre application de cam\u00e9ra). Cela pourrait \u00eatre id\u00e9al pour prendre des photos de groupe, cr\u00e9er des vid\u00e9os Tiktok ou pour les captures qui vous obligent \u00e0 placer votre iPhone ou votre iPad sous un angle g\u00eanant. Apple a d\u00e9clar\u00e9 que cette fonctionnalit\u00e9 arrivera \u00e9galement sur des applications de cam\u00e9ras tierces.<\/p>\n<h2 id=\"studio-quality-recording-for-airpods\">Enregistrement de qualit\u00e9 de studio pour AirPods<\/h2>\n<p>Au cours du discours, Apple a \u00e9galement r\u00e9v\u00e9l\u00e9 que l&rsquo;enregistrement de qualit\u00e9 studio s&rsquo;adresse aux trois m\u00eames mod\u00e8les AirPods. La soci\u00e9t\u00e9 a d\u00e9clar\u00e9 qu&rsquo;une prochaine mise \u00e0 jour du micrologiciel permettra aux cr\u00e9ateurs d&rsquo;enregistrer des \u00ab\u00a0voix de qualit\u00e9 studio\u00a0\u00bb en utilisant leurs AirPods, et l&rsquo;isolement vocal est \u00e9galement am\u00e9lior\u00e9 pour am\u00e9liorer encore la qualit\u00e9 de la voix. Apple lance les AirPods comme un micro de qualit\u00e9 pour les podcasteurs, les chanteurs et les cr\u00e9ateurs de contenu, bien que je resterai sceptique quant \u00e0 ses capacit\u00e9s jusqu&rsquo;\u00e0 ce que je vois cette fonctionnalit\u00e9 en action. <\/p>\n<div class=\"pogoClear relative my-10 border-b-(1.5px) border-t-(1.5px) border-dashed border-black py-5 sm:my-14 sm:border-0 sm:py-0\" data-ga-click data-ga-template=\"News\" data-ga-module=\"openweb_widget\" data-ga-element=\"openweb_scroll\" data-ga-item=\"openweb_scroll_midpage\" x-data=\"{\n         commentsCount: null,\n         hasComments: false,\n         async fetchCommentsCount() {\n             try {\n                 if (window.openweb &amp;&amp; typeof window.openweb.getMessagesCount === 'function') {\n                     this.commentsCount = await window.openweb.getMessagesCount('01JXB11EZ1879ZXV2Z6Z9VQVXQ');\n                     this.hasComments = this.commentsCount !== null &amp;&amp; this.commentsCount &gt; 0;\n                 }\n             } catch (e) {\n                 console.warn('Failed to fetch comment count:', e);\n             }\n         }\n     }\" x-init=\"fetchCommentsCount()\" x-cloak><\/p>\n<div class=\"absolute top-1\/2 hidden w-full -translate-y-1\/2 border-t-(1.5px) border-dashed border-black sm:block\"><\/div>\n<div class=\"relative flex justify-center\">\n<div class=\"flex max-w-fit items-center gap-x-3 bg-white px-5\">\n<div class=\"relative\">\n                <span class=\"absolute left-1\/2 top-1\/2 -translate-x-1\/2 -translate-y-1\/2 font-akshar text-sm font-medium text-black\" aria-live=\"polite\" x-show=\"hasComments\" x-text=\"commentsCount\"><\/span><\/p>\n<p>                <svg class=\"h-8 w-8 text-black\" role=\"img\" aria-hidden=\"true\">\n                    <use href=\"http:\/\/lifehacker.com\/images\/icons\/spritemap.svg#sprite-chat-bubble\"><\/use>\n                <\/svg>\n            <\/div>\n<p>            <span class=\"text-sm font-medium text-black\"><\/p>\n<p>                Que pensez-vous jusqu&rsquo;\u00e0 pr\u00e9sent?<br \/>\n                <button class=\"ml-1 font-semibold text-brand-green underline hover:text-brand-green-700\" type=\"button\" aria-label=\"Comment section trigger\" onclick=\"window.openweb.scrollToComments('01JXB11EZ1879ZXV2Z6Z9VQVXQ')\" x-text=\"hasComments ? 'Post a comment.' : 'Be the first to post a comment.'\"><\/button><br \/>\n            <\/span>\n        <\/div>\n<\/p><\/div>\n<\/div>\n<p>La qualit\u00e9 de micro AirPods am\u00e9lior\u00e9e fonctionnera avec votre iPhone, iPad et Mac, et il prendra en charge les applications d&rsquo;Apple et de tiers. Apple promet une texture vocale plus naturelle et une qualit\u00e9 entre les appels iPhone, FaceTime et les applications compatibles Callkit. La soci\u00e9t\u00e9 a attribu\u00e9 cela \u00e0 la puce H2 sur les AirPods, les microphones de formation de faisceau et l&rsquo;audio informatique. <\/p>\n","protected":false},"excerpt":{"rendered":"<p>Vous pouvez d\u00e9sormais utiliser vos AirPods comme t\u00e9l\u00e9commande de cam\u00e9ra. Bien que les AirPods n&rsquo;\u00e9taient qu&rsquo;une attraction lat\u00e9rale au Keynote WWDC 2025, Apple a annonc\u00e9<\/p>\n","protected":false},"author":1,"featured_media":8086,"comment_status":"","ping_status":"","sticky":false,"template":"","format":"standard","meta":{"footnotes":""},"categories":[13],"tags":[15,54,5911,114,1216,1215,1110,593,1213],"class_list":["post-8085","post","type-post","status-publish","format-standard","has-post-thumbnail","hentry","category-technologie","tag-airpods","tag-apple","tag-dannoncer","tag-deux","tag-fonctionnalites","tag-nouvelles","tag-personne","tag-venir","tag-vient","generate-columns","tablet-grid-50","mobile-grid-100","grid-parent","grid-33"],"yoast_head":"<!-- This site is optimized with the Yoast SEO plugin v24.0 - https:\/\/yoast.com\/wordpress\/plugins\/seo\/ -->\n<title>Apple vient d&#039;annoncer deux nouvelles fonctionnalit\u00e9s AirPods que personne n&#039;a vu venir | Vie Associative<\/title>\n<meta name=\"robots\" content=\"index, follow, max-snippet:-1, max-image-preview:large, max-video-preview:-1\" \/>\n<link rel=\"canonical\" href=\"https:\/\/vieassociative.be\/actualites\/apple-vient-dannoncer-deux-nouvelles-fonctionnalites-airpods-que-personne-na-vu-venir\/\" \/>\n<meta property=\"og:locale\" content=\"fr_FR\" \/>\n<meta property=\"og:type\" content=\"article\" \/>\n<meta property=\"og:title\" content=\"Apple vient d&#039;annoncer deux nouvelles fonctionnalit\u00e9s AirPods que personne n&#039;a vu venir | Vie Associative\" \/>\n<meta property=\"og:description\" content=\"Vous pouvez d\u00e9sormais utiliser vos AirPods comme t\u00e9l\u00e9commande de cam\u00e9ra. Bien que les AirPods n&rsquo;\u00e9taient qu&rsquo;une attraction lat\u00e9rale au Keynote WWDC 2025, Apple a annonc\u00e9\" \/>\n<meta property=\"og:url\" content=\"https:\/\/vieassociative.be\/actualites\/apple-vient-dannoncer-deux-nouvelles-fonctionnalites-airpods-que-personne-na-vu-venir\/\" \/>\n<meta property=\"og:site_name\" content=\"Vie Associative\" \/>\n<meta property=\"article:published_time\" content=\"2025-06-10T00:20:45+00:00\" \/>\n<meta property=\"og:image\" content=\"https:\/\/vieassociative.be\/actualites\/wp-content\/uploads\/2024\/09\/header_backgroundk-01-e1726694325946.png\" \/>\n\t<meta property=\"og:image:width\" content=\"279\" \/>\n\t<meta property=\"og:image:height\" content=\"92\" \/>\n\t<meta property=\"og:image:type\" content=\"image\/png\" \/>\n<meta name=\"author\" content=\"Julien\" \/>\n<meta name=\"twitter:card\" content=\"summary_large_image\" \/>\n<meta name=\"twitter:label1\" content=\"\u00c9crit par\" \/>\n\t<meta name=\"twitter:data1\" content=\"Julien\" \/>\n\t<meta name=\"twitter:label2\" content=\"Dur\u00e9e de lecture est.\" \/>\n\t<meta name=\"twitter:data2\" content=\"2 minutes\" \/>\n<script type=\"application\/ld+json\" class=\"yoast-schema-graph\">{\"@context\":\"https:\/\/schema.org\",\"@graph\":[{\"@type\":\"Article\",\"@id\":\"https:\/\/vieassociative.be\/actualites\/apple-vient-dannoncer-deux-nouvelles-fonctionnalites-airpods-que-personne-na-vu-venir\/#article\",\"isPartOf\":{\"@id\":\"https:\/\/vieassociative.be\/actualites\/apple-vient-dannoncer-deux-nouvelles-fonctionnalites-airpods-que-personne-na-vu-venir\/\"},\"author\":{\"name\":\"Julien\",\"@id\":\"https:\/\/vieassociative.be\/actualites\/#\/schema\/person\/b87ac4f82f9d4e7b7cec7395b679edc4\"},\"headline\":\"Apple vient d&rsquo;annoncer deux nouvelles fonctionnalit\u00e9s AirPods que personne n&rsquo;a vu venir\",\"datePublished\":\"2025-06-10T00:20:45+00:00\",\"dateModified\":\"2025-06-10T00:20:45+00:00\",\"mainEntityOfPage\":{\"@id\":\"https:\/\/vieassociative.be\/actualites\/apple-vient-dannoncer-deux-nouvelles-fonctionnalites-airpods-que-personne-na-vu-venir\/\"},\"wordCount\":474,\"publisher\":{\"@id\":\"https:\/\/vieassociative.be\/actualites\/#organization\"},\"image\":{\"@id\":\"https:\/\/vieassociative.be\/actualites\/apple-vient-dannoncer-deux-nouvelles-fonctionnalites-airpods-que-personne-na-vu-venir\/#primaryimage\"},\"thumbnailUrl\":\"https:\/\/vieassociative.be\/actualites\/wp-content\/uploads\/2025\/06\/Apple-vient-dannoncer-deux-nouvelles-fonctionnalites-AirPods-que-personne-na.jpg\",\"keywords\":[\"AirPods\",\"Apple\",\"dannoncer\",\"deux\",\"fonctionnalit\u00e9s\",\"nouvelles\",\"personne\",\"venir\",\"vient\"],\"articleSection\":[\"Technologie\"],\"inLanguage\":\"fr-BE\"},{\"@type\":\"WebPage\",\"@id\":\"https:\/\/vieassociative.be\/actualites\/apple-vient-dannoncer-deux-nouvelles-fonctionnalites-airpods-que-personne-na-vu-venir\/\",\"url\":\"https:\/\/vieassociative.be\/actualites\/apple-vient-dannoncer-deux-nouvelles-fonctionnalites-airpods-que-personne-na-vu-venir\/\",\"name\":\"Apple vient d'annoncer deux nouvelles fonctionnalit\u00e9s AirPods que personne n'a vu venir | Vie Associative\",\"isPartOf\":{\"@id\":\"https:\/\/vieassociative.be\/actualites\/#website\"},\"primaryImageOfPage\":{\"@id\":\"https:\/\/vieassociative.be\/actualites\/apple-vient-dannoncer-deux-nouvelles-fonctionnalites-airpods-que-personne-na-vu-venir\/#primaryimage\"},\"image\":{\"@id\":\"https:\/\/vieassociative.be\/actualites\/apple-vient-dannoncer-deux-nouvelles-fonctionnalites-airpods-que-personne-na-vu-venir\/#primaryimage\"},\"thumbnailUrl\":\"https:\/\/vieassociative.be\/actualites\/wp-content\/uploads\/2025\/06\/Apple-vient-dannoncer-deux-nouvelles-fonctionnalites-AirPods-que-personne-na.jpg\",\"datePublished\":\"2025-06-10T00:20:45+00:00\",\"dateModified\":\"2025-06-10T00:20:45+00:00\",\"breadcrumb\":{\"@id\":\"https:\/\/vieassociative.be\/actualites\/apple-vient-dannoncer-deux-nouvelles-fonctionnalites-airpods-que-personne-na-vu-venir\/#breadcrumb\"},\"inLanguage\":\"fr-BE\",\"potentialAction\":[{\"@type\":\"ReadAction\",\"target\":[\"https:\/\/vieassociative.be\/actualites\/apple-vient-dannoncer-deux-nouvelles-fonctionnalites-airpods-que-personne-na-vu-venir\/\"]}]},{\"@type\":\"ImageObject\",\"inLanguage\":\"fr-BE\",\"@id\":\"https:\/\/vieassociative.be\/actualites\/apple-vient-dannoncer-deux-nouvelles-fonctionnalites-airpods-que-personne-na-vu-venir\/#primaryimage\",\"url\":\"https:\/\/vieassociative.be\/actualites\/wp-content\/uploads\/2025\/06\/Apple-vient-dannoncer-deux-nouvelles-fonctionnalites-AirPods-que-personne-na.jpg\",\"contentUrl\":\"https:\/\/vieassociative.be\/actualites\/wp-content\/uploads\/2025\/06\/Apple-vient-dannoncer-deux-nouvelles-fonctionnalites-AirPods-que-personne-na.jpg\",\"width\":1200,\"height\":675,\"caption\":\"Apple vient d'annoncer deux nouvelles fonctionnalit\u00e9s AirPods que personne n'a vu venir\"},{\"@type\":\"BreadcrumbList\",\"@id\":\"https:\/\/vieassociative.be\/actualites\/apple-vient-dannoncer-deux-nouvelles-fonctionnalites-airpods-que-personne-na-vu-venir\/#breadcrumb\",\"itemListElement\":[{\"@type\":\"ListItem\",\"position\":1,\"name\":\"Accueil\",\"item\":\"https:\/\/vieassociative.be\/actualites\/\"},{\"@type\":\"ListItem\",\"position\":2,\"name\":\"Apple vient d&rsquo;annoncer deux nouvelles fonctionnalit\u00e9s AirPods que personne n&rsquo;a vu venir\"}]},{\"@type\":\"WebSite\",\"@id\":\"https:\/\/vieassociative.be\/actualites\/#website\",\"url\":\"https:\/\/vieassociative.be\/actualites\/\",\"name\":\"Vie Associative\",\"description\":\"\",\"publisher\":{\"@id\":\"https:\/\/vieassociative.be\/actualites\/#organization\"},\"potentialAction\":[{\"@type\":\"SearchAction\",\"target\":{\"@type\":\"EntryPoint\",\"urlTemplate\":\"https:\/\/vieassociative.be\/actualites\/?s={search_term_string}\"},\"query-input\":{\"@type\":\"PropertyValueSpecification\",\"valueRequired\":true,\"valueName\":\"search_term_string\"}}],\"inLanguage\":\"fr-BE\"},{\"@type\":\"Organization\",\"@id\":\"https:\/\/vieassociative.be\/actualites\/#organization\",\"name\":\"Vie Associative\",\"url\":\"https:\/\/vieassociative.be\/actualites\/\",\"logo\":{\"@type\":\"ImageObject\",\"inLanguage\":\"fr-BE\",\"@id\":\"https:\/\/vieassociative.be\/actualites\/#\/schema\/logo\/image\/\",\"url\":\"https:\/\/vieassociative.be\/actualites\/wp-content\/uploads\/2024\/09\/cropped-vieassociative_favicon.ico.png\",\"contentUrl\":\"https:\/\/vieassociative.be\/actualites\/wp-content\/uploads\/2024\/09\/cropped-vieassociative_favicon.ico.png\",\"width\":512,\"height\":512,\"caption\":\"Vie Associative\"},\"image\":{\"@id\":\"https:\/\/vieassociative.be\/actualites\/#\/schema\/logo\/image\/\"}},{\"@type\":\"Person\",\"@id\":\"https:\/\/vieassociative.be\/actualites\/#\/schema\/person\/b87ac4f82f9d4e7b7cec7395b679edc4\",\"name\":\"Julien\",\"image\":{\"@type\":\"ImageObject\",\"inLanguage\":\"fr-BE\",\"@id\":\"https:\/\/vieassociative.be\/actualites\/#\/schema\/person\/image\/\",\"url\":\"https:\/\/vieassociative.be\/actualites\/wp-content\/uploads\/2024\/09\/vie-associative-1-150x150.jpg\",\"contentUrl\":\"https:\/\/vieassociative.be\/actualites\/wp-content\/uploads\/2024\/09\/vie-associative-1-150x150.jpg\",\"caption\":\"Julien\"},\"description\":\"Je suis Julien, r\u00e9dacteur pour Vie Associative. Passionn\u00e9 par le monde associatif depuis plus de 10 ans, j'ai \u00e0 c\u0153ur de partager des histoires inspirantes et de mettre en lumi\u00e8re les initiatives locales. Mon objectif est de sensibiliser et d'encourager l'engagement communautaire \u00e0 travers mes articles.\",\"sameAs\":[\"https:\/\/vieassociative.be\/\"]}]}<\/script>\n<!-- \/ Yoast SEO plugin. -->","yoast_head_json":{"title":"Apple vient d'annoncer deux nouvelles fonctionnalit\u00e9s AirPods que personne n'a vu venir | Vie Associative","robots":{"index":"index","follow":"follow","max-snippet":"max-snippet:-1","max-image-preview":"max-image-preview:large","max-video-preview":"max-video-preview:-1"},"canonical":"https:\/\/vieassociative.be\/actualites\/apple-vient-dannoncer-deux-nouvelles-fonctionnalites-airpods-que-personne-na-vu-venir\/","og_locale":"fr_FR","og_type":"article","og_title":"Apple vient d'annoncer deux nouvelles fonctionnalit\u00e9s AirPods que personne n'a vu venir | Vie Associative","og_description":"Vous pouvez d\u00e9sormais utiliser vos AirPods comme t\u00e9l\u00e9commande de cam\u00e9ra. Bien que les AirPods n&rsquo;\u00e9taient qu&rsquo;une attraction lat\u00e9rale au Keynote WWDC 2025, Apple a annonc\u00e9","og_url":"https:\/\/vieassociative.be\/actualites\/apple-vient-dannoncer-deux-nouvelles-fonctionnalites-airpods-que-personne-na-vu-venir\/","og_site_name":"Vie Associative","article_published_time":"2025-06-10T00:20:45+00:00","og_image":[{"width":279,"height":92,"url":"https:\/\/vieassociative.be\/actualites\/wp-content\/uploads\/2024\/09\/header_backgroundk-01-e1726694325946.png","type":"image\/png"}],"author":"Julien","twitter_card":"summary_large_image","twitter_misc":{"\u00c9crit par":"Julien","Dur\u00e9e de lecture est.":"2 minutes"},"schema":{"@context":"https:\/\/schema.org","@graph":[{"@type":"Article","@id":"https:\/\/vieassociative.be\/actualites\/apple-vient-dannoncer-deux-nouvelles-fonctionnalites-airpods-que-personne-na-vu-venir\/#article","isPartOf":{"@id":"https:\/\/vieassociative.be\/actualites\/apple-vient-dannoncer-deux-nouvelles-fonctionnalites-airpods-que-personne-na-vu-venir\/"},"author":{"name":"Julien","@id":"https:\/\/vieassociative.be\/actualites\/#\/schema\/person\/b87ac4f82f9d4e7b7cec7395b679edc4"},"headline":"Apple vient d&rsquo;annoncer deux nouvelles fonctionnalit\u00e9s AirPods que personne n&rsquo;a vu venir","datePublished":"2025-06-10T00:20:45+00:00","dateModified":"2025-06-10T00:20:45+00:00","mainEntityOfPage":{"@id":"https:\/\/vieassociative.be\/actualites\/apple-vient-dannoncer-deux-nouvelles-fonctionnalites-airpods-que-personne-na-vu-venir\/"},"wordCount":474,"publisher":{"@id":"https:\/\/vieassociative.be\/actualites\/#organization"},"image":{"@id":"https:\/\/vieassociative.be\/actualites\/apple-vient-dannoncer-deux-nouvelles-fonctionnalites-airpods-que-personne-na-vu-venir\/#primaryimage"},"thumbnailUrl":"https:\/\/vieassociative.be\/actualites\/wp-content\/uploads\/2025\/06\/Apple-vient-dannoncer-deux-nouvelles-fonctionnalites-AirPods-que-personne-na.jpg","keywords":["AirPods","Apple","dannoncer","deux","fonctionnalit\u00e9s","nouvelles","personne","venir","vient"],"articleSection":["Technologie"],"inLanguage":"fr-BE"},{"@type":"WebPage","@id":"https:\/\/vieassociative.be\/actualites\/apple-vient-dannoncer-deux-nouvelles-fonctionnalites-airpods-que-personne-na-vu-venir\/","url":"https:\/\/vieassociative.be\/actualites\/apple-vient-dannoncer-deux-nouvelles-fonctionnalites-airpods-que-personne-na-vu-venir\/","name":"Apple vient d'annoncer deux nouvelles fonctionnalit\u00e9s AirPods que personne n'a vu venir | Vie Associative","isPartOf":{"@id":"https:\/\/vieassociative.be\/actualites\/#website"},"primaryImageOfPage":{"@id":"https:\/\/vieassociative.be\/actualites\/apple-vient-dannoncer-deux-nouvelles-fonctionnalites-airpods-que-personne-na-vu-venir\/#primaryimage"},"image":{"@id":"https:\/\/vieassociative.be\/actualites\/apple-vient-dannoncer-deux-nouvelles-fonctionnalites-airpods-que-personne-na-vu-venir\/#primaryimage"},"thumbnailUrl":"https:\/\/vieassociative.be\/actualites\/wp-content\/uploads\/2025\/06\/Apple-vient-dannoncer-deux-nouvelles-fonctionnalites-AirPods-que-personne-na.jpg","datePublished":"2025-06-10T00:20:45+00:00","dateModified":"2025-06-10T00:20:45+00:00","breadcrumb":{"@id":"https:\/\/vieassociative.be\/actualites\/apple-vient-dannoncer-deux-nouvelles-fonctionnalites-airpods-que-personne-na-vu-venir\/#breadcrumb"},"inLanguage":"fr-BE","potentialAction":[{"@type":"ReadAction","target":["https:\/\/vieassociative.be\/actualites\/apple-vient-dannoncer-deux-nouvelles-fonctionnalites-airpods-que-personne-na-vu-venir\/"]}]},{"@type":"ImageObject","inLanguage":"fr-BE","@id":"https:\/\/vieassociative.be\/actualites\/apple-vient-dannoncer-deux-nouvelles-fonctionnalites-airpods-que-personne-na-vu-venir\/#primaryimage","url":"https:\/\/vieassociative.be\/actualites\/wp-content\/uploads\/2025\/06\/Apple-vient-dannoncer-deux-nouvelles-fonctionnalites-AirPods-que-personne-na.jpg","contentUrl":"https:\/\/vieassociative.be\/actualites\/wp-content\/uploads\/2025\/06\/Apple-vient-dannoncer-deux-nouvelles-fonctionnalites-AirPods-que-personne-na.jpg","width":1200,"height":675,"caption":"Apple vient d'annoncer deux nouvelles fonctionnalit\u00e9s AirPods que personne n'a vu venir"},{"@type":"BreadcrumbList","@id":"https:\/\/vieassociative.be\/actualites\/apple-vient-dannoncer-deux-nouvelles-fonctionnalites-airpods-que-personne-na-vu-venir\/#breadcrumb","itemListElement":[{"@type":"ListItem","position":1,"name":"Accueil","item":"https:\/\/vieassociative.be\/actualites\/"},{"@type":"ListItem","position":2,"name":"Apple vient d&rsquo;annoncer deux nouvelles fonctionnalit\u00e9s AirPods que personne n&rsquo;a vu venir"}]},{"@type":"WebSite","@id":"https:\/\/vieassociative.be\/actualites\/#website","url":"https:\/\/vieassociative.be\/actualites\/","name":"Vie Associative","description":"","publisher":{"@id":"https:\/\/vieassociative.be\/actualites\/#organization"},"potentialAction":[{"@type":"SearchAction","target":{"@type":"EntryPoint","urlTemplate":"https:\/\/vieassociative.be\/actualites\/?s={search_term_string}"},"query-input":{"@type":"PropertyValueSpecification","valueRequired":true,"valueName":"search_term_string"}}],"inLanguage":"fr-BE"},{"@type":"Organization","@id":"https:\/\/vieassociative.be\/actualites\/#organization","name":"Vie Associative","url":"https:\/\/vieassociative.be\/actualites\/","logo":{"@type":"ImageObject","inLanguage":"fr-BE","@id":"https:\/\/vieassociative.be\/actualites\/#\/schema\/logo\/image\/","url":"https:\/\/vieassociative.be\/actualites\/wp-content\/uploads\/2024\/09\/cropped-vieassociative_favicon.ico.png","contentUrl":"https:\/\/vieassociative.be\/actualites\/wp-content\/uploads\/2024\/09\/cropped-vieassociative_favicon.ico.png","width":512,"height":512,"caption":"Vie Associative"},"image":{"@id":"https:\/\/vieassociative.be\/actualites\/#\/schema\/logo\/image\/"}},{"@type":"Person","@id":"https:\/\/vieassociative.be\/actualites\/#\/schema\/person\/b87ac4f82f9d4e7b7cec7395b679edc4","name":"Julien","image":{"@type":"ImageObject","inLanguage":"fr-BE","@id":"https:\/\/vieassociative.be\/actualites\/#\/schema\/person\/image\/","url":"https:\/\/vieassociative.be\/actualites\/wp-content\/uploads\/2024\/09\/vie-associative-1-150x150.jpg","contentUrl":"https:\/\/vieassociative.be\/actualites\/wp-content\/uploads\/2024\/09\/vie-associative-1-150x150.jpg","caption":"Julien"},"description":"Je suis Julien, r\u00e9dacteur pour Vie Associative. Passionn\u00e9 par le monde associatif depuis plus de 10 ans, j'ai \u00e0 c\u0153ur de partager des histoires inspirantes et de mettre en lumi\u00e8re les initiatives locales. Mon objectif est de sensibiliser et d'encourager l'engagement communautaire \u00e0 travers mes articles.","sameAs":["https:\/\/vieassociative.be\/"]}]}},"_links":{"self":[{"href":"https:\/\/vieassociative.be\/actualites\/wp-json\/wp\/v2\/posts\/8085"}],"collection":[{"href":"https:\/\/vieassociative.be\/actualites\/wp-json\/wp\/v2\/posts"}],"about":[{"href":"https:\/\/vieassociative.be\/actualites\/wp-json\/wp\/v2\/types\/post"}],"author":[{"embeddable":true,"href":"https:\/\/vieassociative.be\/actualites\/wp-json\/wp\/v2\/users\/1"}],"replies":[{"embeddable":true,"href":"https:\/\/vieassociative.be\/actualites\/wp-json\/wp\/v2\/comments?post=8085"}],"version-history":[{"count":0,"href":"https:\/\/vieassociative.be\/actualites\/wp-json\/wp\/v2\/posts\/8085\/revisions"}],"wp:featuredmedia":[{"embeddable":true,"href":"https:\/\/vieassociative.be\/actualites\/wp-json\/wp\/v2\/media\/8086"}],"wp:attachment":[{"href":"https:\/\/vieassociative.be\/actualites\/wp-json\/wp\/v2\/media?parent=8085"}],"wp:term":[{"taxonomy":"category","embeddable":true,"href":"https:\/\/vieassociative.be\/actualites\/wp-json\/wp\/v2\/categories?post=8085"},{"taxonomy":"post_tag","embeddable":true,"href":"https:\/\/vieassociative.be\/actualites\/wp-json\/wp\/v2\/tags?post=8085"}],"curies":[{"name":"wp","href":"https:\/\/api.w.org\/{rel}","templated":true}]}}