{"id":8083,"date":"2025-06-10T01:17:31","date_gmt":"2025-06-09T23:17:31","guid":{"rendered":"https:\/\/vieassociative.be\/actualites\/pourquoi-ce-cable-usb-c-ne-charge-pas-votre-appareil-assez-rapidement\/"},"modified":"2025-06-10T01:17:31","modified_gmt":"2025-06-09T23:17:31","slug":"pourquoi-ce-cable-usb-c-ne-charge-pas-votre-appareil-assez-rapidement","status":"publish","type":"post","link":"https:\/\/vieassociative.be\/actualites\/pourquoi-ce-cable-usb-c-ne-charge-pas-votre-appareil-assez-rapidement\/","title":{"rendered":"Pourquoi ce c\u00e2ble USB-C ne charge pas votre appareil assez rapidement"},"content":{"rendered":"<div class=\"mt-4 leading-6 md:mb-8\">Jusqu&rsquo;\u00e0 ce que les fabricants commencent \u00e0 mettre des \u00e9tiquettes plus claires sur leurs chargeurs, voici les meilleures fa\u00e7ons de d\u00e9terminer lesquelles ne perdent pas votre temps.<\/div>\n<p><\/p>\n<p>Lorsque l&rsquo;USB-C est arriv\u00e9 pour la premi\u00e8re fois, il semblait que nous avions finalement r\u00e9alis\u00e9 le r\u00eave num\u00e9rique d&rsquo;un plug universel qui pouvait tout faire. La r\u00e9alit\u00e9, cependant, est beaucoup plus ennuyeuse. Tandis que tout, de votre ordinateur portable \u00e0 la tablette \u00e0 un t\u00e9l\u00e9phone, peut <em>connecter <\/em>Au m\u00eame c\u00e2ble ou chargeur, ils peuvent obtenir des r\u00e9sultats tr\u00e8s diff\u00e9rents, selon le chargeur ou le c\u00e2ble que vous utilisez. Pire encore, on ne sait pas toujours pourquoi. <\/p>\n<p>Ce probl\u00e8me d\u00e9coule de deux probl\u00e8mes majeurs. Les premiers sont des c\u00e2bles conformes \u00e0 diff\u00e9rentes sp\u00e9cifications USB, sans n\u00e9cessairement \u00eatre \u00e9tiquet\u00e9s comme tels. Et le second est de charger des blocs qui fournissent diff\u00e9rents niveaux de puissance, plus souvent avec au moins une sorte d&rsquo;\u00e9tiquette, mais moins de clart\u00e9 sur ce que ces \u00e9tiquettes signifient.<\/p>\n<p>Il y a des chances d\u00e9centes que vous ayez rencontr\u00e9 ce probl\u00e8me sans m\u00eame s&rsquo;en rendre compte. Une de mes amies, par exemple, avait un moniteur portable externe qui se connectait \u00e0 son ordinateur portable uniquement via un c\u00e2ble USB-C &#8211; un c\u00e2ble sp\u00e9cifique qu&rsquo;elle a appel\u00e9 le \u00ab\u00a0c\u00e2ble magique\u00a0\u00bb. Elle a appel\u00e9 cela parce que, pour des raisons qu&rsquo;elle ne pouvait pas comprendre, aucun autre c\u00e2ble ne fonctionnerait tout simplement. Ces autres c\u00e2bles \u00e9taient utiles pour charger un t\u00e9l\u00e9phone ou connecter un p\u00e9riph\u00e9rique, mais pas pour ce moniteur portable. <\/p>\n<p>Si vous vous \u00eates retrouv\u00e9 dans une situation similaire, voici ce qui rend ces c\u00e2bles si magiques.<\/p>\n<h2 id=\"why-not-all-usb-c-cables-are-created-equal\">Pourquoi tous les c\u00e2bles USB-C ne sont-ils pas cr\u00e9\u00e9s \u00e9gaux<\/h2>\n<p>Pour d\u00e9montrer le principal probl\u00e8me ici, qu&rsquo;imaginez-vous quand je dis \u00ab\u00a0USB-C\u00a0\u00bb? Si vous avez imagin\u00e9 un petit connecteur ovale squat, vous avez raison! Si vous avez imagin\u00e9 cet ovale connect\u00e9 \u00e0 un c\u00e2ble, cependant, c&rsquo;est un peu une histoire diff\u00e9rente. Techniquement &#8211; et pour cette explication, nous allons devoir devenir assez techniques &#8211; \u00ab\u00a0USB-C\u00a0\u00bb se r\u00e9f\u00e8re uniquement au type de port et de connecteur lui-m\u00eame.<\/p>\n<p>Au-del\u00e0 de cela, les sp\u00e9cifications USB sont utilis\u00e9es pour indiquer les vitesses de transfert de donn\u00e9es minimales et l&rsquo;alimentation fournie. Cela peut \u00eatre compliqu\u00e9, mais la partie importante \u00e0 des fins de charge est la cote de livraison \u00e9lectrique du c\u00e2ble ou du chargeur. <\/p>\n<p>La livraison de puissance (souvent \u00e9crite en tant que USB-PD) est un sous-ensemble de sp\u00e9cifications USB qui permet \u00e0 un c\u00e2ble de fournir suffisamment d&rsquo;\u00e9nergie pour charger vos appareils. \u00ab\u00a0Assez\u00a0\u00bb est un terme assez relatif, cependant. Chaque port USB offre un peu de puissance &#8211; c&rsquo;est pourquoi votre souris c\u00e2bl\u00e9e ou votre clavier s&rsquo;allume lorsque vous les branchez, apr\u00e8s tout, mais en ce qui concerne les appareils de charge comme votre smartphone ou votre tablette, les demandes d&rsquo;\u00e9lectricit\u00e9 augmentent.<\/p>\n<h2 id=\"why-using-the-right-charger-matters\">Pourquoi l&rsquo;utilisation du bon chargeur est importante<\/h2>\n<p>La livraison de puissance \u00e9tait une caract\u00e9ristique ajout\u00e9e aux sp\u00e9cifications USB afin que les fabricants ne puissent pas indiquer la puissance d&rsquo;un chargeur particulier. Ceci est g\u00e9n\u00e9ralement mesur\u00e9 en watts (ou w). Par exemple, un ordinateur portable peut \u00eatre livr\u00e9 avec une alimentation de 100W, tandis qu&rsquo;un smartphone peut ne n\u00e9cessiter qu&rsquo;un chargeur de 20 W pour la charge rapide.<\/p>\n<p>Cela nous am\u00e8ne \u00e9galement \u00e0 un autre facteur de complication: la charge rapide. Techniquement, si vous branchez un chargeur \u00e0 ailes inf\u00e9rieure dans un appareil plus puissant, il peut toujours en charger; Cela pourrait prendre beaucoup de temps. Un chargeur 5W pourrait alimenter votre t\u00e9l\u00e9phone pendant la nuit, tandis qu&rsquo;un chargeur de 20W remplira sa batterie sur une heure ou deux.<\/p>\n<p>Pour les appareils tels que les ordinateurs portables ou les tablettes, la quantit\u00e9 d&rsquo;alimentation que vous consommez simplement en utilisant votre appareil peut en fait d\u00e9passer la quantit\u00e9 d&rsquo;alimentation qu&rsquo;un c\u00e2ble \u00e0 recharge lente peut fournir. C&rsquo;est pourquoi le moniteur portable de mon ami avait besoin d&rsquo;un c\u00e2ble sp\u00e9cifique. L&rsquo;alimentation sur un \u00e9cran lumineux prend un peu de puissance, et les c\u00e2bles non magiques n&rsquo;\u00e9taient probablement con\u00e7us que pour des choses comme le branchement dans une souris ou des \u00e9couteurs de charge. Si l&rsquo;appareil que vous avez branch\u00e9 exige plus d&rsquo;\u00e9nergie que le c\u00e2ble ou le bloc de charge, il continuera \u00e0 vider la batterie (bien que peut-\u00eatre un peu plus lente), soit s&rsquo;arr\u00eater enti\u00e8rement.<\/p>\n<p>Si vous branchez un c\u00e2ble dans un bloc de charge autonome, c&rsquo;est une autre pi\u00e8ce importante du puzzle. Les blocs de charge qui se connectent \u00e0 une prise murale ne fournissent pas toujours la quantit\u00e9 maximale de puissance aux c\u00e2bles branch\u00e9s. Certains blocs qui ont plusieurs prises pourraient m\u00eame fournir diff\u00e9rents niveaux de puissance \u00e0 diff\u00e9rentes bouchons.<\/p>\n<p>Il est important de vous assurer que tout ce que vous utilisez pour charger vos appareils, vous vous assurez que <em>chaque<\/em> L&rsquo;\u00e9tape dans la cha\u00eene est \u00e0 la hauteur de la t\u00e2che. La prise de courant de votre maison fournit suffisamment d&rsquo;\u00e9nergie (nous esp\u00e9rons), mais au-del\u00e0 de cela, le bloc de charge, le c\u00e2ble et m\u00eame l&rsquo;appareil lui-m\u00eame ont tous besoin pour prendre en charge la quantit\u00e9 de puissance dont vous avez besoin.<\/p>\n<div class=\"pogoClear relative my-10 border-b-(1.5px) border-t-(1.5px) border-dashed border-black py-5 sm:my-14 sm:border-0 sm:py-0\" data-ga-click data-ga-template=\"Explainers\" data-ga-module=\"openweb_widget\" data-ga-element=\"openweb_scroll\" data-ga-item=\"openweb_scroll_midpage\" x-data=\"{\n         commentsCount: null,\n         hasComments: false,\n         async fetchCommentsCount() {\n             try {\n                 if (window.openweb &amp;&amp; typeof window.openweb.getMessagesCount === 'function') {\n                     this.commentsCount = await window.openweb.getMessagesCount('01JXB48K6JS0HYPCFEVJA9T0QG');\n                     this.hasComments = this.commentsCount !== null &amp;&amp; this.commentsCount &gt; 0;\n                 }\n             } catch (e) {\n                 console.warn('Failed to fetch comment count:', e);\n             }\n         }\n     }\" x-init=\"fetchCommentsCount()\" x-cloak><\/p>\n<div class=\"absolute top-1\/2 hidden w-full -translate-y-1\/2 border-t-(1.5px) border-dashed border-black sm:block\"><\/div>\n<div class=\"relative flex justify-center\">\n<div class=\"flex max-w-fit items-center gap-x-3 bg-white px-5\">\n<div class=\"relative\">\n                <span class=\"absolute left-1\/2 top-1\/2 -translate-x-1\/2 -translate-y-1\/2 font-akshar text-sm font-medium text-black\" aria-live=\"polite\" x-show=\"hasComments\" x-text=\"commentsCount\"><\/span><\/p>\n<p>                <svg class=\"h-8 w-8 text-black\" role=\"img\" aria-hidden=\"true\">\n                    <use href=\"http:\/\/lifehacker.com\/images\/icons\/spritemap.svg#sprite-chat-bubble\"><\/use>\n                <\/svg>\n            <\/div>\n<p>            <span class=\"text-sm font-medium text-black\"><\/p>\n<p>                Que pensez-vous jusqu&rsquo;\u00e0 pr\u00e9sent?<br \/>\n                <button class=\"ml-1 font-semibold text-brand-green underline hover:text-brand-green-700\" type=\"button\" aria-label=\"Comment section trigger\" onclick=\"window.openweb.scrollToComments('01JXB48K6JS0HYPCFEVJA9T0QG')\" x-text=\"hasComments ? 'Post a comment.' : 'Be the first to post a comment.'\"><\/button><br \/>\n            <\/span>\n        <\/div>\n<\/p><\/div>\n<\/div>\n<h2 id=\"so-how-do-you-find-the-right-charging-cable\">Alors, comment trouvez-vous le bon c\u00e2ble de charge?<\/h2>\n<p>La partie la plus ennuyeuse de tout cela est celle entre l&rsquo;agence de normes qui g\u00e8re les sp\u00e9cifications USB et les fabricants essayant de distinguer leurs propres produits, l&rsquo;\u00e9tiquetage des c\u00e2bles USB est devenu un cauchemar. Pour le mettre en perspective, les c\u00e2bles capables de transf\u00e9rer jusqu&rsquo;\u00e0 5 Gbit \/ s ont, au cours de la derni\u00e8re d\u00e9cennie, environ \u00e9t\u00e9 appel\u00e9s USB 3.0, USB 3.1 Gen 1, <em>et<\/em> USB 3.2 Gen 1. Ces \u00e9tiquettes tous, <em>d&rsquo;une mani\u00e8re ou d&rsquo;une autre<\/em>reportez-vous \u00e0 la m\u00eame chose.<\/p>\n<p>Alors, oubliez tout \u00e7a. Si tout ce qui vous concerne, c&rsquo;est \u00e0 quelle vitesse vous facturez vos gadgets, il y a deux principales choses que vous devriez rechercher:<\/p>\n<ul>\n<li>\n<p><strong>Quel chargeur est venu avec l&rsquo;appareil? <\/strong>C&rsquo;est le plus facile. Si un chargeur ou un c\u00e2ble est venu avec votre appareil, c&rsquo;est celui qui le facturera probablement le plus rapide. Si vous utilisez un c\u00e2ble plus lent, l&rsquo;appareil ralentira pour le faire correspondre, et si vous en utilisez un plus rapidement, l&rsquo;appareil ne se chargera pas plus rapidement qu&rsquo;il n&rsquo;est programm\u00e9.<\/p>\n<\/li>\n<li>\n<p><strong>Quelle est la puissance du chargeur? <\/strong>Si vous achetez un tiers, de nombreux fabricants \u00e9num\u00e9reront la puissance maximale de leurs produits. Ceci est g\u00e9n\u00e9ralement un peu plus courant pour la charge des blocs que les c\u00e2bles eux-m\u00eames, mais en g\u00e9n\u00e9ral, plus haut est meilleur. Votre t\u00e9l\u00e9phone n&rsquo;a absolument pas besoin d&rsquo;un chargeur de 100W, mais votre ordinateur portable le pourrait. Et, comme mentionn\u00e9 pr\u00e9c\u00e9demment, vos appareils seront par d\u00e9faut l&rsquo;\u00e9l\u00e9ment le plus lent de la cha\u00eene.<\/p>\n<\/li>\n<\/ul>\n<p>Dans certains cas, vous pouvez trouver une \u00e9tiquette sur un chargeur qui r\u00e9pertorie la quantit\u00e9 d&rsquo;alimentation qu&rsquo;il fournit, comme \u00ab100W\u00bb, bien que si elle n&rsquo;est pas imprim\u00e9e directement sur un appareil, vous pouvez rechercher son mod\u00e8le en ligne. Une autre astuce pratique, si un c\u00e2ble n&rsquo;a pas d&rsquo;\u00e9tiquette mais que vous savez avec quel appareil il est venu, consiste \u00e0 rechercher le produit lui-m\u00eame. Si, par exemple, votre smartphone dit qu&rsquo;il n\u00e9cessite un chargeur de 20 W pour la charge rapide, il est s\u00fbr de supposer que les c\u00e2bles qu&rsquo;il est livr\u00e9 avec le support au moins.<\/p>\n<h2 id=\"what-happens-if-you-use-the-wrong-charger\">Que se passe-t-il si vous utilisez le \u00ab\u00a0mauvais\u00a0\u00bb chargeur?<\/h2>\n<p>La bonne nouvelle est que, dans la grande majorit\u00e9 des cas, vous n&rsquo;endommagez pas vos appareils si vous utilisez le mauvais chargeur sur eux. Un chargeur de 100W peut toujours facturer votre t\u00e9l\u00e9phone, m\u00eame s&rsquo;il n&rsquo;utilise pas sa pleine capacit\u00e9. M\u00eame un chargeur trop de souffle fournira de l&rsquo;\u00e9lectricit\u00e9; Cela pourrait bien prendre un certain temps. En fait, si vous aviez un smartphone avant que les entreprises ne commencent \u00e0 faire de la publicit\u00e9 de \u00abrecharge rapide\u00bb, c&rsquo;est essentiellement ce qui se passait.<\/p>\n<p>La seule fa\u00e7on principale pour les choses qui peuvent mal tourner est de savoir si vous essayez d&rsquo;utiliser votre appareil pour faire quelque chose qui prend plus de puissance que le chargeur peut fournir. Les ordinateurs portables de jeu sont particuli\u00e8rement sensibles \u00e0 cela. M\u00eame les chargeurs USB-C de 100W puissants ne peuvent pas toujours fournir suffisamment d&rsquo;\u00e9nergie pour compenser la demande des jeux AAA qui font fonctionner votre GPU chaud. Soit dit en passant, c&rsquo;est pourquoi les ordinateurs portables de jeu sont l&rsquo;un des rares appareils qui viennent encore avec une brique de chargement g\u00e9ant.<\/p>\n<p>M\u00eame dans ce cas, vous n&rsquo;\u00eates pas susceptible d&rsquo;endommager votre appareil, mais il s&rsquo;appuiera sur la puissance de la batterie qu&rsquo;il a pour continuer. Il s&rsquo;\u00e9coulera plus lentement, car il essaie de tirer de l&rsquo;\u00e9nergie \u00e0 la fois de la batterie et du mur \u00e0 la fois, mais si vous faites quelque chose de trop exigeant, il finira par mourir.<\/p>\n<p>En ce qui concerne les p\u00e9riph\u00e9riques &#8211; comme le moniteur portable de mon ami &#8211; qui n&rsquo;ont pas leurs propres batteries, cependant, ils ne s&rsquo;allument tout simplement pas. Si vous branchez un appareil qui a besoin d&rsquo;alimentation via USB, mais qu&rsquo;il ne s&rsquo;allume pas, il y a de fortes chances que vous utilisiez un c\u00e2ble qui n&rsquo;est pas \u00e9valu\u00e9 pour transf\u00e9rer suffisamment d&rsquo;alimentation, ou que l&rsquo;appareil dans lequel vous le branchez n&rsquo;est pas en mesure de lui donner assez.<\/p>\n","protected":false},"excerpt":{"rendered":"<p>Jusqu&rsquo;\u00e0 ce que les fabricants commencent \u00e0 mettre des \u00e9tiquettes plus claires sur leurs chargeurs, voici les meilleures fa\u00e7ons de d\u00e9terminer lesquelles ne perdent pas<\/p>\n","protected":false},"author":1,"featured_media":8084,"comment_status":"","ping_status":"","sticky":false,"template":"","format":"standard","meta":{"footnotes":""},"categories":[13],"tags":[3325,1596,3037,3135,126,734,1754,2630,8],"class_list":["post-8083","post","type-post","status-publish","format-standard","has-post-thumbnail","hentry","category-technologie","tag-appareil","tag-assez","tag-cable","tag-charge","tag-pas","tag-pourquoi","tag-rapidement","tag-usbc","tag-votre","generate-columns","tablet-grid-50","mobile-grid-100","grid-parent","grid-33"],"yoast_head":"<!-- This site is optimized with the Yoast SEO plugin v24.0 - https:\/\/yoast.com\/wordpress\/plugins\/seo\/ -->\n<title>Pourquoi ce c\u00e2ble USB-C ne charge pas votre appareil assez rapidement | Vie Associative<\/title>\n<meta name=\"robots\" content=\"index, follow, max-snippet:-1, max-image-preview:large, max-video-preview:-1\" \/>\n<link rel=\"canonical\" href=\"https:\/\/vieassociative.be\/actualites\/pourquoi-ce-cable-usb-c-ne-charge-pas-votre-appareil-assez-rapidement\/\" \/>\n<meta property=\"og:locale\" content=\"fr_FR\" \/>\n<meta property=\"og:type\" content=\"article\" \/>\n<meta property=\"og:title\" content=\"Pourquoi ce c\u00e2ble USB-C ne charge pas votre appareil assez rapidement | Vie Associative\" \/>\n<meta property=\"og:description\" content=\"Jusqu&rsquo;\u00e0 ce que les fabricants commencent \u00e0 mettre des \u00e9tiquettes plus claires sur leurs chargeurs, voici les meilleures fa\u00e7ons de d\u00e9terminer lesquelles ne perdent pas\" \/>\n<meta property=\"og:url\" content=\"https:\/\/vieassociative.be\/actualites\/pourquoi-ce-cable-usb-c-ne-charge-pas-votre-appareil-assez-rapidement\/\" \/>\n<meta property=\"og:site_name\" content=\"Vie Associative\" \/>\n<meta property=\"article:published_time\" content=\"2025-06-09T23:17:31+00:00\" \/>\n<meta property=\"og:image\" content=\"https:\/\/vieassociative.be\/actualites\/wp-content\/uploads\/2024\/09\/header_backgroundk-01-e1726694325946.png\" \/>\n\t<meta property=\"og:image:width\" content=\"279\" \/>\n\t<meta property=\"og:image:height\" content=\"92\" \/>\n\t<meta property=\"og:image:type\" content=\"image\/png\" \/>\n<meta name=\"author\" content=\"Julien\" \/>\n<meta name=\"twitter:card\" content=\"summary_large_image\" \/>\n<meta name=\"twitter:label1\" content=\"\u00c9crit par\" \/>\n\t<meta name=\"twitter:data1\" content=\"Julien\" \/>\n\t<meta name=\"twitter:label2\" content=\"Dur\u00e9e de lecture est.\" \/>\n\t<meta name=\"twitter:data2\" content=\"8 minutes\" \/>\n<script type=\"application\/ld+json\" class=\"yoast-schema-graph\">{\"@context\":\"https:\/\/schema.org\",\"@graph\":[{\"@type\":\"Article\",\"@id\":\"https:\/\/vieassociative.be\/actualites\/pourquoi-ce-cable-usb-c-ne-charge-pas-votre-appareil-assez-rapidement\/#article\",\"isPartOf\":{\"@id\":\"https:\/\/vieassociative.be\/actualites\/pourquoi-ce-cable-usb-c-ne-charge-pas-votre-appareil-assez-rapidement\/\"},\"author\":{\"name\":\"Julien\",\"@id\":\"https:\/\/vieassociative.be\/actualites\/#\/schema\/person\/b87ac4f82f9d4e7b7cec7395b679edc4\"},\"headline\":\"Pourquoi ce c\u00e2ble USB-C ne charge pas votre appareil assez rapidement\",\"datePublished\":\"2025-06-09T23:17:31+00:00\",\"dateModified\":\"2025-06-09T23:17:31+00:00\",\"mainEntityOfPage\":{\"@id\":\"https:\/\/vieassociative.be\/actualites\/pourquoi-ce-cable-usb-c-ne-charge-pas-votre-appareil-assez-rapidement\/\"},\"wordCount\":1718,\"publisher\":{\"@id\":\"https:\/\/vieassociative.be\/actualites\/#organization\"},\"image\":{\"@id\":\"https:\/\/vieassociative.be\/actualites\/pourquoi-ce-cable-usb-c-ne-charge-pas-votre-appareil-assez-rapidement\/#primaryimage\"},\"thumbnailUrl\":\"https:\/\/vieassociative.be\/actualites\/wp-content\/uploads\/2025\/06\/Pourquoi-ce-cable-USB-C-ne-charge-pas-votre-appareil-assez.jpg\",\"keywords\":[\"appareil\",\"assez\",\"c\u00e2ble\",\"charge\",\"pas\",\"Pourquoi\",\"rapidement\",\"USBC\",\"votre\"],\"articleSection\":[\"Technologie\"],\"inLanguage\":\"fr-BE\"},{\"@type\":\"WebPage\",\"@id\":\"https:\/\/vieassociative.be\/actualites\/pourquoi-ce-cable-usb-c-ne-charge-pas-votre-appareil-assez-rapidement\/\",\"url\":\"https:\/\/vieassociative.be\/actualites\/pourquoi-ce-cable-usb-c-ne-charge-pas-votre-appareil-assez-rapidement\/\",\"name\":\"Pourquoi ce c\u00e2ble USB-C ne charge pas votre appareil assez rapidement | Vie Associative\",\"isPartOf\":{\"@id\":\"https:\/\/vieassociative.be\/actualites\/#website\"},\"primaryImageOfPage\":{\"@id\":\"https:\/\/vieassociative.be\/actualites\/pourquoi-ce-cable-usb-c-ne-charge-pas-votre-appareil-assez-rapidement\/#primaryimage\"},\"image\":{\"@id\":\"https:\/\/vieassociative.be\/actualites\/pourquoi-ce-cable-usb-c-ne-charge-pas-votre-appareil-assez-rapidement\/#primaryimage\"},\"thumbnailUrl\":\"https:\/\/vieassociative.be\/actualites\/wp-content\/uploads\/2025\/06\/Pourquoi-ce-cable-USB-C-ne-charge-pas-votre-appareil-assez.jpg\",\"datePublished\":\"2025-06-09T23:17:31+00:00\",\"dateModified\":\"2025-06-09T23:17:31+00:00\",\"breadcrumb\":{\"@id\":\"https:\/\/vieassociative.be\/actualites\/pourquoi-ce-cable-usb-c-ne-charge-pas-votre-appareil-assez-rapidement\/#breadcrumb\"},\"inLanguage\":\"fr-BE\",\"potentialAction\":[{\"@type\":\"ReadAction\",\"target\":[\"https:\/\/vieassociative.be\/actualites\/pourquoi-ce-cable-usb-c-ne-charge-pas-votre-appareil-assez-rapidement\/\"]}]},{\"@type\":\"ImageObject\",\"inLanguage\":\"fr-BE\",\"@id\":\"https:\/\/vieassociative.be\/actualites\/pourquoi-ce-cable-usb-c-ne-charge-pas-votre-appareil-assez-rapidement\/#primaryimage\",\"url\":\"https:\/\/vieassociative.be\/actualites\/wp-content\/uploads\/2025\/06\/Pourquoi-ce-cable-USB-C-ne-charge-pas-votre-appareil-assez.jpg\",\"contentUrl\":\"https:\/\/vieassociative.be\/actualites\/wp-content\/uploads\/2025\/06\/Pourquoi-ce-cable-USB-C-ne-charge-pas-votre-appareil-assez.jpg\",\"width\":1200,\"height\":675,\"caption\":\"Pourquoi ce c\u00e2ble USB-C ne charge pas votre appareil assez rapidement\"},{\"@type\":\"BreadcrumbList\",\"@id\":\"https:\/\/vieassociative.be\/actualites\/pourquoi-ce-cable-usb-c-ne-charge-pas-votre-appareil-assez-rapidement\/#breadcrumb\",\"itemListElement\":[{\"@type\":\"ListItem\",\"position\":1,\"name\":\"Accueil\",\"item\":\"https:\/\/vieassociative.be\/actualites\/\"},{\"@type\":\"ListItem\",\"position\":2,\"name\":\"Pourquoi ce c\u00e2ble USB-C ne charge pas votre appareil assez rapidement\"}]},{\"@type\":\"WebSite\",\"@id\":\"https:\/\/vieassociative.be\/actualites\/#website\",\"url\":\"https:\/\/vieassociative.be\/actualites\/\",\"name\":\"Vie Associative\",\"description\":\"\",\"publisher\":{\"@id\":\"https:\/\/vieassociative.be\/actualites\/#organization\"},\"potentialAction\":[{\"@type\":\"SearchAction\",\"target\":{\"@type\":\"EntryPoint\",\"urlTemplate\":\"https:\/\/vieassociative.be\/actualites\/?s={search_term_string}\"},\"query-input\":{\"@type\":\"PropertyValueSpecification\",\"valueRequired\":true,\"valueName\":\"search_term_string\"}}],\"inLanguage\":\"fr-BE\"},{\"@type\":\"Organization\",\"@id\":\"https:\/\/vieassociative.be\/actualites\/#organization\",\"name\":\"Vie Associative\",\"url\":\"https:\/\/vieassociative.be\/actualites\/\",\"logo\":{\"@type\":\"ImageObject\",\"inLanguage\":\"fr-BE\",\"@id\":\"https:\/\/vieassociative.be\/actualites\/#\/schema\/logo\/image\/\",\"url\":\"https:\/\/vieassociative.be\/actualites\/wp-content\/uploads\/2024\/09\/cropped-vieassociative_favicon.ico.png\",\"contentUrl\":\"https:\/\/vieassociative.be\/actualites\/wp-content\/uploads\/2024\/09\/cropped-vieassociative_favicon.ico.png\",\"width\":512,\"height\":512,\"caption\":\"Vie Associative\"},\"image\":{\"@id\":\"https:\/\/vieassociative.be\/actualites\/#\/schema\/logo\/image\/\"}},{\"@type\":\"Person\",\"@id\":\"https:\/\/vieassociative.be\/actualites\/#\/schema\/person\/b87ac4f82f9d4e7b7cec7395b679edc4\",\"name\":\"Julien\",\"image\":{\"@type\":\"ImageObject\",\"inLanguage\":\"fr-BE\",\"@id\":\"https:\/\/vieassociative.be\/actualites\/#\/schema\/person\/image\/\",\"url\":\"https:\/\/vieassociative.be\/actualites\/wp-content\/uploads\/2024\/09\/vie-associative-1-150x150.jpg\",\"contentUrl\":\"https:\/\/vieassociative.be\/actualites\/wp-content\/uploads\/2024\/09\/vie-associative-1-150x150.jpg\",\"caption\":\"Julien\"},\"description\":\"Je suis Julien, r\u00e9dacteur pour Vie Associative. Passionn\u00e9 par le monde associatif depuis plus de 10 ans, j'ai \u00e0 c\u0153ur de partager des histoires inspirantes et de mettre en lumi\u00e8re les initiatives locales. Mon objectif est de sensibiliser et d'encourager l'engagement communautaire \u00e0 travers mes articles.\",\"sameAs\":[\"https:\/\/vieassociative.be\/\"]}]}<\/script>\n<!-- \/ Yoast SEO plugin. -->","yoast_head_json":{"title":"Pourquoi ce c\u00e2ble USB-C ne charge pas votre appareil assez rapidement | Vie Associative","robots":{"index":"index","follow":"follow","max-snippet":"max-snippet:-1","max-image-preview":"max-image-preview:large","max-video-preview":"max-video-preview:-1"},"canonical":"https:\/\/vieassociative.be\/actualites\/pourquoi-ce-cable-usb-c-ne-charge-pas-votre-appareil-assez-rapidement\/","og_locale":"fr_FR","og_type":"article","og_title":"Pourquoi ce c\u00e2ble USB-C ne charge pas votre appareil assez rapidement | Vie Associative","og_description":"Jusqu&rsquo;\u00e0 ce que les fabricants commencent \u00e0 mettre des \u00e9tiquettes plus claires sur leurs chargeurs, voici les meilleures fa\u00e7ons de d\u00e9terminer lesquelles ne perdent pas","og_url":"https:\/\/vieassociative.be\/actualites\/pourquoi-ce-cable-usb-c-ne-charge-pas-votre-appareil-assez-rapidement\/","og_site_name":"Vie Associative","article_published_time":"2025-06-09T23:17:31+00:00","og_image":[{"width":279,"height":92,"url":"https:\/\/vieassociative.be\/actualites\/wp-content\/uploads\/2024\/09\/header_backgroundk-01-e1726694325946.png","type":"image\/png"}],"author":"Julien","twitter_card":"summary_large_image","twitter_misc":{"\u00c9crit par":"Julien","Dur\u00e9e de lecture est.":"8 minutes"},"schema":{"@context":"https:\/\/schema.org","@graph":[{"@type":"Article","@id":"https:\/\/vieassociative.be\/actualites\/pourquoi-ce-cable-usb-c-ne-charge-pas-votre-appareil-assez-rapidement\/#article","isPartOf":{"@id":"https:\/\/vieassociative.be\/actualites\/pourquoi-ce-cable-usb-c-ne-charge-pas-votre-appareil-assez-rapidement\/"},"author":{"name":"Julien","@id":"https:\/\/vieassociative.be\/actualites\/#\/schema\/person\/b87ac4f82f9d4e7b7cec7395b679edc4"},"headline":"Pourquoi ce c\u00e2ble USB-C ne charge pas votre appareil assez rapidement","datePublished":"2025-06-09T23:17:31+00:00","dateModified":"2025-06-09T23:17:31+00:00","mainEntityOfPage":{"@id":"https:\/\/vieassociative.be\/actualites\/pourquoi-ce-cable-usb-c-ne-charge-pas-votre-appareil-assez-rapidement\/"},"wordCount":1718,"publisher":{"@id":"https:\/\/vieassociative.be\/actualites\/#organization"},"image":{"@id":"https:\/\/vieassociative.be\/actualites\/pourquoi-ce-cable-usb-c-ne-charge-pas-votre-appareil-assez-rapidement\/#primaryimage"},"thumbnailUrl":"https:\/\/vieassociative.be\/actualites\/wp-content\/uploads\/2025\/06\/Pourquoi-ce-cable-USB-C-ne-charge-pas-votre-appareil-assez.jpg","keywords":["appareil","assez","c\u00e2ble","charge","pas","Pourquoi","rapidement","USBC","votre"],"articleSection":["Technologie"],"inLanguage":"fr-BE"},{"@type":"WebPage","@id":"https:\/\/vieassociative.be\/actualites\/pourquoi-ce-cable-usb-c-ne-charge-pas-votre-appareil-assez-rapidement\/","url":"https:\/\/vieassociative.be\/actualites\/pourquoi-ce-cable-usb-c-ne-charge-pas-votre-appareil-assez-rapidement\/","name":"Pourquoi ce c\u00e2ble USB-C ne charge pas votre appareil assez rapidement | Vie Associative","isPartOf":{"@id":"https:\/\/vieassociative.be\/actualites\/#website"},"primaryImageOfPage":{"@id":"https:\/\/vieassociative.be\/actualites\/pourquoi-ce-cable-usb-c-ne-charge-pas-votre-appareil-assez-rapidement\/#primaryimage"},"image":{"@id":"https:\/\/vieassociative.be\/actualites\/pourquoi-ce-cable-usb-c-ne-charge-pas-votre-appareil-assez-rapidement\/#primaryimage"},"thumbnailUrl":"https:\/\/vieassociative.be\/actualites\/wp-content\/uploads\/2025\/06\/Pourquoi-ce-cable-USB-C-ne-charge-pas-votre-appareil-assez.jpg","datePublished":"2025-06-09T23:17:31+00:00","dateModified":"2025-06-09T23:17:31+00:00","breadcrumb":{"@id":"https:\/\/vieassociative.be\/actualites\/pourquoi-ce-cable-usb-c-ne-charge-pas-votre-appareil-assez-rapidement\/#breadcrumb"},"inLanguage":"fr-BE","potentialAction":[{"@type":"ReadAction","target":["https:\/\/vieassociative.be\/actualites\/pourquoi-ce-cable-usb-c-ne-charge-pas-votre-appareil-assez-rapidement\/"]}]},{"@type":"ImageObject","inLanguage":"fr-BE","@id":"https:\/\/vieassociative.be\/actualites\/pourquoi-ce-cable-usb-c-ne-charge-pas-votre-appareil-assez-rapidement\/#primaryimage","url":"https:\/\/vieassociative.be\/actualites\/wp-content\/uploads\/2025\/06\/Pourquoi-ce-cable-USB-C-ne-charge-pas-votre-appareil-assez.jpg","contentUrl":"https:\/\/vieassociative.be\/actualites\/wp-content\/uploads\/2025\/06\/Pourquoi-ce-cable-USB-C-ne-charge-pas-votre-appareil-assez.jpg","width":1200,"height":675,"caption":"Pourquoi ce c\u00e2ble USB-C ne charge pas votre appareil assez rapidement"},{"@type":"BreadcrumbList","@id":"https:\/\/vieassociative.be\/actualites\/pourquoi-ce-cable-usb-c-ne-charge-pas-votre-appareil-assez-rapidement\/#breadcrumb","itemListElement":[{"@type":"ListItem","position":1,"name":"Accueil","item":"https:\/\/vieassociative.be\/actualites\/"},{"@type":"ListItem","position":2,"name":"Pourquoi ce c\u00e2ble USB-C ne charge pas votre appareil assez rapidement"}]},{"@type":"WebSite","@id":"https:\/\/vieassociative.be\/actualites\/#website","url":"https:\/\/vieassociative.be\/actualites\/","name":"Vie Associative","description":"","publisher":{"@id":"https:\/\/vieassociative.be\/actualites\/#organization"},"potentialAction":[{"@type":"SearchAction","target":{"@type":"EntryPoint","urlTemplate":"https:\/\/vieassociative.be\/actualites\/?s={search_term_string}"},"query-input":{"@type":"PropertyValueSpecification","valueRequired":true,"valueName":"search_term_string"}}],"inLanguage":"fr-BE"},{"@type":"Organization","@id":"https:\/\/vieassociative.be\/actualites\/#organization","name":"Vie Associative","url":"https:\/\/vieassociative.be\/actualites\/","logo":{"@type":"ImageObject","inLanguage":"fr-BE","@id":"https:\/\/vieassociative.be\/actualites\/#\/schema\/logo\/image\/","url":"https:\/\/vieassociative.be\/actualites\/wp-content\/uploads\/2024\/09\/cropped-vieassociative_favicon.ico.png","contentUrl":"https:\/\/vieassociative.be\/actualites\/wp-content\/uploads\/2024\/09\/cropped-vieassociative_favicon.ico.png","width":512,"height":512,"caption":"Vie Associative"},"image":{"@id":"https:\/\/vieassociative.be\/actualites\/#\/schema\/logo\/image\/"}},{"@type":"Person","@id":"https:\/\/vieassociative.be\/actualites\/#\/schema\/person\/b87ac4f82f9d4e7b7cec7395b679edc4","name":"Julien","image":{"@type":"ImageObject","inLanguage":"fr-BE","@id":"https:\/\/vieassociative.be\/actualites\/#\/schema\/person\/image\/","url":"https:\/\/vieassociative.be\/actualites\/wp-content\/uploads\/2024\/09\/vie-associative-1-150x150.jpg","contentUrl":"https:\/\/vieassociative.be\/actualites\/wp-content\/uploads\/2024\/09\/vie-associative-1-150x150.jpg","caption":"Julien"},"description":"Je suis Julien, r\u00e9dacteur pour Vie Associative. Passionn\u00e9 par le monde associatif depuis plus de 10 ans, j'ai \u00e0 c\u0153ur de partager des histoires inspirantes et de mettre en lumi\u00e8re les initiatives locales. Mon objectif est de sensibiliser et d'encourager l'engagement communautaire \u00e0 travers mes articles.","sameAs":["https:\/\/vieassociative.be\/"]}]}},"_links":{"self":[{"href":"https:\/\/vieassociative.be\/actualites\/wp-json\/wp\/v2\/posts\/8083"}],"collection":[{"href":"https:\/\/vieassociative.be\/actualites\/wp-json\/wp\/v2\/posts"}],"about":[{"href":"https:\/\/vieassociative.be\/actualites\/wp-json\/wp\/v2\/types\/post"}],"author":[{"embeddable":true,"href":"https:\/\/vieassociative.be\/actualites\/wp-json\/wp\/v2\/users\/1"}],"replies":[{"embeddable":true,"href":"https:\/\/vieassociative.be\/actualites\/wp-json\/wp\/v2\/comments?post=8083"}],"version-history":[{"count":0,"href":"https:\/\/vieassociative.be\/actualites\/wp-json\/wp\/v2\/posts\/8083\/revisions"}],"wp:featuredmedia":[{"embeddable":true,"href":"https:\/\/vieassociative.be\/actualites\/wp-json\/wp\/v2\/media\/8084"}],"wp:attachment":[{"href":"https:\/\/vieassociative.be\/actualites\/wp-json\/wp\/v2\/media?parent=8083"}],"wp:term":[{"taxonomy":"category","embeddable":true,"href":"https:\/\/vieassociative.be\/actualites\/wp-json\/wp\/v2\/categories?post=8083"},{"taxonomy":"post_tag","embeddable":true,"href":"https:\/\/vieassociative.be\/actualites\/wp-json\/wp\/v2\/tags?post=8083"}],"curies":[{"name":"wp","href":"https:\/\/api.w.org\/{rel}","templated":true}]}}