{"id":8081,"date":"2025-06-09T22:17:44","date_gmt":"2025-06-09T20:17:44","guid":{"rendered":"https:\/\/vieassociative.be\/actualites\/il-y-a-exactement-un-an-paasch-a-amene-le-csp-dans-le-gouvernement-et-a-pousse-antoniadis-sur-le-revetement\/"},"modified":"2025-06-09T22:17:44","modified_gmt":"2025-06-09T20:17:44","slug":"il-y-a-exactement-un-an-paasch-a-amene-le-csp-dans-le-gouvernement-et-a-pousse-antoniadis-sur-le-revetement","status":"publish","type":"post","link":"https:\/\/vieassociative.be\/actualites\/il-y-a-exactement-un-an-paasch-a-amene-le-csp-dans-le-gouvernement-et-a-pousse-antoniadis-sur-le-revetement\/","title":{"rendered":"Il y a exactement un an, Paasch a amen\u00e9 le CSP dans le gouvernement et a pouss\u00e9 Antoniadis sur le rev\u00eatement"},"content":{"rendered":"<p><strong>9 juin 2024: Il y a exactement un an, la premi\u00e8re partie de la super ann\u00e9e \u00e9lectorale a eu lieu en Belgique. Quatre parlements ont \u00e9t\u00e9 nouvellement \u00e9lus: la Chambre de d\u00e9put\u00e9 \u00e0 Bruxelles, les parlements r\u00e9gionaux de Wallonie, de Flandre et de Bruxelles, le parlement DG \u00e0 Eupen et le Parlement europ\u00e9en \u00e0 Strasbourg.<\/strong><\/p>\n<p><span id=\"more-417388\"><\/span>En 2024, l&rsquo;\u00e9lection du PDG a \u00e9t\u00e9 la plus importante en Belgique de l&rsquo;Est, bien qu&rsquo;au cours des derni\u00e8res ann\u00e9es en raison de la guerre pand\u00e9mique et de l&rsquo;Ukraine, l&rsquo;importance de la politique au niveau national et international a consid\u00e9rablement augment\u00e9.<\/p>\n<p>L&rsquo;\u00e9lection du PDG \u00e9tait \u00e9galement attendue cette fois avec une grande excitation car, contrairement \u00e0 2019, le Premier ministre Oliver Paasch et le ProDG ne s&rsquo;\u00e9taient pas engag\u00e9s dans une d\u00e9claration de coalition, pour ne pas poursuivre l&rsquo;alliance de ProDG, SP et PFF dans le cas o\u00f9 ce triangle continuerait de fournir la majorit\u00e9 des si\u00e8ges du Parlement du DG.<\/p>\n<div id=\"attachment_387397\" class=\"wp-caption alignleft\" style=\"max-width: 300px\"><img fetchpriority=\"high\" decoding=\"async\" class=\"wp-image-387397 size-medium\" src=\"https:\/\/vieassociative.be\/actualites\/wp-content\/uploads\/2025\/06\/Il-y-a-exactement-un-an-Paasch-a-amene-le.jpg\" alt=\"\" width=\"300\" height=\"200\"><\/p>\n<p class=\"wp-caption-text\">13.06.2024, Belgique, Eupen: Photo de groupe des principaux chefs de la nouvelle coalition de Prodg, CSP et PFF devant le Parlement (VLNR): Lydia Klinkenberg, Gregor Cheeky, Liesa Scholzen, Oliver Paasch, J\u00e9r\u00f4me Fransen, Pascal Arimont et Patria Creutze. Photo: Patrick von Staufenberg<\/p>\n<\/div>\n<p>De plus, Vivant ne s&rsquo;\u00e9tait pas engag\u00e9 \u00e0 suspendre la faction de l&rsquo;opposition pour la premi\u00e8re fois. Au contraire, le parti de Michael Balter \u00e9tait pr\u00eat pour la premi\u00e8re fois pour \u00ab\u00a0assumer la responsabilit\u00e9\u00a0\u00bb.<\/p>\n<p>Prodg \u00e9tait un grand vainqueur des \u00e9lections. Le parti du Premier ministre Paasch a augment\u00e9 de 5,8% et a atteint 29,1%. D&rsquo;un autre c\u00f4t\u00e9, le CSP a perdu 3,4%. Il est arriv\u00e9 \u00e0 19,8%. Le SP avec le meilleur candidat Antonios Antoniadis a perdu 1,2% et avait 13,7%. Le PFF a atteint 12,0% (+0,7%).<\/p>\n<p>En plus du CSP, les perdants \u00e9lectoraux ont \u00e9galement inclus les deux autres partis d&rsquo;opposition Ecolo (-3,6% \u00e0 8,9%) et Vivant (- 0,4% \u00e0 14,4%). Cependant, Vivant est devenu la troisi\u00e8me force la plus forte du PDG derri\u00e8re le prodg et le CSP. La liste24.dg a atteint 0,4%, la liste Huppertz + CO 1,7%.<\/p>\n<\/p>\n<div id=\"attachment_389506\" class=\"wp-caption alignleft\" style=\"max-width: 300px\"><img decoding=\"async\" class=\"wp-image-389506 size-medium\" src=\"https:\/\/vieassociative.be\/actualites\/wp-content\/uploads\/2025\/06\/1749500264_949_Il-y-a-exactement-un-an-Paasch-a-amene-le.jpg\" alt=\"\" width=\"300\" height=\"202\"><\/p>\n<p class=\"wp-caption-text\">Tout juste satire (cliquez pour agrandir l&rsquo;image) &#8211; Le nouveau gouvernement de la DG avec (de gauche \u00e0 droite) Oliver Paasch (Prodg) et les ministres J\u00e9r\u00f4me Franssen (CSP), Gregor Cheeky (PFF) et Lydia Klinkenberg (Prodg). Photo: Patrick von Staufenberg<\/p>\n<\/div>\n<p>Pour le dire, cela signifiait que ProDG s&rsquo;est am\u00e9lior\u00e9 de 2 si\u00e8ges de 6 \u00e0 8, tandis que le CSP, Ecolo et SP ont perdu 1 si\u00e8ge (chacun \u00e0 5, 2 et 3 mandats). Vivant s&rsquo;est am\u00e9lior\u00e9 de 1 si\u00e8ge de 3 \u00e0 4 mandats. Le PFF a conserv\u00e9 3 si\u00e8ges.<\/p>\n<p>Bien que Paasch ait assur\u00e9 \u00e0 plusieurs reprises qu&rsquo;il n&rsquo;y avait aucun accord de pr\u00e9-s\u00e9lection avec le CSP, le vainqueur des \u00e9lections n&rsquo;a rien fait le soir des \u00e9lections pour au moins donner la comparution qu&rsquo;il n&rsquo;y avait aucun accord avant l&rsquo;\u00e9lection du PDG. Paasch a rencontr\u00e9 le candidat de haut niveau du CSP, J\u00e9r\u00f4me, Franssen, cens\u00e9 explorer s&rsquo;il y avait suffisamment de \u00ab\u00a0intersections\u00a0\u00bb entre prodg et CSP. La question a \u00e9t\u00e9 r\u00e9pondue \u00e0 Nullkommanix: il y avait suffisamment d&rsquo;intersections. Bien que l&rsquo;ancienne coalition triple de prodg, SP et PFF aient toujours eu une majorit\u00e9 avec 14 mandats sur 25, tout a indiqu\u00e9 une alliance entre le vainqueur des \u00e9lections CDG et le perdant \u00e9lectoral CSP.<\/p>\n<p>La seule question \u00e9tait de clarifier s&rsquo;il y aurait une coalition \u00e0 deux ou triples, et si une triple coalition quant \u00e0 savoir si le SP ou le PFF serait le tiers du groupe. <\/p>\n<\/p>\n<div id=\"attachment_387399\" class=\"wp-caption alignleft\" style=\"max-width: 300px\"><img decoding=\"async\" class=\"wp-image-387399 size-medium\" src=\"https:\/\/vieassociative.be\/actualites\/wp-content\/uploads\/2025\/06\/1749500264_51_Il-y-a-exactement-un-an-Paasch-a-amene-le.jpg\" alt=\"\" width=\"300\" height=\"200\"><\/p>\n<p class=\"wp-caption-text\">Conf\u00e9rence de presse jeudi apr\u00e8s les \u00e9lections au Parlement de la DG. Photo: Patrick von Staufenberg<\/p>\n<\/div>\n<p>Prodg et CSP ont d\u00e9cid\u00e9 relativement rapidement, notamment dans le contexte de la coalition \u00e9mergente de MR et Les Engages au Parlement Walloon pour obtenir les lib\u00e9raux de Gregor Sch\u00fccht \u00e0 bord. Le SP d&rsquo;Antonios Antoniadis a \u00e9t\u00e9 interdit dans l&rsquo;opposition.<\/p>\n<p>Quant aux \u00e9l\u00e9ments et responsabilit\u00e9s les plus importants, ils ont \u00e9t\u00e9 divis\u00e9s entre CDG, CSP et PFF comme suit: PaaSch, en tant que Premier ministre, \u00e9tait responsable des finances et \u00e9galement de la planification spatiale. Lydia Klinkenberg (Prodg) a repris le domaine de la sant\u00e9 et des affaires sociales. J\u00e9r\u00f4me Franssen (CSP) est devenu le nouveau ministre de l&rsquo;\u00c9ducation et de l&#8217;emploi. Et Gregor Cheeky (PFF) \u00e9tait responsable des domaines de la culture, du sport, de la jeunesse et du tourisme.<\/p>\n<p>Patricia Creutz (CSP) est devenue la nouvelle pr\u00e9sidente du Parlement de la DG, tandis que Liesa Scholzen (Prodg) a \u00e9t\u00e9 propos\u00e9e au Parlement en tant que nouvelle s\u00e9natrice de la communaut\u00e9. (Cre)<\/p>\n","protected":false},"excerpt":{"rendered":"<p>9 juin 2024: Il y a exactement un an, la premi\u00e8re partie de la super ann\u00e9e \u00e9lectorale a eu lieu en Belgique. Quatre parlements ont<\/p>\n","protected":false},"author":1,"featured_media":8082,"comment_status":"","ping_status":"","sticky":false,"template":"","format":"standard","meta":{"footnotes":""},"categories":[298],"tags":[7347,6867,2400,166,5128,615,2553,7348,7349,33],"class_list":["post-8081","post","type-post","status-publish","format-standard","has-post-thumbnail","hentry","category-belgique","tag-amene","tag-antoniadis","tag-csp","tag-dans","tag-exactement","tag-gouvernement","tag-paasch","tag-pousse","tag-revetement","tag-sur","generate-columns","tablet-grid-50","mobile-grid-100","grid-parent","grid-33"],"yoast_head":"<!-- This site is optimized with the Yoast SEO plugin v24.0 - https:\/\/yoast.com\/wordpress\/plugins\/seo\/ -->\n<title>Il y a exactement un an, Paasch a amen\u00e9 le CSP dans le gouvernement et a pouss\u00e9 Antoniadis sur le rev\u00eatement | Vie Associative<\/title>\n<meta name=\"robots\" content=\"index, follow, max-snippet:-1, max-image-preview:large, max-video-preview:-1\" \/>\n<link rel=\"canonical\" href=\"https:\/\/vieassociative.be\/actualites\/il-y-a-exactement-un-an-paasch-a-amene-le-csp-dans-le-gouvernement-et-a-pousse-antoniadis-sur-le-revetement\/\" \/>\n<meta property=\"og:locale\" content=\"fr_FR\" \/>\n<meta property=\"og:type\" content=\"article\" \/>\n<meta property=\"og:title\" content=\"Il y a exactement un an, Paasch a amen\u00e9 le CSP dans le gouvernement et a pouss\u00e9 Antoniadis sur le rev\u00eatement | Vie Associative\" \/>\n<meta property=\"og:description\" content=\"9 juin 2024: Il y a exactement un an, la premi\u00e8re partie de la super ann\u00e9e \u00e9lectorale a eu lieu en Belgique. Quatre parlements ont\" \/>\n<meta property=\"og:url\" content=\"https:\/\/vieassociative.be\/actualites\/il-y-a-exactement-un-an-paasch-a-amene-le-csp-dans-le-gouvernement-et-a-pousse-antoniadis-sur-le-revetement\/\" \/>\n<meta property=\"og:site_name\" content=\"Vie Associative\" \/>\n<meta property=\"article:published_time\" content=\"2025-06-09T20:17:44+00:00\" \/>\n<meta property=\"og:image\" content=\"https:\/\/vieassociative.be\/actualites\/wp-content\/uploads\/2024\/09\/header_backgroundk-01-e1726694325946.png\" \/>\n\t<meta property=\"og:image:width\" content=\"279\" \/>\n\t<meta property=\"og:image:height\" content=\"92\" \/>\n\t<meta property=\"og:image:type\" content=\"image\/png\" \/>\n<meta name=\"author\" content=\"Julien\" \/>\n<meta name=\"twitter:card\" content=\"summary_large_image\" \/>\n<meta name=\"twitter:label1\" content=\"\u00c9crit par\" \/>\n\t<meta name=\"twitter:data1\" content=\"Julien\" \/>\n\t<meta name=\"twitter:label2\" content=\"Dur\u00e9e de lecture est.\" \/>\n\t<meta name=\"twitter:data2\" content=\"4 minutes\" \/>\n<script type=\"application\/ld+json\" class=\"yoast-schema-graph\">{\"@context\":\"https:\/\/schema.org\",\"@graph\":[{\"@type\":\"Article\",\"@id\":\"https:\/\/vieassociative.be\/actualites\/il-y-a-exactement-un-an-paasch-a-amene-le-csp-dans-le-gouvernement-et-a-pousse-antoniadis-sur-le-revetement\/#article\",\"isPartOf\":{\"@id\":\"https:\/\/vieassociative.be\/actualites\/il-y-a-exactement-un-an-paasch-a-amene-le-csp-dans-le-gouvernement-et-a-pousse-antoniadis-sur-le-revetement\/\"},\"author\":{\"name\":\"Julien\",\"@id\":\"https:\/\/vieassociative.be\/actualites\/#\/schema\/person\/b87ac4f82f9d4e7b7cec7395b679edc4\"},\"headline\":\"Il y a exactement un an, Paasch a amen\u00e9 le CSP dans le gouvernement et a pouss\u00e9 Antoniadis sur le rev\u00eatement\",\"datePublished\":\"2025-06-09T20:17:44+00:00\",\"dateModified\":\"2025-06-09T20:17:44+00:00\",\"mainEntityOfPage\":{\"@id\":\"https:\/\/vieassociative.be\/actualites\/il-y-a-exactement-un-an-paasch-a-amene-le-csp-dans-le-gouvernement-et-a-pousse-antoniadis-sur-le-revetement\/\"},\"wordCount\":798,\"publisher\":{\"@id\":\"https:\/\/vieassociative.be\/actualites\/#organization\"},\"image\":{\"@id\":\"https:\/\/vieassociative.be\/actualites\/il-y-a-exactement-un-an-paasch-a-amene-le-csp-dans-le-gouvernement-et-a-pousse-antoniadis-sur-le-revetement\/#primaryimage\"},\"thumbnailUrl\":\"https:\/\/vieassociative.be\/actualites\/wp-content\/uploads\/2025\/06\/1749500265_Il-y-a-exactement-un-an-Paasch-a-amene-le.jpg\",\"keywords\":[\"amen\u00e9\",\"Antoniadis\",\"CSP\",\"dans\",\"exactement\",\"gouvernement\",\"Paasch\",\"pouss\u00e9\",\"rev\u00eatement\",\"sur\"],\"articleSection\":[\"Belgique\"],\"inLanguage\":\"fr-BE\"},{\"@type\":\"WebPage\",\"@id\":\"https:\/\/vieassociative.be\/actualites\/il-y-a-exactement-un-an-paasch-a-amene-le-csp-dans-le-gouvernement-et-a-pousse-antoniadis-sur-le-revetement\/\",\"url\":\"https:\/\/vieassociative.be\/actualites\/il-y-a-exactement-un-an-paasch-a-amene-le-csp-dans-le-gouvernement-et-a-pousse-antoniadis-sur-le-revetement\/\",\"name\":\"Il y a exactement un an, Paasch a amen\u00e9 le CSP dans le gouvernement et a pouss\u00e9 Antoniadis sur le rev\u00eatement | Vie Associative\",\"isPartOf\":{\"@id\":\"https:\/\/vieassociative.be\/actualites\/#website\"},\"primaryImageOfPage\":{\"@id\":\"https:\/\/vieassociative.be\/actualites\/il-y-a-exactement-un-an-paasch-a-amene-le-csp-dans-le-gouvernement-et-a-pousse-antoniadis-sur-le-revetement\/#primaryimage\"},\"image\":{\"@id\":\"https:\/\/vieassociative.be\/actualites\/il-y-a-exactement-un-an-paasch-a-amene-le-csp-dans-le-gouvernement-et-a-pousse-antoniadis-sur-le-revetement\/#primaryimage\"},\"thumbnailUrl\":\"https:\/\/vieassociative.be\/actualites\/wp-content\/uploads\/2025\/06\/1749500265_Il-y-a-exactement-un-an-Paasch-a-amene-le.jpg\",\"datePublished\":\"2025-06-09T20:17:44+00:00\",\"dateModified\":\"2025-06-09T20:17:44+00:00\",\"breadcrumb\":{\"@id\":\"https:\/\/vieassociative.be\/actualites\/il-y-a-exactement-un-an-paasch-a-amene-le-csp-dans-le-gouvernement-et-a-pousse-antoniadis-sur-le-revetement\/#breadcrumb\"},\"inLanguage\":\"fr-BE\",\"potentialAction\":[{\"@type\":\"ReadAction\",\"target\":[\"https:\/\/vieassociative.be\/actualites\/il-y-a-exactement-un-an-paasch-a-amene-le-csp-dans-le-gouvernement-et-a-pousse-antoniadis-sur-le-revetement\/\"]}]},{\"@type\":\"ImageObject\",\"inLanguage\":\"fr-BE\",\"@id\":\"https:\/\/vieassociative.be\/actualites\/il-y-a-exactement-un-an-paasch-a-amene-le-csp-dans-le-gouvernement-et-a-pousse-antoniadis-sur-le-revetement\/#primaryimage\",\"url\":\"https:\/\/vieassociative.be\/actualites\/wp-content\/uploads\/2025\/06\/1749500265_Il-y-a-exactement-un-an-Paasch-a-amene-le.jpg\",\"contentUrl\":\"https:\/\/vieassociative.be\/actualites\/wp-content\/uploads\/2025\/06\/1749500265_Il-y-a-exactement-un-an-Paasch-a-amene-le.jpg\",\"width\":1300,\"height\":869,\"caption\":\"Il y a exactement un an, Paasch a amen\u00e9 le CSP dans le gouvernement et a pouss\u00e9 Antoniadis sur le rev\u00eatement\"},{\"@type\":\"BreadcrumbList\",\"@id\":\"https:\/\/vieassociative.be\/actualites\/il-y-a-exactement-un-an-paasch-a-amene-le-csp-dans-le-gouvernement-et-a-pousse-antoniadis-sur-le-revetement\/#breadcrumb\",\"itemListElement\":[{\"@type\":\"ListItem\",\"position\":1,\"name\":\"Accueil\",\"item\":\"https:\/\/vieassociative.be\/actualites\/\"},{\"@type\":\"ListItem\",\"position\":2,\"name\":\"Il y a exactement un an, Paasch a amen\u00e9 le CSP dans le gouvernement et a pouss\u00e9 Antoniadis sur le rev\u00eatement\"}]},{\"@type\":\"WebSite\",\"@id\":\"https:\/\/vieassociative.be\/actualites\/#website\",\"url\":\"https:\/\/vieassociative.be\/actualites\/\",\"name\":\"Vie Associative\",\"description\":\"\",\"publisher\":{\"@id\":\"https:\/\/vieassociative.be\/actualites\/#organization\"},\"potentialAction\":[{\"@type\":\"SearchAction\",\"target\":{\"@type\":\"EntryPoint\",\"urlTemplate\":\"https:\/\/vieassociative.be\/actualites\/?s={search_term_string}\"},\"query-input\":{\"@type\":\"PropertyValueSpecification\",\"valueRequired\":true,\"valueName\":\"search_term_string\"}}],\"inLanguage\":\"fr-BE\"},{\"@type\":\"Organization\",\"@id\":\"https:\/\/vieassociative.be\/actualites\/#organization\",\"name\":\"Vie Associative\",\"url\":\"https:\/\/vieassociative.be\/actualites\/\",\"logo\":{\"@type\":\"ImageObject\",\"inLanguage\":\"fr-BE\",\"@id\":\"https:\/\/vieassociative.be\/actualites\/#\/schema\/logo\/image\/\",\"url\":\"https:\/\/vieassociative.be\/actualites\/wp-content\/uploads\/2024\/09\/cropped-vieassociative_favicon.ico.png\",\"contentUrl\":\"https:\/\/vieassociative.be\/actualites\/wp-content\/uploads\/2024\/09\/cropped-vieassociative_favicon.ico.png\",\"width\":512,\"height\":512,\"caption\":\"Vie Associative\"},\"image\":{\"@id\":\"https:\/\/vieassociative.be\/actualites\/#\/schema\/logo\/image\/\"}},{\"@type\":\"Person\",\"@id\":\"https:\/\/vieassociative.be\/actualites\/#\/schema\/person\/b87ac4f82f9d4e7b7cec7395b679edc4\",\"name\":\"Julien\",\"image\":{\"@type\":\"ImageObject\",\"inLanguage\":\"fr-BE\",\"@id\":\"https:\/\/vieassociative.be\/actualites\/#\/schema\/person\/image\/\",\"url\":\"https:\/\/vieassociative.be\/actualites\/wp-content\/uploads\/2024\/09\/vie-associative-1-150x150.jpg\",\"contentUrl\":\"https:\/\/vieassociative.be\/actualites\/wp-content\/uploads\/2024\/09\/vie-associative-1-150x150.jpg\",\"caption\":\"Julien\"},\"description\":\"Je suis Julien, r\u00e9dacteur pour Vie Associative. Passionn\u00e9 par le monde associatif depuis plus de 10 ans, j'ai \u00e0 c\u0153ur de partager des histoires inspirantes et de mettre en lumi\u00e8re les initiatives locales. Mon objectif est de sensibiliser et d'encourager l'engagement communautaire \u00e0 travers mes articles.\",\"sameAs\":[\"https:\/\/vieassociative.be\/\"]}]}<\/script>\n<!-- \/ Yoast SEO plugin. -->","yoast_head_json":{"title":"Il y a exactement un an, Paasch a amen\u00e9 le CSP dans le gouvernement et a pouss\u00e9 Antoniadis sur le rev\u00eatement | Vie Associative","robots":{"index":"index","follow":"follow","max-snippet":"max-snippet:-1","max-image-preview":"max-image-preview:large","max-video-preview":"max-video-preview:-1"},"canonical":"https:\/\/vieassociative.be\/actualites\/il-y-a-exactement-un-an-paasch-a-amene-le-csp-dans-le-gouvernement-et-a-pousse-antoniadis-sur-le-revetement\/","og_locale":"fr_FR","og_type":"article","og_title":"Il y a exactement un an, Paasch a amen\u00e9 le CSP dans le gouvernement et a pouss\u00e9 Antoniadis sur le rev\u00eatement | Vie Associative","og_description":"9 juin 2024: Il y a exactement un an, la premi\u00e8re partie de la super ann\u00e9e \u00e9lectorale a eu lieu en Belgique. Quatre parlements ont","og_url":"https:\/\/vieassociative.be\/actualites\/il-y-a-exactement-un-an-paasch-a-amene-le-csp-dans-le-gouvernement-et-a-pousse-antoniadis-sur-le-revetement\/","og_site_name":"Vie Associative","article_published_time":"2025-06-09T20:17:44+00:00","og_image":[{"width":279,"height":92,"url":"https:\/\/vieassociative.be\/actualites\/wp-content\/uploads\/2024\/09\/header_backgroundk-01-e1726694325946.png","type":"image\/png"}],"author":"Julien","twitter_card":"summary_large_image","twitter_misc":{"\u00c9crit par":"Julien","Dur\u00e9e de lecture est.":"4 minutes"},"schema":{"@context":"https:\/\/schema.org","@graph":[{"@type":"Article","@id":"https:\/\/vieassociative.be\/actualites\/il-y-a-exactement-un-an-paasch-a-amene-le-csp-dans-le-gouvernement-et-a-pousse-antoniadis-sur-le-revetement\/#article","isPartOf":{"@id":"https:\/\/vieassociative.be\/actualites\/il-y-a-exactement-un-an-paasch-a-amene-le-csp-dans-le-gouvernement-et-a-pousse-antoniadis-sur-le-revetement\/"},"author":{"name":"Julien","@id":"https:\/\/vieassociative.be\/actualites\/#\/schema\/person\/b87ac4f82f9d4e7b7cec7395b679edc4"},"headline":"Il y a exactement un an, Paasch a amen\u00e9 le CSP dans le gouvernement et a pouss\u00e9 Antoniadis sur le rev\u00eatement","datePublished":"2025-06-09T20:17:44+00:00","dateModified":"2025-06-09T20:17:44+00:00","mainEntityOfPage":{"@id":"https:\/\/vieassociative.be\/actualites\/il-y-a-exactement-un-an-paasch-a-amene-le-csp-dans-le-gouvernement-et-a-pousse-antoniadis-sur-le-revetement\/"},"wordCount":798,"publisher":{"@id":"https:\/\/vieassociative.be\/actualites\/#organization"},"image":{"@id":"https:\/\/vieassociative.be\/actualites\/il-y-a-exactement-un-an-paasch-a-amene-le-csp-dans-le-gouvernement-et-a-pousse-antoniadis-sur-le-revetement\/#primaryimage"},"thumbnailUrl":"https:\/\/vieassociative.be\/actualites\/wp-content\/uploads\/2025\/06\/1749500265_Il-y-a-exactement-un-an-Paasch-a-amene-le.jpg","keywords":["amen\u00e9","Antoniadis","CSP","dans","exactement","gouvernement","Paasch","pouss\u00e9","rev\u00eatement","sur"],"articleSection":["Belgique"],"inLanguage":"fr-BE"},{"@type":"WebPage","@id":"https:\/\/vieassociative.be\/actualites\/il-y-a-exactement-un-an-paasch-a-amene-le-csp-dans-le-gouvernement-et-a-pousse-antoniadis-sur-le-revetement\/","url":"https:\/\/vieassociative.be\/actualites\/il-y-a-exactement-un-an-paasch-a-amene-le-csp-dans-le-gouvernement-et-a-pousse-antoniadis-sur-le-revetement\/","name":"Il y a exactement un an, Paasch a amen\u00e9 le CSP dans le gouvernement et a pouss\u00e9 Antoniadis sur le rev\u00eatement | Vie Associative","isPartOf":{"@id":"https:\/\/vieassociative.be\/actualites\/#website"},"primaryImageOfPage":{"@id":"https:\/\/vieassociative.be\/actualites\/il-y-a-exactement-un-an-paasch-a-amene-le-csp-dans-le-gouvernement-et-a-pousse-antoniadis-sur-le-revetement\/#primaryimage"},"image":{"@id":"https:\/\/vieassociative.be\/actualites\/il-y-a-exactement-un-an-paasch-a-amene-le-csp-dans-le-gouvernement-et-a-pousse-antoniadis-sur-le-revetement\/#primaryimage"},"thumbnailUrl":"https:\/\/vieassociative.be\/actualites\/wp-content\/uploads\/2025\/06\/1749500265_Il-y-a-exactement-un-an-Paasch-a-amene-le.jpg","datePublished":"2025-06-09T20:17:44+00:00","dateModified":"2025-06-09T20:17:44+00:00","breadcrumb":{"@id":"https:\/\/vieassociative.be\/actualites\/il-y-a-exactement-un-an-paasch-a-amene-le-csp-dans-le-gouvernement-et-a-pousse-antoniadis-sur-le-revetement\/#breadcrumb"},"inLanguage":"fr-BE","potentialAction":[{"@type":"ReadAction","target":["https:\/\/vieassociative.be\/actualites\/il-y-a-exactement-un-an-paasch-a-amene-le-csp-dans-le-gouvernement-et-a-pousse-antoniadis-sur-le-revetement\/"]}]},{"@type":"ImageObject","inLanguage":"fr-BE","@id":"https:\/\/vieassociative.be\/actualites\/il-y-a-exactement-un-an-paasch-a-amene-le-csp-dans-le-gouvernement-et-a-pousse-antoniadis-sur-le-revetement\/#primaryimage","url":"https:\/\/vieassociative.be\/actualites\/wp-content\/uploads\/2025\/06\/1749500265_Il-y-a-exactement-un-an-Paasch-a-amene-le.jpg","contentUrl":"https:\/\/vieassociative.be\/actualites\/wp-content\/uploads\/2025\/06\/1749500265_Il-y-a-exactement-un-an-Paasch-a-amene-le.jpg","width":1300,"height":869,"caption":"Il y a exactement un an, Paasch a amen\u00e9 le CSP dans le gouvernement et a pouss\u00e9 Antoniadis sur le rev\u00eatement"},{"@type":"BreadcrumbList","@id":"https:\/\/vieassociative.be\/actualites\/il-y-a-exactement-un-an-paasch-a-amene-le-csp-dans-le-gouvernement-et-a-pousse-antoniadis-sur-le-revetement\/#breadcrumb","itemListElement":[{"@type":"ListItem","position":1,"name":"Accueil","item":"https:\/\/vieassociative.be\/actualites\/"},{"@type":"ListItem","position":2,"name":"Il y a exactement un an, Paasch a amen\u00e9 le CSP dans le gouvernement et a pouss\u00e9 Antoniadis sur le rev\u00eatement"}]},{"@type":"WebSite","@id":"https:\/\/vieassociative.be\/actualites\/#website","url":"https:\/\/vieassociative.be\/actualites\/","name":"Vie Associative","description":"","publisher":{"@id":"https:\/\/vieassociative.be\/actualites\/#organization"},"potentialAction":[{"@type":"SearchAction","target":{"@type":"EntryPoint","urlTemplate":"https:\/\/vieassociative.be\/actualites\/?s={search_term_string}"},"query-input":{"@type":"PropertyValueSpecification","valueRequired":true,"valueName":"search_term_string"}}],"inLanguage":"fr-BE"},{"@type":"Organization","@id":"https:\/\/vieassociative.be\/actualites\/#organization","name":"Vie Associative","url":"https:\/\/vieassociative.be\/actualites\/","logo":{"@type":"ImageObject","inLanguage":"fr-BE","@id":"https:\/\/vieassociative.be\/actualites\/#\/schema\/logo\/image\/","url":"https:\/\/vieassociative.be\/actualites\/wp-content\/uploads\/2024\/09\/cropped-vieassociative_favicon.ico.png","contentUrl":"https:\/\/vieassociative.be\/actualites\/wp-content\/uploads\/2024\/09\/cropped-vieassociative_favicon.ico.png","width":512,"height":512,"caption":"Vie Associative"},"image":{"@id":"https:\/\/vieassociative.be\/actualites\/#\/schema\/logo\/image\/"}},{"@type":"Person","@id":"https:\/\/vieassociative.be\/actualites\/#\/schema\/person\/b87ac4f82f9d4e7b7cec7395b679edc4","name":"Julien","image":{"@type":"ImageObject","inLanguage":"fr-BE","@id":"https:\/\/vieassociative.be\/actualites\/#\/schema\/person\/image\/","url":"https:\/\/vieassociative.be\/actualites\/wp-content\/uploads\/2024\/09\/vie-associative-1-150x150.jpg","contentUrl":"https:\/\/vieassociative.be\/actualites\/wp-content\/uploads\/2024\/09\/vie-associative-1-150x150.jpg","caption":"Julien"},"description":"Je suis Julien, r\u00e9dacteur pour Vie Associative. Passionn\u00e9 par le monde associatif depuis plus de 10 ans, j'ai \u00e0 c\u0153ur de partager des histoires inspirantes et de mettre en lumi\u00e8re les initiatives locales. Mon objectif est de sensibiliser et d'encourager l'engagement communautaire \u00e0 travers mes articles.","sameAs":["https:\/\/vieassociative.be\/"]}]}},"_links":{"self":[{"href":"https:\/\/vieassociative.be\/actualites\/wp-json\/wp\/v2\/posts\/8081"}],"collection":[{"href":"https:\/\/vieassociative.be\/actualites\/wp-json\/wp\/v2\/posts"}],"about":[{"href":"https:\/\/vieassociative.be\/actualites\/wp-json\/wp\/v2\/types\/post"}],"author":[{"embeddable":true,"href":"https:\/\/vieassociative.be\/actualites\/wp-json\/wp\/v2\/users\/1"}],"replies":[{"embeddable":true,"href":"https:\/\/vieassociative.be\/actualites\/wp-json\/wp\/v2\/comments?post=8081"}],"version-history":[{"count":0,"href":"https:\/\/vieassociative.be\/actualites\/wp-json\/wp\/v2\/posts\/8081\/revisions"}],"wp:featuredmedia":[{"embeddable":true,"href":"https:\/\/vieassociative.be\/actualites\/wp-json\/wp\/v2\/media\/8082"}],"wp:attachment":[{"href":"https:\/\/vieassociative.be\/actualites\/wp-json\/wp\/v2\/media?parent=8081"}],"wp:term":[{"taxonomy":"category","embeddable":true,"href":"https:\/\/vieassociative.be\/actualites\/wp-json\/wp\/v2\/categories?post=8081"},{"taxonomy":"post_tag","embeddable":true,"href":"https:\/\/vieassociative.be\/actualites\/wp-json\/wp\/v2\/tags?post=8081"}],"curies":[{"name":"wp","href":"https:\/\/api.w.org\/{rel}","templated":true}]}}