{"id":8079,"date":"2025-06-09T21:17:50","date_gmt":"2025-06-09T19:17:50","guid":{"rendered":"https:\/\/vieassociative.be\/actualites\/votre-iphone-obtient-une-application-de-camera-redessinee\/"},"modified":"2025-06-09T21:17:50","modified_gmt":"2025-06-09T19:17:50","slug":"votre-iphone-obtient-une-application-de-camera-redessinee","status":"publish","type":"post","link":"https:\/\/vieassociative.be\/actualites\/votre-iphone-obtient-une-application-de-camera-redessinee\/","title":{"rendered":"Votre iPhone obtient une application de cam\u00e9ra redessin\u00e9e"},"content":{"rendered":"<div class=\"mt-4 leading-6 md:mb-8\">Des photos et FaceTime ont \u00e9galement \u00e9t\u00e9 remani\u00e9s.<\/div>\n<p><\/p>\n<p>Lors de la Keynote WWDC 2025, Apple a d\u00e9voil\u00e9 une grande refonte de conception pour iOS 26, le successeur d&rsquo;iOS 18. La refonte du verre liquide prend beaucoup de VisionOS et adopte un look transparent en verre pour les \u00e9l\u00e9ments cl\u00e9s de l&rsquo;interface utilisateur. Trois applications qui ont b\u00e9n\u00e9fici\u00e9 de ce nouveau look sont l&rsquo;appareil photo, les photos et FaceTime. <\/p>\n<h2 id=\"the-camera-app-streamlines-controls\">L&rsquo;application de la cam\u00e9ra rationalise les commandes<\/h2>\n<div class=\"eloquent-imagery-image\">\n<div class=\"flex justify-center\">\n                    <img decoding=\"async\" class=\"border border-gray-100\" src=\"https:\/\/vieassociative.be\/actualites\/wp-content\/uploads\/2025\/06\/Votre-iPhone-obtient-une-application-de-camera-redessinee.png\" alt=\"Captures d'\u00e9cran de l'Apple Annopuncement montrant des modifications apport\u00e9es \u00e0 l'application de la cam\u00e9ra\" width=\"2000\" height=\"1126\" loading=\"lazy\"  >\n            <\/div>\n<\/p><\/div>\n<p>L&rsquo;application de l&rsquo;appareil photo en particulier a besoin de rationalisation depuis un certain temps, et Apple a tent\u00e9 de s&rsquo;adresser, et l&rsquo;application Photos, qui a d\u00e9j\u00e0 obtenu une refonte l&rsquo;ann\u00e9e derni\u00e8re, a maintenant un peu plus de raffinement avec iOS 26, en commen\u00e7ant par une nouvelle ic\u00f4ne, qui ressemble un peu \u00e0 l&rsquo;objectif de la cam\u00e9ra de la bonne vieille ouverture d&rsquo;Apple pour Mac. Il s&rsquo;agit d&rsquo;une am\u00e9lioration significative par rapport \u00e0 l&rsquo;ic\u00f4ne de cam\u00e9ra iOS plut\u00f4t g\u00e9n\u00e9rique qui existe depuis quelques ann\u00e9es. <\/p>\n<p>Apple a \u00e9galement donn\u00e9 \u00e0 l&rsquo;application de cam\u00e9ra un design simplifi\u00e9, qui met en \u00e9vidence uniquement les deux boutons, l&rsquo;un pour les photos et l&rsquo;autre pour les vid\u00e9os. Le taraudage de ces boutons ouvre plus d&rsquo;options, ce qui facilite la navigation. Lorsque vous \u00eates dans l&rsquo;onglet Videos, vous pouvez glisser pour acc\u00e9der \u00e0 diff\u00e9rents modes vid\u00e9o, et la m\u00eame chose s&rsquo;applique \u00e0 l&rsquo;onglet Photos. Vous verrez la conception de verre liquide appara\u00eetre lorsque vous essayez de s\u00e9lectionner les modes d&rsquo;enregistrement vid\u00e9o, par exemple. <\/p>\n<h2 id=\"the-photos-app-builds-on-that-controversial-redesign\">L&rsquo;application Photos s&rsquo;appuie sur cette refonte controvers\u00e9e<\/h2>\n<div class=\"eloquent-imagery-image\">\n<div class=\"flex justify-center\">\n                    <img decoding=\"async\" class=\"border border-gray-100\" src=\"https:\/\/vieassociative.be\/actualites\/wp-content\/uploads\/2025\/06\/1749496670_238_Votre-iPhone-obtient-une-application-de-camera-redessinee.png\" alt=\"Captures d'\u00e9cran de l'annonce Apple montrant les modifications de l'application Photos\" width=\"2000\" height=\"1125\" loading=\"lazy\"  >\n            <\/div>\n<\/p><\/div>\n<p>L&rsquo;application Photos a \u00e9galement quelques changements soign\u00e9s pour iOS 26, en s&rsquo;appuyant sur les changements de refonte controvers\u00e9e que l&rsquo;application a re\u00e7ues l&rsquo;ann\u00e9e derni\u00e8re. Le plus grand changement, autre que l&rsquo;interface utilisateur en verre liquide, est le positionnement des boutons. Apple a d\u00e9plac\u00e9 le bouton de recherche vers le coin inf\u00e9rieur droit de l&rsquo;\u00e9cran, o\u00f9 vous pouvez r\u00e9ellement le taper sans \u00e9tirer votre doigt comme un yogi. Deux autres boutons, biblioth\u00e8que et collections, sont dans le coin inf\u00e9rieur gauche, et les trois boutons suivent le design en verre liquide, \u00e9videmment.<\/p>\n<div class=\"pogoClear relative my-10 border-b-(1.5px) border-t-(1.5px) border-dashed border-black py-5 sm:my-14 sm:border-0 sm:py-0\" data-ga-click data-ga-template=\"News\" data-ga-module=\"openweb_widget\" data-ga-element=\"openweb_scroll\" data-ga-item=\"openweb_scroll_midpage\" x-data=\"{\n         commentsCount: null,\n         hasComments: false,\n         async fetchCommentsCount() {\n             try {\n                 if (window.openweb &amp;&amp; typeof window.openweb.getMessagesCount === 'function') {\n                     this.commentsCount = await window.openweb.getMessagesCount('01JXAXASWHR4EN01BM0TP2F3PA');\n                     this.hasComments = this.commentsCount !== null &amp;&amp; this.commentsCount &gt; 0;\n                 }\n             } catch (e) {\n                 console.warn('Failed to fetch comment count:', e);\n             }\n         }\n     }\" x-init=\"fetchCommentsCount()\" x-cloak><\/p>\n<div class=\"absolute top-1\/2 hidden w-full -translate-y-1\/2 border-t-(1.5px) border-dashed border-black sm:block\"><\/div>\n<div class=\"relative flex justify-center\">\n<div class=\"flex max-w-fit items-center gap-x-3 bg-white px-5\">\n<div class=\"relative\">\n                <span class=\"absolute left-1\/2 top-1\/2 -translate-x-1\/2 -translate-y-1\/2 font-akshar text-sm font-medium text-black\" aria-live=\"polite\" x-show=\"hasComments\" x-text=\"commentsCount\"><\/span><\/p>\n<p>                <svg class=\"h-8 w-8 text-black\" role=\"img\" aria-hidden=\"true\">\n                    <use href=\"http:\/\/lifehacker.com\/images\/icons\/spritemap.svg#sprite-chat-bubble\"><\/use>\n                <\/svg>\n            <\/div>\n<p>            <span class=\"text-sm font-medium text-black\"><\/p>\n<p>                Que pensez-vous jusqu&rsquo;\u00e0 pr\u00e9sent?<br \/>\n                <button class=\"ml-1 font-semibold text-brand-green underline hover:text-brand-green-700\" type=\"button\" aria-label=\"Comment section trigger\" onclick=\"window.openweb.scrollToComments('01JXAXASWHR4EN01BM0TP2F3PA')\" x-text=\"hasComments ? 'Post a comment.' : 'Be the first to post a comment.'\"><\/button><br \/>\n            <\/span>\n        <\/div>\n<\/p><\/div>\n<\/div>\n<h2 id=\"facetime-moves-things-around\">FaceTime d\u00e9place les choses<\/h2>\n<div class=\"eloquent-imagery-image\">\n<div class=\"flex justify-center\">\n                    <img decoding=\"async\" class=\"border border-gray-100\" src=\"https:\/\/vieassociative.be\/actualites\/wp-content\/uploads\/2025\/06\/1749496670_740_Votre-iPhone-obtient-une-application-de-camera-redessinee.png\" alt=\"Captures d'\u00e9cran de l'Apple Annopuncement montrant des modifications apport\u00e9es \u00e0 l'application FaceTime\" width=\"2000\" height=\"1124\" loading=\"lazy\"  >\n            <\/div>\n<\/p><\/div>\n<p>FaceTime a \u00e9galement adopt\u00e9 la refonte du verre liquide d&rsquo;iOS 26. Tous les boutons des commandes d&rsquo;appels ont \u00e9t\u00e9 d\u00e9plac\u00e9s vers le bas \u00e0 droite, ce qui est un changement bienvenu \u00e9tant donn\u00e9 la fa\u00e7on dont les gros iPhones sont devenus au fil des ans. Le bouton FaceTime Photo (AKA Capture) est pass\u00e9 au haut \u00e0 droite, et les boutons s&rsquo;estompent une fois que l&rsquo;appel commencera, mais vous pouvez appuyer sur l&rsquo;\u00e9cran pour y acc\u00e9der \u00e0 nouveau.<\/p>\n","protected":false},"excerpt":{"rendered":"<p>Des photos et FaceTime ont \u00e9galement \u00e9t\u00e9 remani\u00e9s. Lors de la Keynote WWDC 2025, Apple a d\u00e9voil\u00e9 une grande refonte de conception pour iOS 26,<\/p>\n","protected":false},"author":1,"featured_media":8080,"comment_status":"","ping_status":"","sticky":false,"template":"","format":"standard","meta":{"footnotes":""},"categories":[13],"tags":[1277,1487,652,4304,7346,110,8],"class_list":["post-8079","post","type-post","status-publish","format-standard","has-post-thumbnail","hentry","category-technologie","tag-application","tag-camera","tag-iphone","tag-obtient","tag-redessinee","tag-une","tag-votre","generate-columns","tablet-grid-50","mobile-grid-100","grid-parent","grid-33"],"yoast_head":"<!-- This site is optimized with the Yoast SEO plugin v24.0 - https:\/\/yoast.com\/wordpress\/plugins\/seo\/ -->\n<title>Votre iPhone obtient une application de cam\u00e9ra redessin\u00e9e | Vie Associative<\/title>\n<meta name=\"robots\" content=\"index, follow, max-snippet:-1, max-image-preview:large, max-video-preview:-1\" \/>\n<link rel=\"canonical\" href=\"https:\/\/vieassociative.be\/actualites\/votre-iphone-obtient-une-application-de-camera-redessinee\/\" \/>\n<meta property=\"og:locale\" content=\"fr_FR\" \/>\n<meta property=\"og:type\" content=\"article\" \/>\n<meta property=\"og:title\" content=\"Votre iPhone obtient une application de cam\u00e9ra redessin\u00e9e | Vie Associative\" \/>\n<meta property=\"og:description\" content=\"Des photos et FaceTime ont \u00e9galement \u00e9t\u00e9 remani\u00e9s. Lors de la Keynote WWDC 2025, Apple a d\u00e9voil\u00e9 une grande refonte de conception pour iOS 26,\" \/>\n<meta property=\"og:url\" content=\"https:\/\/vieassociative.be\/actualites\/votre-iphone-obtient-une-application-de-camera-redessinee\/\" \/>\n<meta property=\"og:site_name\" content=\"Vie Associative\" \/>\n<meta property=\"article:published_time\" content=\"2025-06-09T19:17:50+00:00\" \/>\n<meta property=\"og:image\" content=\"https:\/\/vieassociative.be\/actualites\/wp-content\/uploads\/2025\/06\/Votre-iPhone-obtient-une-application-de-camera-redessinee.png\" \/>\n<meta name=\"author\" content=\"Julien\" \/>\n<meta name=\"twitter:card\" content=\"summary_large_image\" \/>\n<meta name=\"twitter:label1\" content=\"\u00c9crit par\" \/>\n\t<meta name=\"twitter:data1\" content=\"Julien\" \/>\n\t<meta name=\"twitter:label2\" content=\"Dur\u00e9e de lecture est.\" \/>\n\t<meta name=\"twitter:data2\" content=\"2 minutes\" \/>\n<script type=\"application\/ld+json\" class=\"yoast-schema-graph\">{\"@context\":\"https:\/\/schema.org\",\"@graph\":[{\"@type\":\"Article\",\"@id\":\"https:\/\/vieassociative.be\/actualites\/votre-iphone-obtient-une-application-de-camera-redessinee\/#article\",\"isPartOf\":{\"@id\":\"https:\/\/vieassociative.be\/actualites\/votre-iphone-obtient-une-application-de-camera-redessinee\/\"},\"author\":{\"name\":\"Julien\",\"@id\":\"https:\/\/vieassociative.be\/actualites\/#\/schema\/person\/b87ac4f82f9d4e7b7cec7395b679edc4\"},\"headline\":\"Votre iPhone obtient une application de cam\u00e9ra redessin\u00e9e\",\"datePublished\":\"2025-06-09T19:17:50+00:00\",\"dateModified\":\"2025-06-09T19:17:50+00:00\",\"mainEntityOfPage\":{\"@id\":\"https:\/\/vieassociative.be\/actualites\/votre-iphone-obtient-une-application-de-camera-redessinee\/\"},\"wordCount\":500,\"publisher\":{\"@id\":\"https:\/\/vieassociative.be\/actualites\/#organization\"},\"image\":{\"@id\":\"https:\/\/vieassociative.be\/actualites\/votre-iphone-obtient-une-application-de-camera-redessinee\/#primaryimage\"},\"thumbnailUrl\":\"https:\/\/vieassociative.be\/actualites\/wp-content\/uploads\/2025\/06\/1749496671_Votre-iPhone-obtient-une-application-de-camera-redessinee.png\",\"keywords\":[\"application\",\"cam\u00e9ra\",\"iPhone\",\"obtient\",\"redessin\u00e9e\",\"une\",\"votre\"],\"articleSection\":[\"Technologie\"],\"inLanguage\":\"fr-BE\"},{\"@type\":\"WebPage\",\"@id\":\"https:\/\/vieassociative.be\/actualites\/votre-iphone-obtient-une-application-de-camera-redessinee\/\",\"url\":\"https:\/\/vieassociative.be\/actualites\/votre-iphone-obtient-une-application-de-camera-redessinee\/\",\"name\":\"Votre iPhone obtient une application de cam\u00e9ra redessin\u00e9e | Vie Associative\",\"isPartOf\":{\"@id\":\"https:\/\/vieassociative.be\/actualites\/#website\"},\"primaryImageOfPage\":{\"@id\":\"https:\/\/vieassociative.be\/actualites\/votre-iphone-obtient-une-application-de-camera-redessinee\/#primaryimage\"},\"image\":{\"@id\":\"https:\/\/vieassociative.be\/actualites\/votre-iphone-obtient-une-application-de-camera-redessinee\/#primaryimage\"},\"thumbnailUrl\":\"https:\/\/vieassociative.be\/actualites\/wp-content\/uploads\/2025\/06\/1749496671_Votre-iPhone-obtient-une-application-de-camera-redessinee.png\",\"datePublished\":\"2025-06-09T19:17:50+00:00\",\"dateModified\":\"2025-06-09T19:17:50+00:00\",\"breadcrumb\":{\"@id\":\"https:\/\/vieassociative.be\/actualites\/votre-iphone-obtient-une-application-de-camera-redessinee\/#breadcrumb\"},\"inLanguage\":\"fr-BE\",\"potentialAction\":[{\"@type\":\"ReadAction\",\"target\":[\"https:\/\/vieassociative.be\/actualites\/votre-iphone-obtient-une-application-de-camera-redessinee\/\"]}]},{\"@type\":\"ImageObject\",\"inLanguage\":\"fr-BE\",\"@id\":\"https:\/\/vieassociative.be\/actualites\/votre-iphone-obtient-une-application-de-camera-redessinee\/#primaryimage\",\"url\":\"https:\/\/vieassociative.be\/actualites\/wp-content\/uploads\/2025\/06\/1749496671_Votre-iPhone-obtient-une-application-de-camera-redessinee.png\",\"contentUrl\":\"https:\/\/vieassociative.be\/actualites\/wp-content\/uploads\/2025\/06\/1749496671_Votre-iPhone-obtient-une-application-de-camera-redessinee.png\",\"width\":1200,\"height\":674,\"caption\":\"Votre iPhone obtient une application de cam\u00e9ra redessin\u00e9e\"},{\"@type\":\"BreadcrumbList\",\"@id\":\"https:\/\/vieassociative.be\/actualites\/votre-iphone-obtient-une-application-de-camera-redessinee\/#breadcrumb\",\"itemListElement\":[{\"@type\":\"ListItem\",\"position\":1,\"name\":\"Accueil\",\"item\":\"https:\/\/vieassociative.be\/actualites\/\"},{\"@type\":\"ListItem\",\"position\":2,\"name\":\"Votre iPhone obtient une application de cam\u00e9ra redessin\u00e9e\"}]},{\"@type\":\"WebSite\",\"@id\":\"https:\/\/vieassociative.be\/actualites\/#website\",\"url\":\"https:\/\/vieassociative.be\/actualites\/\",\"name\":\"Vie Associative\",\"description\":\"\",\"publisher\":{\"@id\":\"https:\/\/vieassociative.be\/actualites\/#organization\"},\"potentialAction\":[{\"@type\":\"SearchAction\",\"target\":{\"@type\":\"EntryPoint\",\"urlTemplate\":\"https:\/\/vieassociative.be\/actualites\/?s={search_term_string}\"},\"query-input\":{\"@type\":\"PropertyValueSpecification\",\"valueRequired\":true,\"valueName\":\"search_term_string\"}}],\"inLanguage\":\"fr-BE\"},{\"@type\":\"Organization\",\"@id\":\"https:\/\/vieassociative.be\/actualites\/#organization\",\"name\":\"Vie Associative\",\"url\":\"https:\/\/vieassociative.be\/actualites\/\",\"logo\":{\"@type\":\"ImageObject\",\"inLanguage\":\"fr-BE\",\"@id\":\"https:\/\/vieassociative.be\/actualites\/#\/schema\/logo\/image\/\",\"url\":\"https:\/\/vieassociative.be\/actualites\/wp-content\/uploads\/2024\/09\/cropped-vieassociative_favicon.ico.png\",\"contentUrl\":\"https:\/\/vieassociative.be\/actualites\/wp-content\/uploads\/2024\/09\/cropped-vieassociative_favicon.ico.png\",\"width\":512,\"height\":512,\"caption\":\"Vie Associative\"},\"image\":{\"@id\":\"https:\/\/vieassociative.be\/actualites\/#\/schema\/logo\/image\/\"}},{\"@type\":\"Person\",\"@id\":\"https:\/\/vieassociative.be\/actualites\/#\/schema\/person\/b87ac4f82f9d4e7b7cec7395b679edc4\",\"name\":\"Julien\",\"image\":{\"@type\":\"ImageObject\",\"inLanguage\":\"fr-BE\",\"@id\":\"https:\/\/vieassociative.be\/actualites\/#\/schema\/person\/image\/\",\"url\":\"https:\/\/vieassociative.be\/actualites\/wp-content\/uploads\/2024\/09\/vie-associative-1-150x150.jpg\",\"contentUrl\":\"https:\/\/vieassociative.be\/actualites\/wp-content\/uploads\/2024\/09\/vie-associative-1-150x150.jpg\",\"caption\":\"Julien\"},\"description\":\"Je suis Julien, r\u00e9dacteur pour Vie Associative. Passionn\u00e9 par le monde associatif depuis plus de 10 ans, j'ai \u00e0 c\u0153ur de partager des histoires inspirantes et de mettre en lumi\u00e8re les initiatives locales. Mon objectif est de sensibiliser et d'encourager l'engagement communautaire \u00e0 travers mes articles.\",\"sameAs\":[\"https:\/\/vieassociative.be\/\"]}]}<\/script>\n<!-- \/ Yoast SEO plugin. -->","yoast_head_json":{"title":"Votre iPhone obtient une application de cam\u00e9ra redessin\u00e9e | Vie Associative","robots":{"index":"index","follow":"follow","max-snippet":"max-snippet:-1","max-image-preview":"max-image-preview:large","max-video-preview":"max-video-preview:-1"},"canonical":"https:\/\/vieassociative.be\/actualites\/votre-iphone-obtient-une-application-de-camera-redessinee\/","og_locale":"fr_FR","og_type":"article","og_title":"Votre iPhone obtient une application de cam\u00e9ra redessin\u00e9e | Vie Associative","og_description":"Des photos et FaceTime ont \u00e9galement \u00e9t\u00e9 remani\u00e9s. Lors de la Keynote WWDC 2025, Apple a d\u00e9voil\u00e9 une grande refonte de conception pour iOS 26,","og_url":"https:\/\/vieassociative.be\/actualites\/votre-iphone-obtient-une-application-de-camera-redessinee\/","og_site_name":"Vie Associative","article_published_time":"2025-06-09T19:17:50+00:00","og_image":[{"url":"https:\/\/vieassociative.be\/actualites\/wp-content\/uploads\/2025\/06\/Votre-iPhone-obtient-une-application-de-camera-redessinee.png","type":"","width":"","height":""}],"author":"Julien","twitter_card":"summary_large_image","twitter_misc":{"\u00c9crit par":"Julien","Dur\u00e9e de lecture est.":"2 minutes"},"schema":{"@context":"https:\/\/schema.org","@graph":[{"@type":"Article","@id":"https:\/\/vieassociative.be\/actualites\/votre-iphone-obtient-une-application-de-camera-redessinee\/#article","isPartOf":{"@id":"https:\/\/vieassociative.be\/actualites\/votre-iphone-obtient-une-application-de-camera-redessinee\/"},"author":{"name":"Julien","@id":"https:\/\/vieassociative.be\/actualites\/#\/schema\/person\/b87ac4f82f9d4e7b7cec7395b679edc4"},"headline":"Votre iPhone obtient une application de cam\u00e9ra redessin\u00e9e","datePublished":"2025-06-09T19:17:50+00:00","dateModified":"2025-06-09T19:17:50+00:00","mainEntityOfPage":{"@id":"https:\/\/vieassociative.be\/actualites\/votre-iphone-obtient-une-application-de-camera-redessinee\/"},"wordCount":500,"publisher":{"@id":"https:\/\/vieassociative.be\/actualites\/#organization"},"image":{"@id":"https:\/\/vieassociative.be\/actualites\/votre-iphone-obtient-une-application-de-camera-redessinee\/#primaryimage"},"thumbnailUrl":"https:\/\/vieassociative.be\/actualites\/wp-content\/uploads\/2025\/06\/1749496671_Votre-iPhone-obtient-une-application-de-camera-redessinee.png","keywords":["application","cam\u00e9ra","iPhone","obtient","redessin\u00e9e","une","votre"],"articleSection":["Technologie"],"inLanguage":"fr-BE"},{"@type":"WebPage","@id":"https:\/\/vieassociative.be\/actualites\/votre-iphone-obtient-une-application-de-camera-redessinee\/","url":"https:\/\/vieassociative.be\/actualites\/votre-iphone-obtient-une-application-de-camera-redessinee\/","name":"Votre iPhone obtient une application de cam\u00e9ra redessin\u00e9e | Vie Associative","isPartOf":{"@id":"https:\/\/vieassociative.be\/actualites\/#website"},"primaryImageOfPage":{"@id":"https:\/\/vieassociative.be\/actualites\/votre-iphone-obtient-une-application-de-camera-redessinee\/#primaryimage"},"image":{"@id":"https:\/\/vieassociative.be\/actualites\/votre-iphone-obtient-une-application-de-camera-redessinee\/#primaryimage"},"thumbnailUrl":"https:\/\/vieassociative.be\/actualites\/wp-content\/uploads\/2025\/06\/1749496671_Votre-iPhone-obtient-une-application-de-camera-redessinee.png","datePublished":"2025-06-09T19:17:50+00:00","dateModified":"2025-06-09T19:17:50+00:00","breadcrumb":{"@id":"https:\/\/vieassociative.be\/actualites\/votre-iphone-obtient-une-application-de-camera-redessinee\/#breadcrumb"},"inLanguage":"fr-BE","potentialAction":[{"@type":"ReadAction","target":["https:\/\/vieassociative.be\/actualites\/votre-iphone-obtient-une-application-de-camera-redessinee\/"]}]},{"@type":"ImageObject","inLanguage":"fr-BE","@id":"https:\/\/vieassociative.be\/actualites\/votre-iphone-obtient-une-application-de-camera-redessinee\/#primaryimage","url":"https:\/\/vieassociative.be\/actualites\/wp-content\/uploads\/2025\/06\/1749496671_Votre-iPhone-obtient-une-application-de-camera-redessinee.png","contentUrl":"https:\/\/vieassociative.be\/actualites\/wp-content\/uploads\/2025\/06\/1749496671_Votre-iPhone-obtient-une-application-de-camera-redessinee.png","width":1200,"height":674,"caption":"Votre iPhone obtient une application de cam\u00e9ra redessin\u00e9e"},{"@type":"BreadcrumbList","@id":"https:\/\/vieassociative.be\/actualites\/votre-iphone-obtient-une-application-de-camera-redessinee\/#breadcrumb","itemListElement":[{"@type":"ListItem","position":1,"name":"Accueil","item":"https:\/\/vieassociative.be\/actualites\/"},{"@type":"ListItem","position":2,"name":"Votre iPhone obtient une application de cam\u00e9ra redessin\u00e9e"}]},{"@type":"WebSite","@id":"https:\/\/vieassociative.be\/actualites\/#website","url":"https:\/\/vieassociative.be\/actualites\/","name":"Vie Associative","description":"","publisher":{"@id":"https:\/\/vieassociative.be\/actualites\/#organization"},"potentialAction":[{"@type":"SearchAction","target":{"@type":"EntryPoint","urlTemplate":"https:\/\/vieassociative.be\/actualites\/?s={search_term_string}"},"query-input":{"@type":"PropertyValueSpecification","valueRequired":true,"valueName":"search_term_string"}}],"inLanguage":"fr-BE"},{"@type":"Organization","@id":"https:\/\/vieassociative.be\/actualites\/#organization","name":"Vie Associative","url":"https:\/\/vieassociative.be\/actualites\/","logo":{"@type":"ImageObject","inLanguage":"fr-BE","@id":"https:\/\/vieassociative.be\/actualites\/#\/schema\/logo\/image\/","url":"https:\/\/vieassociative.be\/actualites\/wp-content\/uploads\/2024\/09\/cropped-vieassociative_favicon.ico.png","contentUrl":"https:\/\/vieassociative.be\/actualites\/wp-content\/uploads\/2024\/09\/cropped-vieassociative_favicon.ico.png","width":512,"height":512,"caption":"Vie Associative"},"image":{"@id":"https:\/\/vieassociative.be\/actualites\/#\/schema\/logo\/image\/"}},{"@type":"Person","@id":"https:\/\/vieassociative.be\/actualites\/#\/schema\/person\/b87ac4f82f9d4e7b7cec7395b679edc4","name":"Julien","image":{"@type":"ImageObject","inLanguage":"fr-BE","@id":"https:\/\/vieassociative.be\/actualites\/#\/schema\/person\/image\/","url":"https:\/\/vieassociative.be\/actualites\/wp-content\/uploads\/2024\/09\/vie-associative-1-150x150.jpg","contentUrl":"https:\/\/vieassociative.be\/actualites\/wp-content\/uploads\/2024\/09\/vie-associative-1-150x150.jpg","caption":"Julien"},"description":"Je suis Julien, r\u00e9dacteur pour Vie Associative. Passionn\u00e9 par le monde associatif depuis plus de 10 ans, j'ai \u00e0 c\u0153ur de partager des histoires inspirantes et de mettre en lumi\u00e8re les initiatives locales. Mon objectif est de sensibiliser et d'encourager l'engagement communautaire \u00e0 travers mes articles.","sameAs":["https:\/\/vieassociative.be\/"]}]}},"_links":{"self":[{"href":"https:\/\/vieassociative.be\/actualites\/wp-json\/wp\/v2\/posts\/8079"}],"collection":[{"href":"https:\/\/vieassociative.be\/actualites\/wp-json\/wp\/v2\/posts"}],"about":[{"href":"https:\/\/vieassociative.be\/actualites\/wp-json\/wp\/v2\/types\/post"}],"author":[{"embeddable":true,"href":"https:\/\/vieassociative.be\/actualites\/wp-json\/wp\/v2\/users\/1"}],"replies":[{"embeddable":true,"href":"https:\/\/vieassociative.be\/actualites\/wp-json\/wp\/v2\/comments?post=8079"}],"version-history":[{"count":0,"href":"https:\/\/vieassociative.be\/actualites\/wp-json\/wp\/v2\/posts\/8079\/revisions"}],"wp:featuredmedia":[{"embeddable":true,"href":"https:\/\/vieassociative.be\/actualites\/wp-json\/wp\/v2\/media\/8080"}],"wp:attachment":[{"href":"https:\/\/vieassociative.be\/actualites\/wp-json\/wp\/v2\/media?parent=8079"}],"wp:term":[{"taxonomy":"category","embeddable":true,"href":"https:\/\/vieassociative.be\/actualites\/wp-json\/wp\/v2\/categories?post=8079"},{"taxonomy":"post_tag","embeddable":true,"href":"https:\/\/vieassociative.be\/actualites\/wp-json\/wp\/v2\/tags?post=8079"}],"curies":[{"name":"wp","href":"https:\/\/api.w.org\/{rel}","templated":true}]}}