{"id":8072,"date":"2025-06-09T10:18:15","date_gmt":"2025-06-09T08:18:15","guid":{"rendered":"https:\/\/vieassociative.be\/actualites\/israel-arrete-le-navire-des-militants-avec-greta-thunberg-sur-le-chemin-de-la-bande-de-gaza-le-spectacle-est-fini\/"},"modified":"2025-06-09T10:18:15","modified_gmt":"2025-06-09T08:18:15","slug":"israel-arrete-le-navire-des-militants-avec-greta-thunberg-sur-le-chemin-de-la-bande-de-gaza-le-spectacle-est-fini","status":"publish","type":"post","link":"https:\/\/vieassociative.be\/actualites\/israel-arrete-le-navire-des-militants-avec-greta-thunberg-sur-le-chemin-de-la-bande-de-gaza-le-spectacle-est-fini\/","title":{"rendered":"Isra\u00ebl arr\u00eate le navire des militants avec Greta Thunberg sur le chemin de la bande de Gaza &#8211; \u00ab\u00a0Le spectacle est fini\u00a0\u00bb"},"content":{"rendered":"<p><strong>Apr\u00e8s une excursion d&rsquo;une journ\u00e9e sur un voilier avec des marchandises de secours pour les personnes de la bande de Gaza, Greta Thunberg et d&rsquo;autres militants ont \u00e9t\u00e9 arr\u00eat\u00e9s par l&rsquo;arm\u00e9e isra\u00e9lienne peu de temps avant leur destination.<\/strong><\/p>\n<p><span id=\"more-417347\"><\/span>Le navire est entra\u00een\u00e9 de la Marine vers la c\u00f4te isra\u00e9lienne, les passagers \u00e9taient cens\u00e9s retourner dans leur pays d&rsquo;origine, le minist\u00e8re isra\u00e9lien des Affaires \u00e9trang\u00e8res annonc\u00e9s t\u00f4t le matin sur la plate-forme X. Auparavant, la Freeedom Flotilla Coalition Alliance avait annonc\u00e9 que les soldats isra\u00e9liens \u00e9taient partis \u00e0 bord du \u00ab\u00a0Madleen\u00a0\u00bb.<\/p>\n<p>Le minist\u00e8re isra\u00e9lien des Affaires \u00e9trang\u00e8res a soulign\u00e9 que tous les passagers du navire, qui ont r\u00e9f\u00e9r\u00e9 comme \u00ab\u00a0yacht selfie\u00a0\u00bb, \u00e9taient s\u00fbrs et intacts. Ils \u00e9taient fournis avec de l&rsquo;eau et des sandwichs. \u00ab\u00a0Le spectacle est termin\u00e9.\u00a0\u00bb<\/p>\n<div id=\"attachment_417350\" class=\"wp-caption alignleft\" style=\"max-width: 300px\"><img fetchpriority=\"high\" decoding=\"async\" class=\"wp-image-417350 size-medium\" src=\"https:\/\/vieassociative.be\/actualites\/wp-content\/uploads\/2025\/06\/Israel-arrete-le-navire-des-militants-avec-Greta-Thunberg-sur.jpg\" alt=\"\" width=\"300\" height=\"200\"><\/p>\n<p class=\"wp-caption-text\">01.06.2025, Italie, Catane: L&rsquo;activiste climatique Greta Thunberg et d&rsquo;autres militants d&rsquo;une organisation des droits de l&rsquo;homme rencontrent des journalistes \u00e0 Catane, en Italie, avant de quitter le Moyen-Orient. Photo: Salvatore Cavalli \/ AP \/ DPA<\/p>\n<\/div>\n<p>Les militants ont tent\u00e9 de mettre en sc\u00e8ne une provocation des m\u00e9dias dans le seul but d&rsquo;attirer l&rsquo;attention du public. Sa cargaison \u00e9tait si l\u00e9g\u00e8re qu&rsquo;elle ne correspondait m\u00eame pas \u00e0 une livraison de camions avec des marchandises de secours. \u00ab\u00a0Il existe des moyens d&rsquo;apporter de l&rsquo;aide au Gaza Strip sans selfies Instagram\u00a0\u00bb, a indiqu\u00e9 le communiqu\u00e9.<\/p>\n<p>L&rsquo;Alliance Freedom Flotilla Coalition a publi\u00e9 plusieurs vid\u00e9os enregistr\u00e9es \u00e0 l&rsquo;avance, dans lesquelles les militants \u00e0 bord demandent de l&rsquo;aide \u00e0 leurs pays d&rsquo;origine respectifs. Ils ont \u00e9t\u00e9 kidnapp\u00e9s par les forces isra\u00e9liennes, dit-il. Auparavant, les militants avaient annonc\u00e9 que les drones encerclaient le navire et pulv\u00e9risaient avec une substance blanche en forme de couleur. De plus, la communication par radio est perturb\u00e9e.<\/p>\n<p><strong>&#8211; \u00ab\u00a0Vous n&rsquo;atteindrez pas Gaza\u00a0\u00bb:<\/strong> Le ministre isra\u00e9lien de la D\u00e9fense, Israel Katz, avait demand\u00e9 \u00e0 l&rsquo;arm\u00e9e dimanche d&#8217;emp\u00eacher l&rsquo;arriv\u00e9e du navire. \u00ab\u00a0L&rsquo;\u00c9tat d&rsquo;Isra\u00ebl ne permettra \u00e0 personne de briser le blocus maritime de la bande de Gaza\u00a0\u00bb, a annonc\u00e9 Katz. Dans un message fortement formul\u00e9, il a \u00e9galement \u00e9t\u00e9 dit: \u00ab\u00a0Je dis clairement que le Greta antis\u00e9mite et ses amis, la propagande du Hamas: vous devriez inverser car vous n&rsquo;atteinrez pas Gaza.\u00a0\u00bb Dans les cas ant\u00e9rieurs, Isra\u00ebl avait d\u00e9j\u00e0 refus\u00e9 l&rsquo;approbation dans les cas ant\u00e9rieurs de cr\u00e9er ses navires sur la c\u00f4te de la bande isol\u00e9e de Gaza.<\/p>\n<p><strong>&#8211; Taga -Length Ride \u00e0 travers la M\u00e9diterran\u00e9e orientale:<\/strong> Avec onze autres militants le 1er juin, Thunberg a coll\u00e9 en Sicile afin d&rsquo;apporter des fournitures d&rsquo;aide telles que des aliments pour b\u00e9b\u00e9s et des biens m\u00e9dicaux \u00e0 Gaza avec le navire. Dans le m\u00eame temps, ils voulaient se concentrer sur l&rsquo;urgence internationale dans la zone c\u00f4ti\u00e8re dens\u00e9ment peupl\u00e9e avec environ deux millions d&rsquo;habitants. Apr\u00e8s la excursion d&rsquo;une journ\u00e9e \u00e0 travers la M\u00e9diterran\u00e9e orientale, ils ont en fait voulu arriver sur la c\u00f4te de Gazas lundi matin.<\/p>\n<div id=\"attachment_398837\" class=\"wp-caption alignleft\" style=\"max-width: 300px\"><img decoding=\"async\" class=\"wp-image-398837 size-medium\" src=\"https:\/\/vieassociative.be\/actualites\/wp-content\/uploads\/2025\/06\/1749457095_412_Israel-arrete-le-navire-des-militants-avec-Greta-Thunberg-sur.jpg\" alt=\"\" width=\"300\" height=\"200\"><\/p>\n<p class=\"wp-caption-text\">05.10.2024, Belgique, Bruxelles: la militante su\u00e9doise Greta Thunberg avec un tissu palestinien bloque une route dans le centre-ville de Bruxelles avec d&rsquo;autres militants. Photo: Wiktor Dabkowski \/ Zuma Press Wire \/ DPA<\/p>\n<\/div>\n<p>Thunberg est devenue mondiale avec sa lutte rigoureuse pour plus de protection climatique. Le Su\u00e9dois, maintenant \u00e2g\u00e9 de 22 ans, s&rsquo;est engag\u00e9 depuis longtemps aux int\u00e9r\u00eats de la population palestinienne. Votre credo: Sans justice sociale, il ne pourrait y avoir de justice climatique.<\/p>\n<p>Isra\u00ebl l&rsquo;accuse \u00e0 plusieurs reprises de commettre un g\u00e9nocide des Palestiniens. Les critiques, en revanche, tiennent \u00e0 ignorer le massacre du Hamas du 7 octobre 2023, qui a d\u00e9clench\u00e9 la guerre de Gaza dans ses all\u00e9gations. Environ 1 200 personnes ont \u00e9t\u00e9 tu\u00e9es et plus de 250 ont \u00e9t\u00e9 tra\u00een\u00e9es dans les bandes de Gaza en otages.<\/p>\n<p>Depuis le d\u00e9but de la guerre de Gaza il y a 20 mois, selon l&rsquo;autorit\u00e9 sanitaire contr\u00f4l\u00e9e par le Hamas, plus de 54 800 Palestiniens ont \u00e9t\u00e9 tu\u00e9s dans la bande de Gaza et des dommages d\u00e9vastateurs ont \u00e9t\u00e9 caus\u00e9s. Isra\u00ebl a emp\u00each\u00e9 la livraison de nourriture, de m\u00e9dicaments et d&rsquo;autres biens vitaux au cours de la guerre contre le Hamas islamiste pendant pr\u00e8s de trois mois, mais le blocus a r\u00e9cemment d\u00e9truit un peu. Le gouvernement du Premier ministre Benjamin Netanyahu pr\u00e9tend que le Hamas pr\u00e9tend quitter les otages d\u00e9tenus par lui. (DPA)<\/p>\n","protected":false},"excerpt":{"rendered":"<p>Apr\u00e8s une excursion d&rsquo;une journ\u00e9e sur un voilier avec des marchandises de secours pour les personnes de la bande de Gaza, Greta Thunberg et d&rsquo;autres<\/p>\n","protected":false},"author":1,"featured_media":8073,"comment_status":"","ping_status":"","sticky":false,"template":"","format":"standard","meta":{"footnotes":""},"categories":[298],"tags":[3276,61,4945,5447,29,76,7074,4755,7342,3004,7341,7340,5101,33,7343],"class_list":["post-8072","post","type-post","status-publish","format-standard","has-post-thumbnail","hentry","category-belgique","tag-arrete","tag-avec","tag-bande","tag-chemin","tag-des","tag-est","tag-fini","tag-gaza","tag-greta","tag-israel","tag-militants","tag-navire","tag-spectacle","tag-sur","tag-thunberg","generate-columns","tablet-grid-50","mobile-grid-100","grid-parent","grid-33"],"yoast_head":"<!-- This site is optimized with the Yoast SEO plugin v24.0 - https:\/\/yoast.com\/wordpress\/plugins\/seo\/ -->\n<title>Isra\u00ebl arr\u00eate le navire des militants avec Greta Thunberg sur le chemin de la bande de Gaza - &quot;Le spectacle est fini&quot; | Vie Associative<\/title>\n<meta name=\"robots\" content=\"index, follow, max-snippet:-1, max-image-preview:large, max-video-preview:-1\" \/>\n<link rel=\"canonical\" href=\"https:\/\/vieassociative.be\/actualites\/israel-arrete-le-navire-des-militants-avec-greta-thunberg-sur-le-chemin-de-la-bande-de-gaza-le-spectacle-est-fini\/\" \/>\n<meta property=\"og:locale\" content=\"fr_FR\" \/>\n<meta property=\"og:type\" content=\"article\" \/>\n<meta property=\"og:title\" content=\"Isra\u00ebl arr\u00eate le navire des militants avec Greta Thunberg sur le chemin de la bande de Gaza - &quot;Le spectacle est fini&quot; | Vie Associative\" \/>\n<meta property=\"og:description\" content=\"Apr\u00e8s une excursion d&rsquo;une journ\u00e9e sur un voilier avec des marchandises de secours pour les personnes de la bande de Gaza, Greta Thunberg et d&rsquo;autres\" \/>\n<meta property=\"og:url\" content=\"https:\/\/vieassociative.be\/actualites\/israel-arrete-le-navire-des-militants-avec-greta-thunberg-sur-le-chemin-de-la-bande-de-gaza-le-spectacle-est-fini\/\" \/>\n<meta property=\"og:site_name\" content=\"Vie Associative\" \/>\n<meta property=\"article:published_time\" content=\"2025-06-09T08:18:15+00:00\" \/>\n<meta property=\"og:image\" content=\"https:\/\/vieassociative.be\/actualites\/wp-content\/uploads\/2024\/09\/header_backgroundk-01-e1726694325946.png\" \/>\n\t<meta property=\"og:image:width\" content=\"279\" \/>\n\t<meta property=\"og:image:height\" content=\"92\" \/>\n\t<meta property=\"og:image:type\" content=\"image\/png\" \/>\n<meta name=\"author\" content=\"Julien\" \/>\n<meta name=\"twitter:card\" content=\"summary_large_image\" \/>\n<meta name=\"twitter:label1\" content=\"\u00c9crit par\" \/>\n\t<meta name=\"twitter:data1\" content=\"Julien\" \/>\n\t<meta name=\"twitter:label2\" content=\"Dur\u00e9e de lecture est.\" \/>\n\t<meta name=\"twitter:data2\" content=\"4 minutes\" \/>\n<script type=\"application\/ld+json\" class=\"yoast-schema-graph\">{\"@context\":\"https:\/\/schema.org\",\"@graph\":[{\"@type\":\"Article\",\"@id\":\"https:\/\/vieassociative.be\/actualites\/israel-arrete-le-navire-des-militants-avec-greta-thunberg-sur-le-chemin-de-la-bande-de-gaza-le-spectacle-est-fini\/#article\",\"isPartOf\":{\"@id\":\"https:\/\/vieassociative.be\/actualites\/israel-arrete-le-navire-des-militants-avec-greta-thunberg-sur-le-chemin-de-la-bande-de-gaza-le-spectacle-est-fini\/\"},\"author\":{\"name\":\"Julien\",\"@id\":\"https:\/\/vieassociative.be\/actualites\/#\/schema\/person\/b87ac4f82f9d4e7b7cec7395b679edc4\"},\"headline\":\"Isra\u00ebl arr\u00eate le navire des militants avec Greta Thunberg sur le chemin de la bande de Gaza &#8211; \u00ab\u00a0Le spectacle est fini\u00a0\u00bb\",\"datePublished\":\"2025-06-09T08:18:15+00:00\",\"dateModified\":\"2025-06-09T08:18:15+00:00\",\"mainEntityOfPage\":{\"@id\":\"https:\/\/vieassociative.be\/actualites\/israel-arrete-le-navire-des-militants-avec-greta-thunberg-sur-le-chemin-de-la-bande-de-gaza-le-spectacle-est-fini\/\"},\"wordCount\":813,\"publisher\":{\"@id\":\"https:\/\/vieassociative.be\/actualites\/#organization\"},\"image\":{\"@id\":\"https:\/\/vieassociative.be\/actualites\/israel-arrete-le-navire-des-militants-avec-greta-thunberg-sur-le-chemin-de-la-bande-de-gaza-le-spectacle-est-fini\/#primaryimage\"},\"thumbnailUrl\":\"https:\/\/vieassociative.be\/actualites\/wp-content\/uploads\/2025\/06\/1749457095_Israel-arrete-le-navire-des-militants-avec-Greta-Thunberg-sur.jpg\",\"keywords\":[\"arr\u00eate\",\"avec\",\"bande\",\"chemin\",\"Des\",\"est\",\"fini\",\"Gaza\",\"Greta\",\"Isra\u00ebl\",\"militants\",\"navire\",\"Spectacle\",\"sur\",\"Thunberg\"],\"articleSection\":[\"Belgique\"],\"inLanguage\":\"fr-BE\"},{\"@type\":\"WebPage\",\"@id\":\"https:\/\/vieassociative.be\/actualites\/israel-arrete-le-navire-des-militants-avec-greta-thunberg-sur-le-chemin-de-la-bande-de-gaza-le-spectacle-est-fini\/\",\"url\":\"https:\/\/vieassociative.be\/actualites\/israel-arrete-le-navire-des-militants-avec-greta-thunberg-sur-le-chemin-de-la-bande-de-gaza-le-spectacle-est-fini\/\",\"name\":\"Isra\u00ebl arr\u00eate le navire des militants avec Greta Thunberg sur le chemin de la bande de Gaza - \\\"Le spectacle est fini\\\" | Vie Associative\",\"isPartOf\":{\"@id\":\"https:\/\/vieassociative.be\/actualites\/#website\"},\"primaryImageOfPage\":{\"@id\":\"https:\/\/vieassociative.be\/actualites\/israel-arrete-le-navire-des-militants-avec-greta-thunberg-sur-le-chemin-de-la-bande-de-gaza-le-spectacle-est-fini\/#primaryimage\"},\"image\":{\"@id\":\"https:\/\/vieassociative.be\/actualites\/israel-arrete-le-navire-des-militants-avec-greta-thunberg-sur-le-chemin-de-la-bande-de-gaza-le-spectacle-est-fini\/#primaryimage\"},\"thumbnailUrl\":\"https:\/\/vieassociative.be\/actualites\/wp-content\/uploads\/2025\/06\/1749457095_Israel-arrete-le-navire-des-militants-avec-Greta-Thunberg-sur.jpg\",\"datePublished\":\"2025-06-09T08:18:15+00:00\",\"dateModified\":\"2025-06-09T08:18:15+00:00\",\"breadcrumb\":{\"@id\":\"https:\/\/vieassociative.be\/actualites\/israel-arrete-le-navire-des-militants-avec-greta-thunberg-sur-le-chemin-de-la-bande-de-gaza-le-spectacle-est-fini\/#breadcrumb\"},\"inLanguage\":\"fr-BE\",\"potentialAction\":[{\"@type\":\"ReadAction\",\"target\":[\"https:\/\/vieassociative.be\/actualites\/israel-arrete-le-navire-des-militants-avec-greta-thunberg-sur-le-chemin-de-la-bande-de-gaza-le-spectacle-est-fini\/\"]}]},{\"@type\":\"ImageObject\",\"inLanguage\":\"fr-BE\",\"@id\":\"https:\/\/vieassociative.be\/actualites\/israel-arrete-le-navire-des-militants-avec-greta-thunberg-sur-le-chemin-de-la-bande-de-gaza-le-spectacle-est-fini\/#primaryimage\",\"url\":\"https:\/\/vieassociative.be\/actualites\/wp-content\/uploads\/2025\/06\/1749457095_Israel-arrete-le-navire-des-militants-avec-Greta-Thunberg-sur.jpg\",\"contentUrl\":\"https:\/\/vieassociative.be\/actualites\/wp-content\/uploads\/2025\/06\/1749457095_Israel-arrete-le-navire-des-militants-avec-Greta-Thunberg-sur.jpg\",\"width\":1200,\"height\":600,\"caption\":\"Isra\u00ebl arr\u00eate le navire des militants avec Greta Thunberg sur le chemin de la bande de Gaza - \\\"Le spectacle est fini\\\"\"},{\"@type\":\"BreadcrumbList\",\"@id\":\"https:\/\/vieassociative.be\/actualites\/israel-arrete-le-navire-des-militants-avec-greta-thunberg-sur-le-chemin-de-la-bande-de-gaza-le-spectacle-est-fini\/#breadcrumb\",\"itemListElement\":[{\"@type\":\"ListItem\",\"position\":1,\"name\":\"Accueil\",\"item\":\"https:\/\/vieassociative.be\/actualites\/\"},{\"@type\":\"ListItem\",\"position\":2,\"name\":\"Isra\u00ebl arr\u00eate le navire des militants avec Greta Thunberg sur le chemin de la bande de Gaza &#8211; \u00ab\u00a0Le spectacle est fini\u00a0\u00bb\"}]},{\"@type\":\"WebSite\",\"@id\":\"https:\/\/vieassociative.be\/actualites\/#website\",\"url\":\"https:\/\/vieassociative.be\/actualites\/\",\"name\":\"Vie Associative\",\"description\":\"\",\"publisher\":{\"@id\":\"https:\/\/vieassociative.be\/actualites\/#organization\"},\"potentialAction\":[{\"@type\":\"SearchAction\",\"target\":{\"@type\":\"EntryPoint\",\"urlTemplate\":\"https:\/\/vieassociative.be\/actualites\/?s={search_term_string}\"},\"query-input\":{\"@type\":\"PropertyValueSpecification\",\"valueRequired\":true,\"valueName\":\"search_term_string\"}}],\"inLanguage\":\"fr-BE\"},{\"@type\":\"Organization\",\"@id\":\"https:\/\/vieassociative.be\/actualites\/#organization\",\"name\":\"Vie Associative\",\"url\":\"https:\/\/vieassociative.be\/actualites\/\",\"logo\":{\"@type\":\"ImageObject\",\"inLanguage\":\"fr-BE\",\"@id\":\"https:\/\/vieassociative.be\/actualites\/#\/schema\/logo\/image\/\",\"url\":\"https:\/\/vieassociative.be\/actualites\/wp-content\/uploads\/2024\/09\/cropped-vieassociative_favicon.ico.png\",\"contentUrl\":\"https:\/\/vieassociative.be\/actualites\/wp-content\/uploads\/2024\/09\/cropped-vieassociative_favicon.ico.png\",\"width\":512,\"height\":512,\"caption\":\"Vie Associative\"},\"image\":{\"@id\":\"https:\/\/vieassociative.be\/actualites\/#\/schema\/logo\/image\/\"}},{\"@type\":\"Person\",\"@id\":\"https:\/\/vieassociative.be\/actualites\/#\/schema\/person\/b87ac4f82f9d4e7b7cec7395b679edc4\",\"name\":\"Julien\",\"image\":{\"@type\":\"ImageObject\",\"inLanguage\":\"fr-BE\",\"@id\":\"https:\/\/vieassociative.be\/actualites\/#\/schema\/person\/image\/\",\"url\":\"https:\/\/vieassociative.be\/actualites\/wp-content\/uploads\/2024\/09\/vie-associative-1-150x150.jpg\",\"contentUrl\":\"https:\/\/vieassociative.be\/actualites\/wp-content\/uploads\/2024\/09\/vie-associative-1-150x150.jpg\",\"caption\":\"Julien\"},\"description\":\"Je suis Julien, r\u00e9dacteur pour Vie Associative. Passionn\u00e9 par le monde associatif depuis plus de 10 ans, j'ai \u00e0 c\u0153ur de partager des histoires inspirantes et de mettre en lumi\u00e8re les initiatives locales. Mon objectif est de sensibiliser et d'encourager l'engagement communautaire \u00e0 travers mes articles.\",\"sameAs\":[\"https:\/\/vieassociative.be\/\"]}]}<\/script>\n<!-- \/ Yoast SEO plugin. -->","yoast_head_json":{"title":"Isra\u00ebl arr\u00eate le navire des militants avec Greta Thunberg sur le chemin de la bande de Gaza - \"Le spectacle est fini\" | Vie Associative","robots":{"index":"index","follow":"follow","max-snippet":"max-snippet:-1","max-image-preview":"max-image-preview:large","max-video-preview":"max-video-preview:-1"},"canonical":"https:\/\/vieassociative.be\/actualites\/israel-arrete-le-navire-des-militants-avec-greta-thunberg-sur-le-chemin-de-la-bande-de-gaza-le-spectacle-est-fini\/","og_locale":"fr_FR","og_type":"article","og_title":"Isra\u00ebl arr\u00eate le navire des militants avec Greta Thunberg sur le chemin de la bande de Gaza - \"Le spectacle est fini\" | Vie Associative","og_description":"Apr\u00e8s une excursion d&rsquo;une journ\u00e9e sur un voilier avec des marchandises de secours pour les personnes de la bande de Gaza, Greta Thunberg et d&rsquo;autres","og_url":"https:\/\/vieassociative.be\/actualites\/israel-arrete-le-navire-des-militants-avec-greta-thunberg-sur-le-chemin-de-la-bande-de-gaza-le-spectacle-est-fini\/","og_site_name":"Vie Associative","article_published_time":"2025-06-09T08:18:15+00:00","og_image":[{"width":279,"height":92,"url":"https:\/\/vieassociative.be\/actualites\/wp-content\/uploads\/2024\/09\/header_backgroundk-01-e1726694325946.png","type":"image\/png"}],"author":"Julien","twitter_card":"summary_large_image","twitter_misc":{"\u00c9crit par":"Julien","Dur\u00e9e de lecture est.":"4 minutes"},"schema":{"@context":"https:\/\/schema.org","@graph":[{"@type":"Article","@id":"https:\/\/vieassociative.be\/actualites\/israel-arrete-le-navire-des-militants-avec-greta-thunberg-sur-le-chemin-de-la-bande-de-gaza-le-spectacle-est-fini\/#article","isPartOf":{"@id":"https:\/\/vieassociative.be\/actualites\/israel-arrete-le-navire-des-militants-avec-greta-thunberg-sur-le-chemin-de-la-bande-de-gaza-le-spectacle-est-fini\/"},"author":{"name":"Julien","@id":"https:\/\/vieassociative.be\/actualites\/#\/schema\/person\/b87ac4f82f9d4e7b7cec7395b679edc4"},"headline":"Isra\u00ebl arr\u00eate le navire des militants avec Greta Thunberg sur le chemin de la bande de Gaza &#8211; \u00ab\u00a0Le spectacle est fini\u00a0\u00bb","datePublished":"2025-06-09T08:18:15+00:00","dateModified":"2025-06-09T08:18:15+00:00","mainEntityOfPage":{"@id":"https:\/\/vieassociative.be\/actualites\/israel-arrete-le-navire-des-militants-avec-greta-thunberg-sur-le-chemin-de-la-bande-de-gaza-le-spectacle-est-fini\/"},"wordCount":813,"publisher":{"@id":"https:\/\/vieassociative.be\/actualites\/#organization"},"image":{"@id":"https:\/\/vieassociative.be\/actualites\/israel-arrete-le-navire-des-militants-avec-greta-thunberg-sur-le-chemin-de-la-bande-de-gaza-le-spectacle-est-fini\/#primaryimage"},"thumbnailUrl":"https:\/\/vieassociative.be\/actualites\/wp-content\/uploads\/2025\/06\/1749457095_Israel-arrete-le-navire-des-militants-avec-Greta-Thunberg-sur.jpg","keywords":["arr\u00eate","avec","bande","chemin","Des","est","fini","Gaza","Greta","Isra\u00ebl","militants","navire","Spectacle","sur","Thunberg"],"articleSection":["Belgique"],"inLanguage":"fr-BE"},{"@type":"WebPage","@id":"https:\/\/vieassociative.be\/actualites\/israel-arrete-le-navire-des-militants-avec-greta-thunberg-sur-le-chemin-de-la-bande-de-gaza-le-spectacle-est-fini\/","url":"https:\/\/vieassociative.be\/actualites\/israel-arrete-le-navire-des-militants-avec-greta-thunberg-sur-le-chemin-de-la-bande-de-gaza-le-spectacle-est-fini\/","name":"Isra\u00ebl arr\u00eate le navire des militants avec Greta Thunberg sur le chemin de la bande de Gaza - \"Le spectacle est fini\" | Vie Associative","isPartOf":{"@id":"https:\/\/vieassociative.be\/actualites\/#website"},"primaryImageOfPage":{"@id":"https:\/\/vieassociative.be\/actualites\/israel-arrete-le-navire-des-militants-avec-greta-thunberg-sur-le-chemin-de-la-bande-de-gaza-le-spectacle-est-fini\/#primaryimage"},"image":{"@id":"https:\/\/vieassociative.be\/actualites\/israel-arrete-le-navire-des-militants-avec-greta-thunberg-sur-le-chemin-de-la-bande-de-gaza-le-spectacle-est-fini\/#primaryimage"},"thumbnailUrl":"https:\/\/vieassociative.be\/actualites\/wp-content\/uploads\/2025\/06\/1749457095_Israel-arrete-le-navire-des-militants-avec-Greta-Thunberg-sur.jpg","datePublished":"2025-06-09T08:18:15+00:00","dateModified":"2025-06-09T08:18:15+00:00","breadcrumb":{"@id":"https:\/\/vieassociative.be\/actualites\/israel-arrete-le-navire-des-militants-avec-greta-thunberg-sur-le-chemin-de-la-bande-de-gaza-le-spectacle-est-fini\/#breadcrumb"},"inLanguage":"fr-BE","potentialAction":[{"@type":"ReadAction","target":["https:\/\/vieassociative.be\/actualites\/israel-arrete-le-navire-des-militants-avec-greta-thunberg-sur-le-chemin-de-la-bande-de-gaza-le-spectacle-est-fini\/"]}]},{"@type":"ImageObject","inLanguage":"fr-BE","@id":"https:\/\/vieassociative.be\/actualites\/israel-arrete-le-navire-des-militants-avec-greta-thunberg-sur-le-chemin-de-la-bande-de-gaza-le-spectacle-est-fini\/#primaryimage","url":"https:\/\/vieassociative.be\/actualites\/wp-content\/uploads\/2025\/06\/1749457095_Israel-arrete-le-navire-des-militants-avec-Greta-Thunberg-sur.jpg","contentUrl":"https:\/\/vieassociative.be\/actualites\/wp-content\/uploads\/2025\/06\/1749457095_Israel-arrete-le-navire-des-militants-avec-Greta-Thunberg-sur.jpg","width":1200,"height":600,"caption":"Isra\u00ebl arr\u00eate le navire des militants avec Greta Thunberg sur le chemin de la bande de Gaza - \"Le spectacle est fini\""},{"@type":"BreadcrumbList","@id":"https:\/\/vieassociative.be\/actualites\/israel-arrete-le-navire-des-militants-avec-greta-thunberg-sur-le-chemin-de-la-bande-de-gaza-le-spectacle-est-fini\/#breadcrumb","itemListElement":[{"@type":"ListItem","position":1,"name":"Accueil","item":"https:\/\/vieassociative.be\/actualites\/"},{"@type":"ListItem","position":2,"name":"Isra\u00ebl arr\u00eate le navire des militants avec Greta Thunberg sur le chemin de la bande de Gaza &#8211; \u00ab\u00a0Le spectacle est fini\u00a0\u00bb"}]},{"@type":"WebSite","@id":"https:\/\/vieassociative.be\/actualites\/#website","url":"https:\/\/vieassociative.be\/actualites\/","name":"Vie Associative","description":"","publisher":{"@id":"https:\/\/vieassociative.be\/actualites\/#organization"},"potentialAction":[{"@type":"SearchAction","target":{"@type":"EntryPoint","urlTemplate":"https:\/\/vieassociative.be\/actualites\/?s={search_term_string}"},"query-input":{"@type":"PropertyValueSpecification","valueRequired":true,"valueName":"search_term_string"}}],"inLanguage":"fr-BE"},{"@type":"Organization","@id":"https:\/\/vieassociative.be\/actualites\/#organization","name":"Vie Associative","url":"https:\/\/vieassociative.be\/actualites\/","logo":{"@type":"ImageObject","inLanguage":"fr-BE","@id":"https:\/\/vieassociative.be\/actualites\/#\/schema\/logo\/image\/","url":"https:\/\/vieassociative.be\/actualites\/wp-content\/uploads\/2024\/09\/cropped-vieassociative_favicon.ico.png","contentUrl":"https:\/\/vieassociative.be\/actualites\/wp-content\/uploads\/2024\/09\/cropped-vieassociative_favicon.ico.png","width":512,"height":512,"caption":"Vie Associative"},"image":{"@id":"https:\/\/vieassociative.be\/actualites\/#\/schema\/logo\/image\/"}},{"@type":"Person","@id":"https:\/\/vieassociative.be\/actualites\/#\/schema\/person\/b87ac4f82f9d4e7b7cec7395b679edc4","name":"Julien","image":{"@type":"ImageObject","inLanguage":"fr-BE","@id":"https:\/\/vieassociative.be\/actualites\/#\/schema\/person\/image\/","url":"https:\/\/vieassociative.be\/actualites\/wp-content\/uploads\/2024\/09\/vie-associative-1-150x150.jpg","contentUrl":"https:\/\/vieassociative.be\/actualites\/wp-content\/uploads\/2024\/09\/vie-associative-1-150x150.jpg","caption":"Julien"},"description":"Je suis Julien, r\u00e9dacteur pour Vie Associative. Passionn\u00e9 par le monde associatif depuis plus de 10 ans, j'ai \u00e0 c\u0153ur de partager des histoires inspirantes et de mettre en lumi\u00e8re les initiatives locales. Mon objectif est de sensibiliser et d'encourager l'engagement communautaire \u00e0 travers mes articles.","sameAs":["https:\/\/vieassociative.be\/"]}]}},"_links":{"self":[{"href":"https:\/\/vieassociative.be\/actualites\/wp-json\/wp\/v2\/posts\/8072"}],"collection":[{"href":"https:\/\/vieassociative.be\/actualites\/wp-json\/wp\/v2\/posts"}],"about":[{"href":"https:\/\/vieassociative.be\/actualites\/wp-json\/wp\/v2\/types\/post"}],"author":[{"embeddable":true,"href":"https:\/\/vieassociative.be\/actualites\/wp-json\/wp\/v2\/users\/1"}],"replies":[{"embeddable":true,"href":"https:\/\/vieassociative.be\/actualites\/wp-json\/wp\/v2\/comments?post=8072"}],"version-history":[{"count":0,"href":"https:\/\/vieassociative.be\/actualites\/wp-json\/wp\/v2\/posts\/8072\/revisions"}],"wp:featuredmedia":[{"embeddable":true,"href":"https:\/\/vieassociative.be\/actualites\/wp-json\/wp\/v2\/media\/8073"}],"wp:attachment":[{"href":"https:\/\/vieassociative.be\/actualites\/wp-json\/wp\/v2\/media?parent=8072"}],"wp:term":[{"taxonomy":"category","embeddable":true,"href":"https:\/\/vieassociative.be\/actualites\/wp-json\/wp\/v2\/categories?post=8072"},{"taxonomy":"post_tag","embeddable":true,"href":"https:\/\/vieassociative.be\/actualites\/wp-json\/wp\/v2\/tags?post=8072"}],"curies":[{"name":"wp","href":"https:\/\/api.w.org\/{rel}","templated":true}]}}