{"id":8069,"date":"2025-06-09T04:17:54","date_gmt":"2025-06-09T02:17:54","guid":{"rendered":"https:\/\/vieassociative.be\/actualites\/protestes-en-californie-contre-les-deportations-le-president-trump-est-mis-en-scene-comme-un-sherif-dur\/"},"modified":"2025-06-09T04:17:54","modified_gmt":"2025-06-09T02:17:54","slug":"protestes-en-californie-contre-les-deportations-le-president-trump-est-mis-en-scene-comme-un-sherif-dur","status":"publish","type":"post","link":"https:\/\/vieassociative.be\/actualites\/protestes-en-californie-contre-les-deportations-le-president-trump-est-mis-en-scene-comme-un-sherif-dur\/","title":{"rendered":"Protestes en Californie contre les d\u00e9portations: le pr\u00e9sident Trump est mis en sc\u00e8ne comme un sh\u00e9rif dur"},"content":{"rendered":"<p><strong>La r\u00e9sistance \u00e0 la mise \u00e0 jour est inutile, le message du pr\u00e9sident am\u00e9ricain Donald Trump: Dans l&rsquo;\u00e9tat de Californie d\u00e9mocratiquement gouvern\u00e9, le r\u00e9publicain veut appliquer son objectif de d\u00e9placer les \u00e9trangers sans papiers valides \u00e0 l&rsquo;aide de forces de s\u00e9curit\u00e9 militaires.<\/strong><\/p>\n<p><span id=\"more-417277\"><\/span>Pour cela, il rompt \u00e9galement le tabou de ne pas utiliser la garde nationale d&rsquo;un \u00c9tat sans le consentement du gouverneur respectif. Trump se pr\u00e9sente comme un sh\u00e9rif dur et accuse les d\u00e9mocrates responsables en Californie de faire une cause commune avec les criminels.<\/p>\n<p>Compte tenu des manifestations isol\u00e9es contre les responsables de la Ice Ice dans la r\u00e9gion de l&rsquo;autorit\u00e9 d&rsquo;immigration am\u00e9ricaine dans la r\u00e9gion de Los Angeles depuis vendredi, Trump a ordonn\u00e9 l&rsquo;utilisation d&rsquo;au moins 2 000 soldats de la Garde nationale de contr\u00f4ler la situation.<\/p>\n<div id=\"attachment_417280\" class=\"wp-caption alignleft\" style=\"max-width: 300px\"><img fetchpriority=\"high\" decoding=\"async\" class=\"wp-image-417280 size-medium\" src=\"https:\/\/vieassociative.be\/actualites\/wp-content\/uploads\/2025\/06\/Protestes-en-Californie-contre-les-deportations-le-president-Trump-est.jpg\" alt=\"\" width=\"300\" height=\"200\"><\/p>\n<p class=\"wp-caption-text\">07.06.2025, USA, Compton: Un d\u00e9monstrateur balance un drapeau am\u00e9ricain et mexicain lors d&rsquo;une d\u00e9monstration \u00e0 Compton, en Californie. Photo: Ethan Swope \/ AP \/ DPA<\/p>\n<\/div>\n<p><strong>&#8211; Aucun pr\u00e9sident n&rsquo;a acc\u00e9d\u00e9 \u00e0 la Garde nationale depuis 60 ans:<\/strong> Un expert cit\u00e9 par le \u00abNew York Times\u00bb a d\u00e9clar\u00e9 que c&rsquo;\u00e9tait la premi\u00e8re fois en 60 ans que le pr\u00e9sident a saisi sans le consentement d&rsquo;un gouverneur de la Garde nationale d&rsquo;un \u00c9tat. La derni\u00e8re fois, c&rsquo;\u00e9tait en 1965 lorsque le pr\u00e9sident Lyndon B. Johnson a utilis\u00e9 des soldats pour prot\u00e9ger les manifestants presque exclusivement noirs pendant le mouvement des droits civiques dans l&rsquo;\u00c9tat du sud de l&rsquo;Alabama.<\/p>\n<p>Le gouverneur d\u00e9mocrate de Californie, Gavin Newsom, a expliqu\u00e9 que Trump r\u00e9chauffait d\u00e9lib\u00e9r\u00e9ment la situation avec la mobilisation de la Garde nationale et accepte une autre escalade. Un tel engagement n&rsquo;est pas la t\u00e2che de la Garde nationale \u00ab\u00a0et secouera la confiance du public\u00a0\u00bb. Il ne manque pas de forces de s\u00e9curit\u00e9 que le gouvernement voulait organiser \u00ab\u00a0un spectacle\u00a0\u00bb. Il a fait appel aux manifestants de rester paisibles et aucun pr\u00e9texte au gouvernement.<\/p>\n<p><strong>&#8211; Le ministre de la D\u00e9fense menace les op\u00e9rations militaires:<\/strong> Le gouvernement de Trump menace m\u00eame d&rsquo;utiliser les forces arm\u00e9es r\u00e9guli\u00e8res \u00e0 l&rsquo;int\u00e9rieur. Ce serait une pause tabou encore plus grande. Le ministre de la D\u00e9fense, Pete Hegseth, a d\u00e9clar\u00e9 que si n\u00e9cessaire, l&rsquo;infanterie marine des forces arm\u00e9es pourrait \u00e9galement \u00eatre mobilis\u00e9e en Californie.<\/p>\n<p>\u00ab\u00a0Ils sont en alerte \u00e9lev\u00e9e\u00a0\u00bb, a-t-il \u00e9crit sur la plate-forme X. Newsom dans l&rsquo;horreur: le ministre de la D\u00e9fense menace \u00ab\u00a0d&rsquo;utiliser des soldats contre ses propres citoyens sur le sol am\u00e9ricain\u00a0\u00bb, a-t-il \u00e9crit \u00e0 X. \u00ab\u00a0Ce comportement est mentalement perturb\u00e9\u00a0\u00bb.<\/p>\n<div id=\"attachment_417284\" class=\"wp-caption alignleft\" style=\"max-width: 300px\"><img decoding=\"async\" class=\"wp-image-417284 size-medium\" src=\"https:\/\/vieassociative.be\/actualites\/wp-content\/uploads\/2025\/06\/1749435474_608_Protestes-en-Californie-contre-les-deportations-le-president-Trump-est.jpg\" alt=\"\" width=\"300\" height=\"200\"  ><\/p>\n<p class=\"wp-caption-text\">07.06.2025, \u00c9tats-Unis, Compton: les sh\u00e9rifs du comt\u00e9 de Los Angeles sont pr\u00eats dans des poursuites de protection lors d&rsquo;une manifestation \u00e0 Compton, en Californie. Photo: Ethan Swope \/ AP \/ DPA<\/p>\n<\/div>\n<p>Les manifestations de la r\u00e9gion de Los Angeles &#8211; et parfois \u00e9galement violentes ont \u00e9t\u00e9 dirig\u00e9es contre les forces de s\u00e9curit\u00e9 de la GCE de l&rsquo;Autorit\u00e9 am\u00e9ricaine de l&rsquo;immigration, les migrants arr\u00eat\u00e9s sans documents valides pour les expulser. La Maison Blanche a parl\u00e9 des \u00ab\u00a0inserts de d\u00e9portation normaux\u00a0\u00bb. Certains manifestants ont lanc\u00e9 les forces de s\u00e9curit\u00e9 avec des pierres, entre autres. Le Trump a suppos\u00e9 que le minist\u00e8re de la Protection de la patrie a parl\u00e9 d&rsquo;une escalade massive.<\/p>\n<p>Les forces de s\u00e9curit\u00e9 ont contr\u00e9 les manifestants en pleine vitesse avec des boucliers et des casques protecteurs, et des gaz lacrymog\u00e8nes ont \u00e9galement \u00e9t\u00e9 utilis\u00e9s. Selon les rapports des m\u00e9dias locaux, des balles en caoutchouc et des grenades de fum\u00e9e ont \u00e9galement \u00e9t\u00e9 utilis\u00e9es \u00e0 l&rsquo;occasion.<\/p>\n<p>Dans l&rsquo;annonce officielle du pr\u00e9sident am\u00e9ricain, il a \u00e9t\u00e9 dit que la Garde nationale serait en action pendant 60 jours ou tant que le ministre de la D\u00e9fense le jugeait n\u00e9cessaire. Si n\u00e9cessaire, le ministre peut \u00e9galement utiliser des membres de l&rsquo;arm\u00e9e am\u00e9ricaine r\u00e9guli\u00e8re \u00ab\u00a0dans une taille jug\u00e9e appropri\u00e9e\u00a0\u00bb, a-t-il dit l\u00e0-bas. Les soldats devraient mettre fin \u00e0 \u00ab\u00a0l&rsquo;anarchie\u00a0\u00bb dans la r\u00e9gion de Los Angeles, a expliqu\u00e9 la porte-parole de la Maison Blanche, Karoline Leavitt.<\/p>\n<p>L&rsquo;arm\u00e9e am\u00e9ricaine a annonc\u00e9 dans la matin\u00e9e (heure locale) que les premiers soldats sont arriv\u00e9s dans la r\u00e9gion de Los Angeles. Environ 300 soldats seraient utilis\u00e9s dans trois endroits diff\u00e9rents pour prot\u00e9ger le gouvernement f\u00e9d\u00e9ral et le personnel.<\/p>\n<div id=\"attachment_417281\" class=\"wp-caption alignleft\" style=\"max-width: 300px\"><img decoding=\"async\" class=\"wp-image-417281 size-medium\" src=\"https:\/\/vieassociative.be\/actualites\/wp-content\/uploads\/2025\/06\/1749435474_447_Protestes-en-Californie-contre-les-deportations-le-president-Trump-est.jpg\" alt=\"\" width=\"300\" height=\"200\"><\/p>\n<p class=\"wp-caption-text\">07.06.2025, \u00c9tats-Unis, Compton: les manifestants aident un journaliste bless\u00e9 lors d&rsquo;une d\u00e9monstration \u00e0 Compton, en Californie. Photo: Ethan Swope \/ AP \/ DPA<\/p>\n<\/div>\n<p><strong>&#8211; L&rsquo;altitude sur la garde nationale r\u00e9side dans les \u00c9tats:<\/strong> Aux \u00c9tats-Unis, les \u00c9tats ont normalement le contr\u00f4le de la Garde nationale. La Garde nationale est une unit\u00e9 de r\u00e9serve militaire et une partie des forces arm\u00e9es am\u00e9ricaines. Chaque \u00c9tat a sa propre garde nationale, qui peut \u00eatre utilis\u00e9e dans les incendies de for\u00eat, les ouragans, les inondations ou les troubles \u00e0 l&rsquo;int\u00e9rieur. Il est alors sous le commandement du gouverneur respectif. S&rsquo;il y a une guerre ou des urgences nationales, le pr\u00e9sident am\u00e9ricain peut prendre le commandement. Au total, les \u00c9tats-Unis comptent plus de 325 000 gardes nationaux.<\/p>\n<p><strong>-Us s\u00e9nateur parle d&rsquo;une \u00e9tape \u00ab\u00a0sans pr\u00e9c\u00e9dent\u00a0\u00bb:<\/strong> L&rsquo;un des deux s\u00e9nateurs am\u00e9ricains de Californie, Adam Schiff, a appel\u00e9 l&rsquo;utilisation de la Garde nationale contre la volont\u00e9 du gouverneur \u00ab\u00a0sans pr\u00e9c\u00e9dent\u00a0\u00bb. De sorte que le chaos doit \u00eatre donn\u00e9 et une escalade est provoqu\u00e9e. Il a appel\u00e9 \u00e0 la fin de la violence &#8211; il n&rsquo;y avait rien \u00ab\u00a0ce que le pr\u00e9sident Trump aimerait plus que des affrontements violents avec les manifestants\u00a0\u00bb afin de justifier l&rsquo;utilisation des militaires ou une forme de loi de guerre, a averti le navire sur X.<\/p>\n<p><strong>&#8211; Trump d\u00e9nige le gouverneur de la Californie:<\/strong> Imm\u00e9diatement avant la d\u00e9cision de la Maison Blanche, Trump avait d\u00e9j\u00e0 abandonn\u00e9 une menace: si le gouverneur Newsom et la maire de Los Angeles, Karen Bass, ne faisaient pas correctement son travail, le gouvernement interviendrait et r\u00e9soudrait le probl\u00e8me avec \u00ab\u00a0des troubles et des pillage\u00a0\u00bb. Au lieu d&rsquo;utiliser le nom de famille correct du gouverneur, Trump l&rsquo;a d\u00e9crit dans son article sur la plate-forme sociale Truth comme un \u00ab\u00a0journal\u00a0\u00bb &#8211; un jeu de mots avec le terme anglais \u00ab\u00a0Scum\u00a0\u00bb, qui signifie \u00ab\u00a0\u00e9cume\u00a0\u00bb en allemand.<\/p>\n<p>Le d\u00e9nigrement du gouverneur d\u00e9mocrate souligne \u00e9galement la dimension politique de l&rsquo;affaire: Newsom n&rsquo;est pas seulement l&rsquo;un des d\u00e9mocrates les plus \u00e9minents, il est \u00e9galement consid\u00e9r\u00e9 comme une perspective possible de la candidature pr\u00e9sidentielle de son parti lors de l&rsquo;\u00e9lection 2028. Et: Newsom gouverne un \u00c9tat extr\u00eamement \u00e9conomique avec pr\u00e8s de 40 millions d&rsquo;habitants &#8211; celle-ci est plus d&rsquo;une dixi\u00e8me de la population am\u00e9ricaine.<\/p>\n<div id=\"attachment_417282\" class=\"wp-caption alignleft\" style=\"max-width: 300px\"><img loading=\"lazy\" decoding=\"async\" class=\"wp-image-417282 size-medium\" src=\"https:\/\/vieassociative.be\/actualites\/wp-content\/uploads\/2025\/06\/1749435474_258_Protestes-en-Californie-contre-les-deportations-le-president-Trump-est.jpg\" alt=\"\" width=\"300\" height=\"200\"><\/p>\n<p class=\"wp-caption-text\">07.06.2025, \u00c9tats-Unis, Compton: Un policier supprime un incendie lors d&rsquo;une manifestation \u00e0 Compton, en Californie. Les manifestants protestent contre l&rsquo;exploitation de la Federal Immigration Authority d\u00e8s la veille au cours de laquelle les autorit\u00e9s avaient arr\u00eat\u00e9 des dizaines de personnes. Photo: Ethan Swope \/ AP \/ DPA<\/p>\n<\/div>\n<p>Ce n&rsquo;est que vendredi que Newsom a contest\u00e9 la plate-forme X Trump. Selon des informations selon lesquelles le gouvernement voulait supprimer des milliards de fonds pour des projets en Californie d\u00e9mocrate, il a \u00e9crit que les Californiens ont pay\u00e9 les factures du gouvernement f\u00e9d\u00e9ral. Les citoyens ont pay\u00e9 80 milliards de dollars de plus \u00e0 Washington que le pays. \u00ab\u00a0Peut-\u00eatre qu&rsquo;il est temps de s&rsquo;arr\u00eater avec @raldonaldTrump\u00a0\u00bb a-t-il \u00e9crit \u00e0 Trump.<\/p>\n<p><strong>&#8211; L&rsquo;escalade en Californie offre une distraction du diff\u00e9rend avec le musc:<\/strong> Trump a \u00e9galement remport\u00e9 le choix des d\u00e9portations de masse prometteuses. Il veut absolument expulser des \u00e9trangers sans papiers valides &#8211; et rompt \u00e9galement un tabou. L&rsquo;accent mis sur la situation en Californie pourrait \u00e9galement lui venir politiquement, car pendant des jours, il a toujours d\u00fb r\u00e9pondre aux questions sur son licenciement public avec le milliardaire technologique Elon Musk et est confront\u00e9 \u00e0 la critique de sa loi fiscale et budg\u00e9taire.<\/p>\n<p><strong>&#8211; \u00ab\u00a0soul\u00e8vement violent\u00a0\u00bb contre le pouvoir de l&rsquo;\u00c9tat?<\/strong> Le maire de Los Angeles, Karen Bass et la police locale se sont \u00e9loign\u00e9s des missions de glace. Comme d&rsquo;habitude, ils ne veulent pas travailler avec l&rsquo;autorit\u00e9 f\u00e9d\u00e9rale dans leur domaine de responsabilit\u00e9 pour permettre des d\u00e9portations normales. C&rsquo;est combien d&rsquo;administrations municipales contr\u00f4l\u00e9es par les d\u00e9mocrates se comportent aux \u00c9tats-Unis.<\/p>\n<p>Selon le D\u00e9partement am\u00e9ricain de la protection de la patrie, environ 1 000 manifestants ont attaqu\u00e9 vendredi des responsables de l&rsquo;ICE. Le minist\u00e8re n&rsquo;a critiqu\u00e9 la police locale qu&rsquo;apr\u00e8s deux heures. Au cours de la semaine, 118 \u00e9trangers sans permis de s\u00e9jour valide ont \u00e9t\u00e9 arr\u00eat\u00e9s \u00e0 Los Angeles, y compris des membres de gangs et des casiers judiciaires.<\/p>\n<p>Le ministre de la Justice, Pam Bondi, a mis en garde contre X. Quiconque a handicap\u00e9 ou attaqu\u00e9 les forces de s\u00e9curit\u00e9 doit s&rsquo;attendre \u00e0 l&rsquo;application des lois. Le directeur du FBI, Kash Patel, a \u00e9galement menac\u00e9 d&rsquo;utiliser ses agents. (DPA)<\/p>\n","protected":false},"excerpt":{"rendered":"<p>La r\u00e9sistance \u00e0 la mise \u00e0 jour est inutile, le message du pr\u00e9sident am\u00e9ricain Donald Trump: Dans l&rsquo;\u00e9tat de Californie d\u00e9mocratiquement gouvern\u00e9, le r\u00e9publicain veut<\/p>\n","protected":false},"author":1,"featured_media":8070,"comment_status":"","ping_status":"","sticky":false,"template":"","format":"standard","meta":{"footnotes":""},"categories":[298],"tags":[7338,1254,796,7339,6280,76,14,2233,3075,7337,4189,4904,2425],"class_list":["post-8069","post","type-post","status-publish","format-standard","has-post-thumbnail","hentry","category-belgique","tag-californie","tag-comme","tag-contre","tag-deportations","tag-dur","tag-est","tag-les","tag-mis","tag-president","tag-protestes","tag-scene","tag-sherif","tag-trump","generate-columns","tablet-grid-50","mobile-grid-100","grid-parent","grid-33"],"yoast_head":"<!-- This site is optimized with the Yoast SEO plugin v24.0 - https:\/\/yoast.com\/wordpress\/plugins\/seo\/ -->\n<title>Protestes en Californie contre les d\u00e9portations: le pr\u00e9sident Trump est mis en sc\u00e8ne comme un sh\u00e9rif dur | Vie Associative<\/title>\n<meta name=\"robots\" content=\"index, follow, max-snippet:-1, max-image-preview:large, max-video-preview:-1\" \/>\n<link rel=\"canonical\" href=\"https:\/\/vieassociative.be\/actualites\/protestes-en-californie-contre-les-deportations-le-president-trump-est-mis-en-scene-comme-un-sherif-dur\/\" \/>\n<meta property=\"og:locale\" content=\"fr_FR\" \/>\n<meta property=\"og:type\" content=\"article\" \/>\n<meta property=\"og:title\" content=\"Protestes en Californie contre les d\u00e9portations: le pr\u00e9sident Trump est mis en sc\u00e8ne comme un sh\u00e9rif dur | Vie Associative\" \/>\n<meta property=\"og:description\" content=\"La r\u00e9sistance \u00e0 la mise \u00e0 jour est inutile, le message du pr\u00e9sident am\u00e9ricain Donald Trump: Dans l&rsquo;\u00e9tat de Californie d\u00e9mocratiquement gouvern\u00e9, le r\u00e9publicain veut\" \/>\n<meta property=\"og:url\" content=\"https:\/\/vieassociative.be\/actualites\/protestes-en-californie-contre-les-deportations-le-president-trump-est-mis-en-scene-comme-un-sherif-dur\/\" \/>\n<meta property=\"og:site_name\" content=\"Vie Associative\" \/>\n<meta property=\"article:published_time\" content=\"2025-06-09T02:17:54+00:00\" \/>\n<meta property=\"og:image\" content=\"https:\/\/vieassociative.be\/actualites\/wp-content\/uploads\/2024\/09\/header_backgroundk-01-e1726694325946.png\" \/>\n\t<meta property=\"og:image:width\" content=\"279\" \/>\n\t<meta property=\"og:image:height\" content=\"92\" \/>\n\t<meta property=\"og:image:type\" content=\"image\/png\" \/>\n<meta name=\"author\" content=\"Julien\" \/>\n<meta name=\"twitter:card\" content=\"summary_large_image\" \/>\n<meta name=\"twitter:label1\" content=\"\u00c9crit par\" \/>\n\t<meta name=\"twitter:data1\" content=\"Julien\" \/>\n\t<meta name=\"twitter:label2\" content=\"Dur\u00e9e de lecture est.\" \/>\n\t<meta name=\"twitter:data2\" content=\"8 minutes\" \/>\n<script type=\"application\/ld+json\" class=\"yoast-schema-graph\">{\"@context\":\"https:\/\/schema.org\",\"@graph\":[{\"@type\":\"Article\",\"@id\":\"https:\/\/vieassociative.be\/actualites\/protestes-en-californie-contre-les-deportations-le-president-trump-est-mis-en-scene-comme-un-sherif-dur\/#article\",\"isPartOf\":{\"@id\":\"https:\/\/vieassociative.be\/actualites\/protestes-en-californie-contre-les-deportations-le-president-trump-est-mis-en-scene-comme-un-sherif-dur\/\"},\"author\":{\"name\":\"Julien\",\"@id\":\"https:\/\/vieassociative.be\/actualites\/#\/schema\/person\/b87ac4f82f9d4e7b7cec7395b679edc4\"},\"headline\":\"Protestes en Californie contre les d\u00e9portations: le pr\u00e9sident Trump est mis en sc\u00e8ne comme un sh\u00e9rif dur\",\"datePublished\":\"2025-06-09T02:17:54+00:00\",\"dateModified\":\"2025-06-09T02:17:54+00:00\",\"mainEntityOfPage\":{\"@id\":\"https:\/\/vieassociative.be\/actualites\/protestes-en-californie-contre-les-deportations-le-president-trump-est-mis-en-scene-comme-un-sherif-dur\/\"},\"wordCount\":1593,\"publisher\":{\"@id\":\"https:\/\/vieassociative.be\/actualites\/#organization\"},\"image\":{\"@id\":\"https:\/\/vieassociative.be\/actualites\/protestes-en-californie-contre-les-deportations-le-president-trump-est-mis-en-scene-comme-un-sherif-dur\/#primaryimage\"},\"thumbnailUrl\":\"https:\/\/vieassociative.be\/actualites\/wp-content\/uploads\/2025\/06\/1749435474_Protestes-en-Californie-contre-les-deportations-le-president-Trump-est.jpg\",\"keywords\":[\"Californie\",\"comme\",\"contre\",\"d\u00e9portations\",\"dur\",\"est\",\"Les\",\"mis\",\"pr\u00e9sident\",\"Protestes\",\"sc\u00e8ne\",\"sh\u00e9rif\",\"Trump\"],\"articleSection\":[\"Belgique\"],\"inLanguage\":\"fr-BE\"},{\"@type\":\"WebPage\",\"@id\":\"https:\/\/vieassociative.be\/actualites\/protestes-en-californie-contre-les-deportations-le-president-trump-est-mis-en-scene-comme-un-sherif-dur\/\",\"url\":\"https:\/\/vieassociative.be\/actualites\/protestes-en-californie-contre-les-deportations-le-president-trump-est-mis-en-scene-comme-un-sherif-dur\/\",\"name\":\"Protestes en Californie contre les d\u00e9portations: le pr\u00e9sident Trump est mis en sc\u00e8ne comme un sh\u00e9rif dur | Vie Associative\",\"isPartOf\":{\"@id\":\"https:\/\/vieassociative.be\/actualites\/#website\"},\"primaryImageOfPage\":{\"@id\":\"https:\/\/vieassociative.be\/actualites\/protestes-en-californie-contre-les-deportations-le-president-trump-est-mis-en-scene-comme-un-sherif-dur\/#primaryimage\"},\"image\":{\"@id\":\"https:\/\/vieassociative.be\/actualites\/protestes-en-californie-contre-les-deportations-le-president-trump-est-mis-en-scene-comme-un-sherif-dur\/#primaryimage\"},\"thumbnailUrl\":\"https:\/\/vieassociative.be\/actualites\/wp-content\/uploads\/2025\/06\/1749435474_Protestes-en-Californie-contre-les-deportations-le-president-Trump-est.jpg\",\"datePublished\":\"2025-06-09T02:17:54+00:00\",\"dateModified\":\"2025-06-09T02:17:54+00:00\",\"breadcrumb\":{\"@id\":\"https:\/\/vieassociative.be\/actualites\/protestes-en-californie-contre-les-deportations-le-president-trump-est-mis-en-scene-comme-un-sherif-dur\/#breadcrumb\"},\"inLanguage\":\"fr-BE\",\"potentialAction\":[{\"@type\":\"ReadAction\",\"target\":[\"https:\/\/vieassociative.be\/actualites\/protestes-en-californie-contre-les-deportations-le-president-trump-est-mis-en-scene-comme-un-sherif-dur\/\"]}]},{\"@type\":\"ImageObject\",\"inLanguage\":\"fr-BE\",\"@id\":\"https:\/\/vieassociative.be\/actualites\/protestes-en-californie-contre-les-deportations-le-president-trump-est-mis-en-scene-comme-un-sherif-dur\/#primaryimage\",\"url\":\"https:\/\/vieassociative.be\/actualites\/wp-content\/uploads\/2025\/06\/1749435474_Protestes-en-Californie-contre-les-deportations-le-president-Trump-est.jpg\",\"contentUrl\":\"https:\/\/vieassociative.be\/actualites\/wp-content\/uploads\/2025\/06\/1749435474_Protestes-en-Californie-contre-les-deportations-le-president-Trump-est.jpg\",\"width\":1200,\"height\":800,\"caption\":\"Protestes en Californie contre les d\u00e9portations: le pr\u00e9sident Trump est mis en sc\u00e8ne comme un sh\u00e9rif dur\"},{\"@type\":\"BreadcrumbList\",\"@id\":\"https:\/\/vieassociative.be\/actualites\/protestes-en-californie-contre-les-deportations-le-president-trump-est-mis-en-scene-comme-un-sherif-dur\/#breadcrumb\",\"itemListElement\":[{\"@type\":\"ListItem\",\"position\":1,\"name\":\"Accueil\",\"item\":\"https:\/\/vieassociative.be\/actualites\/\"},{\"@type\":\"ListItem\",\"position\":2,\"name\":\"Protestes en Californie contre les d\u00e9portations: le pr\u00e9sident Trump est mis en sc\u00e8ne comme un sh\u00e9rif dur\"}]},{\"@type\":\"WebSite\",\"@id\":\"https:\/\/vieassociative.be\/actualites\/#website\",\"url\":\"https:\/\/vieassociative.be\/actualites\/\",\"name\":\"Vie Associative\",\"description\":\"\",\"publisher\":{\"@id\":\"https:\/\/vieassociative.be\/actualites\/#organization\"},\"potentialAction\":[{\"@type\":\"SearchAction\",\"target\":{\"@type\":\"EntryPoint\",\"urlTemplate\":\"https:\/\/vieassociative.be\/actualites\/?s={search_term_string}\"},\"query-input\":{\"@type\":\"PropertyValueSpecification\",\"valueRequired\":true,\"valueName\":\"search_term_string\"}}],\"inLanguage\":\"fr-BE\"},{\"@type\":\"Organization\",\"@id\":\"https:\/\/vieassociative.be\/actualites\/#organization\",\"name\":\"Vie Associative\",\"url\":\"https:\/\/vieassociative.be\/actualites\/\",\"logo\":{\"@type\":\"ImageObject\",\"inLanguage\":\"fr-BE\",\"@id\":\"https:\/\/vieassociative.be\/actualites\/#\/schema\/logo\/image\/\",\"url\":\"https:\/\/vieassociative.be\/actualites\/wp-content\/uploads\/2024\/09\/cropped-vieassociative_favicon.ico.png\",\"contentUrl\":\"https:\/\/vieassociative.be\/actualites\/wp-content\/uploads\/2024\/09\/cropped-vieassociative_favicon.ico.png\",\"width\":512,\"height\":512,\"caption\":\"Vie Associative\"},\"image\":{\"@id\":\"https:\/\/vieassociative.be\/actualites\/#\/schema\/logo\/image\/\"}},{\"@type\":\"Person\",\"@id\":\"https:\/\/vieassociative.be\/actualites\/#\/schema\/person\/b87ac4f82f9d4e7b7cec7395b679edc4\",\"name\":\"Julien\",\"image\":{\"@type\":\"ImageObject\",\"inLanguage\":\"fr-BE\",\"@id\":\"https:\/\/vieassociative.be\/actualites\/#\/schema\/person\/image\/\",\"url\":\"https:\/\/vieassociative.be\/actualites\/wp-content\/uploads\/2024\/09\/vie-associative-1-150x150.jpg\",\"contentUrl\":\"https:\/\/vieassociative.be\/actualites\/wp-content\/uploads\/2024\/09\/vie-associative-1-150x150.jpg\",\"caption\":\"Julien\"},\"description\":\"Je suis Julien, r\u00e9dacteur pour Vie Associative. Passionn\u00e9 par le monde associatif depuis plus de 10 ans, j'ai \u00e0 c\u0153ur de partager des histoires inspirantes et de mettre en lumi\u00e8re les initiatives locales. Mon objectif est de sensibiliser et d'encourager l'engagement communautaire \u00e0 travers mes articles.\",\"sameAs\":[\"https:\/\/vieassociative.be\/\"]}]}<\/script>\n<!-- \/ Yoast SEO plugin. -->","yoast_head_json":{"title":"Protestes en Californie contre les d\u00e9portations: le pr\u00e9sident Trump est mis en sc\u00e8ne comme un sh\u00e9rif dur | Vie Associative","robots":{"index":"index","follow":"follow","max-snippet":"max-snippet:-1","max-image-preview":"max-image-preview:large","max-video-preview":"max-video-preview:-1"},"canonical":"https:\/\/vieassociative.be\/actualites\/protestes-en-californie-contre-les-deportations-le-president-trump-est-mis-en-scene-comme-un-sherif-dur\/","og_locale":"fr_FR","og_type":"article","og_title":"Protestes en Californie contre les d\u00e9portations: le pr\u00e9sident Trump est mis en sc\u00e8ne comme un sh\u00e9rif dur | Vie Associative","og_description":"La r\u00e9sistance \u00e0 la mise \u00e0 jour est inutile, le message du pr\u00e9sident am\u00e9ricain Donald Trump: Dans l&rsquo;\u00e9tat de Californie d\u00e9mocratiquement gouvern\u00e9, le r\u00e9publicain veut","og_url":"https:\/\/vieassociative.be\/actualites\/protestes-en-californie-contre-les-deportations-le-president-trump-est-mis-en-scene-comme-un-sherif-dur\/","og_site_name":"Vie Associative","article_published_time":"2025-06-09T02:17:54+00:00","og_image":[{"width":279,"height":92,"url":"https:\/\/vieassociative.be\/actualites\/wp-content\/uploads\/2024\/09\/header_backgroundk-01-e1726694325946.png","type":"image\/png"}],"author":"Julien","twitter_card":"summary_large_image","twitter_misc":{"\u00c9crit par":"Julien","Dur\u00e9e de lecture est.":"8 minutes"},"schema":{"@context":"https:\/\/schema.org","@graph":[{"@type":"Article","@id":"https:\/\/vieassociative.be\/actualites\/protestes-en-californie-contre-les-deportations-le-president-trump-est-mis-en-scene-comme-un-sherif-dur\/#article","isPartOf":{"@id":"https:\/\/vieassociative.be\/actualites\/protestes-en-californie-contre-les-deportations-le-president-trump-est-mis-en-scene-comme-un-sherif-dur\/"},"author":{"name":"Julien","@id":"https:\/\/vieassociative.be\/actualites\/#\/schema\/person\/b87ac4f82f9d4e7b7cec7395b679edc4"},"headline":"Protestes en Californie contre les d\u00e9portations: le pr\u00e9sident Trump est mis en sc\u00e8ne comme un sh\u00e9rif dur","datePublished":"2025-06-09T02:17:54+00:00","dateModified":"2025-06-09T02:17:54+00:00","mainEntityOfPage":{"@id":"https:\/\/vieassociative.be\/actualites\/protestes-en-californie-contre-les-deportations-le-president-trump-est-mis-en-scene-comme-un-sherif-dur\/"},"wordCount":1593,"publisher":{"@id":"https:\/\/vieassociative.be\/actualites\/#organization"},"image":{"@id":"https:\/\/vieassociative.be\/actualites\/protestes-en-californie-contre-les-deportations-le-president-trump-est-mis-en-scene-comme-un-sherif-dur\/#primaryimage"},"thumbnailUrl":"https:\/\/vieassociative.be\/actualites\/wp-content\/uploads\/2025\/06\/1749435474_Protestes-en-Californie-contre-les-deportations-le-president-Trump-est.jpg","keywords":["Californie","comme","contre","d\u00e9portations","dur","est","Les","mis","pr\u00e9sident","Protestes","sc\u00e8ne","sh\u00e9rif","Trump"],"articleSection":["Belgique"],"inLanguage":"fr-BE"},{"@type":"WebPage","@id":"https:\/\/vieassociative.be\/actualites\/protestes-en-californie-contre-les-deportations-le-president-trump-est-mis-en-scene-comme-un-sherif-dur\/","url":"https:\/\/vieassociative.be\/actualites\/protestes-en-californie-contre-les-deportations-le-president-trump-est-mis-en-scene-comme-un-sherif-dur\/","name":"Protestes en Californie contre les d\u00e9portations: le pr\u00e9sident Trump est mis en sc\u00e8ne comme un sh\u00e9rif dur | Vie Associative","isPartOf":{"@id":"https:\/\/vieassociative.be\/actualites\/#website"},"primaryImageOfPage":{"@id":"https:\/\/vieassociative.be\/actualites\/protestes-en-californie-contre-les-deportations-le-president-trump-est-mis-en-scene-comme-un-sherif-dur\/#primaryimage"},"image":{"@id":"https:\/\/vieassociative.be\/actualites\/protestes-en-californie-contre-les-deportations-le-president-trump-est-mis-en-scene-comme-un-sherif-dur\/#primaryimage"},"thumbnailUrl":"https:\/\/vieassociative.be\/actualites\/wp-content\/uploads\/2025\/06\/1749435474_Protestes-en-Californie-contre-les-deportations-le-president-Trump-est.jpg","datePublished":"2025-06-09T02:17:54+00:00","dateModified":"2025-06-09T02:17:54+00:00","breadcrumb":{"@id":"https:\/\/vieassociative.be\/actualites\/protestes-en-californie-contre-les-deportations-le-president-trump-est-mis-en-scene-comme-un-sherif-dur\/#breadcrumb"},"inLanguage":"fr-BE","potentialAction":[{"@type":"ReadAction","target":["https:\/\/vieassociative.be\/actualites\/protestes-en-californie-contre-les-deportations-le-president-trump-est-mis-en-scene-comme-un-sherif-dur\/"]}]},{"@type":"ImageObject","inLanguage":"fr-BE","@id":"https:\/\/vieassociative.be\/actualites\/protestes-en-californie-contre-les-deportations-le-president-trump-est-mis-en-scene-comme-un-sherif-dur\/#primaryimage","url":"https:\/\/vieassociative.be\/actualites\/wp-content\/uploads\/2025\/06\/1749435474_Protestes-en-Californie-contre-les-deportations-le-president-Trump-est.jpg","contentUrl":"https:\/\/vieassociative.be\/actualites\/wp-content\/uploads\/2025\/06\/1749435474_Protestes-en-Californie-contre-les-deportations-le-president-Trump-est.jpg","width":1200,"height":800,"caption":"Protestes en Californie contre les d\u00e9portations: le pr\u00e9sident Trump est mis en sc\u00e8ne comme un sh\u00e9rif dur"},{"@type":"BreadcrumbList","@id":"https:\/\/vieassociative.be\/actualites\/protestes-en-californie-contre-les-deportations-le-president-trump-est-mis-en-scene-comme-un-sherif-dur\/#breadcrumb","itemListElement":[{"@type":"ListItem","position":1,"name":"Accueil","item":"https:\/\/vieassociative.be\/actualites\/"},{"@type":"ListItem","position":2,"name":"Protestes en Californie contre les d\u00e9portations: le pr\u00e9sident Trump est mis en sc\u00e8ne comme un sh\u00e9rif dur"}]},{"@type":"WebSite","@id":"https:\/\/vieassociative.be\/actualites\/#website","url":"https:\/\/vieassociative.be\/actualites\/","name":"Vie Associative","description":"","publisher":{"@id":"https:\/\/vieassociative.be\/actualites\/#organization"},"potentialAction":[{"@type":"SearchAction","target":{"@type":"EntryPoint","urlTemplate":"https:\/\/vieassociative.be\/actualites\/?s={search_term_string}"},"query-input":{"@type":"PropertyValueSpecification","valueRequired":true,"valueName":"search_term_string"}}],"inLanguage":"fr-BE"},{"@type":"Organization","@id":"https:\/\/vieassociative.be\/actualites\/#organization","name":"Vie Associative","url":"https:\/\/vieassociative.be\/actualites\/","logo":{"@type":"ImageObject","inLanguage":"fr-BE","@id":"https:\/\/vieassociative.be\/actualites\/#\/schema\/logo\/image\/","url":"https:\/\/vieassociative.be\/actualites\/wp-content\/uploads\/2024\/09\/cropped-vieassociative_favicon.ico.png","contentUrl":"https:\/\/vieassociative.be\/actualites\/wp-content\/uploads\/2024\/09\/cropped-vieassociative_favicon.ico.png","width":512,"height":512,"caption":"Vie Associative"},"image":{"@id":"https:\/\/vieassociative.be\/actualites\/#\/schema\/logo\/image\/"}},{"@type":"Person","@id":"https:\/\/vieassociative.be\/actualites\/#\/schema\/person\/b87ac4f82f9d4e7b7cec7395b679edc4","name":"Julien","image":{"@type":"ImageObject","inLanguage":"fr-BE","@id":"https:\/\/vieassociative.be\/actualites\/#\/schema\/person\/image\/","url":"https:\/\/vieassociative.be\/actualites\/wp-content\/uploads\/2024\/09\/vie-associative-1-150x150.jpg","contentUrl":"https:\/\/vieassociative.be\/actualites\/wp-content\/uploads\/2024\/09\/vie-associative-1-150x150.jpg","caption":"Julien"},"description":"Je suis Julien, r\u00e9dacteur pour Vie Associative. Passionn\u00e9 par le monde associatif depuis plus de 10 ans, j'ai \u00e0 c\u0153ur de partager des histoires inspirantes et de mettre en lumi\u00e8re les initiatives locales. Mon objectif est de sensibiliser et d'encourager l'engagement communautaire \u00e0 travers mes articles.","sameAs":["https:\/\/vieassociative.be\/"]}]}},"_links":{"self":[{"href":"https:\/\/vieassociative.be\/actualites\/wp-json\/wp\/v2\/posts\/8069"}],"collection":[{"href":"https:\/\/vieassociative.be\/actualites\/wp-json\/wp\/v2\/posts"}],"about":[{"href":"https:\/\/vieassociative.be\/actualites\/wp-json\/wp\/v2\/types\/post"}],"author":[{"embeddable":true,"href":"https:\/\/vieassociative.be\/actualites\/wp-json\/wp\/v2\/users\/1"}],"replies":[{"embeddable":true,"href":"https:\/\/vieassociative.be\/actualites\/wp-json\/wp\/v2\/comments?post=8069"}],"version-history":[{"count":0,"href":"https:\/\/vieassociative.be\/actualites\/wp-json\/wp\/v2\/posts\/8069\/revisions"}],"wp:featuredmedia":[{"embeddable":true,"href":"https:\/\/vieassociative.be\/actualites\/wp-json\/wp\/v2\/media\/8070"}],"wp:attachment":[{"href":"https:\/\/vieassociative.be\/actualites\/wp-json\/wp\/v2\/media?parent=8069"}],"wp:term":[{"taxonomy":"category","embeddable":true,"href":"https:\/\/vieassociative.be\/actualites\/wp-json\/wp\/v2\/categories?post=8069"},{"taxonomy":"post_tag","embeddable":true,"href":"https:\/\/vieassociative.be\/actualites\/wp-json\/wp\/v2\/tags?post=8069"}],"curies":[{"name":"wp","href":"https:\/\/api.w.org\/{rel}","templated":true}]}}