{"id":8062,"date":"2025-06-08T22:18:14","date_gmt":"2025-06-08T20:18:14","guid":{"rendered":"https:\/\/vieassociative.be\/actualites\/ligue-des-nations-lallemagne-manque-egalement-la-3e-place-les-francais-remportent-la-petite-finale-avec-2-0\/"},"modified":"2025-06-08T22:18:14","modified_gmt":"2025-06-08T20:18:14","slug":"ligue-des-nations-lallemagne-manque-egalement-la-3e-place-les-francais-remportent-la-petite-finale-avec-2-0","status":"publish","type":"post","link":"https:\/\/vieassociative.be\/actualites\/ligue-des-nations-lallemagne-manque-egalement-la-3e-place-les-francais-remportent-la-petite-finale-avec-2-0\/","title":{"rendered":"Ligue des nations: l&rsquo;Allemagne manque \u00e9galement la 3e place &#8211; les Fran\u00e7ais remportent la petite finale avec 2-0"},"content":{"rendered":"<p><strong>L&rsquo;\u00e9quipe nationale de football de DEUR perd \u00e9galement la petite finale lors du tournoi final de la Ligue des nations. Dans le 0: 2 contre la France, la performance est correcte, mais pas le r\u00e9sultat.<\/strong><\/p>\n<p><span id=\"more-417314\"><\/span>Pas de titre de ligue nationale &#8211; et pas \u00e9galement en troisi\u00e8me place: malgr\u00e9 une augmentation significative des performances, l&rsquo;\u00e9quipe nationale de football allemande a \u00e9galement perdu son deuxi\u00e8me match en finale finale contre la France 0: 2 (0: 1). L&rsquo;attaquant Kylian Mbapp\u00e9 du Real Madrid \u00e9tait le vainqueur du match.<\/p>\n<div id=\"attachment_417318\" class=\"wp-caption alignleft\" style=\"max-width: 300px\"><img fetchpriority=\"high\" decoding=\"async\" class=\"wp-image-417318 size-medium\" src=\"https:\/\/vieassociative.be\/actualites\/wp-content\/uploads\/2025\/06\/Ligue-des-nations-lAllemagne-manque-egalement-la-3e-place.jpg\" alt=\"\" width=\"300\" height=\"200\"><\/p>\n<p class=\"wp-caption-text\">08.06.2025, Bade-W\u00fcrttemberg, Stuttgart: Niclas F\u00fcllkrug en Allemagne (R \/ Cive) arrive \u00e0 l&rsquo;en-t\u00eate devant le gardien de but de la France Mike Maignan. Photo: Federico Gambarini \/ DPA<\/p>\n<\/div>\n<p>Le capitaine exceptionnel a marqu\u00e9 le premier but \u00e0 la 45e minute devant 51 313 spectateurs \u00e0 Stuttgart et a mis le 2-0 pour remplacer l&rsquo;attaquant du Bayern Michael Olise (84e). L&rsquo;utilisation ne manquait pas des deux c\u00f4t\u00e9s, souvent elle devenait toxique sur la pelouse.<\/p>\n<p>Contrairement \u00e0 la d\u00e9cevante 1-2 en demi-finale contre le Portugal, l&rsquo;\u00e9quipe de Julian Nagelsmann n&rsquo;\u00e9tait pas grand-chose \u00e0 accuser. L&rsquo;efficacit\u00e9 et le bonheur comme avec un poteau tourn\u00e9 par Florian Wirtz (37e minute) manquaient \u00e0 l&rsquo;avant. Il y avait \u00e9galement Var-Frust avec un contr\u00f4le de p\u00e9nalit\u00e9 et un objectif reconnu de Deniz undav (53.).<\/p>\n<p><strong>&#8211; Calculer le plafond \u00e0 la fin est manquant:<\/strong> Une bonne ann\u00e9e internationale globale s&rsquo;est termin\u00e9e par deux d\u00e9faites, avec lesquelles le vent de la queue esp\u00e9r\u00e9 n&rsquo;a pas r\u00e9ussi \u00e0 \u00e9chouer un an avant la destination de la DM Long-Distance. La deuxi\u00e8me France de la Coupe du monde a applaudi trois jours apr\u00e8s son spectacle de 4: 5 contre le champion d&rsquo;Europe Espagne. (DPA)<\/p>\n","protected":false},"excerpt":{"rendered":"<p>L&rsquo;\u00e9quipe nationale de football de DEUR perd \u00e9galement la petite finale lors du tournoi final de la Ligue des nations. Dans le 0: 2 contre<\/p>\n","protected":false},"author":1,"featured_media":8063,"comment_status":"","ping_status":"","sticky":false,"template":"","format":"standard","meta":{"footnotes":""},"categories":[298],"tags":[61,29,172,879,3990,2375,14,2817,2574,3187,6936,204,5511],"class_list":["post-8062","post","type-post","status-publish","format-standard","has-post-thumbnail","hentry","category-belgique","tag-avec","tag-des","tag-egalement","tag-finale","tag-francais","tag-lallemagne","tag-les","tag-ligue","tag-manque","tag-nations","tag-petite","tag-place","tag-remportent","generate-columns","tablet-grid-50","mobile-grid-100","grid-parent","grid-33"],"yoast_head":"<!-- This site is optimized with the Yoast SEO plugin v24.0 - https:\/\/yoast.com\/wordpress\/plugins\/seo\/ -->\n<title>Ligue des nations: l&#039;Allemagne manque \u00e9galement la 3e place - les Fran\u00e7ais remportent la petite finale avec 2-0 | Vie Associative<\/title>\n<meta name=\"robots\" content=\"index, follow, max-snippet:-1, max-image-preview:large, max-video-preview:-1\" \/>\n<link rel=\"canonical\" href=\"https:\/\/vieassociative.be\/actualites\/ligue-des-nations-lallemagne-manque-egalement-la-3e-place-les-francais-remportent-la-petite-finale-avec-2-0\/\" \/>\n<meta property=\"og:locale\" content=\"fr_FR\" \/>\n<meta property=\"og:type\" content=\"article\" \/>\n<meta property=\"og:title\" content=\"Ligue des nations: l&#039;Allemagne manque \u00e9galement la 3e place - les Fran\u00e7ais remportent la petite finale avec 2-0 | Vie Associative\" \/>\n<meta property=\"og:description\" content=\"L&rsquo;\u00e9quipe nationale de football de DEUR perd \u00e9galement la petite finale lors du tournoi final de la Ligue des nations. Dans le 0: 2 contre\" \/>\n<meta property=\"og:url\" content=\"https:\/\/vieassociative.be\/actualites\/ligue-des-nations-lallemagne-manque-egalement-la-3e-place-les-francais-remportent-la-petite-finale-avec-2-0\/\" \/>\n<meta property=\"og:site_name\" content=\"Vie Associative\" \/>\n<meta property=\"article:published_time\" content=\"2025-06-08T20:18:14+00:00\" \/>\n<meta property=\"og:image\" content=\"https:\/\/vieassociative.be\/actualites\/wp-content\/uploads\/2024\/09\/header_backgroundk-01-e1726694325946.png\" \/>\n\t<meta property=\"og:image:width\" content=\"279\" \/>\n\t<meta property=\"og:image:height\" content=\"92\" \/>\n\t<meta property=\"og:image:type\" content=\"image\/png\" \/>\n<meta name=\"author\" content=\"Julien\" \/>\n<meta name=\"twitter:card\" content=\"summary_large_image\" \/>\n<meta name=\"twitter:label1\" content=\"\u00c9crit par\" \/>\n\t<meta name=\"twitter:data1\" content=\"Julien\" \/>\n\t<meta name=\"twitter:label2\" content=\"Dur\u00e9e de lecture est.\" \/>\n\t<meta name=\"twitter:data2\" content=\"1 minute\" \/>\n<script type=\"application\/ld+json\" class=\"yoast-schema-graph\">{\"@context\":\"https:\/\/schema.org\",\"@graph\":[{\"@type\":\"Article\",\"@id\":\"https:\/\/vieassociative.be\/actualites\/ligue-des-nations-lallemagne-manque-egalement-la-3e-place-les-francais-remportent-la-petite-finale-avec-2-0\/#article\",\"isPartOf\":{\"@id\":\"https:\/\/vieassociative.be\/actualites\/ligue-des-nations-lallemagne-manque-egalement-la-3e-place-les-francais-remportent-la-petite-finale-avec-2-0\/\"},\"author\":{\"name\":\"Julien\",\"@id\":\"https:\/\/vieassociative.be\/actualites\/#\/schema\/person\/b87ac4f82f9d4e7b7cec7395b679edc4\"},\"headline\":\"Ligue des nations: l&rsquo;Allemagne manque \u00e9galement la 3e place &#8211; les Fran\u00e7ais remportent la petite finale avec 2-0\",\"datePublished\":\"2025-06-08T20:18:14+00:00\",\"dateModified\":\"2025-06-08T20:18:14+00:00\",\"mainEntityOfPage\":{\"@id\":\"https:\/\/vieassociative.be\/actualites\/ligue-des-nations-lallemagne-manque-egalement-la-3e-place-les-francais-remportent-la-petite-finale-avec-2-0\/\"},\"wordCount\":307,\"publisher\":{\"@id\":\"https:\/\/vieassociative.be\/actualites\/#organization\"},\"image\":{\"@id\":\"https:\/\/vieassociative.be\/actualites\/ligue-des-nations-lallemagne-manque-egalement-la-3e-place-les-francais-remportent-la-petite-finale-avec-2-0\/#primaryimage\"},\"thumbnailUrl\":\"https:\/\/vieassociative.be\/actualites\/wp-content\/uploads\/2025\/06\/1749413894_Ligue-des-nations-lAllemagne-manque-egalement-la-3e-place.jpg\",\"keywords\":[\"avec\",\"Des\",\"\u00e9galement\",\"finale\",\"fran\u00e7ais\",\"lAllemagne\",\"Les\",\"Ligue\",\"manque\",\"Nations\",\"petite\",\"place\",\"remportent\"],\"articleSection\":[\"Belgique\"],\"inLanguage\":\"fr-BE\"},{\"@type\":\"WebPage\",\"@id\":\"https:\/\/vieassociative.be\/actualites\/ligue-des-nations-lallemagne-manque-egalement-la-3e-place-les-francais-remportent-la-petite-finale-avec-2-0\/\",\"url\":\"https:\/\/vieassociative.be\/actualites\/ligue-des-nations-lallemagne-manque-egalement-la-3e-place-les-francais-remportent-la-petite-finale-avec-2-0\/\",\"name\":\"Ligue des nations: l'Allemagne manque \u00e9galement la 3e place - les Fran\u00e7ais remportent la petite finale avec 2-0 | Vie Associative\",\"isPartOf\":{\"@id\":\"https:\/\/vieassociative.be\/actualites\/#website\"},\"primaryImageOfPage\":{\"@id\":\"https:\/\/vieassociative.be\/actualites\/ligue-des-nations-lallemagne-manque-egalement-la-3e-place-les-francais-remportent-la-petite-finale-avec-2-0\/#primaryimage\"},\"image\":{\"@id\":\"https:\/\/vieassociative.be\/actualites\/ligue-des-nations-lallemagne-manque-egalement-la-3e-place-les-francais-remportent-la-petite-finale-avec-2-0\/#primaryimage\"},\"thumbnailUrl\":\"https:\/\/vieassociative.be\/actualites\/wp-content\/uploads\/2025\/06\/1749413894_Ligue-des-nations-lAllemagne-manque-egalement-la-3e-place.jpg\",\"datePublished\":\"2025-06-08T20:18:14+00:00\",\"dateModified\":\"2025-06-08T20:18:14+00:00\",\"breadcrumb\":{\"@id\":\"https:\/\/vieassociative.be\/actualites\/ligue-des-nations-lallemagne-manque-egalement-la-3e-place-les-francais-remportent-la-petite-finale-avec-2-0\/#breadcrumb\"},\"inLanguage\":\"fr-BE\",\"potentialAction\":[{\"@type\":\"ReadAction\",\"target\":[\"https:\/\/vieassociative.be\/actualites\/ligue-des-nations-lallemagne-manque-egalement-la-3e-place-les-francais-remportent-la-petite-finale-avec-2-0\/\"]}]},{\"@type\":\"ImageObject\",\"inLanguage\":\"fr-BE\",\"@id\":\"https:\/\/vieassociative.be\/actualites\/ligue-des-nations-lallemagne-manque-egalement-la-3e-place-les-francais-remportent-la-petite-finale-avec-2-0\/#primaryimage\",\"url\":\"https:\/\/vieassociative.be\/actualites\/wp-content\/uploads\/2025\/06\/1749413894_Ligue-des-nations-lAllemagne-manque-egalement-la-3e-place.jpg\",\"contentUrl\":\"https:\/\/vieassociative.be\/actualites\/wp-content\/uploads\/2025\/06\/1749413894_Ligue-des-nations-lAllemagne-manque-egalement-la-3e-place.jpg\",\"width\":1200,\"height\":826,\"caption\":\"Ligue des nations: l'Allemagne manque \u00e9galement la 3e place - les Fran\u00e7ais remportent la petite finale avec 2-0\"},{\"@type\":\"BreadcrumbList\",\"@id\":\"https:\/\/vieassociative.be\/actualites\/ligue-des-nations-lallemagne-manque-egalement-la-3e-place-les-francais-remportent-la-petite-finale-avec-2-0\/#breadcrumb\",\"itemListElement\":[{\"@type\":\"ListItem\",\"position\":1,\"name\":\"Accueil\",\"item\":\"https:\/\/vieassociative.be\/actualites\/\"},{\"@type\":\"ListItem\",\"position\":2,\"name\":\"Ligue des nations: l&rsquo;Allemagne manque \u00e9galement la 3e place &#8211; les Fran\u00e7ais remportent la petite finale avec 2-0\"}]},{\"@type\":\"WebSite\",\"@id\":\"https:\/\/vieassociative.be\/actualites\/#website\",\"url\":\"https:\/\/vieassociative.be\/actualites\/\",\"name\":\"Vie Associative\",\"description\":\"\",\"publisher\":{\"@id\":\"https:\/\/vieassociative.be\/actualites\/#organization\"},\"potentialAction\":[{\"@type\":\"SearchAction\",\"target\":{\"@type\":\"EntryPoint\",\"urlTemplate\":\"https:\/\/vieassociative.be\/actualites\/?s={search_term_string}\"},\"query-input\":{\"@type\":\"PropertyValueSpecification\",\"valueRequired\":true,\"valueName\":\"search_term_string\"}}],\"inLanguage\":\"fr-BE\"},{\"@type\":\"Organization\",\"@id\":\"https:\/\/vieassociative.be\/actualites\/#organization\",\"name\":\"Vie Associative\",\"url\":\"https:\/\/vieassociative.be\/actualites\/\",\"logo\":{\"@type\":\"ImageObject\",\"inLanguage\":\"fr-BE\",\"@id\":\"https:\/\/vieassociative.be\/actualites\/#\/schema\/logo\/image\/\",\"url\":\"https:\/\/vieassociative.be\/actualites\/wp-content\/uploads\/2024\/09\/cropped-vieassociative_favicon.ico.png\",\"contentUrl\":\"https:\/\/vieassociative.be\/actualites\/wp-content\/uploads\/2024\/09\/cropped-vieassociative_favicon.ico.png\",\"width\":512,\"height\":512,\"caption\":\"Vie Associative\"},\"image\":{\"@id\":\"https:\/\/vieassociative.be\/actualites\/#\/schema\/logo\/image\/\"}},{\"@type\":\"Person\",\"@id\":\"https:\/\/vieassociative.be\/actualites\/#\/schema\/person\/b87ac4f82f9d4e7b7cec7395b679edc4\",\"name\":\"Julien\",\"image\":{\"@type\":\"ImageObject\",\"inLanguage\":\"fr-BE\",\"@id\":\"https:\/\/vieassociative.be\/actualites\/#\/schema\/person\/image\/\",\"url\":\"https:\/\/vieassociative.be\/actualites\/wp-content\/uploads\/2024\/09\/vie-associative-1-150x150.jpg\",\"contentUrl\":\"https:\/\/vieassociative.be\/actualites\/wp-content\/uploads\/2024\/09\/vie-associative-1-150x150.jpg\",\"caption\":\"Julien\"},\"description\":\"Je suis Julien, r\u00e9dacteur pour Vie Associative. Passionn\u00e9 par le monde associatif depuis plus de 10 ans, j'ai \u00e0 c\u0153ur de partager des histoires inspirantes et de mettre en lumi\u00e8re les initiatives locales. Mon objectif est de sensibiliser et d'encourager l'engagement communautaire \u00e0 travers mes articles.\",\"sameAs\":[\"https:\/\/vieassociative.be\/\"]}]}<\/script>\n<!-- \/ Yoast SEO plugin. -->","yoast_head_json":{"title":"Ligue des nations: l'Allemagne manque \u00e9galement la 3e place - les Fran\u00e7ais remportent la petite finale avec 2-0 | Vie Associative","robots":{"index":"index","follow":"follow","max-snippet":"max-snippet:-1","max-image-preview":"max-image-preview:large","max-video-preview":"max-video-preview:-1"},"canonical":"https:\/\/vieassociative.be\/actualites\/ligue-des-nations-lallemagne-manque-egalement-la-3e-place-les-francais-remportent-la-petite-finale-avec-2-0\/","og_locale":"fr_FR","og_type":"article","og_title":"Ligue des nations: l'Allemagne manque \u00e9galement la 3e place - les Fran\u00e7ais remportent la petite finale avec 2-0 | Vie Associative","og_description":"L&rsquo;\u00e9quipe nationale de football de DEUR perd \u00e9galement la petite finale lors du tournoi final de la Ligue des nations. Dans le 0: 2 contre","og_url":"https:\/\/vieassociative.be\/actualites\/ligue-des-nations-lallemagne-manque-egalement-la-3e-place-les-francais-remportent-la-petite-finale-avec-2-0\/","og_site_name":"Vie Associative","article_published_time":"2025-06-08T20:18:14+00:00","og_image":[{"width":279,"height":92,"url":"https:\/\/vieassociative.be\/actualites\/wp-content\/uploads\/2024\/09\/header_backgroundk-01-e1726694325946.png","type":"image\/png"}],"author":"Julien","twitter_card":"summary_large_image","twitter_misc":{"\u00c9crit par":"Julien","Dur\u00e9e de lecture est.":"1 minute"},"schema":{"@context":"https:\/\/schema.org","@graph":[{"@type":"Article","@id":"https:\/\/vieassociative.be\/actualites\/ligue-des-nations-lallemagne-manque-egalement-la-3e-place-les-francais-remportent-la-petite-finale-avec-2-0\/#article","isPartOf":{"@id":"https:\/\/vieassociative.be\/actualites\/ligue-des-nations-lallemagne-manque-egalement-la-3e-place-les-francais-remportent-la-petite-finale-avec-2-0\/"},"author":{"name":"Julien","@id":"https:\/\/vieassociative.be\/actualites\/#\/schema\/person\/b87ac4f82f9d4e7b7cec7395b679edc4"},"headline":"Ligue des nations: l&rsquo;Allemagne manque \u00e9galement la 3e place &#8211; les Fran\u00e7ais remportent la petite finale avec 2-0","datePublished":"2025-06-08T20:18:14+00:00","dateModified":"2025-06-08T20:18:14+00:00","mainEntityOfPage":{"@id":"https:\/\/vieassociative.be\/actualites\/ligue-des-nations-lallemagne-manque-egalement-la-3e-place-les-francais-remportent-la-petite-finale-avec-2-0\/"},"wordCount":307,"publisher":{"@id":"https:\/\/vieassociative.be\/actualites\/#organization"},"image":{"@id":"https:\/\/vieassociative.be\/actualites\/ligue-des-nations-lallemagne-manque-egalement-la-3e-place-les-francais-remportent-la-petite-finale-avec-2-0\/#primaryimage"},"thumbnailUrl":"https:\/\/vieassociative.be\/actualites\/wp-content\/uploads\/2025\/06\/1749413894_Ligue-des-nations-lAllemagne-manque-egalement-la-3e-place.jpg","keywords":["avec","Des","\u00e9galement","finale","fran\u00e7ais","lAllemagne","Les","Ligue","manque","Nations","petite","place","remportent"],"articleSection":["Belgique"],"inLanguage":"fr-BE"},{"@type":"WebPage","@id":"https:\/\/vieassociative.be\/actualites\/ligue-des-nations-lallemagne-manque-egalement-la-3e-place-les-francais-remportent-la-petite-finale-avec-2-0\/","url":"https:\/\/vieassociative.be\/actualites\/ligue-des-nations-lallemagne-manque-egalement-la-3e-place-les-francais-remportent-la-petite-finale-avec-2-0\/","name":"Ligue des nations: l'Allemagne manque \u00e9galement la 3e place - les Fran\u00e7ais remportent la petite finale avec 2-0 | Vie Associative","isPartOf":{"@id":"https:\/\/vieassociative.be\/actualites\/#website"},"primaryImageOfPage":{"@id":"https:\/\/vieassociative.be\/actualites\/ligue-des-nations-lallemagne-manque-egalement-la-3e-place-les-francais-remportent-la-petite-finale-avec-2-0\/#primaryimage"},"image":{"@id":"https:\/\/vieassociative.be\/actualites\/ligue-des-nations-lallemagne-manque-egalement-la-3e-place-les-francais-remportent-la-petite-finale-avec-2-0\/#primaryimage"},"thumbnailUrl":"https:\/\/vieassociative.be\/actualites\/wp-content\/uploads\/2025\/06\/1749413894_Ligue-des-nations-lAllemagne-manque-egalement-la-3e-place.jpg","datePublished":"2025-06-08T20:18:14+00:00","dateModified":"2025-06-08T20:18:14+00:00","breadcrumb":{"@id":"https:\/\/vieassociative.be\/actualites\/ligue-des-nations-lallemagne-manque-egalement-la-3e-place-les-francais-remportent-la-petite-finale-avec-2-0\/#breadcrumb"},"inLanguage":"fr-BE","potentialAction":[{"@type":"ReadAction","target":["https:\/\/vieassociative.be\/actualites\/ligue-des-nations-lallemagne-manque-egalement-la-3e-place-les-francais-remportent-la-petite-finale-avec-2-0\/"]}]},{"@type":"ImageObject","inLanguage":"fr-BE","@id":"https:\/\/vieassociative.be\/actualites\/ligue-des-nations-lallemagne-manque-egalement-la-3e-place-les-francais-remportent-la-petite-finale-avec-2-0\/#primaryimage","url":"https:\/\/vieassociative.be\/actualites\/wp-content\/uploads\/2025\/06\/1749413894_Ligue-des-nations-lAllemagne-manque-egalement-la-3e-place.jpg","contentUrl":"https:\/\/vieassociative.be\/actualites\/wp-content\/uploads\/2025\/06\/1749413894_Ligue-des-nations-lAllemagne-manque-egalement-la-3e-place.jpg","width":1200,"height":826,"caption":"Ligue des nations: l'Allemagne manque \u00e9galement la 3e place - les Fran\u00e7ais remportent la petite finale avec 2-0"},{"@type":"BreadcrumbList","@id":"https:\/\/vieassociative.be\/actualites\/ligue-des-nations-lallemagne-manque-egalement-la-3e-place-les-francais-remportent-la-petite-finale-avec-2-0\/#breadcrumb","itemListElement":[{"@type":"ListItem","position":1,"name":"Accueil","item":"https:\/\/vieassociative.be\/actualites\/"},{"@type":"ListItem","position":2,"name":"Ligue des nations: l&rsquo;Allemagne manque \u00e9galement la 3e place &#8211; les Fran\u00e7ais remportent la petite finale avec 2-0"}]},{"@type":"WebSite","@id":"https:\/\/vieassociative.be\/actualites\/#website","url":"https:\/\/vieassociative.be\/actualites\/","name":"Vie Associative","description":"","publisher":{"@id":"https:\/\/vieassociative.be\/actualites\/#organization"},"potentialAction":[{"@type":"SearchAction","target":{"@type":"EntryPoint","urlTemplate":"https:\/\/vieassociative.be\/actualites\/?s={search_term_string}"},"query-input":{"@type":"PropertyValueSpecification","valueRequired":true,"valueName":"search_term_string"}}],"inLanguage":"fr-BE"},{"@type":"Organization","@id":"https:\/\/vieassociative.be\/actualites\/#organization","name":"Vie Associative","url":"https:\/\/vieassociative.be\/actualites\/","logo":{"@type":"ImageObject","inLanguage":"fr-BE","@id":"https:\/\/vieassociative.be\/actualites\/#\/schema\/logo\/image\/","url":"https:\/\/vieassociative.be\/actualites\/wp-content\/uploads\/2024\/09\/cropped-vieassociative_favicon.ico.png","contentUrl":"https:\/\/vieassociative.be\/actualites\/wp-content\/uploads\/2024\/09\/cropped-vieassociative_favicon.ico.png","width":512,"height":512,"caption":"Vie Associative"},"image":{"@id":"https:\/\/vieassociative.be\/actualites\/#\/schema\/logo\/image\/"}},{"@type":"Person","@id":"https:\/\/vieassociative.be\/actualites\/#\/schema\/person\/b87ac4f82f9d4e7b7cec7395b679edc4","name":"Julien","image":{"@type":"ImageObject","inLanguage":"fr-BE","@id":"https:\/\/vieassociative.be\/actualites\/#\/schema\/person\/image\/","url":"https:\/\/vieassociative.be\/actualites\/wp-content\/uploads\/2024\/09\/vie-associative-1-150x150.jpg","contentUrl":"https:\/\/vieassociative.be\/actualites\/wp-content\/uploads\/2024\/09\/vie-associative-1-150x150.jpg","caption":"Julien"},"description":"Je suis Julien, r\u00e9dacteur pour Vie Associative. Passionn\u00e9 par le monde associatif depuis plus de 10 ans, j'ai \u00e0 c\u0153ur de partager des histoires inspirantes et de mettre en lumi\u00e8re les initiatives locales. Mon objectif est de sensibiliser et d'encourager l'engagement communautaire \u00e0 travers mes articles.","sameAs":["https:\/\/vieassociative.be\/"]}]}},"_links":{"self":[{"href":"https:\/\/vieassociative.be\/actualites\/wp-json\/wp\/v2\/posts\/8062"}],"collection":[{"href":"https:\/\/vieassociative.be\/actualites\/wp-json\/wp\/v2\/posts"}],"about":[{"href":"https:\/\/vieassociative.be\/actualites\/wp-json\/wp\/v2\/types\/post"}],"author":[{"embeddable":true,"href":"https:\/\/vieassociative.be\/actualites\/wp-json\/wp\/v2\/users\/1"}],"replies":[{"embeddable":true,"href":"https:\/\/vieassociative.be\/actualites\/wp-json\/wp\/v2\/comments?post=8062"}],"version-history":[{"count":0,"href":"https:\/\/vieassociative.be\/actualites\/wp-json\/wp\/v2\/posts\/8062\/revisions"}],"wp:featuredmedia":[{"embeddable":true,"href":"https:\/\/vieassociative.be\/actualites\/wp-json\/wp\/v2\/media\/8063"}],"wp:attachment":[{"href":"https:\/\/vieassociative.be\/actualites\/wp-json\/wp\/v2\/media?parent=8062"}],"wp:term":[{"taxonomy":"category","embeddable":true,"href":"https:\/\/vieassociative.be\/actualites\/wp-json\/wp\/v2\/categories?post=8062"},{"taxonomy":"post_tag","embeddable":true,"href":"https:\/\/vieassociative.be\/actualites\/wp-json\/wp\/v2\/tags?post=8062"}],"curies":[{"name":"wp","href":"https:\/\/api.w.org\/{rel}","templated":true}]}}