{"id":8060,"date":"2025-06-08T21:17:31","date_gmt":"2025-06-08T19:17:31","guid":{"rendered":"https:\/\/vieassociative.be\/actualites\/cette-camera-en-lumiere-de-lanneau-est-a-son-prix-le-plus-bas-en-ce-moment\/"},"modified":"2025-06-08T21:17:31","modified_gmt":"2025-06-08T19:17:31","slug":"cette-camera-en-lumiere-de-lanneau-est-a-son-prix-le-plus-bas-en-ce-moment","status":"publish","type":"post","link":"https:\/\/vieassociative.be\/actualites\/cette-camera-en-lumiere-de-lanneau-est-a-son-prix-le-plus-bas-en-ce-moment\/","title":{"rendered":"Cette cam\u00e9ra en lumi\u00e8re de l&rsquo;anneau est \u00e0 son prix le plus bas en ce moment"},"content":{"rendered":"<div class=\"mt-4 leading-6 md:mb-8\">Vous aurez besoin d&rsquo;un abonnement Ring pour d\u00e9verrouiller toutes les fonctionnalit\u00e9s, mais si vous \u00eates s\u00e9rieux au sujet de la s\u00e9curit\u00e9 en plein air, c&rsquo;est l&rsquo;une des meilleures options.<\/div>\n<p><\/p>\n<p>L&rsquo;une des cam\u00e9ras en plein air les plus comp\u00e9tentes de Ring, le Fornedlight Cam Wired Pro, qui a obtenu une excellente note de PCMAG pour sa vid\u00e9o nette 2K, sa d\u00e9tection de mouvement intelligente et sa vision nocturne en couleur, est maintenant \u00e0 179,99 $ par rapport \u00e0 ses 249,99 $ d&rsquo;origine &#8211; son prix le plus bas \u00e0 ce jour, selon Price Trackers.<\/p>\n<div class=\"pogoClear mb-12 mt-10 rounded-md border-2 border-gray-100 py-7 shadow-xl md:py-6\">\n<div class=\"flex flex-wrap justify-between px-7 text-black no-underline md:flex-nowrap md:px-8\">\n<div class=\"order-1 mx-auto flex flex-col justify-center md:order-2 md:ml-4 md:w-full md:grow\">\n<div class=\"block cursor-pointer text-center font-akshar text-2xl font-medium leading-7 text-brand-green duration-200 ease-in-out hover:text-brand-green-700 md:text-left md:text-xl md:leading-6\">Anneau \u00e0 feuilles inondables Cam Wired Pro avec vue sur les yeux de l&rsquo;oiseau et d\u00e9tection de mouvement 3D, noir\n                <\/div>\n<div class=\"mt-4 hidden md:flex md:justify-between\">\n<div class=\"self-end\">\n<div class=\"mb-0 h-11 md:flex md:flex-col md:justify-center\">\n<div class=\" font-sans leading-4 text-black\">\n<div class=\"flex flex-wrap items-center justify-center gap-x-1 md:justify-start\">\n        <span class=\"font-bold\"><\/p>\n<p>            179,99 $<br \/>\n                            <span class=\"font-medium\">\u00e0 Amazon<\/span><br \/>\n                    <\/span><br \/>\n                    <img decoding=\"async\" class=\"mt-0 h-(15px)\" src=\"https:\/\/vieassociative.be\/actualites\/wp-content\/uploads\/2025\/06\/Cette-camera-en-lumiere-de-lanneau-est-a-son-prix.svg.svg+xml\" title=\"Amazon Prime\" alt=\"Amazon Prime\">\n            <\/div>\n<div class=\"flex items-center justify-center gap-x-1 font-bold md:justify-start\">\n            <span class=\"text-sm line-through\">249,99 $<\/span><br \/>\n            <span class=\"text-sm text-brand-green\">\u00c9conomisez 70,00 $<\/span>\n        <\/div>\n<\/p><\/div>\n<\/p><\/div>\n<\/p><\/div>\n<div class=\"w-44 self-end\">\n                            <button class=\"flex justify-center items-center w-full bg-brand-green text-white text-base font-sans font-medium rounded-md hover:bg-brand-green-700 hover:cursor-pointer md:text-sm h-11\"><\/p>\n<p>    Conclure un accord<br \/>\n<\/button>\n                        <\/div>\n<\/p><\/div>\n<\/p><\/div>\n<div class=\"order-2 mt-5 h-auto w-full md:order-1 md:mt-0 md:hidden\">\n<div class=\"flex aspect-video items-center justify-center\">\n                                            <img decoding=\"async\" class=\"m-0 max-h-full max-w-full rounded-md\" src=\"https:\/\/vieassociative.be\/actualites\/wp-content\/uploads\/2025\/06\/Cette-camera-en-lumiere-de-lanneau-est-a-son-prix.jpg\" alt=\"Anneau \u00e0 feuilles inondables Cam Wired Pro avec vue sur les yeux de l'oiseau et d\u00e9tection de mouvement 3D, noir\" width=\"auto\" height=\"auto\" loading=\"lazy\">\n                                    <\/div>\n<\/p><\/div>\n<div class=\"order-2 ml-2 hidden w-32 shrink-0 items-center md:order-1 md:ml-0 md:flex\">\n<div class=\"flex aspect-video items-center justify-center\">\n                                            <img decoding=\"async\" class=\"m-0 max-h-full max-w-full rounded-md\" src=\"https:\/\/vieassociative.be\/actualites\/wp-content\/uploads\/2025\/06\/Cette-camera-en-lumiere-de-lanneau-est-a-son-prix.jpg\" alt=\"Anneau \u00e0 feuilles inondables Cam Wired Pro avec vue sur les yeux de l'oiseau et d\u00e9tection de mouvement 3D, noir\" width=\"auto\" height=\"auto\" loading=\"lazy\">\n                                    <\/div>\n<\/p><\/div>\n<div class=\"order-3 flex grow flex-wrap md:hidden md:grow-0\">\n<div class=\"mt-4 w-full\">\n                        <button class=\"flex justify-center items-center w-full bg-brand-green text-white text-base font-sans font-medium rounded-md hover:bg-brand-green-700 hover:cursor-pointer md:text-sm h-11\"><\/p>\n<p>    Conclure un accord<br \/>\n<\/button>\n                    <\/div>\n<div class=\"mx-2 mt-4 w-full\">\n<div class=\" font-sans leading-4 text-black\">\n<div class=\"flex flex-wrap items-center justify-center gap-x-1 md:justify-start\">\n        <span class=\"font-bold\"><\/p>\n<p>            179,99 $<br \/>\n                            <span class=\"font-medium\">\u00e0 Amazon<\/span><br \/>\n                    <\/span><br \/>\n                    <img decoding=\"async\" class=\"mt-0 h-(15px)\" src=\"https:\/\/vieassociative.be\/actualites\/wp-content\/uploads\/2025\/06\/Cette-camera-en-lumiere-de-lanneau-est-a-son-prix.svg.svg+xml\" title=\"Amazon Prime\" alt=\"Amazon Prime\">\n            <\/div>\n<div class=\"flex items-center justify-center gap-x-1 font-bold md:justify-start\">\n            <span class=\"text-sm line-through\">249,99 $<\/span><br \/>\n            <span class=\"text-sm text-brand-green\">\u00c9conomisez 70,00 $<\/span>\n        <\/div>\n<\/p><\/div>\n<\/p><\/div>\n<\/p><\/div>\n<\/p><\/div>\n<\/div>\n<p>En ce qui concerne le design, c&rsquo;est ce que vous attendez: simple, robuste et construit pour se fondre. La cam\u00e9ra se trouve soigneusement entre deux lumi\u00e8res r\u00e9glables et offre une vid\u00e9o HDR 2K \u00e0 travers un large champ de vision de 140 degr\u00e9s, soutenu par deux projecteurs \u00e0 LED de 2 000 lumen. Vous obtiendrez une vision nocturne en noir et blanc par d\u00e9faut, mais lorsque les projecteurs sont allum\u00e9s, il passe \u00e0 la vid\u00e9o de nuit en couleur. La d\u00e9tection de mouvement est plus que des alertes standard &#8211; il utilise la d\u00e9tection de mouvement 3D et une fonction de vue des yeux d&rsquo;oiseau qui mappe le chemin exact que quelqu&rsquo;un entreprend \u00e0 travers votre propri\u00e9t\u00e9. C&rsquo;est un suppl\u00e9ment utile si vous essayez de filtrer les fausses alarmes. Il fonctionne sur le WiFi \u00e0 double bande, travaille avec Alexa et IFTTT, mais saute le support pour HomeKit et Google Assistant &#8211; quelque chose \u00e0 garder \u00e0 l&rsquo;esprit en fonction de la configuration de la maison intelligente que vous avez d\u00e9j\u00e0.<\/p>\n<div class=\"pogoClear relative my-10 border-b-(1.5px) border-t-(1.5px) border-dashed border-black py-5 sm:my-14 sm:border-0 sm:py-0\" data-ga-click data-ga-template=\"Deals\" data-ga-module=\"openweb_widget\" data-ga-element=\"openweb_scroll\" data-ga-item=\"openweb_scroll_midpage\" x-data=\"{\n         commentsCount: null,\n         hasComments: false,\n         async fetchCommentsCount() {\n             try {\n                 if (window.openweb &amp;&amp; typeof window.openweb.getMessagesCount === 'function') {\n                     this.commentsCount = await window.openweb.getMessagesCount('01JX256PKRY9T3KF448BJ314HY');\n                     this.hasComments = this.commentsCount !== null &amp;&amp; this.commentsCount &gt; 0;\n                 }\n             } catch (e) {\n                 console.warn('Failed to fetch comment count:', e);\n             }\n         }\n     }\" x-init=\"fetchCommentsCount()\" x-cloak><\/p>\n<div class=\"absolute top-1\/2 hidden w-full -translate-y-1\/2 border-t-(1.5px) border-dashed border-black sm:block\"><\/div>\n<div class=\"relative flex justify-center\">\n<div class=\"flex max-w-fit items-center gap-x-3 bg-white px-5\">\n<div class=\"relative\">\n                <span class=\"absolute left-1\/2 top-1\/2 -translate-x-1\/2 -translate-y-1\/2 font-akshar text-sm font-medium text-black\" aria-live=\"polite\" x-show=\"hasComments\" x-text=\"commentsCount\"><\/span><\/p>\n<p>                <svg class=\"h-8 w-8 text-black\" role=\"img\" aria-hidden=\"true\">\n                    <use href=\"http:\/\/lifehacker.com\/images\/icons\/spritemap.svg#sprite-chat-bubble\"><\/use>\n                <\/svg>\n            <\/div>\n<p>            <span class=\"text-sm font-medium text-black\"><\/p>\n<p>                Que pensez-vous jusqu&rsquo;\u00e0 pr\u00e9sent?<br \/>\n                <button class=\"ml-1 font-semibold text-brand-green underline hover:text-brand-green-700\" type=\"button\" aria-label=\"Comment section trigger\" onclick=\"window.openweb.scrollToComments('01JX256PKRY9T3KF448BJ314HY')\" x-text=\"hasComments ? 'Post a comment.' : 'Be the first to post a comment.'\"><\/button><br \/>\n            <\/span>\n        <\/div>\n<\/p><\/div>\n<\/div>\n<p>L&rsquo;installation est assez pratique car c&rsquo;est un luminaire c\u00e2bl\u00e9. Si vous \u00eates \u00e0 l&rsquo;aise d&rsquo;\u00e9changer une lumi\u00e8re existante, c&rsquo;est faisable. Sinon, ce pourrait \u00eatre un travail pour un pro. La cam\u00e9ra est r\u00e9sistante aux intemp\u00e9ries et con\u00e7ue pour r\u00e9sister \u00e0 la plupart des conditions ext\u00e9rieures, et l&rsquo;application mobile permet de garder les choses simples, ce qui vous donne un acc\u00e8s rapide aux flux en direct, aux notifications et aux param\u00e8tres de l&rsquo;appareil. Cela dit, vous aurez besoin d&rsquo;un abonnement Ring Home (les plans commencent \u00e0 4,99 $ \/ mois pour une cam\u00e9ra et 9,99 $ pour les appareils photo illimit\u00e9s) pour afficher des images enregistr\u00e9es ou utiliser des alertes intelligentes. Sans plan, vous serez limit\u00e9 \u00e0 la visualisation en direct et aux notifications de base. Si vous voulez une vid\u00e9o plus nette, des notifications intelligentes et un \u00e9clairage brillant dans un seul paquet, la Cam Cam Wired Pro frappe un bon \u00e9quilibre, en particulier \u00e0 ce prix.<\/p>\n","protected":false},"excerpt":{"rendered":"<p>Vous aurez besoin d&rsquo;un abonnement Ring pour d\u00e9verrouiller toutes les fonctionnalit\u00e9s, mais si vous \u00eates s\u00e9rieux au sujet de la s\u00e9curit\u00e9 en plein air, c&rsquo;est<\/p>\n","protected":false},"author":1,"featured_media":8061,"comment_status":"","ping_status":"","sticky":false,"template":"","format":"standard","meta":{"footnotes":""},"categories":[13],"tags":[700,1487,206,76,7331,7330,1429,1399,800],"class_list":["post-8060","post","type-post","status-publish","format-standard","has-post-thumbnail","hentry","category-technologie","tag-bas","tag-camera","tag-cette","tag-est","tag-lanneau","tag-lumiere","tag-moment","tag-prix","tag-son","generate-columns","tablet-grid-50","mobile-grid-100","grid-parent","grid-33"],"yoast_head":"<!-- This site is optimized with the Yoast SEO plugin v24.0 - https:\/\/yoast.com\/wordpress\/plugins\/seo\/ -->\n<title>Cette cam\u00e9ra en lumi\u00e8re de l&#039;anneau est \u00e0 son prix le plus bas en ce moment | Vie Associative<\/title>\n<meta name=\"robots\" content=\"index, follow, max-snippet:-1, max-image-preview:large, max-video-preview:-1\" \/>\n<link rel=\"canonical\" href=\"https:\/\/vieassociative.be\/actualites\/cette-camera-en-lumiere-de-lanneau-est-a-son-prix-le-plus-bas-en-ce-moment\/\" \/>\n<meta property=\"og:locale\" content=\"fr_FR\" \/>\n<meta property=\"og:type\" content=\"article\" \/>\n<meta property=\"og:title\" content=\"Cette cam\u00e9ra en lumi\u00e8re de l&#039;anneau est \u00e0 son prix le plus bas en ce moment | Vie Associative\" \/>\n<meta property=\"og:description\" content=\"Vous aurez besoin d&rsquo;un abonnement Ring pour d\u00e9verrouiller toutes les fonctionnalit\u00e9s, mais si vous \u00eates s\u00e9rieux au sujet de la s\u00e9curit\u00e9 en plein air, c&rsquo;est\" \/>\n<meta property=\"og:url\" content=\"https:\/\/vieassociative.be\/actualites\/cette-camera-en-lumiere-de-lanneau-est-a-son-prix-le-plus-bas-en-ce-moment\/\" \/>\n<meta property=\"og:site_name\" content=\"Vie Associative\" \/>\n<meta property=\"article:published_time\" content=\"2025-06-08T19:17:31+00:00\" \/>\n<meta property=\"og:image\" content=\"https:\/\/vieassociative.be\/actualites\/wp-content\/uploads\/2025\/06\/Cette-camera-en-lumiere-de-lanneau-est-a-son-prix.svg.svg+xml\" \/>\n<meta name=\"author\" content=\"Julien\" \/>\n<meta name=\"twitter:card\" content=\"summary_large_image\" \/>\n<meta name=\"twitter:label1\" content=\"\u00c9crit par\" \/>\n\t<meta name=\"twitter:data1\" content=\"Julien\" \/>\n\t<meta name=\"twitter:label2\" content=\"Dur\u00e9e de lecture est.\" \/>\n\t<meta name=\"twitter:data2\" content=\"2 minutes\" \/>\n<script type=\"application\/ld+json\" class=\"yoast-schema-graph\">{\"@context\":\"https:\/\/schema.org\",\"@graph\":[{\"@type\":\"Article\",\"@id\":\"https:\/\/vieassociative.be\/actualites\/cette-camera-en-lumiere-de-lanneau-est-a-son-prix-le-plus-bas-en-ce-moment\/#article\",\"isPartOf\":{\"@id\":\"https:\/\/vieassociative.be\/actualites\/cette-camera-en-lumiere-de-lanneau-est-a-son-prix-le-plus-bas-en-ce-moment\/\"},\"author\":{\"name\":\"Julien\",\"@id\":\"https:\/\/vieassociative.be\/actualites\/#\/schema\/person\/b87ac4f82f9d4e7b7cec7395b679edc4\"},\"headline\":\"Cette cam\u00e9ra en lumi\u00e8re de l&rsquo;anneau est \u00e0 son prix le plus bas en ce moment\",\"datePublished\":\"2025-06-08T19:17:31+00:00\",\"dateModified\":\"2025-06-08T19:17:31+00:00\",\"mainEntityOfPage\":{\"@id\":\"https:\/\/vieassociative.be\/actualites\/cette-camera-en-lumiere-de-lanneau-est-a-son-prix-le-plus-bas-en-ce-moment\/\"},\"wordCount\":501,\"publisher\":{\"@id\":\"https:\/\/vieassociative.be\/actualites\/#organization\"},\"image\":{\"@id\":\"https:\/\/vieassociative.be\/actualites\/cette-camera-en-lumiere-de-lanneau-est-a-son-prix-le-plus-bas-en-ce-moment\/#primaryimage\"},\"thumbnailUrl\":\"https:\/\/vieassociative.be\/actualites\/wp-content\/uploads\/2025\/06\/Cette-camera-en-lumiere-de-lanneau-est-a-son-prix.png\",\"keywords\":[\"bas\",\"cam\u00e9ra\",\"cette\",\"est\",\"lanneau\",\"lumi\u00e8re\",\"moment\",\"prix\",\"son\"],\"articleSection\":[\"Technologie\"],\"inLanguage\":\"fr-BE\"},{\"@type\":\"WebPage\",\"@id\":\"https:\/\/vieassociative.be\/actualites\/cette-camera-en-lumiere-de-lanneau-est-a-son-prix-le-plus-bas-en-ce-moment\/\",\"url\":\"https:\/\/vieassociative.be\/actualites\/cette-camera-en-lumiere-de-lanneau-est-a-son-prix-le-plus-bas-en-ce-moment\/\",\"name\":\"Cette cam\u00e9ra en lumi\u00e8re de l'anneau est \u00e0 son prix le plus bas en ce moment | Vie Associative\",\"isPartOf\":{\"@id\":\"https:\/\/vieassociative.be\/actualites\/#website\"},\"primaryImageOfPage\":{\"@id\":\"https:\/\/vieassociative.be\/actualites\/cette-camera-en-lumiere-de-lanneau-est-a-son-prix-le-plus-bas-en-ce-moment\/#primaryimage\"},\"image\":{\"@id\":\"https:\/\/vieassociative.be\/actualites\/cette-camera-en-lumiere-de-lanneau-est-a-son-prix-le-plus-bas-en-ce-moment\/#primaryimage\"},\"thumbnailUrl\":\"https:\/\/vieassociative.be\/actualites\/wp-content\/uploads\/2025\/06\/Cette-camera-en-lumiere-de-lanneau-est-a-son-prix.png\",\"datePublished\":\"2025-06-08T19:17:31+00:00\",\"dateModified\":\"2025-06-08T19:17:31+00:00\",\"breadcrumb\":{\"@id\":\"https:\/\/vieassociative.be\/actualites\/cette-camera-en-lumiere-de-lanneau-est-a-son-prix-le-plus-bas-en-ce-moment\/#breadcrumb\"},\"inLanguage\":\"fr-BE\",\"potentialAction\":[{\"@type\":\"ReadAction\",\"target\":[\"https:\/\/vieassociative.be\/actualites\/cette-camera-en-lumiere-de-lanneau-est-a-son-prix-le-plus-bas-en-ce-moment\/\"]}]},{\"@type\":\"ImageObject\",\"inLanguage\":\"fr-BE\",\"@id\":\"https:\/\/vieassociative.be\/actualites\/cette-camera-en-lumiere-de-lanneau-est-a-son-prix-le-plus-bas-en-ce-moment\/#primaryimage\",\"url\":\"https:\/\/vieassociative.be\/actualites\/wp-content\/uploads\/2025\/06\/Cette-camera-en-lumiere-de-lanneau-est-a-son-prix.png\",\"contentUrl\":\"https:\/\/vieassociative.be\/actualites\/wp-content\/uploads\/2025\/06\/Cette-camera-en-lumiere-de-lanneau-est-a-son-prix.png\",\"width\":1200,\"height\":675,\"caption\":\"Cette cam\u00e9ra en lumi\u00e8re de l'anneau est \u00e0 son prix le plus bas en ce moment\"},{\"@type\":\"BreadcrumbList\",\"@id\":\"https:\/\/vieassociative.be\/actualites\/cette-camera-en-lumiere-de-lanneau-est-a-son-prix-le-plus-bas-en-ce-moment\/#breadcrumb\",\"itemListElement\":[{\"@type\":\"ListItem\",\"position\":1,\"name\":\"Accueil\",\"item\":\"https:\/\/vieassociative.be\/actualites\/\"},{\"@type\":\"ListItem\",\"position\":2,\"name\":\"Cette cam\u00e9ra en lumi\u00e8re de l&rsquo;anneau est \u00e0 son prix le plus bas en ce moment\"}]},{\"@type\":\"WebSite\",\"@id\":\"https:\/\/vieassociative.be\/actualites\/#website\",\"url\":\"https:\/\/vieassociative.be\/actualites\/\",\"name\":\"Vie Associative\",\"description\":\"\",\"publisher\":{\"@id\":\"https:\/\/vieassociative.be\/actualites\/#organization\"},\"potentialAction\":[{\"@type\":\"SearchAction\",\"target\":{\"@type\":\"EntryPoint\",\"urlTemplate\":\"https:\/\/vieassociative.be\/actualites\/?s={search_term_string}\"},\"query-input\":{\"@type\":\"PropertyValueSpecification\",\"valueRequired\":true,\"valueName\":\"search_term_string\"}}],\"inLanguage\":\"fr-BE\"},{\"@type\":\"Organization\",\"@id\":\"https:\/\/vieassociative.be\/actualites\/#organization\",\"name\":\"Vie Associative\",\"url\":\"https:\/\/vieassociative.be\/actualites\/\",\"logo\":{\"@type\":\"ImageObject\",\"inLanguage\":\"fr-BE\",\"@id\":\"https:\/\/vieassociative.be\/actualites\/#\/schema\/logo\/image\/\",\"url\":\"https:\/\/vieassociative.be\/actualites\/wp-content\/uploads\/2024\/09\/cropped-vieassociative_favicon.ico.png\",\"contentUrl\":\"https:\/\/vieassociative.be\/actualites\/wp-content\/uploads\/2024\/09\/cropped-vieassociative_favicon.ico.png\",\"width\":512,\"height\":512,\"caption\":\"Vie Associative\"},\"image\":{\"@id\":\"https:\/\/vieassociative.be\/actualites\/#\/schema\/logo\/image\/\"}},{\"@type\":\"Person\",\"@id\":\"https:\/\/vieassociative.be\/actualites\/#\/schema\/person\/b87ac4f82f9d4e7b7cec7395b679edc4\",\"name\":\"Julien\",\"image\":{\"@type\":\"ImageObject\",\"inLanguage\":\"fr-BE\",\"@id\":\"https:\/\/vieassociative.be\/actualites\/#\/schema\/person\/image\/\",\"url\":\"https:\/\/vieassociative.be\/actualites\/wp-content\/uploads\/2024\/09\/vie-associative-1-150x150.jpg\",\"contentUrl\":\"https:\/\/vieassociative.be\/actualites\/wp-content\/uploads\/2024\/09\/vie-associative-1-150x150.jpg\",\"caption\":\"Julien\"},\"description\":\"Je suis Julien, r\u00e9dacteur pour Vie Associative. Passionn\u00e9 par le monde associatif depuis plus de 10 ans, j'ai \u00e0 c\u0153ur de partager des histoires inspirantes et de mettre en lumi\u00e8re les initiatives locales. Mon objectif est de sensibiliser et d'encourager l'engagement communautaire \u00e0 travers mes articles.\",\"sameAs\":[\"https:\/\/vieassociative.be\/\"]}]}<\/script>\n<!-- \/ Yoast SEO plugin. -->","yoast_head_json":{"title":"Cette cam\u00e9ra en lumi\u00e8re de l'anneau est \u00e0 son prix le plus bas en ce moment | Vie Associative","robots":{"index":"index","follow":"follow","max-snippet":"max-snippet:-1","max-image-preview":"max-image-preview:large","max-video-preview":"max-video-preview:-1"},"canonical":"https:\/\/vieassociative.be\/actualites\/cette-camera-en-lumiere-de-lanneau-est-a-son-prix-le-plus-bas-en-ce-moment\/","og_locale":"fr_FR","og_type":"article","og_title":"Cette cam\u00e9ra en lumi\u00e8re de l'anneau est \u00e0 son prix le plus bas en ce moment | Vie Associative","og_description":"Vous aurez besoin d&rsquo;un abonnement Ring pour d\u00e9verrouiller toutes les fonctionnalit\u00e9s, mais si vous \u00eates s\u00e9rieux au sujet de la s\u00e9curit\u00e9 en plein air, c&rsquo;est","og_url":"https:\/\/vieassociative.be\/actualites\/cette-camera-en-lumiere-de-lanneau-est-a-son-prix-le-plus-bas-en-ce-moment\/","og_site_name":"Vie Associative","article_published_time":"2025-06-08T19:17:31+00:00","og_image":[{"url":"https:\/\/vieassociative.be\/actualites\/wp-content\/uploads\/2025\/06\/Cette-camera-en-lumiere-de-lanneau-est-a-son-prix.svg.svg+xml","type":"","width":"","height":""}],"author":"Julien","twitter_card":"summary_large_image","twitter_misc":{"\u00c9crit par":"Julien","Dur\u00e9e de lecture est.":"2 minutes"},"schema":{"@context":"https:\/\/schema.org","@graph":[{"@type":"Article","@id":"https:\/\/vieassociative.be\/actualites\/cette-camera-en-lumiere-de-lanneau-est-a-son-prix-le-plus-bas-en-ce-moment\/#article","isPartOf":{"@id":"https:\/\/vieassociative.be\/actualites\/cette-camera-en-lumiere-de-lanneau-est-a-son-prix-le-plus-bas-en-ce-moment\/"},"author":{"name":"Julien","@id":"https:\/\/vieassociative.be\/actualites\/#\/schema\/person\/b87ac4f82f9d4e7b7cec7395b679edc4"},"headline":"Cette cam\u00e9ra en lumi\u00e8re de l&rsquo;anneau est \u00e0 son prix le plus bas en ce moment","datePublished":"2025-06-08T19:17:31+00:00","dateModified":"2025-06-08T19:17:31+00:00","mainEntityOfPage":{"@id":"https:\/\/vieassociative.be\/actualites\/cette-camera-en-lumiere-de-lanneau-est-a-son-prix-le-plus-bas-en-ce-moment\/"},"wordCount":501,"publisher":{"@id":"https:\/\/vieassociative.be\/actualites\/#organization"},"image":{"@id":"https:\/\/vieassociative.be\/actualites\/cette-camera-en-lumiere-de-lanneau-est-a-son-prix-le-plus-bas-en-ce-moment\/#primaryimage"},"thumbnailUrl":"https:\/\/vieassociative.be\/actualites\/wp-content\/uploads\/2025\/06\/Cette-camera-en-lumiere-de-lanneau-est-a-son-prix.png","keywords":["bas","cam\u00e9ra","cette","est","lanneau","lumi\u00e8re","moment","prix","son"],"articleSection":["Technologie"],"inLanguage":"fr-BE"},{"@type":"WebPage","@id":"https:\/\/vieassociative.be\/actualites\/cette-camera-en-lumiere-de-lanneau-est-a-son-prix-le-plus-bas-en-ce-moment\/","url":"https:\/\/vieassociative.be\/actualites\/cette-camera-en-lumiere-de-lanneau-est-a-son-prix-le-plus-bas-en-ce-moment\/","name":"Cette cam\u00e9ra en lumi\u00e8re de l'anneau est \u00e0 son prix le plus bas en ce moment | Vie Associative","isPartOf":{"@id":"https:\/\/vieassociative.be\/actualites\/#website"},"primaryImageOfPage":{"@id":"https:\/\/vieassociative.be\/actualites\/cette-camera-en-lumiere-de-lanneau-est-a-son-prix-le-plus-bas-en-ce-moment\/#primaryimage"},"image":{"@id":"https:\/\/vieassociative.be\/actualites\/cette-camera-en-lumiere-de-lanneau-est-a-son-prix-le-plus-bas-en-ce-moment\/#primaryimage"},"thumbnailUrl":"https:\/\/vieassociative.be\/actualites\/wp-content\/uploads\/2025\/06\/Cette-camera-en-lumiere-de-lanneau-est-a-son-prix.png","datePublished":"2025-06-08T19:17:31+00:00","dateModified":"2025-06-08T19:17:31+00:00","breadcrumb":{"@id":"https:\/\/vieassociative.be\/actualites\/cette-camera-en-lumiere-de-lanneau-est-a-son-prix-le-plus-bas-en-ce-moment\/#breadcrumb"},"inLanguage":"fr-BE","potentialAction":[{"@type":"ReadAction","target":["https:\/\/vieassociative.be\/actualites\/cette-camera-en-lumiere-de-lanneau-est-a-son-prix-le-plus-bas-en-ce-moment\/"]}]},{"@type":"ImageObject","inLanguage":"fr-BE","@id":"https:\/\/vieassociative.be\/actualites\/cette-camera-en-lumiere-de-lanneau-est-a-son-prix-le-plus-bas-en-ce-moment\/#primaryimage","url":"https:\/\/vieassociative.be\/actualites\/wp-content\/uploads\/2025\/06\/Cette-camera-en-lumiere-de-lanneau-est-a-son-prix.png","contentUrl":"https:\/\/vieassociative.be\/actualites\/wp-content\/uploads\/2025\/06\/Cette-camera-en-lumiere-de-lanneau-est-a-son-prix.png","width":1200,"height":675,"caption":"Cette cam\u00e9ra en lumi\u00e8re de l'anneau est \u00e0 son prix le plus bas en ce moment"},{"@type":"BreadcrumbList","@id":"https:\/\/vieassociative.be\/actualites\/cette-camera-en-lumiere-de-lanneau-est-a-son-prix-le-plus-bas-en-ce-moment\/#breadcrumb","itemListElement":[{"@type":"ListItem","position":1,"name":"Accueil","item":"https:\/\/vieassociative.be\/actualites\/"},{"@type":"ListItem","position":2,"name":"Cette cam\u00e9ra en lumi\u00e8re de l&rsquo;anneau est \u00e0 son prix le plus bas en ce moment"}]},{"@type":"WebSite","@id":"https:\/\/vieassociative.be\/actualites\/#website","url":"https:\/\/vieassociative.be\/actualites\/","name":"Vie Associative","description":"","publisher":{"@id":"https:\/\/vieassociative.be\/actualites\/#organization"},"potentialAction":[{"@type":"SearchAction","target":{"@type":"EntryPoint","urlTemplate":"https:\/\/vieassociative.be\/actualites\/?s={search_term_string}"},"query-input":{"@type":"PropertyValueSpecification","valueRequired":true,"valueName":"search_term_string"}}],"inLanguage":"fr-BE"},{"@type":"Organization","@id":"https:\/\/vieassociative.be\/actualites\/#organization","name":"Vie Associative","url":"https:\/\/vieassociative.be\/actualites\/","logo":{"@type":"ImageObject","inLanguage":"fr-BE","@id":"https:\/\/vieassociative.be\/actualites\/#\/schema\/logo\/image\/","url":"https:\/\/vieassociative.be\/actualites\/wp-content\/uploads\/2024\/09\/cropped-vieassociative_favicon.ico.png","contentUrl":"https:\/\/vieassociative.be\/actualites\/wp-content\/uploads\/2024\/09\/cropped-vieassociative_favicon.ico.png","width":512,"height":512,"caption":"Vie Associative"},"image":{"@id":"https:\/\/vieassociative.be\/actualites\/#\/schema\/logo\/image\/"}},{"@type":"Person","@id":"https:\/\/vieassociative.be\/actualites\/#\/schema\/person\/b87ac4f82f9d4e7b7cec7395b679edc4","name":"Julien","image":{"@type":"ImageObject","inLanguage":"fr-BE","@id":"https:\/\/vieassociative.be\/actualites\/#\/schema\/person\/image\/","url":"https:\/\/vieassociative.be\/actualites\/wp-content\/uploads\/2024\/09\/vie-associative-1-150x150.jpg","contentUrl":"https:\/\/vieassociative.be\/actualites\/wp-content\/uploads\/2024\/09\/vie-associative-1-150x150.jpg","caption":"Julien"},"description":"Je suis Julien, r\u00e9dacteur pour Vie Associative. Passionn\u00e9 par le monde associatif depuis plus de 10 ans, j'ai \u00e0 c\u0153ur de partager des histoires inspirantes et de mettre en lumi\u00e8re les initiatives locales. Mon objectif est de sensibiliser et d'encourager l'engagement communautaire \u00e0 travers mes articles.","sameAs":["https:\/\/vieassociative.be\/"]}]}},"_links":{"self":[{"href":"https:\/\/vieassociative.be\/actualites\/wp-json\/wp\/v2\/posts\/8060"}],"collection":[{"href":"https:\/\/vieassociative.be\/actualites\/wp-json\/wp\/v2\/posts"}],"about":[{"href":"https:\/\/vieassociative.be\/actualites\/wp-json\/wp\/v2\/types\/post"}],"author":[{"embeddable":true,"href":"https:\/\/vieassociative.be\/actualites\/wp-json\/wp\/v2\/users\/1"}],"replies":[{"embeddable":true,"href":"https:\/\/vieassociative.be\/actualites\/wp-json\/wp\/v2\/comments?post=8060"}],"version-history":[{"count":0,"href":"https:\/\/vieassociative.be\/actualites\/wp-json\/wp\/v2\/posts\/8060\/revisions"}],"wp:featuredmedia":[{"embeddable":true,"href":"https:\/\/vieassociative.be\/actualites\/wp-json\/wp\/v2\/media\/8061"}],"wp:attachment":[{"href":"https:\/\/vieassociative.be\/actualites\/wp-json\/wp\/v2\/media?parent=8060"}],"wp:term":[{"taxonomy":"category","embeddable":true,"href":"https:\/\/vieassociative.be\/actualites\/wp-json\/wp\/v2\/categories?post=8060"},{"taxonomy":"post_tag","embeddable":true,"href":"https:\/\/vieassociative.be\/actualites\/wp-json\/wp\/v2\/tags?post=8060"}],"curies":[{"name":"wp","href":"https:\/\/api.w.org\/{rel}","templated":true}]}}