{"id":8057,"date":"2025-06-08T16:18:52","date_gmt":"2025-06-08T14:18:52","guid":{"rendered":"https:\/\/vieassociative.be\/actualites\/le-diable-rouge-dans-le-maillot-des-flammes-rouges-contre-le-pays-de-galles\/"},"modified":"2025-06-08T16:18:52","modified_gmt":"2025-06-08T14:18:52","slug":"le-diable-rouge-dans-le-maillot-des-flammes-rouges-contre-le-pays-de-galles","status":"publish","type":"post","link":"https:\/\/vieassociative.be\/actualites\/le-diable-rouge-dans-le-maillot-des-flammes-rouges-contre-le-pays-de-galles\/","title":{"rendered":"Le diable rouge dans le maillot des flammes rouges contre le Pays de Galles"},"content":{"rendered":"<p><strong>Les Red Devils jouent le match \u00e0 domicile contre le Pays de Galles lundi dans le nouveau maillot \u00e0 l&rsquo;ext\u00e9rieur de l&rsquo;\u00e9quipe nationale f\u00e9minine. La Belgian Football Association (URBSFA) a annonc\u00e9 dimanche, un jour avant le deuxi\u00e8me match de qualification pour la Coupe du monde 2026.<\/strong><\/p>\n<p><span id=\"more-417295\"><\/span>Les Flames rouges se pr\u00e9parent \u00e0 participer au Championnat d&rsquo;Europe en Suisse (2-27 juillet). \u00c0 cette occasion, Adidas, le fournisseur des \u00e9quipes nationales de football, a con\u00e7u un nouveau maillot jaune \u00e0 l&rsquo;ext\u00e9rieur qui \u00ab\u00a0montre une interpr\u00e9tation graphique d&rsquo;une flamme, une allusion ludique au nom de l&rsquo;\u00e9quipe\u00a0\u00bb, a d\u00e9clar\u00e9 Urbsfa dans un communiqu\u00e9 de presse.<\/p>\n<p>Les flammes sont \u00e9galement int\u00e9gr\u00e9es au mot \u00abBelgique\u00bb dans la zone du cou. Les accents d&rsquo;\u00e9t\u00e9 en violet et orange compl\u00e8tent la tenue.<\/p>\n<div id=\"attachment_316460\" class=\"wp-caption alignleft\" style=\"max-width: 300px\"><img fetchpriority=\"high\" decoding=\"async\" class=\"wp-image-316460 size-medium\" src=\"https:\/\/vieassociative.be\/actualites\/wp-content\/uploads\/2025\/06\/Le-diable-rouge-dans-le-maillot-des-flammes-rouges-contre.jpeg\" alt=\"\" width=\"300\" height=\"200\"  ><\/p>\n<p class=\"wp-caption-text\">18 novembre 2018, Suisse, Lucerne: United in Black and Yellow, Eden Hazard (R) et son fr\u00e8re Thorgan Hazard (L) dans l&rsquo;\u00e9quipe nationale belge \u00e9taient comme ici dans un match dans la Nations en Suisse en novembre 2018. Photo: Ennio Lanza \/ Keystone \/ DPA<\/p>\n<\/div>\n<p>\u00ab\u00a0Nous c\u00e9l\u00e9brons la qualification du Red Flamesi pour le Championnat d&rsquo;Europe et leurs derni\u00e8res r\u00e9alisations en Ligue des nations\u00a0\u00bb, a d\u00e9clar\u00e9 Peter Willems, PDG de l&rsquo;Union Belge. \u00ab\u00a0Et nous appelons les fans belges pour soutenir les flammes rouges avec c\u0153ur, \u00e2me et engagement. Nous pouvons \u00e9galement collecter de l&rsquo;argent pour une bonne cause avec cette initiative.\u00a0\u00bb<\/p>\n<p>Les revenus de la vente aux ench\u00e8res des maillots jaunes, qui ne sont r\u00e9alis\u00e9s que par De Bruyne, Lukaku &#038; Co., sont divis\u00e9s entre la Fondation Jan Vertonghen et les courts rouges belges. <\/p>\n<p>La Fondation Jan Vertonghen est une fondation \u00e0 but non lucratif qui se concentre sur l&rsquo;aide aux enfants dans le besoin et \u00e0 cr\u00e9er un environnement positif pour eux. La fondation s&rsquo;est engag\u00e9e \u00e0 s&rsquo;assurer que les enfants dans les h\u00f4pitaux, mais aussi en g\u00e9n\u00e9ral, ont la possibilit\u00e9 de jouer, de bouger et d&rsquo;\u00eatre cr\u00e9atifs afin de tirer le meilleur parti d&rsquo;eux-m\u00eames et de se sentir connect\u00e9 dans la soci\u00e9t\u00e9.<\/p>\n<p>Ce que Belgian Red Courts est un projet social de l&rsquo;association de football qui fonctionne pour la cr\u00e9ation de petits terrains de football. Un tel endroit a r\u00e9cemment \u00e9t\u00e9 inaugur\u00e9 \u00e0 Eupen en pr\u00e9sence d&rsquo;Arthur theat international. (Cre)<\/p>\n<p><em><strong>NB. En savoir plus sur le jeu de qualification de la Coupe du monde Belgique-Wales ici sur OD lundi.<\/strong><\/em><\/p>\n","protected":false},"excerpt":{"rendered":"<p>Les Red Devils jouent le match \u00e0 domicile contre le Pays de Galles lundi dans le nouveau maillot \u00e0 l&rsquo;ext\u00e9rieur de l&rsquo;\u00e9quipe nationale f\u00e9minine. La<\/p>\n","protected":false},"author":1,"featured_media":8058,"comment_status":"","ping_status":"","sticky":false,"template":"","format":"standard","meta":{"footnotes":""},"categories":[298],"tags":[796,166,29,4591,7329,3996,2694,3513,2556,2366],"class_list":["post-8057","post","type-post","status-publish","format-standard","has-post-thumbnail","hentry","category-belgique","tag-contre","tag-dans","tag-des","tag-diable","tag-flammes","tag-galles","tag-maillot","tag-pays","tag-rouge","tag-rouges","generate-columns","tablet-grid-50","mobile-grid-100","grid-parent","grid-33"],"yoast_head":"<!-- This site is optimized with the Yoast SEO plugin v24.0 - https:\/\/yoast.com\/wordpress\/plugins\/seo\/ -->\n<title>Le diable rouge dans le maillot des flammes rouges contre le Pays de Galles | Vie Associative<\/title>\n<meta name=\"robots\" content=\"index, follow, max-snippet:-1, max-image-preview:large, max-video-preview:-1\" \/>\n<link rel=\"canonical\" href=\"https:\/\/vieassociative.be\/actualites\/le-diable-rouge-dans-le-maillot-des-flammes-rouges-contre-le-pays-de-galles\/\" \/>\n<meta property=\"og:locale\" content=\"fr_FR\" \/>\n<meta property=\"og:type\" content=\"article\" \/>\n<meta property=\"og:title\" content=\"Le diable rouge dans le maillot des flammes rouges contre le Pays de Galles | Vie Associative\" \/>\n<meta property=\"og:description\" content=\"Les Red Devils jouent le match \u00e0 domicile contre le Pays de Galles lundi dans le nouveau maillot \u00e0 l&rsquo;ext\u00e9rieur de l&rsquo;\u00e9quipe nationale f\u00e9minine. La\" \/>\n<meta property=\"og:url\" content=\"https:\/\/vieassociative.be\/actualites\/le-diable-rouge-dans-le-maillot-des-flammes-rouges-contre-le-pays-de-galles\/\" \/>\n<meta property=\"og:site_name\" content=\"Vie Associative\" \/>\n<meta property=\"article:published_time\" content=\"2025-06-08T14:18:52+00:00\" \/>\n<meta property=\"og:image\" content=\"https:\/\/vieassociative.be\/actualites\/wp-content\/uploads\/2024\/09\/header_backgroundk-01-e1726694325946.png\" \/>\n\t<meta property=\"og:image:width\" content=\"279\" \/>\n\t<meta property=\"og:image:height\" content=\"92\" \/>\n\t<meta property=\"og:image:type\" content=\"image\/png\" \/>\n<meta name=\"author\" content=\"Julien\" \/>\n<meta name=\"twitter:card\" content=\"summary_large_image\" \/>\n<meta name=\"twitter:label1\" content=\"\u00c9crit par\" \/>\n\t<meta name=\"twitter:data1\" content=\"Julien\" \/>\n\t<meta name=\"twitter:label2\" content=\"Dur\u00e9e de lecture est.\" \/>\n\t<meta name=\"twitter:data2\" content=\"2 minutes\" \/>\n<script type=\"application\/ld+json\" class=\"yoast-schema-graph\">{\"@context\":\"https:\/\/schema.org\",\"@graph\":[{\"@type\":\"Article\",\"@id\":\"https:\/\/vieassociative.be\/actualites\/le-diable-rouge-dans-le-maillot-des-flammes-rouges-contre-le-pays-de-galles\/#article\",\"isPartOf\":{\"@id\":\"https:\/\/vieassociative.be\/actualites\/le-diable-rouge-dans-le-maillot-des-flammes-rouges-contre-le-pays-de-galles\/\"},\"author\":{\"name\":\"Julien\",\"@id\":\"https:\/\/vieassociative.be\/actualites\/#\/schema\/person\/b87ac4f82f9d4e7b7cec7395b679edc4\"},\"headline\":\"Le diable rouge dans le maillot des flammes rouges contre le Pays de Galles\",\"datePublished\":\"2025-06-08T14:18:52+00:00\",\"dateModified\":\"2025-06-08T14:18:52+00:00\",\"mainEntityOfPage\":{\"@id\":\"https:\/\/vieassociative.be\/actualites\/le-diable-rouge-dans-le-maillot-des-flammes-rouges-contre-le-pays-de-galles\/\"},\"wordCount\":433,\"publisher\":{\"@id\":\"https:\/\/vieassociative.be\/actualites\/#organization\"},\"image\":{\"@id\":\"https:\/\/vieassociative.be\/actualites\/le-diable-rouge-dans-le-maillot-des-flammes-rouges-contre-le-pays-de-galles\/#primaryimage\"},\"thumbnailUrl\":\"https:\/\/vieassociative.be\/actualites\/wp-content\/uploads\/2025\/06\/Le-diable-rouge-dans-le-maillot-des-flammes-rouges-contre.jpg\",\"keywords\":[\"contre\",\"dans\",\"Des\",\"diable\",\"flammes\",\"Galles\",\"maillot\",\"pays\",\"rouge\",\"rouges\"],\"articleSection\":[\"Belgique\"],\"inLanguage\":\"fr-BE\"},{\"@type\":\"WebPage\",\"@id\":\"https:\/\/vieassociative.be\/actualites\/le-diable-rouge-dans-le-maillot-des-flammes-rouges-contre-le-pays-de-galles\/\",\"url\":\"https:\/\/vieassociative.be\/actualites\/le-diable-rouge-dans-le-maillot-des-flammes-rouges-contre-le-pays-de-galles\/\",\"name\":\"Le diable rouge dans le maillot des flammes rouges contre le Pays de Galles | Vie Associative\",\"isPartOf\":{\"@id\":\"https:\/\/vieassociative.be\/actualites\/#website\"},\"primaryImageOfPage\":{\"@id\":\"https:\/\/vieassociative.be\/actualites\/le-diable-rouge-dans-le-maillot-des-flammes-rouges-contre-le-pays-de-galles\/#primaryimage\"},\"image\":{\"@id\":\"https:\/\/vieassociative.be\/actualites\/le-diable-rouge-dans-le-maillot-des-flammes-rouges-contre-le-pays-de-galles\/#primaryimage\"},\"thumbnailUrl\":\"https:\/\/vieassociative.be\/actualites\/wp-content\/uploads\/2025\/06\/Le-diable-rouge-dans-le-maillot-des-flammes-rouges-contre.jpg\",\"datePublished\":\"2025-06-08T14:18:52+00:00\",\"dateModified\":\"2025-06-08T14:18:52+00:00\",\"breadcrumb\":{\"@id\":\"https:\/\/vieassociative.be\/actualites\/le-diable-rouge-dans-le-maillot-des-flammes-rouges-contre-le-pays-de-galles\/#breadcrumb\"},\"inLanguage\":\"fr-BE\",\"potentialAction\":[{\"@type\":\"ReadAction\",\"target\":[\"https:\/\/vieassociative.be\/actualites\/le-diable-rouge-dans-le-maillot-des-flammes-rouges-contre-le-pays-de-galles\/\"]}]},{\"@type\":\"ImageObject\",\"inLanguage\":\"fr-BE\",\"@id\":\"https:\/\/vieassociative.be\/actualites\/le-diable-rouge-dans-le-maillot-des-flammes-rouges-contre-le-pays-de-galles\/#primaryimage\",\"url\":\"https:\/\/vieassociative.be\/actualites\/wp-content\/uploads\/2025\/06\/Le-diable-rouge-dans-le-maillot-des-flammes-rouges-contre.jpg\",\"contentUrl\":\"https:\/\/vieassociative.be\/actualites\/wp-content\/uploads\/2025\/06\/Le-diable-rouge-dans-le-maillot-des-flammes-rouges-contre.jpg\",\"width\":1200,\"height\":800,\"caption\":\"Le diable rouge dans le maillot des flammes rouges contre le Pays de Galles\"},{\"@type\":\"BreadcrumbList\",\"@id\":\"https:\/\/vieassociative.be\/actualites\/le-diable-rouge-dans-le-maillot-des-flammes-rouges-contre-le-pays-de-galles\/#breadcrumb\",\"itemListElement\":[{\"@type\":\"ListItem\",\"position\":1,\"name\":\"Accueil\",\"item\":\"https:\/\/vieassociative.be\/actualites\/\"},{\"@type\":\"ListItem\",\"position\":2,\"name\":\"Le diable rouge dans le maillot des flammes rouges contre le Pays de Galles\"}]},{\"@type\":\"WebSite\",\"@id\":\"https:\/\/vieassociative.be\/actualites\/#website\",\"url\":\"https:\/\/vieassociative.be\/actualites\/\",\"name\":\"Vie Associative\",\"description\":\"\",\"publisher\":{\"@id\":\"https:\/\/vieassociative.be\/actualites\/#organization\"},\"potentialAction\":[{\"@type\":\"SearchAction\",\"target\":{\"@type\":\"EntryPoint\",\"urlTemplate\":\"https:\/\/vieassociative.be\/actualites\/?s={search_term_string}\"},\"query-input\":{\"@type\":\"PropertyValueSpecification\",\"valueRequired\":true,\"valueName\":\"search_term_string\"}}],\"inLanguage\":\"fr-BE\"},{\"@type\":\"Organization\",\"@id\":\"https:\/\/vieassociative.be\/actualites\/#organization\",\"name\":\"Vie Associative\",\"url\":\"https:\/\/vieassociative.be\/actualites\/\",\"logo\":{\"@type\":\"ImageObject\",\"inLanguage\":\"fr-BE\",\"@id\":\"https:\/\/vieassociative.be\/actualites\/#\/schema\/logo\/image\/\",\"url\":\"https:\/\/vieassociative.be\/actualites\/wp-content\/uploads\/2024\/09\/cropped-vieassociative_favicon.ico.png\",\"contentUrl\":\"https:\/\/vieassociative.be\/actualites\/wp-content\/uploads\/2024\/09\/cropped-vieassociative_favicon.ico.png\",\"width\":512,\"height\":512,\"caption\":\"Vie Associative\"},\"image\":{\"@id\":\"https:\/\/vieassociative.be\/actualites\/#\/schema\/logo\/image\/\"}},{\"@type\":\"Person\",\"@id\":\"https:\/\/vieassociative.be\/actualites\/#\/schema\/person\/b87ac4f82f9d4e7b7cec7395b679edc4\",\"name\":\"Julien\",\"image\":{\"@type\":\"ImageObject\",\"inLanguage\":\"fr-BE\",\"@id\":\"https:\/\/vieassociative.be\/actualites\/#\/schema\/person\/image\/\",\"url\":\"https:\/\/vieassociative.be\/actualites\/wp-content\/uploads\/2024\/09\/vie-associative-1-150x150.jpg\",\"contentUrl\":\"https:\/\/vieassociative.be\/actualites\/wp-content\/uploads\/2024\/09\/vie-associative-1-150x150.jpg\",\"caption\":\"Julien\"},\"description\":\"Je suis Julien, r\u00e9dacteur pour Vie Associative. Passionn\u00e9 par le monde associatif depuis plus de 10 ans, j'ai \u00e0 c\u0153ur de partager des histoires inspirantes et de mettre en lumi\u00e8re les initiatives locales. Mon objectif est de sensibiliser et d'encourager l'engagement communautaire \u00e0 travers mes articles.\",\"sameAs\":[\"https:\/\/vieassociative.be\/\"]}]}<\/script>\n<!-- \/ Yoast SEO plugin. -->","yoast_head_json":{"title":"Le diable rouge dans le maillot des flammes rouges contre le Pays de Galles | Vie Associative","robots":{"index":"index","follow":"follow","max-snippet":"max-snippet:-1","max-image-preview":"max-image-preview:large","max-video-preview":"max-video-preview:-1"},"canonical":"https:\/\/vieassociative.be\/actualites\/le-diable-rouge-dans-le-maillot-des-flammes-rouges-contre-le-pays-de-galles\/","og_locale":"fr_FR","og_type":"article","og_title":"Le diable rouge dans le maillot des flammes rouges contre le Pays de Galles | Vie Associative","og_description":"Les Red Devils jouent le match \u00e0 domicile contre le Pays de Galles lundi dans le nouveau maillot \u00e0 l&rsquo;ext\u00e9rieur de l&rsquo;\u00e9quipe nationale f\u00e9minine. La","og_url":"https:\/\/vieassociative.be\/actualites\/le-diable-rouge-dans-le-maillot-des-flammes-rouges-contre-le-pays-de-galles\/","og_site_name":"Vie Associative","article_published_time":"2025-06-08T14:18:52+00:00","og_image":[{"width":279,"height":92,"url":"https:\/\/vieassociative.be\/actualites\/wp-content\/uploads\/2024\/09\/header_backgroundk-01-e1726694325946.png","type":"image\/png"}],"author":"Julien","twitter_card":"summary_large_image","twitter_misc":{"\u00c9crit par":"Julien","Dur\u00e9e de lecture est.":"2 minutes"},"schema":{"@context":"https:\/\/schema.org","@graph":[{"@type":"Article","@id":"https:\/\/vieassociative.be\/actualites\/le-diable-rouge-dans-le-maillot-des-flammes-rouges-contre-le-pays-de-galles\/#article","isPartOf":{"@id":"https:\/\/vieassociative.be\/actualites\/le-diable-rouge-dans-le-maillot-des-flammes-rouges-contre-le-pays-de-galles\/"},"author":{"name":"Julien","@id":"https:\/\/vieassociative.be\/actualites\/#\/schema\/person\/b87ac4f82f9d4e7b7cec7395b679edc4"},"headline":"Le diable rouge dans le maillot des flammes rouges contre le Pays de Galles","datePublished":"2025-06-08T14:18:52+00:00","dateModified":"2025-06-08T14:18:52+00:00","mainEntityOfPage":{"@id":"https:\/\/vieassociative.be\/actualites\/le-diable-rouge-dans-le-maillot-des-flammes-rouges-contre-le-pays-de-galles\/"},"wordCount":433,"publisher":{"@id":"https:\/\/vieassociative.be\/actualites\/#organization"},"image":{"@id":"https:\/\/vieassociative.be\/actualites\/le-diable-rouge-dans-le-maillot-des-flammes-rouges-contre-le-pays-de-galles\/#primaryimage"},"thumbnailUrl":"https:\/\/vieassociative.be\/actualites\/wp-content\/uploads\/2025\/06\/Le-diable-rouge-dans-le-maillot-des-flammes-rouges-contre.jpg","keywords":["contre","dans","Des","diable","flammes","Galles","maillot","pays","rouge","rouges"],"articleSection":["Belgique"],"inLanguage":"fr-BE"},{"@type":"WebPage","@id":"https:\/\/vieassociative.be\/actualites\/le-diable-rouge-dans-le-maillot-des-flammes-rouges-contre-le-pays-de-galles\/","url":"https:\/\/vieassociative.be\/actualites\/le-diable-rouge-dans-le-maillot-des-flammes-rouges-contre-le-pays-de-galles\/","name":"Le diable rouge dans le maillot des flammes rouges contre le Pays de Galles | Vie Associative","isPartOf":{"@id":"https:\/\/vieassociative.be\/actualites\/#website"},"primaryImageOfPage":{"@id":"https:\/\/vieassociative.be\/actualites\/le-diable-rouge-dans-le-maillot-des-flammes-rouges-contre-le-pays-de-galles\/#primaryimage"},"image":{"@id":"https:\/\/vieassociative.be\/actualites\/le-diable-rouge-dans-le-maillot-des-flammes-rouges-contre-le-pays-de-galles\/#primaryimage"},"thumbnailUrl":"https:\/\/vieassociative.be\/actualites\/wp-content\/uploads\/2025\/06\/Le-diable-rouge-dans-le-maillot-des-flammes-rouges-contre.jpg","datePublished":"2025-06-08T14:18:52+00:00","dateModified":"2025-06-08T14:18:52+00:00","breadcrumb":{"@id":"https:\/\/vieassociative.be\/actualites\/le-diable-rouge-dans-le-maillot-des-flammes-rouges-contre-le-pays-de-galles\/#breadcrumb"},"inLanguage":"fr-BE","potentialAction":[{"@type":"ReadAction","target":["https:\/\/vieassociative.be\/actualites\/le-diable-rouge-dans-le-maillot-des-flammes-rouges-contre-le-pays-de-galles\/"]}]},{"@type":"ImageObject","inLanguage":"fr-BE","@id":"https:\/\/vieassociative.be\/actualites\/le-diable-rouge-dans-le-maillot-des-flammes-rouges-contre-le-pays-de-galles\/#primaryimage","url":"https:\/\/vieassociative.be\/actualites\/wp-content\/uploads\/2025\/06\/Le-diable-rouge-dans-le-maillot-des-flammes-rouges-contre.jpg","contentUrl":"https:\/\/vieassociative.be\/actualites\/wp-content\/uploads\/2025\/06\/Le-diable-rouge-dans-le-maillot-des-flammes-rouges-contre.jpg","width":1200,"height":800,"caption":"Le diable rouge dans le maillot des flammes rouges contre le Pays de Galles"},{"@type":"BreadcrumbList","@id":"https:\/\/vieassociative.be\/actualites\/le-diable-rouge-dans-le-maillot-des-flammes-rouges-contre-le-pays-de-galles\/#breadcrumb","itemListElement":[{"@type":"ListItem","position":1,"name":"Accueil","item":"https:\/\/vieassociative.be\/actualites\/"},{"@type":"ListItem","position":2,"name":"Le diable rouge dans le maillot des flammes rouges contre le Pays de Galles"}]},{"@type":"WebSite","@id":"https:\/\/vieassociative.be\/actualites\/#website","url":"https:\/\/vieassociative.be\/actualites\/","name":"Vie Associative","description":"","publisher":{"@id":"https:\/\/vieassociative.be\/actualites\/#organization"},"potentialAction":[{"@type":"SearchAction","target":{"@type":"EntryPoint","urlTemplate":"https:\/\/vieassociative.be\/actualites\/?s={search_term_string}"},"query-input":{"@type":"PropertyValueSpecification","valueRequired":true,"valueName":"search_term_string"}}],"inLanguage":"fr-BE"},{"@type":"Organization","@id":"https:\/\/vieassociative.be\/actualites\/#organization","name":"Vie Associative","url":"https:\/\/vieassociative.be\/actualites\/","logo":{"@type":"ImageObject","inLanguage":"fr-BE","@id":"https:\/\/vieassociative.be\/actualites\/#\/schema\/logo\/image\/","url":"https:\/\/vieassociative.be\/actualites\/wp-content\/uploads\/2024\/09\/cropped-vieassociative_favicon.ico.png","contentUrl":"https:\/\/vieassociative.be\/actualites\/wp-content\/uploads\/2024\/09\/cropped-vieassociative_favicon.ico.png","width":512,"height":512,"caption":"Vie Associative"},"image":{"@id":"https:\/\/vieassociative.be\/actualites\/#\/schema\/logo\/image\/"}},{"@type":"Person","@id":"https:\/\/vieassociative.be\/actualites\/#\/schema\/person\/b87ac4f82f9d4e7b7cec7395b679edc4","name":"Julien","image":{"@type":"ImageObject","inLanguage":"fr-BE","@id":"https:\/\/vieassociative.be\/actualites\/#\/schema\/person\/image\/","url":"https:\/\/vieassociative.be\/actualites\/wp-content\/uploads\/2024\/09\/vie-associative-1-150x150.jpg","contentUrl":"https:\/\/vieassociative.be\/actualites\/wp-content\/uploads\/2024\/09\/vie-associative-1-150x150.jpg","caption":"Julien"},"description":"Je suis Julien, r\u00e9dacteur pour Vie Associative. Passionn\u00e9 par le monde associatif depuis plus de 10 ans, j'ai \u00e0 c\u0153ur de partager des histoires inspirantes et de mettre en lumi\u00e8re les initiatives locales. Mon objectif est de sensibiliser et d'encourager l'engagement communautaire \u00e0 travers mes articles.","sameAs":["https:\/\/vieassociative.be\/"]}]}},"_links":{"self":[{"href":"https:\/\/vieassociative.be\/actualites\/wp-json\/wp\/v2\/posts\/8057"}],"collection":[{"href":"https:\/\/vieassociative.be\/actualites\/wp-json\/wp\/v2\/posts"}],"about":[{"href":"https:\/\/vieassociative.be\/actualites\/wp-json\/wp\/v2\/types\/post"}],"author":[{"embeddable":true,"href":"https:\/\/vieassociative.be\/actualites\/wp-json\/wp\/v2\/users\/1"}],"replies":[{"embeddable":true,"href":"https:\/\/vieassociative.be\/actualites\/wp-json\/wp\/v2\/comments?post=8057"}],"version-history":[{"count":0,"href":"https:\/\/vieassociative.be\/actualites\/wp-json\/wp\/v2\/posts\/8057\/revisions"}],"wp:featuredmedia":[{"embeddable":true,"href":"https:\/\/vieassociative.be\/actualites\/wp-json\/wp\/v2\/media\/8058"}],"wp:attachment":[{"href":"https:\/\/vieassociative.be\/actualites\/wp-json\/wp\/v2\/media?parent=8057"}],"wp:term":[{"taxonomy":"category","embeddable":true,"href":"https:\/\/vieassociative.be\/actualites\/wp-json\/wp\/v2\/categories?post=8057"},{"taxonomy":"post_tag","embeddable":true,"href":"https:\/\/vieassociative.be\/actualites\/wp-json\/wp\/v2\/tags?post=8057"}],"curies":[{"name":"wp","href":"https:\/\/api.w.org\/{rel}","templated":true}]}}