{"id":8055,"date":"2025-06-08T15:17:24","date_gmt":"2025-06-08T13:17:24","guid":{"rendered":"https:\/\/vieassociative.be\/actualites\/que-les-annonces-apple-attendent-de-la-wwdc-2025\/"},"modified":"2025-06-08T15:17:24","modified_gmt":"2025-06-08T13:17:24","slug":"que-les-annonces-apple-attendent-de-la-wwdc-2025","status":"publish","type":"post","link":"https:\/\/vieassociative.be\/actualites\/que-les-annonces-apple-attendent-de-la-wwdc-2025\/","title":{"rendered":"Que les annonces Apple attendent de la WWDC 2025"},"content":{"rendered":"<div class=\"mt-4 leading-6 md:mb-8\">Un nouveau look pour iOS et macOS, ainsi que l&rsquo;am\u00e9lioration de la dur\u00e9e de vie de la batterie.<\/div>\n<p><\/p>\n<p>La conf\u00e9rence annuelle mondiale des d\u00e9veloppeurs d&rsquo;Apple (WWDC) est presque l\u00e0, et vous pouvez vous attendre \u00e0 ce que plusieurs grandes annonces en sortent. Bien que le WWDC 2025 soit un \u00e9v\u00e9nement ax\u00e9 sur les d\u00e9veloppeurs, Apple devrait r\u00e9v\u00e9ler de nouvelles fonctionnalit\u00e9s pour ses syst\u00e8mes d&rsquo;exploitation pour l&rsquo;iPhone, l&rsquo;iPad, le Mac, Apple Watch et d&rsquo;autres appareils, ce qui en fait une montre amusante pour tous ceux qui poss\u00e8dent un appareil Apple. Cela dit, ne vous attendez pas \u00e0 des versions mat\u00e9rielles majeures. Voici tout ce que vous pouvez attendre de la WWDC 2025.<\/p>\n<h2 id=\"when-is-wwdc\">Quand est WWDC?<\/h2>\n<p>La WWDC est pr\u00e9vue du 9 au 13 juin de cette ann\u00e9e, bien que le 9 juin soit la date importante: c&rsquo;est \u00e0 ce moment que Apple accueillera son discours en vedette avec toutes les nouvelles et mises \u00e0 jour que vous attendez. Si vous souhaitez attraper les nouvelles en direct, assurez-vous de vous connecter lorsque Apple lance son \u00e9v\u00e9nement \u00e0 13 h HE (10 h 00 h).<\/p>\n<h2 id=\"new-names-for-all-of-apples-operating-systems\">De nouveaux noms pour tous les syst\u00e8mes d&rsquo;exploitation d&rsquo;Apple<\/h2>\n<p>Selon un rapport de Bloomberg de Mark Gurman, Apple devrait renommer tous ses syst\u00e8mes d&rsquo;exploitation pour s&rsquo;aligner davantage sur l&rsquo;ann\u00e9e civile que leur num\u00e9ro de version r\u00e9el. Cela signifie que le successeur d&rsquo;iOS 18 pourrait finir par \u00eatre iOS 26, vraisemblablement nomm\u00e9 d&rsquo;apr\u00e8s 2026. De m\u00eame, si cette pr\u00e9diction se d\u00e9roule, vous pouvez vous attendre \u00e0 des rebrands similaires pour MacOS 26, Watchos 26, iPados 26, TVOS 26, etc. Il n&rsquo;est pas rare que les logiciels (ou m\u00eame les jeux vid\u00e9o) utilisent l&rsquo;ann\u00e9e \u00e0 venir dans le nom du produit (pensez \u00e0 Windows 95), et il semble qu&rsquo;Apple essaie de simplifier ses conventions de d\u00e9nomination \u00e0 mesure que le nombre de ses syst\u00e8mes d&rsquo;exploitation augmente avec chaque nouvelle cat\u00e9gorie de produit dans laquelle elle entre.<\/p>\n<h2 id=\"ios-19-or-ios-26-and-the-new-glassy-interface\">IOS 19 (ou iOS 26) et la nouvelle interface \u00ab\u00a0vitreuse\u00a0\u00bb<\/h2>\n<p>Parall\u00e8lement \u00e0 de nouveaux noms, la rumeur dit qu&rsquo;Apple r\u00e9organise l&rsquo;apparence de la plupart de ses syst\u00e8mes d&rsquo;exploitation. Ceux-ci incluent \u00e0 la fois iOS 26 et MacOS 26 Tahoe, qui devraient suivre le langage de conception \u00ab\u00a0vitreux\u00a0\u00bb de VisionOS (le syst\u00e8me d&rsquo;exploitation pour le casque Apple Vision Pro). Vous pouvez vous attendre \u00e0 voir des ic\u00f4nes \u00ab\u00a0Squircle\u00a0\u00bb (ic\u00f4nes carr\u00e9es avec des coins arrondis bien en vue), des \u00e9l\u00e9ments de fen\u00eatre translucides et des \u00e9l\u00e9ments 3D. Apple a \u00e9galement r\u00e9v\u00e9l\u00e9 les fonctionnalit\u00e9s d&rsquo;accessibilit\u00e9 \u00e0 ses produits, qui comprend des indices de mouvement des v\u00e9hicules pour le Mac et un nouveau lecteur d&rsquo;accessibilit\u00e9 pour l&rsquo;iPhone. <\/p>\n<p>YouTuber FrontPageTech a \u00e9galement montr\u00e9 ce qui ressemble \u00e0 une application de cam\u00e9ra iOS 26 redessin\u00e9e. Si la fuite s&rsquo;av\u00e8re r\u00e9elle, vous pouvez voir moins d&rsquo;options lorsque vous ouvrez l&rsquo;application de l&rsquo;appareil photo, avec un balayage d\u00e9di\u00e9 au passage entre les photos et les vid\u00e9os. Le taraudage est susceptible de r\u00e9v\u00e9ler plus d&rsquo;options photo et vid\u00e9o, cependant. Pourtant, il est impossible de savoir avec certitude jusqu&rsquo;\u00e0 ce qu&rsquo;Apple le rend officiel.<\/p>\n<h2 id=\"apple-intelligence-updates\">Mises \u00e0 jour d&rsquo;Apple Intelligence<\/h2>\n<p>La fusion de Siri et Apple Intelligence devrait se poursuivre cette ann\u00e9e, bien que personne ne sache quand le formulaire final de l&rsquo;IA sera publi\u00e9. Lorsqu&rsquo;il est sorti, vous pouvez vous attendre \u00e0 une intelligence Apple consciente contextuelle qui est \u00e0 \u00e9galit\u00e9 avec les services d&rsquo;IA concurrents. Cependant, plusieurs fonctionnalit\u00e9s de renseignement d&rsquo;Apple ont \u00e9t\u00e9 report\u00e9es, et il est clair qu&rsquo;Apple joue toujours au rattrapage, vous ne devriez donc pas vous attendre \u00e0 des progr\u00e8s rapides ici jusqu&rsquo;\u00e0 ce que vous voyiez des preuves. Il y a une chance que nous puissions en savoir plus sur les int\u00e9grations d&rsquo;Apple Intelligence avec l&rsquo;application Health, selon un autre rapport Bloomberg.<\/p>\n<h2 id=\"watchos-26\">watchos 26<\/h2>\n<p>Comme iOS, iPados et macOS, Watchos 26 va incorporer ce nouveau design d&rsquo;interface utilisateur \u00ab\u00a0vitreux\u00a0\u00bb. Mais il y a aussi d&rsquo;autres am\u00e9liorations de petite qualit\u00e9 de vie sur le chemin. <\/p>\n<p>Alors que MacRumors s&rsquo;arr\u00eate, WatchOS 26 pr\u00e9sentera de nouveaux faces de montre (ce qui est assez typique pour les mises \u00e0 jour WatchOS), et pourrait \u00e9galement ajouter la prise en charge des carreaux de centre de contr\u00f4le tiers. \u00c0 l&rsquo;heure actuelle, seule Apple peut ajouter des carreaux de centre de contr\u00f4le \u00e0 WatchOS, donc ce serait une commodit\u00e9 suppl\u00e9mentaire en fonction des applications que vous installez sur votre montre. <\/p>\n<h2 id=\"enhanced-battery-life\">Am\u00e9lioration de la dur\u00e9e de vie de la batterie<\/h2>\n<p>Apple aurait pr\u00e9vu d&rsquo;utiliser l&rsquo;IA pour am\u00e9liorer la dur\u00e9e de vie de la batterie de votre iPhone. Le rapport affirme qu&rsquo;un mode de gestion de la batterie aliment\u00e9 par AI analysera la fa\u00e7on dont vous utilisez votre iPhone et effectuez des ajustements pour conserver la dur\u00e9e de vie de la batterie en cons\u00e9quence. Cela semble g\u00e9nial en th\u00e9orie, mais jusqu&rsquo;\u00e0 pr\u00e9sent, j&rsquo;ai vu que l&rsquo;activation de l&rsquo;intelligence d&rsquo;Apple sur mes appareils a entra\u00een\u00e9 une diminution de la dur\u00e9e de vie de la batterie. <\/p>\n<h2 id=\"a-desktop-mode-on-your-iphone\">Un mode de bureau sur votre iPhone<\/h2>\n<p>Une fuite sugg\u00e8re que vous pourriez bient\u00f4t pouvoir connecter votre iPhone \u00e0 des \u00e9crans externes et utiliser l&rsquo;affichage secondaire pour les pr\u00e9sentations, la visualisation du contenu sur un \u00e9cran plus grand ou l&rsquo;\u00e9dition vid\u00e9o. Cela pourrait changer la donne pour certains, en particulier ceux qui utilisent le dex de Samsung. Bien que l&rsquo;iPhone prenne d\u00e9j\u00e0 en charge la miroir via AirPlay, il a beaucoup de limitations. Une connexion c\u00e2bl\u00e9e \u00e0 un affichage plus grand sera th\u00e9oriquement beaucoup moins lame.<\/p>\n<div class=\"pogoClear relative my-10 border-b-(1.5px) border-t-(1.5px) border-dashed border-black py-5 sm:my-14 sm:border-0 sm:py-0\" data-ga-click data-ga-template=\"News\" data-ga-module=\"openweb_widget\" data-ga-element=\"openweb_scroll\" data-ga-item=\"openweb_scroll_midpage\" x-data=\"{\n         commentsCount: null,\n         hasComments: false,\n         async fetchCommentsCount() {\n             try {\n                 if (window.openweb &amp;&amp; typeof window.openweb.getMessagesCount === 'function') {\n                     this.commentsCount = await window.openweb.getMessagesCount('01JWV2T9JNVTQTKDD4NQKQ409H');\n                     this.hasComments = this.commentsCount !== null &amp;&amp; this.commentsCount &gt; 0;\n                 }\n             } catch (e) {\n                 console.warn('Failed to fetch comment count:', e);\n             }\n         }\n     }\" x-init=\"fetchCommentsCount()\" x-cloak><\/p>\n<div class=\"absolute top-1\/2 hidden w-full -translate-y-1\/2 border-t-(1.5px) border-dashed border-black sm:block\"><\/div>\n<div class=\"relative flex justify-center\">\n<div class=\"flex max-w-fit items-center gap-x-3 bg-white px-5\">\n<div class=\"relative\">\n                <span class=\"absolute left-1\/2 top-1\/2 -translate-x-1\/2 -translate-y-1\/2 font-akshar text-sm font-medium text-black\" aria-live=\"polite\" x-show=\"hasComments\" x-text=\"commentsCount\"><\/span><\/p>\n<p>                <svg class=\"h-8 w-8 text-black\" role=\"img\" aria-hidden=\"true\">\n                    <use href=\"http:\/\/lifehacker.com\/images\/icons\/spritemap.svg#sprite-chat-bubble\"><\/use>\n                <\/svg>\n            <\/div>\n<p>            <span class=\"text-sm font-medium text-black\"><\/p>\n<p>                Que pensez-vous jusqu&rsquo;\u00e0 pr\u00e9sent?<br \/>\n                <button class=\"ml-1 font-semibold text-brand-green underline hover:text-brand-green-700\" type=\"button\" aria-label=\"Comment section trigger\" onclick=\"window.openweb.scrollToComments('01JWV2T9JNVTQTKDD4NQKQ409H')\" x-text=\"hasComments ? 'Post a comment.' : 'Be the first to post a comment.'\"><\/button><br \/>\n            <\/span>\n        <\/div>\n<\/p><\/div>\n<\/div>\n<h2 id=\"live-translation-for-airpods\">Traduction en direct pour AirPods<\/h2>\n<p>Les rumeurs sugg\u00e8rent \u00e9galement qu&rsquo;Apple peut annoncer une fonction de traduction en direct pour vos AirPods. Cette fonctionnalit\u00e9 pourrait \u00eatre mise \u00e0 disposition pour l&rsquo;AirPods Pro 2. Pour tous ceux qui se rendent dans diff\u00e9rents pays, cette fonctionnalit\u00e9 pourrait \u00eatre tr\u00e8s utile, alors nous esp\u00e9rons qu&rsquo;elle lance (et qu&rsquo;elle fonctionne bien). <\/p>\n<h2 id=\"your-ipad-might-act-more-like-a-mac\">Votre iPad pourrait agir davantage comme un Mac<\/h2>\n<p>La rumeur veut qu&rsquo;Apple puisse enfin rendre l&rsquo;iPad plus comme un Mac avec iPados 26. La soci\u00e9t\u00e9 n&rsquo;apportera pas MacOS \u00e0 l&rsquo;iPad, attention. Cependant, Gurman affirme que la nouvelle mise \u00e0 jour se concentrera sur \u00ab\u00a0la productivit\u00e9, le multit\u00e2che et la gestion des fen\u00eatres d&rsquo;applications\u00a0\u00bb, qui devraient tous aider l&rsquo;exp\u00e9rience de la tablette \u00e0 ressembler un peu plus \u00e0 une exp\u00e9rience informatique de bureau.<\/p>\n<h2 id=\"apples-gaming-app\">Application de jeu d&rsquo;Apple<\/h2>\n<p>Apple pourrait prendre le jeu un peu plus s\u00e9rieusement en commen\u00e7ant par les mises \u00e0 jour \u00ab\u00a026\u00a0\u00bb. La soci\u00e9t\u00e9 devrait travailler sur une application de jeu d\u00e9di\u00e9e qui remplacera le centre de jeu actuel. Cela signifie que vous trouverez ici les fonctions de jeu existantes, comme les classements et les r\u00e9alisations en jeu, mais \u00e9galement la possibilit\u00e9 de lancer des jeux \u00e9galement.<\/p>\n<p>Apple a une participation dans Gaming avec son abonnement Apple Arcade, mais il ne s&rsquo;est toujours pas engag\u00e9 \u00e0 jouer dans la mani\u00e8re d&rsquo;une mani\u00e8re que d&rsquo;autres grandes entreprises technologiques l&rsquo;ont fait. Cela pourrait \u00eatre un pas dans la bonne direction. <\/p>\n<h2 id=\"vision-pro-upgrades\">Mises \u00e0 niveau de Vision Pro<\/h2>\n<p>Vision Pro n&rsquo;a peut-\u00eatre pas \u00e9t\u00e9 le succ\u00e8s qu&rsquo;Apple voulait qu&rsquo;il soit, mais la soci\u00e9t\u00e9 ne l&rsquo;a pas oubli\u00e9. Selon Gurman, la soci\u00e9t\u00e9 pr\u00e9voit de nouvelles fonctionnalit\u00e9s pour le casque, y compris le d\u00e9filement des yeux (la possibilit\u00e9 de monter et descendre une page avec votre \u0153il) et de prendre en charge les contr\u00f4leurs de main tiers.<\/p>\n<h2 id=\"preview-support-on-ios\">Aper\u00e7u du support sur iOS<\/h2>\n<p>Gurman dit \u00e9galement que l&rsquo;aper\u00e7u, la visionneuse PDF et l&rsquo;outil de balisage de MacOS, arrive sur iOS et iPados. Si cela est vrai, c&rsquo;est une excellente nouvelle pour quiconque consid\u00e8re ou \u00e9dite des documents sur leur iPhone ou iPad, et rapproche ces plates-formes d&rsquo;une v\u00e9ritable exp\u00e9rience informatique de bureau. <\/p>\n","protected":false},"excerpt":{"rendered":"<p>Un nouveau look pour iOS et macOS, ainsi que l&rsquo;am\u00e9lioration de la dur\u00e9e de vie de la batterie. La conf\u00e9rence annuelle mondiale des d\u00e9veloppeurs d&rsquo;Apple<\/p>\n","protected":false},"author":1,"featured_media":8056,"comment_status":"","ping_status":"","sticky":false,"template":"","format":"standard","meta":{"footnotes":""},"categories":[13],"tags":[5918,54,5932,14,7328],"class_list":["post-8055","post","type-post","status-publish","format-standard","has-post-thumbnail","hentry","category-technologie","tag-annonces","tag-apple","tag-attendent","tag-les","tag-wwdc","generate-columns","tablet-grid-50","mobile-grid-100","grid-parent","grid-33"],"yoast_head":"<!-- This site is optimized with the Yoast SEO plugin v24.0 - https:\/\/yoast.com\/wordpress\/plugins\/seo\/ -->\n<title>Que les annonces Apple attendent de la WWDC 2025 | Vie Associative<\/title>\n<meta name=\"robots\" content=\"index, follow, max-snippet:-1, max-image-preview:large, max-video-preview:-1\" \/>\n<link rel=\"canonical\" href=\"https:\/\/vieassociative.be\/actualites\/que-les-annonces-apple-attendent-de-la-wwdc-2025\/\" \/>\n<meta property=\"og:locale\" content=\"fr_FR\" \/>\n<meta property=\"og:type\" content=\"article\" \/>\n<meta property=\"og:title\" content=\"Que les annonces Apple attendent de la WWDC 2025 | Vie Associative\" \/>\n<meta property=\"og:description\" content=\"Un nouveau look pour iOS et macOS, ainsi que l&rsquo;am\u00e9lioration de la dur\u00e9e de vie de la batterie. La conf\u00e9rence annuelle mondiale des d\u00e9veloppeurs d&rsquo;Apple\" \/>\n<meta property=\"og:url\" content=\"https:\/\/vieassociative.be\/actualites\/que-les-annonces-apple-attendent-de-la-wwdc-2025\/\" \/>\n<meta property=\"og:site_name\" content=\"Vie Associative\" \/>\n<meta property=\"article:published_time\" content=\"2025-06-08T13:17:24+00:00\" \/>\n<meta property=\"og:image\" content=\"https:\/\/vieassociative.be\/actualites\/wp-content\/uploads\/2024\/09\/header_backgroundk-01-e1726694325946.png\" \/>\n\t<meta property=\"og:image:width\" content=\"279\" \/>\n\t<meta property=\"og:image:height\" content=\"92\" \/>\n\t<meta property=\"og:image:type\" content=\"image\/png\" \/>\n<meta name=\"author\" content=\"Julien\" \/>\n<meta name=\"twitter:card\" content=\"summary_large_image\" \/>\n<meta name=\"twitter:label1\" content=\"\u00c9crit par\" \/>\n\t<meta name=\"twitter:data1\" content=\"Julien\" \/>\n\t<meta name=\"twitter:label2\" content=\"Dur\u00e9e de lecture est.\" \/>\n\t<meta name=\"twitter:data2\" content=\"7 minutes\" \/>\n<script type=\"application\/ld+json\" class=\"yoast-schema-graph\">{\"@context\":\"https:\/\/schema.org\",\"@graph\":[{\"@type\":\"Article\",\"@id\":\"https:\/\/vieassociative.be\/actualites\/que-les-annonces-apple-attendent-de-la-wwdc-2025\/#article\",\"isPartOf\":{\"@id\":\"https:\/\/vieassociative.be\/actualites\/que-les-annonces-apple-attendent-de-la-wwdc-2025\/\"},\"author\":{\"name\":\"Julien\",\"@id\":\"https:\/\/vieassociative.be\/actualites\/#\/schema\/person\/b87ac4f82f9d4e7b7cec7395b679edc4\"},\"headline\":\"Que les annonces Apple attendent de la WWDC 2025\",\"datePublished\":\"2025-06-08T13:17:24+00:00\",\"dateModified\":\"2025-06-08T13:17:24+00:00\",\"mainEntityOfPage\":{\"@id\":\"https:\/\/vieassociative.be\/actualites\/que-les-annonces-apple-attendent-de-la-wwdc-2025\/\"},\"wordCount\":1390,\"publisher\":{\"@id\":\"https:\/\/vieassociative.be\/actualites\/#organization\"},\"image\":{\"@id\":\"https:\/\/vieassociative.be\/actualites\/que-les-annonces-apple-attendent-de-la-wwdc-2025\/#primaryimage\"},\"thumbnailUrl\":\"https:\/\/vieassociative.be\/actualites\/wp-content\/uploads\/2025\/06\/Que-les-annonces-Apple-attendent-de-la-WWDC-2025.jpg\",\"keywords\":[\"annonces\",\"Apple\",\"attendent\",\"Les\",\"WWDC\"],\"articleSection\":[\"Technologie\"],\"inLanguage\":\"fr-BE\"},{\"@type\":\"WebPage\",\"@id\":\"https:\/\/vieassociative.be\/actualites\/que-les-annonces-apple-attendent-de-la-wwdc-2025\/\",\"url\":\"https:\/\/vieassociative.be\/actualites\/que-les-annonces-apple-attendent-de-la-wwdc-2025\/\",\"name\":\"Que les annonces Apple attendent de la WWDC 2025 | Vie Associative\",\"isPartOf\":{\"@id\":\"https:\/\/vieassociative.be\/actualites\/#website\"},\"primaryImageOfPage\":{\"@id\":\"https:\/\/vieassociative.be\/actualites\/que-les-annonces-apple-attendent-de-la-wwdc-2025\/#primaryimage\"},\"image\":{\"@id\":\"https:\/\/vieassociative.be\/actualites\/que-les-annonces-apple-attendent-de-la-wwdc-2025\/#primaryimage\"},\"thumbnailUrl\":\"https:\/\/vieassociative.be\/actualites\/wp-content\/uploads\/2025\/06\/Que-les-annonces-Apple-attendent-de-la-WWDC-2025.jpg\",\"datePublished\":\"2025-06-08T13:17:24+00:00\",\"dateModified\":\"2025-06-08T13:17:24+00:00\",\"breadcrumb\":{\"@id\":\"https:\/\/vieassociative.be\/actualites\/que-les-annonces-apple-attendent-de-la-wwdc-2025\/#breadcrumb\"},\"inLanguage\":\"fr-BE\",\"potentialAction\":[{\"@type\":\"ReadAction\",\"target\":[\"https:\/\/vieassociative.be\/actualites\/que-les-annonces-apple-attendent-de-la-wwdc-2025\/\"]}]},{\"@type\":\"ImageObject\",\"inLanguage\":\"fr-BE\",\"@id\":\"https:\/\/vieassociative.be\/actualites\/que-les-annonces-apple-attendent-de-la-wwdc-2025\/#primaryimage\",\"url\":\"https:\/\/vieassociative.be\/actualites\/wp-content\/uploads\/2025\/06\/Que-les-annonces-Apple-attendent-de-la-WWDC-2025.jpg\",\"contentUrl\":\"https:\/\/vieassociative.be\/actualites\/wp-content\/uploads\/2025\/06\/Que-les-annonces-Apple-attendent-de-la-WWDC-2025.jpg\",\"width\":1200,\"height\":675,\"caption\":\"Que les annonces Apple attendent de la WWDC 2025\"},{\"@type\":\"BreadcrumbList\",\"@id\":\"https:\/\/vieassociative.be\/actualites\/que-les-annonces-apple-attendent-de-la-wwdc-2025\/#breadcrumb\",\"itemListElement\":[{\"@type\":\"ListItem\",\"position\":1,\"name\":\"Accueil\",\"item\":\"https:\/\/vieassociative.be\/actualites\/\"},{\"@type\":\"ListItem\",\"position\":2,\"name\":\"Que les annonces Apple attendent de la WWDC 2025\"}]},{\"@type\":\"WebSite\",\"@id\":\"https:\/\/vieassociative.be\/actualites\/#website\",\"url\":\"https:\/\/vieassociative.be\/actualites\/\",\"name\":\"Vie Associative\",\"description\":\"\",\"publisher\":{\"@id\":\"https:\/\/vieassociative.be\/actualites\/#organization\"},\"potentialAction\":[{\"@type\":\"SearchAction\",\"target\":{\"@type\":\"EntryPoint\",\"urlTemplate\":\"https:\/\/vieassociative.be\/actualites\/?s={search_term_string}\"},\"query-input\":{\"@type\":\"PropertyValueSpecification\",\"valueRequired\":true,\"valueName\":\"search_term_string\"}}],\"inLanguage\":\"fr-BE\"},{\"@type\":\"Organization\",\"@id\":\"https:\/\/vieassociative.be\/actualites\/#organization\",\"name\":\"Vie Associative\",\"url\":\"https:\/\/vieassociative.be\/actualites\/\",\"logo\":{\"@type\":\"ImageObject\",\"inLanguage\":\"fr-BE\",\"@id\":\"https:\/\/vieassociative.be\/actualites\/#\/schema\/logo\/image\/\",\"url\":\"https:\/\/vieassociative.be\/actualites\/wp-content\/uploads\/2024\/09\/cropped-vieassociative_favicon.ico.png\",\"contentUrl\":\"https:\/\/vieassociative.be\/actualites\/wp-content\/uploads\/2024\/09\/cropped-vieassociative_favicon.ico.png\",\"width\":512,\"height\":512,\"caption\":\"Vie Associative\"},\"image\":{\"@id\":\"https:\/\/vieassociative.be\/actualites\/#\/schema\/logo\/image\/\"}},{\"@type\":\"Person\",\"@id\":\"https:\/\/vieassociative.be\/actualites\/#\/schema\/person\/b87ac4f82f9d4e7b7cec7395b679edc4\",\"name\":\"Julien\",\"image\":{\"@type\":\"ImageObject\",\"inLanguage\":\"fr-BE\",\"@id\":\"https:\/\/vieassociative.be\/actualites\/#\/schema\/person\/image\/\",\"url\":\"https:\/\/vieassociative.be\/actualites\/wp-content\/uploads\/2024\/09\/vie-associative-1-150x150.jpg\",\"contentUrl\":\"https:\/\/vieassociative.be\/actualites\/wp-content\/uploads\/2024\/09\/vie-associative-1-150x150.jpg\",\"caption\":\"Julien\"},\"description\":\"Je suis Julien, r\u00e9dacteur pour Vie Associative. Passionn\u00e9 par le monde associatif depuis plus de 10 ans, j'ai \u00e0 c\u0153ur de partager des histoires inspirantes et de mettre en lumi\u00e8re les initiatives locales. Mon objectif est de sensibiliser et d'encourager l'engagement communautaire \u00e0 travers mes articles.\",\"sameAs\":[\"https:\/\/vieassociative.be\/\"]}]}<\/script>\n<!-- \/ Yoast SEO plugin. -->","yoast_head_json":{"title":"Que les annonces Apple attendent de la WWDC 2025 | Vie Associative","robots":{"index":"index","follow":"follow","max-snippet":"max-snippet:-1","max-image-preview":"max-image-preview:large","max-video-preview":"max-video-preview:-1"},"canonical":"https:\/\/vieassociative.be\/actualites\/que-les-annonces-apple-attendent-de-la-wwdc-2025\/","og_locale":"fr_FR","og_type":"article","og_title":"Que les annonces Apple attendent de la WWDC 2025 | Vie Associative","og_description":"Un nouveau look pour iOS et macOS, ainsi que l&rsquo;am\u00e9lioration de la dur\u00e9e de vie de la batterie. La conf\u00e9rence annuelle mondiale des d\u00e9veloppeurs d&rsquo;Apple","og_url":"https:\/\/vieassociative.be\/actualites\/que-les-annonces-apple-attendent-de-la-wwdc-2025\/","og_site_name":"Vie Associative","article_published_time":"2025-06-08T13:17:24+00:00","og_image":[{"width":279,"height":92,"url":"https:\/\/vieassociative.be\/actualites\/wp-content\/uploads\/2024\/09\/header_backgroundk-01-e1726694325946.png","type":"image\/png"}],"author":"Julien","twitter_card":"summary_large_image","twitter_misc":{"\u00c9crit par":"Julien","Dur\u00e9e de lecture est.":"7 minutes"},"schema":{"@context":"https:\/\/schema.org","@graph":[{"@type":"Article","@id":"https:\/\/vieassociative.be\/actualites\/que-les-annonces-apple-attendent-de-la-wwdc-2025\/#article","isPartOf":{"@id":"https:\/\/vieassociative.be\/actualites\/que-les-annonces-apple-attendent-de-la-wwdc-2025\/"},"author":{"name":"Julien","@id":"https:\/\/vieassociative.be\/actualites\/#\/schema\/person\/b87ac4f82f9d4e7b7cec7395b679edc4"},"headline":"Que les annonces Apple attendent de la WWDC 2025","datePublished":"2025-06-08T13:17:24+00:00","dateModified":"2025-06-08T13:17:24+00:00","mainEntityOfPage":{"@id":"https:\/\/vieassociative.be\/actualites\/que-les-annonces-apple-attendent-de-la-wwdc-2025\/"},"wordCount":1390,"publisher":{"@id":"https:\/\/vieassociative.be\/actualites\/#organization"},"image":{"@id":"https:\/\/vieassociative.be\/actualites\/que-les-annonces-apple-attendent-de-la-wwdc-2025\/#primaryimage"},"thumbnailUrl":"https:\/\/vieassociative.be\/actualites\/wp-content\/uploads\/2025\/06\/Que-les-annonces-Apple-attendent-de-la-WWDC-2025.jpg","keywords":["annonces","Apple","attendent","Les","WWDC"],"articleSection":["Technologie"],"inLanguage":"fr-BE"},{"@type":"WebPage","@id":"https:\/\/vieassociative.be\/actualites\/que-les-annonces-apple-attendent-de-la-wwdc-2025\/","url":"https:\/\/vieassociative.be\/actualites\/que-les-annonces-apple-attendent-de-la-wwdc-2025\/","name":"Que les annonces Apple attendent de la WWDC 2025 | Vie Associative","isPartOf":{"@id":"https:\/\/vieassociative.be\/actualites\/#website"},"primaryImageOfPage":{"@id":"https:\/\/vieassociative.be\/actualites\/que-les-annonces-apple-attendent-de-la-wwdc-2025\/#primaryimage"},"image":{"@id":"https:\/\/vieassociative.be\/actualites\/que-les-annonces-apple-attendent-de-la-wwdc-2025\/#primaryimage"},"thumbnailUrl":"https:\/\/vieassociative.be\/actualites\/wp-content\/uploads\/2025\/06\/Que-les-annonces-Apple-attendent-de-la-WWDC-2025.jpg","datePublished":"2025-06-08T13:17:24+00:00","dateModified":"2025-06-08T13:17:24+00:00","breadcrumb":{"@id":"https:\/\/vieassociative.be\/actualites\/que-les-annonces-apple-attendent-de-la-wwdc-2025\/#breadcrumb"},"inLanguage":"fr-BE","potentialAction":[{"@type":"ReadAction","target":["https:\/\/vieassociative.be\/actualites\/que-les-annonces-apple-attendent-de-la-wwdc-2025\/"]}]},{"@type":"ImageObject","inLanguage":"fr-BE","@id":"https:\/\/vieassociative.be\/actualites\/que-les-annonces-apple-attendent-de-la-wwdc-2025\/#primaryimage","url":"https:\/\/vieassociative.be\/actualites\/wp-content\/uploads\/2025\/06\/Que-les-annonces-Apple-attendent-de-la-WWDC-2025.jpg","contentUrl":"https:\/\/vieassociative.be\/actualites\/wp-content\/uploads\/2025\/06\/Que-les-annonces-Apple-attendent-de-la-WWDC-2025.jpg","width":1200,"height":675,"caption":"Que les annonces Apple attendent de la WWDC 2025"},{"@type":"BreadcrumbList","@id":"https:\/\/vieassociative.be\/actualites\/que-les-annonces-apple-attendent-de-la-wwdc-2025\/#breadcrumb","itemListElement":[{"@type":"ListItem","position":1,"name":"Accueil","item":"https:\/\/vieassociative.be\/actualites\/"},{"@type":"ListItem","position":2,"name":"Que les annonces Apple attendent de la WWDC 2025"}]},{"@type":"WebSite","@id":"https:\/\/vieassociative.be\/actualites\/#website","url":"https:\/\/vieassociative.be\/actualites\/","name":"Vie Associative","description":"","publisher":{"@id":"https:\/\/vieassociative.be\/actualites\/#organization"},"potentialAction":[{"@type":"SearchAction","target":{"@type":"EntryPoint","urlTemplate":"https:\/\/vieassociative.be\/actualites\/?s={search_term_string}"},"query-input":{"@type":"PropertyValueSpecification","valueRequired":true,"valueName":"search_term_string"}}],"inLanguage":"fr-BE"},{"@type":"Organization","@id":"https:\/\/vieassociative.be\/actualites\/#organization","name":"Vie Associative","url":"https:\/\/vieassociative.be\/actualites\/","logo":{"@type":"ImageObject","inLanguage":"fr-BE","@id":"https:\/\/vieassociative.be\/actualites\/#\/schema\/logo\/image\/","url":"https:\/\/vieassociative.be\/actualites\/wp-content\/uploads\/2024\/09\/cropped-vieassociative_favicon.ico.png","contentUrl":"https:\/\/vieassociative.be\/actualites\/wp-content\/uploads\/2024\/09\/cropped-vieassociative_favicon.ico.png","width":512,"height":512,"caption":"Vie Associative"},"image":{"@id":"https:\/\/vieassociative.be\/actualites\/#\/schema\/logo\/image\/"}},{"@type":"Person","@id":"https:\/\/vieassociative.be\/actualites\/#\/schema\/person\/b87ac4f82f9d4e7b7cec7395b679edc4","name":"Julien","image":{"@type":"ImageObject","inLanguage":"fr-BE","@id":"https:\/\/vieassociative.be\/actualites\/#\/schema\/person\/image\/","url":"https:\/\/vieassociative.be\/actualites\/wp-content\/uploads\/2024\/09\/vie-associative-1-150x150.jpg","contentUrl":"https:\/\/vieassociative.be\/actualites\/wp-content\/uploads\/2024\/09\/vie-associative-1-150x150.jpg","caption":"Julien"},"description":"Je suis Julien, r\u00e9dacteur pour Vie Associative. Passionn\u00e9 par le monde associatif depuis plus de 10 ans, j'ai \u00e0 c\u0153ur de partager des histoires inspirantes et de mettre en lumi\u00e8re les initiatives locales. Mon objectif est de sensibiliser et d'encourager l'engagement communautaire \u00e0 travers mes articles.","sameAs":["https:\/\/vieassociative.be\/"]}]}},"_links":{"self":[{"href":"https:\/\/vieassociative.be\/actualites\/wp-json\/wp\/v2\/posts\/8055"}],"collection":[{"href":"https:\/\/vieassociative.be\/actualites\/wp-json\/wp\/v2\/posts"}],"about":[{"href":"https:\/\/vieassociative.be\/actualites\/wp-json\/wp\/v2\/types\/post"}],"author":[{"embeddable":true,"href":"https:\/\/vieassociative.be\/actualites\/wp-json\/wp\/v2\/users\/1"}],"replies":[{"embeddable":true,"href":"https:\/\/vieassociative.be\/actualites\/wp-json\/wp\/v2\/comments?post=8055"}],"version-history":[{"count":0,"href":"https:\/\/vieassociative.be\/actualites\/wp-json\/wp\/v2\/posts\/8055\/revisions"}],"wp:featuredmedia":[{"embeddable":true,"href":"https:\/\/vieassociative.be\/actualites\/wp-json\/wp\/v2\/media\/8056"}],"wp:attachment":[{"href":"https:\/\/vieassociative.be\/actualites\/wp-json\/wp\/v2\/media?parent=8055"}],"wp:term":[{"taxonomy":"category","embeddable":true,"href":"https:\/\/vieassociative.be\/actualites\/wp-json\/wp\/v2\/categories?post=8055"},{"taxonomy":"post_tag","embeddable":true,"href":"https:\/\/vieassociative.be\/actualites\/wp-json\/wp\/v2\/tags?post=8055"}],"curies":[{"name":"wp","href":"https:\/\/api.w.org\/{rel}","templated":true}]}}