{"id":8044,"date":"2025-06-07T19:17:27","date_gmt":"2025-06-07T17:17:27","guid":{"rendered":"https:\/\/vieassociative.be\/actualites\/quatre-choses-que-jaurais-aime-savoir-avant-de-mentrainer-avec-le-garmin-forerunner-265\/"},"modified":"2025-06-07T19:17:27","modified_gmt":"2025-06-07T17:17:27","slug":"quatre-choses-que-jaurais-aime-savoir-avant-de-mentrainer-avec-le-garmin-forerunner-265","status":"publish","type":"post","link":"https:\/\/vieassociative.be\/actualites\/quatre-choses-que-jaurais-aime-savoir-avant-de-mentrainer-avec-le-garmin-forerunner-265\/","title":{"rendered":"Quatre choses que j&rsquo;aurais aim\u00e9 savoir avant de m&rsquo;entra\u00eener avec le Garmin Forerunner 265"},"content":{"rendered":"<div class=\"mt-4 leading-6 md:mb-8\">Y compris pourquoi je ne mettrai jamais ma confiance dans les s\u00e9ances d&rsquo;entra\u00eenement sugg\u00e9r\u00e9es quotidiennes.<\/div>\n<p><\/p>\n<p>Le pr\u00e9curseur de Garmin 265 a \u00e9t\u00e9 la premi\u00e8re montre de course moderne avec laquelle je passais beaucoup de temps &#8211; vous pouvez lire mon avis ici sur la fa\u00e7on dont cela m&rsquo;a pouss\u00e9 \u00e0 suivre toutes mes donn\u00e9es de course, pour le meilleur ou pour le pire. Mais il y a des choses qui, avec le recul, j&rsquo;aurais aim\u00e9 comprendre mieux au d\u00e9but du voyage. Voici les plus grandes que vous aimeriez conna\u00eetre.<\/p>\n<h2 id=\"why-it-has-so-many-dang-buttons\">Pourquoi il a tant de boutons Dang<\/h2>\n<p>Les 265 (et autres pr\u00e9curseurs r\u00e9cents) semblent avoir trop de boutons. De quoi avons-nous besoin <em>cinq<\/em> Parmi eux pour, quand nous faisons la plupart des choses de l&rsquo;\u00e9cran tactile de toute fa\u00e7on? La ligne vivoactive de Garmin s&rsquo;en tire avec seulement deux, tout comme le Coros Pace 3 et Pace Pro, qui ont toutes les m\u00eames fonctions principales que les 265. <\/p>\n<p>Mais d\u00e8s que j&rsquo;ai vu la g\u00e9n\u00e9ration pr\u00e9c\u00e9dente &#8211; le pr\u00e9curseur 255 &#8211; je l&rsquo;ai compris. Le 265 se tient sur les \u00e9paules des g\u00e9ants, car la s\u00e9rie Forersner 2xx a longtemps \u00e9t\u00e9 aim\u00e9e par les coureurs &#8211; avant le 265 \u00e9tait le 255, et avant le 245, et avant cela le 235. (Rappelez-vous quand Strava a rapport\u00e9 que le 235, alors une montre de huit ans, \u00e9tait la montre de course la plus populaire dans le monde entier?) <\/p>\n<p>Le 255 et ses anc\u00eatres n&rsquo;avaient pas d&rsquo;\u00e9cran tactile, et ils n&rsquo;avaient pas non plus de d\u00e9monstrations. Ils ont utilis\u00e9 un bouton \u00abLight\u00bb en haut \u00e0 gauche pour allumer le r\u00e9tro-\u00e9clairage afin que vous puissiez lire l&rsquo;\u00e9cran dans l&rsquo;obscurit\u00e9, et deux boutons en dessous (\u00abup\u00bb et \u00abvers le bas\u00bb) pour faire d\u00e9filer les options de menu. Et une fois que vous avez cinq boutons, pourquoi ne pas les utiliser pour plus? Une longue appuyant sur le bouton Light soul\u00e8ve maintenant un menu de raccourci, une appuye longue sur le bouton \u00abUp\u00bb soul\u00e8ve des param\u00e8tres et une longue appuyant sur le bouton inf\u00e9rieur peut faire appara\u00eetre vos commandes musicales. <\/p>\n<p>Une fois que vous savez \u00e0 quoi les boutons sont utilis\u00e9s &#8211; ou attribuez vos propres raccourcis, ce que vous pouvez faire dans les param\u00e8tres &#8211; ils sont assez pratiques.<\/p>\n<h2 id=\"why-it-thinks-i-need-so-much-recovery-time\">Pourquoi il pense que j&rsquo;ai besoin de tant de temps de \u00abr\u00e9cup\u00e9ration\u00bb<\/h2>\n<p>Apr\u00e8s chaque s\u00e9ance d&rsquo;entra\u00eenement, les 265 (et de nombreux autres Garmins) vous diront combien d&rsquo;heures de r\u00e9cup\u00e9ration dont il pense avoir besoin. Cela donne l&rsquo;impression que vous devriez vous reposer jusqu&rsquo;\u00e0 ce que le temps soit \u00e9coul\u00e9 &#8211; donc si j&rsquo;ai un temps de r\u00e9cup\u00e9ration 24h \/ 24, je devrais attendre demain mon prochain entra\u00eenement. A du sens, car j&rsquo;allais probablement le faire de toute fa\u00e7on. <\/p>\n<p>Mais parfois, apr\u00e8s un effort dur, la montre me donnera un temps de r\u00e9cup\u00e9ration de 78 heures, par exemple,. Je ne suis vraiment pas cens\u00e9 courir \u00e0 nouveau aussi longtemps? Pas m\u00eame une course facile? <\/p>\n<p>Ce n&rsquo;est pas ce que cela signifie, bien s\u00fbr. Comme l&rsquo;explique Garmin, le temps de r\u00e9cup\u00e9ration est le temps jusqu&rsquo;\u00e0 ce que vous <em>b\u00e9n\u00e9ficiera au maximum<\/em> de l&rsquo;autre <em>tout aussi durcissement<\/em>. Donc, si je faisais une heure d&rsquo;intervalles de piste brutaux, je n&rsquo;obtiendrai pas beaucoup de b\u00e9n\u00e9fices de la m\u00eame s\u00e9ance d&rsquo;entra\u00eenement demain. je <em>pourrait<\/em> Allez-y et faites une course facile demain et planifiez une autre session de piste dans quelques jours. <\/p>\n<p>En d&rsquo;autres termes, le temps de \u00abr\u00e9cup\u00e9ration\u00bb est de savoir combien de temps vous devez attendre avant de faire un autre entra\u00eenement tr\u00e8s dur, pas avant que vous puissiez vous entra\u00eener du tout.<\/p>\n<h2 id=\"the-daily-suggested-workouts-should-only-be-taken-as-suggestions\">Les s\u00e9ances d&rsquo;entra\u00eenement sugg\u00e9r\u00e9es quotidiennes ne doivent \u00eatre prises que comme suggestions<\/h2>\n<p>Les s\u00e9ances d&rsquo;entra\u00eenement sugg\u00e9r\u00e9es quotidiennes sont une grande caract\u00e9ristique du pr\u00e9curseur 265 et de plusieurs autres montres Garmin. DSW, comme je les appelle, je vis sur la montre et ne peut pas \u00eatre accessible directement \u00e0 partir de l&rsquo;application Garmin Connect, du moins en th\u00e9orie. <\/p>\n<p>Il existe une fonctionnalit\u00e9 \u00abGarmin Coach\u00bb que vous pouvez mettre en place dans l&rsquo;application, qui fonctionne de la m\u00eame mani\u00e8re que le DSW, vous offrant une s\u00e9ance d&rsquo;entra\u00eenement chaque jour en fonction de ce dont il pense avoir besoin. Les facteurs qui vont dans ce domaine incluent votre r\u00e9tablissement et les courses que vous avez sur votre calendrier. <\/p>\n<div class=\"pogoClear relative my-10 border-b-(1.5px) border-t-(1.5px) border-dashed border-black py-5 sm:my-14 sm:border-0 sm:py-0\" data-ga-click data-ga-template=\"Explainers\" data-ga-module=\"openweb_widget\" data-ga-element=\"openweb_scroll\" data-ga-item=\"openweb_scroll_midpage\" x-data=\"{\n         commentsCount: null,\n         hasComments: false,\n         async fetchCommentsCount() {\n             try {\n                 if (window.openweb &amp;&amp; typeof window.openweb.getMessagesCount === 'function') {\n                     this.commentsCount = await window.openweb.getMessagesCount('01JX3BGFCEJDMMY2BH921CN3HM');\n                     this.hasComments = this.commentsCount !== null &amp;&amp; this.commentsCount &gt; 0;\n                 }\n             } catch (e) {\n                 console.warn('Failed to fetch comment count:', e);\n             }\n         }\n     }\" x-init=\"fetchCommentsCount()\" x-cloak><\/p>\n<div class=\"absolute top-1\/2 hidden w-full -translate-y-1\/2 border-t-(1.5px) border-dashed border-black sm:block\"><\/div>\n<div class=\"relative flex justify-center\">\n<div class=\"flex max-w-fit items-center gap-x-3 bg-white px-5\">\n<div class=\"relative\">\n                <span class=\"absolute left-1\/2 top-1\/2 -translate-x-1\/2 -translate-y-1\/2 font-akshar text-sm font-medium text-black\" aria-live=\"polite\" x-show=\"hasComments\" x-text=\"commentsCount\"><\/span><\/p>\n<p>                <svg class=\"h-8 w-8 text-black\" role=\"img\" aria-hidden=\"true\">\n                    <use href=\"http:\/\/lifehacker.com\/images\/icons\/spritemap.svg#sprite-chat-bubble\"><\/use>\n                <\/svg>\n            <\/div>\n<p>            <span class=\"text-sm font-medium text-black\"><\/p>\n<p>                Que pensez-vous jusqu&rsquo;\u00e0 pr\u00e9sent?<br \/>\n                <button class=\"ml-1 font-semibold text-brand-green underline hover:text-brand-green-700\" type=\"button\" aria-label=\"Comment section trigger\" onclick=\"window.openweb.scrollToComments('01JX3BGFCEJDMMY2BH921CN3HM')\" x-text=\"hasComments ? 'Post a comment.' : 'Be the first to post a comment.'\"><\/button><br \/>\n            <\/span>\n        <\/div>\n<\/p><\/div>\n<\/div>\n<p>J&rsquo;adore le DSW quand je ne sais pas ce que la course faire un jour donn\u00e9, ou si je sais que je veux un certain type d&rsquo;entra\u00eenement mais je ne veux pas avoir \u00e0 le concevoir moi-m\u00eame. Mais je ne les suive pas servilement, pour deux raisons. <\/p>\n<p>La premi\u00e8re est que vous ne pouvez pas planifier DSW. Vous pourriez voir que demain est une course de sept milles, mais ensuite vous vous r\u00e9veillez pour constater qu&rsquo;il a \u00e9t\u00e9 pass\u00e9 \u00e0 une course de r\u00e9cup\u00e9ration de deux milles parce que vous n&rsquo;avez pas si bien dormi. Ces jours-ci, allez-y de toute fa\u00e7on, et ne vous inqui\u00e9tez pas de ce que dit Garmin. Ou pr\u00e9visualiser les prochains entra\u00eenements (sous <strong>Entra\u00eenement<\/strong> > <strong>S\u00e9ances d&rsquo;entra\u00eenement<\/strong> > <strong>Suggestions quotidiennes<\/strong>) et choisir un futur entra\u00eenement qui vous parle. <\/p>\n<p>L&rsquo;autre probl\u00e8me est que, sans planification \u00e0 long terme, vous ne savez pas si le DSW vous pr\u00e9parera pour la course pour laquelle vous vous entra\u00eenez. Les forums et les subreddits Garmin sont pleins de personnes qui se rapprochent de leur date de marathon et n&rsquo;ont pas encore eu de longues courses. Toi <em>besoin<\/em> Le kilom\u00e9trage est pr\u00eat pour une course \u00e0 longue distance, \u00e0 la fois en termes de longues courses et de votre charge de travail hebdomadaire totale. <\/p>\n<p>Si vous souhaitez utiliser des s\u00e9ances d&rsquo;entra\u00eenement Garmin pour vous entra\u00eener pour une longue course, faites-vous une faveur et prenez un plan de marathon \u00e9prouv\u00e9, comme l&rsquo;un d&rsquo;eux de Hal Higdon. Assurez-vous d&rsquo;obtenir une quantit\u00e9 similaire de kilom\u00e9trage chaque semaine, que votre Garmin vous le dise ou non.<\/p>\n<h2 id=\"you-can-download-some-pretty-sweet-watch-faces\">Vous pouvez t\u00e9l\u00e9charger des visages de montre assez doux<\/h2>\n<p>Je ne sais pas pourquoi j&rsquo;ai pass\u00e9 si longtemps \u00e0 utiliser les visages de la montre d&rsquo;origine, m\u00eame si je les ai trouv\u00e9s un peu ennuyeux. Le 265 n&rsquo;a pas autant d&rsquo;options de couleurs pour eux que les montres ult\u00e9rieures comme le 570, il n&rsquo;y a donc qu&rsquo;une poign\u00e9e de designs et une poign\u00e9e d&rsquo;options de couleurs (principalement n\u00e9on) \u00e0 choisir. <\/p>\n<p>Mais si vous \u00eates pr\u00eat \u00e0 vous aventurer dans le magasin Connect IQ, vous avez plus d&rsquo;options. Cela semble un peu sommaire si vous achetez un visage de montre &#8211; le paiement n&rsquo;est pas g\u00e9r\u00e9 directement via la plate-forme, mais il y a de vrais joyaux l\u00e0-dedans, y compris certains qui sont fabriqu\u00e9s par Garmin et certains qui sont gratuits ou qui ont une version gratuite. Autour de No\u00ebl, je suis all\u00e9 pour cette couronne de fromage, et mon pr\u00e9f\u00e9r\u00e9 de tous les jours est Big Easy avec le th\u00e8me bleu. C&rsquo;est celui que vous pouvez voir sur la photo ci-dessus, et contrairement \u00e0 la plupart des visages tiers, il peut montrer toutes mes complications pr\u00e9f\u00e9r\u00e9es, y compris le kilom\u00e9trage hebdomadaire de course, que j&rsquo;ai en bas.<\/p>\n","protected":false},"excerpt":{"rendered":"<p>Y compris pourquoi je ne mettrai jamais ma confiance dans les s\u00e9ances d&rsquo;entra\u00eenement sugg\u00e9r\u00e9es quotidiennes. Le pr\u00e9curseur de Garmin 265 a \u00e9t\u00e9 la premi\u00e8re montre<\/p>\n","protected":false},"author":1,"featured_media":8045,"comment_status":"","ping_status":"","sticky":false,"template":"","format":"standard","meta":{"footnotes":""},"categories":[38],"tags":[727,142,61,93,6754,3685,726,7326,1435,183],"class_list":["post-8044","post","type-post","status-publish","format-standard","has-post-thumbnail","hentry","category-sante","tag-aime","tag-avant","tag-avec","tag-choses","tag-forerunner","tag-garmin","tag-jaurais","tag-mentrainer","tag-quatre","tag-savoir","generate-columns","tablet-grid-50","mobile-grid-100","grid-parent","grid-33"],"yoast_head":"<!-- This site is optimized with the Yoast SEO plugin v24.0 - https:\/\/yoast.com\/wordpress\/plugins\/seo\/ -->\n<title>Quatre choses que j&#039;aurais aim\u00e9 savoir avant de m&#039;entra\u00eener avec le Garmin Forerunner 265 | Vie Associative<\/title>\n<meta name=\"robots\" content=\"index, follow, max-snippet:-1, max-image-preview:large, max-video-preview:-1\" \/>\n<link rel=\"canonical\" href=\"https:\/\/vieassociative.be\/actualites\/quatre-choses-que-jaurais-aime-savoir-avant-de-mentrainer-avec-le-garmin-forerunner-265\/\" \/>\n<meta property=\"og:locale\" content=\"fr_FR\" \/>\n<meta property=\"og:type\" content=\"article\" \/>\n<meta property=\"og:title\" content=\"Quatre choses que j&#039;aurais aim\u00e9 savoir avant de m&#039;entra\u00eener avec le Garmin Forerunner 265 | Vie Associative\" \/>\n<meta property=\"og:description\" content=\"Y compris pourquoi je ne mettrai jamais ma confiance dans les s\u00e9ances d&rsquo;entra\u00eenement sugg\u00e9r\u00e9es quotidiennes. Le pr\u00e9curseur de Garmin 265 a \u00e9t\u00e9 la premi\u00e8re montre\" \/>\n<meta property=\"og:url\" content=\"https:\/\/vieassociative.be\/actualites\/quatre-choses-que-jaurais-aime-savoir-avant-de-mentrainer-avec-le-garmin-forerunner-265\/\" \/>\n<meta property=\"og:site_name\" content=\"Vie Associative\" \/>\n<meta property=\"article:published_time\" content=\"2025-06-07T17:17:27+00:00\" \/>\n<meta property=\"og:image\" content=\"https:\/\/vieassociative.be\/actualites\/wp-content\/uploads\/2024\/09\/header_backgroundk-01-e1726694325946.png\" \/>\n\t<meta property=\"og:image:width\" content=\"279\" \/>\n\t<meta property=\"og:image:height\" content=\"92\" \/>\n\t<meta property=\"og:image:type\" content=\"image\/png\" \/>\n<meta name=\"author\" content=\"Julien\" \/>\n<meta name=\"twitter:card\" content=\"summary_large_image\" \/>\n<meta name=\"twitter:label1\" content=\"\u00c9crit par\" \/>\n\t<meta name=\"twitter:data1\" content=\"Julien\" \/>\n\t<meta name=\"twitter:label2\" content=\"Dur\u00e9e de lecture est.\" \/>\n\t<meta name=\"twitter:data2\" content=\"6 minutes\" \/>\n<script type=\"application\/ld+json\" class=\"yoast-schema-graph\">{\"@context\":\"https:\/\/schema.org\",\"@graph\":[{\"@type\":\"Article\",\"@id\":\"https:\/\/vieassociative.be\/actualites\/quatre-choses-que-jaurais-aime-savoir-avant-de-mentrainer-avec-le-garmin-forerunner-265\/#article\",\"isPartOf\":{\"@id\":\"https:\/\/vieassociative.be\/actualites\/quatre-choses-que-jaurais-aime-savoir-avant-de-mentrainer-avec-le-garmin-forerunner-265\/\"},\"author\":{\"name\":\"Julien\",\"@id\":\"https:\/\/vieassociative.be\/actualites\/#\/schema\/person\/b87ac4f82f9d4e7b7cec7395b679edc4\"},\"headline\":\"Quatre choses que j&rsquo;aurais aim\u00e9 savoir avant de m&rsquo;entra\u00eener avec le Garmin Forerunner 265\",\"datePublished\":\"2025-06-07T17:17:27+00:00\",\"dateModified\":\"2025-06-07T17:17:27+00:00\",\"mainEntityOfPage\":{\"@id\":\"https:\/\/vieassociative.be\/actualites\/quatre-choses-que-jaurais-aime-savoir-avant-de-mentrainer-avec-le-garmin-forerunner-265\/\"},\"wordCount\":1326,\"publisher\":{\"@id\":\"https:\/\/vieassociative.be\/actualites\/#organization\"},\"image\":{\"@id\":\"https:\/\/vieassociative.be\/actualites\/quatre-choses-que-jaurais-aime-savoir-avant-de-mentrainer-avec-le-garmin-forerunner-265\/#primaryimage\"},\"thumbnailUrl\":\"https:\/\/vieassociative.be\/actualites\/wp-content\/uploads\/2025\/06\/Quatre-choses-que-jaurais-aime-savoir-avant-de-mentrainer-avec.jpg\",\"keywords\":[\"aim\u00e9\",\"avant\",\"avec\",\"choses\",\"Forerunner\",\"Garmin\",\"jaurais\",\"mentra\u00eener\",\"Quatre\",\"savoir\"],\"articleSection\":[\"Sant\u00e9\"],\"inLanguage\":\"fr-BE\"},{\"@type\":\"WebPage\",\"@id\":\"https:\/\/vieassociative.be\/actualites\/quatre-choses-que-jaurais-aime-savoir-avant-de-mentrainer-avec-le-garmin-forerunner-265\/\",\"url\":\"https:\/\/vieassociative.be\/actualites\/quatre-choses-que-jaurais-aime-savoir-avant-de-mentrainer-avec-le-garmin-forerunner-265\/\",\"name\":\"Quatre choses que j'aurais aim\u00e9 savoir avant de m'entra\u00eener avec le Garmin Forerunner 265 | Vie Associative\",\"isPartOf\":{\"@id\":\"https:\/\/vieassociative.be\/actualites\/#website\"},\"primaryImageOfPage\":{\"@id\":\"https:\/\/vieassociative.be\/actualites\/quatre-choses-que-jaurais-aime-savoir-avant-de-mentrainer-avec-le-garmin-forerunner-265\/#primaryimage\"},\"image\":{\"@id\":\"https:\/\/vieassociative.be\/actualites\/quatre-choses-que-jaurais-aime-savoir-avant-de-mentrainer-avec-le-garmin-forerunner-265\/#primaryimage\"},\"thumbnailUrl\":\"https:\/\/vieassociative.be\/actualites\/wp-content\/uploads\/2025\/06\/Quatre-choses-que-jaurais-aime-savoir-avant-de-mentrainer-avec.jpg\",\"datePublished\":\"2025-06-07T17:17:27+00:00\",\"dateModified\":\"2025-06-07T17:17:27+00:00\",\"breadcrumb\":{\"@id\":\"https:\/\/vieassociative.be\/actualites\/quatre-choses-que-jaurais-aime-savoir-avant-de-mentrainer-avec-le-garmin-forerunner-265\/#breadcrumb\"},\"inLanguage\":\"fr-BE\",\"potentialAction\":[{\"@type\":\"ReadAction\",\"target\":[\"https:\/\/vieassociative.be\/actualites\/quatre-choses-que-jaurais-aime-savoir-avant-de-mentrainer-avec-le-garmin-forerunner-265\/\"]}]},{\"@type\":\"ImageObject\",\"inLanguage\":\"fr-BE\",\"@id\":\"https:\/\/vieassociative.be\/actualites\/quatre-choses-que-jaurais-aime-savoir-avant-de-mentrainer-avec-le-garmin-forerunner-265\/#primaryimage\",\"url\":\"https:\/\/vieassociative.be\/actualites\/wp-content\/uploads\/2025\/06\/Quatre-choses-que-jaurais-aime-savoir-avant-de-mentrainer-avec.jpg\",\"contentUrl\":\"https:\/\/vieassociative.be\/actualites\/wp-content\/uploads\/2025\/06\/Quatre-choses-que-jaurais-aime-savoir-avant-de-mentrainer-avec.jpg\",\"width\":1200,\"height\":675,\"caption\":\"Quatre choses que j'aurais aim\u00e9 savoir avant de m'entra\u00eener avec le Garmin Forerunner 265\"},{\"@type\":\"BreadcrumbList\",\"@id\":\"https:\/\/vieassociative.be\/actualites\/quatre-choses-que-jaurais-aime-savoir-avant-de-mentrainer-avec-le-garmin-forerunner-265\/#breadcrumb\",\"itemListElement\":[{\"@type\":\"ListItem\",\"position\":1,\"name\":\"Accueil\",\"item\":\"https:\/\/vieassociative.be\/actualites\/\"},{\"@type\":\"ListItem\",\"position\":2,\"name\":\"Quatre choses que j&rsquo;aurais aim\u00e9 savoir avant de m&rsquo;entra\u00eener avec le Garmin Forerunner 265\"}]},{\"@type\":\"WebSite\",\"@id\":\"https:\/\/vieassociative.be\/actualites\/#website\",\"url\":\"https:\/\/vieassociative.be\/actualites\/\",\"name\":\"Vie Associative\",\"description\":\"\",\"publisher\":{\"@id\":\"https:\/\/vieassociative.be\/actualites\/#organization\"},\"potentialAction\":[{\"@type\":\"SearchAction\",\"target\":{\"@type\":\"EntryPoint\",\"urlTemplate\":\"https:\/\/vieassociative.be\/actualites\/?s={search_term_string}\"},\"query-input\":{\"@type\":\"PropertyValueSpecification\",\"valueRequired\":true,\"valueName\":\"search_term_string\"}}],\"inLanguage\":\"fr-BE\"},{\"@type\":\"Organization\",\"@id\":\"https:\/\/vieassociative.be\/actualites\/#organization\",\"name\":\"Vie Associative\",\"url\":\"https:\/\/vieassociative.be\/actualites\/\",\"logo\":{\"@type\":\"ImageObject\",\"inLanguage\":\"fr-BE\",\"@id\":\"https:\/\/vieassociative.be\/actualites\/#\/schema\/logo\/image\/\",\"url\":\"https:\/\/vieassociative.be\/actualites\/wp-content\/uploads\/2024\/09\/cropped-vieassociative_favicon.ico.png\",\"contentUrl\":\"https:\/\/vieassociative.be\/actualites\/wp-content\/uploads\/2024\/09\/cropped-vieassociative_favicon.ico.png\",\"width\":512,\"height\":512,\"caption\":\"Vie Associative\"},\"image\":{\"@id\":\"https:\/\/vieassociative.be\/actualites\/#\/schema\/logo\/image\/\"}},{\"@type\":\"Person\",\"@id\":\"https:\/\/vieassociative.be\/actualites\/#\/schema\/person\/b87ac4f82f9d4e7b7cec7395b679edc4\",\"name\":\"Julien\",\"image\":{\"@type\":\"ImageObject\",\"inLanguage\":\"fr-BE\",\"@id\":\"https:\/\/vieassociative.be\/actualites\/#\/schema\/person\/image\/\",\"url\":\"https:\/\/vieassociative.be\/actualites\/wp-content\/uploads\/2024\/09\/vie-associative-1-150x150.jpg\",\"contentUrl\":\"https:\/\/vieassociative.be\/actualites\/wp-content\/uploads\/2024\/09\/vie-associative-1-150x150.jpg\",\"caption\":\"Julien\"},\"description\":\"Je suis Julien, r\u00e9dacteur pour Vie Associative. Passionn\u00e9 par le monde associatif depuis plus de 10 ans, j'ai \u00e0 c\u0153ur de partager des histoires inspirantes et de mettre en lumi\u00e8re les initiatives locales. Mon objectif est de sensibiliser et d'encourager l'engagement communautaire \u00e0 travers mes articles.\",\"sameAs\":[\"https:\/\/vieassociative.be\/\"]}]}<\/script>\n<!-- \/ Yoast SEO plugin. -->","yoast_head_json":{"title":"Quatre choses que j'aurais aim\u00e9 savoir avant de m'entra\u00eener avec le Garmin Forerunner 265 | Vie Associative","robots":{"index":"index","follow":"follow","max-snippet":"max-snippet:-1","max-image-preview":"max-image-preview:large","max-video-preview":"max-video-preview:-1"},"canonical":"https:\/\/vieassociative.be\/actualites\/quatre-choses-que-jaurais-aime-savoir-avant-de-mentrainer-avec-le-garmin-forerunner-265\/","og_locale":"fr_FR","og_type":"article","og_title":"Quatre choses que j'aurais aim\u00e9 savoir avant de m'entra\u00eener avec le Garmin Forerunner 265 | Vie Associative","og_description":"Y compris pourquoi je ne mettrai jamais ma confiance dans les s\u00e9ances d&rsquo;entra\u00eenement sugg\u00e9r\u00e9es quotidiennes. Le pr\u00e9curseur de Garmin 265 a \u00e9t\u00e9 la premi\u00e8re montre","og_url":"https:\/\/vieassociative.be\/actualites\/quatre-choses-que-jaurais-aime-savoir-avant-de-mentrainer-avec-le-garmin-forerunner-265\/","og_site_name":"Vie Associative","article_published_time":"2025-06-07T17:17:27+00:00","og_image":[{"width":279,"height":92,"url":"https:\/\/vieassociative.be\/actualites\/wp-content\/uploads\/2024\/09\/header_backgroundk-01-e1726694325946.png","type":"image\/png"}],"author":"Julien","twitter_card":"summary_large_image","twitter_misc":{"\u00c9crit par":"Julien","Dur\u00e9e de lecture est.":"6 minutes"},"schema":{"@context":"https:\/\/schema.org","@graph":[{"@type":"Article","@id":"https:\/\/vieassociative.be\/actualites\/quatre-choses-que-jaurais-aime-savoir-avant-de-mentrainer-avec-le-garmin-forerunner-265\/#article","isPartOf":{"@id":"https:\/\/vieassociative.be\/actualites\/quatre-choses-que-jaurais-aime-savoir-avant-de-mentrainer-avec-le-garmin-forerunner-265\/"},"author":{"name":"Julien","@id":"https:\/\/vieassociative.be\/actualites\/#\/schema\/person\/b87ac4f82f9d4e7b7cec7395b679edc4"},"headline":"Quatre choses que j&rsquo;aurais aim\u00e9 savoir avant de m&rsquo;entra\u00eener avec le Garmin Forerunner 265","datePublished":"2025-06-07T17:17:27+00:00","dateModified":"2025-06-07T17:17:27+00:00","mainEntityOfPage":{"@id":"https:\/\/vieassociative.be\/actualites\/quatre-choses-que-jaurais-aime-savoir-avant-de-mentrainer-avec-le-garmin-forerunner-265\/"},"wordCount":1326,"publisher":{"@id":"https:\/\/vieassociative.be\/actualites\/#organization"},"image":{"@id":"https:\/\/vieassociative.be\/actualites\/quatre-choses-que-jaurais-aime-savoir-avant-de-mentrainer-avec-le-garmin-forerunner-265\/#primaryimage"},"thumbnailUrl":"https:\/\/vieassociative.be\/actualites\/wp-content\/uploads\/2025\/06\/Quatre-choses-que-jaurais-aime-savoir-avant-de-mentrainer-avec.jpg","keywords":["aim\u00e9","avant","avec","choses","Forerunner","Garmin","jaurais","mentra\u00eener","Quatre","savoir"],"articleSection":["Sant\u00e9"],"inLanguage":"fr-BE"},{"@type":"WebPage","@id":"https:\/\/vieassociative.be\/actualites\/quatre-choses-que-jaurais-aime-savoir-avant-de-mentrainer-avec-le-garmin-forerunner-265\/","url":"https:\/\/vieassociative.be\/actualites\/quatre-choses-que-jaurais-aime-savoir-avant-de-mentrainer-avec-le-garmin-forerunner-265\/","name":"Quatre choses que j'aurais aim\u00e9 savoir avant de m'entra\u00eener avec le Garmin Forerunner 265 | Vie Associative","isPartOf":{"@id":"https:\/\/vieassociative.be\/actualites\/#website"},"primaryImageOfPage":{"@id":"https:\/\/vieassociative.be\/actualites\/quatre-choses-que-jaurais-aime-savoir-avant-de-mentrainer-avec-le-garmin-forerunner-265\/#primaryimage"},"image":{"@id":"https:\/\/vieassociative.be\/actualites\/quatre-choses-que-jaurais-aime-savoir-avant-de-mentrainer-avec-le-garmin-forerunner-265\/#primaryimage"},"thumbnailUrl":"https:\/\/vieassociative.be\/actualites\/wp-content\/uploads\/2025\/06\/Quatre-choses-que-jaurais-aime-savoir-avant-de-mentrainer-avec.jpg","datePublished":"2025-06-07T17:17:27+00:00","dateModified":"2025-06-07T17:17:27+00:00","breadcrumb":{"@id":"https:\/\/vieassociative.be\/actualites\/quatre-choses-que-jaurais-aime-savoir-avant-de-mentrainer-avec-le-garmin-forerunner-265\/#breadcrumb"},"inLanguage":"fr-BE","potentialAction":[{"@type":"ReadAction","target":["https:\/\/vieassociative.be\/actualites\/quatre-choses-que-jaurais-aime-savoir-avant-de-mentrainer-avec-le-garmin-forerunner-265\/"]}]},{"@type":"ImageObject","inLanguage":"fr-BE","@id":"https:\/\/vieassociative.be\/actualites\/quatre-choses-que-jaurais-aime-savoir-avant-de-mentrainer-avec-le-garmin-forerunner-265\/#primaryimage","url":"https:\/\/vieassociative.be\/actualites\/wp-content\/uploads\/2025\/06\/Quatre-choses-que-jaurais-aime-savoir-avant-de-mentrainer-avec.jpg","contentUrl":"https:\/\/vieassociative.be\/actualites\/wp-content\/uploads\/2025\/06\/Quatre-choses-que-jaurais-aime-savoir-avant-de-mentrainer-avec.jpg","width":1200,"height":675,"caption":"Quatre choses que j'aurais aim\u00e9 savoir avant de m'entra\u00eener avec le Garmin Forerunner 265"},{"@type":"BreadcrumbList","@id":"https:\/\/vieassociative.be\/actualites\/quatre-choses-que-jaurais-aime-savoir-avant-de-mentrainer-avec-le-garmin-forerunner-265\/#breadcrumb","itemListElement":[{"@type":"ListItem","position":1,"name":"Accueil","item":"https:\/\/vieassociative.be\/actualites\/"},{"@type":"ListItem","position":2,"name":"Quatre choses que j&rsquo;aurais aim\u00e9 savoir avant de m&rsquo;entra\u00eener avec le Garmin Forerunner 265"}]},{"@type":"WebSite","@id":"https:\/\/vieassociative.be\/actualites\/#website","url":"https:\/\/vieassociative.be\/actualites\/","name":"Vie Associative","description":"","publisher":{"@id":"https:\/\/vieassociative.be\/actualites\/#organization"},"potentialAction":[{"@type":"SearchAction","target":{"@type":"EntryPoint","urlTemplate":"https:\/\/vieassociative.be\/actualites\/?s={search_term_string}"},"query-input":{"@type":"PropertyValueSpecification","valueRequired":true,"valueName":"search_term_string"}}],"inLanguage":"fr-BE"},{"@type":"Organization","@id":"https:\/\/vieassociative.be\/actualites\/#organization","name":"Vie Associative","url":"https:\/\/vieassociative.be\/actualites\/","logo":{"@type":"ImageObject","inLanguage":"fr-BE","@id":"https:\/\/vieassociative.be\/actualites\/#\/schema\/logo\/image\/","url":"https:\/\/vieassociative.be\/actualites\/wp-content\/uploads\/2024\/09\/cropped-vieassociative_favicon.ico.png","contentUrl":"https:\/\/vieassociative.be\/actualites\/wp-content\/uploads\/2024\/09\/cropped-vieassociative_favicon.ico.png","width":512,"height":512,"caption":"Vie Associative"},"image":{"@id":"https:\/\/vieassociative.be\/actualites\/#\/schema\/logo\/image\/"}},{"@type":"Person","@id":"https:\/\/vieassociative.be\/actualites\/#\/schema\/person\/b87ac4f82f9d4e7b7cec7395b679edc4","name":"Julien","image":{"@type":"ImageObject","inLanguage":"fr-BE","@id":"https:\/\/vieassociative.be\/actualites\/#\/schema\/person\/image\/","url":"https:\/\/vieassociative.be\/actualites\/wp-content\/uploads\/2024\/09\/vie-associative-1-150x150.jpg","contentUrl":"https:\/\/vieassociative.be\/actualites\/wp-content\/uploads\/2024\/09\/vie-associative-1-150x150.jpg","caption":"Julien"},"description":"Je suis Julien, r\u00e9dacteur pour Vie Associative. Passionn\u00e9 par le monde associatif depuis plus de 10 ans, j'ai \u00e0 c\u0153ur de partager des histoires inspirantes et de mettre en lumi\u00e8re les initiatives locales. Mon objectif est de sensibiliser et d'encourager l'engagement communautaire \u00e0 travers mes articles.","sameAs":["https:\/\/vieassociative.be\/"]}]}},"_links":{"self":[{"href":"https:\/\/vieassociative.be\/actualites\/wp-json\/wp\/v2\/posts\/8044"}],"collection":[{"href":"https:\/\/vieassociative.be\/actualites\/wp-json\/wp\/v2\/posts"}],"about":[{"href":"https:\/\/vieassociative.be\/actualites\/wp-json\/wp\/v2\/types\/post"}],"author":[{"embeddable":true,"href":"https:\/\/vieassociative.be\/actualites\/wp-json\/wp\/v2\/users\/1"}],"replies":[{"embeddable":true,"href":"https:\/\/vieassociative.be\/actualites\/wp-json\/wp\/v2\/comments?post=8044"}],"version-history":[{"count":0,"href":"https:\/\/vieassociative.be\/actualites\/wp-json\/wp\/v2\/posts\/8044\/revisions"}],"wp:featuredmedia":[{"embeddable":true,"href":"https:\/\/vieassociative.be\/actualites\/wp-json\/wp\/v2\/media\/8045"}],"wp:attachment":[{"href":"https:\/\/vieassociative.be\/actualites\/wp-json\/wp\/v2\/media?parent=8044"}],"wp:term":[{"taxonomy":"category","embeddable":true,"href":"https:\/\/vieassociative.be\/actualites\/wp-json\/wp\/v2\/categories?post=8044"},{"taxonomy":"post_tag","embeddable":true,"href":"https:\/\/vieassociative.be\/actualites\/wp-json\/wp\/v2\/tags?post=8044"}],"curies":[{"name":"wp","href":"https:\/\/api.w.org\/{rel}","templated":true}]}}