{"id":8042,"date":"2025-06-07T16:18:12","date_gmt":"2025-06-07T14:18:12","guid":{"rendered":"https:\/\/vieassociative.be\/actualites\/la-durabilite-marche-dans-la-ville-deupen-cera-goodwalk-sarrete-dans-la-dg-pour-la-premiere-fois\/"},"modified":"2025-06-07T16:18:12","modified_gmt":"2025-06-07T14:18:12","slug":"la-durabilite-marche-dans-la-ville-deupen-cera-goodwalk-sarrete-dans-la-dg-pour-la-premiere-fois","status":"publish","type":"post","link":"https:\/\/vieassociative.be\/actualites\/la-durabilite-marche-dans-la-ville-deupen-cera-goodwalk-sarrete-dans-la-dg-pour-la-premiere-fois\/","title":{"rendered":"La durabilit\u00e9 marche dans la ville d&rsquo;Eupen: Cera Goodwalk s&rsquo;arr\u00eate dans la DG pour la premi\u00e8re fois"},"content":{"rendered":"<p><strong>Souvent, m\u00eame les Eupeners ne sont pas conscients de ce que leur ville a \u00e0 offrir. Le 2 novembre 2025, le Cera Goodwalk donne aux parties int\u00e9ress\u00e9es la possibilit\u00e9 de red\u00e9couvrir Eupen sur des promenades inspirantes et divertissantes.<\/strong><\/p>\n<p><span id=\"more-417197\"><\/span>Le Cera Goodwalk a lieu depuis 10 ans. Chaque ann\u00e9e, vous pouvez explorer une ville de Wallonie et de Flandre.<\/p>\n<p>Depuis le d\u00e9but de 2015, ce sont les villes de Bruges, Louvain-La-Neuve, Mechelen, Mons, Genk, Namur, Saint-Gilles, Kortrijk, Hasselt, Gand, L\u00f6wen et Antwerp.<\/p>\n<div id=\"attachment_417209\" class=\"wp-caption alignleft\" style=\"max-width: 231px\"><img fetchpriority=\"high\" decoding=\"async\" class=\"wp-image-417209 size-medium\" src=\"https:\/\/vieassociative.be\/actualites\/wp-content\/uploads\/2025\/06\/La-durabilite-marche-dans-la-ville-dEupen-Cera-Goodwalk-sarrete.jpg\" alt=\"\" width=\"231\" height=\"300\"  ><\/p>\n<p class=\"wp-caption-text\">L&rsquo;itin\u00e9raire via EUPEN (cliquez sur la carte d&rsquo;\u00e9largissement).<\/p>\n<\/div>\n<p>L&rsquo;ann\u00e9e derni\u00e8re, Eupen a postul\u00e9 pour le Conseil du marketing municipal et a obtenu le contrat. Cette ann\u00e9e, le Cera Goodwalk aura lieu pour la premi\u00e8re fois dans la communaut\u00e9 allemande \u00e0 la p\u00e9riode du 23 mai au 2 novembre. En plus d&rsquo;Eupen, l&rsquo;\u00e9lection est \u00e9galement tomb\u00e9e sur Sint-Niklaas (Flandre oriental) cette ann\u00e9e.<\/p>\n<p>Goodplanet Belgium est une organisation qui existe depuis plus de 25 ans et s&rsquo;engage \u00e0 rendre le premier pas vers la durabilit\u00e9 facile et accessible \u00e0 tous.<\/p>\n<p>Les Cera Goodwalks sont d\u00e9velopp\u00e9s par les entra\u00eeneurs de durabilit\u00e9 de Goodplanet. Chaque itin\u00e9raire se concentre sur des projets qui occupent des aspects \u00e9cologiques, sociaux ou \u00e9conomiques de la durabilit\u00e9 &#8211; des jardins de l\u00e9gumes urbains aux entreprises commerciales et vertes responsables \u00e0 la vie transversale et \u00e0 la LNITIC coop\u00e9rative.<\/p>\n<p>En plus de l&rsquo;engagement durable, il y a aussi des promenades: patrimoine culturel, particularit\u00e9s architecturales, b\u00e2timents historiques et coins cach\u00e9s de la ville &#8230; en passant, l&rsquo;\u00e9conomie locale est renforc\u00e9e &#8211; et tout cela dans une atmosph\u00e8re retenue et chaleureuse.<\/p>\n<div id=\"attachment_417212\" class=\"wp-caption alignleft\" style=\"max-width: 300px\"><img decoding=\"async\" class=\"wp-image-417212 size-medium\" src=\"https:\/\/vieassociative.be\/actualites\/wp-content\/uploads\/2025\/06\/1749305891_609_La-durabilite-marche-dans-la-ville-dEupen-Cera-Goodwalk-sarrete.jpg\" alt=\"\" width=\"300\" height=\"199\"  ><\/p>\n<p class=\"wp-caption-text\">Alain Brock, directeur g\u00e9n\u00e9ral du Council for City Marketing (RSM), lors de la pr\u00e9sentation du Cera Goodwalk \u00e0 l&rsquo;h\u00f4tel de ville d&rsquo;Eupen. Photo: Helmut Koch<\/p>\n<\/div>\n<p>Les promenades sont accompagn\u00e9es d&rsquo;un manuel pratique. Cela contient une carte, la description de l&rsquo;itin\u00e9raire et les informations g\u00e9n\u00e9rales sur les projets en cours de route.<\/p>\n<p>15 Les probl\u00e8mes de recherche devraient vous inviter \u00e0 d\u00e9couvrir la ville de mani\u00e8re ludique et aux yeux ouverts. Si vous r\u00e9pondez correctement aux questions, vous pouvez gagner des prix durables. Il y a aussi une photo de Schnitzel pour les enfants.<\/p>\n<p>La visite durable de la ville commence \u00e0 la gare d&rsquo;Eupen et conduit les visiteurs et les touristes \u00e0 travers la ville sup\u00e9rieure de mus\u00e9es, des sites touristiques et des coins cach\u00e9s, \u00e0 travers de petites ruelles et nos parcs via Moorh\u00f6he jusqu&rsquo;\u00e0 la ville inf\u00e9rieure.<\/p>\n<p>Apr\u00e8s avoir explor\u00e9 la ville inf\u00e9rieure avec Temsepark, Weser et Scheiblerplatz, vous retournez \u00e0 la gare via Ibern et Clown. Le long du parcours, le randonneur apprend les projets durables et sociaux de la Fondation CERA et de la ville d&rsquo;Eupen.<\/p>\n<p>L&rsquo;itin\u00e9raire de 7,5 km a \u00e9t\u00e9 d\u00e9velopp\u00e9 en coop\u00e9ration avec Alexandra Hilgers \u00e0 partir du service environnemental de la ville d&rsquo;Eupen. Les brochures sont disponibles dans les informations touristiques dans les trois langues nationales. L&rsquo;itin\u00e9raire est \u00e9galement sur le site Web <u>www.eupenlives.be<\/u> disponible. (Cre)<\/p>\n<p><em><strong>Voici quelques photos du photographe Helmut Koch de la pr\u00e9sentation du Cera Goodwalk dans la mairie d&rsquo;Eupen (cliquez pour l&rsquo;\u00e9largissement):<\/strong><\/em><\/p>\n<div class=\"wp-gallery row\">\n<figure class=\"column small-6 medium-3 end\"><img decoding=\"async\" src=\"https:\/\/vieassociative.be\/actualites\/wp-content\/uploads\/2025\/06\/1749305891_630_La-durabilite-marche-dans-la-ville-dEupen-Cera-Goodwalk-sarrete.jpg\" width=\"159\" height=\"159\" alt=\"\"><\/figure>\n<figure class=\"column small-6 medium-3 end\"><img loading=\"lazy\" decoding=\"async\" src=\"https:\/\/vieassociative.be\/actualites\/wp-content\/uploads\/2025\/06\/1749305891_95_La-durabilite-marche-dans-la-ville-dEupen-Cera-Goodwalk-sarrete.jpg\" width=\"159\" height=\"159\" alt=\"\"><\/figure>\n<figure class=\"column small-6 medium-3 end\"><img loading=\"lazy\" decoding=\"async\" src=\"https:\/\/vieassociative.be\/actualites\/wp-content\/uploads\/2025\/06\/1749305891_811_La-durabilite-marche-dans-la-ville-dEupen-Cera-Goodwalk-sarrete.jpg\" width=\"159\" height=\"159\" alt=\"\"><\/figure>\n<figure class=\"column small-6 medium-3 end\"><img loading=\"lazy\" decoding=\"async\" src=\"https:\/\/vieassociative.be\/actualites\/wp-content\/uploads\/2025\/06\/1749305891_353_La-durabilite-marche-dans-la-ville-dEupen-Cera-Goodwalk-sarrete.jpg\" width=\"159\" height=\"159\" alt=\"\"><\/figure>\n<figure class=\"column small-6 medium-3 end\"><img loading=\"lazy\" decoding=\"async\" src=\"https:\/\/vieassociative.be\/actualites\/wp-content\/uploads\/2025\/06\/1749305891_533_La-durabilite-marche-dans-la-ville-dEupen-Cera-Goodwalk-sarrete.jpg\" width=\"159\" height=\"159\" alt=\"\"><\/figure>\n<figure class=\"column small-6 medium-3 end\"><img loading=\"lazy\" decoding=\"async\" src=\"https:\/\/vieassociative.be\/actualites\/wp-content\/uploads\/2025\/06\/1749305891_881_La-durabilite-marche-dans-la-ville-dEupen-Cera-Goodwalk-sarrete.jpg\" width=\"159\" height=\"159\" alt=\"\"><\/figure>\n<figure class=\"column small-6 medium-3 end\"><img loading=\"lazy\" decoding=\"async\" src=\"https:\/\/vieassociative.be\/actualites\/wp-content\/uploads\/2025\/06\/1749305892_455_La-durabilite-marche-dans-la-ville-dEupen-Cera-Goodwalk-sarrete.jpg\" width=\"159\" height=\"159\" alt=\"\"><\/figure>\n<figure class=\"column small-6 medium-3 end\"><img loading=\"lazy\" decoding=\"async\" src=\"https:\/\/vieassociative.be\/actualites\/wp-content\/uploads\/2025\/06\/1749305892_560_La-durabilite-marche-dans-la-ville-dEupen-Cera-Goodwalk-sarrete.jpg\" width=\"159\" height=\"159\" alt=\"\"><\/figure>\n<\/div>\n","protected":false},"excerpt":{"rendered":"<p>Souvent, m\u00eame les Eupeners ne sont pas conscients de ce que leur ville a \u00e0 offrir. Le 2 novembre 2025, le Cera Goodwalk donne aux<\/p>\n","protected":false},"author":1,"featured_media":8043,"comment_status":"","ping_status":"","sticky":false,"template":"","format":"standard","meta":{"footnotes":""},"categories":[298],"tags":[7323,166,2403,7322,774,7324,1523,81,610,7325,684],"class_list":["post-8042","post","type-post","status-publish","format-standard","has-post-thumbnail","hentry","category-belgique","tag-cera","tag-dans","tag-deupen","tag-durabilite","tag-fois","tag-goodwalk","tag-marche","tag-pour","tag-premiere","tag-sarrete","tag-ville","generate-columns","tablet-grid-50","mobile-grid-100","grid-parent","grid-33"],"yoast_head":"<!-- This site is optimized with the Yoast SEO plugin v24.0 - https:\/\/yoast.com\/wordpress\/plugins\/seo\/ -->\n<title>La durabilit\u00e9 marche dans la ville d&#039;Eupen: Cera Goodwalk s&#039;arr\u00eate dans la DG pour la premi\u00e8re fois | Vie Associative<\/title>\n<meta name=\"robots\" content=\"index, follow, max-snippet:-1, max-image-preview:large, max-video-preview:-1\" \/>\n<link rel=\"canonical\" href=\"https:\/\/vieassociative.be\/actualites\/la-durabilite-marche-dans-la-ville-deupen-cera-goodwalk-sarrete-dans-la-dg-pour-la-premiere-fois\/\" \/>\n<meta property=\"og:locale\" content=\"fr_FR\" \/>\n<meta property=\"og:type\" content=\"article\" \/>\n<meta property=\"og:title\" content=\"La durabilit\u00e9 marche dans la ville d&#039;Eupen: Cera Goodwalk s&#039;arr\u00eate dans la DG pour la premi\u00e8re fois | Vie Associative\" \/>\n<meta property=\"og:description\" content=\"Souvent, m\u00eame les Eupeners ne sont pas conscients de ce que leur ville a \u00e0 offrir. Le 2 novembre 2025, le Cera Goodwalk donne aux\" \/>\n<meta property=\"og:url\" content=\"https:\/\/vieassociative.be\/actualites\/la-durabilite-marche-dans-la-ville-deupen-cera-goodwalk-sarrete-dans-la-dg-pour-la-premiere-fois\/\" \/>\n<meta property=\"og:site_name\" content=\"Vie Associative\" \/>\n<meta property=\"article:published_time\" content=\"2025-06-07T14:18:12+00:00\" \/>\n<meta property=\"og:image\" content=\"https:\/\/vieassociative.be\/actualites\/wp-content\/uploads\/2024\/09\/header_backgroundk-01-e1726694325946.png\" \/>\n\t<meta property=\"og:image:width\" content=\"279\" \/>\n\t<meta property=\"og:image:height\" content=\"92\" \/>\n\t<meta property=\"og:image:type\" content=\"image\/png\" \/>\n<meta name=\"author\" content=\"Julien\" \/>\n<meta name=\"twitter:card\" content=\"summary_large_image\" \/>\n<meta name=\"twitter:label1\" content=\"\u00c9crit par\" \/>\n\t<meta name=\"twitter:data1\" content=\"Julien\" \/>\n\t<meta name=\"twitter:label2\" content=\"Dur\u00e9e de lecture est.\" \/>\n\t<meta name=\"twitter:data2\" content=\"3 minutes\" \/>\n<script type=\"application\/ld+json\" class=\"yoast-schema-graph\">{\"@context\":\"https:\/\/schema.org\",\"@graph\":[{\"@type\":\"Article\",\"@id\":\"https:\/\/vieassociative.be\/actualites\/la-durabilite-marche-dans-la-ville-deupen-cera-goodwalk-sarrete-dans-la-dg-pour-la-premiere-fois\/#article\",\"isPartOf\":{\"@id\":\"https:\/\/vieassociative.be\/actualites\/la-durabilite-marche-dans-la-ville-deupen-cera-goodwalk-sarrete-dans-la-dg-pour-la-premiere-fois\/\"},\"author\":{\"name\":\"Julien\",\"@id\":\"https:\/\/vieassociative.be\/actualites\/#\/schema\/person\/b87ac4f82f9d4e7b7cec7395b679edc4\"},\"headline\":\"La durabilit\u00e9 marche dans la ville d&rsquo;Eupen: Cera Goodwalk s&rsquo;arr\u00eate dans la DG pour la premi\u00e8re fois\",\"datePublished\":\"2025-06-07T14:18:12+00:00\",\"dateModified\":\"2025-06-07T14:18:12+00:00\",\"mainEntityOfPage\":{\"@id\":\"https:\/\/vieassociative.be\/actualites\/la-durabilite-marche-dans-la-ville-deupen-cera-goodwalk-sarrete-dans-la-dg-pour-la-premiere-fois\/\"},\"wordCount\":573,\"publisher\":{\"@id\":\"https:\/\/vieassociative.be\/actualites\/#organization\"},\"image\":{\"@id\":\"https:\/\/vieassociative.be\/actualites\/la-durabilite-marche-dans-la-ville-deupen-cera-goodwalk-sarrete-dans-la-dg-pour-la-premiere-fois\/#primaryimage\"},\"thumbnailUrl\":\"https:\/\/vieassociative.be\/actualites\/wp-content\/uploads\/2025\/06\/1749305892_La-durabilite-marche-dans-la-ville-dEupen-Cera-Goodwalk-sarrete.jpg\",\"keywords\":[\"Cera\",\"dans\",\"dEupen\",\"durabilit\u00e9\",\"fois\",\"Goodwalk\",\"march\u00e9\",\"pour\",\"premi\u00e8re\",\"sarr\u00eate\",\"ville\"],\"articleSection\":[\"Belgique\"],\"inLanguage\":\"fr-BE\"},{\"@type\":\"WebPage\",\"@id\":\"https:\/\/vieassociative.be\/actualites\/la-durabilite-marche-dans-la-ville-deupen-cera-goodwalk-sarrete-dans-la-dg-pour-la-premiere-fois\/\",\"url\":\"https:\/\/vieassociative.be\/actualites\/la-durabilite-marche-dans-la-ville-deupen-cera-goodwalk-sarrete-dans-la-dg-pour-la-premiere-fois\/\",\"name\":\"La durabilit\u00e9 marche dans la ville d'Eupen: Cera Goodwalk s'arr\u00eate dans la DG pour la premi\u00e8re fois | Vie Associative\",\"isPartOf\":{\"@id\":\"https:\/\/vieassociative.be\/actualites\/#website\"},\"primaryImageOfPage\":{\"@id\":\"https:\/\/vieassociative.be\/actualites\/la-durabilite-marche-dans-la-ville-deupen-cera-goodwalk-sarrete-dans-la-dg-pour-la-premiere-fois\/#primaryimage\"},\"image\":{\"@id\":\"https:\/\/vieassociative.be\/actualites\/la-durabilite-marche-dans-la-ville-deupen-cera-goodwalk-sarrete-dans-la-dg-pour-la-premiere-fois\/#primaryimage\"},\"thumbnailUrl\":\"https:\/\/vieassociative.be\/actualites\/wp-content\/uploads\/2025\/06\/1749305892_La-durabilite-marche-dans-la-ville-dEupen-Cera-Goodwalk-sarrete.jpg\",\"datePublished\":\"2025-06-07T14:18:12+00:00\",\"dateModified\":\"2025-06-07T14:18:12+00:00\",\"breadcrumb\":{\"@id\":\"https:\/\/vieassociative.be\/actualites\/la-durabilite-marche-dans-la-ville-deupen-cera-goodwalk-sarrete-dans-la-dg-pour-la-premiere-fois\/#breadcrumb\"},\"inLanguage\":\"fr-BE\",\"potentialAction\":[{\"@type\":\"ReadAction\",\"target\":[\"https:\/\/vieassociative.be\/actualites\/la-durabilite-marche-dans-la-ville-deupen-cera-goodwalk-sarrete-dans-la-dg-pour-la-premiere-fois\/\"]}]},{\"@type\":\"ImageObject\",\"inLanguage\":\"fr-BE\",\"@id\":\"https:\/\/vieassociative.be\/actualites\/la-durabilite-marche-dans-la-ville-deupen-cera-goodwalk-sarrete-dans-la-dg-pour-la-premiere-fois\/#primaryimage\",\"url\":\"https:\/\/vieassociative.be\/actualites\/wp-content\/uploads\/2025\/06\/1749305892_La-durabilite-marche-dans-la-ville-dEupen-Cera-Goodwalk-sarrete.jpg\",\"contentUrl\":\"https:\/\/vieassociative.be\/actualites\/wp-content\/uploads\/2025\/06\/1749305892_La-durabilite-marche-dans-la-ville-dEupen-Cera-Goodwalk-sarrete.jpg\",\"width\":1024,\"height\":678,\"caption\":\"La durabilit\u00e9 marche dans la ville d'Eupen: Cera Goodwalk s'arr\u00eate dans la DG pour la premi\u00e8re fois\"},{\"@type\":\"BreadcrumbList\",\"@id\":\"https:\/\/vieassociative.be\/actualites\/la-durabilite-marche-dans-la-ville-deupen-cera-goodwalk-sarrete-dans-la-dg-pour-la-premiere-fois\/#breadcrumb\",\"itemListElement\":[{\"@type\":\"ListItem\",\"position\":1,\"name\":\"Accueil\",\"item\":\"https:\/\/vieassociative.be\/actualites\/\"},{\"@type\":\"ListItem\",\"position\":2,\"name\":\"La durabilit\u00e9 marche dans la ville d&rsquo;Eupen: Cera Goodwalk s&rsquo;arr\u00eate dans la DG pour la premi\u00e8re fois\"}]},{\"@type\":\"WebSite\",\"@id\":\"https:\/\/vieassociative.be\/actualites\/#website\",\"url\":\"https:\/\/vieassociative.be\/actualites\/\",\"name\":\"Vie Associative\",\"description\":\"\",\"publisher\":{\"@id\":\"https:\/\/vieassociative.be\/actualites\/#organization\"},\"potentialAction\":[{\"@type\":\"SearchAction\",\"target\":{\"@type\":\"EntryPoint\",\"urlTemplate\":\"https:\/\/vieassociative.be\/actualites\/?s={search_term_string}\"},\"query-input\":{\"@type\":\"PropertyValueSpecification\",\"valueRequired\":true,\"valueName\":\"search_term_string\"}}],\"inLanguage\":\"fr-BE\"},{\"@type\":\"Organization\",\"@id\":\"https:\/\/vieassociative.be\/actualites\/#organization\",\"name\":\"Vie Associative\",\"url\":\"https:\/\/vieassociative.be\/actualites\/\",\"logo\":{\"@type\":\"ImageObject\",\"inLanguage\":\"fr-BE\",\"@id\":\"https:\/\/vieassociative.be\/actualites\/#\/schema\/logo\/image\/\",\"url\":\"https:\/\/vieassociative.be\/actualites\/wp-content\/uploads\/2024\/09\/cropped-vieassociative_favicon.ico.png\",\"contentUrl\":\"https:\/\/vieassociative.be\/actualites\/wp-content\/uploads\/2024\/09\/cropped-vieassociative_favicon.ico.png\",\"width\":512,\"height\":512,\"caption\":\"Vie Associative\"},\"image\":{\"@id\":\"https:\/\/vieassociative.be\/actualites\/#\/schema\/logo\/image\/\"}},{\"@type\":\"Person\",\"@id\":\"https:\/\/vieassociative.be\/actualites\/#\/schema\/person\/b87ac4f82f9d4e7b7cec7395b679edc4\",\"name\":\"Julien\",\"image\":{\"@type\":\"ImageObject\",\"inLanguage\":\"fr-BE\",\"@id\":\"https:\/\/vieassociative.be\/actualites\/#\/schema\/person\/image\/\",\"url\":\"https:\/\/vieassociative.be\/actualites\/wp-content\/uploads\/2024\/09\/vie-associative-1-150x150.jpg\",\"contentUrl\":\"https:\/\/vieassociative.be\/actualites\/wp-content\/uploads\/2024\/09\/vie-associative-1-150x150.jpg\",\"caption\":\"Julien\"},\"description\":\"Je suis Julien, r\u00e9dacteur pour Vie Associative. Passionn\u00e9 par le monde associatif depuis plus de 10 ans, j'ai \u00e0 c\u0153ur de partager des histoires inspirantes et de mettre en lumi\u00e8re les initiatives locales. Mon objectif est de sensibiliser et d'encourager l'engagement communautaire \u00e0 travers mes articles.\",\"sameAs\":[\"https:\/\/vieassociative.be\/\"]}]}<\/script>\n<!-- \/ Yoast SEO plugin. -->","yoast_head_json":{"title":"La durabilit\u00e9 marche dans la ville d'Eupen: Cera Goodwalk s'arr\u00eate dans la DG pour la premi\u00e8re fois | Vie Associative","robots":{"index":"index","follow":"follow","max-snippet":"max-snippet:-1","max-image-preview":"max-image-preview:large","max-video-preview":"max-video-preview:-1"},"canonical":"https:\/\/vieassociative.be\/actualites\/la-durabilite-marche-dans-la-ville-deupen-cera-goodwalk-sarrete-dans-la-dg-pour-la-premiere-fois\/","og_locale":"fr_FR","og_type":"article","og_title":"La durabilit\u00e9 marche dans la ville d'Eupen: Cera Goodwalk s'arr\u00eate dans la DG pour la premi\u00e8re fois | Vie Associative","og_description":"Souvent, m\u00eame les Eupeners ne sont pas conscients de ce que leur ville a \u00e0 offrir. Le 2 novembre 2025, le Cera Goodwalk donne aux","og_url":"https:\/\/vieassociative.be\/actualites\/la-durabilite-marche-dans-la-ville-deupen-cera-goodwalk-sarrete-dans-la-dg-pour-la-premiere-fois\/","og_site_name":"Vie Associative","article_published_time":"2025-06-07T14:18:12+00:00","og_image":[{"width":279,"height":92,"url":"https:\/\/vieassociative.be\/actualites\/wp-content\/uploads\/2024\/09\/header_backgroundk-01-e1726694325946.png","type":"image\/png"}],"author":"Julien","twitter_card":"summary_large_image","twitter_misc":{"\u00c9crit par":"Julien","Dur\u00e9e de lecture est.":"3 minutes"},"schema":{"@context":"https:\/\/schema.org","@graph":[{"@type":"Article","@id":"https:\/\/vieassociative.be\/actualites\/la-durabilite-marche-dans-la-ville-deupen-cera-goodwalk-sarrete-dans-la-dg-pour-la-premiere-fois\/#article","isPartOf":{"@id":"https:\/\/vieassociative.be\/actualites\/la-durabilite-marche-dans-la-ville-deupen-cera-goodwalk-sarrete-dans-la-dg-pour-la-premiere-fois\/"},"author":{"name":"Julien","@id":"https:\/\/vieassociative.be\/actualites\/#\/schema\/person\/b87ac4f82f9d4e7b7cec7395b679edc4"},"headline":"La durabilit\u00e9 marche dans la ville d&rsquo;Eupen: Cera Goodwalk s&rsquo;arr\u00eate dans la DG pour la premi\u00e8re fois","datePublished":"2025-06-07T14:18:12+00:00","dateModified":"2025-06-07T14:18:12+00:00","mainEntityOfPage":{"@id":"https:\/\/vieassociative.be\/actualites\/la-durabilite-marche-dans-la-ville-deupen-cera-goodwalk-sarrete-dans-la-dg-pour-la-premiere-fois\/"},"wordCount":573,"publisher":{"@id":"https:\/\/vieassociative.be\/actualites\/#organization"},"image":{"@id":"https:\/\/vieassociative.be\/actualites\/la-durabilite-marche-dans-la-ville-deupen-cera-goodwalk-sarrete-dans-la-dg-pour-la-premiere-fois\/#primaryimage"},"thumbnailUrl":"https:\/\/vieassociative.be\/actualites\/wp-content\/uploads\/2025\/06\/1749305892_La-durabilite-marche-dans-la-ville-dEupen-Cera-Goodwalk-sarrete.jpg","keywords":["Cera","dans","dEupen","durabilit\u00e9","fois","Goodwalk","march\u00e9","pour","premi\u00e8re","sarr\u00eate","ville"],"articleSection":["Belgique"],"inLanguage":"fr-BE"},{"@type":"WebPage","@id":"https:\/\/vieassociative.be\/actualites\/la-durabilite-marche-dans-la-ville-deupen-cera-goodwalk-sarrete-dans-la-dg-pour-la-premiere-fois\/","url":"https:\/\/vieassociative.be\/actualites\/la-durabilite-marche-dans-la-ville-deupen-cera-goodwalk-sarrete-dans-la-dg-pour-la-premiere-fois\/","name":"La durabilit\u00e9 marche dans la ville d'Eupen: Cera Goodwalk s'arr\u00eate dans la DG pour la premi\u00e8re fois | Vie Associative","isPartOf":{"@id":"https:\/\/vieassociative.be\/actualites\/#website"},"primaryImageOfPage":{"@id":"https:\/\/vieassociative.be\/actualites\/la-durabilite-marche-dans-la-ville-deupen-cera-goodwalk-sarrete-dans-la-dg-pour-la-premiere-fois\/#primaryimage"},"image":{"@id":"https:\/\/vieassociative.be\/actualites\/la-durabilite-marche-dans-la-ville-deupen-cera-goodwalk-sarrete-dans-la-dg-pour-la-premiere-fois\/#primaryimage"},"thumbnailUrl":"https:\/\/vieassociative.be\/actualites\/wp-content\/uploads\/2025\/06\/1749305892_La-durabilite-marche-dans-la-ville-dEupen-Cera-Goodwalk-sarrete.jpg","datePublished":"2025-06-07T14:18:12+00:00","dateModified":"2025-06-07T14:18:12+00:00","breadcrumb":{"@id":"https:\/\/vieassociative.be\/actualites\/la-durabilite-marche-dans-la-ville-deupen-cera-goodwalk-sarrete-dans-la-dg-pour-la-premiere-fois\/#breadcrumb"},"inLanguage":"fr-BE","potentialAction":[{"@type":"ReadAction","target":["https:\/\/vieassociative.be\/actualites\/la-durabilite-marche-dans-la-ville-deupen-cera-goodwalk-sarrete-dans-la-dg-pour-la-premiere-fois\/"]}]},{"@type":"ImageObject","inLanguage":"fr-BE","@id":"https:\/\/vieassociative.be\/actualites\/la-durabilite-marche-dans-la-ville-deupen-cera-goodwalk-sarrete-dans-la-dg-pour-la-premiere-fois\/#primaryimage","url":"https:\/\/vieassociative.be\/actualites\/wp-content\/uploads\/2025\/06\/1749305892_La-durabilite-marche-dans-la-ville-dEupen-Cera-Goodwalk-sarrete.jpg","contentUrl":"https:\/\/vieassociative.be\/actualites\/wp-content\/uploads\/2025\/06\/1749305892_La-durabilite-marche-dans-la-ville-dEupen-Cera-Goodwalk-sarrete.jpg","width":1024,"height":678,"caption":"La durabilit\u00e9 marche dans la ville d'Eupen: Cera Goodwalk s'arr\u00eate dans la DG pour la premi\u00e8re fois"},{"@type":"BreadcrumbList","@id":"https:\/\/vieassociative.be\/actualites\/la-durabilite-marche-dans-la-ville-deupen-cera-goodwalk-sarrete-dans-la-dg-pour-la-premiere-fois\/#breadcrumb","itemListElement":[{"@type":"ListItem","position":1,"name":"Accueil","item":"https:\/\/vieassociative.be\/actualites\/"},{"@type":"ListItem","position":2,"name":"La durabilit\u00e9 marche dans la ville d&rsquo;Eupen: Cera Goodwalk s&rsquo;arr\u00eate dans la DG pour la premi\u00e8re fois"}]},{"@type":"WebSite","@id":"https:\/\/vieassociative.be\/actualites\/#website","url":"https:\/\/vieassociative.be\/actualites\/","name":"Vie Associative","description":"","publisher":{"@id":"https:\/\/vieassociative.be\/actualites\/#organization"},"potentialAction":[{"@type":"SearchAction","target":{"@type":"EntryPoint","urlTemplate":"https:\/\/vieassociative.be\/actualites\/?s={search_term_string}"},"query-input":{"@type":"PropertyValueSpecification","valueRequired":true,"valueName":"search_term_string"}}],"inLanguage":"fr-BE"},{"@type":"Organization","@id":"https:\/\/vieassociative.be\/actualites\/#organization","name":"Vie Associative","url":"https:\/\/vieassociative.be\/actualites\/","logo":{"@type":"ImageObject","inLanguage":"fr-BE","@id":"https:\/\/vieassociative.be\/actualites\/#\/schema\/logo\/image\/","url":"https:\/\/vieassociative.be\/actualites\/wp-content\/uploads\/2024\/09\/cropped-vieassociative_favicon.ico.png","contentUrl":"https:\/\/vieassociative.be\/actualites\/wp-content\/uploads\/2024\/09\/cropped-vieassociative_favicon.ico.png","width":512,"height":512,"caption":"Vie Associative"},"image":{"@id":"https:\/\/vieassociative.be\/actualites\/#\/schema\/logo\/image\/"}},{"@type":"Person","@id":"https:\/\/vieassociative.be\/actualites\/#\/schema\/person\/b87ac4f82f9d4e7b7cec7395b679edc4","name":"Julien","image":{"@type":"ImageObject","inLanguage":"fr-BE","@id":"https:\/\/vieassociative.be\/actualites\/#\/schema\/person\/image\/","url":"https:\/\/vieassociative.be\/actualites\/wp-content\/uploads\/2024\/09\/vie-associative-1-150x150.jpg","contentUrl":"https:\/\/vieassociative.be\/actualites\/wp-content\/uploads\/2024\/09\/vie-associative-1-150x150.jpg","caption":"Julien"},"description":"Je suis Julien, r\u00e9dacteur pour Vie Associative. Passionn\u00e9 par le monde associatif depuis plus de 10 ans, j'ai \u00e0 c\u0153ur de partager des histoires inspirantes et de mettre en lumi\u00e8re les initiatives locales. Mon objectif est de sensibiliser et d'encourager l'engagement communautaire \u00e0 travers mes articles.","sameAs":["https:\/\/vieassociative.be\/"]}]}},"_links":{"self":[{"href":"https:\/\/vieassociative.be\/actualites\/wp-json\/wp\/v2\/posts\/8042"}],"collection":[{"href":"https:\/\/vieassociative.be\/actualites\/wp-json\/wp\/v2\/posts"}],"about":[{"href":"https:\/\/vieassociative.be\/actualites\/wp-json\/wp\/v2\/types\/post"}],"author":[{"embeddable":true,"href":"https:\/\/vieassociative.be\/actualites\/wp-json\/wp\/v2\/users\/1"}],"replies":[{"embeddable":true,"href":"https:\/\/vieassociative.be\/actualites\/wp-json\/wp\/v2\/comments?post=8042"}],"version-history":[{"count":0,"href":"https:\/\/vieassociative.be\/actualites\/wp-json\/wp\/v2\/posts\/8042\/revisions"}],"wp:featuredmedia":[{"embeddable":true,"href":"https:\/\/vieassociative.be\/actualites\/wp-json\/wp\/v2\/media\/8043"}],"wp:attachment":[{"href":"https:\/\/vieassociative.be\/actualites\/wp-json\/wp\/v2\/media?parent=8042"}],"wp:term":[{"taxonomy":"category","embeddable":true,"href":"https:\/\/vieassociative.be\/actualites\/wp-json\/wp\/v2\/categories?post=8042"},{"taxonomy":"post_tag","embeddable":true,"href":"https:\/\/vieassociative.be\/actualites\/wp-json\/wp\/v2\/tags?post=8042"}],"curies":[{"name":"wp","href":"https:\/\/api.w.org\/{rel}","templated":true}]}}