{"id":8036,"date":"2025-06-07T09:18:38","date_gmt":"2025-06-07T07:18:38","guid":{"rendered":"https:\/\/vieassociative.be\/actualites\/jai-compris-les-modeles-de-precurseur-de-garmin-pour-que-vous-nayez-pas-a\/"},"modified":"2025-06-07T09:18:38","modified_gmt":"2025-06-07T07:18:38","slug":"jai-compris-les-modeles-de-precurseur-de-garmin-pour-que-vous-nayez-pas-a","status":"publish","type":"post","link":"https:\/\/vieassociative.be\/actualites\/jai-compris-les-modeles-de-precurseur-de-garmin-pour-que-vous-nayez-pas-a\/","title":{"rendered":"J&rsquo;ai compris les mod\u00e8les de pr\u00e9curseur de Garmin pour que vous n&rsquo;ayez pas \u00e0"},"content":{"rendered":"<div class=\"mt-4 leading-6 md:mb-8\">265 + 1 = 570? Dans ce calcul, oui.<\/div>\n<p><\/p>\n<p>La ligne de pr\u00e9vision de Garmin contient certaines de mes montres pr\u00e9f\u00e9r\u00e9es &#8211; la 265, qui est sans doute encore la meilleure du groupe; Le 570, qui l&rsquo;a r\u00e9cemment remplac\u00e9 et a de nouvelles fonctionnalit\u00e9s \u00e9l\u00e9gantes, et le 955, qui est un sacr\u00e9 accord pour quelque chose de si riche en fonctionnalit\u00e9s malgr\u00e9 son \u00e2ge. Si ces chiffres ne signifient rien pour vous, lisez la suite &#8211; ils sont en fait assez faciles \u00e0 comprendre une fois que vous connaissez les deux r\u00e8gles que Garmin utilise pour choisir le num\u00e9ro avec quelle montre. <\/p>\n<h2 id=\"the-last-two-numbers-describe-its-generation\">Les deux derniers nombres d\u00e9crivent sa g\u00e9n\u00e9ration<\/h2>\n<p>Les deux montres publi\u00e9es cette ann\u00e9e se terminent en -70. Les montres qui sont sorties en 2023-2024 se terminent toutes par -65. Ils ont \u00e9t\u00e9 pr\u00e9c\u00e9d\u00e9s d&rsquo;une g\u00e9n\u00e9ration qui s&rsquo;est termin\u00e9e par -55, et avant cela, il s&rsquo;agissait de -45, etc. Garmin aurait-il pu faire r\u00e9f\u00e9rence aux deux derniers chiffres par an, comme 23 ou 24? Bien s\u00fbr, mais au moins il semble y avoir une logique interne ici. (Revenez trop loin, et le sch\u00e9ma de d\u00e9nomination devient un peu moins pr\u00e9visible, mais cette r\u00e8gle vous aidera \u00e0 comprendre \u00e0 peu pr\u00e8s tout ce qui est lib\u00e9r\u00e9 dans cette ligne au cours des 10 derni\u00e8res ann\u00e9es.)<\/p>\n<p>Voici une autre r\u00e8gle de base importante: tout de -65 sur UP (donc, pour l&rsquo;instant -65 et -70) a un \u00e9cran AMOLED, o\u00f9 il est brillant comme votre smartwatch. Les anciens mod\u00e8les, jusqu&rsquo;\u00e0 et incluant -55, ont des \u00e9crans MIP qui sont r\u00e9fl\u00e9chis et toujours \u00ab\u00a0sur\u00a0\u00bb mais qui ne sont pas aussi nets ou brillants. J&rsquo;ai un aper\u00e7u de MIP vs AMOLED ici. <\/p>\n<h2 id=\"the-first-number-tells-you-how-fancy-or-expensive-the-watch-is\">Le premier num\u00e9ro vous indique \u00e0 quel point la montre est fantaisiste (ou ch\u00e8re)<\/h2>\n<p>Jetez un \u0153il au premier num\u00e9ro du nom de la montre et pensez-y comme \u00e9tant sur une \u00e9chelle de 0 \u00e0 9. Plus le nombre est \u00e9lev\u00e9, plus la montre est agr\u00e9able. Cela vous indique que le 965 a plus de fonctionnalit\u00e9s et un prix plus \u00e9lev\u00e9 que le 265; De m\u00eame, le 970 a plus de choses que le 570. L&rsquo;ensemble de fonctionnalit\u00e9s exact passe de g\u00e9n\u00e9ration en g\u00e9n\u00e9ration, mais voici un fait important \u00e0 retenir: les montres 9xx sont celles avec des cartes. Les 570, 265, etc., ont une navigation au fil du bon mais pas de cartes.<\/p>\n<div class=\"pogoClear relative my-10 border-b-(1.5px) border-t-(1.5px) border-dashed border-black py-5 sm:my-14 sm:border-0 sm:py-0\" data-ga-click data-ga-template=\"Explainers\" data-ga-module=\"openweb_widget\" data-ga-element=\"openweb_scroll\" data-ga-item=\"openweb_scroll_midpage\" x-data=\"{\n         commentsCount: null,\n         hasComments: false,\n         async fetchCommentsCount() {\n             try {\n                 if (window.openweb &amp;&amp; typeof window.openweb.getMessagesCount === 'function') {\n                     this.commentsCount = await window.openweb.getMessagesCount('01JX3CJEPN9263B125XV42MFW1');\n                     this.hasComments = this.commentsCount !== null &amp;&amp; this.commentsCount &gt; 0;\n                 }\n             } catch (e) {\n                 console.warn('Failed to fetch comment count:', e);\n             }\n         }\n     }\" x-init=\"fetchCommentsCount()\" x-cloak><\/p>\n<div class=\"absolute top-1\/2 hidden w-full -translate-y-1\/2 border-t-(1.5px) border-dashed border-black sm:block\"><\/div>\n<div class=\"relative flex justify-center\">\n<div class=\"flex max-w-fit items-center gap-x-3 bg-white px-5\">\n<div class=\"relative\">\n                <span class=\"absolute left-1\/2 top-1\/2 -translate-x-1\/2 -translate-y-1\/2 font-akshar text-sm font-medium text-black\" aria-live=\"polite\" x-show=\"hasComments\" x-text=\"commentsCount\"><\/span><\/p>\n<p>                <svg class=\"h-8 w-8 text-black\" role=\"img\" aria-hidden=\"true\">\n                    <use href=\"http:\/\/lifehacker.com\/images\/icons\/spritemap.svg#sprite-chat-bubble\"><\/use>\n                <\/svg>\n            <\/div>\n<p>            <span class=\"text-sm font-medium text-black\"><\/p>\n<p>                Que pensez-vous jusqu&rsquo;\u00e0 pr\u00e9sent?<br \/>\n                <button class=\"ml-1 font-semibold text-brand-green underline hover:text-brand-green-700\" type=\"button\" aria-label=\"Comment section trigger\" onclick=\"window.openweb.scrollToComments('01JX3CJEPN9263B125XV42MFW1')\" x-text=\"hasComments ? 'Post a comment.' : 'Be the first to post a comment.'\"><\/button><br \/>\n            <\/span>\n        <\/div>\n<\/p><\/div>\n<\/div>\n<p>Avec ce contexte, nous pouvons maintenant comprendre pourquoi la derni\u00e8re ligne Forersner comprend un 570. La gamme pr\u00e9c\u00e9dente avait un 165, 265 et 965, sans rien entre les niveaux \u00ab\u00a02\u00a0\u00bb et \u00ab\u00a09\u00a0\u00bb. Pendant ce temps, les 165 et 265 \u00e9taient assez diff\u00e9rents en termes de fonctionnalit\u00e9s, avec les 265 qui vantaient des GP \u00e0 double bande et de la compatibilit\u00e9 avec les compteurs \u00e9lectriques, pour n&rsquo;en nommer que quelques-uns. Garmin voulait apparemment signaler que sa montre de milieu de gamme \u00e9tait <em>vraiment<\/em> Au milieu de la gamme, ils ont donc ajout\u00e9 quelques caract\u00e9ristiques suppl\u00e9mentaires que les 265 n&rsquo;avaient pas &#8211; comme l&rsquo;acclimatation de la chaleur, qui ne figurait que sur la s\u00e9rie 9xx &#8211; et l&rsquo;a augment\u00e9e \u00e0 un \u00ab\u00a05\u00a0\u00bb plut\u00f4t qu&rsquo;\u00e0 un \u00ab\u00a02\u00a0\u00bb &#8211; avec un prix am\u00e9lior\u00e9 pour correspondre. <\/p>\n","protected":false},"excerpt":{"rendered":"<p>265 + 1 = 570? Dans ce calcul, oui. La ligne de pr\u00e9vision de Garmin contient certaines de mes montres pr\u00e9f\u00e9r\u00e9es &#8211; la 265, qui<\/p>\n","protected":false},"author":1,"featured_media":8037,"comment_status":"","ping_status":"","sticky":false,"template":"","format":"standard","meta":{"footnotes":""},"categories":[38],"tags":[4779,3685,823,14,2232,4226,126,81,7320,4],"class_list":["post-8036","post","type-post","status-publish","format-standard","has-post-thumbnail","hentry","category-sante","tag-compris","tag-garmin","tag-jai","tag-les","tag-modeles","tag-nayez","tag-pas","tag-pour","tag-precurseur","tag-vous","generate-columns","tablet-grid-50","mobile-grid-100","grid-parent","grid-33"],"yoast_head":"<!-- This site is optimized with the Yoast SEO plugin v24.0 - https:\/\/yoast.com\/wordpress\/plugins\/seo\/ -->\n<title>J&#039;ai compris les mod\u00e8les de pr\u00e9curseur de Garmin pour que vous n&#039;ayez pas \u00e0 | Vie Associative<\/title>\n<meta name=\"robots\" content=\"index, follow, max-snippet:-1, max-image-preview:large, max-video-preview:-1\" \/>\n<link rel=\"canonical\" href=\"https:\/\/vieassociative.be\/actualites\/jai-compris-les-modeles-de-precurseur-de-garmin-pour-que-vous-nayez-pas-a\/\" \/>\n<meta property=\"og:locale\" content=\"fr_FR\" \/>\n<meta property=\"og:type\" content=\"article\" \/>\n<meta property=\"og:title\" content=\"J&#039;ai compris les mod\u00e8les de pr\u00e9curseur de Garmin pour que vous n&#039;ayez pas \u00e0 | Vie Associative\" \/>\n<meta property=\"og:description\" content=\"265 + 1 = 570? Dans ce calcul, oui. La ligne de pr\u00e9vision de Garmin contient certaines de mes montres pr\u00e9f\u00e9r\u00e9es &#8211; la 265, qui\" \/>\n<meta property=\"og:url\" content=\"https:\/\/vieassociative.be\/actualites\/jai-compris-les-modeles-de-precurseur-de-garmin-pour-que-vous-nayez-pas-a\/\" \/>\n<meta property=\"og:site_name\" content=\"Vie Associative\" \/>\n<meta property=\"article:published_time\" content=\"2025-06-07T07:18:38+00:00\" \/>\n<meta property=\"og:image\" content=\"https:\/\/vieassociative.be\/actualites\/wp-content\/uploads\/2024\/09\/header_backgroundk-01-e1726694325946.png\" \/>\n\t<meta property=\"og:image:width\" content=\"279\" \/>\n\t<meta property=\"og:image:height\" content=\"92\" \/>\n\t<meta property=\"og:image:type\" content=\"image\/png\" \/>\n<meta name=\"author\" content=\"Julien\" \/>\n<meta name=\"twitter:card\" content=\"summary_large_image\" \/>\n<meta name=\"twitter:label1\" content=\"\u00c9crit par\" \/>\n\t<meta name=\"twitter:data1\" content=\"Julien\" \/>\n\t<meta name=\"twitter:label2\" content=\"Dur\u00e9e de lecture est.\" \/>\n\t<meta name=\"twitter:data2\" content=\"3 minutes\" \/>\n<script type=\"application\/ld+json\" class=\"yoast-schema-graph\">{\"@context\":\"https:\/\/schema.org\",\"@graph\":[{\"@type\":\"Article\",\"@id\":\"https:\/\/vieassociative.be\/actualites\/jai-compris-les-modeles-de-precurseur-de-garmin-pour-que-vous-nayez-pas-a\/#article\",\"isPartOf\":{\"@id\":\"https:\/\/vieassociative.be\/actualites\/jai-compris-les-modeles-de-precurseur-de-garmin-pour-que-vous-nayez-pas-a\/\"},\"author\":{\"name\":\"Julien\",\"@id\":\"https:\/\/vieassociative.be\/actualites\/#\/schema\/person\/b87ac4f82f9d4e7b7cec7395b679edc4\"},\"headline\":\"J&rsquo;ai compris les mod\u00e8les de pr\u00e9curseur de Garmin pour que vous n&rsquo;ayez pas \u00e0\",\"datePublished\":\"2025-06-07T07:18:38+00:00\",\"dateModified\":\"2025-06-07T07:18:38+00:00\",\"mainEntityOfPage\":{\"@id\":\"https:\/\/vieassociative.be\/actualites\/jai-compris-les-modeles-de-precurseur-de-garmin-pour-que-vous-nayez-pas-a\/\"},\"wordCount\":576,\"publisher\":{\"@id\":\"https:\/\/vieassociative.be\/actualites\/#organization\"},\"image\":{\"@id\":\"https:\/\/vieassociative.be\/actualites\/jai-compris-les-modeles-de-precurseur-de-garmin-pour-que-vous-nayez-pas-a\/#primaryimage\"},\"thumbnailUrl\":\"https:\/\/vieassociative.be\/actualites\/wp-content\/uploads\/2025\/06\/Jai-compris-les-modeles-de-precurseur-de-Garmin-pour-que.jpg\",\"keywords\":[\"compris\",\"Garmin\",\"Jai\",\"Les\",\"mod\u00e8les\",\"Nayez\",\"pas\",\"pour\",\"pr\u00e9curseur\",\"Vous\"],\"articleSection\":[\"Sant\u00e9\"],\"inLanguage\":\"fr-BE\"},{\"@type\":\"WebPage\",\"@id\":\"https:\/\/vieassociative.be\/actualites\/jai-compris-les-modeles-de-precurseur-de-garmin-pour-que-vous-nayez-pas-a\/\",\"url\":\"https:\/\/vieassociative.be\/actualites\/jai-compris-les-modeles-de-precurseur-de-garmin-pour-que-vous-nayez-pas-a\/\",\"name\":\"J'ai compris les mod\u00e8les de pr\u00e9curseur de Garmin pour que vous n'ayez pas \u00e0 | Vie Associative\",\"isPartOf\":{\"@id\":\"https:\/\/vieassociative.be\/actualites\/#website\"},\"primaryImageOfPage\":{\"@id\":\"https:\/\/vieassociative.be\/actualites\/jai-compris-les-modeles-de-precurseur-de-garmin-pour-que-vous-nayez-pas-a\/#primaryimage\"},\"image\":{\"@id\":\"https:\/\/vieassociative.be\/actualites\/jai-compris-les-modeles-de-precurseur-de-garmin-pour-que-vous-nayez-pas-a\/#primaryimage\"},\"thumbnailUrl\":\"https:\/\/vieassociative.be\/actualites\/wp-content\/uploads\/2025\/06\/Jai-compris-les-modeles-de-precurseur-de-Garmin-pour-que.jpg\",\"datePublished\":\"2025-06-07T07:18:38+00:00\",\"dateModified\":\"2025-06-07T07:18:38+00:00\",\"breadcrumb\":{\"@id\":\"https:\/\/vieassociative.be\/actualites\/jai-compris-les-modeles-de-precurseur-de-garmin-pour-que-vous-nayez-pas-a\/#breadcrumb\"},\"inLanguage\":\"fr-BE\",\"potentialAction\":[{\"@type\":\"ReadAction\",\"target\":[\"https:\/\/vieassociative.be\/actualites\/jai-compris-les-modeles-de-precurseur-de-garmin-pour-que-vous-nayez-pas-a\/\"]}]},{\"@type\":\"ImageObject\",\"inLanguage\":\"fr-BE\",\"@id\":\"https:\/\/vieassociative.be\/actualites\/jai-compris-les-modeles-de-precurseur-de-garmin-pour-que-vous-nayez-pas-a\/#primaryimage\",\"url\":\"https:\/\/vieassociative.be\/actualites\/wp-content\/uploads\/2025\/06\/Jai-compris-les-modeles-de-precurseur-de-Garmin-pour-que.jpg\",\"contentUrl\":\"https:\/\/vieassociative.be\/actualites\/wp-content\/uploads\/2025\/06\/Jai-compris-les-modeles-de-precurseur-de-Garmin-pour-que.jpg\",\"width\":1200,\"height\":675,\"caption\":\"J'ai compris les mod\u00e8les de pr\u00e9curseur de Garmin pour que vous n'ayez pas \u00e0\"},{\"@type\":\"BreadcrumbList\",\"@id\":\"https:\/\/vieassociative.be\/actualites\/jai-compris-les-modeles-de-precurseur-de-garmin-pour-que-vous-nayez-pas-a\/#breadcrumb\",\"itemListElement\":[{\"@type\":\"ListItem\",\"position\":1,\"name\":\"Accueil\",\"item\":\"https:\/\/vieassociative.be\/actualites\/\"},{\"@type\":\"ListItem\",\"position\":2,\"name\":\"J&rsquo;ai compris les mod\u00e8les de pr\u00e9curseur de Garmin pour que vous n&rsquo;ayez pas \u00e0\"}]},{\"@type\":\"WebSite\",\"@id\":\"https:\/\/vieassociative.be\/actualites\/#website\",\"url\":\"https:\/\/vieassociative.be\/actualites\/\",\"name\":\"Vie Associative\",\"description\":\"\",\"publisher\":{\"@id\":\"https:\/\/vieassociative.be\/actualites\/#organization\"},\"potentialAction\":[{\"@type\":\"SearchAction\",\"target\":{\"@type\":\"EntryPoint\",\"urlTemplate\":\"https:\/\/vieassociative.be\/actualites\/?s={search_term_string}\"},\"query-input\":{\"@type\":\"PropertyValueSpecification\",\"valueRequired\":true,\"valueName\":\"search_term_string\"}}],\"inLanguage\":\"fr-BE\"},{\"@type\":\"Organization\",\"@id\":\"https:\/\/vieassociative.be\/actualites\/#organization\",\"name\":\"Vie Associative\",\"url\":\"https:\/\/vieassociative.be\/actualites\/\",\"logo\":{\"@type\":\"ImageObject\",\"inLanguage\":\"fr-BE\",\"@id\":\"https:\/\/vieassociative.be\/actualites\/#\/schema\/logo\/image\/\",\"url\":\"https:\/\/vieassociative.be\/actualites\/wp-content\/uploads\/2024\/09\/cropped-vieassociative_favicon.ico.png\",\"contentUrl\":\"https:\/\/vieassociative.be\/actualites\/wp-content\/uploads\/2024\/09\/cropped-vieassociative_favicon.ico.png\",\"width\":512,\"height\":512,\"caption\":\"Vie Associative\"},\"image\":{\"@id\":\"https:\/\/vieassociative.be\/actualites\/#\/schema\/logo\/image\/\"}},{\"@type\":\"Person\",\"@id\":\"https:\/\/vieassociative.be\/actualites\/#\/schema\/person\/b87ac4f82f9d4e7b7cec7395b679edc4\",\"name\":\"Julien\",\"image\":{\"@type\":\"ImageObject\",\"inLanguage\":\"fr-BE\",\"@id\":\"https:\/\/vieassociative.be\/actualites\/#\/schema\/person\/image\/\",\"url\":\"https:\/\/vieassociative.be\/actualites\/wp-content\/uploads\/2024\/09\/vie-associative-1-150x150.jpg\",\"contentUrl\":\"https:\/\/vieassociative.be\/actualites\/wp-content\/uploads\/2024\/09\/vie-associative-1-150x150.jpg\",\"caption\":\"Julien\"},\"description\":\"Je suis Julien, r\u00e9dacteur pour Vie Associative. Passionn\u00e9 par le monde associatif depuis plus de 10 ans, j'ai \u00e0 c\u0153ur de partager des histoires inspirantes et de mettre en lumi\u00e8re les initiatives locales. Mon objectif est de sensibiliser et d'encourager l'engagement communautaire \u00e0 travers mes articles.\",\"sameAs\":[\"https:\/\/vieassociative.be\/\"]}]}<\/script>\n<!-- \/ Yoast SEO plugin. -->","yoast_head_json":{"title":"J'ai compris les mod\u00e8les de pr\u00e9curseur de Garmin pour que vous n'ayez pas \u00e0 | Vie Associative","robots":{"index":"index","follow":"follow","max-snippet":"max-snippet:-1","max-image-preview":"max-image-preview:large","max-video-preview":"max-video-preview:-1"},"canonical":"https:\/\/vieassociative.be\/actualites\/jai-compris-les-modeles-de-precurseur-de-garmin-pour-que-vous-nayez-pas-a\/","og_locale":"fr_FR","og_type":"article","og_title":"J'ai compris les mod\u00e8les de pr\u00e9curseur de Garmin pour que vous n'ayez pas \u00e0 | Vie Associative","og_description":"265 + 1 = 570? Dans ce calcul, oui. La ligne de pr\u00e9vision de Garmin contient certaines de mes montres pr\u00e9f\u00e9r\u00e9es &#8211; la 265, qui","og_url":"https:\/\/vieassociative.be\/actualites\/jai-compris-les-modeles-de-precurseur-de-garmin-pour-que-vous-nayez-pas-a\/","og_site_name":"Vie Associative","article_published_time":"2025-06-07T07:18:38+00:00","og_image":[{"width":279,"height":92,"url":"https:\/\/vieassociative.be\/actualites\/wp-content\/uploads\/2024\/09\/header_backgroundk-01-e1726694325946.png","type":"image\/png"}],"author":"Julien","twitter_card":"summary_large_image","twitter_misc":{"\u00c9crit par":"Julien","Dur\u00e9e de lecture est.":"3 minutes"},"schema":{"@context":"https:\/\/schema.org","@graph":[{"@type":"Article","@id":"https:\/\/vieassociative.be\/actualites\/jai-compris-les-modeles-de-precurseur-de-garmin-pour-que-vous-nayez-pas-a\/#article","isPartOf":{"@id":"https:\/\/vieassociative.be\/actualites\/jai-compris-les-modeles-de-precurseur-de-garmin-pour-que-vous-nayez-pas-a\/"},"author":{"name":"Julien","@id":"https:\/\/vieassociative.be\/actualites\/#\/schema\/person\/b87ac4f82f9d4e7b7cec7395b679edc4"},"headline":"J&rsquo;ai compris les mod\u00e8les de pr\u00e9curseur de Garmin pour que vous n&rsquo;ayez pas \u00e0","datePublished":"2025-06-07T07:18:38+00:00","dateModified":"2025-06-07T07:18:38+00:00","mainEntityOfPage":{"@id":"https:\/\/vieassociative.be\/actualites\/jai-compris-les-modeles-de-precurseur-de-garmin-pour-que-vous-nayez-pas-a\/"},"wordCount":576,"publisher":{"@id":"https:\/\/vieassociative.be\/actualites\/#organization"},"image":{"@id":"https:\/\/vieassociative.be\/actualites\/jai-compris-les-modeles-de-precurseur-de-garmin-pour-que-vous-nayez-pas-a\/#primaryimage"},"thumbnailUrl":"https:\/\/vieassociative.be\/actualites\/wp-content\/uploads\/2025\/06\/Jai-compris-les-modeles-de-precurseur-de-Garmin-pour-que.jpg","keywords":["compris","Garmin","Jai","Les","mod\u00e8les","Nayez","pas","pour","pr\u00e9curseur","Vous"],"articleSection":["Sant\u00e9"],"inLanguage":"fr-BE"},{"@type":"WebPage","@id":"https:\/\/vieassociative.be\/actualites\/jai-compris-les-modeles-de-precurseur-de-garmin-pour-que-vous-nayez-pas-a\/","url":"https:\/\/vieassociative.be\/actualites\/jai-compris-les-modeles-de-precurseur-de-garmin-pour-que-vous-nayez-pas-a\/","name":"J'ai compris les mod\u00e8les de pr\u00e9curseur de Garmin pour que vous n'ayez pas \u00e0 | Vie Associative","isPartOf":{"@id":"https:\/\/vieassociative.be\/actualites\/#website"},"primaryImageOfPage":{"@id":"https:\/\/vieassociative.be\/actualites\/jai-compris-les-modeles-de-precurseur-de-garmin-pour-que-vous-nayez-pas-a\/#primaryimage"},"image":{"@id":"https:\/\/vieassociative.be\/actualites\/jai-compris-les-modeles-de-precurseur-de-garmin-pour-que-vous-nayez-pas-a\/#primaryimage"},"thumbnailUrl":"https:\/\/vieassociative.be\/actualites\/wp-content\/uploads\/2025\/06\/Jai-compris-les-modeles-de-precurseur-de-Garmin-pour-que.jpg","datePublished":"2025-06-07T07:18:38+00:00","dateModified":"2025-06-07T07:18:38+00:00","breadcrumb":{"@id":"https:\/\/vieassociative.be\/actualites\/jai-compris-les-modeles-de-precurseur-de-garmin-pour-que-vous-nayez-pas-a\/#breadcrumb"},"inLanguage":"fr-BE","potentialAction":[{"@type":"ReadAction","target":["https:\/\/vieassociative.be\/actualites\/jai-compris-les-modeles-de-precurseur-de-garmin-pour-que-vous-nayez-pas-a\/"]}]},{"@type":"ImageObject","inLanguage":"fr-BE","@id":"https:\/\/vieassociative.be\/actualites\/jai-compris-les-modeles-de-precurseur-de-garmin-pour-que-vous-nayez-pas-a\/#primaryimage","url":"https:\/\/vieassociative.be\/actualites\/wp-content\/uploads\/2025\/06\/Jai-compris-les-modeles-de-precurseur-de-Garmin-pour-que.jpg","contentUrl":"https:\/\/vieassociative.be\/actualites\/wp-content\/uploads\/2025\/06\/Jai-compris-les-modeles-de-precurseur-de-Garmin-pour-que.jpg","width":1200,"height":675,"caption":"J'ai compris les mod\u00e8les de pr\u00e9curseur de Garmin pour que vous n'ayez pas \u00e0"},{"@type":"BreadcrumbList","@id":"https:\/\/vieassociative.be\/actualites\/jai-compris-les-modeles-de-precurseur-de-garmin-pour-que-vous-nayez-pas-a\/#breadcrumb","itemListElement":[{"@type":"ListItem","position":1,"name":"Accueil","item":"https:\/\/vieassociative.be\/actualites\/"},{"@type":"ListItem","position":2,"name":"J&rsquo;ai compris les mod\u00e8les de pr\u00e9curseur de Garmin pour que vous n&rsquo;ayez pas \u00e0"}]},{"@type":"WebSite","@id":"https:\/\/vieassociative.be\/actualites\/#website","url":"https:\/\/vieassociative.be\/actualites\/","name":"Vie Associative","description":"","publisher":{"@id":"https:\/\/vieassociative.be\/actualites\/#organization"},"potentialAction":[{"@type":"SearchAction","target":{"@type":"EntryPoint","urlTemplate":"https:\/\/vieassociative.be\/actualites\/?s={search_term_string}"},"query-input":{"@type":"PropertyValueSpecification","valueRequired":true,"valueName":"search_term_string"}}],"inLanguage":"fr-BE"},{"@type":"Organization","@id":"https:\/\/vieassociative.be\/actualites\/#organization","name":"Vie Associative","url":"https:\/\/vieassociative.be\/actualites\/","logo":{"@type":"ImageObject","inLanguage":"fr-BE","@id":"https:\/\/vieassociative.be\/actualites\/#\/schema\/logo\/image\/","url":"https:\/\/vieassociative.be\/actualites\/wp-content\/uploads\/2024\/09\/cropped-vieassociative_favicon.ico.png","contentUrl":"https:\/\/vieassociative.be\/actualites\/wp-content\/uploads\/2024\/09\/cropped-vieassociative_favicon.ico.png","width":512,"height":512,"caption":"Vie Associative"},"image":{"@id":"https:\/\/vieassociative.be\/actualites\/#\/schema\/logo\/image\/"}},{"@type":"Person","@id":"https:\/\/vieassociative.be\/actualites\/#\/schema\/person\/b87ac4f82f9d4e7b7cec7395b679edc4","name":"Julien","image":{"@type":"ImageObject","inLanguage":"fr-BE","@id":"https:\/\/vieassociative.be\/actualites\/#\/schema\/person\/image\/","url":"https:\/\/vieassociative.be\/actualites\/wp-content\/uploads\/2024\/09\/vie-associative-1-150x150.jpg","contentUrl":"https:\/\/vieassociative.be\/actualites\/wp-content\/uploads\/2024\/09\/vie-associative-1-150x150.jpg","caption":"Julien"},"description":"Je suis Julien, r\u00e9dacteur pour Vie Associative. Passionn\u00e9 par le monde associatif depuis plus de 10 ans, j'ai \u00e0 c\u0153ur de partager des histoires inspirantes et de mettre en lumi\u00e8re les initiatives locales. Mon objectif est de sensibiliser et d'encourager l'engagement communautaire \u00e0 travers mes articles.","sameAs":["https:\/\/vieassociative.be\/"]}]}},"_links":{"self":[{"href":"https:\/\/vieassociative.be\/actualites\/wp-json\/wp\/v2\/posts\/8036"}],"collection":[{"href":"https:\/\/vieassociative.be\/actualites\/wp-json\/wp\/v2\/posts"}],"about":[{"href":"https:\/\/vieassociative.be\/actualites\/wp-json\/wp\/v2\/types\/post"}],"author":[{"embeddable":true,"href":"https:\/\/vieassociative.be\/actualites\/wp-json\/wp\/v2\/users\/1"}],"replies":[{"embeddable":true,"href":"https:\/\/vieassociative.be\/actualites\/wp-json\/wp\/v2\/comments?post=8036"}],"version-history":[{"count":0,"href":"https:\/\/vieassociative.be\/actualites\/wp-json\/wp\/v2\/posts\/8036\/revisions"}],"wp:featuredmedia":[{"embeddable":true,"href":"https:\/\/vieassociative.be\/actualites\/wp-json\/wp\/v2\/media\/8037"}],"wp:attachment":[{"href":"https:\/\/vieassociative.be\/actualites\/wp-json\/wp\/v2\/media?parent=8036"}],"wp:term":[{"taxonomy":"category","embeddable":true,"href":"https:\/\/vieassociative.be\/actualites\/wp-json\/wp\/v2\/categories?post=8036"},{"taxonomy":"post_tag","embeddable":true,"href":"https:\/\/vieassociative.be\/actualites\/wp-json\/wp\/v2\/tags?post=8036"}],"curies":[{"name":"wp","href":"https:\/\/api.w.org\/{rel}","templated":true}]}}