{"id":8031,"date":"2025-06-07T04:17:38","date_gmt":"2025-06-07T02:17:38","guid":{"rendered":"https:\/\/vieassociative.be\/actualites\/1-1-1-false-debut-du-red-devil-in-the-world-cup-qualification\/"},"modified":"2025-06-07T04:17:38","modified_gmt":"2025-06-07T02:17:38","slug":"1-1-1-false-debut-du-red-devil-in-the-world-cup-qualification","status":"publish","type":"post","link":"https:\/\/vieassociative.be\/actualites\/1-1-1-false-debut-du-red-devil-in-the-world-cup-qualification\/","title":{"rendered":"1: 1: 1-False D\u00e9but du Red Devil in the World Cup Qualification"},"content":{"rendered":"<p><strong>Le d\u00e9but de l&rsquo;\u00e9quipe nationale de football belge pour se qualifier pour la Coupe du monde 2026 aux \u00c9tats-Unis, au Mexique et au Canada a \u00e9chou\u00e9: les Red Devils ne sont pas all\u00e9s au-del\u00e0 d&rsquo;un 1-1 \u00e0 Skopje vendredi.<\/strong><\/p>\n<p><span id=\"more-417188\"><\/span>Pour le match dans le nord de la Mac\u00e9doine, Rudi Garcia a install\u00e9 plusieurs joueurs qui avaient apport\u00e9 une contribution d\u00e9cisive \u00e0 la victoire dans le retour contre l&rsquo;Ukraine dans les \u00e9liminatoires de la Ligue des nations.<\/p>\n<p>Le d\u00e9but du jeu \u00e9tait clairement en faveur des Red Devils, qui ont organis\u00e9 l&rsquo;adversaire dans sa moiti\u00e9. La Belgique \u00e9tait dangereuse \u00e0 travers plusieurs avanc\u00e9es de J\u00e9r\u00e9my Doku.<\/p>\n<div id=\"attachment_417186\" class=\"wp-caption alignleft\" style=\"max-width: 300px\"><img fetchpriority=\"high\" decoding=\"async\" class=\"wp-image-417186 size-medium\" src=\"https:\/\/vieassociative.be\/actualites\/wp-content\/uploads\/2025\/06\/1-1-1-False-Debut-du-Red-Devil-in-the-World.jpg\" alt=\"\" width=\"300\" height=\"200\"><\/p>\n<p class=\"wp-caption-text\">06.06.2025, North Macedonia, Skopje: Visar Musliu (R) du nord de la Mac\u00e9doine essaie de bloquer un tir de la Romelu Lukaku belge. Photo: Boris Grdanoski \/ AP \/ DPA<\/p>\n<\/div>\n<p>Apr\u00e8s 22 minutes, Saelemaekers est venu au ballon apr\u00e8s un coin au bord de la surface de p\u00e9nalit\u00e9 et a tir\u00e9 sur les h\u00f4tes par Force, mais leur gardien a pu emp\u00eacher un but avec des couleurs volantes.<\/p>\n<p>Peu de temps apr\u00e8s, Debast a os\u00e9 passer une passe en avant dans le mouvement invers\u00e9 au lieu de simplement jouer avec Sels. Le ballon a atterri directement \u00e0 Bardhi, ce qui a forc\u00e9 le gardien belge \u00e0 un d\u00e9fil\u00e9.<\/p>\n<p><strong>&#8211; Double seconde effrayante:<\/strong> Quelques minutes plus tard, Elmas a tir\u00e9 un fort tir sur le Sels Post apr\u00e8s une nouvelle erreur de Faes. Le ballon est revenu \u00e0 Alioski, qui n&rsquo;a \u00e9galement r\u00e9ussi que le poteau. Bonheur pour la Belgique!<\/p>\n<p>Dans le mouvement suivant, la Belgique a r\u00e9ussi l&rsquo;avance apr\u00e8s un petit g\u00e2chis. Apr\u00e8s une belle combinaison entre De Cuyper et celle de Saelemaeker devant le but, son tir a \u00e9t\u00e9 d\u00e9vi\u00e9, mais De Cuyper \u00e9tait sur place et a pris la t\u00eate de la Belgique, 0: 1.<\/p>\n<div id=\"attachment_417193\" class=\"wp-caption alignleft\" style=\"max-width: 300px\"><img decoding=\"async\" class=\"wp-image-417193 size-medium\" src=\"https:\/\/vieassociative.be\/actualites\/wp-content\/uploads\/2025\/06\/1749262658_254_1-1-1-False-Debut-du-Red-Devil-in-the-World.jpg\" alt=\"\" width=\"300\" height=\"200\"><\/p>\n<p class=\"wp-caption-text\">06.06.2025, Mac\u00e9doine du Nord, Skopje: Gjoko Zajkov (R) du nord de la Mac\u00e9doine dans le duel avec la Belgique Romelu Lukaku. Photo: Boris Grdanoski \/ AP \/ DPA<\/p>\n<\/div>\n<p><strong>&#8211; Pris rhume:<\/strong> La seconde moiti\u00e9 a commenc\u00e9 pour les Belges. Le nord de la Mac\u00e9doine a amen\u00e9 les Red Devils en difficult\u00e9s avec une contre-attaque. Bardhi a trouv\u00e9 Elmas \u00e0 gauche, dont le tir a laiss\u00e9 Sels impuissant. Heureusement pour les hommes de Rudi Garcia, le VAR a annul\u00e9 l&rsquo;objectif en raison d&rsquo;une l\u00e9g\u00e8re position de hors-jeu.<\/p>\n<p>\u00c0 la 56e minute du match, Garcia a fait un changement de trois et a remplac\u00e9 Vanaken, Meunier et &#8230; De Bruyne. Onana, Tielemans et De Winter sont entr\u00e9s en jeu. Cependant, les possibilit\u00e9s de Belgique sont rest\u00e9es assez rares.<\/p>\n<p>Raskin a presque \u00e9tendu l&rsquo;avance pour les invit\u00e9s vingt minutes avant la fin. Apr\u00e8s une nouvelle avance de Doku, le joueur des Rangers de Glasgow a tir\u00e9 sur le but. Malheureusement, son coup a frapp\u00e9 le poteau.<\/p>\n<p><strong>&#8211; Les Mac\u00e9doniens sont r\u00e9compens\u00e9s:<\/strong> \u00c0 la 87e minute, les efforts du nord de la Mac\u00e9doine ont \u00e9t\u00e9 r\u00e9compens\u00e9s. Alioski a \u00e9t\u00e9 servi avec une passe raide et a marqu\u00e9 avec des ciseaux merveilleux qui ont surmont\u00e9 Sels, quelques minutes avant la fin, 1: 1. <\/p>\n<p>Rudi Garcia avait raison lorsqu&rsquo;il a averti son \u00e9quipe avant le match: le nord de la Mac\u00e9doine avait \u00e9t\u00e9 invaincu pendant huit matchs \u00e0 domicile. Maintenant, il est neuf &#8230; (Cre)<\/p>\n","protected":false},"excerpt":{"rendered":"<p>Le d\u00e9but de l&rsquo;\u00e9quipe nationale de football belge pour se qualifier pour la Coupe du monde 2026 aux \u00c9tats-Unis, au Mexique et au Canada a<\/p>\n","protected":false},"author":1,"featured_media":8032,"comment_status":"","ping_status":"","sticky":false,"template":"","format":"standard","meta":{"footnotes":""},"categories":[298],"tags":[7319,5196,359,4940,893,3312,576],"class_list":["post-8031","post","type-post","status-publish","format-standard","has-post-thumbnail","hentry","category-belgique","tag-1false","tag-cup","tag-debut","tag-devil","tag-qualification","tag-red","tag-world","generate-columns","tablet-grid-50","mobile-grid-100","grid-parent","grid-33"],"yoast_head":"<!-- This site is optimized with the Yoast SEO plugin v24.0 - https:\/\/yoast.com\/wordpress\/plugins\/seo\/ -->\n<title>1: 1: 1-False D\u00e9but du Red Devil in the World Cup Qualification | Vie Associative<\/title>\n<meta name=\"robots\" content=\"index, follow, max-snippet:-1, max-image-preview:large, max-video-preview:-1\" \/>\n<link rel=\"canonical\" href=\"https:\/\/vieassociative.be\/actualites\/1-1-1-false-debut-du-red-devil-in-the-world-cup-qualification\/\" \/>\n<meta property=\"og:locale\" content=\"fr_FR\" \/>\n<meta property=\"og:type\" content=\"article\" \/>\n<meta property=\"og:title\" content=\"1: 1: 1-False D\u00e9but du Red Devil in the World Cup Qualification | Vie Associative\" \/>\n<meta property=\"og:description\" content=\"Le d\u00e9but de l&rsquo;\u00e9quipe nationale de football belge pour se qualifier pour la Coupe du monde 2026 aux \u00c9tats-Unis, au Mexique et au Canada a\" \/>\n<meta property=\"og:url\" content=\"https:\/\/vieassociative.be\/actualites\/1-1-1-false-debut-du-red-devil-in-the-world-cup-qualification\/\" \/>\n<meta property=\"og:site_name\" content=\"Vie Associative\" \/>\n<meta property=\"article:published_time\" content=\"2025-06-07T02:17:38+00:00\" \/>\n<meta property=\"og:image\" content=\"https:\/\/vieassociative.be\/actualites\/wp-content\/uploads\/2024\/09\/header_backgroundk-01-e1726694325946.png\" \/>\n\t<meta property=\"og:image:width\" content=\"279\" \/>\n\t<meta property=\"og:image:height\" content=\"92\" \/>\n\t<meta property=\"og:image:type\" content=\"image\/png\" \/>\n<meta name=\"author\" content=\"Julien\" \/>\n<meta name=\"twitter:card\" content=\"summary_large_image\" \/>\n<meta name=\"twitter:label1\" content=\"\u00c9crit par\" \/>\n\t<meta name=\"twitter:data1\" content=\"Julien\" \/>\n\t<meta name=\"twitter:label2\" content=\"Dur\u00e9e de lecture est.\" \/>\n\t<meta name=\"twitter:data2\" content=\"3 minutes\" \/>\n<script type=\"application\/ld+json\" class=\"yoast-schema-graph\">{\"@context\":\"https:\/\/schema.org\",\"@graph\":[{\"@type\":\"Article\",\"@id\":\"https:\/\/vieassociative.be\/actualites\/1-1-1-false-debut-du-red-devil-in-the-world-cup-qualification\/#article\",\"isPartOf\":{\"@id\":\"https:\/\/vieassociative.be\/actualites\/1-1-1-false-debut-du-red-devil-in-the-world-cup-qualification\/\"},\"author\":{\"name\":\"Julien\",\"@id\":\"https:\/\/vieassociative.be\/actualites\/#\/schema\/person\/b87ac4f82f9d4e7b7cec7395b679edc4\"},\"headline\":\"1: 1: 1-False D\u00e9but du Red Devil in the World Cup Qualification\",\"datePublished\":\"2025-06-07T02:17:38+00:00\",\"dateModified\":\"2025-06-07T02:17:38+00:00\",\"mainEntityOfPage\":{\"@id\":\"https:\/\/vieassociative.be\/actualites\/1-1-1-false-debut-du-red-devil-in-the-world-cup-qualification\/\"},\"wordCount\":579,\"publisher\":{\"@id\":\"https:\/\/vieassociative.be\/actualites\/#organization\"},\"image\":{\"@id\":\"https:\/\/vieassociative.be\/actualites\/1-1-1-false-debut-du-red-devil-in-the-world-cup-qualification\/#primaryimage\"},\"thumbnailUrl\":\"https:\/\/vieassociative.be\/actualites\/wp-content\/uploads\/2025\/06\/1749262658_1-1-1-False-Debut-du-Red-Devil-in-the-World.jpg\",\"keywords\":[\"1False\",\"Cup\",\"D\u00e9but\",\"Devil\",\"qualification\",\"Red\",\"World\"],\"articleSection\":[\"Belgique\"],\"inLanguage\":\"fr-BE\"},{\"@type\":\"WebPage\",\"@id\":\"https:\/\/vieassociative.be\/actualites\/1-1-1-false-debut-du-red-devil-in-the-world-cup-qualification\/\",\"url\":\"https:\/\/vieassociative.be\/actualites\/1-1-1-false-debut-du-red-devil-in-the-world-cup-qualification\/\",\"name\":\"1: 1: 1-False D\u00e9but du Red Devil in the World Cup Qualification | Vie Associative\",\"isPartOf\":{\"@id\":\"https:\/\/vieassociative.be\/actualites\/#website\"},\"primaryImageOfPage\":{\"@id\":\"https:\/\/vieassociative.be\/actualites\/1-1-1-false-debut-du-red-devil-in-the-world-cup-qualification\/#primaryimage\"},\"image\":{\"@id\":\"https:\/\/vieassociative.be\/actualites\/1-1-1-false-debut-du-red-devil-in-the-world-cup-qualification\/#primaryimage\"},\"thumbnailUrl\":\"https:\/\/vieassociative.be\/actualites\/wp-content\/uploads\/2025\/06\/1749262658_1-1-1-False-Debut-du-Red-Devil-in-the-World.jpg\",\"datePublished\":\"2025-06-07T02:17:38+00:00\",\"dateModified\":\"2025-06-07T02:17:38+00:00\",\"breadcrumb\":{\"@id\":\"https:\/\/vieassociative.be\/actualites\/1-1-1-false-debut-du-red-devil-in-the-world-cup-qualification\/#breadcrumb\"},\"inLanguage\":\"fr-BE\",\"potentialAction\":[{\"@type\":\"ReadAction\",\"target\":[\"https:\/\/vieassociative.be\/actualites\/1-1-1-false-debut-du-red-devil-in-the-world-cup-qualification\/\"]}]},{\"@type\":\"ImageObject\",\"inLanguage\":\"fr-BE\",\"@id\":\"https:\/\/vieassociative.be\/actualites\/1-1-1-false-debut-du-red-devil-in-the-world-cup-qualification\/#primaryimage\",\"url\":\"https:\/\/vieassociative.be\/actualites\/wp-content\/uploads\/2025\/06\/1749262658_1-1-1-False-Debut-du-Red-Devil-in-the-World.jpg\",\"contentUrl\":\"https:\/\/vieassociative.be\/actualites\/wp-content\/uploads\/2025\/06\/1749262658_1-1-1-False-Debut-du-Red-Devil-in-the-World.jpg\",\"width\":1200,\"height\":800,\"caption\":\"1: 1: 1-False D\u00e9but du Red Devil in the World Cup Qualification\"},{\"@type\":\"BreadcrumbList\",\"@id\":\"https:\/\/vieassociative.be\/actualites\/1-1-1-false-debut-du-red-devil-in-the-world-cup-qualification\/#breadcrumb\",\"itemListElement\":[{\"@type\":\"ListItem\",\"position\":1,\"name\":\"Accueil\",\"item\":\"https:\/\/vieassociative.be\/actualites\/\"},{\"@type\":\"ListItem\",\"position\":2,\"name\":\"1: 1: 1-False D\u00e9but du Red Devil in the World Cup Qualification\"}]},{\"@type\":\"WebSite\",\"@id\":\"https:\/\/vieassociative.be\/actualites\/#website\",\"url\":\"https:\/\/vieassociative.be\/actualites\/\",\"name\":\"Vie Associative\",\"description\":\"\",\"publisher\":{\"@id\":\"https:\/\/vieassociative.be\/actualites\/#organization\"},\"potentialAction\":[{\"@type\":\"SearchAction\",\"target\":{\"@type\":\"EntryPoint\",\"urlTemplate\":\"https:\/\/vieassociative.be\/actualites\/?s={search_term_string}\"},\"query-input\":{\"@type\":\"PropertyValueSpecification\",\"valueRequired\":true,\"valueName\":\"search_term_string\"}}],\"inLanguage\":\"fr-BE\"},{\"@type\":\"Organization\",\"@id\":\"https:\/\/vieassociative.be\/actualites\/#organization\",\"name\":\"Vie Associative\",\"url\":\"https:\/\/vieassociative.be\/actualites\/\",\"logo\":{\"@type\":\"ImageObject\",\"inLanguage\":\"fr-BE\",\"@id\":\"https:\/\/vieassociative.be\/actualites\/#\/schema\/logo\/image\/\",\"url\":\"https:\/\/vieassociative.be\/actualites\/wp-content\/uploads\/2024\/09\/cropped-vieassociative_favicon.ico.png\",\"contentUrl\":\"https:\/\/vieassociative.be\/actualites\/wp-content\/uploads\/2024\/09\/cropped-vieassociative_favicon.ico.png\",\"width\":512,\"height\":512,\"caption\":\"Vie Associative\"},\"image\":{\"@id\":\"https:\/\/vieassociative.be\/actualites\/#\/schema\/logo\/image\/\"}},{\"@type\":\"Person\",\"@id\":\"https:\/\/vieassociative.be\/actualites\/#\/schema\/person\/b87ac4f82f9d4e7b7cec7395b679edc4\",\"name\":\"Julien\",\"image\":{\"@type\":\"ImageObject\",\"inLanguage\":\"fr-BE\",\"@id\":\"https:\/\/vieassociative.be\/actualites\/#\/schema\/person\/image\/\",\"url\":\"https:\/\/vieassociative.be\/actualites\/wp-content\/uploads\/2024\/09\/vie-associative-1-150x150.jpg\",\"contentUrl\":\"https:\/\/vieassociative.be\/actualites\/wp-content\/uploads\/2024\/09\/vie-associative-1-150x150.jpg\",\"caption\":\"Julien\"},\"description\":\"Je suis Julien, r\u00e9dacteur pour Vie Associative. Passionn\u00e9 par le monde associatif depuis plus de 10 ans, j'ai \u00e0 c\u0153ur de partager des histoires inspirantes et de mettre en lumi\u00e8re les initiatives locales. Mon objectif est de sensibiliser et d'encourager l'engagement communautaire \u00e0 travers mes articles.\",\"sameAs\":[\"https:\/\/vieassociative.be\/\"]}]}<\/script>\n<!-- \/ Yoast SEO plugin. -->","yoast_head_json":{"title":"1: 1: 1-False D\u00e9but du Red Devil in the World Cup Qualification | Vie Associative","robots":{"index":"index","follow":"follow","max-snippet":"max-snippet:-1","max-image-preview":"max-image-preview:large","max-video-preview":"max-video-preview:-1"},"canonical":"https:\/\/vieassociative.be\/actualites\/1-1-1-false-debut-du-red-devil-in-the-world-cup-qualification\/","og_locale":"fr_FR","og_type":"article","og_title":"1: 1: 1-False D\u00e9but du Red Devil in the World Cup Qualification | Vie Associative","og_description":"Le d\u00e9but de l&rsquo;\u00e9quipe nationale de football belge pour se qualifier pour la Coupe du monde 2026 aux \u00c9tats-Unis, au Mexique et au Canada a","og_url":"https:\/\/vieassociative.be\/actualites\/1-1-1-false-debut-du-red-devil-in-the-world-cup-qualification\/","og_site_name":"Vie Associative","article_published_time":"2025-06-07T02:17:38+00:00","og_image":[{"width":279,"height":92,"url":"https:\/\/vieassociative.be\/actualites\/wp-content\/uploads\/2024\/09\/header_backgroundk-01-e1726694325946.png","type":"image\/png"}],"author":"Julien","twitter_card":"summary_large_image","twitter_misc":{"\u00c9crit par":"Julien","Dur\u00e9e de lecture est.":"3 minutes"},"schema":{"@context":"https:\/\/schema.org","@graph":[{"@type":"Article","@id":"https:\/\/vieassociative.be\/actualites\/1-1-1-false-debut-du-red-devil-in-the-world-cup-qualification\/#article","isPartOf":{"@id":"https:\/\/vieassociative.be\/actualites\/1-1-1-false-debut-du-red-devil-in-the-world-cup-qualification\/"},"author":{"name":"Julien","@id":"https:\/\/vieassociative.be\/actualites\/#\/schema\/person\/b87ac4f82f9d4e7b7cec7395b679edc4"},"headline":"1: 1: 1-False D\u00e9but du Red Devil in the World Cup Qualification","datePublished":"2025-06-07T02:17:38+00:00","dateModified":"2025-06-07T02:17:38+00:00","mainEntityOfPage":{"@id":"https:\/\/vieassociative.be\/actualites\/1-1-1-false-debut-du-red-devil-in-the-world-cup-qualification\/"},"wordCount":579,"publisher":{"@id":"https:\/\/vieassociative.be\/actualites\/#organization"},"image":{"@id":"https:\/\/vieassociative.be\/actualites\/1-1-1-false-debut-du-red-devil-in-the-world-cup-qualification\/#primaryimage"},"thumbnailUrl":"https:\/\/vieassociative.be\/actualites\/wp-content\/uploads\/2025\/06\/1749262658_1-1-1-False-Debut-du-Red-Devil-in-the-World.jpg","keywords":["1False","Cup","D\u00e9but","Devil","qualification","Red","World"],"articleSection":["Belgique"],"inLanguage":"fr-BE"},{"@type":"WebPage","@id":"https:\/\/vieassociative.be\/actualites\/1-1-1-false-debut-du-red-devil-in-the-world-cup-qualification\/","url":"https:\/\/vieassociative.be\/actualites\/1-1-1-false-debut-du-red-devil-in-the-world-cup-qualification\/","name":"1: 1: 1-False D\u00e9but du Red Devil in the World Cup Qualification | Vie Associative","isPartOf":{"@id":"https:\/\/vieassociative.be\/actualites\/#website"},"primaryImageOfPage":{"@id":"https:\/\/vieassociative.be\/actualites\/1-1-1-false-debut-du-red-devil-in-the-world-cup-qualification\/#primaryimage"},"image":{"@id":"https:\/\/vieassociative.be\/actualites\/1-1-1-false-debut-du-red-devil-in-the-world-cup-qualification\/#primaryimage"},"thumbnailUrl":"https:\/\/vieassociative.be\/actualites\/wp-content\/uploads\/2025\/06\/1749262658_1-1-1-False-Debut-du-Red-Devil-in-the-World.jpg","datePublished":"2025-06-07T02:17:38+00:00","dateModified":"2025-06-07T02:17:38+00:00","breadcrumb":{"@id":"https:\/\/vieassociative.be\/actualites\/1-1-1-false-debut-du-red-devil-in-the-world-cup-qualification\/#breadcrumb"},"inLanguage":"fr-BE","potentialAction":[{"@type":"ReadAction","target":["https:\/\/vieassociative.be\/actualites\/1-1-1-false-debut-du-red-devil-in-the-world-cup-qualification\/"]}]},{"@type":"ImageObject","inLanguage":"fr-BE","@id":"https:\/\/vieassociative.be\/actualites\/1-1-1-false-debut-du-red-devil-in-the-world-cup-qualification\/#primaryimage","url":"https:\/\/vieassociative.be\/actualites\/wp-content\/uploads\/2025\/06\/1749262658_1-1-1-False-Debut-du-Red-Devil-in-the-World.jpg","contentUrl":"https:\/\/vieassociative.be\/actualites\/wp-content\/uploads\/2025\/06\/1749262658_1-1-1-False-Debut-du-Red-Devil-in-the-World.jpg","width":1200,"height":800,"caption":"1: 1: 1-False D\u00e9but du Red Devil in the World Cup Qualification"},{"@type":"BreadcrumbList","@id":"https:\/\/vieassociative.be\/actualites\/1-1-1-false-debut-du-red-devil-in-the-world-cup-qualification\/#breadcrumb","itemListElement":[{"@type":"ListItem","position":1,"name":"Accueil","item":"https:\/\/vieassociative.be\/actualites\/"},{"@type":"ListItem","position":2,"name":"1: 1: 1-False D\u00e9but du Red Devil in the World Cup Qualification"}]},{"@type":"WebSite","@id":"https:\/\/vieassociative.be\/actualites\/#website","url":"https:\/\/vieassociative.be\/actualites\/","name":"Vie Associative","description":"","publisher":{"@id":"https:\/\/vieassociative.be\/actualites\/#organization"},"potentialAction":[{"@type":"SearchAction","target":{"@type":"EntryPoint","urlTemplate":"https:\/\/vieassociative.be\/actualites\/?s={search_term_string}"},"query-input":{"@type":"PropertyValueSpecification","valueRequired":true,"valueName":"search_term_string"}}],"inLanguage":"fr-BE"},{"@type":"Organization","@id":"https:\/\/vieassociative.be\/actualites\/#organization","name":"Vie Associative","url":"https:\/\/vieassociative.be\/actualites\/","logo":{"@type":"ImageObject","inLanguage":"fr-BE","@id":"https:\/\/vieassociative.be\/actualites\/#\/schema\/logo\/image\/","url":"https:\/\/vieassociative.be\/actualites\/wp-content\/uploads\/2024\/09\/cropped-vieassociative_favicon.ico.png","contentUrl":"https:\/\/vieassociative.be\/actualites\/wp-content\/uploads\/2024\/09\/cropped-vieassociative_favicon.ico.png","width":512,"height":512,"caption":"Vie Associative"},"image":{"@id":"https:\/\/vieassociative.be\/actualites\/#\/schema\/logo\/image\/"}},{"@type":"Person","@id":"https:\/\/vieassociative.be\/actualites\/#\/schema\/person\/b87ac4f82f9d4e7b7cec7395b679edc4","name":"Julien","image":{"@type":"ImageObject","inLanguage":"fr-BE","@id":"https:\/\/vieassociative.be\/actualites\/#\/schema\/person\/image\/","url":"https:\/\/vieassociative.be\/actualites\/wp-content\/uploads\/2024\/09\/vie-associative-1-150x150.jpg","contentUrl":"https:\/\/vieassociative.be\/actualites\/wp-content\/uploads\/2024\/09\/vie-associative-1-150x150.jpg","caption":"Julien"},"description":"Je suis Julien, r\u00e9dacteur pour Vie Associative. Passionn\u00e9 par le monde associatif depuis plus de 10 ans, j'ai \u00e0 c\u0153ur de partager des histoires inspirantes et de mettre en lumi\u00e8re les initiatives locales. Mon objectif est de sensibiliser et d'encourager l'engagement communautaire \u00e0 travers mes articles.","sameAs":["https:\/\/vieassociative.be\/"]}]}},"_links":{"self":[{"href":"https:\/\/vieassociative.be\/actualites\/wp-json\/wp\/v2\/posts\/8031"}],"collection":[{"href":"https:\/\/vieassociative.be\/actualites\/wp-json\/wp\/v2\/posts"}],"about":[{"href":"https:\/\/vieassociative.be\/actualites\/wp-json\/wp\/v2\/types\/post"}],"author":[{"embeddable":true,"href":"https:\/\/vieassociative.be\/actualites\/wp-json\/wp\/v2\/users\/1"}],"replies":[{"embeddable":true,"href":"https:\/\/vieassociative.be\/actualites\/wp-json\/wp\/v2\/comments?post=8031"}],"version-history":[{"count":0,"href":"https:\/\/vieassociative.be\/actualites\/wp-json\/wp\/v2\/posts\/8031\/revisions"}],"wp:featuredmedia":[{"embeddable":true,"href":"https:\/\/vieassociative.be\/actualites\/wp-json\/wp\/v2\/media\/8032"}],"wp:attachment":[{"href":"https:\/\/vieassociative.be\/actualites\/wp-json\/wp\/v2\/media?parent=8031"}],"wp:term":[{"taxonomy":"category","embeddable":true,"href":"https:\/\/vieassociative.be\/actualites\/wp-json\/wp\/v2\/categories?post=8031"},{"taxonomy":"post_tag","embeddable":true,"href":"https:\/\/vieassociative.be\/actualites\/wp-json\/wp\/v2\/tags?post=8031"}],"curies":[{"name":"wp","href":"https:\/\/api.w.org\/{rel}","templated":true}]}}