{"id":803,"date":"2024-10-03T15:22:12","date_gmt":"2024-10-03T13:22:12","guid":{"rendered":"https:\/\/vieassociative.be\/actualites\/les-haut-parleurs-intelligents-amazon-echo-beneficient-jusqua-55-de-reduction-avant-le-prime-day-doctobre\/"},"modified":"2024-10-03T15:22:12","modified_gmt":"2024-10-03T13:22:12","slug":"les-haut-parleurs-intelligents-amazon-echo-beneficient-jusqua-55-de-reduction-avant-le-prime-day-doctobre","status":"publish","type":"post","link":"https:\/\/vieassociative.be\/actualites\/les-haut-parleurs-intelligents-amazon-echo-beneficient-jusqua-55-de-reduction-avant-le-prime-day-doctobre\/","title":{"rendered":"Les haut-parleurs intelligents Amazon Echo b\u00e9n\u00e9ficient jusqu&rsquo;\u00e0 55 % de r\u00e9duction avant le Prime Day d&rsquo;octobre"},"content":{"rendered":"<div class=\"mt-4 leading-6 md:mb-8\">Obtenez les haut-parleurs intelligents Echo \u00e0 partir de 17,99 $ et le dernier Echo Spot \u00e0 son prix le plus bas \u00e0 ce jour.<\/div>\n<p><\/p>\n<p>Le Prime Day d&rsquo;octobre n&rsquo;a pas encore officiellement commenc\u00e9, mais les premi\u00e8res offres sur les appareils Amazon battent leur plein, notamment des offres sur les \u00e9couteurs, les t\u00e9l\u00e9viseurs Fire, les Kindle, les cam\u00e9ras Blink et maintenant, les haut-parleurs intelligents Echo. Toutes les enceintes intelligentes Echo les plus r\u00e9centes sont actuellement en vente jusqu&rsquo;\u00e0 55 % de r\u00e9duction, et vous n&rsquo;avez pas besoin d&rsquo;\u00eatre membre Prime pour les acheter.<\/p>\n<h2 id=\"the-echo-pop-is-1799\">L&rsquo;Echo Pop co\u00fbte 17,99 $<\/h2>\n<p>Le haut-parleur Echo Pop co\u00fbte actuellement 17,99 $ (initialement 39,99 $). Ce mod\u00e8le a \u00e9t\u00e9 lanc\u00e9 l&rsquo;\u00e9t\u00e9 dernier et a re\u00e7u une note \u00ab excellente \u00bb de PCMag pour sa rentabilit\u00e9, sa qualit\u00e9 sonore et son extension wifi Eero. Bien qu&rsquo;il ne soit pas aussi bruyant que l&rsquo;Echo Dot et qu&rsquo;il manque des capteurs tactiles et de temp\u00e9rature, il correspond \u00e0 l&rsquo;Echo Dot dans la plupart des autres fonctions.<\/p>\n<h2 id=\"the-echo-dot-5th-generation-is-54-off\">L&rsquo;Echo Dot 5\u00e8me g\u00e9n\u00e9ration est \u00e0 54% de r\u00e9duction<\/h2>\n<p>Si vous recherchez une enceinte intelligente l\u00e9g\u00e8rement plus costaude que l&rsquo;Echo Pop, l&rsquo;Echo Dot de 5e g\u00e9n\u00e9ration, actuellement disponible pour <strong>22,99\u00a0$<\/strong> (\u00e0 l&rsquo;origine 49,99 $), est votre meilleure option. PCMag a attribu\u00e9 \u00e0 celui-ci une note \u00ab\u00a0excellent\u00a0\u00bb. Pour le m\u00eame prix, vous pouvez \u00e9galement obtenir le pack comprenant une ampoule couleur intelligente gratuite.<\/p>\n<h2 id=\"the-amazon-echo-is-45-off\">L&rsquo;Amazon Echo est \u00e0 45% de r\u00e9duction<\/h2>\n<p>L&rsquo;Echo de 4\u00e8me g\u00e9n\u00e9ration est actuellement <strong>54,99\u00a0$<\/strong> (\u00e0 l&rsquo;origine 99,99 $). Il s\u2019agit de l\u2019enceinte la plus puissante et la plus compl\u00e8te du groupe\u00a0: elle poss\u00e8de des basses puissantes et est le seul appareil ici dot\u00e9 d\u2019un hub de maison intelligente int\u00e9gr\u00e9 qui vous permet d\u2019unifier vos appareils intelligents. Pour le m\u00eame prix, vous pouvez \u00e9galement obtenir le pack comprenant une ampoule couleur intelligente gratuite.<\/p>\n<h2 id=\"the-new-amazon-echo-spot-is-45-off\">Le nouvel Amazon Echo Spot est \u00e0 45 $ de r\u00e9duction<\/h2>\n<p>L&rsquo;Amazon Echo Spot vient de sortir cet \u00e9t\u00e9, mais il b\u00e9n\u00e9ficie d\u00e9j\u00e0 d&rsquo;une remise importante, actuellement <strong>44,99\u00a0$<\/strong> (\u00e0 l&rsquo;origine 79,99 $). L&rsquo;Echo Spot tente d&rsquo;\u00eatre un m\u00e9lange entre un haut-parleur intelligent Echo et un Echo Show, mais il manque dans le d\u00e9partement d&rsquo;affichage pour \u00eatre consid\u00e9r\u00e9 comme un v\u00e9ritable appareil \u00ab d&rsquo;affichage intelligent \u00bb, selon l&rsquo;examen de PCMag. Il s\u2019agit plut\u00f4t d\u2019une enceinte intelligente avec un \u00e9cran tr\u00e8s basique. Ce n\u2019est pas un haut-parleur aussi puissant que l\u2019Amazon Echo, mais il est beaucoup moins cher. Comme les autres haut-parleurs, vous pouvez \u00e9galement obtenir le pack comprenant une ampoule couleur intelligente gratuite.<\/p>\n","protected":false},"excerpt":{"rendered":"<p>Obtenez les haut-parleurs intelligents Echo \u00e0 partir de 17,99 $ et le dernier Echo Spot \u00e0 son prix le plus bas \u00e0 ce jour. Le<\/p>\n","protected":false},"author":1,"featured_media":804,"comment_status":"","ping_status":"","sticky":false,"template":"","format":"standard","meta":{"footnotes":""},"categories":[13],"tags":[51,142,1268,347,1250,1267,1266,452,1269,14,346,308],"class_list":["post-803","post","type-post","status-publish","format-standard","has-post-thumbnail","hentry","category-technologie","tag-amazon","tag-avant","tag-beneficient","tag-day","tag-doctobre","tag-echo","tag-hautparleurs","tag-intelligents","tag-jusqua","tag-les","tag-prime","tag-reduction","generate-columns","tablet-grid-50","mobile-grid-100","grid-parent","grid-33"],"yoast_head":"<!-- This site is optimized with the Yoast SEO plugin v24.0 - https:\/\/yoast.com\/wordpress\/plugins\/seo\/ -->\n<title>Les haut-parleurs intelligents Amazon Echo b\u00e9n\u00e9ficient jusqu&#039;\u00e0 55 % de r\u00e9duction avant le Prime Day d&#039;octobre | Vie Associative<\/title>\n<meta name=\"robots\" content=\"index, follow, max-snippet:-1, max-image-preview:large, max-video-preview:-1\" \/>\n<link rel=\"canonical\" href=\"https:\/\/vieassociative.be\/actualites\/les-haut-parleurs-intelligents-amazon-echo-beneficient-jusqua-55-de-reduction-avant-le-prime-day-doctobre\/\" \/>\n<meta property=\"og:locale\" content=\"fr_FR\" \/>\n<meta property=\"og:type\" content=\"article\" \/>\n<meta property=\"og:title\" content=\"Les haut-parleurs intelligents Amazon Echo b\u00e9n\u00e9ficient jusqu&#039;\u00e0 55 % de r\u00e9duction avant le Prime Day d&#039;octobre | Vie Associative\" \/>\n<meta property=\"og:description\" content=\"Obtenez les haut-parleurs intelligents Echo \u00e0 partir de 17,99 $ et le dernier Echo Spot \u00e0 son prix le plus bas \u00e0 ce jour. Le\" \/>\n<meta property=\"og:url\" content=\"https:\/\/vieassociative.be\/actualites\/les-haut-parleurs-intelligents-amazon-echo-beneficient-jusqua-55-de-reduction-avant-le-prime-day-doctobre\/\" \/>\n<meta property=\"og:site_name\" content=\"Vie Associative\" \/>\n<meta property=\"article:published_time\" content=\"2024-10-03T13:22:12+00:00\" \/>\n<meta property=\"og:image\" content=\"https:\/\/vieassociative.be\/actualites\/wp-content\/uploads\/2024\/09\/header_backgroundk-01-e1726694325946.png\" \/>\n\t<meta property=\"og:image:width\" content=\"279\" \/>\n\t<meta property=\"og:image:height\" content=\"92\" \/>\n\t<meta property=\"og:image:type\" content=\"image\/png\" \/>\n<meta name=\"author\" content=\"Julien\" \/>\n<meta name=\"twitter:card\" content=\"summary_large_image\" \/>\n<meta name=\"twitter:label1\" content=\"\u00c9crit par\" \/>\n\t<meta name=\"twitter:data1\" content=\"Julien\" \/>\n\t<meta name=\"twitter:label2\" content=\"Dur\u00e9e de lecture est.\" \/>\n\t<meta name=\"twitter:data2\" content=\"2 minutes\" \/>\n<script type=\"application\/ld+json\" class=\"yoast-schema-graph\">{\"@context\":\"https:\/\/schema.org\",\"@graph\":[{\"@type\":\"Article\",\"@id\":\"https:\/\/vieassociative.be\/actualites\/les-haut-parleurs-intelligents-amazon-echo-beneficient-jusqua-55-de-reduction-avant-le-prime-day-doctobre\/#article\",\"isPartOf\":{\"@id\":\"https:\/\/vieassociative.be\/actualites\/les-haut-parleurs-intelligents-amazon-echo-beneficient-jusqua-55-de-reduction-avant-le-prime-day-doctobre\/\"},\"author\":{\"name\":\"Julien\",\"@id\":\"https:\/\/vieassociative.be\/actualites\/#\/schema\/person\/b87ac4f82f9d4e7b7cec7395b679edc4\"},\"headline\":\"Les haut-parleurs intelligents Amazon Echo b\u00e9n\u00e9ficient jusqu&rsquo;\u00e0 55 % de r\u00e9duction avant le Prime Day d&rsquo;octobre\",\"datePublished\":\"2024-10-03T13:22:12+00:00\",\"dateModified\":\"2024-10-03T13:22:12+00:00\",\"mainEntityOfPage\":{\"@id\":\"https:\/\/vieassociative.be\/actualites\/les-haut-parleurs-intelligents-amazon-echo-beneficient-jusqua-55-de-reduction-avant-le-prime-day-doctobre\/\"},\"wordCount\":461,\"publisher\":{\"@id\":\"https:\/\/vieassociative.be\/actualites\/#organization\"},\"image\":{\"@id\":\"https:\/\/vieassociative.be\/actualites\/les-haut-parleurs-intelligents-amazon-echo-beneficient-jusqua-55-de-reduction-avant-le-prime-day-doctobre\/#primaryimage\"},\"thumbnailUrl\":\"https:\/\/vieassociative.be\/actualites\/wp-content\/uploads\/2024\/10\/Les-haut-parleurs-intelligents-Amazon-Echo-beneficient-jusqua-55-de.png\",\"keywords\":[\"Amazon\",\"avant\",\"b\u00e9n\u00e9ficient\",\"Day\",\"doctobre\",\"Echo\",\"hautparleurs\",\"intelligents\",\"jusqu\u00e0\",\"Les\",\"Prime\",\"r\u00e9duction\"],\"articleSection\":[\"Technologie\"],\"inLanguage\":\"fr-BE\"},{\"@type\":\"WebPage\",\"@id\":\"https:\/\/vieassociative.be\/actualites\/les-haut-parleurs-intelligents-amazon-echo-beneficient-jusqua-55-de-reduction-avant-le-prime-day-doctobre\/\",\"url\":\"https:\/\/vieassociative.be\/actualites\/les-haut-parleurs-intelligents-amazon-echo-beneficient-jusqua-55-de-reduction-avant-le-prime-day-doctobre\/\",\"name\":\"Les haut-parleurs intelligents Amazon Echo b\u00e9n\u00e9ficient jusqu'\u00e0 55 % de r\u00e9duction avant le Prime Day d'octobre | Vie Associative\",\"isPartOf\":{\"@id\":\"https:\/\/vieassociative.be\/actualites\/#website\"},\"primaryImageOfPage\":{\"@id\":\"https:\/\/vieassociative.be\/actualites\/les-haut-parleurs-intelligents-amazon-echo-beneficient-jusqua-55-de-reduction-avant-le-prime-day-doctobre\/#primaryimage\"},\"image\":{\"@id\":\"https:\/\/vieassociative.be\/actualites\/les-haut-parleurs-intelligents-amazon-echo-beneficient-jusqua-55-de-reduction-avant-le-prime-day-doctobre\/#primaryimage\"},\"thumbnailUrl\":\"https:\/\/vieassociative.be\/actualites\/wp-content\/uploads\/2024\/10\/Les-haut-parleurs-intelligents-Amazon-Echo-beneficient-jusqua-55-de.png\",\"datePublished\":\"2024-10-03T13:22:12+00:00\",\"dateModified\":\"2024-10-03T13:22:12+00:00\",\"breadcrumb\":{\"@id\":\"https:\/\/vieassociative.be\/actualites\/les-haut-parleurs-intelligents-amazon-echo-beneficient-jusqua-55-de-reduction-avant-le-prime-day-doctobre\/#breadcrumb\"},\"inLanguage\":\"fr-BE\",\"potentialAction\":[{\"@type\":\"ReadAction\",\"target\":[\"https:\/\/vieassociative.be\/actualites\/les-haut-parleurs-intelligents-amazon-echo-beneficient-jusqua-55-de-reduction-avant-le-prime-day-doctobre\/\"]}]},{\"@type\":\"ImageObject\",\"inLanguage\":\"fr-BE\",\"@id\":\"https:\/\/vieassociative.be\/actualites\/les-haut-parleurs-intelligents-amazon-echo-beneficient-jusqua-55-de-reduction-avant-le-prime-day-doctobre\/#primaryimage\",\"url\":\"https:\/\/vieassociative.be\/actualites\/wp-content\/uploads\/2024\/10\/Les-haut-parleurs-intelligents-Amazon-Echo-beneficient-jusqua-55-de.png\",\"contentUrl\":\"https:\/\/vieassociative.be\/actualites\/wp-content\/uploads\/2024\/10\/Les-haut-parleurs-intelligents-Amazon-Echo-beneficient-jusqua-55-de.png\",\"width\":1200,\"height\":675,\"caption\":\"Les haut-parleurs intelligents Amazon Echo b\u00e9n\u00e9ficient jusqu'\u00e0 55 % de r\u00e9duction avant le Prime Day d'octobre\"},{\"@type\":\"BreadcrumbList\",\"@id\":\"https:\/\/vieassociative.be\/actualites\/les-haut-parleurs-intelligents-amazon-echo-beneficient-jusqua-55-de-reduction-avant-le-prime-day-doctobre\/#breadcrumb\",\"itemListElement\":[{\"@type\":\"ListItem\",\"position\":1,\"name\":\"Accueil\",\"item\":\"https:\/\/vieassociative.be\/actualites\/\"},{\"@type\":\"ListItem\",\"position\":2,\"name\":\"Les haut-parleurs intelligents Amazon Echo b\u00e9n\u00e9ficient jusqu&rsquo;\u00e0 55 % de r\u00e9duction avant le Prime Day d&rsquo;octobre\"}]},{\"@type\":\"WebSite\",\"@id\":\"https:\/\/vieassociative.be\/actualites\/#website\",\"url\":\"https:\/\/vieassociative.be\/actualites\/\",\"name\":\"Vie Associative\",\"description\":\"\",\"publisher\":{\"@id\":\"https:\/\/vieassociative.be\/actualites\/#organization\"},\"potentialAction\":[{\"@type\":\"SearchAction\",\"target\":{\"@type\":\"EntryPoint\",\"urlTemplate\":\"https:\/\/vieassociative.be\/actualites\/?s={search_term_string}\"},\"query-input\":{\"@type\":\"PropertyValueSpecification\",\"valueRequired\":true,\"valueName\":\"search_term_string\"}}],\"inLanguage\":\"fr-BE\"},{\"@type\":\"Organization\",\"@id\":\"https:\/\/vieassociative.be\/actualites\/#organization\",\"name\":\"Vie Associative\",\"url\":\"https:\/\/vieassociative.be\/actualites\/\",\"logo\":{\"@type\":\"ImageObject\",\"inLanguage\":\"fr-BE\",\"@id\":\"https:\/\/vieassociative.be\/actualites\/#\/schema\/logo\/image\/\",\"url\":\"https:\/\/vieassociative.be\/actualites\/wp-content\/uploads\/2024\/09\/cropped-vieassociative_favicon.ico.png\",\"contentUrl\":\"https:\/\/vieassociative.be\/actualites\/wp-content\/uploads\/2024\/09\/cropped-vieassociative_favicon.ico.png\",\"width\":512,\"height\":512,\"caption\":\"Vie Associative\"},\"image\":{\"@id\":\"https:\/\/vieassociative.be\/actualites\/#\/schema\/logo\/image\/\"}},{\"@type\":\"Person\",\"@id\":\"https:\/\/vieassociative.be\/actualites\/#\/schema\/person\/b87ac4f82f9d4e7b7cec7395b679edc4\",\"name\":\"Julien\",\"image\":{\"@type\":\"ImageObject\",\"inLanguage\":\"fr-BE\",\"@id\":\"https:\/\/vieassociative.be\/actualites\/#\/schema\/person\/image\/\",\"url\":\"https:\/\/vieassociative.be\/actualites\/wp-content\/uploads\/2024\/09\/vie-associative-1-150x150.jpg\",\"contentUrl\":\"https:\/\/vieassociative.be\/actualites\/wp-content\/uploads\/2024\/09\/vie-associative-1-150x150.jpg\",\"caption\":\"Julien\"},\"description\":\"Je suis Julien, r\u00e9dacteur pour Vie Associative. Passionn\u00e9 par le monde associatif depuis plus de 10 ans, j'ai \u00e0 c\u0153ur de partager des histoires inspirantes et de mettre en lumi\u00e8re les initiatives locales. Mon objectif est de sensibiliser et d'encourager l'engagement communautaire \u00e0 travers mes articles.\",\"sameAs\":[\"https:\/\/vieassociative.be\/\"]}]}<\/script>\n<!-- \/ Yoast SEO plugin. -->","yoast_head_json":{"title":"Les haut-parleurs intelligents Amazon Echo b\u00e9n\u00e9ficient jusqu'\u00e0 55 % de r\u00e9duction avant le Prime Day d'octobre | Vie Associative","robots":{"index":"index","follow":"follow","max-snippet":"max-snippet:-1","max-image-preview":"max-image-preview:large","max-video-preview":"max-video-preview:-1"},"canonical":"https:\/\/vieassociative.be\/actualites\/les-haut-parleurs-intelligents-amazon-echo-beneficient-jusqua-55-de-reduction-avant-le-prime-day-doctobre\/","og_locale":"fr_FR","og_type":"article","og_title":"Les haut-parleurs intelligents Amazon Echo b\u00e9n\u00e9ficient jusqu'\u00e0 55 % de r\u00e9duction avant le Prime Day d'octobre | Vie Associative","og_description":"Obtenez les haut-parleurs intelligents Echo \u00e0 partir de 17,99 $ et le dernier Echo Spot \u00e0 son prix le plus bas \u00e0 ce jour. Le","og_url":"https:\/\/vieassociative.be\/actualites\/les-haut-parleurs-intelligents-amazon-echo-beneficient-jusqua-55-de-reduction-avant-le-prime-day-doctobre\/","og_site_name":"Vie Associative","article_published_time":"2024-10-03T13:22:12+00:00","og_image":[{"width":279,"height":92,"url":"https:\/\/vieassociative.be\/actualites\/wp-content\/uploads\/2024\/09\/header_backgroundk-01-e1726694325946.png","type":"image\/png"}],"author":"Julien","twitter_card":"summary_large_image","twitter_misc":{"\u00c9crit par":"Julien","Dur\u00e9e de lecture est.":"2 minutes"},"schema":{"@context":"https:\/\/schema.org","@graph":[{"@type":"Article","@id":"https:\/\/vieassociative.be\/actualites\/les-haut-parleurs-intelligents-amazon-echo-beneficient-jusqua-55-de-reduction-avant-le-prime-day-doctobre\/#article","isPartOf":{"@id":"https:\/\/vieassociative.be\/actualites\/les-haut-parleurs-intelligents-amazon-echo-beneficient-jusqua-55-de-reduction-avant-le-prime-day-doctobre\/"},"author":{"name":"Julien","@id":"https:\/\/vieassociative.be\/actualites\/#\/schema\/person\/b87ac4f82f9d4e7b7cec7395b679edc4"},"headline":"Les haut-parleurs intelligents Amazon Echo b\u00e9n\u00e9ficient jusqu&rsquo;\u00e0 55 % de r\u00e9duction avant le Prime Day d&rsquo;octobre","datePublished":"2024-10-03T13:22:12+00:00","dateModified":"2024-10-03T13:22:12+00:00","mainEntityOfPage":{"@id":"https:\/\/vieassociative.be\/actualites\/les-haut-parleurs-intelligents-amazon-echo-beneficient-jusqua-55-de-reduction-avant-le-prime-day-doctobre\/"},"wordCount":461,"publisher":{"@id":"https:\/\/vieassociative.be\/actualites\/#organization"},"image":{"@id":"https:\/\/vieassociative.be\/actualites\/les-haut-parleurs-intelligents-amazon-echo-beneficient-jusqua-55-de-reduction-avant-le-prime-day-doctobre\/#primaryimage"},"thumbnailUrl":"https:\/\/vieassociative.be\/actualites\/wp-content\/uploads\/2024\/10\/Les-haut-parleurs-intelligents-Amazon-Echo-beneficient-jusqua-55-de.png","keywords":["Amazon","avant","b\u00e9n\u00e9ficient","Day","doctobre","Echo","hautparleurs","intelligents","jusqu\u00e0","Les","Prime","r\u00e9duction"],"articleSection":["Technologie"],"inLanguage":"fr-BE"},{"@type":"WebPage","@id":"https:\/\/vieassociative.be\/actualites\/les-haut-parleurs-intelligents-amazon-echo-beneficient-jusqua-55-de-reduction-avant-le-prime-day-doctobre\/","url":"https:\/\/vieassociative.be\/actualites\/les-haut-parleurs-intelligents-amazon-echo-beneficient-jusqua-55-de-reduction-avant-le-prime-day-doctobre\/","name":"Les haut-parleurs intelligents Amazon Echo b\u00e9n\u00e9ficient jusqu'\u00e0 55 % de r\u00e9duction avant le Prime Day d'octobre | Vie Associative","isPartOf":{"@id":"https:\/\/vieassociative.be\/actualites\/#website"},"primaryImageOfPage":{"@id":"https:\/\/vieassociative.be\/actualites\/les-haut-parleurs-intelligents-amazon-echo-beneficient-jusqua-55-de-reduction-avant-le-prime-day-doctobre\/#primaryimage"},"image":{"@id":"https:\/\/vieassociative.be\/actualites\/les-haut-parleurs-intelligents-amazon-echo-beneficient-jusqua-55-de-reduction-avant-le-prime-day-doctobre\/#primaryimage"},"thumbnailUrl":"https:\/\/vieassociative.be\/actualites\/wp-content\/uploads\/2024\/10\/Les-haut-parleurs-intelligents-Amazon-Echo-beneficient-jusqua-55-de.png","datePublished":"2024-10-03T13:22:12+00:00","dateModified":"2024-10-03T13:22:12+00:00","breadcrumb":{"@id":"https:\/\/vieassociative.be\/actualites\/les-haut-parleurs-intelligents-amazon-echo-beneficient-jusqua-55-de-reduction-avant-le-prime-day-doctobre\/#breadcrumb"},"inLanguage":"fr-BE","potentialAction":[{"@type":"ReadAction","target":["https:\/\/vieassociative.be\/actualites\/les-haut-parleurs-intelligents-amazon-echo-beneficient-jusqua-55-de-reduction-avant-le-prime-day-doctobre\/"]}]},{"@type":"ImageObject","inLanguage":"fr-BE","@id":"https:\/\/vieassociative.be\/actualites\/les-haut-parleurs-intelligents-amazon-echo-beneficient-jusqua-55-de-reduction-avant-le-prime-day-doctobre\/#primaryimage","url":"https:\/\/vieassociative.be\/actualites\/wp-content\/uploads\/2024\/10\/Les-haut-parleurs-intelligents-Amazon-Echo-beneficient-jusqua-55-de.png","contentUrl":"https:\/\/vieassociative.be\/actualites\/wp-content\/uploads\/2024\/10\/Les-haut-parleurs-intelligents-Amazon-Echo-beneficient-jusqua-55-de.png","width":1200,"height":675,"caption":"Les haut-parleurs intelligents Amazon Echo b\u00e9n\u00e9ficient jusqu'\u00e0 55 % de r\u00e9duction avant le Prime Day d'octobre"},{"@type":"BreadcrumbList","@id":"https:\/\/vieassociative.be\/actualites\/les-haut-parleurs-intelligents-amazon-echo-beneficient-jusqua-55-de-reduction-avant-le-prime-day-doctobre\/#breadcrumb","itemListElement":[{"@type":"ListItem","position":1,"name":"Accueil","item":"https:\/\/vieassociative.be\/actualites\/"},{"@type":"ListItem","position":2,"name":"Les haut-parleurs intelligents Amazon Echo b\u00e9n\u00e9ficient jusqu&rsquo;\u00e0 55 % de r\u00e9duction avant le Prime Day d&rsquo;octobre"}]},{"@type":"WebSite","@id":"https:\/\/vieassociative.be\/actualites\/#website","url":"https:\/\/vieassociative.be\/actualites\/","name":"Vie Associative","description":"","publisher":{"@id":"https:\/\/vieassociative.be\/actualites\/#organization"},"potentialAction":[{"@type":"SearchAction","target":{"@type":"EntryPoint","urlTemplate":"https:\/\/vieassociative.be\/actualites\/?s={search_term_string}"},"query-input":{"@type":"PropertyValueSpecification","valueRequired":true,"valueName":"search_term_string"}}],"inLanguage":"fr-BE"},{"@type":"Organization","@id":"https:\/\/vieassociative.be\/actualites\/#organization","name":"Vie Associative","url":"https:\/\/vieassociative.be\/actualites\/","logo":{"@type":"ImageObject","inLanguage":"fr-BE","@id":"https:\/\/vieassociative.be\/actualites\/#\/schema\/logo\/image\/","url":"https:\/\/vieassociative.be\/actualites\/wp-content\/uploads\/2024\/09\/cropped-vieassociative_favicon.ico.png","contentUrl":"https:\/\/vieassociative.be\/actualites\/wp-content\/uploads\/2024\/09\/cropped-vieassociative_favicon.ico.png","width":512,"height":512,"caption":"Vie Associative"},"image":{"@id":"https:\/\/vieassociative.be\/actualites\/#\/schema\/logo\/image\/"}},{"@type":"Person","@id":"https:\/\/vieassociative.be\/actualites\/#\/schema\/person\/b87ac4f82f9d4e7b7cec7395b679edc4","name":"Julien","image":{"@type":"ImageObject","inLanguage":"fr-BE","@id":"https:\/\/vieassociative.be\/actualites\/#\/schema\/person\/image\/","url":"https:\/\/vieassociative.be\/actualites\/wp-content\/uploads\/2024\/09\/vie-associative-1-150x150.jpg","contentUrl":"https:\/\/vieassociative.be\/actualites\/wp-content\/uploads\/2024\/09\/vie-associative-1-150x150.jpg","caption":"Julien"},"description":"Je suis Julien, r\u00e9dacteur pour Vie Associative. Passionn\u00e9 par le monde associatif depuis plus de 10 ans, j'ai \u00e0 c\u0153ur de partager des histoires inspirantes et de mettre en lumi\u00e8re les initiatives locales. Mon objectif est de sensibiliser et d'encourager l'engagement communautaire \u00e0 travers mes articles.","sameAs":["https:\/\/vieassociative.be\/"]}]}},"_links":{"self":[{"href":"https:\/\/vieassociative.be\/actualites\/wp-json\/wp\/v2\/posts\/803"}],"collection":[{"href":"https:\/\/vieassociative.be\/actualites\/wp-json\/wp\/v2\/posts"}],"about":[{"href":"https:\/\/vieassociative.be\/actualites\/wp-json\/wp\/v2\/types\/post"}],"author":[{"embeddable":true,"href":"https:\/\/vieassociative.be\/actualites\/wp-json\/wp\/v2\/users\/1"}],"replies":[{"embeddable":true,"href":"https:\/\/vieassociative.be\/actualites\/wp-json\/wp\/v2\/comments?post=803"}],"version-history":[{"count":0,"href":"https:\/\/vieassociative.be\/actualites\/wp-json\/wp\/v2\/posts\/803\/revisions"}],"wp:featuredmedia":[{"embeddable":true,"href":"https:\/\/vieassociative.be\/actualites\/wp-json\/wp\/v2\/media\/804"}],"wp:attachment":[{"href":"https:\/\/vieassociative.be\/actualites\/wp-json\/wp\/v2\/media?parent=803"}],"wp:term":[{"taxonomy":"category","embeddable":true,"href":"https:\/\/vieassociative.be\/actualites\/wp-json\/wp\/v2\/categories?post=803"},{"taxonomy":"post_tag","embeddable":true,"href":"https:\/\/vieassociative.be\/actualites\/wp-json\/wp\/v2\/tags?post=803"}],"curies":[{"name":"wp","href":"https:\/\/api.w.org\/{rel}","templated":true}]}}