{"id":8029,"date":"2025-06-07T03:18:21","date_gmt":"2025-06-07T01:18:21","guid":{"rendered":"https:\/\/vieassociative.be\/actualites\/la-galaxy-watch-7-de-samsung-propulsee-par-ai-est-de-200-en-ce-moment\/"},"modified":"2025-06-07T03:18:21","modified_gmt":"2025-06-07T01:18:21","slug":"la-galaxy-watch-7-de-samsung-propulsee-par-ai-est-de-200-en-ce-moment","status":"publish","type":"post","link":"https:\/\/vieassociative.be\/actualites\/la-galaxy-watch-7-de-samsung-propulsee-par-ai-est-de-200-en-ce-moment\/","title":{"rendered":"La Galaxy Watch 7 de Samsung propuls\u00e9e par AI est de 200 $ en ce moment"},"content":{"rendered":"<div class=\"mt-4 leading-6 md:mb-8\">Cette montre intelligente Samsung suit votre fr\u00e9quence cardiaque, votre sommeil, vos objectifs de fitness, et plus encore avec des id\u00e9es am\u00e9lior\u00e9es en AI.<\/div>\n<p><\/p>\n<p>Si vous cherchez un cadeau de derni\u00e8re minute pour la f\u00eate des p\u00e8res, cette Watch 7 de Samsung Galaxy 7 est actuellement \u00e0 38% et est au prix de 200 $. Disponible en plusieurs couleurs, il combine une esth\u00e9tique \u00e9l\u00e9gante avec des fonctionnalit\u00e9s compatibles avec l&rsquo;IA de haute technologie, y compris des trackers complets qui surveillent diverses mesures de sant\u00e9, telles que la fr\u00e9quence cardiaque, le sommeil et les niveaux d&rsquo;oxyg\u00e8ne sanguin. Il dispose de plus de 100 modes d&rsquo;entra\u00eenement et peut d\u00e9tecter l&rsquo;apn\u00e9e du sommeil en suivant les perturbations respiratoires. Les conseils de bien-\u00eatre et les fonctionnalit\u00e9s de score d&rsquo;\u00e9nergie aliment\u00e9 en IA collectent des donn\u00e9es, les traduisant en recommandations personnalis\u00e9es et personnalis\u00e9es pour vous aider \u00e0 optimiser vos activit\u00e9s quotidiennes, ce qui fait de cet appareil un accessoire utile pour les drogu\u00e9s du bien-\u00eatre et les amateurs de fitness.<\/p>\n<div class=\"pogoClear mb-12 mt-10 rounded-md border-2 border-gray-100 py-7 shadow-xl md:py-6\">\n<div class=\"flex flex-wrap justify-between px-7 text-black no-underline md:flex-nowrap md:px-8\">\n<div class=\"order-1 mx-auto flex flex-col justify-center md:order-2 md:ml-4 md:w-full md:grow\">\n<div class=\"block cursor-pointer text-center font-akshar text-2xl font-medium leading-7 text-brand-green duration-200 ease-in-out hover:text-brand-green-700 md:text-left md:text-xl md:leading-6\">Samsung Galaxy Watch 7\n                <\/div>\n<div class=\"mt-4 hidden md:flex md:justify-between\">\n<div class=\"self-end\">\n<div class=\"mb-0 h-11 md:flex md:flex-col md:justify-center\">\n<div class=\" font-sans leading-4 text-black\">\n<div class=\"flex flex-wrap items-center justify-center gap-x-1 md:justify-start\">\n        <span class=\"font-bold\"><\/p>\n<p>            199,99 $<br \/>\n                            <span class=\"font-medium\">\u00e0 Amazon<\/span><br \/>\n                    <\/span>\n            <\/div>\n<div class=\"flex items-center justify-center gap-x-1 font-bold md:justify-start\">\n            <span class=\"text-sm line-through\">319,99 $<\/span><br \/>\n            <span class=\"text-sm text-brand-green\">\u00c9conomisez 120,00 $<\/span>\n        <\/div>\n<\/p><\/div>\n<\/p><\/div>\n<\/p><\/div>\n<div class=\"w-44 self-end\">\n                            <button class=\"flex justify-center items-center w-full bg-brand-green text-white text-base font-sans font-medium rounded-md hover:bg-brand-green-700 hover:cursor-pointer md:text-sm h-11\"><\/p>\n<p>    Conclure un accord<br \/>\n<\/button>\n                        <\/div>\n<\/p><\/div>\n<\/p><\/div>\n<div class=\"order-2 mt-5 h-auto w-full md:order-1 md:mt-0 md:hidden\">\n<div class=\"flex aspect-video items-center justify-center\">\n                                            <img decoding=\"async\" class=\"m-0 max-h-full max-w-full rounded-md\" src=\"https:\/\/vieassociative.be\/actualites\/wp-content\/uploads\/2025\/06\/La-Galaxy-Watch-7-de-Samsung-propulsee-par-AI-est.jpg\" alt=\"Samsung Galaxy Watch 7\" width=\"auto\" height=\"auto\" loading=\"lazy\">\n                                    <\/div>\n<\/p><\/div>\n<div class=\"order-2 ml-2 hidden w-32 shrink-0 items-center md:order-1 md:ml-0 md:flex\">\n<div class=\"flex aspect-video items-center justify-center\">\n                                            <img decoding=\"async\" class=\"m-0 max-h-full max-w-full rounded-md\" src=\"https:\/\/vieassociative.be\/actualites\/wp-content\/uploads\/2025\/06\/La-Galaxy-Watch-7-de-Samsung-propulsee-par-AI-est.jpg\" alt=\"Samsung Galaxy Watch 7\" width=\"auto\" height=\"auto\" loading=\"lazy\">\n                                    <\/div>\n<\/p><\/div>\n<div class=\"order-3 flex grow flex-wrap md:hidden md:grow-0\">\n<div class=\"mt-4 w-full\">\n                        <button class=\"flex justify-center items-center w-full bg-brand-green text-white text-base font-sans font-medium rounded-md hover:bg-brand-green-700 hover:cursor-pointer md:text-sm h-11\"><\/p>\n<p>    Conclure un accord<br \/>\n<\/button>\n                    <\/div>\n<div class=\"mx-2 mt-4 w-full\">\n<div class=\" font-sans leading-4 text-black\">\n<div class=\"flex flex-wrap items-center justify-center gap-x-1 md:justify-start\">\n        <span class=\"font-bold\"><\/p>\n<p>            199,99 $<br \/>\n                            <span class=\"font-medium\">\u00e0 Amazon<\/span><br \/>\n                    <\/span>\n            <\/div>\n<div class=\"flex items-center justify-center gap-x-1 font-bold md:justify-start\">\n            <span class=\"text-sm line-through\">319,99 $<\/span><br \/>\n            <span class=\"text-sm text-brand-green\">\u00c9conomisez 120,00 $<\/span>\n        <\/div>\n<\/p><\/div>\n<\/p><\/div>\n<\/p><\/div>\n<\/p><\/div>\n<\/div>\n<p>Avec un \u00e9cran de 40 mm (vous pouvez passer \u00e0 44 mm pour un Estra 29,99 $), le visage de la montre propose une technologie AMOLED, garantissant la visibilit\u00e9 m\u00eame en plein soleil. La plupart des utilisateurs trouvent la montre facile \u00e0 configurer et \u00e0 se connecter \u00e0 un smartphone compatible. Cependant, il convient de noter qu&rsquo;il est sp\u00e9cialement con\u00e7u pour les appareils Samsung. Plusieurs examinateurs d&rsquo;Amazon mentionnent qu&rsquo;il ne fonctionne pas correctement avec les iPhones et les t\u00e9l\u00e9phones Android.<\/p>\n<p>La dur\u00e9e de vie de la batterie re\u00e7oit des critiques mitig\u00e9es, et comme il n&rsquo;a pas de port de charge, il n\u00e9cessite un chargeur magn\u00e9tique. Cette revue PCMAG a test\u00e9 la montre et a constat\u00e9 qu&rsquo;elle dure 22 heures, donc si la dur\u00e9e de vie de la batterie est une priorit\u00e9 (par exemple, pendant les voyages en camping), vous voudrez peut-\u00eatre opter pour la Samsung Galaxy Watch Ultra \u00e0 la place, qui est aliment\u00e9e avec jusqu&rsquo;\u00e0 100 heures sur une seule charge.<\/p>\n<div class=\"pogoClear relative my-10 border-b-(1.5px) border-t-(1.5px) border-dashed border-black py-5 sm:my-14 sm:border-0 sm:py-0\" data-ga-click data-ga-template=\"Deals\" data-ga-module=\"openweb_widget\" data-ga-element=\"openweb_scroll\" data-ga-item=\"openweb_scroll_midpage\" x-data=\"{\n         commentsCount: null,\n         hasComments: false,\n         async fetchCommentsCount() {\n             try {\n                 if (window.openweb &amp;&amp; typeof window.openweb.getMessagesCount === 'function') {\n                     this.commentsCount = await window.openweb.getMessagesCount('01JX3FCDYWB47BW7SN0DAXTXED');\n                     this.hasComments = this.commentsCount !== null &amp;&amp; this.commentsCount &gt; 0;\n                 }\n             } catch (e) {\n                 console.warn('Failed to fetch comment count:', e);\n             }\n         }\n     }\" x-init=\"fetchCommentsCount()\" x-cloak><\/p>\n<div class=\"absolute top-1\/2 hidden w-full -translate-y-1\/2 border-t-(1.5px) border-dashed border-black sm:block\"><\/div>\n<div class=\"relative flex justify-center\">\n<div class=\"flex max-w-fit items-center gap-x-3 bg-white px-5\">\n<div class=\"relative\">\n                <span class=\"absolute left-1\/2 top-1\/2 -translate-x-1\/2 -translate-y-1\/2 font-akshar text-sm font-medium text-black\" aria-live=\"polite\" x-show=\"hasComments\" x-text=\"commentsCount\"><\/span><\/p>\n<p>                <svg class=\"h-8 w-8 text-black\" role=\"img\" aria-hidden=\"true\">\n                    <use href=\"http:\/\/lifehacker.com\/images\/icons\/spritemap.svg#sprite-chat-bubble\"><\/use>\n                <\/svg>\n            <\/div>\n<p>            <span class=\"text-sm font-medium text-black\"><\/p>\n<p>                Que pensez-vous jusqu&rsquo;\u00e0 pr\u00e9sent?<br \/>\n                <button class=\"ml-1 font-semibold text-brand-green underline hover:text-brand-green-700\" type=\"button\" aria-label=\"Comment section trigger\" onclick=\"window.openweb.scrollToComments('01JX3FCDYWB47BW7SN0DAXTXED')\" x-text=\"hasComments ? 'Post a comment.' : 'Be the first to post a comment.'\"><\/button><br \/>\n            <\/span>\n        <\/div>\n<\/p><\/div>\n<\/div>\n<p>Avec une moyenne de 4,5 \u00e9toiles et plus de 2 500 avis sur Amazon, cette montre est un choix bien r\u00e9vis\u00e9 pour les amateurs de fitness ou ceux qui souhaitent vivre une vie saine et \u00e9quilibr\u00e9e. Il combine plusieurs trackers de sant\u00e9 tout en m\u00e9langeant l&rsquo;esth\u00e9tique avec les fonctionnalit\u00e9s, et il n&rsquo;a pas l&rsquo;apparence volumineuse de nombreuses montres intelligentes. Si vous \u00eates un propri\u00e9taire de Samsung, cette Samsung Galaxy Watch 7 \u00e0 prix r\u00e9duit pourrait valoir la peine.<\/p>\n","protected":false},"excerpt":{"rendered":"<p>Cette montre intelligente Samsung suit votre fr\u00e9quence cardiaque, votre sommeil, vos objectifs de fitness, et plus encore avec des id\u00e9es am\u00e9lior\u00e9es en AI. Si vous<\/p>\n","protected":false},"author":1,"featured_media":8030,"comment_status":"","ping_status":"","sticky":false,"template":"","format":"standard","meta":{"footnotes":""},"categories":[13],"tags":[76,4183,1429,676,6735,1878,55],"class_list":["post-8029","post","type-post","status-publish","format-standard","has-post-thumbnail","hentry","category-technologie","tag-est","tag-galaxy","tag-moment","tag-par","tag-propulsee","tag-samsung","tag-watch","generate-columns","tablet-grid-50","mobile-grid-100","grid-parent","grid-33"],"yoast_head":"<!-- This site is optimized with the Yoast SEO plugin v24.0 - https:\/\/yoast.com\/wordpress\/plugins\/seo\/ -->\n<title>La Galaxy Watch 7 de Samsung propuls\u00e9e par AI est de 200 $ en ce moment | Vie Associative<\/title>\n<meta name=\"robots\" content=\"index, follow, max-snippet:-1, max-image-preview:large, max-video-preview:-1\" \/>\n<link rel=\"canonical\" href=\"https:\/\/vieassociative.be\/actualites\/la-galaxy-watch-7-de-samsung-propulsee-par-ai-est-de-200-en-ce-moment\/\" \/>\n<meta property=\"og:locale\" content=\"fr_FR\" \/>\n<meta property=\"og:type\" content=\"article\" \/>\n<meta property=\"og:title\" content=\"La Galaxy Watch 7 de Samsung propuls\u00e9e par AI est de 200 $ en ce moment | Vie Associative\" \/>\n<meta property=\"og:description\" content=\"Cette montre intelligente Samsung suit votre fr\u00e9quence cardiaque, votre sommeil, vos objectifs de fitness, et plus encore avec des id\u00e9es am\u00e9lior\u00e9es en AI. Si vous\" \/>\n<meta property=\"og:url\" content=\"https:\/\/vieassociative.be\/actualites\/la-galaxy-watch-7-de-samsung-propulsee-par-ai-est-de-200-en-ce-moment\/\" \/>\n<meta property=\"og:site_name\" content=\"Vie Associative\" \/>\n<meta property=\"article:published_time\" content=\"2025-06-07T01:18:21+00:00\" \/>\n<meta property=\"og:image\" content=\"https:\/\/vieassociative.be\/actualites\/wp-content\/uploads\/2025\/06\/La-Galaxy-Watch-7-de-Samsung-propulsee-par-AI-est.jpg\" \/>\n<meta name=\"author\" content=\"Julien\" \/>\n<meta name=\"twitter:card\" content=\"summary_large_image\" \/>\n<meta name=\"twitter:label1\" content=\"\u00c9crit par\" \/>\n\t<meta name=\"twitter:data1\" content=\"Julien\" \/>\n\t<meta name=\"twitter:label2\" content=\"Dur\u00e9e de lecture est.\" \/>\n\t<meta name=\"twitter:data2\" content=\"2 minutes\" \/>\n<script type=\"application\/ld+json\" class=\"yoast-schema-graph\">{\"@context\":\"https:\/\/schema.org\",\"@graph\":[{\"@type\":\"Article\",\"@id\":\"https:\/\/vieassociative.be\/actualites\/la-galaxy-watch-7-de-samsung-propulsee-par-ai-est-de-200-en-ce-moment\/#article\",\"isPartOf\":{\"@id\":\"https:\/\/vieassociative.be\/actualites\/la-galaxy-watch-7-de-samsung-propulsee-par-ai-est-de-200-en-ce-moment\/\"},\"author\":{\"name\":\"Julien\",\"@id\":\"https:\/\/vieassociative.be\/actualites\/#\/schema\/person\/b87ac4f82f9d4e7b7cec7395b679edc4\"},\"headline\":\"La Galaxy Watch 7 de Samsung propuls\u00e9e par AI est de 200 $ en ce moment\",\"datePublished\":\"2025-06-07T01:18:21+00:00\",\"dateModified\":\"2025-06-07T01:18:21+00:00\",\"mainEntityOfPage\":{\"@id\":\"https:\/\/vieassociative.be\/actualites\/la-galaxy-watch-7-de-samsung-propulsee-par-ai-est-de-200-en-ce-moment\/\"},\"wordCount\":468,\"publisher\":{\"@id\":\"https:\/\/vieassociative.be\/actualites\/#organization\"},\"image\":{\"@id\":\"https:\/\/vieassociative.be\/actualites\/la-galaxy-watch-7-de-samsung-propulsee-par-ai-est-de-200-en-ce-moment\/#primaryimage\"},\"thumbnailUrl\":\"https:\/\/vieassociative.be\/actualites\/wp-content\/uploads\/2025\/06\/La-Galaxy-Watch-7-de-Samsung-propulsee-par-AI-est.png\",\"keywords\":[\"est\",\"Galaxy\",\"moment\",\"par\",\"propuls\u00e9e\",\"Samsung\",\"Watch\"],\"articleSection\":[\"Technologie\"],\"inLanguage\":\"fr-BE\"},{\"@type\":\"WebPage\",\"@id\":\"https:\/\/vieassociative.be\/actualites\/la-galaxy-watch-7-de-samsung-propulsee-par-ai-est-de-200-en-ce-moment\/\",\"url\":\"https:\/\/vieassociative.be\/actualites\/la-galaxy-watch-7-de-samsung-propulsee-par-ai-est-de-200-en-ce-moment\/\",\"name\":\"La Galaxy Watch 7 de Samsung propuls\u00e9e par AI est de 200 $ en ce moment | Vie Associative\",\"isPartOf\":{\"@id\":\"https:\/\/vieassociative.be\/actualites\/#website\"},\"primaryImageOfPage\":{\"@id\":\"https:\/\/vieassociative.be\/actualites\/la-galaxy-watch-7-de-samsung-propulsee-par-ai-est-de-200-en-ce-moment\/#primaryimage\"},\"image\":{\"@id\":\"https:\/\/vieassociative.be\/actualites\/la-galaxy-watch-7-de-samsung-propulsee-par-ai-est-de-200-en-ce-moment\/#primaryimage\"},\"thumbnailUrl\":\"https:\/\/vieassociative.be\/actualites\/wp-content\/uploads\/2025\/06\/La-Galaxy-Watch-7-de-Samsung-propulsee-par-AI-est.png\",\"datePublished\":\"2025-06-07T01:18:21+00:00\",\"dateModified\":\"2025-06-07T01:18:21+00:00\",\"breadcrumb\":{\"@id\":\"https:\/\/vieassociative.be\/actualites\/la-galaxy-watch-7-de-samsung-propulsee-par-ai-est-de-200-en-ce-moment\/#breadcrumb\"},\"inLanguage\":\"fr-BE\",\"potentialAction\":[{\"@type\":\"ReadAction\",\"target\":[\"https:\/\/vieassociative.be\/actualites\/la-galaxy-watch-7-de-samsung-propulsee-par-ai-est-de-200-en-ce-moment\/\"]}]},{\"@type\":\"ImageObject\",\"inLanguage\":\"fr-BE\",\"@id\":\"https:\/\/vieassociative.be\/actualites\/la-galaxy-watch-7-de-samsung-propulsee-par-ai-est-de-200-en-ce-moment\/#primaryimage\",\"url\":\"https:\/\/vieassociative.be\/actualites\/wp-content\/uploads\/2025\/06\/La-Galaxy-Watch-7-de-Samsung-propulsee-par-AI-est.png\",\"contentUrl\":\"https:\/\/vieassociative.be\/actualites\/wp-content\/uploads\/2025\/06\/La-Galaxy-Watch-7-de-Samsung-propulsee-par-AI-est.png\",\"width\":1200,\"height\":675,\"caption\":\"La Galaxy Watch 7 de Samsung propuls\u00e9e par AI est de 200 $ en ce moment\"},{\"@type\":\"BreadcrumbList\",\"@id\":\"https:\/\/vieassociative.be\/actualites\/la-galaxy-watch-7-de-samsung-propulsee-par-ai-est-de-200-en-ce-moment\/#breadcrumb\",\"itemListElement\":[{\"@type\":\"ListItem\",\"position\":1,\"name\":\"Accueil\",\"item\":\"https:\/\/vieassociative.be\/actualites\/\"},{\"@type\":\"ListItem\",\"position\":2,\"name\":\"La Galaxy Watch 7 de Samsung propuls\u00e9e par AI est de 200 $ en ce moment\"}]},{\"@type\":\"WebSite\",\"@id\":\"https:\/\/vieassociative.be\/actualites\/#website\",\"url\":\"https:\/\/vieassociative.be\/actualites\/\",\"name\":\"Vie Associative\",\"description\":\"\",\"publisher\":{\"@id\":\"https:\/\/vieassociative.be\/actualites\/#organization\"},\"potentialAction\":[{\"@type\":\"SearchAction\",\"target\":{\"@type\":\"EntryPoint\",\"urlTemplate\":\"https:\/\/vieassociative.be\/actualites\/?s={search_term_string}\"},\"query-input\":{\"@type\":\"PropertyValueSpecification\",\"valueRequired\":true,\"valueName\":\"search_term_string\"}}],\"inLanguage\":\"fr-BE\"},{\"@type\":\"Organization\",\"@id\":\"https:\/\/vieassociative.be\/actualites\/#organization\",\"name\":\"Vie Associative\",\"url\":\"https:\/\/vieassociative.be\/actualites\/\",\"logo\":{\"@type\":\"ImageObject\",\"inLanguage\":\"fr-BE\",\"@id\":\"https:\/\/vieassociative.be\/actualites\/#\/schema\/logo\/image\/\",\"url\":\"https:\/\/vieassociative.be\/actualites\/wp-content\/uploads\/2024\/09\/cropped-vieassociative_favicon.ico.png\",\"contentUrl\":\"https:\/\/vieassociative.be\/actualites\/wp-content\/uploads\/2024\/09\/cropped-vieassociative_favicon.ico.png\",\"width\":512,\"height\":512,\"caption\":\"Vie Associative\"},\"image\":{\"@id\":\"https:\/\/vieassociative.be\/actualites\/#\/schema\/logo\/image\/\"}},{\"@type\":\"Person\",\"@id\":\"https:\/\/vieassociative.be\/actualites\/#\/schema\/person\/b87ac4f82f9d4e7b7cec7395b679edc4\",\"name\":\"Julien\",\"image\":{\"@type\":\"ImageObject\",\"inLanguage\":\"fr-BE\",\"@id\":\"https:\/\/vieassociative.be\/actualites\/#\/schema\/person\/image\/\",\"url\":\"https:\/\/vieassociative.be\/actualites\/wp-content\/uploads\/2024\/09\/vie-associative-1-150x150.jpg\",\"contentUrl\":\"https:\/\/vieassociative.be\/actualites\/wp-content\/uploads\/2024\/09\/vie-associative-1-150x150.jpg\",\"caption\":\"Julien\"},\"description\":\"Je suis Julien, r\u00e9dacteur pour Vie Associative. Passionn\u00e9 par le monde associatif depuis plus de 10 ans, j'ai \u00e0 c\u0153ur de partager des histoires inspirantes et de mettre en lumi\u00e8re les initiatives locales. Mon objectif est de sensibiliser et d'encourager l'engagement communautaire \u00e0 travers mes articles.\",\"sameAs\":[\"https:\/\/vieassociative.be\/\"]}]}<\/script>\n<!-- \/ Yoast SEO plugin. -->","yoast_head_json":{"title":"La Galaxy Watch 7 de Samsung propuls\u00e9e par AI est de 200 $ en ce moment | Vie Associative","robots":{"index":"index","follow":"follow","max-snippet":"max-snippet:-1","max-image-preview":"max-image-preview:large","max-video-preview":"max-video-preview:-1"},"canonical":"https:\/\/vieassociative.be\/actualites\/la-galaxy-watch-7-de-samsung-propulsee-par-ai-est-de-200-en-ce-moment\/","og_locale":"fr_FR","og_type":"article","og_title":"La Galaxy Watch 7 de Samsung propuls\u00e9e par AI est de 200 $ en ce moment | Vie Associative","og_description":"Cette montre intelligente Samsung suit votre fr\u00e9quence cardiaque, votre sommeil, vos objectifs de fitness, et plus encore avec des id\u00e9es am\u00e9lior\u00e9es en AI. Si vous","og_url":"https:\/\/vieassociative.be\/actualites\/la-galaxy-watch-7-de-samsung-propulsee-par-ai-est-de-200-en-ce-moment\/","og_site_name":"Vie Associative","article_published_time":"2025-06-07T01:18:21+00:00","og_image":[{"url":"https:\/\/vieassociative.be\/actualites\/wp-content\/uploads\/2025\/06\/La-Galaxy-Watch-7-de-Samsung-propulsee-par-AI-est.jpg","type":"","width":"","height":""}],"author":"Julien","twitter_card":"summary_large_image","twitter_misc":{"\u00c9crit par":"Julien","Dur\u00e9e de lecture est.":"2 minutes"},"schema":{"@context":"https:\/\/schema.org","@graph":[{"@type":"Article","@id":"https:\/\/vieassociative.be\/actualites\/la-galaxy-watch-7-de-samsung-propulsee-par-ai-est-de-200-en-ce-moment\/#article","isPartOf":{"@id":"https:\/\/vieassociative.be\/actualites\/la-galaxy-watch-7-de-samsung-propulsee-par-ai-est-de-200-en-ce-moment\/"},"author":{"name":"Julien","@id":"https:\/\/vieassociative.be\/actualites\/#\/schema\/person\/b87ac4f82f9d4e7b7cec7395b679edc4"},"headline":"La Galaxy Watch 7 de Samsung propuls\u00e9e par AI est de 200 $ en ce moment","datePublished":"2025-06-07T01:18:21+00:00","dateModified":"2025-06-07T01:18:21+00:00","mainEntityOfPage":{"@id":"https:\/\/vieassociative.be\/actualites\/la-galaxy-watch-7-de-samsung-propulsee-par-ai-est-de-200-en-ce-moment\/"},"wordCount":468,"publisher":{"@id":"https:\/\/vieassociative.be\/actualites\/#organization"},"image":{"@id":"https:\/\/vieassociative.be\/actualites\/la-galaxy-watch-7-de-samsung-propulsee-par-ai-est-de-200-en-ce-moment\/#primaryimage"},"thumbnailUrl":"https:\/\/vieassociative.be\/actualites\/wp-content\/uploads\/2025\/06\/La-Galaxy-Watch-7-de-Samsung-propulsee-par-AI-est.png","keywords":["est","Galaxy","moment","par","propuls\u00e9e","Samsung","Watch"],"articleSection":["Technologie"],"inLanguage":"fr-BE"},{"@type":"WebPage","@id":"https:\/\/vieassociative.be\/actualites\/la-galaxy-watch-7-de-samsung-propulsee-par-ai-est-de-200-en-ce-moment\/","url":"https:\/\/vieassociative.be\/actualites\/la-galaxy-watch-7-de-samsung-propulsee-par-ai-est-de-200-en-ce-moment\/","name":"La Galaxy Watch 7 de Samsung propuls\u00e9e par AI est de 200 $ en ce moment | Vie Associative","isPartOf":{"@id":"https:\/\/vieassociative.be\/actualites\/#website"},"primaryImageOfPage":{"@id":"https:\/\/vieassociative.be\/actualites\/la-galaxy-watch-7-de-samsung-propulsee-par-ai-est-de-200-en-ce-moment\/#primaryimage"},"image":{"@id":"https:\/\/vieassociative.be\/actualites\/la-galaxy-watch-7-de-samsung-propulsee-par-ai-est-de-200-en-ce-moment\/#primaryimage"},"thumbnailUrl":"https:\/\/vieassociative.be\/actualites\/wp-content\/uploads\/2025\/06\/La-Galaxy-Watch-7-de-Samsung-propulsee-par-AI-est.png","datePublished":"2025-06-07T01:18:21+00:00","dateModified":"2025-06-07T01:18:21+00:00","breadcrumb":{"@id":"https:\/\/vieassociative.be\/actualites\/la-galaxy-watch-7-de-samsung-propulsee-par-ai-est-de-200-en-ce-moment\/#breadcrumb"},"inLanguage":"fr-BE","potentialAction":[{"@type":"ReadAction","target":["https:\/\/vieassociative.be\/actualites\/la-galaxy-watch-7-de-samsung-propulsee-par-ai-est-de-200-en-ce-moment\/"]}]},{"@type":"ImageObject","inLanguage":"fr-BE","@id":"https:\/\/vieassociative.be\/actualites\/la-galaxy-watch-7-de-samsung-propulsee-par-ai-est-de-200-en-ce-moment\/#primaryimage","url":"https:\/\/vieassociative.be\/actualites\/wp-content\/uploads\/2025\/06\/La-Galaxy-Watch-7-de-Samsung-propulsee-par-AI-est.png","contentUrl":"https:\/\/vieassociative.be\/actualites\/wp-content\/uploads\/2025\/06\/La-Galaxy-Watch-7-de-Samsung-propulsee-par-AI-est.png","width":1200,"height":675,"caption":"La Galaxy Watch 7 de Samsung propuls\u00e9e par AI est de 200 $ en ce moment"},{"@type":"BreadcrumbList","@id":"https:\/\/vieassociative.be\/actualites\/la-galaxy-watch-7-de-samsung-propulsee-par-ai-est-de-200-en-ce-moment\/#breadcrumb","itemListElement":[{"@type":"ListItem","position":1,"name":"Accueil","item":"https:\/\/vieassociative.be\/actualites\/"},{"@type":"ListItem","position":2,"name":"La Galaxy Watch 7 de Samsung propuls\u00e9e par AI est de 200 $ en ce moment"}]},{"@type":"WebSite","@id":"https:\/\/vieassociative.be\/actualites\/#website","url":"https:\/\/vieassociative.be\/actualites\/","name":"Vie Associative","description":"","publisher":{"@id":"https:\/\/vieassociative.be\/actualites\/#organization"},"potentialAction":[{"@type":"SearchAction","target":{"@type":"EntryPoint","urlTemplate":"https:\/\/vieassociative.be\/actualites\/?s={search_term_string}"},"query-input":{"@type":"PropertyValueSpecification","valueRequired":true,"valueName":"search_term_string"}}],"inLanguage":"fr-BE"},{"@type":"Organization","@id":"https:\/\/vieassociative.be\/actualites\/#organization","name":"Vie Associative","url":"https:\/\/vieassociative.be\/actualites\/","logo":{"@type":"ImageObject","inLanguage":"fr-BE","@id":"https:\/\/vieassociative.be\/actualites\/#\/schema\/logo\/image\/","url":"https:\/\/vieassociative.be\/actualites\/wp-content\/uploads\/2024\/09\/cropped-vieassociative_favicon.ico.png","contentUrl":"https:\/\/vieassociative.be\/actualites\/wp-content\/uploads\/2024\/09\/cropped-vieassociative_favicon.ico.png","width":512,"height":512,"caption":"Vie Associative"},"image":{"@id":"https:\/\/vieassociative.be\/actualites\/#\/schema\/logo\/image\/"}},{"@type":"Person","@id":"https:\/\/vieassociative.be\/actualites\/#\/schema\/person\/b87ac4f82f9d4e7b7cec7395b679edc4","name":"Julien","image":{"@type":"ImageObject","inLanguage":"fr-BE","@id":"https:\/\/vieassociative.be\/actualites\/#\/schema\/person\/image\/","url":"https:\/\/vieassociative.be\/actualites\/wp-content\/uploads\/2024\/09\/vie-associative-1-150x150.jpg","contentUrl":"https:\/\/vieassociative.be\/actualites\/wp-content\/uploads\/2024\/09\/vie-associative-1-150x150.jpg","caption":"Julien"},"description":"Je suis Julien, r\u00e9dacteur pour Vie Associative. Passionn\u00e9 par le monde associatif depuis plus de 10 ans, j'ai \u00e0 c\u0153ur de partager des histoires inspirantes et de mettre en lumi\u00e8re les initiatives locales. Mon objectif est de sensibiliser et d'encourager l'engagement communautaire \u00e0 travers mes articles.","sameAs":["https:\/\/vieassociative.be\/"]}]}},"_links":{"self":[{"href":"https:\/\/vieassociative.be\/actualites\/wp-json\/wp\/v2\/posts\/8029"}],"collection":[{"href":"https:\/\/vieassociative.be\/actualites\/wp-json\/wp\/v2\/posts"}],"about":[{"href":"https:\/\/vieassociative.be\/actualites\/wp-json\/wp\/v2\/types\/post"}],"author":[{"embeddable":true,"href":"https:\/\/vieassociative.be\/actualites\/wp-json\/wp\/v2\/users\/1"}],"replies":[{"embeddable":true,"href":"https:\/\/vieassociative.be\/actualites\/wp-json\/wp\/v2\/comments?post=8029"}],"version-history":[{"count":0,"href":"https:\/\/vieassociative.be\/actualites\/wp-json\/wp\/v2\/posts\/8029\/revisions"}],"wp:featuredmedia":[{"embeddable":true,"href":"https:\/\/vieassociative.be\/actualites\/wp-json\/wp\/v2\/media\/8030"}],"wp:attachment":[{"href":"https:\/\/vieassociative.be\/actualites\/wp-json\/wp\/v2\/media?parent=8029"}],"wp:term":[{"taxonomy":"category","embeddable":true,"href":"https:\/\/vieassociative.be\/actualites\/wp-json\/wp\/v2\/categories?post=8029"},{"taxonomy":"post_tag","embeddable":true,"href":"https:\/\/vieassociative.be\/actualites\/wp-json\/wp\/v2\/tags?post=8029"}],"curies":[{"name":"wp","href":"https:\/\/api.w.org\/{rel}","templated":true}]}}