{"id":8025,"date":"2025-06-06T22:17:39","date_gmt":"2025-06-06T20:17:39","guid":{"rendered":"https:\/\/vieassociative.be\/actualites\/aujourdhui-dans-le-nord-de-la-macedoine-et-lundi-contre-le-pays-de-galles-la-belgique-commence-dans-la-qualification-de-la-coupe-du-monde\/"},"modified":"2025-06-06T22:17:39","modified_gmt":"2025-06-06T20:17:39","slug":"aujourdhui-dans-le-nord-de-la-macedoine-et-lundi-contre-le-pays-de-galles-la-belgique-commence-dans-la-qualification-de-la-coupe-du-monde","status":"publish","type":"post","link":"https:\/\/vieassociative.be\/actualites\/aujourdhui-dans-le-nord-de-la-macedoine-et-lundi-contre-le-pays-de-galles-la-belgique-commence-dans-la-qualification-de-la-coupe-du-monde\/","title":{"rendered":"Aujourd&rsquo;hui dans le nord de la Mac\u00e9doine et lundi contre le Pays de Galles: la Belgique commence dans la qualification de la Coupe du monde"},"content":{"rendered":"<p><strong>Le r\u00eave am\u00e9ricain commence ce soir: les Red Devils jouent leur premier match dans le nord de la Mac\u00e9doine en route vers la Coupe du monde 2026 aux \u00c9tats-Unis, au Mexique et au Canada.<\/strong><\/p>\n<p><span id=\"more-417144\"><\/span>Dans l&rsquo;ancien Yougoslav Skopje, la capitale actuelle de la Mac\u00e9doine du Nord, les Red Devils commencent la qualification de la Coupe du monde (20 h 45 \/ Live sur RTBF1 \u00ab\u00a0La UNE\u00a0\u00bb et VTM).<\/p>\n<p>En plus du nord de la Mac\u00e9doine, les adversaires sont les \u00e9quipes nationales du Pays de Galles, du Kazakhstan et du Liechtenstein. Dans le pass\u00e9, seuls les Gallois, les adversaires de la crainte des Teufel, sont consid\u00e9r\u00e9s comme un adversaire s\u00e9rieux de l&rsquo;\u00e9quipe belge, dont ils seront dans le stade de Bruxelles K\u00f6nig-Baudouin lundi prochain \u00e0 20 h 45.<\/p>\n<div id=\"attachment_415886\" class=\"wp-caption alignleft\" style=\"max-width: 300px\"><img fetchpriority=\"high\" decoding=\"async\" class=\"wp-image-415886 size-medium\" src=\"https:\/\/vieassociative.be\/actualites\/wp-content\/uploads\/2025\/05\/Avec-Diego-Moreira-Rudi-Garcia-apporte-un-binational-dans-le.jpg\" alt=\"\" width=\"300\" height=\"200\"><\/p>\n<p class=\"wp-caption-text\">L&rsquo;entra\u00eeneur national de football de la Belgique Rudi Garcia. Photo: Shutterstock<\/p>\n<\/div>\n<p>Les Red Devils tenteront de se qualifier pour un championnat du monde pour la quatri\u00e8me fois cons\u00e9cutive apr\u00e8s 2014, 2018 et 2022. Rudi Garcia, qui a \u00e9t\u00e9 nomm\u00e9 entra\u00eeneur national en janvier en tant que successeur du malheureux Domenico Tedesco, est confiant. Enfin et surtout, le Fran\u00e7ais donne de l&rsquo;espoir \u00e0 la forte performance des Red Devils lors du deuxi\u00e8me \u00e9tape des s\u00e9ries \u00e9liminatoires de la Ligue des nations lorsque son \u00e9quipe contre l&rsquo;Ukraine apr\u00e8s une d\u00e9faite de 1: 3 en premi\u00e8re \u00e9tape a remport\u00e9 une victoire 3-0 et donc o\u00f9 il se trouve dans la forte A-League de la Ligue des nations.<\/p>\n<p>Cependant, l&rsquo;entra\u00eeneur Garcia s&rsquo;attend \u00e0 un match difficile \u00e0 Skopje aujourd&rsquo;hui. \u00ab\u00a0Le nord de la Mac\u00e9doine n&rsquo;a perdu aucun de ses huit derniers matchs \u00e0 domicile, m\u00eame s&rsquo;il a jou\u00e9 contre l&rsquo;Angleterre et l&rsquo;Italie\u00a0\u00bb, a expliqu\u00e9 le Fran\u00e7ais jeudi lors d&rsquo;une conf\u00e9rence de presse. Et quelque chose d&rsquo;autre devrait servir d&rsquo;avertissement aux Red Devils: le nord de la Mac\u00e9doine a r\u00e9ussi \u00e0 s&rsquo;\u00e9teindre au Qatar en 2022, en Italie sur le chemin de la Coupe du monde 2022.<\/p>\n<\/p>\n<div id=\"attachment_401776\" class=\"wp-caption alignleft\" style=\"max-width: 300px\"><img decoding=\"async\" class=\"wp-image-401776 size-medium\" src=\"https:\/\/vieassociative.be\/actualites\/wp-content\/uploads\/2025\/06\/Aujourdhui-dans-le-nord-de-la-Macedoine-et-lundi-contre.jpg\" alt=\"\" width=\"300\" height=\"200\"  ><\/p>\n<p class=\"wp-caption-text\">17\/06\/2024, Hessen, Francfort \/ Main: le buteur record de la Belgique Romelu Lukaku. Photo: Arne Dedert \/ DPA<\/p>\n<\/div>\n<p>Pour le match dans le nord de la Mac\u00e9doine, Garcia doit se passer du gardien de but bless\u00e9 Thibaut Courtois. Avec Matz Sels, cependant, un remplacement de premi\u00e8re classe est disponible. Sinon, tous les fournisseurs de services sont pr\u00e9sents \u00e0 quelques exceptions pr\u00e8s.<\/p>\n<p>Le nord de la Mac\u00e9doine a d\u00e9j\u00e0 commenc\u00e9 sa qualification avec une victoire 3-0 \u00e0 Liechtenstein et un match nul 1-1 \u00e0 domicile contre le Pays de Galles en mars. Les Mac\u00e9doniens du Nord dirigent ainsi le groupe J devant les Gallois, mais ont le m\u00eame score (4).<\/p>\n<p><b>&#8211; \u00ab\u00a0Cette \u00e9quipe peut se permettre\u00a0\u00bb:<\/b>Lors de la premi\u00e8re formation des Red Devils avant le tour de qualification pour la Coupe du monde 2026, trois anciens internationaux \u00e9taient pr\u00e9sents dans le quartier de la formation en tubulant. Enzo Scifo, Franky Vander Elst et Michel de Wolf ont \u00e9t\u00e9 impressionn\u00e9s par la constitution sportive de l&rsquo;International actuel.<\/p>\n<p>Soit dit en passant, SCIFO attend beaucoup de bien de la nouvelle g\u00e9n\u00e9ration du Red Devil dans les ann\u00e9es \u00e0 venir. \u00ab\u00a0Avec le talent, le potentiel et le personnel d&rsquo;entra\u00eeneurs qui sont pr\u00e9sents aujourd&rsquo;hui, je pense que nous pouvons nous permettre extraordinaires. Vous n&rsquo;avez qu&rsquo;\u00e0 y croire. Si ces joueurs d\u00e9cident de le faire, il n&rsquo;y a pas d&rsquo;adversaires qui peuvent nous incorporer.\u00a0\u00bb Cette \u00e9quipe peut vraiment se permettre. \u00ab\u00a0(Cre)<\/p>\n","protected":false},"excerpt":{"rendered":"<p>Le r\u00eave am\u00e9ricain commence ce soir: les Red Devils jouent leur premier match dans le nord de la Mac\u00e9doine en route vers la Coupe du<\/p>\n","protected":false},"author":1,"featured_media":8026,"comment_status":"","ping_status":"","sticky":false,"template":"","format":"standard","meta":{"footnotes":""},"categories":[298],"tags":[2330,383,1051,796,2472,166,3996,550,3997,237,2634,3513,893],"class_list":["post-8025","post","type-post","status-publish","format-standard","has-post-thumbnail","hentry","category-belgique","tag-aujourdhui","tag-belgique","tag-commence","tag-contre","tag-coupe","tag-dans","tag-galles","tag-lundi","tag-macedoine","tag-monde","tag-nord","tag-pays","tag-qualification","generate-columns","tablet-grid-50","mobile-grid-100","grid-parent","grid-33"],"yoast_head":"<!-- This site is optimized with the Yoast SEO plugin v24.0 - https:\/\/yoast.com\/wordpress\/plugins\/seo\/ -->\n<title>Aujourd&#039;hui dans le nord de la Mac\u00e9doine et lundi contre le Pays de Galles: la Belgique commence dans la qualification de la Coupe du monde | Vie Associative<\/title>\n<meta name=\"robots\" content=\"index, follow, max-snippet:-1, max-image-preview:large, max-video-preview:-1\" \/>\n<link rel=\"canonical\" href=\"https:\/\/vieassociative.be\/actualites\/aujourdhui-dans-le-nord-de-la-macedoine-et-lundi-contre-le-pays-de-galles-la-belgique-commence-dans-la-qualification-de-la-coupe-du-monde\/\" \/>\n<meta property=\"og:locale\" content=\"fr_FR\" \/>\n<meta property=\"og:type\" content=\"article\" \/>\n<meta property=\"og:title\" content=\"Aujourd&#039;hui dans le nord de la Mac\u00e9doine et lundi contre le Pays de Galles: la Belgique commence dans la qualification de la Coupe du monde | Vie Associative\" \/>\n<meta property=\"og:description\" content=\"Le r\u00eave am\u00e9ricain commence ce soir: les Red Devils jouent leur premier match dans le nord de la Mac\u00e9doine en route vers la Coupe du\" \/>\n<meta property=\"og:url\" content=\"https:\/\/vieassociative.be\/actualites\/aujourdhui-dans-le-nord-de-la-macedoine-et-lundi-contre-le-pays-de-galles-la-belgique-commence-dans-la-qualification-de-la-coupe-du-monde\/\" \/>\n<meta property=\"og:site_name\" content=\"Vie Associative\" \/>\n<meta property=\"article:published_time\" content=\"2025-06-06T20:17:39+00:00\" \/>\n<meta property=\"og:image\" content=\"https:\/\/vieassociative.be\/actualites\/wp-content\/uploads\/2024\/09\/header_backgroundk-01-e1726694325946.png\" \/>\n\t<meta property=\"og:image:width\" content=\"279\" \/>\n\t<meta property=\"og:image:height\" content=\"92\" \/>\n\t<meta property=\"og:image:type\" content=\"image\/png\" \/>\n<meta name=\"author\" content=\"Julien\" \/>\n<meta name=\"twitter:card\" content=\"summary_large_image\" \/>\n<meta name=\"twitter:label1\" content=\"\u00c9crit par\" \/>\n\t<meta name=\"twitter:data1\" content=\"Julien\" \/>\n\t<meta name=\"twitter:label2\" content=\"Dur\u00e9e de lecture est.\" \/>\n\t<meta name=\"twitter:data2\" content=\"3 minutes\" \/>\n<script type=\"application\/ld+json\" class=\"yoast-schema-graph\">{\"@context\":\"https:\/\/schema.org\",\"@graph\":[{\"@type\":\"Article\",\"@id\":\"https:\/\/vieassociative.be\/actualites\/aujourdhui-dans-le-nord-de-la-macedoine-et-lundi-contre-le-pays-de-galles-la-belgique-commence-dans-la-qualification-de-la-coupe-du-monde\/#article\",\"isPartOf\":{\"@id\":\"https:\/\/vieassociative.be\/actualites\/aujourdhui-dans-le-nord-de-la-macedoine-et-lundi-contre-le-pays-de-galles-la-belgique-commence-dans-la-qualification-de-la-coupe-du-monde\/\"},\"author\":{\"name\":\"Julien\",\"@id\":\"https:\/\/vieassociative.be\/actualites\/#\/schema\/person\/b87ac4f82f9d4e7b7cec7395b679edc4\"},\"headline\":\"Aujourd&rsquo;hui dans le nord de la Mac\u00e9doine et lundi contre le Pays de Galles: la Belgique commence dans la qualification de la Coupe du monde\",\"datePublished\":\"2025-06-06T20:17:39+00:00\",\"dateModified\":\"2025-06-06T20:17:39+00:00\",\"mainEntityOfPage\":{\"@id\":\"https:\/\/vieassociative.be\/actualites\/aujourdhui-dans-le-nord-de-la-macedoine-et-lundi-contre-le-pays-de-galles-la-belgique-commence-dans-la-qualification-de-la-coupe-du-monde\/\"},\"wordCount\":620,\"publisher\":{\"@id\":\"https:\/\/vieassociative.be\/actualites\/#organization\"},\"image\":{\"@id\":\"https:\/\/vieassociative.be\/actualites\/aujourdhui-dans-le-nord-de-la-macedoine-et-lundi-contre-le-pays-de-galles-la-belgique-commence-dans-la-qualification-de-la-coupe-du-monde\/#primaryimage\"},\"thumbnailUrl\":\"https:\/\/vieassociative.be\/actualites\/wp-content\/uploads\/2025\/06\/1749241059_Aujourdhui-dans-le-nord-de-la-Macedoine-et-lundi-contre.jpg\",\"keywords\":[\"aujourdhui\",\"Belgique\",\"commenc\u00e9\",\"contre\",\"Coupe\",\"dans\",\"Galles\",\"lundi\",\"Mac\u00e9doine\",\"monde\",\"Nord\",\"pays\",\"qualification\"],\"articleSection\":[\"Belgique\"],\"inLanguage\":\"fr-BE\"},{\"@type\":\"WebPage\",\"@id\":\"https:\/\/vieassociative.be\/actualites\/aujourdhui-dans-le-nord-de-la-macedoine-et-lundi-contre-le-pays-de-galles-la-belgique-commence-dans-la-qualification-de-la-coupe-du-monde\/\",\"url\":\"https:\/\/vieassociative.be\/actualites\/aujourdhui-dans-le-nord-de-la-macedoine-et-lundi-contre-le-pays-de-galles-la-belgique-commence-dans-la-qualification-de-la-coupe-du-monde\/\",\"name\":\"Aujourd'hui dans le nord de la Mac\u00e9doine et lundi contre le Pays de Galles: la Belgique commence dans la qualification de la Coupe du monde | Vie Associative\",\"isPartOf\":{\"@id\":\"https:\/\/vieassociative.be\/actualites\/#website\"},\"primaryImageOfPage\":{\"@id\":\"https:\/\/vieassociative.be\/actualites\/aujourdhui-dans-le-nord-de-la-macedoine-et-lundi-contre-le-pays-de-galles-la-belgique-commence-dans-la-qualification-de-la-coupe-du-monde\/#primaryimage\"},\"image\":{\"@id\":\"https:\/\/vieassociative.be\/actualites\/aujourdhui-dans-le-nord-de-la-macedoine-et-lundi-contre-le-pays-de-galles-la-belgique-commence-dans-la-qualification-de-la-coupe-du-monde\/#primaryimage\"},\"thumbnailUrl\":\"https:\/\/vieassociative.be\/actualites\/wp-content\/uploads\/2025\/06\/1749241059_Aujourdhui-dans-le-nord-de-la-Macedoine-et-lundi-contre.jpg\",\"datePublished\":\"2025-06-06T20:17:39+00:00\",\"dateModified\":\"2025-06-06T20:17:39+00:00\",\"breadcrumb\":{\"@id\":\"https:\/\/vieassociative.be\/actualites\/aujourdhui-dans-le-nord-de-la-macedoine-et-lundi-contre-le-pays-de-galles-la-belgique-commence-dans-la-qualification-de-la-coupe-du-monde\/#breadcrumb\"},\"inLanguage\":\"fr-BE\",\"potentialAction\":[{\"@type\":\"ReadAction\",\"target\":[\"https:\/\/vieassociative.be\/actualites\/aujourdhui-dans-le-nord-de-la-macedoine-et-lundi-contre-le-pays-de-galles-la-belgique-commence-dans-la-qualification-de-la-coupe-du-monde\/\"]}]},{\"@type\":\"ImageObject\",\"inLanguage\":\"fr-BE\",\"@id\":\"https:\/\/vieassociative.be\/actualites\/aujourdhui-dans-le-nord-de-la-macedoine-et-lundi-contre-le-pays-de-galles-la-belgique-commence-dans-la-qualification-de-la-coupe-du-monde\/#primaryimage\",\"url\":\"https:\/\/vieassociative.be\/actualites\/wp-content\/uploads\/2025\/06\/1749241059_Aujourdhui-dans-le-nord-de-la-Macedoine-et-lundi-contre.jpg\",\"contentUrl\":\"https:\/\/vieassociative.be\/actualites\/wp-content\/uploads\/2025\/06\/1749241059_Aujourdhui-dans-le-nord-de-la-Macedoine-et-lundi-contre.jpg\",\"width\":1200,\"height\":800,\"caption\":\"Aujourd'hui dans le nord de la Mac\u00e9doine et lundi contre le Pays de Galles: la Belgique commence dans la qualification de la Coupe du monde\"},{\"@type\":\"BreadcrumbList\",\"@id\":\"https:\/\/vieassociative.be\/actualites\/aujourdhui-dans-le-nord-de-la-macedoine-et-lundi-contre-le-pays-de-galles-la-belgique-commence-dans-la-qualification-de-la-coupe-du-monde\/#breadcrumb\",\"itemListElement\":[{\"@type\":\"ListItem\",\"position\":1,\"name\":\"Accueil\",\"item\":\"https:\/\/vieassociative.be\/actualites\/\"},{\"@type\":\"ListItem\",\"position\":2,\"name\":\"Aujourd&rsquo;hui dans le nord de la Mac\u00e9doine et lundi contre le Pays de Galles: la Belgique commence dans la qualification de la Coupe du monde\"}]},{\"@type\":\"WebSite\",\"@id\":\"https:\/\/vieassociative.be\/actualites\/#website\",\"url\":\"https:\/\/vieassociative.be\/actualites\/\",\"name\":\"Vie Associative\",\"description\":\"\",\"publisher\":{\"@id\":\"https:\/\/vieassociative.be\/actualites\/#organization\"},\"potentialAction\":[{\"@type\":\"SearchAction\",\"target\":{\"@type\":\"EntryPoint\",\"urlTemplate\":\"https:\/\/vieassociative.be\/actualites\/?s={search_term_string}\"},\"query-input\":{\"@type\":\"PropertyValueSpecification\",\"valueRequired\":true,\"valueName\":\"search_term_string\"}}],\"inLanguage\":\"fr-BE\"},{\"@type\":\"Organization\",\"@id\":\"https:\/\/vieassociative.be\/actualites\/#organization\",\"name\":\"Vie Associative\",\"url\":\"https:\/\/vieassociative.be\/actualites\/\",\"logo\":{\"@type\":\"ImageObject\",\"inLanguage\":\"fr-BE\",\"@id\":\"https:\/\/vieassociative.be\/actualites\/#\/schema\/logo\/image\/\",\"url\":\"https:\/\/vieassociative.be\/actualites\/wp-content\/uploads\/2024\/09\/cropped-vieassociative_favicon.ico.png\",\"contentUrl\":\"https:\/\/vieassociative.be\/actualites\/wp-content\/uploads\/2024\/09\/cropped-vieassociative_favicon.ico.png\",\"width\":512,\"height\":512,\"caption\":\"Vie Associative\"},\"image\":{\"@id\":\"https:\/\/vieassociative.be\/actualites\/#\/schema\/logo\/image\/\"}},{\"@type\":\"Person\",\"@id\":\"https:\/\/vieassociative.be\/actualites\/#\/schema\/person\/b87ac4f82f9d4e7b7cec7395b679edc4\",\"name\":\"Julien\",\"image\":{\"@type\":\"ImageObject\",\"inLanguage\":\"fr-BE\",\"@id\":\"https:\/\/vieassociative.be\/actualites\/#\/schema\/person\/image\/\",\"url\":\"https:\/\/vieassociative.be\/actualites\/wp-content\/uploads\/2024\/09\/vie-associative-1-150x150.jpg\",\"contentUrl\":\"https:\/\/vieassociative.be\/actualites\/wp-content\/uploads\/2024\/09\/vie-associative-1-150x150.jpg\",\"caption\":\"Julien\"},\"description\":\"Je suis Julien, r\u00e9dacteur pour Vie Associative. Passionn\u00e9 par le monde associatif depuis plus de 10 ans, j'ai \u00e0 c\u0153ur de partager des histoires inspirantes et de mettre en lumi\u00e8re les initiatives locales. Mon objectif est de sensibiliser et d'encourager l'engagement communautaire \u00e0 travers mes articles.\",\"sameAs\":[\"https:\/\/vieassociative.be\/\"]}]}<\/script>\n<!-- \/ Yoast SEO plugin. -->","yoast_head_json":{"title":"Aujourd'hui dans le nord de la Mac\u00e9doine et lundi contre le Pays de Galles: la Belgique commence dans la qualification de la Coupe du monde | Vie Associative","robots":{"index":"index","follow":"follow","max-snippet":"max-snippet:-1","max-image-preview":"max-image-preview:large","max-video-preview":"max-video-preview:-1"},"canonical":"https:\/\/vieassociative.be\/actualites\/aujourdhui-dans-le-nord-de-la-macedoine-et-lundi-contre-le-pays-de-galles-la-belgique-commence-dans-la-qualification-de-la-coupe-du-monde\/","og_locale":"fr_FR","og_type":"article","og_title":"Aujourd'hui dans le nord de la Mac\u00e9doine et lundi contre le Pays de Galles: la Belgique commence dans la qualification de la Coupe du monde | Vie Associative","og_description":"Le r\u00eave am\u00e9ricain commence ce soir: les Red Devils jouent leur premier match dans le nord de la Mac\u00e9doine en route vers la Coupe du","og_url":"https:\/\/vieassociative.be\/actualites\/aujourdhui-dans-le-nord-de-la-macedoine-et-lundi-contre-le-pays-de-galles-la-belgique-commence-dans-la-qualification-de-la-coupe-du-monde\/","og_site_name":"Vie Associative","article_published_time":"2025-06-06T20:17:39+00:00","og_image":[{"width":279,"height":92,"url":"https:\/\/vieassociative.be\/actualites\/wp-content\/uploads\/2024\/09\/header_backgroundk-01-e1726694325946.png","type":"image\/png"}],"author":"Julien","twitter_card":"summary_large_image","twitter_misc":{"\u00c9crit par":"Julien","Dur\u00e9e de lecture est.":"3 minutes"},"schema":{"@context":"https:\/\/schema.org","@graph":[{"@type":"Article","@id":"https:\/\/vieassociative.be\/actualites\/aujourdhui-dans-le-nord-de-la-macedoine-et-lundi-contre-le-pays-de-galles-la-belgique-commence-dans-la-qualification-de-la-coupe-du-monde\/#article","isPartOf":{"@id":"https:\/\/vieassociative.be\/actualites\/aujourdhui-dans-le-nord-de-la-macedoine-et-lundi-contre-le-pays-de-galles-la-belgique-commence-dans-la-qualification-de-la-coupe-du-monde\/"},"author":{"name":"Julien","@id":"https:\/\/vieassociative.be\/actualites\/#\/schema\/person\/b87ac4f82f9d4e7b7cec7395b679edc4"},"headline":"Aujourd&rsquo;hui dans le nord de la Mac\u00e9doine et lundi contre le Pays de Galles: la Belgique commence dans la qualification de la Coupe du monde","datePublished":"2025-06-06T20:17:39+00:00","dateModified":"2025-06-06T20:17:39+00:00","mainEntityOfPage":{"@id":"https:\/\/vieassociative.be\/actualites\/aujourdhui-dans-le-nord-de-la-macedoine-et-lundi-contre-le-pays-de-galles-la-belgique-commence-dans-la-qualification-de-la-coupe-du-monde\/"},"wordCount":620,"publisher":{"@id":"https:\/\/vieassociative.be\/actualites\/#organization"},"image":{"@id":"https:\/\/vieassociative.be\/actualites\/aujourdhui-dans-le-nord-de-la-macedoine-et-lundi-contre-le-pays-de-galles-la-belgique-commence-dans-la-qualification-de-la-coupe-du-monde\/#primaryimage"},"thumbnailUrl":"https:\/\/vieassociative.be\/actualites\/wp-content\/uploads\/2025\/06\/1749241059_Aujourdhui-dans-le-nord-de-la-Macedoine-et-lundi-contre.jpg","keywords":["aujourdhui","Belgique","commenc\u00e9","contre","Coupe","dans","Galles","lundi","Mac\u00e9doine","monde","Nord","pays","qualification"],"articleSection":["Belgique"],"inLanguage":"fr-BE"},{"@type":"WebPage","@id":"https:\/\/vieassociative.be\/actualites\/aujourdhui-dans-le-nord-de-la-macedoine-et-lundi-contre-le-pays-de-galles-la-belgique-commence-dans-la-qualification-de-la-coupe-du-monde\/","url":"https:\/\/vieassociative.be\/actualites\/aujourdhui-dans-le-nord-de-la-macedoine-et-lundi-contre-le-pays-de-galles-la-belgique-commence-dans-la-qualification-de-la-coupe-du-monde\/","name":"Aujourd'hui dans le nord de la Mac\u00e9doine et lundi contre le Pays de Galles: la Belgique commence dans la qualification de la Coupe du monde | Vie Associative","isPartOf":{"@id":"https:\/\/vieassociative.be\/actualites\/#website"},"primaryImageOfPage":{"@id":"https:\/\/vieassociative.be\/actualites\/aujourdhui-dans-le-nord-de-la-macedoine-et-lundi-contre-le-pays-de-galles-la-belgique-commence-dans-la-qualification-de-la-coupe-du-monde\/#primaryimage"},"image":{"@id":"https:\/\/vieassociative.be\/actualites\/aujourdhui-dans-le-nord-de-la-macedoine-et-lundi-contre-le-pays-de-galles-la-belgique-commence-dans-la-qualification-de-la-coupe-du-monde\/#primaryimage"},"thumbnailUrl":"https:\/\/vieassociative.be\/actualites\/wp-content\/uploads\/2025\/06\/1749241059_Aujourdhui-dans-le-nord-de-la-Macedoine-et-lundi-contre.jpg","datePublished":"2025-06-06T20:17:39+00:00","dateModified":"2025-06-06T20:17:39+00:00","breadcrumb":{"@id":"https:\/\/vieassociative.be\/actualites\/aujourdhui-dans-le-nord-de-la-macedoine-et-lundi-contre-le-pays-de-galles-la-belgique-commence-dans-la-qualification-de-la-coupe-du-monde\/#breadcrumb"},"inLanguage":"fr-BE","potentialAction":[{"@type":"ReadAction","target":["https:\/\/vieassociative.be\/actualites\/aujourdhui-dans-le-nord-de-la-macedoine-et-lundi-contre-le-pays-de-galles-la-belgique-commence-dans-la-qualification-de-la-coupe-du-monde\/"]}]},{"@type":"ImageObject","inLanguage":"fr-BE","@id":"https:\/\/vieassociative.be\/actualites\/aujourdhui-dans-le-nord-de-la-macedoine-et-lundi-contre-le-pays-de-galles-la-belgique-commence-dans-la-qualification-de-la-coupe-du-monde\/#primaryimage","url":"https:\/\/vieassociative.be\/actualites\/wp-content\/uploads\/2025\/06\/1749241059_Aujourdhui-dans-le-nord-de-la-Macedoine-et-lundi-contre.jpg","contentUrl":"https:\/\/vieassociative.be\/actualites\/wp-content\/uploads\/2025\/06\/1749241059_Aujourdhui-dans-le-nord-de-la-Macedoine-et-lundi-contre.jpg","width":1200,"height":800,"caption":"Aujourd'hui dans le nord de la Mac\u00e9doine et lundi contre le Pays de Galles: la Belgique commence dans la qualification de la Coupe du monde"},{"@type":"BreadcrumbList","@id":"https:\/\/vieassociative.be\/actualites\/aujourdhui-dans-le-nord-de-la-macedoine-et-lundi-contre-le-pays-de-galles-la-belgique-commence-dans-la-qualification-de-la-coupe-du-monde\/#breadcrumb","itemListElement":[{"@type":"ListItem","position":1,"name":"Accueil","item":"https:\/\/vieassociative.be\/actualites\/"},{"@type":"ListItem","position":2,"name":"Aujourd&rsquo;hui dans le nord de la Mac\u00e9doine et lundi contre le Pays de Galles: la Belgique commence dans la qualification de la Coupe du monde"}]},{"@type":"WebSite","@id":"https:\/\/vieassociative.be\/actualites\/#website","url":"https:\/\/vieassociative.be\/actualites\/","name":"Vie Associative","description":"","publisher":{"@id":"https:\/\/vieassociative.be\/actualites\/#organization"},"potentialAction":[{"@type":"SearchAction","target":{"@type":"EntryPoint","urlTemplate":"https:\/\/vieassociative.be\/actualites\/?s={search_term_string}"},"query-input":{"@type":"PropertyValueSpecification","valueRequired":true,"valueName":"search_term_string"}}],"inLanguage":"fr-BE"},{"@type":"Organization","@id":"https:\/\/vieassociative.be\/actualites\/#organization","name":"Vie Associative","url":"https:\/\/vieassociative.be\/actualites\/","logo":{"@type":"ImageObject","inLanguage":"fr-BE","@id":"https:\/\/vieassociative.be\/actualites\/#\/schema\/logo\/image\/","url":"https:\/\/vieassociative.be\/actualites\/wp-content\/uploads\/2024\/09\/cropped-vieassociative_favicon.ico.png","contentUrl":"https:\/\/vieassociative.be\/actualites\/wp-content\/uploads\/2024\/09\/cropped-vieassociative_favicon.ico.png","width":512,"height":512,"caption":"Vie Associative"},"image":{"@id":"https:\/\/vieassociative.be\/actualites\/#\/schema\/logo\/image\/"}},{"@type":"Person","@id":"https:\/\/vieassociative.be\/actualites\/#\/schema\/person\/b87ac4f82f9d4e7b7cec7395b679edc4","name":"Julien","image":{"@type":"ImageObject","inLanguage":"fr-BE","@id":"https:\/\/vieassociative.be\/actualites\/#\/schema\/person\/image\/","url":"https:\/\/vieassociative.be\/actualites\/wp-content\/uploads\/2024\/09\/vie-associative-1-150x150.jpg","contentUrl":"https:\/\/vieassociative.be\/actualites\/wp-content\/uploads\/2024\/09\/vie-associative-1-150x150.jpg","caption":"Julien"},"description":"Je suis Julien, r\u00e9dacteur pour Vie Associative. Passionn\u00e9 par le monde associatif depuis plus de 10 ans, j'ai \u00e0 c\u0153ur de partager des histoires inspirantes et de mettre en lumi\u00e8re les initiatives locales. Mon objectif est de sensibiliser et d'encourager l'engagement communautaire \u00e0 travers mes articles.","sameAs":["https:\/\/vieassociative.be\/"]}]}},"_links":{"self":[{"href":"https:\/\/vieassociative.be\/actualites\/wp-json\/wp\/v2\/posts\/8025"}],"collection":[{"href":"https:\/\/vieassociative.be\/actualites\/wp-json\/wp\/v2\/posts"}],"about":[{"href":"https:\/\/vieassociative.be\/actualites\/wp-json\/wp\/v2\/types\/post"}],"author":[{"embeddable":true,"href":"https:\/\/vieassociative.be\/actualites\/wp-json\/wp\/v2\/users\/1"}],"replies":[{"embeddable":true,"href":"https:\/\/vieassociative.be\/actualites\/wp-json\/wp\/v2\/comments?post=8025"}],"version-history":[{"count":0,"href":"https:\/\/vieassociative.be\/actualites\/wp-json\/wp\/v2\/posts\/8025\/revisions"}],"wp:featuredmedia":[{"embeddable":true,"href":"https:\/\/vieassociative.be\/actualites\/wp-json\/wp\/v2\/media\/8026"}],"wp:attachment":[{"href":"https:\/\/vieassociative.be\/actualites\/wp-json\/wp\/v2\/media?parent=8025"}],"wp:term":[{"taxonomy":"category","embeddable":true,"href":"https:\/\/vieassociative.be\/actualites\/wp-json\/wp\/v2\/categories?post=8025"},{"taxonomy":"post_tag","embeddable":true,"href":"https:\/\/vieassociative.be\/actualites\/wp-json\/wp\/v2\/tags?post=8025"}],"curies":[{"name":"wp","href":"https:\/\/api.w.org\/{rel}","templated":true}]}}