{"id":8023,"date":"2025-06-06T21:17:34","date_gmt":"2025-06-06T19:17:34","guid":{"rendered":"https:\/\/vieassociative.be\/actualites\/strava-partage-publiquement-les-donnees-de-vos-entrainements-garmin-sans-vous-le-dire\/"},"modified":"2025-06-06T21:17:34","modified_gmt":"2025-06-06T19:17:34","slug":"strava-partage-publiquement-les-donnees-de-vos-entrainements-garmin-sans-vous-le-dire","status":"publish","type":"post","link":"https:\/\/vieassociative.be\/actualites\/strava-partage-publiquement-les-donnees-de-vos-entrainements-garmin-sans-vous-le-dire\/","title":{"rendered":"Strava partage publiquement les donn\u00e9es de vos entra\u00eenements Garmin sans vous le dire"},"content":{"rendered":"<div class=\"mt-4 leading-6 md:mb-8\">Les athl\u00e8tes d\u00e9couvrent leurs notes d&rsquo;entra\u00eenement priv\u00e9es et leurs descriptions d&rsquo;entra\u00eenement personnalis\u00e9es sont soudainement visibles pour le monde.<\/div>\n<p><\/p>\n<p>Au cours de la semaine derni\u00e8re, les utilisateurs de Reddit ont fait des alarmes sur un changement significatif dans la fa\u00e7on dont Strava tire les donn\u00e9es d&rsquo;entra\u00eenement de vos entr\u00e9es Garmin, Runna ou TrainingPeaks. Ce qui est apparu autrefois comme des titres d&rsquo;activit\u00e9 g\u00e9n\u00e9rique comme \u00ab\u00a0Morning Run\u00a0\u00bb montre maintenant des descriptions d&rsquo;entra\u00eenement d\u00e9taill\u00e9es, des notes de rythme et m\u00eame des commentaires de coach personnel que les utilisateurs n&rsquo;ont jamais eu l&rsquo;intention de partager publiquement. Et si vous \u00eates sur Strava depuis une minute, vous savez que cela peut \u00eatre un endroit assez comp\u00e9titif. Ce sont les m\u00e9dias sociaux, apr\u00e8s tout. <\/p>\n<p>Si vous vouliez que vos titres Garmin et Strava soient synchronis\u00e9s, c&rsquo;est super. Cependant, pour ceux d&rsquo;entre nous qui pr\u00e9f\u00e9reraient garder nos jours faciles ou nos flubs d&rsquo;entra\u00eenement priv\u00e9s, voici ce qu&rsquo;il faut savoir sur vos donn\u00e9es partag\u00e9es pour que tous vos amis Strava puissent le voir.<\/p>\n<h2 id=\"the-perfect-storm-of-acquisitions-and-integration\">La temp\u00eate parfaite des acquisitions et de l&rsquo;int\u00e9gration<\/h2>\n<p>Strava a effectu\u00e9 deux acquisitions majeures ces derniers mois, d&rsquo;abord l&rsquo;achat de l&rsquo;application de formation en cours d&rsquo;ex\u00e9cution Runna en avril, suivi de l&rsquo;application cycliste The Breakaway en mai. Et l&rsquo;int\u00e9gration de ces applications semble se produire rapidement et sans notification utilisateur claire. Runna a r\u00e9cemment commenc\u00e9 \u00e0 pousser les images d&rsquo;entra\u00eenement et les donn\u00e9es de formation d\u00e9taill\u00e9es \u00e0 Strava, tandis que les utilisateurs de Garmin voient leurs titres et descriptions d&rsquo;entra\u00eenement personnalis\u00e9s import\u00e9s automatiquement dans leurs activit\u00e9s de Strava.<\/p>\n<p>\u00ab\u00a0Cela se sent certainement comme une violation de la vie priv\u00e9e et de la propri\u00e9t\u00e9 intellectuelle en tant que coach\u00a0\u00bb, a \u00e9crit un utilisateur de TrainingPeaks sur Reddit. \u00ab\u00a0Tirer \u00e0 travers les descriptions des entra\u00eenements, o\u00f9 parfois j&rsquo;\u00e9cris des notes personnelles pour les athl\u00e8tes, et maintenant cela montre Strava pour que le monde puisse le voir. Je vais devoir changer la fa\u00e7on dont je mets des entra\u00eenements dans TrainingPeaks.\u00a0\u00bb<\/p>\n<p>Malheureusement, ce type de pr\u00e9occupation de confidentialit\u00e9 n&rsquo;est pas nouveau pour les utilisateurs de Strava. La soci\u00e9t\u00e9 a \u00e9t\u00e9 au centre de plusieurs controverses de confidentialit\u00e9 des donn\u00e9es, y compris le c\u00e9l\u00e8bre incident de la carte thermique qui a expos\u00e9 l&#8217;emplacement de nombreuses installations militaires secr\u00e8tes. La carte thermique mondiale du r\u00e9seau a montr\u00e9 les emplacements des bases militaires sensibles car le personnel de ces installations n&rsquo;a pas activ\u00e9 les param\u00e8tres de confidentialit\u00e9.<\/p>\n<p>Au-del\u00e0 de la controverse de la base militaire, les utilisateurs ont toujours appel\u00e9 les param\u00e8tres de confidentialit\u00e9 \u00ab\u00a0effrayants\u00a0\u00bb de l&rsquo;application, qui peuvent automatiquement ajouter des donn\u00e9es d&rsquo;autres coureurs sur votre t\u00e9l\u00e9phone, sauf modification. En tant que fan de longue date de Strava, j&rsquo;ai personnellement regard\u00e9 l&rsquo;entreprise faire face \u00e0 des critiques en cours sur la fa\u00e7on dont les utilisateurs peuvent se suivre et la visibilit\u00e9 par d\u00e9faut des donn\u00e9es de fitness personnelles.<\/p>\n<p>Et maintenant, l&rsquo;int\u00e9gration Runna r\u00e9v\u00e8le comment ces acquisitions cr\u00e9ent des flux de donn\u00e9es inattendus. Les utilisateurs de Runna peuvent d\u00e9sormais acc\u00e9der aux itin\u00e9raires enregistr\u00e9s dans Strava, m\u00eame tous ces petits itin\u00e9raires non sens\u00e9s cr\u00e9\u00e9s \u00e0 des fins de planification qui n&rsquo;ont jamais \u00e9t\u00e9 destin\u00e9es \u00e0 une utilisation ou un partage r\u00e9el.<\/p>\n<h2 id=\"whats-being-shared-and-what-wasnt-before\">Qu&rsquo;est-ce qui est partag\u00e9 (et ce qui n&rsquo;\u00e9tait pas avant)<\/h2>\n<p>Si vous utilisez un appareil Garmin, vous pouvez constater que des s\u00e9ances d&rsquo;entra\u00eenement avec des instructions de stimulation sp\u00e9cifiques, des notes de formation des entra\u00eeneurs et des descriptions d&rsquo;entra\u00eenement personnalis\u00e9es apparaissent d\u00e9sormais dans vos flux publics Strava. Cela comprend:<\/p>\n<ul>\n<li>\n<p>Titres d&rsquo;entra\u00eenement personnalis\u00e9s des appareils Garmin<\/p>\n<\/li>\n<li>\n<p>Descriptions de formation d\u00e9taill\u00e9es de TrainingPeaks<\/p>\n<\/li>\n<li>\n<p>Notes de l&rsquo;entra\u00eeneur et orientation<\/p>\n<\/li>\n<li>\n<p>Cibles de performance personnelle et phases de formation<\/p>\n<\/li>\n<\/ul>\n<p>Le changement semble affecter les donn\u00e9es qui \u00e9taient techniquement toujours pr\u00e9sentes dans les fichiers d&rsquo;activit\u00e9 mais qui ont \u00e9t\u00e9 pr\u00e9c\u00e9demment filtr\u00e9es par la logique d&rsquo;affichage de Strava. Maintenant, ces donn\u00e9es sont en cours d&rsquo;ex\u00e9cution automatiquement, attrapant les utilisateurs au d\u00e9pourvu.<\/p>\n<p>L&rsquo;aspect frustrant de cette situation est que l&rsquo;int\u00e9gration am\u00e9lior\u00e9e des donn\u00e9es d&rsquo;entra\u00eenement pourrait \u00eatre vraiment pr\u00e9cieuse. Voir des informations d&rsquo;entra\u00eenement d\u00e9taill\u00e9es, des notes d&rsquo;entra\u00eenement et des donn\u00e9es d&rsquo;entra\u00eenement structur\u00e9es \u00e0 Strava pourrait aider les athl\u00e8tes \u00e0 mieux suivre leurs progr\u00e8s et partager des d\u00e9tails de formation significatifs avec leur communaut\u00e9.<\/p>\n<div class=\"pogoClear relative my-10 border-b-(1.5px) border-t-(1.5px) border-dashed border-black py-5 sm:my-14 sm:border-0 sm:py-0\" data-ga-click data-ga-template=\"News\" data-ga-module=\"openweb_widget\" data-ga-element=\"openweb_scroll\" data-ga-item=\"openweb_scroll_midpage\" x-data=\"{\n         commentsCount: null,\n         hasComments: false,\n         async fetchCommentsCount() {\n             try {\n                 if (window.openweb &amp;&amp; typeof window.openweb.getMessagesCount === 'function') {\n                     this.commentsCount = await window.openweb.getMessagesCount('01JX33JF344WR5RBH8WXQ62ZXG');\n                     this.hasComments = this.commentsCount !== null &amp;&amp; this.commentsCount &gt; 0;\n                 }\n             } catch (e) {\n                 console.warn('Failed to fetch comment count:', e);\n             }\n         }\n     }\" x-init=\"fetchCommentsCount()\" x-cloak><\/p>\n<div class=\"absolute top-1\/2 hidden w-full -translate-y-1\/2 border-t-(1.5px) border-dashed border-black sm:block\"><\/div>\n<div class=\"relative flex justify-center\">\n<div class=\"flex max-w-fit items-center gap-x-3 bg-white px-5\">\n<div class=\"relative\">\n                <span class=\"absolute left-1\/2 top-1\/2 -translate-x-1\/2 -translate-y-1\/2 font-akshar text-sm font-medium text-black\" aria-live=\"polite\" x-show=\"hasComments\" x-text=\"commentsCount\"><\/span><\/p>\n<p>                <svg class=\"h-8 w-8 text-black\" role=\"img\" aria-hidden=\"true\">\n                    <use href=\"http:\/\/lifehacker.com\/images\/icons\/spritemap.svg#sprite-chat-bubble\"><\/use>\n                <\/svg>\n            <\/div>\n<p>            <span class=\"text-sm font-medium text-black\"><\/p>\n<p>                Que pensez-vous jusqu&rsquo;\u00e0 pr\u00e9sent?<br \/>\n                <button class=\"ml-1 font-semibold text-brand-green underline hover:text-brand-green-700\" type=\"button\" aria-label=\"Comment section trigger\" onclick=\"window.openweb.scrollToComments('01JX33JF344WR5RBH8WXQ62ZXG')\" x-text=\"hasComments ? 'Post a comment.' : 'Be the first to post a comment.'\"><\/button><br \/>\n            <\/span>\n        <\/div>\n<\/p><\/div>\n<\/div>\n<p>\u00ab\u00a0C&rsquo;est une fonctionnalit\u00e9 tr\u00e8s cool que je pense que nous aimerions tous si elle n&rsquo;\u00e9tait pas impl\u00e9ment\u00e9e par surprise\u00a0\u00bb, capture le sentiment de nombreux utilisateurs. La technologie existe pour rendre les donn\u00e9es de fitness plus utiles et connect\u00e9es, mais uniquement lorsque les utilisateurs comprennent et consentirent \u00e0 ce qui est partag\u00e9.<\/p>\n<p>De plus, pour les entra\u00eeneurs et les formateurs, cela repr\u00e9sente une pr\u00e9occupation professionnelle. Les plans de formation et les descriptions d&rsquo;entra\u00eenement contiennent souvent des m\u00e9thodologies propri\u00e9taires et des conseils personnalis\u00e9s que les entra\u00eeneurs consid\u00e8rent la propri\u00e9t\u00e9 intellectuelle. Lorsque ces d\u00e9tails deviennent soudainement publics sans avertissement, cela affecte la fa\u00e7on dont ils peuvent faire leur travail.<\/p>\n<h2 id=\"the-bottom-line\">La ligne de fond<\/h2>\n<p>En tant qu&rsquo;utilisateur fid\u00e8le de Strava, le probl\u00e8me de base ne concerne pas seulement les param\u00e8tres de confidentialit\u00e9 ou la visibilit\u00e9 des donn\u00e9es &#8211; il s&rsquo;agit de confiance et de communication. Lorsque les plateformes apportent des modifications importantes \u00e0 partager des donn\u00e9es sans notification claire, ils \u00e9rodent la confiance que les utilisateurs ont besoin pour se sentir \u00e0 l&rsquo;aise de partager leurs activit\u00e9s de fitness.<\/p>\n<p>Restez \u00e0 l&rsquo;\u00e9coute pour savoir comment se retirer exactement de ce partage de donn\u00e9es, ou si Strava pr\u00e9voit de faire une annonce officielle. Lorsque vous enregistrez un ticket d&rsquo;assistance avec le Strava Help Desk, vous \u00eates redirig\u00e9 vers ce fil comme l&rsquo;endroit o\u00f9 ils \u00abcollectent actuellement des commentaires\u00bb.<\/p>\n<p>Jusque-l\u00e0, il semble que nous, les athl\u00e8tes, v\u00e9rifiez plus fr\u00e9quemment les param\u00e8tres de confidentialit\u00e9 et se demandent quelles autres d\u00e9tails personnels pourraient appara\u00eetre dans nos flux publics demain.<\/p>\n","protected":false},"excerpt":{"rendered":"<p>Les athl\u00e8tes d\u00e9couvrent leurs notes d&rsquo;entra\u00eenement priv\u00e9es et leurs descriptions d&rsquo;entra\u00eenement personnalis\u00e9es sont soudainement visibles pour le monde. Au cours de la semaine derni\u00e8re, les<\/p>\n","protected":false},"author":1,"featured_media":8024,"comment_status":"","ping_status":"","sticky":false,"template":"","format":"standard","meta":{"footnotes":""},"categories":[38],"tags":[1074,154,2095,3685,14,1276,7318,130,4565,27,4],"class_list":["post-8023","post","type-post","status-publish","format-standard","has-post-thumbnail","hentry","category-sante","tag-dire","tag-donnees","tag-entrainements","tag-garmin","tag-les","tag-partage","tag-publiquement","tag-sans","tag-strava","tag-vos","tag-vous","generate-columns","tablet-grid-50","mobile-grid-100","grid-parent","grid-33"],"yoast_head":"<!-- This site is optimized with the Yoast SEO plugin v24.0 - https:\/\/yoast.com\/wordpress\/plugins\/seo\/ -->\n<title>Strava partage publiquement les donn\u00e9es de vos entra\u00eenements Garmin sans vous le dire | Vie Associative<\/title>\n<meta name=\"robots\" content=\"index, follow, max-snippet:-1, max-image-preview:large, max-video-preview:-1\" \/>\n<link rel=\"canonical\" href=\"https:\/\/vieassociative.be\/actualites\/strava-partage-publiquement-les-donnees-de-vos-entrainements-garmin-sans-vous-le-dire\/\" \/>\n<meta property=\"og:locale\" content=\"fr_FR\" \/>\n<meta property=\"og:type\" content=\"article\" \/>\n<meta property=\"og:title\" content=\"Strava partage publiquement les donn\u00e9es de vos entra\u00eenements Garmin sans vous le dire | Vie Associative\" \/>\n<meta property=\"og:description\" content=\"Les athl\u00e8tes d\u00e9couvrent leurs notes d&rsquo;entra\u00eenement priv\u00e9es et leurs descriptions d&rsquo;entra\u00eenement personnalis\u00e9es sont soudainement visibles pour le monde. Au cours de la semaine derni\u00e8re, les\" \/>\n<meta property=\"og:url\" content=\"https:\/\/vieassociative.be\/actualites\/strava-partage-publiquement-les-donnees-de-vos-entrainements-garmin-sans-vous-le-dire\/\" \/>\n<meta property=\"og:site_name\" content=\"Vie Associative\" \/>\n<meta property=\"article:published_time\" content=\"2025-06-06T19:17:34+00:00\" \/>\n<meta property=\"og:image\" content=\"https:\/\/vieassociative.be\/actualites\/wp-content\/uploads\/2024\/09\/header_backgroundk-01-e1726694325946.png\" \/>\n\t<meta property=\"og:image:width\" content=\"279\" \/>\n\t<meta property=\"og:image:height\" content=\"92\" \/>\n\t<meta property=\"og:image:type\" content=\"image\/png\" \/>\n<meta name=\"author\" content=\"Julien\" \/>\n<meta name=\"twitter:card\" content=\"summary_large_image\" \/>\n<meta name=\"twitter:label1\" content=\"\u00c9crit par\" \/>\n\t<meta name=\"twitter:data1\" content=\"Julien\" \/>\n\t<meta name=\"twitter:label2\" content=\"Dur\u00e9e de lecture est.\" \/>\n\t<meta name=\"twitter:data2\" content=\"5 minutes\" \/>\n<script type=\"application\/ld+json\" class=\"yoast-schema-graph\">{\"@context\":\"https:\/\/schema.org\",\"@graph\":[{\"@type\":\"Article\",\"@id\":\"https:\/\/vieassociative.be\/actualites\/strava-partage-publiquement-les-donnees-de-vos-entrainements-garmin-sans-vous-le-dire\/#article\",\"isPartOf\":{\"@id\":\"https:\/\/vieassociative.be\/actualites\/strava-partage-publiquement-les-donnees-de-vos-entrainements-garmin-sans-vous-le-dire\/\"},\"author\":{\"name\":\"Julien\",\"@id\":\"https:\/\/vieassociative.be\/actualites\/#\/schema\/person\/b87ac4f82f9d4e7b7cec7395b679edc4\"},\"headline\":\"Strava partage publiquement les donn\u00e9es de vos entra\u00eenements Garmin sans vous le dire\",\"datePublished\":\"2025-06-06T19:17:34+00:00\",\"dateModified\":\"2025-06-06T19:17:34+00:00\",\"mainEntityOfPage\":{\"@id\":\"https:\/\/vieassociative.be\/actualites\/strava-partage-publiquement-les-donnees-de-vos-entrainements-garmin-sans-vous-le-dire\/\"},\"wordCount\":1138,\"publisher\":{\"@id\":\"https:\/\/vieassociative.be\/actualites\/#organization\"},\"image\":{\"@id\":\"https:\/\/vieassociative.be\/actualites\/strava-partage-publiquement-les-donnees-de-vos-entrainements-garmin-sans-vous-le-dire\/#primaryimage\"},\"thumbnailUrl\":\"https:\/\/vieassociative.be\/actualites\/wp-content\/uploads\/2025\/06\/Strava-partage-publiquement-les-donnees-de-vos-entrainements-Garmin-sans.png\",\"keywords\":[\"dire\",\"donn\u00e9es\",\"entra\u00eenements\",\"Garmin\",\"Les\",\"partag\u00e9\",\"publiquement\",\"sans\",\"Strava\",\"vos\",\"Vous\"],\"articleSection\":[\"Sant\u00e9\"],\"inLanguage\":\"fr-BE\"},{\"@type\":\"WebPage\",\"@id\":\"https:\/\/vieassociative.be\/actualites\/strava-partage-publiquement-les-donnees-de-vos-entrainements-garmin-sans-vous-le-dire\/\",\"url\":\"https:\/\/vieassociative.be\/actualites\/strava-partage-publiquement-les-donnees-de-vos-entrainements-garmin-sans-vous-le-dire\/\",\"name\":\"Strava partage publiquement les donn\u00e9es de vos entra\u00eenements Garmin sans vous le dire | Vie Associative\",\"isPartOf\":{\"@id\":\"https:\/\/vieassociative.be\/actualites\/#website\"},\"primaryImageOfPage\":{\"@id\":\"https:\/\/vieassociative.be\/actualites\/strava-partage-publiquement-les-donnees-de-vos-entrainements-garmin-sans-vous-le-dire\/#primaryimage\"},\"image\":{\"@id\":\"https:\/\/vieassociative.be\/actualites\/strava-partage-publiquement-les-donnees-de-vos-entrainements-garmin-sans-vous-le-dire\/#primaryimage\"},\"thumbnailUrl\":\"https:\/\/vieassociative.be\/actualites\/wp-content\/uploads\/2025\/06\/Strava-partage-publiquement-les-donnees-de-vos-entrainements-Garmin-sans.png\",\"datePublished\":\"2025-06-06T19:17:34+00:00\",\"dateModified\":\"2025-06-06T19:17:34+00:00\",\"breadcrumb\":{\"@id\":\"https:\/\/vieassociative.be\/actualites\/strava-partage-publiquement-les-donnees-de-vos-entrainements-garmin-sans-vous-le-dire\/#breadcrumb\"},\"inLanguage\":\"fr-BE\",\"potentialAction\":[{\"@type\":\"ReadAction\",\"target\":[\"https:\/\/vieassociative.be\/actualites\/strava-partage-publiquement-les-donnees-de-vos-entrainements-garmin-sans-vous-le-dire\/\"]}]},{\"@type\":\"ImageObject\",\"inLanguage\":\"fr-BE\",\"@id\":\"https:\/\/vieassociative.be\/actualites\/strava-partage-publiquement-les-donnees-de-vos-entrainements-garmin-sans-vous-le-dire\/#primaryimage\",\"url\":\"https:\/\/vieassociative.be\/actualites\/wp-content\/uploads\/2025\/06\/Strava-partage-publiquement-les-donnees-de-vos-entrainements-Garmin-sans.png\",\"contentUrl\":\"https:\/\/vieassociative.be\/actualites\/wp-content\/uploads\/2025\/06\/Strava-partage-publiquement-les-donnees-de-vos-entrainements-Garmin-sans.png\",\"width\":1200,\"height\":675,\"caption\":\"Strava partage publiquement les donn\u00e9es de vos entra\u00eenements Garmin sans vous le dire\"},{\"@type\":\"BreadcrumbList\",\"@id\":\"https:\/\/vieassociative.be\/actualites\/strava-partage-publiquement-les-donnees-de-vos-entrainements-garmin-sans-vous-le-dire\/#breadcrumb\",\"itemListElement\":[{\"@type\":\"ListItem\",\"position\":1,\"name\":\"Accueil\",\"item\":\"https:\/\/vieassociative.be\/actualites\/\"},{\"@type\":\"ListItem\",\"position\":2,\"name\":\"Strava partage publiquement les donn\u00e9es de vos entra\u00eenements Garmin sans vous le dire\"}]},{\"@type\":\"WebSite\",\"@id\":\"https:\/\/vieassociative.be\/actualites\/#website\",\"url\":\"https:\/\/vieassociative.be\/actualites\/\",\"name\":\"Vie Associative\",\"description\":\"\",\"publisher\":{\"@id\":\"https:\/\/vieassociative.be\/actualites\/#organization\"},\"potentialAction\":[{\"@type\":\"SearchAction\",\"target\":{\"@type\":\"EntryPoint\",\"urlTemplate\":\"https:\/\/vieassociative.be\/actualites\/?s={search_term_string}\"},\"query-input\":{\"@type\":\"PropertyValueSpecification\",\"valueRequired\":true,\"valueName\":\"search_term_string\"}}],\"inLanguage\":\"fr-BE\"},{\"@type\":\"Organization\",\"@id\":\"https:\/\/vieassociative.be\/actualites\/#organization\",\"name\":\"Vie Associative\",\"url\":\"https:\/\/vieassociative.be\/actualites\/\",\"logo\":{\"@type\":\"ImageObject\",\"inLanguage\":\"fr-BE\",\"@id\":\"https:\/\/vieassociative.be\/actualites\/#\/schema\/logo\/image\/\",\"url\":\"https:\/\/vieassociative.be\/actualites\/wp-content\/uploads\/2024\/09\/cropped-vieassociative_favicon.ico.png\",\"contentUrl\":\"https:\/\/vieassociative.be\/actualites\/wp-content\/uploads\/2024\/09\/cropped-vieassociative_favicon.ico.png\",\"width\":512,\"height\":512,\"caption\":\"Vie Associative\"},\"image\":{\"@id\":\"https:\/\/vieassociative.be\/actualites\/#\/schema\/logo\/image\/\"}},{\"@type\":\"Person\",\"@id\":\"https:\/\/vieassociative.be\/actualites\/#\/schema\/person\/b87ac4f82f9d4e7b7cec7395b679edc4\",\"name\":\"Julien\",\"image\":{\"@type\":\"ImageObject\",\"inLanguage\":\"fr-BE\",\"@id\":\"https:\/\/vieassociative.be\/actualites\/#\/schema\/person\/image\/\",\"url\":\"https:\/\/vieassociative.be\/actualites\/wp-content\/uploads\/2024\/09\/vie-associative-1-150x150.jpg\",\"contentUrl\":\"https:\/\/vieassociative.be\/actualites\/wp-content\/uploads\/2024\/09\/vie-associative-1-150x150.jpg\",\"caption\":\"Julien\"},\"description\":\"Je suis Julien, r\u00e9dacteur pour Vie Associative. Passionn\u00e9 par le monde associatif depuis plus de 10 ans, j'ai \u00e0 c\u0153ur de partager des histoires inspirantes et de mettre en lumi\u00e8re les initiatives locales. Mon objectif est de sensibiliser et d'encourager l'engagement communautaire \u00e0 travers mes articles.\",\"sameAs\":[\"https:\/\/vieassociative.be\/\"]}]}<\/script>\n<!-- \/ Yoast SEO plugin. -->","yoast_head_json":{"title":"Strava partage publiquement les donn\u00e9es de vos entra\u00eenements Garmin sans vous le dire | Vie Associative","robots":{"index":"index","follow":"follow","max-snippet":"max-snippet:-1","max-image-preview":"max-image-preview:large","max-video-preview":"max-video-preview:-1"},"canonical":"https:\/\/vieassociative.be\/actualites\/strava-partage-publiquement-les-donnees-de-vos-entrainements-garmin-sans-vous-le-dire\/","og_locale":"fr_FR","og_type":"article","og_title":"Strava partage publiquement les donn\u00e9es de vos entra\u00eenements Garmin sans vous le dire | Vie Associative","og_description":"Les athl\u00e8tes d\u00e9couvrent leurs notes d&rsquo;entra\u00eenement priv\u00e9es et leurs descriptions d&rsquo;entra\u00eenement personnalis\u00e9es sont soudainement visibles pour le monde. Au cours de la semaine derni\u00e8re, les","og_url":"https:\/\/vieassociative.be\/actualites\/strava-partage-publiquement-les-donnees-de-vos-entrainements-garmin-sans-vous-le-dire\/","og_site_name":"Vie Associative","article_published_time":"2025-06-06T19:17:34+00:00","og_image":[{"width":279,"height":92,"url":"https:\/\/vieassociative.be\/actualites\/wp-content\/uploads\/2024\/09\/header_backgroundk-01-e1726694325946.png","type":"image\/png"}],"author":"Julien","twitter_card":"summary_large_image","twitter_misc":{"\u00c9crit par":"Julien","Dur\u00e9e de lecture est.":"5 minutes"},"schema":{"@context":"https:\/\/schema.org","@graph":[{"@type":"Article","@id":"https:\/\/vieassociative.be\/actualites\/strava-partage-publiquement-les-donnees-de-vos-entrainements-garmin-sans-vous-le-dire\/#article","isPartOf":{"@id":"https:\/\/vieassociative.be\/actualites\/strava-partage-publiquement-les-donnees-de-vos-entrainements-garmin-sans-vous-le-dire\/"},"author":{"name":"Julien","@id":"https:\/\/vieassociative.be\/actualites\/#\/schema\/person\/b87ac4f82f9d4e7b7cec7395b679edc4"},"headline":"Strava partage publiquement les donn\u00e9es de vos entra\u00eenements Garmin sans vous le dire","datePublished":"2025-06-06T19:17:34+00:00","dateModified":"2025-06-06T19:17:34+00:00","mainEntityOfPage":{"@id":"https:\/\/vieassociative.be\/actualites\/strava-partage-publiquement-les-donnees-de-vos-entrainements-garmin-sans-vous-le-dire\/"},"wordCount":1138,"publisher":{"@id":"https:\/\/vieassociative.be\/actualites\/#organization"},"image":{"@id":"https:\/\/vieassociative.be\/actualites\/strava-partage-publiquement-les-donnees-de-vos-entrainements-garmin-sans-vous-le-dire\/#primaryimage"},"thumbnailUrl":"https:\/\/vieassociative.be\/actualites\/wp-content\/uploads\/2025\/06\/Strava-partage-publiquement-les-donnees-de-vos-entrainements-Garmin-sans.png","keywords":["dire","donn\u00e9es","entra\u00eenements","Garmin","Les","partag\u00e9","publiquement","sans","Strava","vos","Vous"],"articleSection":["Sant\u00e9"],"inLanguage":"fr-BE"},{"@type":"WebPage","@id":"https:\/\/vieassociative.be\/actualites\/strava-partage-publiquement-les-donnees-de-vos-entrainements-garmin-sans-vous-le-dire\/","url":"https:\/\/vieassociative.be\/actualites\/strava-partage-publiquement-les-donnees-de-vos-entrainements-garmin-sans-vous-le-dire\/","name":"Strava partage publiquement les donn\u00e9es de vos entra\u00eenements Garmin sans vous le dire | Vie Associative","isPartOf":{"@id":"https:\/\/vieassociative.be\/actualites\/#website"},"primaryImageOfPage":{"@id":"https:\/\/vieassociative.be\/actualites\/strava-partage-publiquement-les-donnees-de-vos-entrainements-garmin-sans-vous-le-dire\/#primaryimage"},"image":{"@id":"https:\/\/vieassociative.be\/actualites\/strava-partage-publiquement-les-donnees-de-vos-entrainements-garmin-sans-vous-le-dire\/#primaryimage"},"thumbnailUrl":"https:\/\/vieassociative.be\/actualites\/wp-content\/uploads\/2025\/06\/Strava-partage-publiquement-les-donnees-de-vos-entrainements-Garmin-sans.png","datePublished":"2025-06-06T19:17:34+00:00","dateModified":"2025-06-06T19:17:34+00:00","breadcrumb":{"@id":"https:\/\/vieassociative.be\/actualites\/strava-partage-publiquement-les-donnees-de-vos-entrainements-garmin-sans-vous-le-dire\/#breadcrumb"},"inLanguage":"fr-BE","potentialAction":[{"@type":"ReadAction","target":["https:\/\/vieassociative.be\/actualites\/strava-partage-publiquement-les-donnees-de-vos-entrainements-garmin-sans-vous-le-dire\/"]}]},{"@type":"ImageObject","inLanguage":"fr-BE","@id":"https:\/\/vieassociative.be\/actualites\/strava-partage-publiquement-les-donnees-de-vos-entrainements-garmin-sans-vous-le-dire\/#primaryimage","url":"https:\/\/vieassociative.be\/actualites\/wp-content\/uploads\/2025\/06\/Strava-partage-publiquement-les-donnees-de-vos-entrainements-Garmin-sans.png","contentUrl":"https:\/\/vieassociative.be\/actualites\/wp-content\/uploads\/2025\/06\/Strava-partage-publiquement-les-donnees-de-vos-entrainements-Garmin-sans.png","width":1200,"height":675,"caption":"Strava partage publiquement les donn\u00e9es de vos entra\u00eenements Garmin sans vous le dire"},{"@type":"BreadcrumbList","@id":"https:\/\/vieassociative.be\/actualites\/strava-partage-publiquement-les-donnees-de-vos-entrainements-garmin-sans-vous-le-dire\/#breadcrumb","itemListElement":[{"@type":"ListItem","position":1,"name":"Accueil","item":"https:\/\/vieassociative.be\/actualites\/"},{"@type":"ListItem","position":2,"name":"Strava partage publiquement les donn\u00e9es de vos entra\u00eenements Garmin sans vous le dire"}]},{"@type":"WebSite","@id":"https:\/\/vieassociative.be\/actualites\/#website","url":"https:\/\/vieassociative.be\/actualites\/","name":"Vie Associative","description":"","publisher":{"@id":"https:\/\/vieassociative.be\/actualites\/#organization"},"potentialAction":[{"@type":"SearchAction","target":{"@type":"EntryPoint","urlTemplate":"https:\/\/vieassociative.be\/actualites\/?s={search_term_string}"},"query-input":{"@type":"PropertyValueSpecification","valueRequired":true,"valueName":"search_term_string"}}],"inLanguage":"fr-BE"},{"@type":"Organization","@id":"https:\/\/vieassociative.be\/actualites\/#organization","name":"Vie Associative","url":"https:\/\/vieassociative.be\/actualites\/","logo":{"@type":"ImageObject","inLanguage":"fr-BE","@id":"https:\/\/vieassociative.be\/actualites\/#\/schema\/logo\/image\/","url":"https:\/\/vieassociative.be\/actualites\/wp-content\/uploads\/2024\/09\/cropped-vieassociative_favicon.ico.png","contentUrl":"https:\/\/vieassociative.be\/actualites\/wp-content\/uploads\/2024\/09\/cropped-vieassociative_favicon.ico.png","width":512,"height":512,"caption":"Vie Associative"},"image":{"@id":"https:\/\/vieassociative.be\/actualites\/#\/schema\/logo\/image\/"}},{"@type":"Person","@id":"https:\/\/vieassociative.be\/actualites\/#\/schema\/person\/b87ac4f82f9d4e7b7cec7395b679edc4","name":"Julien","image":{"@type":"ImageObject","inLanguage":"fr-BE","@id":"https:\/\/vieassociative.be\/actualites\/#\/schema\/person\/image\/","url":"https:\/\/vieassociative.be\/actualites\/wp-content\/uploads\/2024\/09\/vie-associative-1-150x150.jpg","contentUrl":"https:\/\/vieassociative.be\/actualites\/wp-content\/uploads\/2024\/09\/vie-associative-1-150x150.jpg","caption":"Julien"},"description":"Je suis Julien, r\u00e9dacteur pour Vie Associative. Passionn\u00e9 par le monde associatif depuis plus de 10 ans, j'ai \u00e0 c\u0153ur de partager des histoires inspirantes et de mettre en lumi\u00e8re les initiatives locales. Mon objectif est de sensibiliser et d'encourager l'engagement communautaire \u00e0 travers mes articles.","sameAs":["https:\/\/vieassociative.be\/"]}]}},"_links":{"self":[{"href":"https:\/\/vieassociative.be\/actualites\/wp-json\/wp\/v2\/posts\/8023"}],"collection":[{"href":"https:\/\/vieassociative.be\/actualites\/wp-json\/wp\/v2\/posts"}],"about":[{"href":"https:\/\/vieassociative.be\/actualites\/wp-json\/wp\/v2\/types\/post"}],"author":[{"embeddable":true,"href":"https:\/\/vieassociative.be\/actualites\/wp-json\/wp\/v2\/users\/1"}],"replies":[{"embeddable":true,"href":"https:\/\/vieassociative.be\/actualites\/wp-json\/wp\/v2\/comments?post=8023"}],"version-history":[{"count":0,"href":"https:\/\/vieassociative.be\/actualites\/wp-json\/wp\/v2\/posts\/8023\/revisions"}],"wp:featuredmedia":[{"embeddable":true,"href":"https:\/\/vieassociative.be\/actualites\/wp-json\/wp\/v2\/media\/8024"}],"wp:attachment":[{"href":"https:\/\/vieassociative.be\/actualites\/wp-json\/wp\/v2\/media?parent=8023"}],"wp:term":[{"taxonomy":"category","embeddable":true,"href":"https:\/\/vieassociative.be\/actualites\/wp-json\/wp\/v2\/categories?post=8023"},{"taxonomy":"post_tag","embeddable":true,"href":"https:\/\/vieassociative.be\/actualites\/wp-json\/wp\/v2\/tags?post=8023"}],"curies":[{"name":"wp","href":"https:\/\/api.w.org\/{rel}","templated":true}]}}