{"id":8021,"date":"2025-06-06T20:17:20","date_gmt":"2025-06-06T18:17:20","guid":{"rendered":"https:\/\/vieassociative.be\/actualites\/arretez-dutiliser-ces-halteres-reglables-bowflex-rappeles-maintenant\/"},"modified":"2025-06-06T20:17:20","modified_gmt":"2025-06-06T18:17:20","slug":"arretez-dutiliser-ces-halteres-reglables-bowflex-rappeles-maintenant","status":"publish","type":"post","link":"https:\/\/vieassociative.be\/actualites\/arretez-dutiliser-ces-halteres-reglables-bowflex-rappeles-maintenant\/","title":{"rendered":"Arr\u00eatez d&rsquo;utiliser ces halt\u00e8res r\u00e9glables Bowflex rappel\u00e9s maintenant"},"content":{"rendered":"<div class=\"mt-4 leading-6 md:mb-8\">Les gens ont subi des blessures telles que des commotions c\u00e9r\u00e9brales, des abrasions, des orteils bris\u00e9s ou des contusions dues \u00e0 des plaques se d\u00e9logeant de fa\u00e7on inattendue.<\/div>\n<p><\/p>\n<p>Si vous utilisez des halt\u00e8res r\u00e9glables Bowflex, soyez prudent: votre \u00e9quipement d&rsquo;entra\u00eenement peut \u00eatre affect\u00e9 par un rappel de s\u00e9curit\u00e9.<\/p>\n<p>La soci\u00e9t\u00e9 m\u00e8re de Bowflex Johnson Health Tech Trading a \u00e9mis un rappel pour les halt\u00e8res ajust\u00e9s Bowflex en raison d&rsquo;un danger grave \u00e0 impact qui pourrait entra\u00eener des blessures aux utilisateurs &#8211; la soci\u00e9t\u00e9 affirme qu&rsquo;il y a eu plus de 300 rapports de plaques de d\u00e9logage pendant l&rsquo;usage, y compris 111 entra\u00eenant des blessures telles que des commotions c\u00e9r\u00e9brales, des abrasions, des orteils cass\u00e9s ou des contusions. <\/p>\n<p>Ce rappel volontaire affecte quelque 3,7 millions de produits Bowflex pr\u00e9c\u00e9demment vendus (certains vendus sous l&rsquo;ancien nom de la soci\u00e9t\u00e9, Nautilus, Inc.) voici quoi faire si vos halt\u00e8res Bowflex sont affect\u00e9s par ce rappel.<\/p>\n<h2 id=\"which-bowflex-products-are-affected\">Quels produits Bowflex sont affect\u00e9s?<\/h2>\n<p>Le rappel concerne deux mod\u00e8les d&rsquo;halt\u00e8res r\u00e9glables populaires Bowflex: le <strong>Mod\u00e8le 552<\/strong> (Halt\u00e8res r\u00e9glables de 52,5 livres) et <strong>Mod\u00e8le 1090<\/strong> (Halt\u00e8res r\u00e9glables de 90 livres). <\/p>\n<p>Les halt\u00e8res ont \u00e9t\u00e9 vendus par paires et unit\u00e9s simples en noir et comprennent des poign\u00e9es, des plaques de poids et un plateau en plastique moul\u00e9. Les deux produits ont \u00e9t\u00e9 con\u00e7us lorsque les utilisateurs ajustent le poids en tournant les boutons manuels tandis que les halt\u00e8res restent dans leur bac de base.<\/p>\n<h2 id=\"how-to-check-if-your-bowflex-dumbbells-are-recalled\">Comment v\u00e9rifier si vos halt\u00e8res Bowflex sont rappel\u00e9s<\/h2>\n<p>Pour d\u00e9terminer si vos halt\u00e8res Bowflex font partie de ce rappel, v\u00e9rifiez le mod\u00e8le et le num\u00e9ro de s\u00e9rie imprim\u00e9s sur un autocollant situ\u00e9 au bas du plateau en plastique moul\u00e9. <\/p>\n<p>Pour le 552, v\u00e9rifiez les gammes de num\u00e9ros de s\u00e9rie suivants:<\/p>\n<ul>\n<li>\n<p>00182M243902233 &#8211; 00182M243902592<\/p>\n<\/li>\n<li>\n<p>00182MAG220200463C &#8211; 00182MAG221204535C<\/p>\n<\/li>\n<li>\n<p>00182SFE213414844C &#8211; 00182SFE234002231C<\/p>\n<\/li>\n<li>\n<p>100182M242800001 &#8211; 100182M250201440<\/p>\n<\/li>\n<li>\n<p>100182MAG20431227C &#8211; 100182MAG233500372<\/p>\n<\/li>\n<li>\n<p>100182p244100067 &#8211; 100182p244602976<\/p>\n<\/li>\n<li>\n<p>100182SFE213709609 &#8211; 100182SFE235206276<\/p>\n<\/li>\n<li>\n<p>100748M243200001 &#8211; 100748M244300252<\/p>\n<\/li>\n<li>\n<p>100748MAG222400734 &#8211; 100748MAG23500660<\/p>\n<\/li>\n<li>\n<p>100748p242900001 &#8211; 100748p245205632<\/p>\n<\/li>\n<li>\n<p>100748SFE220908785 &#8211; 100748SFE233513811<\/p>\n<\/li>\n<li>\n<p>X00748mag233003670 &#8211; x00748mag233003672<\/p>\n<\/li>\n<li>\n<p>X00748SFE233202493 &#8211; x00748SFE233203161<\/p>\n<\/li>\n<li>\n<p>Z00748mag233003670<\/p>\n<\/li>\n<\/ul>\n<p>Pour le 1090, v\u00e9rifiez les gammes de num\u00e9ros de s\u00e9rie suivants:<\/p>\n<ul>\n<li>\n<p>4551mag21452813 &#8211; 4551mag23350381<\/p>\n<\/li>\n<li>\n<p>4551SFE23320001 &#8211; 4551SFE23501949<\/p>\n<\/li>\n<\/ul>\n<p>Si vous poss\u00e9dez des halt\u00e8res r\u00e9glables du mod\u00e8le 552 ou du mod\u00e8le 1090, il est s\u00fbr de dire que votre \u00e9quipement est inclus dans ce rappel. <\/p>\n<h2 id=\"what-to-do-if-you-own-these-bowflex-dumbbells\">Que faire si vous poss\u00e9dez ces halt\u00e8res Bowflex<\/h2>\n<p>Il va sans dire, <strong>Arr\u00eatez d&rsquo;utiliser imm\u00e9diatement les halt\u00e8res rappel\u00e9s.<\/strong> M\u00eame si Johnson Health Tech Trading est de mani\u00e8re proactive \u00e0 tous les acheteurs connus directement pour les informer du rappel, vous ne devriez pas attendre pour entendre l&rsquo;entreprise. Le risque d&rsquo;impact pr\u00e9sente un risque de s\u00e9curit\u00e9 grave qui pourrait entra\u00eener des blessures pendant l&rsquo;utilisation. N&rsquo;essayez pas simplement de continuer \u00e0 faire de l&rsquo;exercice avec ces halt\u00e8res, m\u00eame s&rsquo;ils semblent fonctionner normalement. <\/p>\n<div class=\"pogoClear relative my-10 border-b-(1.5px) border-t-(1.5px) border-dashed border-black py-5 sm:my-14 sm:border-0 sm:py-0\" data-ga-click data-ga-template=\"News\" data-ga-module=\"openweb_widget\" data-ga-element=\"openweb_scroll\" data-ga-item=\"openweb_scroll_midpage\" x-data=\"{\n         commentsCount: null,\n         hasComments: false,\n         async fetchCommentsCount() {\n             try {\n                 if (window.openweb &amp;&amp; typeof window.openweb.getMessagesCount === 'function') {\n                     this.commentsCount = await window.openweb.getMessagesCount('01JX0MPQE5MESCSQ13X2385VH2');\n                     this.hasComments = this.commentsCount !== null &amp;&amp; this.commentsCount &gt; 0;\n                 }\n             } catch (e) {\n                 console.warn('Failed to fetch comment count:', e);\n             }\n         }\n     }\" x-init=\"fetchCommentsCount()\" x-cloak><\/p>\n<div class=\"absolute top-1\/2 hidden w-full -translate-y-1\/2 border-t-(1.5px) border-dashed border-black sm:block\"><\/div>\n<div class=\"relative flex justify-center\">\n<div class=\"flex max-w-fit items-center gap-x-3 bg-white px-5\">\n<div class=\"relative\">\n                <span class=\"absolute left-1\/2 top-1\/2 -translate-x-1\/2 -translate-y-1\/2 font-akshar text-sm font-medium text-black\" aria-live=\"polite\" x-show=\"hasComments\" x-text=\"commentsCount\"><\/span><\/p>\n<p>                <svg class=\"h-8 w-8 text-black\" role=\"img\" aria-hidden=\"true\">\n                    <use href=\"http:\/\/lifehacker.com\/images\/icons\/spritemap.svg#sprite-chat-bubble\"><\/use>\n                <\/svg>\n            <\/div>\n<p>            <span class=\"text-sm font-medium text-black\"><\/p>\n<p>                Que pensez-vous jusqu&rsquo;\u00e0 pr\u00e9sent?<br \/>\n                <button class=\"ml-1 font-semibold text-brand-green underline hover:text-brand-green-700\" type=\"button\" aria-label=\"Comment section trigger\" onclick=\"window.openweb.scrollToComments('01JX0MPQE5MESCSQ13X2385VH2')\" x-text=\"hasComments ? 'Post a comment.' : 'Be the first to post a comment.'\"><\/button><br \/>\n            <\/span>\n        <\/div>\n<\/p><\/div>\n<\/div>\n<p>Johnson Health Tech Trading propose diff\u00e9rentes options de rem\u00e8de, selon l&rsquo;endroit o\u00f9 les consommateurs ont initialement achet\u00e9 leurs halt\u00e8res.<\/p>\n<p><strong>Pour les unit\u00e9s vendues par Johnson Health Tech Trading:<\/strong><\/p>\n<ul>\n<li>\n<p>Remboursement complet du prix d&rsquo;achat sous la forme d&rsquo;un bon<\/p>\n<\/li>\n<li>\n<p>Halt\u00e8res de remplacement (le cas \u00e9ch\u00e9ant)<\/p>\n<\/li>\n<\/ul>\n<p><strong>Pour les unit\u00e9s vendues \u00e0 l&rsquo;origine par Bowflex Inc. (anciennement Nautilus Inc.):<\/strong><\/p>\n<ul>\n<li>\n<p>Remboursement de bon \u00e0 proratation en fonction de la date d&rsquo;achat<\/p>\n<\/li>\n<li>\n<p>Adh\u00e9sion \u00e0 un an Digital Fitness gratuit gratuit<\/p>\n<\/li>\n<\/ul>\n<p>Si vous avez un ensemble de mod\u00e8les d&rsquo;halt\u00e8res et que vous souhaitez qu&rsquo;ils envoient un ensemble de remplacement (de versions s\u00fbres des m\u00eames mod\u00e8les), pr\u00e9parez les informations suivantes:<\/p>\n<ul>\n<li>\n<p>Nom, adresse postale (l&rsquo;adresse postale sera utilis\u00e9e pour envoyer une bo\u00eete \/ \u00e9tiquette pr\u00e9pay\u00e9e pour retourner la ou les poign\u00e9es et la base de vos halt\u00e8res)<\/p>\n<\/li>\n<li>\n<p>Nom du mod\u00e8le (avez-vous 552s ou 1090)<\/p>\n<\/li>\n<li>\n<p>Num\u00e9ro de s\u00e9rie pour chaque halt\u00e8re (soit fournir le num\u00e9ro <em>ou<\/em> Prenez une photo et envoyez par e-mail)<\/p>\n<\/li>\n<\/ul>\n<p>Pour les informations les plus r\u00e9centes sur ce rappel, y compris les coordonn\u00e9es et les instructions sp\u00e9cifiques pour votre situation, visitez la page Web de rappel officielle du fabricant ou contactez directement le service client. Vous pouvez appeler Johnson Health Tech Trading sans frais au 800-209-3539 de 8 h \u00e0 19 h CT du lundi au vendredi, par e-mail \u00e0 <span class=\"__cf_email__\" data-cfemail=\"82f0e7e1e3eeeec2e0edf5e4eee7faace1edef\">(Prot\u00e9g\u00e9 par e-mail)<\/span>ou sur www.bowflex.com\/recalls ou en ligne sur www.bowflex.com et cliquez sur \u00abrappels\u00bb en bas de la page.<\/p>\n","protected":false},"excerpt":{"rendered":"<p>Les gens ont subi des blessures telles que des commotions c\u00e9r\u00e9brales, des abrasions, des orteils bris\u00e9s ou des contusions dues \u00e0 des plaques se d\u00e9logeant<\/p>\n","protected":false},"author":1,"featured_media":8022,"comment_status":"","ping_status":"","sticky":false,"template":"","format":"standard","meta":{"footnotes":""},"categories":[38],"tags":[1570,7317,248,120,7201,233,2247,7316],"class_list":["post-8021","post","type-post","status-publish","format-standard","has-post-thumbnail","hentry","category-sante","tag-arretez","tag-bowflex","tag-ces","tag-dutiliser","tag-halteres","tag-maintenant","tag-rappeles","tag-reglables","generate-columns","tablet-grid-50","mobile-grid-100","grid-parent","grid-33"],"yoast_head":"<!-- This site is optimized with the Yoast SEO plugin v24.0 - https:\/\/yoast.com\/wordpress\/plugins\/seo\/ -->\n<title>Arr\u00eatez d&#039;utiliser ces halt\u00e8res r\u00e9glables Bowflex rappel\u00e9s maintenant | Vie Associative<\/title>\n<meta name=\"robots\" content=\"index, follow, max-snippet:-1, max-image-preview:large, max-video-preview:-1\" \/>\n<link rel=\"canonical\" href=\"https:\/\/vieassociative.be\/actualites\/arretez-dutiliser-ces-halteres-reglables-bowflex-rappeles-maintenant\/\" \/>\n<meta property=\"og:locale\" content=\"fr_FR\" \/>\n<meta property=\"og:type\" content=\"article\" \/>\n<meta property=\"og:title\" content=\"Arr\u00eatez d&#039;utiliser ces halt\u00e8res r\u00e9glables Bowflex rappel\u00e9s maintenant | Vie Associative\" \/>\n<meta property=\"og:description\" content=\"Les gens ont subi des blessures telles que des commotions c\u00e9r\u00e9brales, des abrasions, des orteils bris\u00e9s ou des contusions dues \u00e0 des plaques se d\u00e9logeant\" \/>\n<meta property=\"og:url\" content=\"https:\/\/vieassociative.be\/actualites\/arretez-dutiliser-ces-halteres-reglables-bowflex-rappeles-maintenant\/\" \/>\n<meta property=\"og:site_name\" content=\"Vie Associative\" \/>\n<meta property=\"article:published_time\" content=\"2025-06-06T18:17:20+00:00\" \/>\n<meta property=\"og:image\" content=\"https:\/\/vieassociative.be\/actualites\/wp-content\/uploads\/2024\/09\/header_backgroundk-01-e1726694325946.png\" \/>\n\t<meta property=\"og:image:width\" content=\"279\" \/>\n\t<meta property=\"og:image:height\" content=\"92\" \/>\n\t<meta property=\"og:image:type\" content=\"image\/png\" \/>\n<meta name=\"author\" content=\"Julien\" \/>\n<meta name=\"twitter:card\" content=\"summary_large_image\" \/>\n<meta name=\"twitter:label1\" content=\"\u00c9crit par\" \/>\n\t<meta name=\"twitter:data1\" content=\"Julien\" \/>\n\t<meta name=\"twitter:label2\" content=\"Dur\u00e9e de lecture est.\" \/>\n\t<meta name=\"twitter:data2\" content=\"4 minutes\" \/>\n<script type=\"application\/ld+json\" class=\"yoast-schema-graph\">{\"@context\":\"https:\/\/schema.org\",\"@graph\":[{\"@type\":\"Article\",\"@id\":\"https:\/\/vieassociative.be\/actualites\/arretez-dutiliser-ces-halteres-reglables-bowflex-rappeles-maintenant\/#article\",\"isPartOf\":{\"@id\":\"https:\/\/vieassociative.be\/actualites\/arretez-dutiliser-ces-halteres-reglables-bowflex-rappeles-maintenant\/\"},\"author\":{\"name\":\"Julien\",\"@id\":\"https:\/\/vieassociative.be\/actualites\/#\/schema\/person\/b87ac4f82f9d4e7b7cec7395b679edc4\"},\"headline\":\"Arr\u00eatez d&rsquo;utiliser ces halt\u00e8res r\u00e9glables Bowflex rappel\u00e9s maintenant\",\"datePublished\":\"2025-06-06T18:17:20+00:00\",\"dateModified\":\"2025-06-06T18:17:20+00:00\",\"mainEntityOfPage\":{\"@id\":\"https:\/\/vieassociative.be\/actualites\/arretez-dutiliser-ces-halteres-reglables-bowflex-rappeles-maintenant\/\"},\"wordCount\":816,\"publisher\":{\"@id\":\"https:\/\/vieassociative.be\/actualites\/#organization\"},\"image\":{\"@id\":\"https:\/\/vieassociative.be\/actualites\/arretez-dutiliser-ces-halteres-reglables-bowflex-rappeles-maintenant\/#primaryimage\"},\"thumbnailUrl\":\"https:\/\/vieassociative.be\/actualites\/wp-content\/uploads\/2025\/06\/Arretez-dutiliser-ces-halteres-reglables-Bowflex-rappeles-maintenant.png\",\"keywords\":[\"Arr\u00eatez\",\"Bowflex\",\"ces\",\"dutiliser\",\"halt\u00e8res\",\"maintenant\",\"rappel\u00e9s\",\"r\u00e9glables\"],\"articleSection\":[\"Sant\u00e9\"],\"inLanguage\":\"fr-BE\"},{\"@type\":\"WebPage\",\"@id\":\"https:\/\/vieassociative.be\/actualites\/arretez-dutiliser-ces-halteres-reglables-bowflex-rappeles-maintenant\/\",\"url\":\"https:\/\/vieassociative.be\/actualites\/arretez-dutiliser-ces-halteres-reglables-bowflex-rappeles-maintenant\/\",\"name\":\"Arr\u00eatez d'utiliser ces halt\u00e8res r\u00e9glables Bowflex rappel\u00e9s maintenant | Vie Associative\",\"isPartOf\":{\"@id\":\"https:\/\/vieassociative.be\/actualites\/#website\"},\"primaryImageOfPage\":{\"@id\":\"https:\/\/vieassociative.be\/actualites\/arretez-dutiliser-ces-halteres-reglables-bowflex-rappeles-maintenant\/#primaryimage\"},\"image\":{\"@id\":\"https:\/\/vieassociative.be\/actualites\/arretez-dutiliser-ces-halteres-reglables-bowflex-rappeles-maintenant\/#primaryimage\"},\"thumbnailUrl\":\"https:\/\/vieassociative.be\/actualites\/wp-content\/uploads\/2025\/06\/Arretez-dutiliser-ces-halteres-reglables-Bowflex-rappeles-maintenant.png\",\"datePublished\":\"2025-06-06T18:17:20+00:00\",\"dateModified\":\"2025-06-06T18:17:20+00:00\",\"breadcrumb\":{\"@id\":\"https:\/\/vieassociative.be\/actualites\/arretez-dutiliser-ces-halteres-reglables-bowflex-rappeles-maintenant\/#breadcrumb\"},\"inLanguage\":\"fr-BE\",\"potentialAction\":[{\"@type\":\"ReadAction\",\"target\":[\"https:\/\/vieassociative.be\/actualites\/arretez-dutiliser-ces-halteres-reglables-bowflex-rappeles-maintenant\/\"]}]},{\"@type\":\"ImageObject\",\"inLanguage\":\"fr-BE\",\"@id\":\"https:\/\/vieassociative.be\/actualites\/arretez-dutiliser-ces-halteres-reglables-bowflex-rappeles-maintenant\/#primaryimage\",\"url\":\"https:\/\/vieassociative.be\/actualites\/wp-content\/uploads\/2025\/06\/Arretez-dutiliser-ces-halteres-reglables-Bowflex-rappeles-maintenant.png\",\"contentUrl\":\"https:\/\/vieassociative.be\/actualites\/wp-content\/uploads\/2025\/06\/Arretez-dutiliser-ces-halteres-reglables-Bowflex-rappeles-maintenant.png\",\"width\":1200,\"height\":675,\"caption\":\"Arr\u00eatez d'utiliser ces halt\u00e8res r\u00e9glables Bowflex rappel\u00e9s maintenant\"},{\"@type\":\"BreadcrumbList\",\"@id\":\"https:\/\/vieassociative.be\/actualites\/arretez-dutiliser-ces-halteres-reglables-bowflex-rappeles-maintenant\/#breadcrumb\",\"itemListElement\":[{\"@type\":\"ListItem\",\"position\":1,\"name\":\"Accueil\",\"item\":\"https:\/\/vieassociative.be\/actualites\/\"},{\"@type\":\"ListItem\",\"position\":2,\"name\":\"Arr\u00eatez d&rsquo;utiliser ces halt\u00e8res r\u00e9glables Bowflex rappel\u00e9s maintenant\"}]},{\"@type\":\"WebSite\",\"@id\":\"https:\/\/vieassociative.be\/actualites\/#website\",\"url\":\"https:\/\/vieassociative.be\/actualites\/\",\"name\":\"Vie Associative\",\"description\":\"\",\"publisher\":{\"@id\":\"https:\/\/vieassociative.be\/actualites\/#organization\"},\"potentialAction\":[{\"@type\":\"SearchAction\",\"target\":{\"@type\":\"EntryPoint\",\"urlTemplate\":\"https:\/\/vieassociative.be\/actualites\/?s={search_term_string}\"},\"query-input\":{\"@type\":\"PropertyValueSpecification\",\"valueRequired\":true,\"valueName\":\"search_term_string\"}}],\"inLanguage\":\"fr-BE\"},{\"@type\":\"Organization\",\"@id\":\"https:\/\/vieassociative.be\/actualites\/#organization\",\"name\":\"Vie Associative\",\"url\":\"https:\/\/vieassociative.be\/actualites\/\",\"logo\":{\"@type\":\"ImageObject\",\"inLanguage\":\"fr-BE\",\"@id\":\"https:\/\/vieassociative.be\/actualites\/#\/schema\/logo\/image\/\",\"url\":\"https:\/\/vieassociative.be\/actualites\/wp-content\/uploads\/2024\/09\/cropped-vieassociative_favicon.ico.png\",\"contentUrl\":\"https:\/\/vieassociative.be\/actualites\/wp-content\/uploads\/2024\/09\/cropped-vieassociative_favicon.ico.png\",\"width\":512,\"height\":512,\"caption\":\"Vie Associative\"},\"image\":{\"@id\":\"https:\/\/vieassociative.be\/actualites\/#\/schema\/logo\/image\/\"}},{\"@type\":\"Person\",\"@id\":\"https:\/\/vieassociative.be\/actualites\/#\/schema\/person\/b87ac4f82f9d4e7b7cec7395b679edc4\",\"name\":\"Julien\",\"image\":{\"@type\":\"ImageObject\",\"inLanguage\":\"fr-BE\",\"@id\":\"https:\/\/vieassociative.be\/actualites\/#\/schema\/person\/image\/\",\"url\":\"https:\/\/vieassociative.be\/actualites\/wp-content\/uploads\/2024\/09\/vie-associative-1-150x150.jpg\",\"contentUrl\":\"https:\/\/vieassociative.be\/actualites\/wp-content\/uploads\/2024\/09\/vie-associative-1-150x150.jpg\",\"caption\":\"Julien\"},\"description\":\"Je suis Julien, r\u00e9dacteur pour Vie Associative. Passionn\u00e9 par le monde associatif depuis plus de 10 ans, j'ai \u00e0 c\u0153ur de partager des histoires inspirantes et de mettre en lumi\u00e8re les initiatives locales. Mon objectif est de sensibiliser et d'encourager l'engagement communautaire \u00e0 travers mes articles.\",\"sameAs\":[\"https:\/\/vieassociative.be\/\"]}]}<\/script>\n<!-- \/ Yoast SEO plugin. -->","yoast_head_json":{"title":"Arr\u00eatez d'utiliser ces halt\u00e8res r\u00e9glables Bowflex rappel\u00e9s maintenant | Vie Associative","robots":{"index":"index","follow":"follow","max-snippet":"max-snippet:-1","max-image-preview":"max-image-preview:large","max-video-preview":"max-video-preview:-1"},"canonical":"https:\/\/vieassociative.be\/actualites\/arretez-dutiliser-ces-halteres-reglables-bowflex-rappeles-maintenant\/","og_locale":"fr_FR","og_type":"article","og_title":"Arr\u00eatez d'utiliser ces halt\u00e8res r\u00e9glables Bowflex rappel\u00e9s maintenant | Vie Associative","og_description":"Les gens ont subi des blessures telles que des commotions c\u00e9r\u00e9brales, des abrasions, des orteils bris\u00e9s ou des contusions dues \u00e0 des plaques se d\u00e9logeant","og_url":"https:\/\/vieassociative.be\/actualites\/arretez-dutiliser-ces-halteres-reglables-bowflex-rappeles-maintenant\/","og_site_name":"Vie Associative","article_published_time":"2025-06-06T18:17:20+00:00","og_image":[{"width":279,"height":92,"url":"https:\/\/vieassociative.be\/actualites\/wp-content\/uploads\/2024\/09\/header_backgroundk-01-e1726694325946.png","type":"image\/png"}],"author":"Julien","twitter_card":"summary_large_image","twitter_misc":{"\u00c9crit par":"Julien","Dur\u00e9e de lecture est.":"4 minutes"},"schema":{"@context":"https:\/\/schema.org","@graph":[{"@type":"Article","@id":"https:\/\/vieassociative.be\/actualites\/arretez-dutiliser-ces-halteres-reglables-bowflex-rappeles-maintenant\/#article","isPartOf":{"@id":"https:\/\/vieassociative.be\/actualites\/arretez-dutiliser-ces-halteres-reglables-bowflex-rappeles-maintenant\/"},"author":{"name":"Julien","@id":"https:\/\/vieassociative.be\/actualites\/#\/schema\/person\/b87ac4f82f9d4e7b7cec7395b679edc4"},"headline":"Arr\u00eatez d&rsquo;utiliser ces halt\u00e8res r\u00e9glables Bowflex rappel\u00e9s maintenant","datePublished":"2025-06-06T18:17:20+00:00","dateModified":"2025-06-06T18:17:20+00:00","mainEntityOfPage":{"@id":"https:\/\/vieassociative.be\/actualites\/arretez-dutiliser-ces-halteres-reglables-bowflex-rappeles-maintenant\/"},"wordCount":816,"publisher":{"@id":"https:\/\/vieassociative.be\/actualites\/#organization"},"image":{"@id":"https:\/\/vieassociative.be\/actualites\/arretez-dutiliser-ces-halteres-reglables-bowflex-rappeles-maintenant\/#primaryimage"},"thumbnailUrl":"https:\/\/vieassociative.be\/actualites\/wp-content\/uploads\/2025\/06\/Arretez-dutiliser-ces-halteres-reglables-Bowflex-rappeles-maintenant.png","keywords":["Arr\u00eatez","Bowflex","ces","dutiliser","halt\u00e8res","maintenant","rappel\u00e9s","r\u00e9glables"],"articleSection":["Sant\u00e9"],"inLanguage":"fr-BE"},{"@type":"WebPage","@id":"https:\/\/vieassociative.be\/actualites\/arretez-dutiliser-ces-halteres-reglables-bowflex-rappeles-maintenant\/","url":"https:\/\/vieassociative.be\/actualites\/arretez-dutiliser-ces-halteres-reglables-bowflex-rappeles-maintenant\/","name":"Arr\u00eatez d'utiliser ces halt\u00e8res r\u00e9glables Bowflex rappel\u00e9s maintenant | Vie Associative","isPartOf":{"@id":"https:\/\/vieassociative.be\/actualites\/#website"},"primaryImageOfPage":{"@id":"https:\/\/vieassociative.be\/actualites\/arretez-dutiliser-ces-halteres-reglables-bowflex-rappeles-maintenant\/#primaryimage"},"image":{"@id":"https:\/\/vieassociative.be\/actualites\/arretez-dutiliser-ces-halteres-reglables-bowflex-rappeles-maintenant\/#primaryimage"},"thumbnailUrl":"https:\/\/vieassociative.be\/actualites\/wp-content\/uploads\/2025\/06\/Arretez-dutiliser-ces-halteres-reglables-Bowflex-rappeles-maintenant.png","datePublished":"2025-06-06T18:17:20+00:00","dateModified":"2025-06-06T18:17:20+00:00","breadcrumb":{"@id":"https:\/\/vieassociative.be\/actualites\/arretez-dutiliser-ces-halteres-reglables-bowflex-rappeles-maintenant\/#breadcrumb"},"inLanguage":"fr-BE","potentialAction":[{"@type":"ReadAction","target":["https:\/\/vieassociative.be\/actualites\/arretez-dutiliser-ces-halteres-reglables-bowflex-rappeles-maintenant\/"]}]},{"@type":"ImageObject","inLanguage":"fr-BE","@id":"https:\/\/vieassociative.be\/actualites\/arretez-dutiliser-ces-halteres-reglables-bowflex-rappeles-maintenant\/#primaryimage","url":"https:\/\/vieassociative.be\/actualites\/wp-content\/uploads\/2025\/06\/Arretez-dutiliser-ces-halteres-reglables-Bowflex-rappeles-maintenant.png","contentUrl":"https:\/\/vieassociative.be\/actualites\/wp-content\/uploads\/2025\/06\/Arretez-dutiliser-ces-halteres-reglables-Bowflex-rappeles-maintenant.png","width":1200,"height":675,"caption":"Arr\u00eatez d'utiliser ces halt\u00e8res r\u00e9glables Bowflex rappel\u00e9s maintenant"},{"@type":"BreadcrumbList","@id":"https:\/\/vieassociative.be\/actualites\/arretez-dutiliser-ces-halteres-reglables-bowflex-rappeles-maintenant\/#breadcrumb","itemListElement":[{"@type":"ListItem","position":1,"name":"Accueil","item":"https:\/\/vieassociative.be\/actualites\/"},{"@type":"ListItem","position":2,"name":"Arr\u00eatez d&rsquo;utiliser ces halt\u00e8res r\u00e9glables Bowflex rappel\u00e9s maintenant"}]},{"@type":"WebSite","@id":"https:\/\/vieassociative.be\/actualites\/#website","url":"https:\/\/vieassociative.be\/actualites\/","name":"Vie Associative","description":"","publisher":{"@id":"https:\/\/vieassociative.be\/actualites\/#organization"},"potentialAction":[{"@type":"SearchAction","target":{"@type":"EntryPoint","urlTemplate":"https:\/\/vieassociative.be\/actualites\/?s={search_term_string}"},"query-input":{"@type":"PropertyValueSpecification","valueRequired":true,"valueName":"search_term_string"}}],"inLanguage":"fr-BE"},{"@type":"Organization","@id":"https:\/\/vieassociative.be\/actualites\/#organization","name":"Vie Associative","url":"https:\/\/vieassociative.be\/actualites\/","logo":{"@type":"ImageObject","inLanguage":"fr-BE","@id":"https:\/\/vieassociative.be\/actualites\/#\/schema\/logo\/image\/","url":"https:\/\/vieassociative.be\/actualites\/wp-content\/uploads\/2024\/09\/cropped-vieassociative_favicon.ico.png","contentUrl":"https:\/\/vieassociative.be\/actualites\/wp-content\/uploads\/2024\/09\/cropped-vieassociative_favicon.ico.png","width":512,"height":512,"caption":"Vie Associative"},"image":{"@id":"https:\/\/vieassociative.be\/actualites\/#\/schema\/logo\/image\/"}},{"@type":"Person","@id":"https:\/\/vieassociative.be\/actualites\/#\/schema\/person\/b87ac4f82f9d4e7b7cec7395b679edc4","name":"Julien","image":{"@type":"ImageObject","inLanguage":"fr-BE","@id":"https:\/\/vieassociative.be\/actualites\/#\/schema\/person\/image\/","url":"https:\/\/vieassociative.be\/actualites\/wp-content\/uploads\/2024\/09\/vie-associative-1-150x150.jpg","contentUrl":"https:\/\/vieassociative.be\/actualites\/wp-content\/uploads\/2024\/09\/vie-associative-1-150x150.jpg","caption":"Julien"},"description":"Je suis Julien, r\u00e9dacteur pour Vie Associative. Passionn\u00e9 par le monde associatif depuis plus de 10 ans, j'ai \u00e0 c\u0153ur de partager des histoires inspirantes et de mettre en lumi\u00e8re les initiatives locales. Mon objectif est de sensibiliser et d'encourager l'engagement communautaire \u00e0 travers mes articles.","sameAs":["https:\/\/vieassociative.be\/"]}]}},"_links":{"self":[{"href":"https:\/\/vieassociative.be\/actualites\/wp-json\/wp\/v2\/posts\/8021"}],"collection":[{"href":"https:\/\/vieassociative.be\/actualites\/wp-json\/wp\/v2\/posts"}],"about":[{"href":"https:\/\/vieassociative.be\/actualites\/wp-json\/wp\/v2\/types\/post"}],"author":[{"embeddable":true,"href":"https:\/\/vieassociative.be\/actualites\/wp-json\/wp\/v2\/users\/1"}],"replies":[{"embeddable":true,"href":"https:\/\/vieassociative.be\/actualites\/wp-json\/wp\/v2\/comments?post=8021"}],"version-history":[{"count":0,"href":"https:\/\/vieassociative.be\/actualites\/wp-json\/wp\/v2\/posts\/8021\/revisions"}],"wp:featuredmedia":[{"embeddable":true,"href":"https:\/\/vieassociative.be\/actualites\/wp-json\/wp\/v2\/media\/8022"}],"wp:attachment":[{"href":"https:\/\/vieassociative.be\/actualites\/wp-json\/wp\/v2\/media?parent=8021"}],"wp:term":[{"taxonomy":"category","embeddable":true,"href":"https:\/\/vieassociative.be\/actualites\/wp-json\/wp\/v2\/categories?post=8021"},{"taxonomy":"post_tag","embeddable":true,"href":"https:\/\/vieassociative.be\/actualites\/wp-json\/wp\/v2\/tags?post=8021"}],"curies":[{"name":"wp","href":"https:\/\/api.w.org\/{rel}","templated":true}]}}