{"id":8020,"date":"2025-06-06T16:18:19","date_gmt":"2025-06-06T14:18:19","guid":{"rendered":"https:\/\/vieassociative.be\/actualites\/zone-de-police-weser-gohl-met-en-garde-contre-les-tentatives-de-fraude\/"},"modified":"2025-06-06T16:18:19","modified_gmt":"2025-06-06T14:18:19","slug":"zone-de-police-weser-gohl-met-en-garde-contre-les-tentatives-de-fraude","status":"publish","type":"post","link":"https:\/\/vieassociative.be\/actualites\/zone-de-police-weser-gohl-met-en-garde-contre-les-tentatives-de-fraude\/","title":{"rendered":"Zone de police Weser-G\u00f6hl met en garde contre les tentatives de fraude"},"content":{"rendered":"<p><strong>Selon la zone de police de Weser-G\u00f6hl, les citoyens lui ont de plus en plus signal\u00e9 ces derniers jours et semaines qu&rsquo;ils ont \u00e9t\u00e9 victimes d&rsquo;une tentative de fraude par t\u00e9l\u00e9phone. Les formulaires de fraude se sont produits \u00e0 la fois par appel et par SMS ou WhatsApp.<\/strong><\/p>\n<p><span id=\"more-417161\"><\/span>La police donne quelques exemples des rapports rapport\u00e9s:<\/p>\n<p><strong>Fraude 1:<\/strong> Le t\u00e9l\u00e9phone sonne. La personne \u00e0 l&rsquo;autre extr\u00e9mit\u00e9 de la ligne pr\u00e9tend \u00eatre de l&rsquo;arr\u00eat de la carte, la personne appel\u00e9e doit bloquer ses cartes. Pour faciliter cela, un employ\u00e9 viendrait et emporterait toutes les cartes avec eux. Lorsque les cartes sont remises, le code de la carte est inform\u00e9 par des demandes habilement. R\u00e9trospectivement, les fraudeurs annulent de l&rsquo;argent avec les cartes bancaires.<\/p>\n<p><strong>Fraude 2:<\/strong> Le d\u00e9tecteur re\u00e7oit un SMS, soi-disant des finances du SPF. Il est annonc\u00e9 que des tentatives ont \u00e9t\u00e9 faites pour annuler une somme plus \u00e9lev\u00e9e de ses comptes et il devrait appeler le num\u00e9ro de t\u00e9l\u00e9phone sp\u00e9cifi\u00e9. Lors de l&rsquo;appel, il est expliqu\u00e9 que pour que ses cartes bancaires puissent \u00eatre bloqu\u00e9es, un employ\u00e9 passerait. Au cours de la visite, un faux identifiant est affich\u00e9 et le code de carte est \u00e9galement requis. Il s&rsquo;agit \u00e9galement d&rsquo;une tentative d&rsquo;atteinte en esp\u00e8ces et d&rsquo;autres objets de valeur &#8211; pour un stockage pr\u00e9sum\u00e9 s\u00fbr.<\/p>\n<div id=\"attachment_303740\" class=\"wp-caption alignleft\" style=\"max-width: 300px\"><img fetchpriority=\"high\" decoding=\"async\" class=\"wp-image-303740 size-medium\" src=\"https:\/\/vieassociative.be\/actualites\/wp-content\/uploads\/2025\/06\/Zone-de-police-Weser-Gohl-met-en-garde-contre-les-tentatives.jpeg\" alt=\"\" width=\"300\" height=\"200\"><\/p>\n<p class=\"wp-caption-text\">Un v\u00e9hicule d&rsquo;urgence de la zone de police de Weser-G\u00f6hl. Photo: Gerd Comouth<\/p>\n<\/div>\n<p><strong>Fraude 3:  <\/strong>Un employ\u00e9 pr\u00e9sum\u00e9 d&rsquo;une soci\u00e9t\u00e9 de recouvrement de dettes invent\u00e9e exige que vous payiez toujours des factures ouvertes. Ici, la pression est exerc\u00e9e au t\u00e9l\u00e9phone, dans laquelle on menace, entre autres, avec des proc\u00e9dures judiciaires ou augmenter les fonds.<\/p>\n<p><strong>&#8211; La prudence est demand\u00e9e. Veuillez garder \u00e0 l&rsquo;esprit:<\/strong><\/p>\n<ul>\n<li>L&rsquo;arr\u00eat de la carte ne l&rsquo;appelle pas pour l&rsquo;avertissement.<\/li>\n<li>Les services financiers, les soci\u00e9t\u00e9s d&rsquo;approvisionnement en \u00e9nergie, la police, etc. ne gardent aucun objet de valeur pour vous, pas m\u00eame pour la s\u00e9curit\u00e9.<\/li>\n<li>Aucun service, pas m\u00eame votre banque ou votre arr\u00eat de carte, vous demandera votre code de carte.<\/li>\n<\/ul>\n<p><strong>&#8211; Ce qu&rsquo;il faut faire?<\/strong><\/p>\n<ul>\n<li>Ne soyez pas mis sous pression.<\/li>\n<li>En cas de doute, demandez \u00e0 un membre de la famille ou \u00e0 un confident de conseiller.<\/li>\n<li>N&rsquo;appelez pas ou ne renvoyez pas.<\/li>\n<li>Ne r\u00e9pondez pas aux SMS, aux WhatsApps ou aux e-mails.<\/li>\n<li>N&rsquo;appuyez pas sur les liens ins\u00e9r\u00e9s.<\/li>\n<li>Si vous ne savez pas s&rsquo;il s&rsquo;agit d&rsquo;une tentative de fraude, recherchez le service pr\u00e9sum\u00e9, par exemple, dans lequel vous entrez le nom dans un moteur de recherche sur Internet. Vous pouvez g\u00e9n\u00e9ralement trouver un avertissement ici pour les fraudeurs.<\/li>\n<li>Ne r\u00e9pondez \u00e0 aucune r\u00e9clamation mon\u00e9taire.<br \/>\nNe transmettez pas votre code ou votre adresse de carte.<\/li>\n<\/ul>\n<p><strong>&#8211; Et si ce qui s&rsquo;est pass\u00e9?<\/strong><\/p>\n<ul>\n<li>N&rsquo;ayez pas honte! Les fraudeurs sont tr\u00e8s sophistiqu\u00e9s et savent comment obtenir leur objectif, \u00e0 savoir leur argent ou leurs objets de valeur.<\/li>\n<li>Bloquez toutes les cartes de banque et de cr\u00e9dit en appelant une carte 078 170 170 (de l&rsquo;\u00e9tranger +3278 170 170).<\/li>\n<li>Informer votre banque.<\/li>\n<li>Supprimer la plainte aupr\u00e8s de la police.<\/li>\n<li>Enregistrer les preuves (par exemple, photo d&rsquo;\u00e9cran SMS, instructions de compte, &#8230;)<\/li>\n<li>Enregistrez les SMS frauduleux ou suspects, WhatsApps, les e-mails et le num\u00e9ro de t\u00e9l\u00e9phone \u00e0 SafeonWeb.be par e-mail \u00e0 suspect@safeonweb.be<\/li>\n<li>Si possible, bloquez le num\u00e9ro de t\u00e9l\u00e9phone.<\/li>\n<\/ul>\n<p>Les coll\u00e8gues du service pour la pr\u00e9vention du crime de la zone de police locale Weser-G\u00f6hl se feront un plaisir de r\u00e9pondre \u00e0 toutes les questions et informations suppl\u00e9mentaires au 087\/450 428 ou par courriel pz.wesgo.m\u00fcderfung@police.belgium.eu.<\/p>\n","protected":false},"excerpt":{"rendered":"<p>Selon la zone de police de Weser-G\u00f6hl, les citoyens lui ont de plus en plus signal\u00e9 ces derniers jours et semaines qu&rsquo;ils ont \u00e9t\u00e9 victimes<\/p>\n","protected":false},"author":1,"featured_media":5354,"comment_status":"","ping_status":"","sticky":false,"template":"","format":"standard","meta":{"footnotes":""},"categories":[298],"tags":[796,1577,903,14,3593,2741,7315,5023,4291],"class_list":["post-8020","post","type-post","status-publish","format-standard","has-post-thumbnail","hentry","category-belgique","tag-contre","tag-fraude","tag-garde","tag-les","tag-met","tag-police","tag-tentatives","tag-wesergohl","tag-zone","generate-columns","tablet-grid-50","mobile-grid-100","grid-parent","grid-33"],"yoast_head":"<!-- This site is optimized with the Yoast SEO plugin v24.0 - https:\/\/yoast.com\/wordpress\/plugins\/seo\/ -->\n<title>Zone de police Weser-G\u00f6hl met en garde contre les tentatives de fraude | Vie Associative<\/title>\n<meta name=\"robots\" content=\"index, follow, max-snippet:-1, max-image-preview:large, max-video-preview:-1\" \/>\n<link rel=\"canonical\" href=\"https:\/\/vieassociative.be\/actualites\/zone-de-police-weser-gohl-met-en-garde-contre-les-tentatives-de-fraude\/\" \/>\n<meta property=\"og:locale\" content=\"fr_FR\" \/>\n<meta property=\"og:type\" content=\"article\" \/>\n<meta property=\"og:title\" content=\"Zone de police Weser-G\u00f6hl met en garde contre les tentatives de fraude | Vie Associative\" \/>\n<meta property=\"og:description\" content=\"Selon la zone de police de Weser-G\u00f6hl, les citoyens lui ont de plus en plus signal\u00e9 ces derniers jours et semaines qu&rsquo;ils ont \u00e9t\u00e9 victimes\" \/>\n<meta property=\"og:url\" content=\"https:\/\/vieassociative.be\/actualites\/zone-de-police-weser-gohl-met-en-garde-contre-les-tentatives-de-fraude\/\" \/>\n<meta property=\"og:site_name\" content=\"Vie Associative\" \/>\n<meta property=\"article:published_time\" content=\"2025-06-06T14:18:19+00:00\" \/>\n<meta property=\"og:image\" content=\"https:\/\/vieassociative.be\/actualites\/wp-content\/uploads\/2024\/09\/header_backgroundk-01-e1726694325946.png\" \/>\n\t<meta property=\"og:image:width\" content=\"279\" \/>\n\t<meta property=\"og:image:height\" content=\"92\" \/>\n\t<meta property=\"og:image:type\" content=\"image\/png\" \/>\n<meta name=\"author\" content=\"Julien\" \/>\n<meta name=\"twitter:card\" content=\"summary_large_image\" \/>\n<meta name=\"twitter:label1\" content=\"\u00c9crit par\" \/>\n\t<meta name=\"twitter:data1\" content=\"Julien\" \/>\n\t<meta name=\"twitter:label2\" content=\"Dur\u00e9e de lecture est.\" \/>\n\t<meta name=\"twitter:data2\" content=\"3 minutes\" \/>\n<script type=\"application\/ld+json\" class=\"yoast-schema-graph\">{\"@context\":\"https:\/\/schema.org\",\"@graph\":[{\"@type\":\"Article\",\"@id\":\"https:\/\/vieassociative.be\/actualites\/zone-de-police-weser-gohl-met-en-garde-contre-les-tentatives-de-fraude\/#article\",\"isPartOf\":{\"@id\":\"https:\/\/vieassociative.be\/actualites\/zone-de-police-weser-gohl-met-en-garde-contre-les-tentatives-de-fraude\/\"},\"author\":{\"name\":\"Julien\",\"@id\":\"https:\/\/vieassociative.be\/actualites\/#\/schema\/person\/b87ac4f82f9d4e7b7cec7395b679edc4\"},\"headline\":\"Zone de police Weser-G\u00f6hl met en garde contre les tentatives de fraude\",\"datePublished\":\"2025-06-06T14:18:19+00:00\",\"dateModified\":\"2025-06-06T14:18:19+00:00\",\"mainEntityOfPage\":{\"@id\":\"https:\/\/vieassociative.be\/actualites\/zone-de-police-weser-gohl-met-en-garde-contre-les-tentatives-de-fraude\/\"},\"wordCount\":661,\"publisher\":{\"@id\":\"https:\/\/vieassociative.be\/actualites\/#organization\"},\"image\":{\"@id\":\"https:\/\/vieassociative.be\/actualites\/zone-de-police-weser-gohl-met-en-garde-contre-les-tentatives-de-fraude\/#primaryimage\"},\"thumbnailUrl\":\"https:\/\/vieassociative.be\/actualites\/wp-content\/uploads\/2025\/02\/La-police-rapporte-plusieurs-cas-de-fraude-sur-Internet.jpeg\",\"keywords\":[\"contre\",\"fraude\",\"garde\",\"Les\",\"met\",\"police\",\"tentatives\",\"WeserG\u00f6hl\",\"zone\"],\"articleSection\":[\"Belgique\"],\"inLanguage\":\"fr-BE\"},{\"@type\":\"WebPage\",\"@id\":\"https:\/\/vieassociative.be\/actualites\/zone-de-police-weser-gohl-met-en-garde-contre-les-tentatives-de-fraude\/\",\"url\":\"https:\/\/vieassociative.be\/actualites\/zone-de-police-weser-gohl-met-en-garde-contre-les-tentatives-de-fraude\/\",\"name\":\"Zone de police Weser-G\u00f6hl met en garde contre les tentatives de fraude | Vie Associative\",\"isPartOf\":{\"@id\":\"https:\/\/vieassociative.be\/actualites\/#website\"},\"primaryImageOfPage\":{\"@id\":\"https:\/\/vieassociative.be\/actualites\/zone-de-police-weser-gohl-met-en-garde-contre-les-tentatives-de-fraude\/#primaryimage\"},\"image\":{\"@id\":\"https:\/\/vieassociative.be\/actualites\/zone-de-police-weser-gohl-met-en-garde-contre-les-tentatives-de-fraude\/#primaryimage\"},\"thumbnailUrl\":\"https:\/\/vieassociative.be\/actualites\/wp-content\/uploads\/2025\/02\/La-police-rapporte-plusieurs-cas-de-fraude-sur-Internet.jpeg\",\"datePublished\":\"2025-06-06T14:18:19+00:00\",\"dateModified\":\"2025-06-06T14:18:19+00:00\",\"breadcrumb\":{\"@id\":\"https:\/\/vieassociative.be\/actualites\/zone-de-police-weser-gohl-met-en-garde-contre-les-tentatives-de-fraude\/#breadcrumb\"},\"inLanguage\":\"fr-BE\",\"potentialAction\":[{\"@type\":\"ReadAction\",\"target\":[\"https:\/\/vieassociative.be\/actualites\/zone-de-police-weser-gohl-met-en-garde-contre-les-tentatives-de-fraude\/\"]}]},{\"@type\":\"ImageObject\",\"inLanguage\":\"fr-BE\",\"@id\":\"https:\/\/vieassociative.be\/actualites\/zone-de-police-weser-gohl-met-en-garde-contre-les-tentatives-de-fraude\/#primaryimage\",\"url\":\"https:\/\/vieassociative.be\/actualites\/wp-content\/uploads\/2025\/02\/La-police-rapporte-plusieurs-cas-de-fraude-sur-Internet.jpeg\",\"contentUrl\":\"https:\/\/vieassociative.be\/actualites\/wp-content\/uploads\/2025\/02\/La-police-rapporte-plusieurs-cas-de-fraude-sur-Internet.jpeg\",\"width\":1000,\"height\":563,\"caption\":\"La police rapporte plusieurs cas de fraude sur Internet\"},{\"@type\":\"BreadcrumbList\",\"@id\":\"https:\/\/vieassociative.be\/actualites\/zone-de-police-weser-gohl-met-en-garde-contre-les-tentatives-de-fraude\/#breadcrumb\",\"itemListElement\":[{\"@type\":\"ListItem\",\"position\":1,\"name\":\"Accueil\",\"item\":\"https:\/\/vieassociative.be\/actualites\/\"},{\"@type\":\"ListItem\",\"position\":2,\"name\":\"Zone de police Weser-G\u00f6hl met en garde contre les tentatives de fraude\"}]},{\"@type\":\"WebSite\",\"@id\":\"https:\/\/vieassociative.be\/actualites\/#website\",\"url\":\"https:\/\/vieassociative.be\/actualites\/\",\"name\":\"Vie Associative\",\"description\":\"\",\"publisher\":{\"@id\":\"https:\/\/vieassociative.be\/actualites\/#organization\"},\"potentialAction\":[{\"@type\":\"SearchAction\",\"target\":{\"@type\":\"EntryPoint\",\"urlTemplate\":\"https:\/\/vieassociative.be\/actualites\/?s={search_term_string}\"},\"query-input\":{\"@type\":\"PropertyValueSpecification\",\"valueRequired\":true,\"valueName\":\"search_term_string\"}}],\"inLanguage\":\"fr-BE\"},{\"@type\":\"Organization\",\"@id\":\"https:\/\/vieassociative.be\/actualites\/#organization\",\"name\":\"Vie Associative\",\"url\":\"https:\/\/vieassociative.be\/actualites\/\",\"logo\":{\"@type\":\"ImageObject\",\"inLanguage\":\"fr-BE\",\"@id\":\"https:\/\/vieassociative.be\/actualites\/#\/schema\/logo\/image\/\",\"url\":\"https:\/\/vieassociative.be\/actualites\/wp-content\/uploads\/2024\/09\/cropped-vieassociative_favicon.ico.png\",\"contentUrl\":\"https:\/\/vieassociative.be\/actualites\/wp-content\/uploads\/2024\/09\/cropped-vieassociative_favicon.ico.png\",\"width\":512,\"height\":512,\"caption\":\"Vie Associative\"},\"image\":{\"@id\":\"https:\/\/vieassociative.be\/actualites\/#\/schema\/logo\/image\/\"}},{\"@type\":\"Person\",\"@id\":\"https:\/\/vieassociative.be\/actualites\/#\/schema\/person\/b87ac4f82f9d4e7b7cec7395b679edc4\",\"name\":\"Julien\",\"image\":{\"@type\":\"ImageObject\",\"inLanguage\":\"fr-BE\",\"@id\":\"https:\/\/vieassociative.be\/actualites\/#\/schema\/person\/image\/\",\"url\":\"https:\/\/vieassociative.be\/actualites\/wp-content\/uploads\/2024\/09\/vie-associative-1-150x150.jpg\",\"contentUrl\":\"https:\/\/vieassociative.be\/actualites\/wp-content\/uploads\/2024\/09\/vie-associative-1-150x150.jpg\",\"caption\":\"Julien\"},\"description\":\"Je suis Julien, r\u00e9dacteur pour Vie Associative. Passionn\u00e9 par le monde associatif depuis plus de 10 ans, j'ai \u00e0 c\u0153ur de partager des histoires inspirantes et de mettre en lumi\u00e8re les initiatives locales. Mon objectif est de sensibiliser et d'encourager l'engagement communautaire \u00e0 travers mes articles.\",\"sameAs\":[\"https:\/\/vieassociative.be\/\"]}]}<\/script>\n<!-- \/ Yoast SEO plugin. -->","yoast_head_json":{"title":"Zone de police Weser-G\u00f6hl met en garde contre les tentatives de fraude | Vie Associative","robots":{"index":"index","follow":"follow","max-snippet":"max-snippet:-1","max-image-preview":"max-image-preview:large","max-video-preview":"max-video-preview:-1"},"canonical":"https:\/\/vieassociative.be\/actualites\/zone-de-police-weser-gohl-met-en-garde-contre-les-tentatives-de-fraude\/","og_locale":"fr_FR","og_type":"article","og_title":"Zone de police Weser-G\u00f6hl met en garde contre les tentatives de fraude | Vie Associative","og_description":"Selon la zone de police de Weser-G\u00f6hl, les citoyens lui ont de plus en plus signal\u00e9 ces derniers jours et semaines qu&rsquo;ils ont \u00e9t\u00e9 victimes","og_url":"https:\/\/vieassociative.be\/actualites\/zone-de-police-weser-gohl-met-en-garde-contre-les-tentatives-de-fraude\/","og_site_name":"Vie Associative","article_published_time":"2025-06-06T14:18:19+00:00","og_image":[{"width":279,"height":92,"url":"https:\/\/vieassociative.be\/actualites\/wp-content\/uploads\/2024\/09\/header_backgroundk-01-e1726694325946.png","type":"image\/png"}],"author":"Julien","twitter_card":"summary_large_image","twitter_misc":{"\u00c9crit par":"Julien","Dur\u00e9e de lecture est.":"3 minutes"},"schema":{"@context":"https:\/\/schema.org","@graph":[{"@type":"Article","@id":"https:\/\/vieassociative.be\/actualites\/zone-de-police-weser-gohl-met-en-garde-contre-les-tentatives-de-fraude\/#article","isPartOf":{"@id":"https:\/\/vieassociative.be\/actualites\/zone-de-police-weser-gohl-met-en-garde-contre-les-tentatives-de-fraude\/"},"author":{"name":"Julien","@id":"https:\/\/vieassociative.be\/actualites\/#\/schema\/person\/b87ac4f82f9d4e7b7cec7395b679edc4"},"headline":"Zone de police Weser-G\u00f6hl met en garde contre les tentatives de fraude","datePublished":"2025-06-06T14:18:19+00:00","dateModified":"2025-06-06T14:18:19+00:00","mainEntityOfPage":{"@id":"https:\/\/vieassociative.be\/actualites\/zone-de-police-weser-gohl-met-en-garde-contre-les-tentatives-de-fraude\/"},"wordCount":661,"publisher":{"@id":"https:\/\/vieassociative.be\/actualites\/#organization"},"image":{"@id":"https:\/\/vieassociative.be\/actualites\/zone-de-police-weser-gohl-met-en-garde-contre-les-tentatives-de-fraude\/#primaryimage"},"thumbnailUrl":"https:\/\/vieassociative.be\/actualites\/wp-content\/uploads\/2025\/02\/La-police-rapporte-plusieurs-cas-de-fraude-sur-Internet.jpeg","keywords":["contre","fraude","garde","Les","met","police","tentatives","WeserG\u00f6hl","zone"],"articleSection":["Belgique"],"inLanguage":"fr-BE"},{"@type":"WebPage","@id":"https:\/\/vieassociative.be\/actualites\/zone-de-police-weser-gohl-met-en-garde-contre-les-tentatives-de-fraude\/","url":"https:\/\/vieassociative.be\/actualites\/zone-de-police-weser-gohl-met-en-garde-contre-les-tentatives-de-fraude\/","name":"Zone de police Weser-G\u00f6hl met en garde contre les tentatives de fraude | Vie Associative","isPartOf":{"@id":"https:\/\/vieassociative.be\/actualites\/#website"},"primaryImageOfPage":{"@id":"https:\/\/vieassociative.be\/actualites\/zone-de-police-weser-gohl-met-en-garde-contre-les-tentatives-de-fraude\/#primaryimage"},"image":{"@id":"https:\/\/vieassociative.be\/actualites\/zone-de-police-weser-gohl-met-en-garde-contre-les-tentatives-de-fraude\/#primaryimage"},"thumbnailUrl":"https:\/\/vieassociative.be\/actualites\/wp-content\/uploads\/2025\/02\/La-police-rapporte-plusieurs-cas-de-fraude-sur-Internet.jpeg","datePublished":"2025-06-06T14:18:19+00:00","dateModified":"2025-06-06T14:18:19+00:00","breadcrumb":{"@id":"https:\/\/vieassociative.be\/actualites\/zone-de-police-weser-gohl-met-en-garde-contre-les-tentatives-de-fraude\/#breadcrumb"},"inLanguage":"fr-BE","potentialAction":[{"@type":"ReadAction","target":["https:\/\/vieassociative.be\/actualites\/zone-de-police-weser-gohl-met-en-garde-contre-les-tentatives-de-fraude\/"]}]},{"@type":"ImageObject","inLanguage":"fr-BE","@id":"https:\/\/vieassociative.be\/actualites\/zone-de-police-weser-gohl-met-en-garde-contre-les-tentatives-de-fraude\/#primaryimage","url":"https:\/\/vieassociative.be\/actualites\/wp-content\/uploads\/2025\/02\/La-police-rapporte-plusieurs-cas-de-fraude-sur-Internet.jpeg","contentUrl":"https:\/\/vieassociative.be\/actualites\/wp-content\/uploads\/2025\/02\/La-police-rapporte-plusieurs-cas-de-fraude-sur-Internet.jpeg","width":1000,"height":563,"caption":"La police rapporte plusieurs cas de fraude sur Internet"},{"@type":"BreadcrumbList","@id":"https:\/\/vieassociative.be\/actualites\/zone-de-police-weser-gohl-met-en-garde-contre-les-tentatives-de-fraude\/#breadcrumb","itemListElement":[{"@type":"ListItem","position":1,"name":"Accueil","item":"https:\/\/vieassociative.be\/actualites\/"},{"@type":"ListItem","position":2,"name":"Zone de police Weser-G\u00f6hl met en garde contre les tentatives de fraude"}]},{"@type":"WebSite","@id":"https:\/\/vieassociative.be\/actualites\/#website","url":"https:\/\/vieassociative.be\/actualites\/","name":"Vie Associative","description":"","publisher":{"@id":"https:\/\/vieassociative.be\/actualites\/#organization"},"potentialAction":[{"@type":"SearchAction","target":{"@type":"EntryPoint","urlTemplate":"https:\/\/vieassociative.be\/actualites\/?s={search_term_string}"},"query-input":{"@type":"PropertyValueSpecification","valueRequired":true,"valueName":"search_term_string"}}],"inLanguage":"fr-BE"},{"@type":"Organization","@id":"https:\/\/vieassociative.be\/actualites\/#organization","name":"Vie Associative","url":"https:\/\/vieassociative.be\/actualites\/","logo":{"@type":"ImageObject","inLanguage":"fr-BE","@id":"https:\/\/vieassociative.be\/actualites\/#\/schema\/logo\/image\/","url":"https:\/\/vieassociative.be\/actualites\/wp-content\/uploads\/2024\/09\/cropped-vieassociative_favicon.ico.png","contentUrl":"https:\/\/vieassociative.be\/actualites\/wp-content\/uploads\/2024\/09\/cropped-vieassociative_favicon.ico.png","width":512,"height":512,"caption":"Vie Associative"},"image":{"@id":"https:\/\/vieassociative.be\/actualites\/#\/schema\/logo\/image\/"}},{"@type":"Person","@id":"https:\/\/vieassociative.be\/actualites\/#\/schema\/person\/b87ac4f82f9d4e7b7cec7395b679edc4","name":"Julien","image":{"@type":"ImageObject","inLanguage":"fr-BE","@id":"https:\/\/vieassociative.be\/actualites\/#\/schema\/person\/image\/","url":"https:\/\/vieassociative.be\/actualites\/wp-content\/uploads\/2024\/09\/vie-associative-1-150x150.jpg","contentUrl":"https:\/\/vieassociative.be\/actualites\/wp-content\/uploads\/2024\/09\/vie-associative-1-150x150.jpg","caption":"Julien"},"description":"Je suis Julien, r\u00e9dacteur pour Vie Associative. Passionn\u00e9 par le monde associatif depuis plus de 10 ans, j'ai \u00e0 c\u0153ur de partager des histoires inspirantes et de mettre en lumi\u00e8re les initiatives locales. Mon objectif est de sensibiliser et d'encourager l'engagement communautaire \u00e0 travers mes articles.","sameAs":["https:\/\/vieassociative.be\/"]}]}},"_links":{"self":[{"href":"https:\/\/vieassociative.be\/actualites\/wp-json\/wp\/v2\/posts\/8020"}],"collection":[{"href":"https:\/\/vieassociative.be\/actualites\/wp-json\/wp\/v2\/posts"}],"about":[{"href":"https:\/\/vieassociative.be\/actualites\/wp-json\/wp\/v2\/types\/post"}],"author":[{"embeddable":true,"href":"https:\/\/vieassociative.be\/actualites\/wp-json\/wp\/v2\/users\/1"}],"replies":[{"embeddable":true,"href":"https:\/\/vieassociative.be\/actualites\/wp-json\/wp\/v2\/comments?post=8020"}],"version-history":[{"count":0,"href":"https:\/\/vieassociative.be\/actualites\/wp-json\/wp\/v2\/posts\/8020\/revisions"}],"wp:featuredmedia":[{"embeddable":true,"href":"https:\/\/vieassociative.be\/actualites\/wp-json\/wp\/v2\/media\/5354"}],"wp:attachment":[{"href":"https:\/\/vieassociative.be\/actualites\/wp-json\/wp\/v2\/media?parent=8020"}],"wp:term":[{"taxonomy":"category","embeddable":true,"href":"https:\/\/vieassociative.be\/actualites\/wp-json\/wp\/v2\/categories?post=8020"},{"taxonomy":"post_tag","embeddable":true,"href":"https:\/\/vieassociative.be\/actualites\/wp-json\/wp\/v2\/tags?post=8020"}],"curies":[{"name":"wp","href":"https:\/\/api.w.org\/{rel}","templated":true}]}}