{"id":8011,"date":"2025-06-06T04:17:49","date_gmt":"2025-06-06T02:17:49","guid":{"rendered":"https:\/\/vieassociative.be\/actualites\/deux-jours-de-mesures-geoscientifiques-denviron-23-etudiants-de-rwth-aachen-a-eupen-du-10-juin-au-13-2025\/"},"modified":"2025-06-06T04:17:49","modified_gmt":"2025-06-06T02:17:49","slug":"deux-jours-de-mesures-geoscientifiques-denviron-23-etudiants-de-rwth-aachen-a-eupen-du-10-juin-au-13-2025","status":"publish","type":"post","link":"https:\/\/vieassociative.be\/actualites\/deux-jours-de-mesures-geoscientifiques-denviron-23-etudiants-de-rwth-aachen-a-eupen-du-10-juin-au-13-2025\/","title":{"rendered":"Deux jours de mesures g\u00e9oscientifiques d&rsquo;environ 23 \u00e9tudiants de Rwth Aachen \u00e0 Eupen du 10 juin au 13, 2025"},"content":{"rendered":"<p><strong>Du 10 au 13 juin, 2025, les \u00e9tudiants de Rwth Aachen effectueront des mesures g\u00e9oscientifiques dans divers domaines du district d&rsquo;Eupen dans le cadre d&rsquo;un cours de m\u00e9thode sur le terrain.<\/strong><\/p>\n<p><span id=\"more-417089\"><\/span>Les mesures sont effectu\u00e9es sous la direction d&#8217;employ\u00e9s qualifi\u00e9s de RWTH Aachen, entre autres dans le Jos\u00e9phine-Koch-Park et dans le domaine d&rsquo;Ettersten. Deux groupes avec environ 23 \u00e9l\u00e8ves travaillent chacun deux jours. Des m\u00e9thodes d&rsquo;exploration modernes telles que les drones, le g\u00e9oradar (GPR), le g\u00e9o\u00e9lectrique (ERT), les GP diff\u00e9rentiels et les trous avec un g\u00e9osliseur sont utilis\u00e9s.<\/p>\n<p>Ces enqu\u00eates fournissent des donn\u00e9es importantes pour un projet pr\u00e9vu pour divulguer le Stadtbach. Avant que le lit de cours d&rsquo;eau en b\u00e9ton puisse \u00eatre repens\u00e9, un examen pr\u00e9cis de la sous-terre est n\u00e9cessaire.<\/p>\n","protected":false},"excerpt":{"rendered":"<p>Du 10 au 13 juin, 2025, les \u00e9tudiants de Rwth Aachen effectueront des mesures g\u00e9oscientifiques dans divers domaines du district d&rsquo;Eupen dans le cadre d&rsquo;un<\/p>\n","protected":false},"author":1,"featured_media":8012,"comment_status":"","ping_status":"","sticky":false,"template":"","format":"standard","meta":{"footnotes":""},"categories":[298],"tags":[3446,7311,114,1359,2329,7310,937,2677,5331,5791],"class_list":["post-8011","post","type-post","status-publish","format-standard","has-post-thumbnail","hentry","category-belgique","tag-aachen","tag-denviron","tag-deux","tag-etudiants","tag-eupen","tag-geoscientifiques","tag-jours","tag-juin","tag-mesures","tag-rwth","generate-columns","tablet-grid-50","mobile-grid-100","grid-parent","grid-33"],"yoast_head":"<!-- This site is optimized with the Yoast SEO plugin v24.0 - https:\/\/yoast.com\/wordpress\/plugins\/seo\/ -->\n<title>Deux jours de mesures g\u00e9oscientifiques d&#039;environ 23 \u00e9tudiants de Rwth Aachen \u00e0 Eupen du 10 juin au 13, 2025 | Vie Associative<\/title>\n<meta name=\"robots\" content=\"index, follow, max-snippet:-1, max-image-preview:large, max-video-preview:-1\" \/>\n<link rel=\"canonical\" href=\"https:\/\/vieassociative.be\/actualites\/deux-jours-de-mesures-geoscientifiques-denviron-23-etudiants-de-rwth-aachen-a-eupen-du-10-juin-au-13-2025\/\" \/>\n<meta property=\"og:locale\" content=\"fr_FR\" \/>\n<meta property=\"og:type\" content=\"article\" \/>\n<meta property=\"og:title\" content=\"Deux jours de mesures g\u00e9oscientifiques d&#039;environ 23 \u00e9tudiants de Rwth Aachen \u00e0 Eupen du 10 juin au 13, 2025 | Vie Associative\" \/>\n<meta property=\"og:description\" content=\"Du 10 au 13 juin, 2025, les \u00e9tudiants de Rwth Aachen effectueront des mesures g\u00e9oscientifiques dans divers domaines du district d&rsquo;Eupen dans le cadre d&rsquo;un\" \/>\n<meta property=\"og:url\" content=\"https:\/\/vieassociative.be\/actualites\/deux-jours-de-mesures-geoscientifiques-denviron-23-etudiants-de-rwth-aachen-a-eupen-du-10-juin-au-13-2025\/\" \/>\n<meta property=\"og:site_name\" content=\"Vie Associative\" \/>\n<meta property=\"article:published_time\" content=\"2025-06-06T02:17:49+00:00\" \/>\n<meta property=\"og:image\" content=\"https:\/\/vieassociative.be\/actualites\/wp-content\/uploads\/2024\/09\/header_backgroundk-01-e1726694325946.png\" \/>\n\t<meta property=\"og:image:width\" content=\"279\" \/>\n\t<meta property=\"og:image:height\" content=\"92\" \/>\n\t<meta property=\"og:image:type\" content=\"image\/png\" \/>\n<meta name=\"author\" content=\"Julien\" \/>\n<meta name=\"twitter:card\" content=\"summary_large_image\" \/>\n<meta name=\"twitter:label1\" content=\"\u00c9crit par\" \/>\n\t<meta name=\"twitter:data1\" content=\"Julien\" \/>\n\t<meta name=\"twitter:label2\" content=\"Dur\u00e9e de lecture est.\" \/>\n\t<meta name=\"twitter:data2\" content=\"1 minute\" \/>\n<script type=\"application\/ld+json\" class=\"yoast-schema-graph\">{\"@context\":\"https:\/\/schema.org\",\"@graph\":[{\"@type\":\"Article\",\"@id\":\"https:\/\/vieassociative.be\/actualites\/deux-jours-de-mesures-geoscientifiques-denviron-23-etudiants-de-rwth-aachen-a-eupen-du-10-juin-au-13-2025\/#article\",\"isPartOf\":{\"@id\":\"https:\/\/vieassociative.be\/actualites\/deux-jours-de-mesures-geoscientifiques-denviron-23-etudiants-de-rwth-aachen-a-eupen-du-10-juin-au-13-2025\/\"},\"author\":{\"name\":\"Julien\",\"@id\":\"https:\/\/vieassociative.be\/actualites\/#\/schema\/person\/b87ac4f82f9d4e7b7cec7395b679edc4\"},\"headline\":\"Deux jours de mesures g\u00e9oscientifiques d&rsquo;environ 23 \u00e9tudiants de Rwth Aachen \u00e0 Eupen du 10 juin au 13, 2025\",\"datePublished\":\"2025-06-06T02:17:49+00:00\",\"dateModified\":\"2025-06-06T02:17:49+00:00\",\"mainEntityOfPage\":{\"@id\":\"https:\/\/vieassociative.be\/actualites\/deux-jours-de-mesures-geoscientifiques-denviron-23-etudiants-de-rwth-aachen-a-eupen-du-10-juin-au-13-2025\/\"},\"wordCount\":160,\"publisher\":{\"@id\":\"https:\/\/vieassociative.be\/actualites\/#organization\"},\"image\":{\"@id\":\"https:\/\/vieassociative.be\/actualites\/deux-jours-de-mesures-geoscientifiques-denviron-23-etudiants-de-rwth-aachen-a-eupen-du-10-juin-au-13-2025\/#primaryimage\"},\"thumbnailUrl\":\"https:\/\/vieassociative.be\/actualites\/wp-content\/uploads\/2025\/06\/Deux-jours-de-mesures-geoscientifiques-denviron-23-etudiants-de-Rwth.jpg\",\"keywords\":[\"Aachen\",\"denviron\",\"deux\",\"\u00e9tudiants\",\"Eupen\",\"g\u00e9oscientifiques\",\"jours\",\"juin\",\"mesures\",\"RWTH\"],\"articleSection\":[\"Belgique\"],\"inLanguage\":\"fr-BE\"},{\"@type\":\"WebPage\",\"@id\":\"https:\/\/vieassociative.be\/actualites\/deux-jours-de-mesures-geoscientifiques-denviron-23-etudiants-de-rwth-aachen-a-eupen-du-10-juin-au-13-2025\/\",\"url\":\"https:\/\/vieassociative.be\/actualites\/deux-jours-de-mesures-geoscientifiques-denviron-23-etudiants-de-rwth-aachen-a-eupen-du-10-juin-au-13-2025\/\",\"name\":\"Deux jours de mesures g\u00e9oscientifiques d'environ 23 \u00e9tudiants de Rwth Aachen \u00e0 Eupen du 10 juin au 13, 2025 | Vie Associative\",\"isPartOf\":{\"@id\":\"https:\/\/vieassociative.be\/actualites\/#website\"},\"primaryImageOfPage\":{\"@id\":\"https:\/\/vieassociative.be\/actualites\/deux-jours-de-mesures-geoscientifiques-denviron-23-etudiants-de-rwth-aachen-a-eupen-du-10-juin-au-13-2025\/#primaryimage\"},\"image\":{\"@id\":\"https:\/\/vieassociative.be\/actualites\/deux-jours-de-mesures-geoscientifiques-denviron-23-etudiants-de-rwth-aachen-a-eupen-du-10-juin-au-13-2025\/#primaryimage\"},\"thumbnailUrl\":\"https:\/\/vieassociative.be\/actualites\/wp-content\/uploads\/2025\/06\/Deux-jours-de-mesures-geoscientifiques-denviron-23-etudiants-de-Rwth.jpg\",\"datePublished\":\"2025-06-06T02:17:49+00:00\",\"dateModified\":\"2025-06-06T02:17:49+00:00\",\"breadcrumb\":{\"@id\":\"https:\/\/vieassociative.be\/actualites\/deux-jours-de-mesures-geoscientifiques-denviron-23-etudiants-de-rwth-aachen-a-eupen-du-10-juin-au-13-2025\/#breadcrumb\"},\"inLanguage\":\"fr-BE\",\"potentialAction\":[{\"@type\":\"ReadAction\",\"target\":[\"https:\/\/vieassociative.be\/actualites\/deux-jours-de-mesures-geoscientifiques-denviron-23-etudiants-de-rwth-aachen-a-eupen-du-10-juin-au-13-2025\/\"]}]},{\"@type\":\"ImageObject\",\"inLanguage\":\"fr-BE\",\"@id\":\"https:\/\/vieassociative.be\/actualites\/deux-jours-de-mesures-geoscientifiques-denviron-23-etudiants-de-rwth-aachen-a-eupen-du-10-juin-au-13-2025\/#primaryimage\",\"url\":\"https:\/\/vieassociative.be\/actualites\/wp-content\/uploads\/2025\/06\/Deux-jours-de-mesures-geoscientifiques-denviron-23-etudiants-de-Rwth.jpg\",\"contentUrl\":\"https:\/\/vieassociative.be\/actualites\/wp-content\/uploads\/2025\/06\/Deux-jours-de-mesures-geoscientifiques-denviron-23-etudiants-de-Rwth.jpg\",\"width\":1200,\"height\":900,\"caption\":\"Deux jours de mesures g\u00e9oscientifiques d'environ 23 \u00e9tudiants de Rwth Aachen \u00e0 Eupen du 10 juin au 13, 2025\"},{\"@type\":\"BreadcrumbList\",\"@id\":\"https:\/\/vieassociative.be\/actualites\/deux-jours-de-mesures-geoscientifiques-denviron-23-etudiants-de-rwth-aachen-a-eupen-du-10-juin-au-13-2025\/#breadcrumb\",\"itemListElement\":[{\"@type\":\"ListItem\",\"position\":1,\"name\":\"Accueil\",\"item\":\"https:\/\/vieassociative.be\/actualites\/\"},{\"@type\":\"ListItem\",\"position\":2,\"name\":\"Deux jours de mesures g\u00e9oscientifiques d&rsquo;environ 23 \u00e9tudiants de Rwth Aachen \u00e0 Eupen du 10 juin au 13, 2025\"}]},{\"@type\":\"WebSite\",\"@id\":\"https:\/\/vieassociative.be\/actualites\/#website\",\"url\":\"https:\/\/vieassociative.be\/actualites\/\",\"name\":\"Vie Associative\",\"description\":\"\",\"publisher\":{\"@id\":\"https:\/\/vieassociative.be\/actualites\/#organization\"},\"potentialAction\":[{\"@type\":\"SearchAction\",\"target\":{\"@type\":\"EntryPoint\",\"urlTemplate\":\"https:\/\/vieassociative.be\/actualites\/?s={search_term_string}\"},\"query-input\":{\"@type\":\"PropertyValueSpecification\",\"valueRequired\":true,\"valueName\":\"search_term_string\"}}],\"inLanguage\":\"fr-BE\"},{\"@type\":\"Organization\",\"@id\":\"https:\/\/vieassociative.be\/actualites\/#organization\",\"name\":\"Vie Associative\",\"url\":\"https:\/\/vieassociative.be\/actualites\/\",\"logo\":{\"@type\":\"ImageObject\",\"inLanguage\":\"fr-BE\",\"@id\":\"https:\/\/vieassociative.be\/actualites\/#\/schema\/logo\/image\/\",\"url\":\"https:\/\/vieassociative.be\/actualites\/wp-content\/uploads\/2024\/09\/cropped-vieassociative_favicon.ico.png\",\"contentUrl\":\"https:\/\/vieassociative.be\/actualites\/wp-content\/uploads\/2024\/09\/cropped-vieassociative_favicon.ico.png\",\"width\":512,\"height\":512,\"caption\":\"Vie Associative\"},\"image\":{\"@id\":\"https:\/\/vieassociative.be\/actualites\/#\/schema\/logo\/image\/\"}},{\"@type\":\"Person\",\"@id\":\"https:\/\/vieassociative.be\/actualites\/#\/schema\/person\/b87ac4f82f9d4e7b7cec7395b679edc4\",\"name\":\"Julien\",\"image\":{\"@type\":\"ImageObject\",\"inLanguage\":\"fr-BE\",\"@id\":\"https:\/\/vieassociative.be\/actualites\/#\/schema\/person\/image\/\",\"url\":\"https:\/\/vieassociative.be\/actualites\/wp-content\/uploads\/2024\/09\/vie-associative-1-150x150.jpg\",\"contentUrl\":\"https:\/\/vieassociative.be\/actualites\/wp-content\/uploads\/2024\/09\/vie-associative-1-150x150.jpg\",\"caption\":\"Julien\"},\"description\":\"Je suis Julien, r\u00e9dacteur pour Vie Associative. Passionn\u00e9 par le monde associatif depuis plus de 10 ans, j'ai \u00e0 c\u0153ur de partager des histoires inspirantes et de mettre en lumi\u00e8re les initiatives locales. Mon objectif est de sensibiliser et d'encourager l'engagement communautaire \u00e0 travers mes articles.\",\"sameAs\":[\"https:\/\/vieassociative.be\/\"]}]}<\/script>\n<!-- \/ Yoast SEO plugin. -->","yoast_head_json":{"title":"Deux jours de mesures g\u00e9oscientifiques d'environ 23 \u00e9tudiants de Rwth Aachen \u00e0 Eupen du 10 juin au 13, 2025 | Vie Associative","robots":{"index":"index","follow":"follow","max-snippet":"max-snippet:-1","max-image-preview":"max-image-preview:large","max-video-preview":"max-video-preview:-1"},"canonical":"https:\/\/vieassociative.be\/actualites\/deux-jours-de-mesures-geoscientifiques-denviron-23-etudiants-de-rwth-aachen-a-eupen-du-10-juin-au-13-2025\/","og_locale":"fr_FR","og_type":"article","og_title":"Deux jours de mesures g\u00e9oscientifiques d'environ 23 \u00e9tudiants de Rwth Aachen \u00e0 Eupen du 10 juin au 13, 2025 | Vie Associative","og_description":"Du 10 au 13 juin, 2025, les \u00e9tudiants de Rwth Aachen effectueront des mesures g\u00e9oscientifiques dans divers domaines du district d&rsquo;Eupen dans le cadre d&rsquo;un","og_url":"https:\/\/vieassociative.be\/actualites\/deux-jours-de-mesures-geoscientifiques-denviron-23-etudiants-de-rwth-aachen-a-eupen-du-10-juin-au-13-2025\/","og_site_name":"Vie Associative","article_published_time":"2025-06-06T02:17:49+00:00","og_image":[{"width":279,"height":92,"url":"https:\/\/vieassociative.be\/actualites\/wp-content\/uploads\/2024\/09\/header_backgroundk-01-e1726694325946.png","type":"image\/png"}],"author":"Julien","twitter_card":"summary_large_image","twitter_misc":{"\u00c9crit par":"Julien","Dur\u00e9e de lecture est.":"1 minute"},"schema":{"@context":"https:\/\/schema.org","@graph":[{"@type":"Article","@id":"https:\/\/vieassociative.be\/actualites\/deux-jours-de-mesures-geoscientifiques-denviron-23-etudiants-de-rwth-aachen-a-eupen-du-10-juin-au-13-2025\/#article","isPartOf":{"@id":"https:\/\/vieassociative.be\/actualites\/deux-jours-de-mesures-geoscientifiques-denviron-23-etudiants-de-rwth-aachen-a-eupen-du-10-juin-au-13-2025\/"},"author":{"name":"Julien","@id":"https:\/\/vieassociative.be\/actualites\/#\/schema\/person\/b87ac4f82f9d4e7b7cec7395b679edc4"},"headline":"Deux jours de mesures g\u00e9oscientifiques d&rsquo;environ 23 \u00e9tudiants de Rwth Aachen \u00e0 Eupen du 10 juin au 13, 2025","datePublished":"2025-06-06T02:17:49+00:00","dateModified":"2025-06-06T02:17:49+00:00","mainEntityOfPage":{"@id":"https:\/\/vieassociative.be\/actualites\/deux-jours-de-mesures-geoscientifiques-denviron-23-etudiants-de-rwth-aachen-a-eupen-du-10-juin-au-13-2025\/"},"wordCount":160,"publisher":{"@id":"https:\/\/vieassociative.be\/actualites\/#organization"},"image":{"@id":"https:\/\/vieassociative.be\/actualites\/deux-jours-de-mesures-geoscientifiques-denviron-23-etudiants-de-rwth-aachen-a-eupen-du-10-juin-au-13-2025\/#primaryimage"},"thumbnailUrl":"https:\/\/vieassociative.be\/actualites\/wp-content\/uploads\/2025\/06\/Deux-jours-de-mesures-geoscientifiques-denviron-23-etudiants-de-Rwth.jpg","keywords":["Aachen","denviron","deux","\u00e9tudiants","Eupen","g\u00e9oscientifiques","jours","juin","mesures","RWTH"],"articleSection":["Belgique"],"inLanguage":"fr-BE"},{"@type":"WebPage","@id":"https:\/\/vieassociative.be\/actualites\/deux-jours-de-mesures-geoscientifiques-denviron-23-etudiants-de-rwth-aachen-a-eupen-du-10-juin-au-13-2025\/","url":"https:\/\/vieassociative.be\/actualites\/deux-jours-de-mesures-geoscientifiques-denviron-23-etudiants-de-rwth-aachen-a-eupen-du-10-juin-au-13-2025\/","name":"Deux jours de mesures g\u00e9oscientifiques d'environ 23 \u00e9tudiants de Rwth Aachen \u00e0 Eupen du 10 juin au 13, 2025 | Vie Associative","isPartOf":{"@id":"https:\/\/vieassociative.be\/actualites\/#website"},"primaryImageOfPage":{"@id":"https:\/\/vieassociative.be\/actualites\/deux-jours-de-mesures-geoscientifiques-denviron-23-etudiants-de-rwth-aachen-a-eupen-du-10-juin-au-13-2025\/#primaryimage"},"image":{"@id":"https:\/\/vieassociative.be\/actualites\/deux-jours-de-mesures-geoscientifiques-denviron-23-etudiants-de-rwth-aachen-a-eupen-du-10-juin-au-13-2025\/#primaryimage"},"thumbnailUrl":"https:\/\/vieassociative.be\/actualites\/wp-content\/uploads\/2025\/06\/Deux-jours-de-mesures-geoscientifiques-denviron-23-etudiants-de-Rwth.jpg","datePublished":"2025-06-06T02:17:49+00:00","dateModified":"2025-06-06T02:17:49+00:00","breadcrumb":{"@id":"https:\/\/vieassociative.be\/actualites\/deux-jours-de-mesures-geoscientifiques-denviron-23-etudiants-de-rwth-aachen-a-eupen-du-10-juin-au-13-2025\/#breadcrumb"},"inLanguage":"fr-BE","potentialAction":[{"@type":"ReadAction","target":["https:\/\/vieassociative.be\/actualites\/deux-jours-de-mesures-geoscientifiques-denviron-23-etudiants-de-rwth-aachen-a-eupen-du-10-juin-au-13-2025\/"]}]},{"@type":"ImageObject","inLanguage":"fr-BE","@id":"https:\/\/vieassociative.be\/actualites\/deux-jours-de-mesures-geoscientifiques-denviron-23-etudiants-de-rwth-aachen-a-eupen-du-10-juin-au-13-2025\/#primaryimage","url":"https:\/\/vieassociative.be\/actualites\/wp-content\/uploads\/2025\/06\/Deux-jours-de-mesures-geoscientifiques-denviron-23-etudiants-de-Rwth.jpg","contentUrl":"https:\/\/vieassociative.be\/actualites\/wp-content\/uploads\/2025\/06\/Deux-jours-de-mesures-geoscientifiques-denviron-23-etudiants-de-Rwth.jpg","width":1200,"height":900,"caption":"Deux jours de mesures g\u00e9oscientifiques d'environ 23 \u00e9tudiants de Rwth Aachen \u00e0 Eupen du 10 juin au 13, 2025"},{"@type":"BreadcrumbList","@id":"https:\/\/vieassociative.be\/actualites\/deux-jours-de-mesures-geoscientifiques-denviron-23-etudiants-de-rwth-aachen-a-eupen-du-10-juin-au-13-2025\/#breadcrumb","itemListElement":[{"@type":"ListItem","position":1,"name":"Accueil","item":"https:\/\/vieassociative.be\/actualites\/"},{"@type":"ListItem","position":2,"name":"Deux jours de mesures g\u00e9oscientifiques d&rsquo;environ 23 \u00e9tudiants de Rwth Aachen \u00e0 Eupen du 10 juin au 13, 2025"}]},{"@type":"WebSite","@id":"https:\/\/vieassociative.be\/actualites\/#website","url":"https:\/\/vieassociative.be\/actualites\/","name":"Vie Associative","description":"","publisher":{"@id":"https:\/\/vieassociative.be\/actualites\/#organization"},"potentialAction":[{"@type":"SearchAction","target":{"@type":"EntryPoint","urlTemplate":"https:\/\/vieassociative.be\/actualites\/?s={search_term_string}"},"query-input":{"@type":"PropertyValueSpecification","valueRequired":true,"valueName":"search_term_string"}}],"inLanguage":"fr-BE"},{"@type":"Organization","@id":"https:\/\/vieassociative.be\/actualites\/#organization","name":"Vie Associative","url":"https:\/\/vieassociative.be\/actualites\/","logo":{"@type":"ImageObject","inLanguage":"fr-BE","@id":"https:\/\/vieassociative.be\/actualites\/#\/schema\/logo\/image\/","url":"https:\/\/vieassociative.be\/actualites\/wp-content\/uploads\/2024\/09\/cropped-vieassociative_favicon.ico.png","contentUrl":"https:\/\/vieassociative.be\/actualites\/wp-content\/uploads\/2024\/09\/cropped-vieassociative_favicon.ico.png","width":512,"height":512,"caption":"Vie Associative"},"image":{"@id":"https:\/\/vieassociative.be\/actualites\/#\/schema\/logo\/image\/"}},{"@type":"Person","@id":"https:\/\/vieassociative.be\/actualites\/#\/schema\/person\/b87ac4f82f9d4e7b7cec7395b679edc4","name":"Julien","image":{"@type":"ImageObject","inLanguage":"fr-BE","@id":"https:\/\/vieassociative.be\/actualites\/#\/schema\/person\/image\/","url":"https:\/\/vieassociative.be\/actualites\/wp-content\/uploads\/2024\/09\/vie-associative-1-150x150.jpg","contentUrl":"https:\/\/vieassociative.be\/actualites\/wp-content\/uploads\/2024\/09\/vie-associative-1-150x150.jpg","caption":"Julien"},"description":"Je suis Julien, r\u00e9dacteur pour Vie Associative. Passionn\u00e9 par le monde associatif depuis plus de 10 ans, j'ai \u00e0 c\u0153ur de partager des histoires inspirantes et de mettre en lumi\u00e8re les initiatives locales. Mon objectif est de sensibiliser et d'encourager l'engagement communautaire \u00e0 travers mes articles.","sameAs":["https:\/\/vieassociative.be\/"]}]}},"_links":{"self":[{"href":"https:\/\/vieassociative.be\/actualites\/wp-json\/wp\/v2\/posts\/8011"}],"collection":[{"href":"https:\/\/vieassociative.be\/actualites\/wp-json\/wp\/v2\/posts"}],"about":[{"href":"https:\/\/vieassociative.be\/actualites\/wp-json\/wp\/v2\/types\/post"}],"author":[{"embeddable":true,"href":"https:\/\/vieassociative.be\/actualites\/wp-json\/wp\/v2\/users\/1"}],"replies":[{"embeddable":true,"href":"https:\/\/vieassociative.be\/actualites\/wp-json\/wp\/v2\/comments?post=8011"}],"version-history":[{"count":0,"href":"https:\/\/vieassociative.be\/actualites\/wp-json\/wp\/v2\/posts\/8011\/revisions"}],"wp:featuredmedia":[{"embeddable":true,"href":"https:\/\/vieassociative.be\/actualites\/wp-json\/wp\/v2\/media\/8012"}],"wp:attachment":[{"href":"https:\/\/vieassociative.be\/actualites\/wp-json\/wp\/v2\/media?parent=8011"}],"wp:term":[{"taxonomy":"category","embeddable":true,"href":"https:\/\/vieassociative.be\/actualites\/wp-json\/wp\/v2\/categories?post=8011"},{"taxonomy":"post_tag","embeddable":true,"href":"https:\/\/vieassociative.be\/actualites\/wp-json\/wp\/v2\/tags?post=8011"}],"curies":[{"name":"wp","href":"https:\/\/api.w.org\/{rel}","templated":true}]}}